{"id":115023,"date":"2025-02-26T16:30:06","date_gmt":"2025-02-26T19:30:06","guid":{"rendered":"https:\/\/regiaonews.net.br\/2022\/?p=115023"},"modified":"2025-02-26T16:30:06","modified_gmt":"2025-02-26T19:30:06","slug":"carnaval-tributario-a-importancia-da-reforma-e-como-reduzir-impostos","status":"publish","type":"post","link":"https:\/\/regiaonews.net.br\/2022\/2025\/02\/26\/carnaval-tributario-a-importancia-da-reforma-e-como-reduzir-impostos\/","title":{"rendered":"Carnaval Tributa\u0301rio: A importa\u0302ncia da Reforma e como reduzir impostos"},"content":{"rendered":"<p>Por Ana Franco Toledo \u2013 advogada so\u0301cia no escrito\u0301rio Dosso Toledo Advogados<\/p>\n<p>O sistema tributa\u0301rio brasileiro e\u0301 frequentemente comparado a um verdadeiro carnaval: complexo, repleto de regras e exigindo malabarismos para manter a conformidade. O pai\u0301s possui uma das cargas tributa\u0301rias mais elevadas do mundo, com um sistema burocra\u0301tico que impo\u0303e altos custos administrativos para empresas.<\/p>\n<p>Entre os principais desafios enfrentados esta\u0303o o excesso de tributos e obrigac\u0327o\u0303es acesso\u0301rias, a complexidade na apurac\u0327a\u0303o e recolhimento dos impostos, inseguranc\u0327a juri\u0301dica devido a\u0300s constantes mudanc\u0327as na legislac\u0327a\u0303o e a alta carga tributa\u0301ria que impacta a competitividade das empresas.<\/p>\n<p>A reforma tributa\u0301ria visa unificar tributos, reduzir a burocracia e proporcionar maior previsibilidade para os contribuintes, ale\u0301m de evitar impostos em cascata. Com um sistema mais eficiente, empresas poderiam investir mais no crescimento e na gerac\u0327a\u0303o de empregos.<\/p>\n<p>Pore\u0301m, enquanto a reforma na\u0303o se concretiza, os empresa\u0301rios podem adotar algumas estrate\u0301gias para reduzir sua carga tributa\u0301ria dentro da legalidade. Escolher o regime tributa\u0301rio adequado pode ser um diferencial. Ja\u0301 o planejamento tributa\u0301rio pode favorecer o caixa de empresas, permitindo maior avanc\u0327o. Outra sugesta\u0303o e\u0301 aproveitar benefi\u0301cios fiscais, ale\u0301m de automatizac\u0327a\u0303o e compliance fiscal.<\/p>\n<p>Se o atual sistema tributa\u0301rio brasileiro impo\u0303e desafios significativos para empresas, tornando essencial a implementac\u0327a\u0303o de uma reforma estruturada, uma equipe juri\u0301dica especializada pode permitir maior respiro por parte dos empresa\u0301rios, sendo pilar estrate\u0301gico essencial para quem pensa em avanc\u0327ar. Com conhecimento e boas pra\u0301ticas, e\u0301 possi\u0301vel transformar esse verdadeiro &#8220;Carnaval Tributa\u0301rio&#8221; em uma festa de oportunidades para\u00a0os\u00a0nego\u0301cios.<\/p>\n","protected":false},"excerpt":{"rendered":"<p>Por Ana Franco Toledo \u2013 advogada so\u0301cia no escrito\u0301rio Dosso<\/p>\n","protected":false},"author":2,"featured_media":115024,"comment_status":"open","ping_status":"open","sticky":false,"template":"","format":"standard","meta":{"footnotes":""},"categories":[14,3],"tags":[],"class_list":["post-115023","post","type-post","status-publish","format-standard","has-post-thumbnail","hentry","category-barretos","category-geral"],"yoast_head":"<!-- This site is optimized with the Yoast SEO plugin v27.4 - https:\/\/yoast.com\/product\/yoast-seo-wordpress\/ -->\n<title>Carnaval Tributa\u0301rio: A importa\u0302ncia da Reforma e como reduzir impostos - Regi\u00e3o News<\/title>\n<meta name=\"robots\" content=\"index, follow, max-snippet:-1, max-image-preview:large, max-video-preview:-1\" \/>\n<link rel=\"canonical\" href=\"https:\/\/regiaonews.net.br\/2022\/2025\/02\/26\/carnaval-tributario-a-importancia-da-reforma-e-como-reduzir-impostos\/\" \/>\n<meta property=\"og:locale\" content=\"pt_BR\" \/>\n<meta property=\"og:type\" content=\"article\" \/>\n<meta property=\"og:title\" content=\"Carnaval Tributa\u0301rio: A importa\u0302ncia da Reforma e como reduzir impostos - Regi\u00e3o News\" \/>\n<meta property=\"og:description\" content=\"Por Ana Franco Toledo \u2013 advogada so\u0301cia no escrito\u0301rio Dosso\" \/>\n<meta property=\"og:url\" content=\"https:\/\/regiaonews.net.br\/2022\/2025\/02\/26\/carnaval-tributario-a-importancia-da-reforma-e-como-reduzir-impostos\/\" \/>\n<meta property=\"og:site_name\" content=\"Regi\u00e3o News\" \/>\n<meta property=\"article:published_time\" content=\"2025-02-26T19:30:06+00:00\" \/>\n<meta property=\"og:image\" content=\"https:\/\/regiaonews.net.br\/2022\/wp-content\/uploads\/2025\/02\/Imagem-do-WhatsApp-de-2025-02-26-as-10.44.26_61a380c4.jpg\" \/>\n\t<meta property=\"og:image:width\" content=\"1200\" \/>\n\t<meta property=\"og:image:height\" content=\"720\" \/>\n\t<meta property=\"og:image:type\" content=\"image\/jpeg\" \/>\n<meta name=\"author\" content=\"Roberto\" \/>\n<meta name=\"twitter:card\" content=\"summary_large_image\" \/>\n<meta name=\"twitter:label1\" content=\"Escrito por\" \/>\n\t<meta name=\"twitter:data1\" content=\"Roberto\" \/>\n\t<meta name=\"twitter:label2\" content=\"Est. tempo de leitura\" \/>\n\t<meta name=\"twitter:data2\" content=\"2 minutos\" \/>\n<script type=\"application\/ld+json\" class=\"yoast-schema-graph\">{\"@context\":\"https:\\\/\\\/schema.org\",\"@graph\":[{\"@type\":\"Article\",\"@id\":\"https:\\\/\\\/regiaonews.net.br\\\/2022\\\/2025\\\/02\\\/26\\\/carnaval-tributario-a-importancia-da-reforma-e-como-reduzir-impostos\\\/#article\",\"isPartOf\":{\"@id\":\"https:\\\/\\\/regiaonews.net.br\\\/2022\\\/2025\\\/02\\\/26\\\/carnaval-tributario-a-importancia-da-reforma-e-como-reduzir-impostos\\\/\"},\"author\":{\"name\":\"Roberto\",\"@id\":\"https:\\\/\\\/regiaonews.net.br\\\/2022\\\/#\\\/schema\\\/person\\\/2d205a608a5aa97ac279d7a5e6d89ad8\"},\"headline\":\"Carnaval Tributa\u0301rio: A importa\u0302ncia da Reforma e como reduzir impostos\",\"datePublished\":\"2025-02-26T19:30:06+00:00\",\"mainEntityOfPage\":{\"@id\":\"https:\\\/\\\/regiaonews.net.br\\\/2022\\\/2025\\\/02\\\/26\\\/carnaval-tributario-a-importancia-da-reforma-e-como-reduzir-impostos\\\/\"},\"wordCount\":309,\"commentCount\":0,\"publisher\":{\"@id\":\"https:\\\/\\\/regiaonews.net.br\\\/2022\\\/#organization\"},\"image\":{\"@id\":\"https:\\\/\\\/regiaonews.net.br\\\/2022\\\/2025\\\/02\\\/26\\\/carnaval-tributario-a-importancia-da-reforma-e-como-reduzir-impostos\\\/#primaryimage\"},\"thumbnailUrl\":\"https:\\\/\\\/regiaonews.net.br\\\/2022\\\/wp-content\\\/uploads\\\/2025\\\/02\\\/Imagem-do-WhatsApp-de-2025-02-26-as-10.44.26_61a380c4.jpg\",\"articleSection\":[\"Barretos\",\"Geral\"],\"inLanguage\":\"pt-BR\",\"potentialAction\":[{\"@type\":\"CommentAction\",\"name\":\"Comment\",\"target\":[\"https:\\\/\\\/regiaonews.net.br\\\/2022\\\/2025\\\/02\\\/26\\\/carnaval-tributario-a-importancia-da-reforma-e-como-reduzir-impostos\\\/#respond\"]}]},{\"@type\":\"WebPage\",\"@id\":\"https:\\\/\\\/regiaonews.net.br\\\/2022\\\/2025\\\/02\\\/26\\\/carnaval-tributario-a-importancia-da-reforma-e-como-reduzir-impostos\\\/\",\"url\":\"https:\\\/\\\/regiaonews.net.br\\\/2022\\\/2025\\\/02\\\/26\\\/carnaval-tributario-a-importancia-da-reforma-e-como-reduzir-impostos\\\/\",\"name\":\"Carnaval Tributa\u0301rio: A importa\u0302ncia da Reforma e como reduzir impostos - Regi\u00e3o News\",\"isPartOf\":{\"@id\":\"https:\\\/\\\/regiaonews.net.br\\\/2022\\\/#website\"},\"primaryImageOfPage\":{\"@id\":\"https:\\\/\\\/regiaonews.net.br\\\/2022\\\/2025\\\/02\\\/26\\\/carnaval-tributario-a-importancia-da-reforma-e-como-reduzir-impostos\\\/#primaryimage\"},\"image\":{\"@id\":\"https:\\\/\\\/regiaonews.net.br\\\/2022\\\/2025\\\/02\\\/26\\\/carnaval-tributario-a-importancia-da-reforma-e-como-reduzir-impostos\\\/#primaryimage\"},\"thumbnailUrl\":\"https:\\\/\\\/regiaonews.net.br\\\/2022\\\/wp-content\\\/uploads\\\/2025\\\/02\\\/Imagem-do-WhatsApp-de-2025-02-26-as-10.44.26_61a380c4.jpg\",\"datePublished\":\"2025-02-26T19:30:06+00:00\",\"breadcrumb\":{\"@id\":\"https:\\\/\\\/regiaonews.net.br\\\/2022\\\/2025\\\/02\\\/26\\\/carnaval-tributario-a-importancia-da-reforma-e-como-reduzir-impostos\\\/#breadcrumb\"},\"inLanguage\":\"pt-BR\",\"potentialAction\":[{\"@type\":\"ReadAction\",\"target\":[\"https:\\\/\\\/regiaonews.net.br\\\/2022\\\/2025\\\/02\\\/26\\\/carnaval-tributario-a-importancia-da-reforma-e-como-reduzir-impostos\\\/\"]}]},{\"@type\":\"ImageObject\",\"inLanguage\":\"pt-BR\",\"@id\":\"https:\\\/\\\/regiaonews.net.br\\\/2022\\\/2025\\\/02\\\/26\\\/carnaval-tributario-a-importancia-da-reforma-e-como-reduzir-impostos\\\/#primaryimage\",\"url\":\"https:\\\/\\\/regiaonews.net.br\\\/2022\\\/wp-content\\\/uploads\\\/2025\\\/02\\\/Imagem-do-WhatsApp-de-2025-02-26-as-10.44.26_61a380c4.jpg\",\"contentUrl\":\"https:\\\/\\\/regiaonews.net.br\\\/2022\\\/wp-content\\\/uploads\\\/2025\\\/02\\\/Imagem-do-WhatsApp-de-2025-02-26-as-10.44.26_61a380c4.jpg\",\"width\":1200,\"height\":720},{\"@type\":\"BreadcrumbList\",\"@id\":\"https:\\\/\\\/regiaonews.net.br\\\/2022\\\/2025\\\/02\\\/26\\\/carnaval-tributario-a-importancia-da-reforma-e-como-reduzir-impostos\\\/#breadcrumb\",\"itemListElement\":[{\"@type\":\"ListItem\",\"position\":1,\"name\":\"In\u00edcio\",\"item\":\"https:\\\/\\\/regiaonews.net.br\\\/2022\\\/\"},{\"@type\":\"ListItem\",\"position\":2,\"name\":\"Carnaval Tributa\u0301rio: A importa\u0302ncia da Reforma e como reduzir impostos\"}]},{\"@type\":\"WebSite\",\"@id\":\"https:\\\/\\\/regiaonews.net.br\\\/2022\\\/#website\",\"url\":\"https:\\\/\\\/regiaonews.net.br\\\/2022\\\/\",\"name\":\"Regi\u00e3o News\",\"description\":\"Site de Not\u00edcias de Barretos e regi\u00e3o\",\"publisher\":{\"@id\":\"https:\\\/\\\/regiaonews.net.br\\\/2022\\\/#organization\"},\"potentialAction\":[{\"@type\":\"SearchAction\",\"target\":{\"@type\":\"EntryPoint\",\"urlTemplate\":\"https:\\\/\\\/regiaonews.net.br\\\/2022\\\/?s={search_term_string}\"},\"query-input\":{\"@type\":\"PropertyValueSpecification\",\"valueRequired\":true,\"valueName\":\"search_term_string\"}}],\"inLanguage\":\"pt-BR\"},{\"@type\":\"Organization\",\"@id\":\"https:\\\/\\\/regiaonews.net.br\\\/2022\\\/#organization\",\"name\":\"Regi\u00e3o News\",\"url\":\"https:\\\/\\\/regiaonews.net.br\\\/2022\\\/\",\"logo\":{\"@type\":\"ImageObject\",\"inLanguage\":\"pt-BR\",\"@id\":\"https:\\\/\\\/regiaonews.net.br\\\/2022\\\/#\\\/schema\\\/logo\\\/image\\\/\",\"url\":\"https:\\\/\\\/regiaonews.net.br\\\/2022\\\/wp-content\\\/uploads\\\/2026\\\/03\\\/regiao-13-anos-scaled.jpg\",\"contentUrl\":\"https:\\\/\\\/regiaonews.net.br\\\/2022\\\/wp-content\\\/uploads\\\/2026\\\/03\\\/regiao-13-anos-scaled.jpg\",\"width\":2560,\"height\":635,\"caption\":\"Regi\u00e3o News\"},\"image\":{\"@id\":\"https:\\\/\\\/regiaonews.net.br\\\/2022\\\/#\\\/schema\\\/logo\\\/image\\\/\"}},{\"@type\":\"Person\",\"@id\":\"https:\\\/\\\/regiaonews.net.br\\\/2022\\\/#\\\/schema\\\/person\\\/2d205a608a5aa97ac279d7a5e6d89ad8\",\"name\":\"Roberto\",\"image\":{\"@type\":\"ImageObject\",\"inLanguage\":\"pt-BR\",\"@id\":\"https:\\\/\\\/secure.gravatar.com\\\/avatar\\\/42749d8b712ff9d59ca93dc150494e5b55a44134482993f5baeb97e61b7ecc89?s=96&d=mm&r=g\",\"url\":\"https:\\\/\\\/secure.gravatar.com\\\/avatar\\\/42749d8b712ff9d59ca93dc150494e5b55a44134482993f5baeb97e61b7ecc89?s=96&d=mm&r=g\",\"contentUrl\":\"https:\\\/\\\/secure.gravatar.com\\\/avatar\\\/42749d8b712ff9d59ca93dc150494e5b55a44134482993f5baeb97e61b7ecc89?s=96&d=mm&r=g\",\"caption\":\"Roberto\"},\"url\":\"https:\\\/\\\/regiaonews.net.br\\\/2022\\\/author\\\/roberto\\\/\"}]}<\/script>\n<!-- \/ Yoast SEO plugin. -->","yoast_head_json":{"title":"Carnaval Tributa\u0301rio: A importa\u0302ncia da Reforma e como reduzir impostos - Regi\u00e3o News","robots":{"index":"index","follow":"follow","max-snippet":"max-snippet:-1","max-image-preview":"max-image-preview:large","max-video-preview":"max-video-preview:-1"},"canonical":"https:\/\/regiaonews.net.br\/2022\/2025\/02\/26\/carnaval-tributario-a-importancia-da-reforma-e-como-reduzir-impostos\/","og_locale":"pt_BR","og_type":"article","og_title":"Carnaval Tributa\u0301rio: A importa\u0302ncia da Reforma e como reduzir impostos - Regi\u00e3o News","og_description":"Por Ana Franco Toledo \u2013 advogada so\u0301cia no escrito\u0301rio Dosso","og_url":"https:\/\/regiaonews.net.br\/2022\/2025\/02\/26\/carnaval-tributario-a-importancia-da-reforma-e-como-reduzir-impostos\/","og_site_name":"Regi\u00e3o News","article_published_time":"2025-02-26T19:30:06+00:00","og_image":[{"width":1200,"height":720,"url":"https:\/\/regiaonews.net.br\/2022\/wp-content\/uploads\/2025\/02\/Imagem-do-WhatsApp-de-2025-02-26-as-10.44.26_61a380c4.jpg","type":"image\/jpeg"}],"author":"Roberto","twitter_card":"summary_large_image","twitter_misc":{"Escrito por":"Roberto","Est. tempo de leitura":"2 minutos"},"schema":{"@context":"https:\/\/schema.org","@graph":[{"@type":"Article","@id":"https:\/\/regiaonews.net.br\/2022\/2025\/02\/26\/carnaval-tributario-a-importancia-da-reforma-e-como-reduzir-impostos\/#article","isPartOf":{"@id":"https:\/\/regiaonews.net.br\/2022\/2025\/02\/26\/carnaval-tributario-a-importancia-da-reforma-e-como-reduzir-impostos\/"},"author":{"name":"Roberto","@id":"https:\/\/regiaonews.net.br\/2022\/#\/schema\/person\/2d205a608a5aa97ac279d7a5e6d89ad8"},"headline":"Carnaval Tributa\u0301rio: A importa\u0302ncia da Reforma e como reduzir impostos","datePublished":"2025-02-26T19:30:06+00:00","mainEntityOfPage":{"@id":"https:\/\/regiaonews.net.br\/2022\/2025\/02\/26\/carnaval-tributario-a-importancia-da-reforma-e-como-reduzir-impostos\/"},"wordCount":309,"commentCount":0,"publisher":{"@id":"https:\/\/regiaonews.net.br\/2022\/#organization"},"image":{"@id":"https:\/\/regiaonews.net.br\/2022\/2025\/02\/26\/carnaval-tributario-a-importancia-da-reforma-e-como-reduzir-impostos\/#primaryimage"},"thumbnailUrl":"https:\/\/regiaonews.net.br\/2022\/wp-content\/uploads\/2025\/02\/Imagem-do-WhatsApp-de-2025-02-26-as-10.44.26_61a380c4.jpg","articleSection":["Barretos","Geral"],"inLanguage":"pt-BR","potentialAction":[{"@type":"CommentAction","name":"Comment","target":["https:\/\/regiaonews.net.br\/2022\/2025\/02\/26\/carnaval-tributario-a-importancia-da-reforma-e-como-reduzir-impostos\/#respond"]}]},{"@type":"WebPage","@id":"https:\/\/regiaonews.net.br\/2022\/2025\/02\/26\/carnaval-tributario-a-importancia-da-reforma-e-como-reduzir-impostos\/","url":"https:\/\/regiaonews.net.br\/2022\/2025\/02\/26\/carnaval-tributario-a-importancia-da-reforma-e-como-reduzir-impostos\/","name":"Carnaval Tributa\u0301rio: A importa\u0302ncia da Reforma e como reduzir impostos - Regi\u00e3o News","isPartOf":{"@id":"https:\/\/regiaonews.net.br\/2022\/#website"},"primaryImageOfPage":{"@id":"https:\/\/regiaonews.net.br\/2022\/2025\/02\/26\/carnaval-tributario-a-importancia-da-reforma-e-como-reduzir-impostos\/#primaryimage"},"image":{"@id":"https:\/\/regiaonews.net.br\/2022\/2025\/02\/26\/carnaval-tributario-a-importancia-da-reforma-e-como-reduzir-impostos\/#primaryimage"},"thumbnailUrl":"https:\/\/regiaonews.net.br\/2022\/wp-content\/uploads\/2025\/02\/Imagem-do-WhatsApp-de-2025-02-26-as-10.44.26_61a380c4.jpg","datePublished":"2025-02-26T19:30:06+00:00","breadcrumb":{"@id":"https:\/\/regiaonews.net.br\/2022\/2025\/02\/26\/carnaval-tributario-a-importancia-da-reforma-e-como-reduzir-impostos\/#breadcrumb"},"inLanguage":"pt-BR","potentialAction":[{"@type":"ReadAction","target":["https:\/\/regiaonews.net.br\/2022\/2025\/02\/26\/carnaval-tributario-a-importancia-da-reforma-e-como-reduzir-impostos\/"]}]},{"@type":"ImageObject","inLanguage":"pt-BR","@id":"https:\/\/regiaonews.net.br\/2022\/2025\/02\/26\/carnaval-tributario-a-importancia-da-reforma-e-como-reduzir-impostos\/#primaryimage","url":"https:\/\/regiaonews.net.br\/2022\/wp-content\/uploads\/2025\/02\/Imagem-do-WhatsApp-de-2025-02-26-as-10.44.26_61a380c4.jpg","contentUrl":"https:\/\/regiaonews.net.br\/2022\/wp-content\/uploads\/2025\/02\/Imagem-do-WhatsApp-de-2025-02-26-as-10.44.26_61a380c4.jpg","width":1200,"height":720},{"@type":"BreadcrumbList","@id":"https:\/\/regiaonews.net.br\/2022\/2025\/02\/26\/carnaval-tributario-a-importancia-da-reforma-e-como-reduzir-impostos\/#breadcrumb","itemListElement":[{"@type":"ListItem","position":1,"name":"In\u00edcio","item":"https:\/\/regiaonews.net.br\/2022\/"},{"@type":"ListItem","position":2,"name":"Carnaval Tributa\u0301rio: A importa\u0302ncia da Reforma e como reduzir impostos"}]},{"@type":"WebSite","@id":"https:\/\/regiaonews.net.br\/2022\/#website","url":"https:\/\/regiaonews.net.br\/2022\/","name":"Regi\u00e3o News","description":"Site de Not\u00edcias de Barretos e regi\u00e3o","publisher":{"@id":"https:\/\/regiaonews.net.br\/2022\/#organization"},"potentialAction":[{"@type":"SearchAction","target":{"@type":"EntryPoint","urlTemplate":"https:\/\/regiaonews.net.br\/2022\/?s={search_term_string}"},"query-input":{"@type":"PropertyValueSpecification","valueRequired":true,"valueName":"search_term_string"}}],"inLanguage":"pt-BR"},{"@type":"Organization","@id":"https:\/\/regiaonews.net.br\/2022\/#organization","name":"Regi\u00e3o News","url":"https:\/\/regiaonews.net.br\/2022\/","logo":{"@type":"ImageObject","inLanguage":"pt-BR","@id":"https:\/\/regiaonews.net.br\/2022\/#\/schema\/logo\/image\/","url":"https:\/\/regiaonews.net.br\/2022\/wp-content\/uploads\/2026\/03\/regiao-13-anos-scaled.jpg","contentUrl":"https:\/\/regiaonews.net.br\/2022\/wp-content\/uploads\/2026\/03\/regiao-13-anos-scaled.jpg","width":2560,"height":635,"caption":"Regi\u00e3o News"},"image":{"@id":"https:\/\/regiaonews.net.br\/2022\/#\/schema\/logo\/image\/"}},{"@type":"Person","@id":"https:\/\/regiaonews.net.br\/2022\/#\/schema\/person\/2d205a608a5aa97ac279d7a5e6d89ad8","name":"Roberto","image":{"@type":"ImageObject","inLanguage":"pt-BR","@id":"https:\/\/secure.gravatar.com\/avatar\/42749d8b712ff9d59ca93dc150494e5b55a44134482993f5baeb97e61b7ecc89?s=96&d=mm&r=g","url":"https:\/\/secure.gravatar.com\/avatar\/42749d8b712ff9d59ca93dc150494e5b55a44134482993f5baeb97e61b7ecc89?s=96&d=mm&r=g","contentUrl":"https:\/\/secure.gravatar.com\/avatar\/42749d8b712ff9d59ca93dc150494e5b55a44134482993f5baeb97e61b7ecc89?s=96&d=mm&r=g","caption":"Roberto"},"url":"https:\/\/regiaonews.net.br\/2022\/author\/roberto\/"}]}},"publishpress_future_action":{"enabled":false,"date":"2026-05-02 01:11:02","action":"change-status","newStatus":"draft","terms":[],"taxonomy":"category","extraData":[]},"publishpress_future_workflow_manual_trigger":{"enabledWorkflows":[]},"_links":{"self":[{"href":"https:\/\/regiaonews.net.br\/2022\/wp-json\/wp\/v2\/posts\/115023","targetHints":{"allow":["GET"]}}],"collection":[{"href":"https:\/\/regiaonews.net.br\/2022\/wp-json\/wp\/v2\/posts"}],"about":[{"href":"https:\/\/regiaonews.net.br\/2022\/wp-json\/wp\/v2\/types\/post"}],"author":[{"embeddable":true,"href":"https:\/\/regiaonews.net.br\/2022\/wp-json\/wp\/v2\/users\/2"}],"replies":[{"embeddable":true,"href":"https:\/\/regiaonews.net.br\/2022\/wp-json\/wp\/v2\/comments?post=115023"}],"version-history":[{"count":1,"href":"https:\/\/regiaonews.net.br\/2022\/wp-json\/wp\/v2\/posts\/115023\/revisions"}],"predecessor-version":[{"id":115025,"href":"https:\/\/regiaonews.net.br\/2022\/wp-json\/wp\/v2\/posts\/115023\/revisions\/115025"}],"wp:featuredmedia":[{"embeddable":true,"href":"https:\/\/regiaonews.net.br\/2022\/wp-json\/wp\/v2\/media\/115024"}],"wp:attachment":[{"href":"https:\/\/regiaonews.net.br\/2022\/wp-json\/wp\/v2\/media?parent=115023"}],"wp:term":[{"taxonomy":"category","embeddable":true,"href":"https:\/\/regiaonews.net.br\/2022\/wp-json\/wp\/v2\/categories?post=115023"},{"taxonomy":"post_tag","embeddable":true,"href":"https:\/\/regiaonews.net.br\/2022\/wp-json\/wp\/v2\/tags?post=115023"}],"curies":[{"name":"wp","href":"https:\/\/api.w.org\/{rel}","templated":true}]}}