{"id":114827,"date":"2025-02-21T10:07:17","date_gmt":"2025-02-21T13:07:17","guid":{"rendered":"https:\/\/regiaonews.net.br\/2022\/?p=114827"},"modified":"2025-02-21T10:07:17","modified_gmt":"2025-02-21T13:07:17","slug":"policia-localiza-veiculo-e-objetos-apos-furto-em-fazenda","status":"publish","type":"post","link":"https:\/\/regiaonews.net.br\/2022\/2025\/02\/21\/policia-localiza-veiculo-e-objetos-apos-furto-em-fazenda\/","title":{"rendered":"Pol\u00edcia localiza ve\u00edculo e objetos ap\u00f3s furto em fazenda"},"content":{"rendered":"<p>Criminosos ap\u00f3s furto em uma fazenda abandonaram o ve\u00edculo utilizado no crime e os objetos subtra\u00eddos durante a fuga, pela rodovia Assis Chateaubriand em Barretos, na noite de quarta \u2013 feira (19). A Pol\u00edcia Militar foi acionada pelo propriet\u00e1rio de uma fazenda localizada na vicinal Pedro Vicentini.<\/p>\n<p>A v\u00edtima informou que foi avisada por seu funcion\u00e1rio, que estaria escutando barulho de batidas em algum ferro. De imediato entrou pelo celular no aplicativo das c\u00e2meras de vigil\u00e2ncia em tempo real e constatou que tr\u00eas homens com os rostos parcialmente cobertos com camiseta adentraram a fazenda arrombaram e estavam no interior do barrac\u00e3o, subtraindo maquin\u00e1rios.<\/p>\n<p>O fazendeiro deslocou-se at\u00e9 a unidade rural e quando trafegava pela vicinal Pedro Vicentini, cruzou com uma Fiat Strada branca no sentido contr\u00e1rio, por n\u00e3o reconhecer o ve\u00edculo, retornou a passou a realizar o acompanhamento. Os ocupantes da camioneta ao perceberem que estava sendo seguidos iniciaram fuga, abandonando o ve\u00edculo no km 107 da rodovia Assis Chateaubriand, pr\u00f3ximo a fazenda Nelore, e ainda dispensaram os objetos subtra\u00eddos no meio do canavial.<\/p>\n<p>A v\u00edtima com aux\u00edlio dos policiais militares Borges e Teles e dos funcion\u00e1rios de sua fazenda, conseguiu recuperar o inversor de energia solar, 1 moto poda, 1 moto serra, al\u00e9m da ro\u00e7adeira de m\u00e3o, 5 rolos de fia\u00e7\u00e3o de energia solar e uma lixadeira.<\/p>\n<p>&nbsp;<\/p>\n<p>A Fiat Strada foi apreendida, juntamente com algumas ferramentas utilizadas pelos criminosos no furto, entre elas \u201cp\u00e9 de cabra\u201d, alicate de press\u00e3o e duas chaves de fenda.<\/p>\n<p>&nbsp;<\/p>\n<p>A Pol\u00edcia Civil atrav\u00e9s da DIG e da Central de Pol\u00edcia Judici\u00e1ria deve investigar o caso.<\/p>\n","protected":false},"excerpt":{"rendered":"<p>Criminosos ap\u00f3s furto em uma fazenda abandonaram o ve\u00edculo utilizado<\/p>\n","protected":false},"author":2,"featured_media":114828,"comment_status":"open","ping_status":"open","sticky":false,"template":"","format":"standard","meta":{"footnotes":""},"categories":[14,23],"tags":[],"class_list":["post-114827","post","type-post","status-publish","format-standard","has-post-thumbnail","hentry","category-barretos","category-policia"],"yoast_head":"<!-- This site is optimized with the Yoast SEO plugin v27.4 - https:\/\/yoast.com\/product\/yoast-seo-wordpress\/ -->\n<title>Pol\u00edcia localiza ve\u00edculo e objetos ap\u00f3s furto em fazenda - Regi\u00e3o News<\/title>\n<meta name=\"robots\" content=\"index, follow, max-snippet:-1, max-image-preview:large, max-video-preview:-1\" \/>\n<link rel=\"canonical\" href=\"https:\/\/regiaonews.net.br\/2022\/2025\/02\/21\/policia-localiza-veiculo-e-objetos-apos-furto-em-fazenda\/\" \/>\n<meta property=\"og:locale\" content=\"pt_BR\" \/>\n<meta property=\"og:type\" content=\"article\" \/>\n<meta property=\"og:title\" content=\"Pol\u00edcia localiza ve\u00edculo e objetos ap\u00f3s furto em fazenda - Regi\u00e3o News\" \/>\n<meta property=\"og:description\" content=\"Criminosos ap\u00f3s furto em uma fazenda abandonaram o ve\u00edculo utilizado\" \/>\n<meta property=\"og:url\" content=\"https:\/\/regiaonews.net.br\/2022\/2025\/02\/21\/policia-localiza-veiculo-e-objetos-apos-furto-em-fazenda\/\" \/>\n<meta property=\"og:site_name\" content=\"Regi\u00e3o News\" \/>\n<meta property=\"article:published_time\" content=\"2025-02-21T13:07:17+00:00\" \/>\n<meta property=\"og:image\" content=\"https:\/\/regiaonews.net.br\/2022\/wp-content\/uploads\/2025\/02\/WhatsApp-Image-2025-02-20-at-17.26.12.jpeg\" \/>\n\t<meta property=\"og:image:width\" content=\"1197\" \/>\n\t<meta property=\"og:image:height\" content=\"1600\" \/>\n\t<meta property=\"og:image:type\" content=\"image\/jpeg\" \/>\n<meta name=\"author\" content=\"Roberto\" \/>\n<meta name=\"twitter:card\" content=\"summary_large_image\" \/>\n<meta name=\"twitter:label1\" content=\"Escrito por\" \/>\n\t<meta name=\"twitter:data1\" content=\"Roberto\" \/>\n\t<meta name=\"twitter:label2\" content=\"Est. tempo de leitura\" \/>\n\t<meta name=\"twitter:data2\" content=\"2 minutos\" \/>\n<script type=\"application\/ld+json\" class=\"yoast-schema-graph\">{\"@context\":\"https:\\\/\\\/schema.org\",\"@graph\":[{\"@type\":\"Article\",\"@id\":\"https:\\\/\\\/regiaonews.net.br\\\/2022\\\/2025\\\/02\\\/21\\\/policia-localiza-veiculo-e-objetos-apos-furto-em-fazenda\\\/#article\",\"isPartOf\":{\"@id\":\"https:\\\/\\\/regiaonews.net.br\\\/2022\\\/2025\\\/02\\\/21\\\/policia-localiza-veiculo-e-objetos-apos-furto-em-fazenda\\\/\"},\"author\":{\"name\":\"Roberto\",\"@id\":\"https:\\\/\\\/regiaonews.net.br\\\/2022\\\/#\\\/schema\\\/person\\\/2d205a608a5aa97ac279d7a5e6d89ad8\"},\"headline\":\"Pol\u00edcia localiza ve\u00edculo e objetos ap\u00f3s furto em fazenda\",\"datePublished\":\"2025-02-21T13:07:17+00:00\",\"mainEntityOfPage\":{\"@id\":\"https:\\\/\\\/regiaonews.net.br\\\/2022\\\/2025\\\/02\\\/21\\\/policia-localiza-veiculo-e-objetos-apos-furto-em-fazenda\\\/\"},\"wordCount\":299,\"commentCount\":0,\"publisher\":{\"@id\":\"https:\\\/\\\/regiaonews.net.br\\\/2022\\\/#organization\"},\"image\":{\"@id\":\"https:\\\/\\\/regiaonews.net.br\\\/2022\\\/2025\\\/02\\\/21\\\/policia-localiza-veiculo-e-objetos-apos-furto-em-fazenda\\\/#primaryimage\"},\"thumbnailUrl\":\"https:\\\/\\\/regiaonews.net.br\\\/2022\\\/wp-content\\\/uploads\\\/2025\\\/02\\\/WhatsApp-Image-2025-02-20-at-17.26.12.jpeg\",\"articleSection\":[\"Barretos\",\"Policia\"],\"inLanguage\":\"pt-BR\",\"potentialAction\":[{\"@type\":\"CommentAction\",\"name\":\"Comment\",\"target\":[\"https:\\\/\\\/regiaonews.net.br\\\/2022\\\/2025\\\/02\\\/21\\\/policia-localiza-veiculo-e-objetos-apos-furto-em-fazenda\\\/#respond\"]}]},{\"@type\":\"WebPage\",\"@id\":\"https:\\\/\\\/regiaonews.net.br\\\/2022\\\/2025\\\/02\\\/21\\\/policia-localiza-veiculo-e-objetos-apos-furto-em-fazenda\\\/\",\"url\":\"https:\\\/\\\/regiaonews.net.br\\\/2022\\\/2025\\\/02\\\/21\\\/policia-localiza-veiculo-e-objetos-apos-furto-em-fazenda\\\/\",\"name\":\"Pol\u00edcia localiza ve\u00edculo e objetos ap\u00f3s furto em fazenda - Regi\u00e3o News\",\"isPartOf\":{\"@id\":\"https:\\\/\\\/regiaonews.net.br\\\/2022\\\/#website\"},\"primaryImageOfPage\":{\"@id\":\"https:\\\/\\\/regiaonews.net.br\\\/2022\\\/2025\\\/02\\\/21\\\/policia-localiza-veiculo-e-objetos-apos-furto-em-fazenda\\\/#primaryimage\"},\"image\":{\"@id\":\"https:\\\/\\\/regiaonews.net.br\\\/2022\\\/2025\\\/02\\\/21\\\/policia-localiza-veiculo-e-objetos-apos-furto-em-fazenda\\\/#primaryimage\"},\"thumbnailUrl\":\"https:\\\/\\\/regiaonews.net.br\\\/2022\\\/wp-content\\\/uploads\\\/2025\\\/02\\\/WhatsApp-Image-2025-02-20-at-17.26.12.jpeg\",\"datePublished\":\"2025-02-21T13:07:17+00:00\",\"breadcrumb\":{\"@id\":\"https:\\\/\\\/regiaonews.net.br\\\/2022\\\/2025\\\/02\\\/21\\\/policia-localiza-veiculo-e-objetos-apos-furto-em-fazenda\\\/#breadcrumb\"},\"inLanguage\":\"pt-BR\",\"potentialAction\":[{\"@type\":\"ReadAction\",\"target\":[\"https:\\\/\\\/regiaonews.net.br\\\/2022\\\/2025\\\/02\\\/21\\\/policia-localiza-veiculo-e-objetos-apos-furto-em-fazenda\\\/\"]}]},{\"@type\":\"ImageObject\",\"inLanguage\":\"pt-BR\",\"@id\":\"https:\\\/\\\/regiaonews.net.br\\\/2022\\\/2025\\\/02\\\/21\\\/policia-localiza-veiculo-e-objetos-apos-furto-em-fazenda\\\/#primaryimage\",\"url\":\"https:\\\/\\\/regiaonews.net.br\\\/2022\\\/wp-content\\\/uploads\\\/2025\\\/02\\\/WhatsApp-Image-2025-02-20-at-17.26.12.jpeg\",\"contentUrl\":\"https:\\\/\\\/regiaonews.net.br\\\/2022\\\/wp-content\\\/uploads\\\/2025\\\/02\\\/WhatsApp-Image-2025-02-20-at-17.26.12.jpeg\",\"width\":1197,\"height\":1600},{\"@type\":\"BreadcrumbList\",\"@id\":\"https:\\\/\\\/regiaonews.net.br\\\/2022\\\/2025\\\/02\\\/21\\\/policia-localiza-veiculo-e-objetos-apos-furto-em-fazenda\\\/#breadcrumb\",\"itemListElement\":[{\"@type\":\"ListItem\",\"position\":1,\"name\":\"In\u00edcio\",\"item\":\"https:\\\/\\\/regiaonews.net.br\\\/2022\\\/\"},{\"@type\":\"ListItem\",\"position\":2,\"name\":\"Pol\u00edcia localiza ve\u00edculo e objetos ap\u00f3s furto em fazenda\"}]},{\"@type\":\"WebSite\",\"@id\":\"https:\\\/\\\/regiaonews.net.br\\\/2022\\\/#website\",\"url\":\"https:\\\/\\\/regiaonews.net.br\\\/2022\\\/\",\"name\":\"Regi\u00e3o News\",\"description\":\"Site de Not\u00edcias de Barretos e regi\u00e3o\",\"publisher\":{\"@id\":\"https:\\\/\\\/regiaonews.net.br\\\/2022\\\/#organization\"},\"potentialAction\":[{\"@type\":\"SearchAction\",\"target\":{\"@type\":\"EntryPoint\",\"urlTemplate\":\"https:\\\/\\\/regiaonews.net.br\\\/2022\\\/?s={search_term_string}\"},\"query-input\":{\"@type\":\"PropertyValueSpecification\",\"valueRequired\":true,\"valueName\":\"search_term_string\"}}],\"inLanguage\":\"pt-BR\"},{\"@type\":\"Organization\",\"@id\":\"https:\\\/\\\/regiaonews.net.br\\\/2022\\\/#organization\",\"name\":\"Regi\u00e3o News\",\"url\":\"https:\\\/\\\/regiaonews.net.br\\\/2022\\\/\",\"logo\":{\"@type\":\"ImageObject\",\"inLanguage\":\"pt-BR\",\"@id\":\"https:\\\/\\\/regiaonews.net.br\\\/2022\\\/#\\\/schema\\\/logo\\\/image\\\/\",\"url\":\"https:\\\/\\\/regiaonews.net.br\\\/2022\\\/wp-content\\\/uploads\\\/2026\\\/03\\\/regiao-13-anos-scaled.jpg\",\"contentUrl\":\"https:\\\/\\\/regiaonews.net.br\\\/2022\\\/wp-content\\\/uploads\\\/2026\\\/03\\\/regiao-13-anos-scaled.jpg\",\"width\":2560,\"height\":635,\"caption\":\"Regi\u00e3o News\"},\"image\":{\"@id\":\"https:\\\/\\\/regiaonews.net.br\\\/2022\\\/#\\\/schema\\\/logo\\\/image\\\/\"}},{\"@type\":\"Person\",\"@id\":\"https:\\\/\\\/regiaonews.net.br\\\/2022\\\/#\\\/schema\\\/person\\\/2d205a608a5aa97ac279d7a5e6d89ad8\",\"name\":\"Roberto\",\"image\":{\"@type\":\"ImageObject\",\"inLanguage\":\"pt-BR\",\"@id\":\"https:\\\/\\\/secure.gravatar.com\\\/avatar\\\/42749d8b712ff9d59ca93dc150494e5b55a44134482993f5baeb97e61b7ecc89?s=96&d=mm&r=g\",\"url\":\"https:\\\/\\\/secure.gravatar.com\\\/avatar\\\/42749d8b712ff9d59ca93dc150494e5b55a44134482993f5baeb97e61b7ecc89?s=96&d=mm&r=g\",\"contentUrl\":\"https:\\\/\\\/secure.gravatar.com\\\/avatar\\\/42749d8b712ff9d59ca93dc150494e5b55a44134482993f5baeb97e61b7ecc89?s=96&d=mm&r=g\",\"caption\":\"Roberto\"},\"url\":\"https:\\\/\\\/regiaonews.net.br\\\/2022\\\/author\\\/roberto\\\/\"}]}<\/script>\n<!-- \/ Yoast SEO plugin. -->","yoast_head_json":{"title":"Pol\u00edcia localiza ve\u00edculo e objetos ap\u00f3s furto em fazenda - Regi\u00e3o News","robots":{"index":"index","follow":"follow","max-snippet":"max-snippet:-1","max-image-preview":"max-image-preview:large","max-video-preview":"max-video-preview:-1"},"canonical":"https:\/\/regiaonews.net.br\/2022\/2025\/02\/21\/policia-localiza-veiculo-e-objetos-apos-furto-em-fazenda\/","og_locale":"pt_BR","og_type":"article","og_title":"Pol\u00edcia localiza ve\u00edculo e objetos ap\u00f3s furto em fazenda - Regi\u00e3o News","og_description":"Criminosos ap\u00f3s furto em uma fazenda abandonaram o ve\u00edculo utilizado","og_url":"https:\/\/regiaonews.net.br\/2022\/2025\/02\/21\/policia-localiza-veiculo-e-objetos-apos-furto-em-fazenda\/","og_site_name":"Regi\u00e3o News","article_published_time":"2025-02-21T13:07:17+00:00","og_image":[{"width":1197,"height":1600,"url":"https:\/\/regiaonews.net.br\/2022\/wp-content\/uploads\/2025\/02\/WhatsApp-Image-2025-02-20-at-17.26.12.jpeg","type":"image\/jpeg"}],"author":"Roberto","twitter_card":"summary_large_image","twitter_misc":{"Escrito por":"Roberto","Est. tempo de leitura":"2 minutos"},"schema":{"@context":"https:\/\/schema.org","@graph":[{"@type":"Article","@id":"https:\/\/regiaonews.net.br\/2022\/2025\/02\/21\/policia-localiza-veiculo-e-objetos-apos-furto-em-fazenda\/#article","isPartOf":{"@id":"https:\/\/regiaonews.net.br\/2022\/2025\/02\/21\/policia-localiza-veiculo-e-objetos-apos-furto-em-fazenda\/"},"author":{"name":"Roberto","@id":"https:\/\/regiaonews.net.br\/2022\/#\/schema\/person\/2d205a608a5aa97ac279d7a5e6d89ad8"},"headline":"Pol\u00edcia localiza ve\u00edculo e objetos ap\u00f3s furto em fazenda","datePublished":"2025-02-21T13:07:17+00:00","mainEntityOfPage":{"@id":"https:\/\/regiaonews.net.br\/2022\/2025\/02\/21\/policia-localiza-veiculo-e-objetos-apos-furto-em-fazenda\/"},"wordCount":299,"commentCount":0,"publisher":{"@id":"https:\/\/regiaonews.net.br\/2022\/#organization"},"image":{"@id":"https:\/\/regiaonews.net.br\/2022\/2025\/02\/21\/policia-localiza-veiculo-e-objetos-apos-furto-em-fazenda\/#primaryimage"},"thumbnailUrl":"https:\/\/regiaonews.net.br\/2022\/wp-content\/uploads\/2025\/02\/WhatsApp-Image-2025-02-20-at-17.26.12.jpeg","articleSection":["Barretos","Policia"],"inLanguage":"pt-BR","potentialAction":[{"@type":"CommentAction","name":"Comment","target":["https:\/\/regiaonews.net.br\/2022\/2025\/02\/21\/policia-localiza-veiculo-e-objetos-apos-furto-em-fazenda\/#respond"]}]},{"@type":"WebPage","@id":"https:\/\/regiaonews.net.br\/2022\/2025\/02\/21\/policia-localiza-veiculo-e-objetos-apos-furto-em-fazenda\/","url":"https:\/\/regiaonews.net.br\/2022\/2025\/02\/21\/policia-localiza-veiculo-e-objetos-apos-furto-em-fazenda\/","name":"Pol\u00edcia localiza ve\u00edculo e objetos ap\u00f3s furto em fazenda - Regi\u00e3o News","isPartOf":{"@id":"https:\/\/regiaonews.net.br\/2022\/#website"},"primaryImageOfPage":{"@id":"https:\/\/regiaonews.net.br\/2022\/2025\/02\/21\/policia-localiza-veiculo-e-objetos-apos-furto-em-fazenda\/#primaryimage"},"image":{"@id":"https:\/\/regiaonews.net.br\/2022\/2025\/02\/21\/policia-localiza-veiculo-e-objetos-apos-furto-em-fazenda\/#primaryimage"},"thumbnailUrl":"https:\/\/regiaonews.net.br\/2022\/wp-content\/uploads\/2025\/02\/WhatsApp-Image-2025-02-20-at-17.26.12.jpeg","datePublished":"2025-02-21T13:07:17+00:00","breadcrumb":{"@id":"https:\/\/regiaonews.net.br\/2022\/2025\/02\/21\/policia-localiza-veiculo-e-objetos-apos-furto-em-fazenda\/#breadcrumb"},"inLanguage":"pt-BR","potentialAction":[{"@type":"ReadAction","target":["https:\/\/regiaonews.net.br\/2022\/2025\/02\/21\/policia-localiza-veiculo-e-objetos-apos-furto-em-fazenda\/"]}]},{"@type":"ImageObject","inLanguage":"pt-BR","@id":"https:\/\/regiaonews.net.br\/2022\/2025\/02\/21\/policia-localiza-veiculo-e-objetos-apos-furto-em-fazenda\/#primaryimage","url":"https:\/\/regiaonews.net.br\/2022\/wp-content\/uploads\/2025\/02\/WhatsApp-Image-2025-02-20-at-17.26.12.jpeg","contentUrl":"https:\/\/regiaonews.net.br\/2022\/wp-content\/uploads\/2025\/02\/WhatsApp-Image-2025-02-20-at-17.26.12.jpeg","width":1197,"height":1600},{"@type":"BreadcrumbList","@id":"https:\/\/regiaonews.net.br\/2022\/2025\/02\/21\/policia-localiza-veiculo-e-objetos-apos-furto-em-fazenda\/#breadcrumb","itemListElement":[{"@type":"ListItem","position":1,"name":"In\u00edcio","item":"https:\/\/regiaonews.net.br\/2022\/"},{"@type":"ListItem","position":2,"name":"Pol\u00edcia localiza ve\u00edculo e objetos ap\u00f3s furto em fazenda"}]},{"@type":"WebSite","@id":"https:\/\/regiaonews.net.br\/2022\/#website","url":"https:\/\/regiaonews.net.br\/2022\/","name":"Regi\u00e3o News","description":"Site de Not\u00edcias de Barretos e regi\u00e3o","publisher":{"@id":"https:\/\/regiaonews.net.br\/2022\/#organization"},"potentialAction":[{"@type":"SearchAction","target":{"@type":"EntryPoint","urlTemplate":"https:\/\/regiaonews.net.br\/2022\/?s={search_term_string}"},"query-input":{"@type":"PropertyValueSpecification","valueRequired":true,"valueName":"search_term_string"}}],"inLanguage":"pt-BR"},{"@type":"Organization","@id":"https:\/\/regiaonews.net.br\/2022\/#organization","name":"Regi\u00e3o News","url":"https:\/\/regiaonews.net.br\/2022\/","logo":{"@type":"ImageObject","inLanguage":"pt-BR","@id":"https:\/\/regiaonews.net.br\/2022\/#\/schema\/logo\/image\/","url":"https:\/\/regiaonews.net.br\/2022\/wp-content\/uploads\/2026\/03\/regiao-13-anos-scaled.jpg","contentUrl":"https:\/\/regiaonews.net.br\/2022\/wp-content\/uploads\/2026\/03\/regiao-13-anos-scaled.jpg","width":2560,"height":635,"caption":"Regi\u00e3o News"},"image":{"@id":"https:\/\/regiaonews.net.br\/2022\/#\/schema\/logo\/image\/"}},{"@type":"Person","@id":"https:\/\/regiaonews.net.br\/2022\/#\/schema\/person\/2d205a608a5aa97ac279d7a5e6d89ad8","name":"Roberto","image":{"@type":"ImageObject","inLanguage":"pt-BR","@id":"https:\/\/secure.gravatar.com\/avatar\/42749d8b712ff9d59ca93dc150494e5b55a44134482993f5baeb97e61b7ecc89?s=96&d=mm&r=g","url":"https:\/\/secure.gravatar.com\/avatar\/42749d8b712ff9d59ca93dc150494e5b55a44134482993f5baeb97e61b7ecc89?s=96&d=mm&r=g","contentUrl":"https:\/\/secure.gravatar.com\/avatar\/42749d8b712ff9d59ca93dc150494e5b55a44134482993f5baeb97e61b7ecc89?s=96&d=mm&r=g","caption":"Roberto"},"url":"https:\/\/regiaonews.net.br\/2022\/author\/roberto\/"}]}},"publishpress_future_action":{"enabled":false,"date":"2026-05-02 03:47:05","action":"change-status","newStatus":"draft","terms":[],"taxonomy":"category","extraData":[]},"publishpress_future_workflow_manual_trigger":{"enabledWorkflows":[]},"_links":{"self":[{"href":"https:\/\/regiaonews.net.br\/2022\/wp-json\/wp\/v2\/posts\/114827","targetHints":{"allow":["GET"]}}],"collection":[{"href":"https:\/\/regiaonews.net.br\/2022\/wp-json\/wp\/v2\/posts"}],"about":[{"href":"https:\/\/regiaonews.net.br\/2022\/wp-json\/wp\/v2\/types\/post"}],"author":[{"embeddable":true,"href":"https:\/\/regiaonews.net.br\/2022\/wp-json\/wp\/v2\/users\/2"}],"replies":[{"embeddable":true,"href":"https:\/\/regiaonews.net.br\/2022\/wp-json\/wp\/v2\/comments?post=114827"}],"version-history":[{"count":1,"href":"https:\/\/regiaonews.net.br\/2022\/wp-json\/wp\/v2\/posts\/114827\/revisions"}],"predecessor-version":[{"id":114829,"href":"https:\/\/regiaonews.net.br\/2022\/wp-json\/wp\/v2\/posts\/114827\/revisions\/114829"}],"wp:featuredmedia":[{"embeddable":true,"href":"https:\/\/regiaonews.net.br\/2022\/wp-json\/wp\/v2\/media\/114828"}],"wp:attachment":[{"href":"https:\/\/regiaonews.net.br\/2022\/wp-json\/wp\/v2\/media?parent=114827"}],"wp:term":[{"taxonomy":"category","embeddable":true,"href":"https:\/\/regiaonews.net.br\/2022\/wp-json\/wp\/v2\/categories?post=114827"},{"taxonomy":"post_tag","embeddable":true,"href":"https:\/\/regiaonews.net.br\/2022\/wp-json\/wp\/v2\/tags?post=114827"}],"curies":[{"name":"wp","href":"https:\/\/api.w.org\/{rel}","templated":true}]}}