{"id":114813,"date":"2025-02-21T07:05:03","date_gmt":"2025-02-21T10:05:03","guid":{"rendered":"https:\/\/regiaonews.net.br\/2022\/?p=114813"},"modified":"2025-02-21T07:06:51","modified_gmt":"2025-02-21T10:06:51","slug":"acidente-com-onibus-de-universitarios-deixa-12-mortos","status":"publish","type":"post","link":"https:\/\/regiaonews.net.br\/2022\/2025\/02\/21\/acidente-com-onibus-de-universitarios-deixa-12-mortos\/","title":{"rendered":"Acidente com \u00f4nibus de universit\u00e1rios deixa 12 mortos"},"content":{"rendered":"<div class=\"mc-article-header\">\n<div class=\"row content-head mc-column non-featured \">\n<div class=\"title\" data-block-type=\"title\" data-block-id=\"0\">\n<div id=\"chunk-a5d01\">\n<div class=\"row medium-uncollapsed content-media content-photo\" data-block-type=\"backstage-photo\" data-block-id=\"8\">\n<div class=\" mc-column  content-media__container\">\n<p class=\"content-media__description  \">\u00d4nibus que colidiu com caminh\u00e3o entre Nuporanga (SP) e S\u00e3o Jos\u00e9 da Bela Vista (SP) ficou destru\u00eddo \u2014 Foto: Guilherme Leoni\/EPTV<\/p>\n<\/div>\n<\/div>\n<\/div>\n<div id=\"chunk-13m4g\">\n<div class=\"mc-column\" data-block-type=\"ads\" data-block-id=\"9\">\n<div id=\"content-ads-banner_materia2\" class=\"content-ads content-ads--regular content-ads--smart-size\">\n<div id=\"banner_materia2\" class=\"tag-manager-publicidade-container mc-has-ad-lazyload tag-manager-publicidade-banner_materia2 tag-manager-publicidade-container--carregado tag-manager-publicidade-container--visivel\" data-id=\"banner_materia2\" data-google-query-id=\"COLZjpHC1IsDFWJIuAQd7ZwJMw\"><\/div>\n<\/div>\n<\/div>\n<\/div>\n<p class=\"content-head__title\"><span style=\"font-size: 16px;\">Um acidente na noite de quinta-feira (20) entre um \u00f4nibus com universit\u00e1rios e um caminh\u00e3o deixou ao menos <\/span><strong style=\"font-size: 16px;\"><span class=\"highlight highlighted\">12 mortos e 11 feridos<\/span><\/strong><span style=\"font-size: 16px;\"> na rodovia Waldir Canevari (SP-355\/330), na regi\u00e3o de Ribeir\u00e3o Preto (SP). O trecho da rodovia onde a batida aconteceu \u00e9 de pista simples.<\/span><\/p>\n<\/div>\n<\/div>\n<\/div>\n<div class=\"mc-article-body cropped\">\n<article>\n<div class=\"wall protected-content\">\n<div class=\"mc-column content-text active-extra-styles \" data-block-type=\"unstyled\" data-block-weight=\"41\" data-block-id=\"6\">\n<p class=\" content-text__container \" data-track-category=\"Link no Texto\" data-track-links=\"\" data-mrf-recirculation=\"Mat\u00e9ria - Links no Texto\">A colis\u00e3o ocorreu entre os munic\u00edpios de\u00a0<a class=\"\" href=\"https:\/\/g1.globo.com\/sp\/ribeirao-preto-franca\/cidade\/nuporanga\/\" data-mrf-link=\"https:\/\/g1.globo.com\/sp\/ribeirao-preto-franca\/cidade\/nuporanga\/\">Nuporanga (SP)<\/a>\u00a0e\u00a0<a class=\"\" href=\"https:\/\/g1.globo.com\/sp\/ribeirao-preto-franca\/cidade\/sao-jose-da-bela-vista\/\" data-mrf-link=\"https:\/\/g1.globo.com\/sp\/ribeirao-preto-franca\/cidade\/sao-jose-da-bela-vista\/\">S\u00e3o Jos\u00e9 da Bela Vista (SP)<\/a>. No \u00f4nibus estavam o motorista e 29 passageiros, a maioria deles\u00a0<strong><span class=\"highlight highlighted\">estudantes universit\u00e1rios.\u00a0<\/span><\/strong>At\u00e9 a atualiza\u00e7\u00e3o desta reportagem, as v\u00edtimas ainda n\u00e3o tinham sido identificadas.<\/p>\n<\/div>\n<div class=\"mc-column content-text active-extra-styles \" data-block-type=\"unstyled\" data-block-weight=\"30\" data-block-id=\"7\">\n<p class=\" content-text__container \" data-track-category=\"Link no Texto\" data-track-links=\"\" data-mrf-recirculation=\"Mat\u00e9ria - Links no Texto\">Os bombeiros e a Pol\u00edcia Militar Rodovi\u00e1ria conclu\u00edram o trabalho de resgate por volta das 4h desta sexta-feira (21). Imagens obtidas pela reportagem mostram o \u00f4nibus com a lateral destru\u00edda.<\/p>\n<p data-track-category=\"Link no Texto\" data-track-links=\"\" data-mrf-recirculation=\"Mat\u00e9ria - Links no Texto\">Fonte &#8211; G1<\/p>\n<\/div>\n<div id=\"chunk-a5d01\">\n<div class=\"row medium-uncollapsed content-media content-photo\" data-block-type=\"backstage-photo\" data-block-id=\"8\">\n<div class=\" mc-column content-media__container\">\n<p class=\"content-media-container glb-skeleton-box\">\n<\/div>\n<\/div>\n<\/div>\n<\/div>\n<\/article>\n<\/div>\n","protected":false},"excerpt":{"rendered":"<p>\u00d4nibus que colidiu com caminh\u00e3o entre Nuporanga (SP) e S\u00e3o<\/p>\n","protected":false},"author":2,"featured_media":114814,"comment_status":"open","ping_status":"open","sticky":false,"template":"","format":"standard","meta":{"footnotes":""},"categories":[23,30],"tags":[],"class_list":["post-114813","post","type-post","status-publish","format-standard","has-post-thumbnail","hentry","category-policia","category-regiao"],"yoast_head":"<!-- This site is optimized with the Yoast SEO plugin v27.4 - https:\/\/yoast.com\/product\/yoast-seo-wordpress\/ -->\n<title>Acidente com \u00f4nibus de universit\u00e1rios deixa 12 mortos - Regi\u00e3o News<\/title>\n<meta name=\"robots\" content=\"index, follow, max-snippet:-1, max-image-preview:large, max-video-preview:-1\" \/>\n<link rel=\"canonical\" href=\"https:\/\/regiaonews.net.br\/2022\/2025\/02\/21\/acidente-com-onibus-de-universitarios-deixa-12-mortos\/\" \/>\n<meta property=\"og:locale\" content=\"pt_BR\" \/>\n<meta property=\"og:type\" content=\"article\" \/>\n<meta property=\"og:title\" content=\"Acidente com \u00f4nibus de universit\u00e1rios deixa 12 mortos - Regi\u00e3o News\" \/>\n<meta property=\"og:description\" content=\"\u00d4nibus que colidiu com caminh\u00e3o entre Nuporanga (SP) e S\u00e3o\" \/>\n<meta property=\"og:url\" content=\"https:\/\/regiaonews.net.br\/2022\/2025\/02\/21\/acidente-com-onibus-de-universitarios-deixa-12-mortos\/\" \/>\n<meta property=\"og:site_name\" content=\"Regi\u00e3o News\" \/>\n<meta property=\"article:published_time\" content=\"2025-02-21T10:05:03+00:00\" \/>\n<meta property=\"article:modified_time\" content=\"2025-02-21T10:06:51+00:00\" \/>\n<meta property=\"og:image\" content=\"https:\/\/regiaonews.net.br\/2022\/wp-content\/uploads\/2025\/02\/imagem-do-whatsapp-de-2025-02-21-a-s-06.14.18-67beb859.jpg\" \/>\n\t<meta property=\"og:image:width\" content=\"1000\" \/>\n\t<meta property=\"og:image:height\" content=\"563\" \/>\n\t<meta property=\"og:image:type\" content=\"image\/jpeg\" \/>\n<meta name=\"author\" content=\"Roberto\" \/>\n<meta name=\"twitter:card\" content=\"summary_large_image\" \/>\n<meta name=\"twitter:label1\" content=\"Escrito por\" \/>\n\t<meta name=\"twitter:data1\" content=\"Roberto\" \/>\n\t<meta name=\"twitter:label2\" content=\"Est. tempo de leitura\" \/>\n\t<meta name=\"twitter:data2\" content=\"1 minuto\" \/>\n<script type=\"application\/ld+json\" class=\"yoast-schema-graph\">{\"@context\":\"https:\\\/\\\/schema.org\",\"@graph\":[{\"@type\":\"Article\",\"@id\":\"https:\\\/\\\/regiaonews.net.br\\\/2022\\\/2025\\\/02\\\/21\\\/acidente-com-onibus-de-universitarios-deixa-12-mortos\\\/#article\",\"isPartOf\":{\"@id\":\"https:\\\/\\\/regiaonews.net.br\\\/2022\\\/2025\\\/02\\\/21\\\/acidente-com-onibus-de-universitarios-deixa-12-mortos\\\/\"},\"author\":{\"name\":\"Roberto\",\"@id\":\"https:\\\/\\\/regiaonews.net.br\\\/2022\\\/#\\\/schema\\\/person\\\/2d205a608a5aa97ac279d7a5e6d89ad8\"},\"headline\":\"Acidente com \u00f4nibus de universit\u00e1rios deixa 12 mortos\",\"datePublished\":\"2025-02-21T10:05:03+00:00\",\"dateModified\":\"2025-02-21T10:06:51+00:00\",\"mainEntityOfPage\":{\"@id\":\"https:\\\/\\\/regiaonews.net.br\\\/2022\\\/2025\\\/02\\\/21\\\/acidente-com-onibus-de-universitarios-deixa-12-mortos\\\/\"},\"wordCount\":161,\"commentCount\":0,\"publisher\":{\"@id\":\"https:\\\/\\\/regiaonews.net.br\\\/2022\\\/#organization\"},\"image\":{\"@id\":\"https:\\\/\\\/regiaonews.net.br\\\/2022\\\/2025\\\/02\\\/21\\\/acidente-com-onibus-de-universitarios-deixa-12-mortos\\\/#primaryimage\"},\"thumbnailUrl\":\"https:\\\/\\\/regiaonews.net.br\\\/2022\\\/wp-content\\\/uploads\\\/2025\\\/02\\\/imagem-do-whatsapp-de-2025-02-21-a-s-06.14.18-67beb859.jpg\",\"articleSection\":[\"Policia\",\"Regi\u00e3o\"],\"inLanguage\":\"pt-BR\",\"potentialAction\":[{\"@type\":\"CommentAction\",\"name\":\"Comment\",\"target\":[\"https:\\\/\\\/regiaonews.net.br\\\/2022\\\/2025\\\/02\\\/21\\\/acidente-com-onibus-de-universitarios-deixa-12-mortos\\\/#respond\"]}]},{\"@type\":\"WebPage\",\"@id\":\"https:\\\/\\\/regiaonews.net.br\\\/2022\\\/2025\\\/02\\\/21\\\/acidente-com-onibus-de-universitarios-deixa-12-mortos\\\/\",\"url\":\"https:\\\/\\\/regiaonews.net.br\\\/2022\\\/2025\\\/02\\\/21\\\/acidente-com-onibus-de-universitarios-deixa-12-mortos\\\/\",\"name\":\"Acidente com \u00f4nibus de universit\u00e1rios deixa 12 mortos - Regi\u00e3o News\",\"isPartOf\":{\"@id\":\"https:\\\/\\\/regiaonews.net.br\\\/2022\\\/#website\"},\"primaryImageOfPage\":{\"@id\":\"https:\\\/\\\/regiaonews.net.br\\\/2022\\\/2025\\\/02\\\/21\\\/acidente-com-onibus-de-universitarios-deixa-12-mortos\\\/#primaryimage\"},\"image\":{\"@id\":\"https:\\\/\\\/regiaonews.net.br\\\/2022\\\/2025\\\/02\\\/21\\\/acidente-com-onibus-de-universitarios-deixa-12-mortos\\\/#primaryimage\"},\"thumbnailUrl\":\"https:\\\/\\\/regiaonews.net.br\\\/2022\\\/wp-content\\\/uploads\\\/2025\\\/02\\\/imagem-do-whatsapp-de-2025-02-21-a-s-06.14.18-67beb859.jpg\",\"datePublished\":\"2025-02-21T10:05:03+00:00\",\"dateModified\":\"2025-02-21T10:06:51+00:00\",\"breadcrumb\":{\"@id\":\"https:\\\/\\\/regiaonews.net.br\\\/2022\\\/2025\\\/02\\\/21\\\/acidente-com-onibus-de-universitarios-deixa-12-mortos\\\/#breadcrumb\"},\"inLanguage\":\"pt-BR\",\"potentialAction\":[{\"@type\":\"ReadAction\",\"target\":[\"https:\\\/\\\/regiaonews.net.br\\\/2022\\\/2025\\\/02\\\/21\\\/acidente-com-onibus-de-universitarios-deixa-12-mortos\\\/\"]}]},{\"@type\":\"ImageObject\",\"inLanguage\":\"pt-BR\",\"@id\":\"https:\\\/\\\/regiaonews.net.br\\\/2022\\\/2025\\\/02\\\/21\\\/acidente-com-onibus-de-universitarios-deixa-12-mortos\\\/#primaryimage\",\"url\":\"https:\\\/\\\/regiaonews.net.br\\\/2022\\\/wp-content\\\/uploads\\\/2025\\\/02\\\/imagem-do-whatsapp-de-2025-02-21-a-s-06.14.18-67beb859.jpg\",\"contentUrl\":\"https:\\\/\\\/regiaonews.net.br\\\/2022\\\/wp-content\\\/uploads\\\/2025\\\/02\\\/imagem-do-whatsapp-de-2025-02-21-a-s-06.14.18-67beb859.jpg\",\"width\":1000,\"height\":563},{\"@type\":\"BreadcrumbList\",\"@id\":\"https:\\\/\\\/regiaonews.net.br\\\/2022\\\/2025\\\/02\\\/21\\\/acidente-com-onibus-de-universitarios-deixa-12-mortos\\\/#breadcrumb\",\"itemListElement\":[{\"@type\":\"ListItem\",\"position\":1,\"name\":\"In\u00edcio\",\"item\":\"https:\\\/\\\/regiaonews.net.br\\\/2022\\\/\"},{\"@type\":\"ListItem\",\"position\":2,\"name\":\"Acidente com \u00f4nibus de universit\u00e1rios deixa 12 mortos\"}]},{\"@type\":\"WebSite\",\"@id\":\"https:\\\/\\\/regiaonews.net.br\\\/2022\\\/#website\",\"url\":\"https:\\\/\\\/regiaonews.net.br\\\/2022\\\/\",\"name\":\"Regi\u00e3o News\",\"description\":\"Site de Not\u00edcias de Barretos e regi\u00e3o\",\"publisher\":{\"@id\":\"https:\\\/\\\/regiaonews.net.br\\\/2022\\\/#organization\"},\"potentialAction\":[{\"@type\":\"SearchAction\",\"target\":{\"@type\":\"EntryPoint\",\"urlTemplate\":\"https:\\\/\\\/regiaonews.net.br\\\/2022\\\/?s={search_term_string}\"},\"query-input\":{\"@type\":\"PropertyValueSpecification\",\"valueRequired\":true,\"valueName\":\"search_term_string\"}}],\"inLanguage\":\"pt-BR\"},{\"@type\":\"Organization\",\"@id\":\"https:\\\/\\\/regiaonews.net.br\\\/2022\\\/#organization\",\"name\":\"Regi\u00e3o News\",\"url\":\"https:\\\/\\\/regiaonews.net.br\\\/2022\\\/\",\"logo\":{\"@type\":\"ImageObject\",\"inLanguage\":\"pt-BR\",\"@id\":\"https:\\\/\\\/regiaonews.net.br\\\/2022\\\/#\\\/schema\\\/logo\\\/image\\\/\",\"url\":\"https:\\\/\\\/regiaonews.net.br\\\/2022\\\/wp-content\\\/uploads\\\/2026\\\/03\\\/regiao-13-anos-scaled.jpg\",\"contentUrl\":\"https:\\\/\\\/regiaonews.net.br\\\/2022\\\/wp-content\\\/uploads\\\/2026\\\/03\\\/regiao-13-anos-scaled.jpg\",\"width\":2560,\"height\":635,\"caption\":\"Regi\u00e3o News\"},\"image\":{\"@id\":\"https:\\\/\\\/regiaonews.net.br\\\/2022\\\/#\\\/schema\\\/logo\\\/image\\\/\"}},{\"@type\":\"Person\",\"@id\":\"https:\\\/\\\/regiaonews.net.br\\\/2022\\\/#\\\/schema\\\/person\\\/2d205a608a5aa97ac279d7a5e6d89ad8\",\"name\":\"Roberto\",\"image\":{\"@type\":\"ImageObject\",\"inLanguage\":\"pt-BR\",\"@id\":\"https:\\\/\\\/secure.gravatar.com\\\/avatar\\\/42749d8b712ff9d59ca93dc150494e5b55a44134482993f5baeb97e61b7ecc89?s=96&d=mm&r=g\",\"url\":\"https:\\\/\\\/secure.gravatar.com\\\/avatar\\\/42749d8b712ff9d59ca93dc150494e5b55a44134482993f5baeb97e61b7ecc89?s=96&d=mm&r=g\",\"contentUrl\":\"https:\\\/\\\/secure.gravatar.com\\\/avatar\\\/42749d8b712ff9d59ca93dc150494e5b55a44134482993f5baeb97e61b7ecc89?s=96&d=mm&r=g\",\"caption\":\"Roberto\"},\"url\":\"https:\\\/\\\/regiaonews.net.br\\\/2022\\\/author\\\/roberto\\\/\"}]}<\/script>\n<!-- \/ Yoast SEO plugin. -->","yoast_head_json":{"title":"Acidente com \u00f4nibus de universit\u00e1rios deixa 12 mortos - Regi\u00e3o News","robots":{"index":"index","follow":"follow","max-snippet":"max-snippet:-1","max-image-preview":"max-image-preview:large","max-video-preview":"max-video-preview:-1"},"canonical":"https:\/\/regiaonews.net.br\/2022\/2025\/02\/21\/acidente-com-onibus-de-universitarios-deixa-12-mortos\/","og_locale":"pt_BR","og_type":"article","og_title":"Acidente com \u00f4nibus de universit\u00e1rios deixa 12 mortos - Regi\u00e3o News","og_description":"\u00d4nibus que colidiu com caminh\u00e3o entre Nuporanga (SP) e S\u00e3o","og_url":"https:\/\/regiaonews.net.br\/2022\/2025\/02\/21\/acidente-com-onibus-de-universitarios-deixa-12-mortos\/","og_site_name":"Regi\u00e3o News","article_published_time":"2025-02-21T10:05:03+00:00","article_modified_time":"2025-02-21T10:06:51+00:00","og_image":[{"width":1000,"height":563,"url":"https:\/\/regiaonews.net.br\/2022\/wp-content\/uploads\/2025\/02\/imagem-do-whatsapp-de-2025-02-21-a-s-06.14.18-67beb859.jpg","type":"image\/jpeg"}],"author":"Roberto","twitter_card":"summary_large_image","twitter_misc":{"Escrito por":"Roberto","Est. tempo de leitura":"1 minuto"},"schema":{"@context":"https:\/\/schema.org","@graph":[{"@type":"Article","@id":"https:\/\/regiaonews.net.br\/2022\/2025\/02\/21\/acidente-com-onibus-de-universitarios-deixa-12-mortos\/#article","isPartOf":{"@id":"https:\/\/regiaonews.net.br\/2022\/2025\/02\/21\/acidente-com-onibus-de-universitarios-deixa-12-mortos\/"},"author":{"name":"Roberto","@id":"https:\/\/regiaonews.net.br\/2022\/#\/schema\/person\/2d205a608a5aa97ac279d7a5e6d89ad8"},"headline":"Acidente com \u00f4nibus de universit\u00e1rios deixa 12 mortos","datePublished":"2025-02-21T10:05:03+00:00","dateModified":"2025-02-21T10:06:51+00:00","mainEntityOfPage":{"@id":"https:\/\/regiaonews.net.br\/2022\/2025\/02\/21\/acidente-com-onibus-de-universitarios-deixa-12-mortos\/"},"wordCount":161,"commentCount":0,"publisher":{"@id":"https:\/\/regiaonews.net.br\/2022\/#organization"},"image":{"@id":"https:\/\/regiaonews.net.br\/2022\/2025\/02\/21\/acidente-com-onibus-de-universitarios-deixa-12-mortos\/#primaryimage"},"thumbnailUrl":"https:\/\/regiaonews.net.br\/2022\/wp-content\/uploads\/2025\/02\/imagem-do-whatsapp-de-2025-02-21-a-s-06.14.18-67beb859.jpg","articleSection":["Policia","Regi\u00e3o"],"inLanguage":"pt-BR","potentialAction":[{"@type":"CommentAction","name":"Comment","target":["https:\/\/regiaonews.net.br\/2022\/2025\/02\/21\/acidente-com-onibus-de-universitarios-deixa-12-mortos\/#respond"]}]},{"@type":"WebPage","@id":"https:\/\/regiaonews.net.br\/2022\/2025\/02\/21\/acidente-com-onibus-de-universitarios-deixa-12-mortos\/","url":"https:\/\/regiaonews.net.br\/2022\/2025\/02\/21\/acidente-com-onibus-de-universitarios-deixa-12-mortos\/","name":"Acidente com \u00f4nibus de universit\u00e1rios deixa 12 mortos - Regi\u00e3o News","isPartOf":{"@id":"https:\/\/regiaonews.net.br\/2022\/#website"},"primaryImageOfPage":{"@id":"https:\/\/regiaonews.net.br\/2022\/2025\/02\/21\/acidente-com-onibus-de-universitarios-deixa-12-mortos\/#primaryimage"},"image":{"@id":"https:\/\/regiaonews.net.br\/2022\/2025\/02\/21\/acidente-com-onibus-de-universitarios-deixa-12-mortos\/#primaryimage"},"thumbnailUrl":"https:\/\/regiaonews.net.br\/2022\/wp-content\/uploads\/2025\/02\/imagem-do-whatsapp-de-2025-02-21-a-s-06.14.18-67beb859.jpg","datePublished":"2025-02-21T10:05:03+00:00","dateModified":"2025-02-21T10:06:51+00:00","breadcrumb":{"@id":"https:\/\/regiaonews.net.br\/2022\/2025\/02\/21\/acidente-com-onibus-de-universitarios-deixa-12-mortos\/#breadcrumb"},"inLanguage":"pt-BR","potentialAction":[{"@type":"ReadAction","target":["https:\/\/regiaonews.net.br\/2022\/2025\/02\/21\/acidente-com-onibus-de-universitarios-deixa-12-mortos\/"]}]},{"@type":"ImageObject","inLanguage":"pt-BR","@id":"https:\/\/regiaonews.net.br\/2022\/2025\/02\/21\/acidente-com-onibus-de-universitarios-deixa-12-mortos\/#primaryimage","url":"https:\/\/regiaonews.net.br\/2022\/wp-content\/uploads\/2025\/02\/imagem-do-whatsapp-de-2025-02-21-a-s-06.14.18-67beb859.jpg","contentUrl":"https:\/\/regiaonews.net.br\/2022\/wp-content\/uploads\/2025\/02\/imagem-do-whatsapp-de-2025-02-21-a-s-06.14.18-67beb859.jpg","width":1000,"height":563},{"@type":"BreadcrumbList","@id":"https:\/\/regiaonews.net.br\/2022\/2025\/02\/21\/acidente-com-onibus-de-universitarios-deixa-12-mortos\/#breadcrumb","itemListElement":[{"@type":"ListItem","position":1,"name":"In\u00edcio","item":"https:\/\/regiaonews.net.br\/2022\/"},{"@type":"ListItem","position":2,"name":"Acidente com \u00f4nibus de universit\u00e1rios deixa 12 mortos"}]},{"@type":"WebSite","@id":"https:\/\/regiaonews.net.br\/2022\/#website","url":"https:\/\/regiaonews.net.br\/2022\/","name":"Regi\u00e3o News","description":"Site de Not\u00edcias de Barretos e regi\u00e3o","publisher":{"@id":"https:\/\/regiaonews.net.br\/2022\/#organization"},"potentialAction":[{"@type":"SearchAction","target":{"@type":"EntryPoint","urlTemplate":"https:\/\/regiaonews.net.br\/2022\/?s={search_term_string}"},"query-input":{"@type":"PropertyValueSpecification","valueRequired":true,"valueName":"search_term_string"}}],"inLanguage":"pt-BR"},{"@type":"Organization","@id":"https:\/\/regiaonews.net.br\/2022\/#organization","name":"Regi\u00e3o News","url":"https:\/\/regiaonews.net.br\/2022\/","logo":{"@type":"ImageObject","inLanguage":"pt-BR","@id":"https:\/\/regiaonews.net.br\/2022\/#\/schema\/logo\/image\/","url":"https:\/\/regiaonews.net.br\/2022\/wp-content\/uploads\/2026\/03\/regiao-13-anos-scaled.jpg","contentUrl":"https:\/\/regiaonews.net.br\/2022\/wp-content\/uploads\/2026\/03\/regiao-13-anos-scaled.jpg","width":2560,"height":635,"caption":"Regi\u00e3o News"},"image":{"@id":"https:\/\/regiaonews.net.br\/2022\/#\/schema\/logo\/image\/"}},{"@type":"Person","@id":"https:\/\/regiaonews.net.br\/2022\/#\/schema\/person\/2d205a608a5aa97ac279d7a5e6d89ad8","name":"Roberto","image":{"@type":"ImageObject","inLanguage":"pt-BR","@id":"https:\/\/secure.gravatar.com\/avatar\/42749d8b712ff9d59ca93dc150494e5b55a44134482993f5baeb97e61b7ecc89?s=96&d=mm&r=g","url":"https:\/\/secure.gravatar.com\/avatar\/42749d8b712ff9d59ca93dc150494e5b55a44134482993f5baeb97e61b7ecc89?s=96&d=mm&r=g","contentUrl":"https:\/\/secure.gravatar.com\/avatar\/42749d8b712ff9d59ca93dc150494e5b55a44134482993f5baeb97e61b7ecc89?s=96&d=mm&r=g","caption":"Roberto"},"url":"https:\/\/regiaonews.net.br\/2022\/author\/roberto\/"}]}},"publishpress_future_action":{"enabled":false,"date":"2026-05-02 03:47:05","action":"change-status","newStatus":"draft","terms":[],"taxonomy":"category","extraData":[]},"publishpress_future_workflow_manual_trigger":{"enabledWorkflows":[]},"_links":{"self":[{"href":"https:\/\/regiaonews.net.br\/2022\/wp-json\/wp\/v2\/posts\/114813","targetHints":{"allow":["GET"]}}],"collection":[{"href":"https:\/\/regiaonews.net.br\/2022\/wp-json\/wp\/v2\/posts"}],"about":[{"href":"https:\/\/regiaonews.net.br\/2022\/wp-json\/wp\/v2\/types\/post"}],"author":[{"embeddable":true,"href":"https:\/\/regiaonews.net.br\/2022\/wp-json\/wp\/v2\/users\/2"}],"replies":[{"embeddable":true,"href":"https:\/\/regiaonews.net.br\/2022\/wp-json\/wp\/v2\/comments?post=114813"}],"version-history":[{"count":2,"href":"https:\/\/regiaonews.net.br\/2022\/wp-json\/wp\/v2\/posts\/114813\/revisions"}],"predecessor-version":[{"id":114816,"href":"https:\/\/regiaonews.net.br\/2022\/wp-json\/wp\/v2\/posts\/114813\/revisions\/114816"}],"wp:featuredmedia":[{"embeddable":true,"href":"https:\/\/regiaonews.net.br\/2022\/wp-json\/wp\/v2\/media\/114814"}],"wp:attachment":[{"href":"https:\/\/regiaonews.net.br\/2022\/wp-json\/wp\/v2\/media?parent=114813"}],"wp:term":[{"taxonomy":"category","embeddable":true,"href":"https:\/\/regiaonews.net.br\/2022\/wp-json\/wp\/v2\/categories?post=114813"},{"taxonomy":"post_tag","embeddable":true,"href":"https:\/\/regiaonews.net.br\/2022\/wp-json\/wp\/v2\/tags?post=114813"}],"curies":[{"name":"wp","href":"https:\/\/api.w.org\/{rel}","templated":true}]}}