{"id":114800,"date":"2025-02-20T20:32:41","date_gmt":"2025-02-20T23:32:41","guid":{"rendered":"https:\/\/regiaonews.net.br\/2022\/?p=114800"},"modified":"2025-02-20T20:32:41","modified_gmt":"2025-02-20T23:32:41","slug":"ubss-abrem-neste-sabado-22-para-o-dia-d-de-vacinacao-contra-febre-amarela-e-outras-doencas","status":"publish","type":"post","link":"https:\/\/regiaonews.net.br\/2022\/2025\/02\/20\/ubss-abrem-neste-sabado-22-para-o-dia-d-de-vacinacao-contra-febre-amarela-e-outras-doencas\/","title":{"rendered":"UBSs abrem neste s\u00e1bado, 22, para o Dia D de vacina\u00e7\u00e3o contra febre amarela e outras doen\u00e7as"},"content":{"rendered":"<p>&nbsp;<\/p>\n<p>Toda a popula\u00e7\u00e3o pode procurar uma unidade para conferir se est\u00e1 com a vacina\u00e7\u00e3o em dia. Em Barretos, a vacina contra a febre amarela est\u00e1 sendo aplicada a partir dos seis meses de idade<\/p>\n<p>As Unidades B\u00e1sicas de Sa\u00fade da Est\u00e2ncia Tur\u00edstica de Barretos abrem neste s\u00e1bado, dia 22, para o Dia D de Vacina\u00e7\u00e3o contra a febre amarela e outras doen\u00e7as. Todas as 15 unidades da cidade que t\u00eam sala de vacina\u00e7\u00e3o atender\u00e3o a popula\u00e7\u00e3o das 8 \u00e0s 16h. Adultos, adolescentes, crian\u00e7as e beb\u00eas a partir de 6 meses de idade devem estar protegidos contra a febre amarela, que j\u00e1 provocou nove mortes no Estado de S\u00e3o Paulo em 2025.<\/p>\n<p>A vacina contra a doen\u00e7a faz parte do calend\u00e1rio de rotina. Uma dose deve ser aplicada aos 9 meses de idade e outra, aos 4 anos. Neste momento, como o v\u00edrus foi identificado em primatas na regi\u00e3o de Barretos, a vacina\u00e7\u00e3o est\u00e1 sendo intensificada e, portanto, o estado passou a recomendar que beb\u00eas entre 6 e 8 meses tamb\u00e9m recebam uma dose da vacina.<\/p>\n<p>Al\u00e9m deles, beb\u00eas e crian\u00e7as entre 9 meses e 4 anos devem ser levados a uma UBS para ser conferido se est\u00e3o com as doses em dia. Toda a popula\u00e7\u00e3o a partir de 5 anos de idade tamb\u00e9m deve conferir se tomou a vacina no momento apropriado ou se est\u00e1 com a vacina\u00e7\u00e3o em atraso ou incompleta.<\/p>\n<p>Dependendo da idade em que a pessoa foi vacinada, n\u00e3o basta ter apenas uma dose marcada na carteirinha. Por isso, \u00e9 importante ir at\u00e9 a UBS, onde o profissional da sala de vacina vai verificar a carteirinha de cada pessoa e, se for necess\u00e1rio, j\u00e1 recebe a vacina.<\/p>\n<p>Situa\u00e7\u00f5es especiais<br \/>\nCaso ainda n\u00e3o tenham se protegido contra a doen\u00e7a, pessoas idosas (a partir de 60 anos), gestantes e pessoas com alergia grave a ovo devem passar por avalia\u00e7\u00e3o m\u00e9dica antes de se vacinar.<\/p>\n<p>Vacina\u00e7\u00e3o na zona rural<br \/>\nNa zona rural, a vacina\u00e7\u00e3o ser\u00e1 realizada durante a pr\u00f3xima semana: das 9 \u00e0s 13h, na UBS de Ibitu nos dias 25 e 26 (ter\u00e7a e quarta-feira) e na UBS de Alberto Moreira nos dias 27 e 28 (quinta e sexta-feira), tamb\u00e9m das 9 \u00e0s 13h. Os moradores da zona rural j\u00e1 podem procurar o agente de sa\u00fade ou a UBS de sua regi\u00e3o para conferir a carteirinha e saber se precisar\u00e3o atualizar a vacina\u00e7\u00e3o.<\/p>\n<p>Avan\u00e7o da febre amarela<br \/>\nTodas as 15 pessoas infectadas com a doen\u00e7a no Estado de S\u00e3o Paulo em 2025 n\u00e3o estavam vacinadas. Dos 15 contaminados, 9 morreram. Em Barretos, a doen\u00e7a n\u00e3o \u00e9 registrada h\u00e1 mais de uma d\u00e9cada. Entretanto, nos \u00faltimos meses, macacos foram encontrados mortos, contaminados pelo v\u00edrus da febre amarela em cidades da regi\u00e3o, um deles em Colina.<\/p>\n<p>Vacina\u00e7\u00e3o antes de viajar<br \/>\nA Secretaria Municipal de Sa\u00fade lembra que a prote\u00e7\u00e3o \u00e9 alcan\u00e7ada 10 dias ap\u00f3s a aplica\u00e7\u00e3o da vacina. Portanto, quem pretende viajar no carnaval deve se vacinar o quanto antes. Al\u00e9m do Dia D, a popula\u00e7\u00e3o pode procurar a UBS mais pr\u00f3xima de segunda a sexta-feira e se vacinar.<\/p>\n<p>Outras vacinas<br \/>\nNo Dia D, pessoas de todas as idades que j\u00e1 estiverem com a vacina\u00e7\u00e3o contra a febre amarela em dia poder\u00e3o aproveitar para conferir a carteirinha e, se necess\u00e1rio, receber outras vacinas, conforme a situa\u00e7\u00e3o da sua carteirinha em rela\u00e7\u00e3o ao calend\u00e1rio vacinal.<\/p>\n<p>Por exemplo, crian\u00e7as e adolescentes entre 10 e 14 anos devem ser levados a uma UBS para tomar as duas doses da vacina contra a dengue, com intervalo de 90 dias entre a primeira e a segunda dose.<\/p>\n<p>Para os que t\u00eam entre 11 e 19 anos, est\u00e1 dispon\u00edvel a vacina contra HPV, que protege inclusive contra c\u00e2ncer do colo do \u00fatero, de p\u00eanis, de \u00e2nus, de uretra e de garganta. A vacina contra o HPV \u00e9 aplicada em dose \u00fanica e, excepcionalmente, at\u00e9 o final de mar\u00e7o, est\u00e1 dispon\u00edvel para os adolescentes entre 15 e 19 anos que n\u00e3o tomaram quando tinham entre 11 e 14.<\/p>\n<p>N\u00e3o se deve matar macacos<br \/>\nA Prefeitura de Barretos refor\u00e7a que a doen\u00e7a contra a febre amarela \u00e9 transmitida por mosquitos. Os macacos tamb\u00e9m s\u00e3o v\u00edtimas da febre amarela e servem como alerta de que o v\u00edrus est\u00e1 circulando na regi\u00e3o. Agredir macacos ou outros animais \u00e9 crime e den\u00fancias podem ser feitas para a Ouvidoria Municipal, pelo telefone e WhatsApp: (17) 3612-2100.<\/p>\n<p>Como proceder se encontrar um macaco morto<br \/>\nSe voc\u00ea tiver informa\u00e7\u00f5es sobre algum macaco morto, na cidade ou na zona rural, deve informar a Ouvidoria Municipal &#8211; (17) 3612-2100 &#8211; para que seja investigado se o animal est\u00e1 contaminado por febre amarela. Tamb\u00e9m \u00e9 poss\u00edvel enviar, pelo celular, o registro com localiza\u00e7\u00e3o e foto do animal para o Sistema de Informa\u00e7\u00e3o em Sa\u00fade Silvestre &#8211; SISS &#8211; Geo da FIOCRUZ, pelo link https:\/\/sissgeo.lncc.br\/.<\/p>\n","protected":false},"excerpt":{"rendered":"<p>&nbsp; Toda a popula\u00e7\u00e3o pode procurar uma unidade para conferir<\/p>\n","protected":false},"author":2,"featured_media":114801,"comment_status":"open","ping_status":"open","sticky":false,"template":"","format":"standard","meta":{"footnotes":""},"categories":[14,25],"tags":[],"class_list":["post-114800","post","type-post","status-publish","format-standard","has-post-thumbnail","hentry","category-barretos","category-cidades"],"yoast_head":"<!-- This site is optimized with the Yoast SEO plugin v27.4 - https:\/\/yoast.com\/product\/yoast-seo-wordpress\/ -->\n<title>UBSs abrem neste s\u00e1bado, 22, para o Dia D de vacina\u00e7\u00e3o contra febre amarela e outras doen\u00e7as - Regi\u00e3o News<\/title>\n<meta name=\"robots\" content=\"index, follow, max-snippet:-1, max-image-preview:large, max-video-preview:-1\" \/>\n<link rel=\"canonical\" href=\"https:\/\/regiaonews.net.br\/2022\/2025\/02\/20\/ubss-abrem-neste-sabado-22-para-o-dia-d-de-vacinacao-contra-febre-amarela-e-outras-doencas\/\" \/>\n<meta property=\"og:locale\" content=\"pt_BR\" \/>\n<meta property=\"og:type\" content=\"article\" \/>\n<meta property=\"og:title\" content=\"UBSs abrem neste s\u00e1bado, 22, para o Dia D de vacina\u00e7\u00e3o contra febre amarela e outras doen\u00e7as - Regi\u00e3o News\" \/>\n<meta property=\"og:description\" content=\"&nbsp; Toda a popula\u00e7\u00e3o pode procurar uma unidade para conferir\" \/>\n<meta property=\"og:url\" content=\"https:\/\/regiaonews.net.br\/2022\/2025\/02\/20\/ubss-abrem-neste-sabado-22-para-o-dia-d-de-vacinacao-contra-febre-amarela-e-outras-doencas\/\" \/>\n<meta property=\"og:site_name\" content=\"Regi\u00e3o News\" \/>\n<meta property=\"article:published_time\" content=\"2025-02-20T23:32:41+00:00\" \/>\n<meta property=\"og:image\" content=\"https:\/\/regiaonews.net.br\/2022\/wp-content\/uploads\/2025\/02\/WhatsApp-Image-2025-02-20-at-18.19.15.jpeg\" \/>\n\t<meta property=\"og:image:width\" content=\"1080\" \/>\n\t<meta property=\"og:image:height\" content=\"1350\" \/>\n\t<meta property=\"og:image:type\" content=\"image\/jpeg\" \/>\n<meta name=\"author\" content=\"Roberto\" \/>\n<meta name=\"twitter:card\" content=\"summary_large_image\" \/>\n<meta name=\"twitter:label1\" content=\"Escrito por\" \/>\n\t<meta name=\"twitter:data1\" content=\"Roberto\" \/>\n\t<meta name=\"twitter:label2\" content=\"Est. tempo de leitura\" \/>\n\t<meta name=\"twitter:data2\" content=\"5 minutos\" \/>\n<script type=\"application\/ld+json\" class=\"yoast-schema-graph\">{\"@context\":\"https:\\\/\\\/schema.org\",\"@graph\":[{\"@type\":\"Article\",\"@id\":\"https:\\\/\\\/regiaonews.net.br\\\/2022\\\/2025\\\/02\\\/20\\\/ubss-abrem-neste-sabado-22-para-o-dia-d-de-vacinacao-contra-febre-amarela-e-outras-doencas\\\/#article\",\"isPartOf\":{\"@id\":\"https:\\\/\\\/regiaonews.net.br\\\/2022\\\/2025\\\/02\\\/20\\\/ubss-abrem-neste-sabado-22-para-o-dia-d-de-vacinacao-contra-febre-amarela-e-outras-doencas\\\/\"},\"author\":{\"name\":\"Roberto\",\"@id\":\"https:\\\/\\\/regiaonews.net.br\\\/2022\\\/#\\\/schema\\\/person\\\/2d205a608a5aa97ac279d7a5e6d89ad8\"},\"headline\":\"UBSs abrem neste s\u00e1bado, 22, para o Dia D de vacina\u00e7\u00e3o contra febre amarela e outras doen\u00e7as\",\"datePublished\":\"2025-02-20T23:32:41+00:00\",\"mainEntityOfPage\":{\"@id\":\"https:\\\/\\\/regiaonews.net.br\\\/2022\\\/2025\\\/02\\\/20\\\/ubss-abrem-neste-sabado-22-para-o-dia-d-de-vacinacao-contra-febre-amarela-e-outras-doencas\\\/\"},\"wordCount\":870,\"commentCount\":0,\"publisher\":{\"@id\":\"https:\\\/\\\/regiaonews.net.br\\\/2022\\\/#organization\"},\"image\":{\"@id\":\"https:\\\/\\\/regiaonews.net.br\\\/2022\\\/2025\\\/02\\\/20\\\/ubss-abrem-neste-sabado-22-para-o-dia-d-de-vacinacao-contra-febre-amarela-e-outras-doencas\\\/#primaryimage\"},\"thumbnailUrl\":\"https:\\\/\\\/regiaonews.net.br\\\/2022\\\/wp-content\\\/uploads\\\/2025\\\/02\\\/WhatsApp-Image-2025-02-20-at-18.19.15.jpeg\",\"articleSection\":[\"Barretos\",\"Cidades\"],\"inLanguage\":\"pt-BR\",\"potentialAction\":[{\"@type\":\"CommentAction\",\"name\":\"Comment\",\"target\":[\"https:\\\/\\\/regiaonews.net.br\\\/2022\\\/2025\\\/02\\\/20\\\/ubss-abrem-neste-sabado-22-para-o-dia-d-de-vacinacao-contra-febre-amarela-e-outras-doencas\\\/#respond\"]}]},{\"@type\":\"WebPage\",\"@id\":\"https:\\\/\\\/regiaonews.net.br\\\/2022\\\/2025\\\/02\\\/20\\\/ubss-abrem-neste-sabado-22-para-o-dia-d-de-vacinacao-contra-febre-amarela-e-outras-doencas\\\/\",\"url\":\"https:\\\/\\\/regiaonews.net.br\\\/2022\\\/2025\\\/02\\\/20\\\/ubss-abrem-neste-sabado-22-para-o-dia-d-de-vacinacao-contra-febre-amarela-e-outras-doencas\\\/\",\"name\":\"UBSs abrem neste s\u00e1bado, 22, para o Dia D de vacina\u00e7\u00e3o contra febre amarela e outras doen\u00e7as - Regi\u00e3o News\",\"isPartOf\":{\"@id\":\"https:\\\/\\\/regiaonews.net.br\\\/2022\\\/#website\"},\"primaryImageOfPage\":{\"@id\":\"https:\\\/\\\/regiaonews.net.br\\\/2022\\\/2025\\\/02\\\/20\\\/ubss-abrem-neste-sabado-22-para-o-dia-d-de-vacinacao-contra-febre-amarela-e-outras-doencas\\\/#primaryimage\"},\"image\":{\"@id\":\"https:\\\/\\\/regiaonews.net.br\\\/2022\\\/2025\\\/02\\\/20\\\/ubss-abrem-neste-sabado-22-para-o-dia-d-de-vacinacao-contra-febre-amarela-e-outras-doencas\\\/#primaryimage\"},\"thumbnailUrl\":\"https:\\\/\\\/regiaonews.net.br\\\/2022\\\/wp-content\\\/uploads\\\/2025\\\/02\\\/WhatsApp-Image-2025-02-20-at-18.19.15.jpeg\",\"datePublished\":\"2025-02-20T23:32:41+00:00\",\"breadcrumb\":{\"@id\":\"https:\\\/\\\/regiaonews.net.br\\\/2022\\\/2025\\\/02\\\/20\\\/ubss-abrem-neste-sabado-22-para-o-dia-d-de-vacinacao-contra-febre-amarela-e-outras-doencas\\\/#breadcrumb\"},\"inLanguage\":\"pt-BR\",\"potentialAction\":[{\"@type\":\"ReadAction\",\"target\":[\"https:\\\/\\\/regiaonews.net.br\\\/2022\\\/2025\\\/02\\\/20\\\/ubss-abrem-neste-sabado-22-para-o-dia-d-de-vacinacao-contra-febre-amarela-e-outras-doencas\\\/\"]}]},{\"@type\":\"ImageObject\",\"inLanguage\":\"pt-BR\",\"@id\":\"https:\\\/\\\/regiaonews.net.br\\\/2022\\\/2025\\\/02\\\/20\\\/ubss-abrem-neste-sabado-22-para-o-dia-d-de-vacinacao-contra-febre-amarela-e-outras-doencas\\\/#primaryimage\",\"url\":\"https:\\\/\\\/regiaonews.net.br\\\/2022\\\/wp-content\\\/uploads\\\/2025\\\/02\\\/WhatsApp-Image-2025-02-20-at-18.19.15.jpeg\",\"contentUrl\":\"https:\\\/\\\/regiaonews.net.br\\\/2022\\\/wp-content\\\/uploads\\\/2025\\\/02\\\/WhatsApp-Image-2025-02-20-at-18.19.15.jpeg\",\"width\":1080,\"height\":1350},{\"@type\":\"BreadcrumbList\",\"@id\":\"https:\\\/\\\/regiaonews.net.br\\\/2022\\\/2025\\\/02\\\/20\\\/ubss-abrem-neste-sabado-22-para-o-dia-d-de-vacinacao-contra-febre-amarela-e-outras-doencas\\\/#breadcrumb\",\"itemListElement\":[{\"@type\":\"ListItem\",\"position\":1,\"name\":\"In\u00edcio\",\"item\":\"https:\\\/\\\/regiaonews.net.br\\\/2022\\\/\"},{\"@type\":\"ListItem\",\"position\":2,\"name\":\"UBSs abrem neste s\u00e1bado, 22, para o Dia D de vacina\u00e7\u00e3o contra febre amarela e outras doen\u00e7as\"}]},{\"@type\":\"WebSite\",\"@id\":\"https:\\\/\\\/regiaonews.net.br\\\/2022\\\/#website\",\"url\":\"https:\\\/\\\/regiaonews.net.br\\\/2022\\\/\",\"name\":\"Regi\u00e3o News\",\"description\":\"Site de Not\u00edcias de Barretos e regi\u00e3o\",\"publisher\":{\"@id\":\"https:\\\/\\\/regiaonews.net.br\\\/2022\\\/#organization\"},\"potentialAction\":[{\"@type\":\"SearchAction\",\"target\":{\"@type\":\"EntryPoint\",\"urlTemplate\":\"https:\\\/\\\/regiaonews.net.br\\\/2022\\\/?s={search_term_string}\"},\"query-input\":{\"@type\":\"PropertyValueSpecification\",\"valueRequired\":true,\"valueName\":\"search_term_string\"}}],\"inLanguage\":\"pt-BR\"},{\"@type\":\"Organization\",\"@id\":\"https:\\\/\\\/regiaonews.net.br\\\/2022\\\/#organization\",\"name\":\"Regi\u00e3o News\",\"url\":\"https:\\\/\\\/regiaonews.net.br\\\/2022\\\/\",\"logo\":{\"@type\":\"ImageObject\",\"inLanguage\":\"pt-BR\",\"@id\":\"https:\\\/\\\/regiaonews.net.br\\\/2022\\\/#\\\/schema\\\/logo\\\/image\\\/\",\"url\":\"https:\\\/\\\/regiaonews.net.br\\\/2022\\\/wp-content\\\/uploads\\\/2026\\\/03\\\/regiao-13-anos-scaled.jpg\",\"contentUrl\":\"https:\\\/\\\/regiaonews.net.br\\\/2022\\\/wp-content\\\/uploads\\\/2026\\\/03\\\/regiao-13-anos-scaled.jpg\",\"width\":2560,\"height\":635,\"caption\":\"Regi\u00e3o News\"},\"image\":{\"@id\":\"https:\\\/\\\/regiaonews.net.br\\\/2022\\\/#\\\/schema\\\/logo\\\/image\\\/\"}},{\"@type\":\"Person\",\"@id\":\"https:\\\/\\\/regiaonews.net.br\\\/2022\\\/#\\\/schema\\\/person\\\/2d205a608a5aa97ac279d7a5e6d89ad8\",\"name\":\"Roberto\",\"image\":{\"@type\":\"ImageObject\",\"inLanguage\":\"pt-BR\",\"@id\":\"https:\\\/\\\/secure.gravatar.com\\\/avatar\\\/42749d8b712ff9d59ca93dc150494e5b55a44134482993f5baeb97e61b7ecc89?s=96&d=mm&r=g\",\"url\":\"https:\\\/\\\/secure.gravatar.com\\\/avatar\\\/42749d8b712ff9d59ca93dc150494e5b55a44134482993f5baeb97e61b7ecc89?s=96&d=mm&r=g\",\"contentUrl\":\"https:\\\/\\\/secure.gravatar.com\\\/avatar\\\/42749d8b712ff9d59ca93dc150494e5b55a44134482993f5baeb97e61b7ecc89?s=96&d=mm&r=g\",\"caption\":\"Roberto\"},\"url\":\"https:\\\/\\\/regiaonews.net.br\\\/2022\\\/author\\\/roberto\\\/\"}]}<\/script>\n<!-- \/ Yoast SEO plugin. -->","yoast_head_json":{"title":"UBSs abrem neste s\u00e1bado, 22, para o Dia D de vacina\u00e7\u00e3o contra febre amarela e outras doen\u00e7as - Regi\u00e3o News","robots":{"index":"index","follow":"follow","max-snippet":"max-snippet:-1","max-image-preview":"max-image-preview:large","max-video-preview":"max-video-preview:-1"},"canonical":"https:\/\/regiaonews.net.br\/2022\/2025\/02\/20\/ubss-abrem-neste-sabado-22-para-o-dia-d-de-vacinacao-contra-febre-amarela-e-outras-doencas\/","og_locale":"pt_BR","og_type":"article","og_title":"UBSs abrem neste s\u00e1bado, 22, para o Dia D de vacina\u00e7\u00e3o contra febre amarela e outras doen\u00e7as - Regi\u00e3o News","og_description":"&nbsp; Toda a popula\u00e7\u00e3o pode procurar uma unidade para conferir","og_url":"https:\/\/regiaonews.net.br\/2022\/2025\/02\/20\/ubss-abrem-neste-sabado-22-para-o-dia-d-de-vacinacao-contra-febre-amarela-e-outras-doencas\/","og_site_name":"Regi\u00e3o News","article_published_time":"2025-02-20T23:32:41+00:00","og_image":[{"width":1080,"height":1350,"url":"https:\/\/regiaonews.net.br\/2022\/wp-content\/uploads\/2025\/02\/WhatsApp-Image-2025-02-20-at-18.19.15.jpeg","type":"image\/jpeg"}],"author":"Roberto","twitter_card":"summary_large_image","twitter_misc":{"Escrito por":"Roberto","Est. tempo de leitura":"5 minutos"},"schema":{"@context":"https:\/\/schema.org","@graph":[{"@type":"Article","@id":"https:\/\/regiaonews.net.br\/2022\/2025\/02\/20\/ubss-abrem-neste-sabado-22-para-o-dia-d-de-vacinacao-contra-febre-amarela-e-outras-doencas\/#article","isPartOf":{"@id":"https:\/\/regiaonews.net.br\/2022\/2025\/02\/20\/ubss-abrem-neste-sabado-22-para-o-dia-d-de-vacinacao-contra-febre-amarela-e-outras-doencas\/"},"author":{"name":"Roberto","@id":"https:\/\/regiaonews.net.br\/2022\/#\/schema\/person\/2d205a608a5aa97ac279d7a5e6d89ad8"},"headline":"UBSs abrem neste s\u00e1bado, 22, para o Dia D de vacina\u00e7\u00e3o contra febre amarela e outras doen\u00e7as","datePublished":"2025-02-20T23:32:41+00:00","mainEntityOfPage":{"@id":"https:\/\/regiaonews.net.br\/2022\/2025\/02\/20\/ubss-abrem-neste-sabado-22-para-o-dia-d-de-vacinacao-contra-febre-amarela-e-outras-doencas\/"},"wordCount":870,"commentCount":0,"publisher":{"@id":"https:\/\/regiaonews.net.br\/2022\/#organization"},"image":{"@id":"https:\/\/regiaonews.net.br\/2022\/2025\/02\/20\/ubss-abrem-neste-sabado-22-para-o-dia-d-de-vacinacao-contra-febre-amarela-e-outras-doencas\/#primaryimage"},"thumbnailUrl":"https:\/\/regiaonews.net.br\/2022\/wp-content\/uploads\/2025\/02\/WhatsApp-Image-2025-02-20-at-18.19.15.jpeg","articleSection":["Barretos","Cidades"],"inLanguage":"pt-BR","potentialAction":[{"@type":"CommentAction","name":"Comment","target":["https:\/\/regiaonews.net.br\/2022\/2025\/02\/20\/ubss-abrem-neste-sabado-22-para-o-dia-d-de-vacinacao-contra-febre-amarela-e-outras-doencas\/#respond"]}]},{"@type":"WebPage","@id":"https:\/\/regiaonews.net.br\/2022\/2025\/02\/20\/ubss-abrem-neste-sabado-22-para-o-dia-d-de-vacinacao-contra-febre-amarela-e-outras-doencas\/","url":"https:\/\/regiaonews.net.br\/2022\/2025\/02\/20\/ubss-abrem-neste-sabado-22-para-o-dia-d-de-vacinacao-contra-febre-amarela-e-outras-doencas\/","name":"UBSs abrem neste s\u00e1bado, 22, para o Dia D de vacina\u00e7\u00e3o contra febre amarela e outras doen\u00e7as - Regi\u00e3o News","isPartOf":{"@id":"https:\/\/regiaonews.net.br\/2022\/#website"},"primaryImageOfPage":{"@id":"https:\/\/regiaonews.net.br\/2022\/2025\/02\/20\/ubss-abrem-neste-sabado-22-para-o-dia-d-de-vacinacao-contra-febre-amarela-e-outras-doencas\/#primaryimage"},"image":{"@id":"https:\/\/regiaonews.net.br\/2022\/2025\/02\/20\/ubss-abrem-neste-sabado-22-para-o-dia-d-de-vacinacao-contra-febre-amarela-e-outras-doencas\/#primaryimage"},"thumbnailUrl":"https:\/\/regiaonews.net.br\/2022\/wp-content\/uploads\/2025\/02\/WhatsApp-Image-2025-02-20-at-18.19.15.jpeg","datePublished":"2025-02-20T23:32:41+00:00","breadcrumb":{"@id":"https:\/\/regiaonews.net.br\/2022\/2025\/02\/20\/ubss-abrem-neste-sabado-22-para-o-dia-d-de-vacinacao-contra-febre-amarela-e-outras-doencas\/#breadcrumb"},"inLanguage":"pt-BR","potentialAction":[{"@type":"ReadAction","target":["https:\/\/regiaonews.net.br\/2022\/2025\/02\/20\/ubss-abrem-neste-sabado-22-para-o-dia-d-de-vacinacao-contra-febre-amarela-e-outras-doencas\/"]}]},{"@type":"ImageObject","inLanguage":"pt-BR","@id":"https:\/\/regiaonews.net.br\/2022\/2025\/02\/20\/ubss-abrem-neste-sabado-22-para-o-dia-d-de-vacinacao-contra-febre-amarela-e-outras-doencas\/#primaryimage","url":"https:\/\/regiaonews.net.br\/2022\/wp-content\/uploads\/2025\/02\/WhatsApp-Image-2025-02-20-at-18.19.15.jpeg","contentUrl":"https:\/\/regiaonews.net.br\/2022\/wp-content\/uploads\/2025\/02\/WhatsApp-Image-2025-02-20-at-18.19.15.jpeg","width":1080,"height":1350},{"@type":"BreadcrumbList","@id":"https:\/\/regiaonews.net.br\/2022\/2025\/02\/20\/ubss-abrem-neste-sabado-22-para-o-dia-d-de-vacinacao-contra-febre-amarela-e-outras-doencas\/#breadcrumb","itemListElement":[{"@type":"ListItem","position":1,"name":"In\u00edcio","item":"https:\/\/regiaonews.net.br\/2022\/"},{"@type":"ListItem","position":2,"name":"UBSs abrem neste s\u00e1bado, 22, para o Dia D de vacina\u00e7\u00e3o contra febre amarela e outras doen\u00e7as"}]},{"@type":"WebSite","@id":"https:\/\/regiaonews.net.br\/2022\/#website","url":"https:\/\/regiaonews.net.br\/2022\/","name":"Regi\u00e3o News","description":"Site de Not\u00edcias de Barretos e regi\u00e3o","publisher":{"@id":"https:\/\/regiaonews.net.br\/2022\/#organization"},"potentialAction":[{"@type":"SearchAction","target":{"@type":"EntryPoint","urlTemplate":"https:\/\/regiaonews.net.br\/2022\/?s={search_term_string}"},"query-input":{"@type":"PropertyValueSpecification","valueRequired":true,"valueName":"search_term_string"}}],"inLanguage":"pt-BR"},{"@type":"Organization","@id":"https:\/\/regiaonews.net.br\/2022\/#organization","name":"Regi\u00e3o News","url":"https:\/\/regiaonews.net.br\/2022\/","logo":{"@type":"ImageObject","inLanguage":"pt-BR","@id":"https:\/\/regiaonews.net.br\/2022\/#\/schema\/logo\/image\/","url":"https:\/\/regiaonews.net.br\/2022\/wp-content\/uploads\/2026\/03\/regiao-13-anos-scaled.jpg","contentUrl":"https:\/\/regiaonews.net.br\/2022\/wp-content\/uploads\/2026\/03\/regiao-13-anos-scaled.jpg","width":2560,"height":635,"caption":"Regi\u00e3o News"},"image":{"@id":"https:\/\/regiaonews.net.br\/2022\/#\/schema\/logo\/image\/"}},{"@type":"Person","@id":"https:\/\/regiaonews.net.br\/2022\/#\/schema\/person\/2d205a608a5aa97ac279d7a5e6d89ad8","name":"Roberto","image":{"@type":"ImageObject","inLanguage":"pt-BR","@id":"https:\/\/secure.gravatar.com\/avatar\/42749d8b712ff9d59ca93dc150494e5b55a44134482993f5baeb97e61b7ecc89?s=96&d=mm&r=g","url":"https:\/\/secure.gravatar.com\/avatar\/42749d8b712ff9d59ca93dc150494e5b55a44134482993f5baeb97e61b7ecc89?s=96&d=mm&r=g","contentUrl":"https:\/\/secure.gravatar.com\/avatar\/42749d8b712ff9d59ca93dc150494e5b55a44134482993f5baeb97e61b7ecc89?s=96&d=mm&r=g","caption":"Roberto"},"url":"https:\/\/regiaonews.net.br\/2022\/author\/roberto\/"}]}},"publishpress_future_action":{"enabled":false,"date":"2026-05-02 04:13:59","action":"change-status","newStatus":"draft","terms":[],"taxonomy":"category","extraData":[]},"publishpress_future_workflow_manual_trigger":{"enabledWorkflows":[]},"_links":{"self":[{"href":"https:\/\/regiaonews.net.br\/2022\/wp-json\/wp\/v2\/posts\/114800","targetHints":{"allow":["GET"]}}],"collection":[{"href":"https:\/\/regiaonews.net.br\/2022\/wp-json\/wp\/v2\/posts"}],"about":[{"href":"https:\/\/regiaonews.net.br\/2022\/wp-json\/wp\/v2\/types\/post"}],"author":[{"embeddable":true,"href":"https:\/\/regiaonews.net.br\/2022\/wp-json\/wp\/v2\/users\/2"}],"replies":[{"embeddable":true,"href":"https:\/\/regiaonews.net.br\/2022\/wp-json\/wp\/v2\/comments?post=114800"}],"version-history":[{"count":1,"href":"https:\/\/regiaonews.net.br\/2022\/wp-json\/wp\/v2\/posts\/114800\/revisions"}],"predecessor-version":[{"id":114802,"href":"https:\/\/regiaonews.net.br\/2022\/wp-json\/wp\/v2\/posts\/114800\/revisions\/114802"}],"wp:featuredmedia":[{"embeddable":true,"href":"https:\/\/regiaonews.net.br\/2022\/wp-json\/wp\/v2\/media\/114801"}],"wp:attachment":[{"href":"https:\/\/regiaonews.net.br\/2022\/wp-json\/wp\/v2\/media?parent=114800"}],"wp:term":[{"taxonomy":"category","embeddable":true,"href":"https:\/\/regiaonews.net.br\/2022\/wp-json\/wp\/v2\/categories?post=114800"},{"taxonomy":"post_tag","embeddable":true,"href":"https:\/\/regiaonews.net.br\/2022\/wp-json\/wp\/v2\/tags?post=114800"}],"curies":[{"name":"wp","href":"https:\/\/api.w.org\/{rel}","templated":true}]}}