{"id":114752,"date":"2025-02-19T16:48:26","date_gmt":"2025-02-19T19:48:26","guid":{"rendered":"https:\/\/regiaonews.net.br\/2022\/?p=114752"},"modified":"2025-02-19T16:48:26","modified_gmt":"2025-02-19T19:48:26","slug":"defesa-civil-do-estado-enviou-16-alertas-antes-das-chuvas-desta-terca-feira-18","status":"publish","type":"post","link":"https:\/\/regiaonews.net.br\/2022\/2025\/02\/19\/defesa-civil-do-estado-enviou-16-alertas-antes-das-chuvas-desta-terca-feira-18\/","title":{"rendered":"Defesa Civil do Estado enviou 16 alertas antes das chuvas desta ter\u00e7a-feira (18)"},"content":{"rendered":"<p>A Defesa Civil do Estado emitiu 16 alertas severos para 22 munic\u00edpios do estado de S\u00e3o Paulo na tarde e noite desta ter\u00e7a-feira (18). Dois deles foram para a capital paulista. O primeiro alerta para S\u00e3o Paulo foi enviado \u00e0s 15h12, para as zonas leste e centro da cidade.<\/p>\n<p>A chuva deu uma tr\u00e9gua e retornou com forte intensidade por volta das 20h. \u00c0s 20h10, foi enviado alerta severo para as zonas norte e oeste da capital. Ao identificar pelos radares do CePRAM (Centro Paulista de Radares e Alertas Meteorol\u00f3gicos) que a chuva n\u00e3o se deslocava e seguia com muito volume, o CGE encaminhou, \u00e0s 20h16, um novo alerta severo para as zonas norte, centro e oeste.<\/p>\n<p>Segundo informa\u00e7\u00f5es do Corpo de Bombeiros, \u00e0s 21h19, uma mulher foi arrastada na Avenida General Edgar Fac\u00f3, na Freguesia do \u00d3, na zona norte da capital, ap\u00f3s seu ve\u00edculo ficar preso no alagamento. A Defesa Civil alertou sobre chuva forte uma hora antes de a enxurrada arrastar a mulher na zona norte da capital.<\/p>\n<h2 class=\"wp-block-heading\">Finalidade do alerta severo<\/h2>\n<p>Os alertas cell broadcast enviados pela Defesa Civil possuem a finalidade de alertar a popula\u00e7\u00e3o sempre que a chuva atinge um volume elevado, ou seja, ele \u00e9 enviado na maioria das vezes quando j\u00e1 est\u00e1 chovendo. Mas tamb\u00e9m \u00e9 enviado quando a chuva ainda n\u00e3o provocou alagamentos ou deslizamentos, mas, em raz\u00e3o da intensidade identificada pelos meteorologistas, estas chuvas ter\u00e3o potencial de alagar vias e gerar deslizamentos.<\/p>\n<p>O objetivo do alerta \u00e9 despertar na popula\u00e7\u00e3o a percep\u00e7\u00e3o de risco e de autoprote\u00e7\u00e3o. Ou seja, ao receberem a mensagem, saibam que a Defesa Civil identificou um perigo potencial naquela chuva e, neste caso, cada pessoa deve procurar um local seguro, seja permanecer em casa ou no trabalho ou, ainda, se estiver em deslocamento, evitar permanecer em ruas que alagam e parar ao lado de \u00e1rvores.<\/p>\n<p>O alerta severo n\u00e3o funciona como previs\u00e3o do tempo: seu papel \u00e9 alertar no momento que a chuva severa se forma sobre o munic\u00edpio.<\/p>\n<p>As previs\u00f5es do tempo produzidas pela Defesa Civil s\u00e3o publicadas diariamente em suas redes sociais, pelo @defesacivilsp ou no canal do WhatsApp (Defesa Civil do\u00a0Estado\u00a0de\u00a0SP).<\/p>\n","protected":false},"excerpt":{"rendered":"<p>A Defesa Civil do Estado emitiu 16 alertas severos para<\/p>\n","protected":false},"author":2,"featured_media":114753,"comment_status":"open","ping_status":"open","sticky":false,"template":"","format":"standard","meta":{"footnotes":""},"categories":[7,3],"tags":[],"class_list":["post-114752","post","type-post","status-publish","format-standard","has-post-thumbnail","hentry","category-estado-de-sao-paulo","category-geral"],"yoast_head":"<!-- This site is optimized with the Yoast SEO plugin v27.4 - https:\/\/yoast.com\/product\/yoast-seo-wordpress\/ -->\n<title>Defesa Civil do Estado enviou 16 alertas antes das chuvas desta ter\u00e7a-feira (18) - Regi\u00e3o News<\/title>\n<meta name=\"robots\" content=\"index, follow, max-snippet:-1, max-image-preview:large, max-video-preview:-1\" \/>\n<link rel=\"canonical\" href=\"https:\/\/regiaonews.net.br\/2022\/2025\/02\/19\/defesa-civil-do-estado-enviou-16-alertas-antes-das-chuvas-desta-terca-feira-18\/\" \/>\n<meta property=\"og:locale\" content=\"pt_BR\" \/>\n<meta property=\"og:type\" content=\"article\" \/>\n<meta property=\"og:title\" content=\"Defesa Civil do Estado enviou 16 alertas antes das chuvas desta ter\u00e7a-feira (18) - Regi\u00e3o News\" \/>\n<meta property=\"og:description\" content=\"A Defesa Civil do Estado emitiu 16 alertas severos para\" \/>\n<meta property=\"og:url\" content=\"https:\/\/regiaonews.net.br\/2022\/2025\/02\/19\/defesa-civil-do-estado-enviou-16-alertas-antes-das-chuvas-desta-terca-feira-18\/\" \/>\n<meta property=\"og:site_name\" content=\"Regi\u00e3o News\" \/>\n<meta property=\"article:published_time\" content=\"2025-02-19T19:48:26+00:00\" \/>\n<meta property=\"og:image\" content=\"https:\/\/regiaonews.net.br\/2022\/wp-content\/uploads\/2025\/02\/54325802635_37cad64cb7_k-1024x683-1.jpg\" \/>\n\t<meta property=\"og:image:width\" content=\"1024\" \/>\n\t<meta property=\"og:image:height\" content=\"683\" \/>\n\t<meta property=\"og:image:type\" content=\"image\/jpeg\" \/>\n<meta name=\"author\" content=\"Roberto\" \/>\n<meta name=\"twitter:card\" content=\"summary_large_image\" \/>\n<meta name=\"twitter:label1\" content=\"Escrito por\" \/>\n\t<meta name=\"twitter:data1\" content=\"Roberto\" \/>\n\t<meta name=\"twitter:label2\" content=\"Est. tempo de leitura\" \/>\n\t<meta name=\"twitter:data2\" content=\"2 minutos\" \/>\n<script type=\"application\/ld+json\" class=\"yoast-schema-graph\">{\"@context\":\"https:\\\/\\\/schema.org\",\"@graph\":[{\"@type\":\"Article\",\"@id\":\"https:\\\/\\\/regiaonews.net.br\\\/2022\\\/2025\\\/02\\\/19\\\/defesa-civil-do-estado-enviou-16-alertas-antes-das-chuvas-desta-terca-feira-18\\\/#article\",\"isPartOf\":{\"@id\":\"https:\\\/\\\/regiaonews.net.br\\\/2022\\\/2025\\\/02\\\/19\\\/defesa-civil-do-estado-enviou-16-alertas-antes-das-chuvas-desta-terca-feira-18\\\/\"},\"author\":{\"name\":\"Roberto\",\"@id\":\"https:\\\/\\\/regiaonews.net.br\\\/2022\\\/#\\\/schema\\\/person\\\/2d205a608a5aa97ac279d7a5e6d89ad8\"},\"headline\":\"Defesa Civil do Estado enviou 16 alertas antes das chuvas desta ter\u00e7a-feira (18)\",\"datePublished\":\"2025-02-19T19:48:26+00:00\",\"mainEntityOfPage\":{\"@id\":\"https:\\\/\\\/regiaonews.net.br\\\/2022\\\/2025\\\/02\\\/19\\\/defesa-civil-do-estado-enviou-16-alertas-antes-das-chuvas-desta-terca-feira-18\\\/\"},\"wordCount\":388,\"commentCount\":0,\"publisher\":{\"@id\":\"https:\\\/\\\/regiaonews.net.br\\\/2022\\\/#organization\"},\"image\":{\"@id\":\"https:\\\/\\\/regiaonews.net.br\\\/2022\\\/2025\\\/02\\\/19\\\/defesa-civil-do-estado-enviou-16-alertas-antes-das-chuvas-desta-terca-feira-18\\\/#primaryimage\"},\"thumbnailUrl\":\"https:\\\/\\\/regiaonews.net.br\\\/2022\\\/wp-content\\\/uploads\\\/2025\\\/02\\\/54325802635_37cad64cb7_k-1024x683-1.jpg\",\"articleSection\":[\"Estado de S\u00e3o Paulo\",\"Geral\"],\"inLanguage\":\"pt-BR\",\"potentialAction\":[{\"@type\":\"CommentAction\",\"name\":\"Comment\",\"target\":[\"https:\\\/\\\/regiaonews.net.br\\\/2022\\\/2025\\\/02\\\/19\\\/defesa-civil-do-estado-enviou-16-alertas-antes-das-chuvas-desta-terca-feira-18\\\/#respond\"]}]},{\"@type\":\"WebPage\",\"@id\":\"https:\\\/\\\/regiaonews.net.br\\\/2022\\\/2025\\\/02\\\/19\\\/defesa-civil-do-estado-enviou-16-alertas-antes-das-chuvas-desta-terca-feira-18\\\/\",\"url\":\"https:\\\/\\\/regiaonews.net.br\\\/2022\\\/2025\\\/02\\\/19\\\/defesa-civil-do-estado-enviou-16-alertas-antes-das-chuvas-desta-terca-feira-18\\\/\",\"name\":\"Defesa Civil do Estado enviou 16 alertas antes das chuvas desta ter\u00e7a-feira (18) - Regi\u00e3o News\",\"isPartOf\":{\"@id\":\"https:\\\/\\\/regiaonews.net.br\\\/2022\\\/#website\"},\"primaryImageOfPage\":{\"@id\":\"https:\\\/\\\/regiaonews.net.br\\\/2022\\\/2025\\\/02\\\/19\\\/defesa-civil-do-estado-enviou-16-alertas-antes-das-chuvas-desta-terca-feira-18\\\/#primaryimage\"},\"image\":{\"@id\":\"https:\\\/\\\/regiaonews.net.br\\\/2022\\\/2025\\\/02\\\/19\\\/defesa-civil-do-estado-enviou-16-alertas-antes-das-chuvas-desta-terca-feira-18\\\/#primaryimage\"},\"thumbnailUrl\":\"https:\\\/\\\/regiaonews.net.br\\\/2022\\\/wp-content\\\/uploads\\\/2025\\\/02\\\/54325802635_37cad64cb7_k-1024x683-1.jpg\",\"datePublished\":\"2025-02-19T19:48:26+00:00\",\"breadcrumb\":{\"@id\":\"https:\\\/\\\/regiaonews.net.br\\\/2022\\\/2025\\\/02\\\/19\\\/defesa-civil-do-estado-enviou-16-alertas-antes-das-chuvas-desta-terca-feira-18\\\/#breadcrumb\"},\"inLanguage\":\"pt-BR\",\"potentialAction\":[{\"@type\":\"ReadAction\",\"target\":[\"https:\\\/\\\/regiaonews.net.br\\\/2022\\\/2025\\\/02\\\/19\\\/defesa-civil-do-estado-enviou-16-alertas-antes-das-chuvas-desta-terca-feira-18\\\/\"]}]},{\"@type\":\"ImageObject\",\"inLanguage\":\"pt-BR\",\"@id\":\"https:\\\/\\\/regiaonews.net.br\\\/2022\\\/2025\\\/02\\\/19\\\/defesa-civil-do-estado-enviou-16-alertas-antes-das-chuvas-desta-terca-feira-18\\\/#primaryimage\",\"url\":\"https:\\\/\\\/regiaonews.net.br\\\/2022\\\/wp-content\\\/uploads\\\/2025\\\/02\\\/54325802635_37cad64cb7_k-1024x683-1.jpg\",\"contentUrl\":\"https:\\\/\\\/regiaonews.net.br\\\/2022\\\/wp-content\\\/uploads\\\/2025\\\/02\\\/54325802635_37cad64cb7_k-1024x683-1.jpg\",\"width\":1024,\"height\":683},{\"@type\":\"BreadcrumbList\",\"@id\":\"https:\\\/\\\/regiaonews.net.br\\\/2022\\\/2025\\\/02\\\/19\\\/defesa-civil-do-estado-enviou-16-alertas-antes-das-chuvas-desta-terca-feira-18\\\/#breadcrumb\",\"itemListElement\":[{\"@type\":\"ListItem\",\"position\":1,\"name\":\"In\u00edcio\",\"item\":\"https:\\\/\\\/regiaonews.net.br\\\/2022\\\/\"},{\"@type\":\"ListItem\",\"position\":2,\"name\":\"Defesa Civil do Estado enviou 16 alertas antes das chuvas desta ter\u00e7a-feira (18)\"}]},{\"@type\":\"WebSite\",\"@id\":\"https:\\\/\\\/regiaonews.net.br\\\/2022\\\/#website\",\"url\":\"https:\\\/\\\/regiaonews.net.br\\\/2022\\\/\",\"name\":\"Regi\u00e3o News\",\"description\":\"Site de Not\u00edcias de Barretos e regi\u00e3o\",\"publisher\":{\"@id\":\"https:\\\/\\\/regiaonews.net.br\\\/2022\\\/#organization\"},\"potentialAction\":[{\"@type\":\"SearchAction\",\"target\":{\"@type\":\"EntryPoint\",\"urlTemplate\":\"https:\\\/\\\/regiaonews.net.br\\\/2022\\\/?s={search_term_string}\"},\"query-input\":{\"@type\":\"PropertyValueSpecification\",\"valueRequired\":true,\"valueName\":\"search_term_string\"}}],\"inLanguage\":\"pt-BR\"},{\"@type\":\"Organization\",\"@id\":\"https:\\\/\\\/regiaonews.net.br\\\/2022\\\/#organization\",\"name\":\"Regi\u00e3o News\",\"url\":\"https:\\\/\\\/regiaonews.net.br\\\/2022\\\/\",\"logo\":{\"@type\":\"ImageObject\",\"inLanguage\":\"pt-BR\",\"@id\":\"https:\\\/\\\/regiaonews.net.br\\\/2022\\\/#\\\/schema\\\/logo\\\/image\\\/\",\"url\":\"https:\\\/\\\/regiaonews.net.br\\\/2022\\\/wp-content\\\/uploads\\\/2026\\\/03\\\/regiao-13-anos-scaled.jpg\",\"contentUrl\":\"https:\\\/\\\/regiaonews.net.br\\\/2022\\\/wp-content\\\/uploads\\\/2026\\\/03\\\/regiao-13-anos-scaled.jpg\",\"width\":2560,\"height\":635,\"caption\":\"Regi\u00e3o News\"},\"image\":{\"@id\":\"https:\\\/\\\/regiaonews.net.br\\\/2022\\\/#\\\/schema\\\/logo\\\/image\\\/\"}},{\"@type\":\"Person\",\"@id\":\"https:\\\/\\\/regiaonews.net.br\\\/2022\\\/#\\\/schema\\\/person\\\/2d205a608a5aa97ac279d7a5e6d89ad8\",\"name\":\"Roberto\",\"image\":{\"@type\":\"ImageObject\",\"inLanguage\":\"pt-BR\",\"@id\":\"https:\\\/\\\/secure.gravatar.com\\\/avatar\\\/42749d8b712ff9d59ca93dc150494e5b55a44134482993f5baeb97e61b7ecc89?s=96&d=mm&r=g\",\"url\":\"https:\\\/\\\/secure.gravatar.com\\\/avatar\\\/42749d8b712ff9d59ca93dc150494e5b55a44134482993f5baeb97e61b7ecc89?s=96&d=mm&r=g\",\"contentUrl\":\"https:\\\/\\\/secure.gravatar.com\\\/avatar\\\/42749d8b712ff9d59ca93dc150494e5b55a44134482993f5baeb97e61b7ecc89?s=96&d=mm&r=g\",\"caption\":\"Roberto\"},\"url\":\"https:\\\/\\\/regiaonews.net.br\\\/2022\\\/author\\\/roberto\\\/\"}]}<\/script>\n<!-- \/ Yoast SEO plugin. -->","yoast_head_json":{"title":"Defesa Civil do Estado enviou 16 alertas antes das chuvas desta ter\u00e7a-feira (18) - Regi\u00e3o News","robots":{"index":"index","follow":"follow","max-snippet":"max-snippet:-1","max-image-preview":"max-image-preview:large","max-video-preview":"max-video-preview:-1"},"canonical":"https:\/\/regiaonews.net.br\/2022\/2025\/02\/19\/defesa-civil-do-estado-enviou-16-alertas-antes-das-chuvas-desta-terca-feira-18\/","og_locale":"pt_BR","og_type":"article","og_title":"Defesa Civil do Estado enviou 16 alertas antes das chuvas desta ter\u00e7a-feira (18) - Regi\u00e3o News","og_description":"A Defesa Civil do Estado emitiu 16 alertas severos para","og_url":"https:\/\/regiaonews.net.br\/2022\/2025\/02\/19\/defesa-civil-do-estado-enviou-16-alertas-antes-das-chuvas-desta-terca-feira-18\/","og_site_name":"Regi\u00e3o News","article_published_time":"2025-02-19T19:48:26+00:00","og_image":[{"width":1024,"height":683,"url":"https:\/\/regiaonews.net.br\/2022\/wp-content\/uploads\/2025\/02\/54325802635_37cad64cb7_k-1024x683-1.jpg","type":"image\/jpeg"}],"author":"Roberto","twitter_card":"summary_large_image","twitter_misc":{"Escrito por":"Roberto","Est. tempo de leitura":"2 minutos"},"schema":{"@context":"https:\/\/schema.org","@graph":[{"@type":"Article","@id":"https:\/\/regiaonews.net.br\/2022\/2025\/02\/19\/defesa-civil-do-estado-enviou-16-alertas-antes-das-chuvas-desta-terca-feira-18\/#article","isPartOf":{"@id":"https:\/\/regiaonews.net.br\/2022\/2025\/02\/19\/defesa-civil-do-estado-enviou-16-alertas-antes-das-chuvas-desta-terca-feira-18\/"},"author":{"name":"Roberto","@id":"https:\/\/regiaonews.net.br\/2022\/#\/schema\/person\/2d205a608a5aa97ac279d7a5e6d89ad8"},"headline":"Defesa Civil do Estado enviou 16 alertas antes das chuvas desta ter\u00e7a-feira (18)","datePublished":"2025-02-19T19:48:26+00:00","mainEntityOfPage":{"@id":"https:\/\/regiaonews.net.br\/2022\/2025\/02\/19\/defesa-civil-do-estado-enviou-16-alertas-antes-das-chuvas-desta-terca-feira-18\/"},"wordCount":388,"commentCount":0,"publisher":{"@id":"https:\/\/regiaonews.net.br\/2022\/#organization"},"image":{"@id":"https:\/\/regiaonews.net.br\/2022\/2025\/02\/19\/defesa-civil-do-estado-enviou-16-alertas-antes-das-chuvas-desta-terca-feira-18\/#primaryimage"},"thumbnailUrl":"https:\/\/regiaonews.net.br\/2022\/wp-content\/uploads\/2025\/02\/54325802635_37cad64cb7_k-1024x683-1.jpg","articleSection":["Estado de S\u00e3o Paulo","Geral"],"inLanguage":"pt-BR","potentialAction":[{"@type":"CommentAction","name":"Comment","target":["https:\/\/regiaonews.net.br\/2022\/2025\/02\/19\/defesa-civil-do-estado-enviou-16-alertas-antes-das-chuvas-desta-terca-feira-18\/#respond"]}]},{"@type":"WebPage","@id":"https:\/\/regiaonews.net.br\/2022\/2025\/02\/19\/defesa-civil-do-estado-enviou-16-alertas-antes-das-chuvas-desta-terca-feira-18\/","url":"https:\/\/regiaonews.net.br\/2022\/2025\/02\/19\/defesa-civil-do-estado-enviou-16-alertas-antes-das-chuvas-desta-terca-feira-18\/","name":"Defesa Civil do Estado enviou 16 alertas antes das chuvas desta ter\u00e7a-feira (18) - Regi\u00e3o News","isPartOf":{"@id":"https:\/\/regiaonews.net.br\/2022\/#website"},"primaryImageOfPage":{"@id":"https:\/\/regiaonews.net.br\/2022\/2025\/02\/19\/defesa-civil-do-estado-enviou-16-alertas-antes-das-chuvas-desta-terca-feira-18\/#primaryimage"},"image":{"@id":"https:\/\/regiaonews.net.br\/2022\/2025\/02\/19\/defesa-civil-do-estado-enviou-16-alertas-antes-das-chuvas-desta-terca-feira-18\/#primaryimage"},"thumbnailUrl":"https:\/\/regiaonews.net.br\/2022\/wp-content\/uploads\/2025\/02\/54325802635_37cad64cb7_k-1024x683-1.jpg","datePublished":"2025-02-19T19:48:26+00:00","breadcrumb":{"@id":"https:\/\/regiaonews.net.br\/2022\/2025\/02\/19\/defesa-civil-do-estado-enviou-16-alertas-antes-das-chuvas-desta-terca-feira-18\/#breadcrumb"},"inLanguage":"pt-BR","potentialAction":[{"@type":"ReadAction","target":["https:\/\/regiaonews.net.br\/2022\/2025\/02\/19\/defesa-civil-do-estado-enviou-16-alertas-antes-das-chuvas-desta-terca-feira-18\/"]}]},{"@type":"ImageObject","inLanguage":"pt-BR","@id":"https:\/\/regiaonews.net.br\/2022\/2025\/02\/19\/defesa-civil-do-estado-enviou-16-alertas-antes-das-chuvas-desta-terca-feira-18\/#primaryimage","url":"https:\/\/regiaonews.net.br\/2022\/wp-content\/uploads\/2025\/02\/54325802635_37cad64cb7_k-1024x683-1.jpg","contentUrl":"https:\/\/regiaonews.net.br\/2022\/wp-content\/uploads\/2025\/02\/54325802635_37cad64cb7_k-1024x683-1.jpg","width":1024,"height":683},{"@type":"BreadcrumbList","@id":"https:\/\/regiaonews.net.br\/2022\/2025\/02\/19\/defesa-civil-do-estado-enviou-16-alertas-antes-das-chuvas-desta-terca-feira-18\/#breadcrumb","itemListElement":[{"@type":"ListItem","position":1,"name":"In\u00edcio","item":"https:\/\/regiaonews.net.br\/2022\/"},{"@type":"ListItem","position":2,"name":"Defesa Civil do Estado enviou 16 alertas antes das chuvas desta ter\u00e7a-feira (18)"}]},{"@type":"WebSite","@id":"https:\/\/regiaonews.net.br\/2022\/#website","url":"https:\/\/regiaonews.net.br\/2022\/","name":"Regi\u00e3o News","description":"Site de Not\u00edcias de Barretos e regi\u00e3o","publisher":{"@id":"https:\/\/regiaonews.net.br\/2022\/#organization"},"potentialAction":[{"@type":"SearchAction","target":{"@type":"EntryPoint","urlTemplate":"https:\/\/regiaonews.net.br\/2022\/?s={search_term_string}"},"query-input":{"@type":"PropertyValueSpecification","valueRequired":true,"valueName":"search_term_string"}}],"inLanguage":"pt-BR"},{"@type":"Organization","@id":"https:\/\/regiaonews.net.br\/2022\/#organization","name":"Regi\u00e3o News","url":"https:\/\/regiaonews.net.br\/2022\/","logo":{"@type":"ImageObject","inLanguage":"pt-BR","@id":"https:\/\/regiaonews.net.br\/2022\/#\/schema\/logo\/image\/","url":"https:\/\/regiaonews.net.br\/2022\/wp-content\/uploads\/2026\/03\/regiao-13-anos-scaled.jpg","contentUrl":"https:\/\/regiaonews.net.br\/2022\/wp-content\/uploads\/2026\/03\/regiao-13-anos-scaled.jpg","width":2560,"height":635,"caption":"Regi\u00e3o News"},"image":{"@id":"https:\/\/regiaonews.net.br\/2022\/#\/schema\/logo\/image\/"}},{"@type":"Person","@id":"https:\/\/regiaonews.net.br\/2022\/#\/schema\/person\/2d205a608a5aa97ac279d7a5e6d89ad8","name":"Roberto","image":{"@type":"ImageObject","inLanguage":"pt-BR","@id":"https:\/\/secure.gravatar.com\/avatar\/42749d8b712ff9d59ca93dc150494e5b55a44134482993f5baeb97e61b7ecc89?s=96&d=mm&r=g","url":"https:\/\/secure.gravatar.com\/avatar\/42749d8b712ff9d59ca93dc150494e5b55a44134482993f5baeb97e61b7ecc89?s=96&d=mm&r=g","contentUrl":"https:\/\/secure.gravatar.com\/avatar\/42749d8b712ff9d59ca93dc150494e5b55a44134482993f5baeb97e61b7ecc89?s=96&d=mm&r=g","caption":"Roberto"},"url":"https:\/\/regiaonews.net.br\/2022\/author\/roberto\/"}]}},"publishpress_future_action":{"enabled":false,"date":"2026-05-02 02:51:44","action":"change-status","newStatus":"draft","terms":[],"taxonomy":"category","extraData":[]},"publishpress_future_workflow_manual_trigger":{"enabledWorkflows":[]},"_links":{"self":[{"href":"https:\/\/regiaonews.net.br\/2022\/wp-json\/wp\/v2\/posts\/114752","targetHints":{"allow":["GET"]}}],"collection":[{"href":"https:\/\/regiaonews.net.br\/2022\/wp-json\/wp\/v2\/posts"}],"about":[{"href":"https:\/\/regiaonews.net.br\/2022\/wp-json\/wp\/v2\/types\/post"}],"author":[{"embeddable":true,"href":"https:\/\/regiaonews.net.br\/2022\/wp-json\/wp\/v2\/users\/2"}],"replies":[{"embeddable":true,"href":"https:\/\/regiaonews.net.br\/2022\/wp-json\/wp\/v2\/comments?post=114752"}],"version-history":[{"count":1,"href":"https:\/\/regiaonews.net.br\/2022\/wp-json\/wp\/v2\/posts\/114752\/revisions"}],"predecessor-version":[{"id":114754,"href":"https:\/\/regiaonews.net.br\/2022\/wp-json\/wp\/v2\/posts\/114752\/revisions\/114754"}],"wp:featuredmedia":[{"embeddable":true,"href":"https:\/\/regiaonews.net.br\/2022\/wp-json\/wp\/v2\/media\/114753"}],"wp:attachment":[{"href":"https:\/\/regiaonews.net.br\/2022\/wp-json\/wp\/v2\/media?parent=114752"}],"wp:term":[{"taxonomy":"category","embeddable":true,"href":"https:\/\/regiaonews.net.br\/2022\/wp-json\/wp\/v2\/categories?post=114752"},{"taxonomy":"post_tag","embeddable":true,"href":"https:\/\/regiaonews.net.br\/2022\/wp-json\/wp\/v2\/tags?post=114752"}],"curies":[{"name":"wp","href":"https:\/\/api.w.org\/{rel}","templated":true}]}}