{"id":114716,"date":"2025-02-18T12:50:35","date_gmt":"2025-02-18T15:50:35","guid":{"rendered":"https:\/\/regiaonews.net.br\/2022\/?p=114716"},"modified":"2025-02-18T13:28:11","modified_gmt":"2025-02-18T16:28:11","slug":"policia-civil-prende-fotografo-em-flagrante-por-crimes-de-pedofilia","status":"publish","type":"post","link":"https:\/\/regiaonews.net.br\/2022\/2025\/02\/18\/policia-civil-prende-fotografo-em-flagrante-por-crimes-de-pedofilia\/","title":{"rendered":"Pol\u00edcia Civil prende fot\u00f3grafo em flagrante por crimes de pedofilia"},"content":{"rendered":"<p>A Pol\u00edcia Civil do Estado de S\u00e3o Paulo, atrav\u00e9s de uma opera\u00e7\u00e3o conjunta entre a Delegacia de Investiga\u00e7\u00f5es Gerais (DIG) e a Delegacia de Investiga\u00e7\u00f5es Sobre Entorpecentes (DISE) de Barretos, efetuou nesta ter\u00e7a-feira (18) a pris\u00e3o em flagrante de um fot\u00f3grafo profissional de 66 anos por crimes relacionados \u00e0 produ\u00e7\u00e3o e armazenamento de material pornogr\u00e1fico envolvendo crian\u00e7as e adolescentes.<\/p>\n<p>A pris\u00e3o ocorreu durante o cumprimento de mandado de busca e apreens\u00e3o expedido pela Justi\u00e7a, ap\u00f3s minucioso trabalho investigativo que apontou fortes ind\u00edcios da pr\u00e1tica criminosa. Durante as buscas na resid\u00eancia do suspeito, localizada na regi\u00e3o central de Barretos, os investigadores encontraram farto material il\u00edcito armazenado em dispositivos eletr\u00f4nicos, incluindo um aparelho celular e um HD externo.<\/p>\n<p>O investigado, que atuava profissionalmente como fot\u00f3grafo na regi\u00e3o e especializava-se em ensaios com menores, poder\u00e1 responder pelos crimes previstos no Estatuto da Crian\u00e7a e do Adolescente (ECA). De acordo com o artigo 240 do ECA, a produ\u00e7\u00e3o de material pornogr\u00e1fico envolvendo crian\u00e7a ou adolescente prev\u00ea pena de reclus\u00e3o de 4 a 8 anos, al\u00e9m de multa. J\u00e1 o armazenamento desse tipo de conte\u00fado, previsto no artigo 241-B do mesmo estatuto, pode resultar em reclus\u00e3o de 1 a 4 anos, tamb\u00e9m com aplica\u00e7\u00e3o de multa.<\/p>\n<p>Todo o material apreendido ser\u00e1 submetido \u00e0 per\u00edcia t\u00e9cnica especializada para identifica\u00e7\u00e3o de poss\u00edveis v\u00edtimas e an\u00e1lise da extens\u00e3o dos crimes praticados. As investiga\u00e7\u00f5es prosseguem para determinar se h\u00e1 outras pessoas envolvidas e se o material era compartilhado ou comercializado.<\/p>\n<p>Ap\u00f3s os procedimentos de praxe, o investigado foi encaminhado \u00e0 Cadeia P\u00fablica de Colina, onde permanecer\u00e1 \u00e0 disposi\u00e7\u00e3o da Justi\u00e7a. A Pol\u00edcia Civil ressalta a import\u00e2ncia de den\u00fancias an\u00f4nimas no combate a crimes contra crian\u00e7as e adolescentes. Informa\u00e7\u00f5es podem ser fornecidas atrav\u00e9s do Disque-Den\u00fancia (181) ou diretamente na DIG de Barretos, com garantia de sigilo\u00a0absoluto.<\/p>\n\n","protected":false},"excerpt":{"rendered":"<p>A Pol\u00edcia Civil do Estado de S\u00e3o Paulo, atrav\u00e9s de<\/p>\n","protected":false},"author":2,"featured_media":114714,"comment_status":"open","ping_status":"open","sticky":false,"template":"","format":"standard","meta":{"footnotes":""},"categories":[14,23],"tags":[],"class_list":["post-114716","post","type-post","status-publish","format-standard","has-post-thumbnail","hentry","category-barretos","category-policia"],"yoast_head":"<!-- This site is optimized with the Yoast SEO plugin v27.4 - https:\/\/yoast.com\/product\/yoast-seo-wordpress\/ -->\n<title>Pol\u00edcia Civil prende fot\u00f3grafo em flagrante por crimes de pedofilia - Regi\u00e3o News<\/title>\n<meta name=\"robots\" content=\"index, follow, max-snippet:-1, max-image-preview:large, max-video-preview:-1\" \/>\n<link rel=\"canonical\" href=\"https:\/\/regiaonews.net.br\/2022\/2025\/02\/18\/policia-civil-prende-fotografo-em-flagrante-por-crimes-de-pedofilia\/\" \/>\n<meta property=\"og:locale\" content=\"pt_BR\" \/>\n<meta property=\"og:type\" content=\"article\" \/>\n<meta property=\"og:title\" content=\"Pol\u00edcia Civil prende fot\u00f3grafo em flagrante por crimes de pedofilia - Regi\u00e3o News\" \/>\n<meta property=\"og:description\" content=\"A Pol\u00edcia Civil do Estado de S\u00e3o Paulo, atrav\u00e9s de\" \/>\n<meta property=\"og:url\" content=\"https:\/\/regiaonews.net.br\/2022\/2025\/02\/18\/policia-civil-prende-fotografo-em-flagrante-por-crimes-de-pedofilia\/\" \/>\n<meta property=\"og:site_name\" content=\"Regi\u00e3o News\" \/>\n<meta property=\"article:published_time\" content=\"2025-02-18T15:50:35+00:00\" \/>\n<meta property=\"article:modified_time\" content=\"2025-02-18T16:28:11+00:00\" \/>\n<meta property=\"og:image\" content=\"https:\/\/regiaonews.net.br\/2022\/wp-content\/uploads\/2025\/02\/Imagem-do-WhatsApp-de-2025-02-18-as-08.33.09_49b20b8f.jpg\" \/>\n\t<meta property=\"og:image:width\" content=\"1600\" \/>\n\t<meta property=\"og:image:height\" content=\"1200\" \/>\n\t<meta property=\"og:image:type\" content=\"image\/jpeg\" \/>\n<meta name=\"author\" content=\"Roberto\" \/>\n<meta name=\"twitter:card\" content=\"summary_large_image\" \/>\n<meta name=\"twitter:label1\" content=\"Escrito por\" \/>\n\t<meta name=\"twitter:data1\" content=\"Roberto\" \/>\n\t<meta name=\"twitter:label2\" content=\"Est. tempo de leitura\" \/>\n\t<meta name=\"twitter:data2\" content=\"2 minutos\" \/>\n<script type=\"application\/ld+json\" class=\"yoast-schema-graph\">{\"@context\":\"https:\\\/\\\/schema.org\",\"@graph\":[{\"@type\":\"Article\",\"@id\":\"https:\\\/\\\/regiaonews.net.br\\\/2022\\\/2025\\\/02\\\/18\\\/policia-civil-prende-fotografo-em-flagrante-por-crimes-de-pedofilia\\\/#article\",\"isPartOf\":{\"@id\":\"https:\\\/\\\/regiaonews.net.br\\\/2022\\\/2025\\\/02\\\/18\\\/policia-civil-prende-fotografo-em-flagrante-por-crimes-de-pedofilia\\\/\"},\"author\":{\"name\":\"Roberto\",\"@id\":\"https:\\\/\\\/regiaonews.net.br\\\/2022\\\/#\\\/schema\\\/person\\\/2d205a608a5aa97ac279d7a5e6d89ad8\"},\"headline\":\"Pol\u00edcia Civil prende fot\u00f3grafo em flagrante por crimes de pedofilia\",\"datePublished\":\"2025-02-18T15:50:35+00:00\",\"dateModified\":\"2025-02-18T16:28:11+00:00\",\"mainEntityOfPage\":{\"@id\":\"https:\\\/\\\/regiaonews.net.br\\\/2022\\\/2025\\\/02\\\/18\\\/policia-civil-prende-fotografo-em-flagrante-por-crimes-de-pedofilia\\\/\"},\"wordCount\":353,\"commentCount\":0,\"publisher\":{\"@id\":\"https:\\\/\\\/regiaonews.net.br\\\/2022\\\/#organization\"},\"image\":{\"@id\":\"https:\\\/\\\/regiaonews.net.br\\\/2022\\\/2025\\\/02\\\/18\\\/policia-civil-prende-fotografo-em-flagrante-por-crimes-de-pedofilia\\\/#primaryimage\"},\"thumbnailUrl\":\"https:\\\/\\\/regiaonews.net.br\\\/2022\\\/wp-content\\\/uploads\\\/2025\\\/02\\\/Imagem-do-WhatsApp-de-2025-02-18-as-08.33.09_49b20b8f.jpg\",\"articleSection\":[\"Barretos\",\"Policia\"],\"inLanguage\":\"pt-BR\",\"potentialAction\":[{\"@type\":\"CommentAction\",\"name\":\"Comment\",\"target\":[\"https:\\\/\\\/regiaonews.net.br\\\/2022\\\/2025\\\/02\\\/18\\\/policia-civil-prende-fotografo-em-flagrante-por-crimes-de-pedofilia\\\/#respond\"]}]},{\"@type\":\"WebPage\",\"@id\":\"https:\\\/\\\/regiaonews.net.br\\\/2022\\\/2025\\\/02\\\/18\\\/policia-civil-prende-fotografo-em-flagrante-por-crimes-de-pedofilia\\\/\",\"url\":\"https:\\\/\\\/regiaonews.net.br\\\/2022\\\/2025\\\/02\\\/18\\\/policia-civil-prende-fotografo-em-flagrante-por-crimes-de-pedofilia\\\/\",\"name\":\"Pol\u00edcia Civil prende fot\u00f3grafo em flagrante por crimes de pedofilia - Regi\u00e3o News\",\"isPartOf\":{\"@id\":\"https:\\\/\\\/regiaonews.net.br\\\/2022\\\/#website\"},\"primaryImageOfPage\":{\"@id\":\"https:\\\/\\\/regiaonews.net.br\\\/2022\\\/2025\\\/02\\\/18\\\/policia-civil-prende-fotografo-em-flagrante-por-crimes-de-pedofilia\\\/#primaryimage\"},\"image\":{\"@id\":\"https:\\\/\\\/regiaonews.net.br\\\/2022\\\/2025\\\/02\\\/18\\\/policia-civil-prende-fotografo-em-flagrante-por-crimes-de-pedofilia\\\/#primaryimage\"},\"thumbnailUrl\":\"https:\\\/\\\/regiaonews.net.br\\\/2022\\\/wp-content\\\/uploads\\\/2025\\\/02\\\/Imagem-do-WhatsApp-de-2025-02-18-as-08.33.09_49b20b8f.jpg\",\"datePublished\":\"2025-02-18T15:50:35+00:00\",\"dateModified\":\"2025-02-18T16:28:11+00:00\",\"breadcrumb\":{\"@id\":\"https:\\\/\\\/regiaonews.net.br\\\/2022\\\/2025\\\/02\\\/18\\\/policia-civil-prende-fotografo-em-flagrante-por-crimes-de-pedofilia\\\/#breadcrumb\"},\"inLanguage\":\"pt-BR\",\"potentialAction\":[{\"@type\":\"ReadAction\",\"target\":[\"https:\\\/\\\/regiaonews.net.br\\\/2022\\\/2025\\\/02\\\/18\\\/policia-civil-prende-fotografo-em-flagrante-por-crimes-de-pedofilia\\\/\"]}]},{\"@type\":\"ImageObject\",\"inLanguage\":\"pt-BR\",\"@id\":\"https:\\\/\\\/regiaonews.net.br\\\/2022\\\/2025\\\/02\\\/18\\\/policia-civil-prende-fotografo-em-flagrante-por-crimes-de-pedofilia\\\/#primaryimage\",\"url\":\"https:\\\/\\\/regiaonews.net.br\\\/2022\\\/wp-content\\\/uploads\\\/2025\\\/02\\\/Imagem-do-WhatsApp-de-2025-02-18-as-08.33.09_49b20b8f.jpg\",\"contentUrl\":\"https:\\\/\\\/regiaonews.net.br\\\/2022\\\/wp-content\\\/uploads\\\/2025\\\/02\\\/Imagem-do-WhatsApp-de-2025-02-18-as-08.33.09_49b20b8f.jpg\",\"width\":1600,\"height\":1200},{\"@type\":\"BreadcrumbList\",\"@id\":\"https:\\\/\\\/regiaonews.net.br\\\/2022\\\/2025\\\/02\\\/18\\\/policia-civil-prende-fotografo-em-flagrante-por-crimes-de-pedofilia\\\/#breadcrumb\",\"itemListElement\":[{\"@type\":\"ListItem\",\"position\":1,\"name\":\"In\u00edcio\",\"item\":\"https:\\\/\\\/regiaonews.net.br\\\/2022\\\/\"},{\"@type\":\"ListItem\",\"position\":2,\"name\":\"Pol\u00edcia Civil prende fot\u00f3grafo em flagrante por crimes de pedofilia\"}]},{\"@type\":\"WebSite\",\"@id\":\"https:\\\/\\\/regiaonews.net.br\\\/2022\\\/#website\",\"url\":\"https:\\\/\\\/regiaonews.net.br\\\/2022\\\/\",\"name\":\"Regi\u00e3o News\",\"description\":\"Site de Not\u00edcias de Barretos e regi\u00e3o\",\"publisher\":{\"@id\":\"https:\\\/\\\/regiaonews.net.br\\\/2022\\\/#organization\"},\"potentialAction\":[{\"@type\":\"SearchAction\",\"target\":{\"@type\":\"EntryPoint\",\"urlTemplate\":\"https:\\\/\\\/regiaonews.net.br\\\/2022\\\/?s={search_term_string}\"},\"query-input\":{\"@type\":\"PropertyValueSpecification\",\"valueRequired\":true,\"valueName\":\"search_term_string\"}}],\"inLanguage\":\"pt-BR\"},{\"@type\":\"Organization\",\"@id\":\"https:\\\/\\\/regiaonews.net.br\\\/2022\\\/#organization\",\"name\":\"Regi\u00e3o News\",\"url\":\"https:\\\/\\\/regiaonews.net.br\\\/2022\\\/\",\"logo\":{\"@type\":\"ImageObject\",\"inLanguage\":\"pt-BR\",\"@id\":\"https:\\\/\\\/regiaonews.net.br\\\/2022\\\/#\\\/schema\\\/logo\\\/image\\\/\",\"url\":\"https:\\\/\\\/regiaonews.net.br\\\/2022\\\/wp-content\\\/uploads\\\/2026\\\/03\\\/regiao-13-anos-scaled.jpg\",\"contentUrl\":\"https:\\\/\\\/regiaonews.net.br\\\/2022\\\/wp-content\\\/uploads\\\/2026\\\/03\\\/regiao-13-anos-scaled.jpg\",\"width\":2560,\"height\":635,\"caption\":\"Regi\u00e3o News\"},\"image\":{\"@id\":\"https:\\\/\\\/regiaonews.net.br\\\/2022\\\/#\\\/schema\\\/logo\\\/image\\\/\"}},{\"@type\":\"Person\",\"@id\":\"https:\\\/\\\/regiaonews.net.br\\\/2022\\\/#\\\/schema\\\/person\\\/2d205a608a5aa97ac279d7a5e6d89ad8\",\"name\":\"Roberto\",\"image\":{\"@type\":\"ImageObject\",\"inLanguage\":\"pt-BR\",\"@id\":\"https:\\\/\\\/secure.gravatar.com\\\/avatar\\\/42749d8b712ff9d59ca93dc150494e5b55a44134482993f5baeb97e61b7ecc89?s=96&d=mm&r=g\",\"url\":\"https:\\\/\\\/secure.gravatar.com\\\/avatar\\\/42749d8b712ff9d59ca93dc150494e5b55a44134482993f5baeb97e61b7ecc89?s=96&d=mm&r=g\",\"contentUrl\":\"https:\\\/\\\/secure.gravatar.com\\\/avatar\\\/42749d8b712ff9d59ca93dc150494e5b55a44134482993f5baeb97e61b7ecc89?s=96&d=mm&r=g\",\"caption\":\"Roberto\"},\"url\":\"https:\\\/\\\/regiaonews.net.br\\\/2022\\\/author\\\/roberto\\\/\"}]}<\/script>\n<!-- \/ Yoast SEO plugin. -->","yoast_head_json":{"title":"Pol\u00edcia Civil prende fot\u00f3grafo em flagrante por crimes de pedofilia - Regi\u00e3o News","robots":{"index":"index","follow":"follow","max-snippet":"max-snippet:-1","max-image-preview":"max-image-preview:large","max-video-preview":"max-video-preview:-1"},"canonical":"https:\/\/regiaonews.net.br\/2022\/2025\/02\/18\/policia-civil-prende-fotografo-em-flagrante-por-crimes-de-pedofilia\/","og_locale":"pt_BR","og_type":"article","og_title":"Pol\u00edcia Civil prende fot\u00f3grafo em flagrante por crimes de pedofilia - Regi\u00e3o News","og_description":"A Pol\u00edcia Civil do Estado de S\u00e3o Paulo, atrav\u00e9s de","og_url":"https:\/\/regiaonews.net.br\/2022\/2025\/02\/18\/policia-civil-prende-fotografo-em-flagrante-por-crimes-de-pedofilia\/","og_site_name":"Regi\u00e3o News","article_published_time":"2025-02-18T15:50:35+00:00","article_modified_time":"2025-02-18T16:28:11+00:00","og_image":[{"width":1600,"height":1200,"url":"https:\/\/regiaonews.net.br\/2022\/wp-content\/uploads\/2025\/02\/Imagem-do-WhatsApp-de-2025-02-18-as-08.33.09_49b20b8f.jpg","type":"image\/jpeg"}],"author":"Roberto","twitter_card":"summary_large_image","twitter_misc":{"Escrito por":"Roberto","Est. tempo de leitura":"2 minutos"},"schema":{"@context":"https:\/\/schema.org","@graph":[{"@type":"Article","@id":"https:\/\/regiaonews.net.br\/2022\/2025\/02\/18\/policia-civil-prende-fotografo-em-flagrante-por-crimes-de-pedofilia\/#article","isPartOf":{"@id":"https:\/\/regiaonews.net.br\/2022\/2025\/02\/18\/policia-civil-prende-fotografo-em-flagrante-por-crimes-de-pedofilia\/"},"author":{"name":"Roberto","@id":"https:\/\/regiaonews.net.br\/2022\/#\/schema\/person\/2d205a608a5aa97ac279d7a5e6d89ad8"},"headline":"Pol\u00edcia Civil prende fot\u00f3grafo em flagrante por crimes de pedofilia","datePublished":"2025-02-18T15:50:35+00:00","dateModified":"2025-02-18T16:28:11+00:00","mainEntityOfPage":{"@id":"https:\/\/regiaonews.net.br\/2022\/2025\/02\/18\/policia-civil-prende-fotografo-em-flagrante-por-crimes-de-pedofilia\/"},"wordCount":353,"commentCount":0,"publisher":{"@id":"https:\/\/regiaonews.net.br\/2022\/#organization"},"image":{"@id":"https:\/\/regiaonews.net.br\/2022\/2025\/02\/18\/policia-civil-prende-fotografo-em-flagrante-por-crimes-de-pedofilia\/#primaryimage"},"thumbnailUrl":"https:\/\/regiaonews.net.br\/2022\/wp-content\/uploads\/2025\/02\/Imagem-do-WhatsApp-de-2025-02-18-as-08.33.09_49b20b8f.jpg","articleSection":["Barretos","Policia"],"inLanguage":"pt-BR","potentialAction":[{"@type":"CommentAction","name":"Comment","target":["https:\/\/regiaonews.net.br\/2022\/2025\/02\/18\/policia-civil-prende-fotografo-em-flagrante-por-crimes-de-pedofilia\/#respond"]}]},{"@type":"WebPage","@id":"https:\/\/regiaonews.net.br\/2022\/2025\/02\/18\/policia-civil-prende-fotografo-em-flagrante-por-crimes-de-pedofilia\/","url":"https:\/\/regiaonews.net.br\/2022\/2025\/02\/18\/policia-civil-prende-fotografo-em-flagrante-por-crimes-de-pedofilia\/","name":"Pol\u00edcia Civil prende fot\u00f3grafo em flagrante por crimes de pedofilia - Regi\u00e3o News","isPartOf":{"@id":"https:\/\/regiaonews.net.br\/2022\/#website"},"primaryImageOfPage":{"@id":"https:\/\/regiaonews.net.br\/2022\/2025\/02\/18\/policia-civil-prende-fotografo-em-flagrante-por-crimes-de-pedofilia\/#primaryimage"},"image":{"@id":"https:\/\/regiaonews.net.br\/2022\/2025\/02\/18\/policia-civil-prende-fotografo-em-flagrante-por-crimes-de-pedofilia\/#primaryimage"},"thumbnailUrl":"https:\/\/regiaonews.net.br\/2022\/wp-content\/uploads\/2025\/02\/Imagem-do-WhatsApp-de-2025-02-18-as-08.33.09_49b20b8f.jpg","datePublished":"2025-02-18T15:50:35+00:00","dateModified":"2025-02-18T16:28:11+00:00","breadcrumb":{"@id":"https:\/\/regiaonews.net.br\/2022\/2025\/02\/18\/policia-civil-prende-fotografo-em-flagrante-por-crimes-de-pedofilia\/#breadcrumb"},"inLanguage":"pt-BR","potentialAction":[{"@type":"ReadAction","target":["https:\/\/regiaonews.net.br\/2022\/2025\/02\/18\/policia-civil-prende-fotografo-em-flagrante-por-crimes-de-pedofilia\/"]}]},{"@type":"ImageObject","inLanguage":"pt-BR","@id":"https:\/\/regiaonews.net.br\/2022\/2025\/02\/18\/policia-civil-prende-fotografo-em-flagrante-por-crimes-de-pedofilia\/#primaryimage","url":"https:\/\/regiaonews.net.br\/2022\/wp-content\/uploads\/2025\/02\/Imagem-do-WhatsApp-de-2025-02-18-as-08.33.09_49b20b8f.jpg","contentUrl":"https:\/\/regiaonews.net.br\/2022\/wp-content\/uploads\/2025\/02\/Imagem-do-WhatsApp-de-2025-02-18-as-08.33.09_49b20b8f.jpg","width":1600,"height":1200},{"@type":"BreadcrumbList","@id":"https:\/\/regiaonews.net.br\/2022\/2025\/02\/18\/policia-civil-prende-fotografo-em-flagrante-por-crimes-de-pedofilia\/#breadcrumb","itemListElement":[{"@type":"ListItem","position":1,"name":"In\u00edcio","item":"https:\/\/regiaonews.net.br\/2022\/"},{"@type":"ListItem","position":2,"name":"Pol\u00edcia Civil prende fot\u00f3grafo em flagrante por crimes de pedofilia"}]},{"@type":"WebSite","@id":"https:\/\/regiaonews.net.br\/2022\/#website","url":"https:\/\/regiaonews.net.br\/2022\/","name":"Regi\u00e3o News","description":"Site de Not\u00edcias de Barretos e regi\u00e3o","publisher":{"@id":"https:\/\/regiaonews.net.br\/2022\/#organization"},"potentialAction":[{"@type":"SearchAction","target":{"@type":"EntryPoint","urlTemplate":"https:\/\/regiaonews.net.br\/2022\/?s={search_term_string}"},"query-input":{"@type":"PropertyValueSpecification","valueRequired":true,"valueName":"search_term_string"}}],"inLanguage":"pt-BR"},{"@type":"Organization","@id":"https:\/\/regiaonews.net.br\/2022\/#organization","name":"Regi\u00e3o News","url":"https:\/\/regiaonews.net.br\/2022\/","logo":{"@type":"ImageObject","inLanguage":"pt-BR","@id":"https:\/\/regiaonews.net.br\/2022\/#\/schema\/logo\/image\/","url":"https:\/\/regiaonews.net.br\/2022\/wp-content\/uploads\/2026\/03\/regiao-13-anos-scaled.jpg","contentUrl":"https:\/\/regiaonews.net.br\/2022\/wp-content\/uploads\/2026\/03\/regiao-13-anos-scaled.jpg","width":2560,"height":635,"caption":"Regi\u00e3o News"},"image":{"@id":"https:\/\/regiaonews.net.br\/2022\/#\/schema\/logo\/image\/"}},{"@type":"Person","@id":"https:\/\/regiaonews.net.br\/2022\/#\/schema\/person\/2d205a608a5aa97ac279d7a5e6d89ad8","name":"Roberto","image":{"@type":"ImageObject","inLanguage":"pt-BR","@id":"https:\/\/secure.gravatar.com\/avatar\/42749d8b712ff9d59ca93dc150494e5b55a44134482993f5baeb97e61b7ecc89?s=96&d=mm&r=g","url":"https:\/\/secure.gravatar.com\/avatar\/42749d8b712ff9d59ca93dc150494e5b55a44134482993f5baeb97e61b7ecc89?s=96&d=mm&r=g","contentUrl":"https:\/\/secure.gravatar.com\/avatar\/42749d8b712ff9d59ca93dc150494e5b55a44134482993f5baeb97e61b7ecc89?s=96&d=mm&r=g","caption":"Roberto"},"url":"https:\/\/regiaonews.net.br\/2022\/author\/roberto\/"}]}},"publishpress_future_action":{"enabled":false,"date":"2026-05-02 03:46:03","action":"change-status","newStatus":"draft","terms":[],"taxonomy":"category","extraData":[]},"publishpress_future_workflow_manual_trigger":{"enabledWorkflows":[]},"_links":{"self":[{"href":"https:\/\/regiaonews.net.br\/2022\/wp-json\/wp\/v2\/posts\/114716","targetHints":{"allow":["GET"]}}],"collection":[{"href":"https:\/\/regiaonews.net.br\/2022\/wp-json\/wp\/v2\/posts"}],"about":[{"href":"https:\/\/regiaonews.net.br\/2022\/wp-json\/wp\/v2\/types\/post"}],"author":[{"embeddable":true,"href":"https:\/\/regiaonews.net.br\/2022\/wp-json\/wp\/v2\/users\/2"}],"replies":[{"embeddable":true,"href":"https:\/\/regiaonews.net.br\/2022\/wp-json\/wp\/v2\/comments?post=114716"}],"version-history":[{"count":1,"href":"https:\/\/regiaonews.net.br\/2022\/wp-json\/wp\/v2\/posts\/114716\/revisions"}],"predecessor-version":[{"id":114719,"href":"https:\/\/regiaonews.net.br\/2022\/wp-json\/wp\/v2\/posts\/114716\/revisions\/114719"}],"wp:featuredmedia":[{"embeddable":true,"href":"https:\/\/regiaonews.net.br\/2022\/wp-json\/wp\/v2\/media\/114714"}],"wp:attachment":[{"href":"https:\/\/regiaonews.net.br\/2022\/wp-json\/wp\/v2\/media?parent=114716"}],"wp:term":[{"taxonomy":"category","embeddable":true,"href":"https:\/\/regiaonews.net.br\/2022\/wp-json\/wp\/v2\/categories?post=114716"},{"taxonomy":"post_tag","embeddable":true,"href":"https:\/\/regiaonews.net.br\/2022\/wp-json\/wp\/v2\/tags?post=114716"}],"curies":[{"name":"wp","href":"https:\/\/api.w.org\/{rel}","templated":true}]}}