{"id":114704,"date":"2025-02-18T10:02:13","date_gmt":"2025-02-18T13:02:13","guid":{"rendered":"https:\/\/regiaonews.net.br\/2022\/?p=114704"},"modified":"2025-02-18T10:04:14","modified_gmt":"2025-02-18T13:04:14","slug":"camara-vota-projeto-que-da-suporte-a-construcao-do-viaduto-na-raul-furquim","status":"publish","type":"post","link":"https:\/\/regiaonews.net.br\/2022\/2025\/02\/18\/camara-vota-projeto-que-da-suporte-a-construcao-do-viaduto-na-raul-furquim\/","title":{"rendered":"C\u00e2mara de Bebedouro vota projeto que d\u00e1 suporte \u00e0 constru\u00e7\u00e3o do viaduto na Raul Furquim"},"content":{"rendered":"<p>&nbsp;<\/p>\n<p>N\u00e3o h\u00e1 projetos na ordem do dia, entretanto, foi marcada uma sess\u00e3o extra logo ap\u00f3s o t\u00e9rmino da sess\u00e3o a fim de aprovar o projeto de lei 13\/2025 que firma conv\u00eanio com o Departamento de Estradas e Rodagem do Estado de S\u00e3o Paulo.<\/p>\n<p>A previs\u00e3o \u00e9 que as obras durem 18 meses. O investimento do Governo do Estado ser\u00e1 da ordem de R$ 67,1 milh\u00f5es, e contempla \u2013 al\u00e9m da constru\u00e7\u00e3o do viaduto, a duplica\u00e7\u00e3o de 1,4 km da rodovia Armando de Sales Oliveira e o sistema de drenagem das \u00e1guas pluviais no entroncamento dela com a Avenida Raul Furquim.<\/p>\n<p>O projeto \u00e9 uma reivindica\u00e7\u00e3o antiga do Movimento Raul Furquim Sem Fim, que surgiu em outubro de 2012 e foi uma resposta ao poss\u00edvel fechamento da principal avenida da cidade com as obras de duplica\u00e7\u00e3o da rodovia.<\/p>\n<p>A autoriza\u00e7\u00e3o para o conv\u00eanio \u00e9 algo de praxe e serve para o munic\u00edpio dar o apoio log\u00edstico para o cons\u00f3rcio vencedor da licita\u00e7\u00e3o executar as obras na cidade.<\/p>\n<p>#PraTodosVerem: foto da rodovia Armando de Sales Oliveira, com carro atravessando-a. H\u00e1 placas de sinaliza\u00e7\u00e3o e com\u00e9rcio margeando a rodovia.<\/p>\n","protected":false},"excerpt":{"rendered":"<p>&nbsp; N\u00e3o h\u00e1 projetos na ordem do dia, entretanto, foi<\/p>\n","protected":false},"author":2,"featured_media":114705,"comment_status":"open","ping_status":"open","sticky":false,"template":"","format":"standard","meta":{"footnotes":""},"categories":[4,25],"tags":[],"class_list":["post-114704","post","type-post","status-publish","format-standard","has-post-thumbnail","hentry","category-bebedouro","category-cidades"],"yoast_head":"<!-- This site is optimized with the Yoast SEO plugin v27.4 - https:\/\/yoast.com\/product\/yoast-seo-wordpress\/ -->\n<title>C\u00e2mara de Bebedouro vota projeto que d\u00e1 suporte \u00e0 constru\u00e7\u00e3o do viaduto na Raul Furquim - Regi\u00e3o News<\/title>\n<meta name=\"robots\" content=\"index, follow, max-snippet:-1, max-image-preview:large, max-video-preview:-1\" \/>\n<link rel=\"canonical\" href=\"https:\/\/regiaonews.net.br\/2022\/2025\/02\/18\/camara-vota-projeto-que-da-suporte-a-construcao-do-viaduto-na-raul-furquim\/\" \/>\n<meta property=\"og:locale\" content=\"pt_BR\" \/>\n<meta property=\"og:type\" content=\"article\" \/>\n<meta property=\"og:title\" content=\"C\u00e2mara de Bebedouro vota projeto que d\u00e1 suporte \u00e0 constru\u00e7\u00e3o do viaduto na Raul Furquim - Regi\u00e3o News\" \/>\n<meta property=\"og:description\" content=\"&nbsp; N\u00e3o h\u00e1 projetos na ordem do dia, entretanto, foi\" \/>\n<meta property=\"og:url\" content=\"https:\/\/regiaonews.net.br\/2022\/2025\/02\/18\/camara-vota-projeto-que-da-suporte-a-construcao-do-viaduto-na-raul-furquim\/\" \/>\n<meta property=\"og:site_name\" content=\"Regi\u00e3o News\" \/>\n<meta property=\"article:published_time\" content=\"2025-02-18T13:02:13+00:00\" \/>\n<meta property=\"article:modified_time\" content=\"2025-02-18T13:04:14+00:00\" \/>\n<meta property=\"og:image\" content=\"https:\/\/regiaonews.net.br\/2022\/wp-content\/uploads\/2025\/02\/444b9a46-0c59-4533-b1f8-7247c655e77f.jpg\" \/>\n\t<meta property=\"og:image:width\" content=\"967\" \/>\n\t<meta property=\"og:image:height\" content=\"540\" \/>\n\t<meta property=\"og:image:type\" content=\"image\/jpeg\" \/>\n<meta name=\"author\" content=\"Roberto\" \/>\n<meta name=\"twitter:card\" content=\"summary_large_image\" \/>\n<meta name=\"twitter:label1\" content=\"Escrito por\" \/>\n\t<meta name=\"twitter:data1\" content=\"Roberto\" \/>\n\t<meta name=\"twitter:label2\" content=\"Est. tempo de leitura\" \/>\n\t<meta name=\"twitter:data2\" content=\"2 minutos\" \/>\n<script type=\"application\/ld+json\" class=\"yoast-schema-graph\">{\"@context\":\"https:\\\/\\\/schema.org\",\"@graph\":[{\"@type\":\"Article\",\"@id\":\"https:\\\/\\\/regiaonews.net.br\\\/2022\\\/2025\\\/02\\\/18\\\/camara-vota-projeto-que-da-suporte-a-construcao-do-viaduto-na-raul-furquim\\\/#article\",\"isPartOf\":{\"@id\":\"https:\\\/\\\/regiaonews.net.br\\\/2022\\\/2025\\\/02\\\/18\\\/camara-vota-projeto-que-da-suporte-a-construcao-do-viaduto-na-raul-furquim\\\/\"},\"author\":{\"name\":\"Roberto\",\"@id\":\"https:\\\/\\\/regiaonews.net.br\\\/2022\\\/#\\\/schema\\\/person\\\/2d205a608a5aa97ac279d7a5e6d89ad8\"},\"headline\":\"C\u00e2mara de Bebedouro vota projeto que d\u00e1 suporte \u00e0 constru\u00e7\u00e3o do viaduto na Raul Furquim\",\"datePublished\":\"2025-02-18T13:02:13+00:00\",\"dateModified\":\"2025-02-18T13:04:14+00:00\",\"mainEntityOfPage\":{\"@id\":\"https:\\\/\\\/regiaonews.net.br\\\/2022\\\/2025\\\/02\\\/18\\\/camara-vota-projeto-que-da-suporte-a-construcao-do-viaduto-na-raul-furquim\\\/\"},\"wordCount\":217,\"commentCount\":0,\"publisher\":{\"@id\":\"https:\\\/\\\/regiaonews.net.br\\\/2022\\\/#organization\"},\"image\":{\"@id\":\"https:\\\/\\\/regiaonews.net.br\\\/2022\\\/2025\\\/02\\\/18\\\/camara-vota-projeto-que-da-suporte-a-construcao-do-viaduto-na-raul-furquim\\\/#primaryimage\"},\"thumbnailUrl\":\"https:\\\/\\\/regiaonews.net.br\\\/2022\\\/wp-content\\\/uploads\\\/2025\\\/02\\\/444b9a46-0c59-4533-b1f8-7247c655e77f.jpg\",\"articleSection\":[\"Bebedouro\",\"Cidades\"],\"inLanguage\":\"pt-BR\",\"potentialAction\":[{\"@type\":\"CommentAction\",\"name\":\"Comment\",\"target\":[\"https:\\\/\\\/regiaonews.net.br\\\/2022\\\/2025\\\/02\\\/18\\\/camara-vota-projeto-que-da-suporte-a-construcao-do-viaduto-na-raul-furquim\\\/#respond\"]}]},{\"@type\":\"WebPage\",\"@id\":\"https:\\\/\\\/regiaonews.net.br\\\/2022\\\/2025\\\/02\\\/18\\\/camara-vota-projeto-que-da-suporte-a-construcao-do-viaduto-na-raul-furquim\\\/\",\"url\":\"https:\\\/\\\/regiaonews.net.br\\\/2022\\\/2025\\\/02\\\/18\\\/camara-vota-projeto-que-da-suporte-a-construcao-do-viaduto-na-raul-furquim\\\/\",\"name\":\"C\u00e2mara de Bebedouro vota projeto que d\u00e1 suporte \u00e0 constru\u00e7\u00e3o do viaduto na Raul Furquim - Regi\u00e3o News\",\"isPartOf\":{\"@id\":\"https:\\\/\\\/regiaonews.net.br\\\/2022\\\/#website\"},\"primaryImageOfPage\":{\"@id\":\"https:\\\/\\\/regiaonews.net.br\\\/2022\\\/2025\\\/02\\\/18\\\/camara-vota-projeto-que-da-suporte-a-construcao-do-viaduto-na-raul-furquim\\\/#primaryimage\"},\"image\":{\"@id\":\"https:\\\/\\\/regiaonews.net.br\\\/2022\\\/2025\\\/02\\\/18\\\/camara-vota-projeto-que-da-suporte-a-construcao-do-viaduto-na-raul-furquim\\\/#primaryimage\"},\"thumbnailUrl\":\"https:\\\/\\\/regiaonews.net.br\\\/2022\\\/wp-content\\\/uploads\\\/2025\\\/02\\\/444b9a46-0c59-4533-b1f8-7247c655e77f.jpg\",\"datePublished\":\"2025-02-18T13:02:13+00:00\",\"dateModified\":\"2025-02-18T13:04:14+00:00\",\"breadcrumb\":{\"@id\":\"https:\\\/\\\/regiaonews.net.br\\\/2022\\\/2025\\\/02\\\/18\\\/camara-vota-projeto-que-da-suporte-a-construcao-do-viaduto-na-raul-furquim\\\/#breadcrumb\"},\"inLanguage\":\"pt-BR\",\"potentialAction\":[{\"@type\":\"ReadAction\",\"target\":[\"https:\\\/\\\/regiaonews.net.br\\\/2022\\\/2025\\\/02\\\/18\\\/camara-vota-projeto-que-da-suporte-a-construcao-do-viaduto-na-raul-furquim\\\/\"]}]},{\"@type\":\"ImageObject\",\"inLanguage\":\"pt-BR\",\"@id\":\"https:\\\/\\\/regiaonews.net.br\\\/2022\\\/2025\\\/02\\\/18\\\/camara-vota-projeto-que-da-suporte-a-construcao-do-viaduto-na-raul-furquim\\\/#primaryimage\",\"url\":\"https:\\\/\\\/regiaonews.net.br\\\/2022\\\/wp-content\\\/uploads\\\/2025\\\/02\\\/444b9a46-0c59-4533-b1f8-7247c655e77f.jpg\",\"contentUrl\":\"https:\\\/\\\/regiaonews.net.br\\\/2022\\\/wp-content\\\/uploads\\\/2025\\\/02\\\/444b9a46-0c59-4533-b1f8-7247c655e77f.jpg\",\"width\":967,\"height\":540},{\"@type\":\"BreadcrumbList\",\"@id\":\"https:\\\/\\\/regiaonews.net.br\\\/2022\\\/2025\\\/02\\\/18\\\/camara-vota-projeto-que-da-suporte-a-construcao-do-viaduto-na-raul-furquim\\\/#breadcrumb\",\"itemListElement\":[{\"@type\":\"ListItem\",\"position\":1,\"name\":\"In\u00edcio\",\"item\":\"https:\\\/\\\/regiaonews.net.br\\\/2022\\\/\"},{\"@type\":\"ListItem\",\"position\":2,\"name\":\"C\u00e2mara de Bebedouro vota projeto que d\u00e1 suporte \u00e0 constru\u00e7\u00e3o do viaduto na Raul Furquim\"}]},{\"@type\":\"WebSite\",\"@id\":\"https:\\\/\\\/regiaonews.net.br\\\/2022\\\/#website\",\"url\":\"https:\\\/\\\/regiaonews.net.br\\\/2022\\\/\",\"name\":\"Regi\u00e3o News\",\"description\":\"Site de Not\u00edcias de Barretos e regi\u00e3o\",\"publisher\":{\"@id\":\"https:\\\/\\\/regiaonews.net.br\\\/2022\\\/#organization\"},\"potentialAction\":[{\"@type\":\"SearchAction\",\"target\":{\"@type\":\"EntryPoint\",\"urlTemplate\":\"https:\\\/\\\/regiaonews.net.br\\\/2022\\\/?s={search_term_string}\"},\"query-input\":{\"@type\":\"PropertyValueSpecification\",\"valueRequired\":true,\"valueName\":\"search_term_string\"}}],\"inLanguage\":\"pt-BR\"},{\"@type\":\"Organization\",\"@id\":\"https:\\\/\\\/regiaonews.net.br\\\/2022\\\/#organization\",\"name\":\"Regi\u00e3o News\",\"url\":\"https:\\\/\\\/regiaonews.net.br\\\/2022\\\/\",\"logo\":{\"@type\":\"ImageObject\",\"inLanguage\":\"pt-BR\",\"@id\":\"https:\\\/\\\/regiaonews.net.br\\\/2022\\\/#\\\/schema\\\/logo\\\/image\\\/\",\"url\":\"https:\\\/\\\/regiaonews.net.br\\\/2022\\\/wp-content\\\/uploads\\\/2026\\\/03\\\/regiao-13-anos-scaled.jpg\",\"contentUrl\":\"https:\\\/\\\/regiaonews.net.br\\\/2022\\\/wp-content\\\/uploads\\\/2026\\\/03\\\/regiao-13-anos-scaled.jpg\",\"width\":2560,\"height\":635,\"caption\":\"Regi\u00e3o News\"},\"image\":{\"@id\":\"https:\\\/\\\/regiaonews.net.br\\\/2022\\\/#\\\/schema\\\/logo\\\/image\\\/\"}},{\"@type\":\"Person\",\"@id\":\"https:\\\/\\\/regiaonews.net.br\\\/2022\\\/#\\\/schema\\\/person\\\/2d205a608a5aa97ac279d7a5e6d89ad8\",\"name\":\"Roberto\",\"image\":{\"@type\":\"ImageObject\",\"inLanguage\":\"pt-BR\",\"@id\":\"https:\\\/\\\/secure.gravatar.com\\\/avatar\\\/42749d8b712ff9d59ca93dc150494e5b55a44134482993f5baeb97e61b7ecc89?s=96&d=mm&r=g\",\"url\":\"https:\\\/\\\/secure.gravatar.com\\\/avatar\\\/42749d8b712ff9d59ca93dc150494e5b55a44134482993f5baeb97e61b7ecc89?s=96&d=mm&r=g\",\"contentUrl\":\"https:\\\/\\\/secure.gravatar.com\\\/avatar\\\/42749d8b712ff9d59ca93dc150494e5b55a44134482993f5baeb97e61b7ecc89?s=96&d=mm&r=g\",\"caption\":\"Roberto\"},\"url\":\"https:\\\/\\\/regiaonews.net.br\\\/2022\\\/author\\\/roberto\\\/\"}]}<\/script>\n<!-- \/ Yoast SEO plugin. -->","yoast_head_json":{"title":"C\u00e2mara de Bebedouro vota projeto que d\u00e1 suporte \u00e0 constru\u00e7\u00e3o do viaduto na Raul Furquim - Regi\u00e3o News","robots":{"index":"index","follow":"follow","max-snippet":"max-snippet:-1","max-image-preview":"max-image-preview:large","max-video-preview":"max-video-preview:-1"},"canonical":"https:\/\/regiaonews.net.br\/2022\/2025\/02\/18\/camara-vota-projeto-que-da-suporte-a-construcao-do-viaduto-na-raul-furquim\/","og_locale":"pt_BR","og_type":"article","og_title":"C\u00e2mara de Bebedouro vota projeto que d\u00e1 suporte \u00e0 constru\u00e7\u00e3o do viaduto na Raul Furquim - Regi\u00e3o News","og_description":"&nbsp; N\u00e3o h\u00e1 projetos na ordem do dia, entretanto, foi","og_url":"https:\/\/regiaonews.net.br\/2022\/2025\/02\/18\/camara-vota-projeto-que-da-suporte-a-construcao-do-viaduto-na-raul-furquim\/","og_site_name":"Regi\u00e3o News","article_published_time":"2025-02-18T13:02:13+00:00","article_modified_time":"2025-02-18T13:04:14+00:00","og_image":[{"width":967,"height":540,"url":"https:\/\/regiaonews.net.br\/2022\/wp-content\/uploads\/2025\/02\/444b9a46-0c59-4533-b1f8-7247c655e77f.jpg","type":"image\/jpeg"}],"author":"Roberto","twitter_card":"summary_large_image","twitter_misc":{"Escrito por":"Roberto","Est. tempo de leitura":"2 minutos"},"schema":{"@context":"https:\/\/schema.org","@graph":[{"@type":"Article","@id":"https:\/\/regiaonews.net.br\/2022\/2025\/02\/18\/camara-vota-projeto-que-da-suporte-a-construcao-do-viaduto-na-raul-furquim\/#article","isPartOf":{"@id":"https:\/\/regiaonews.net.br\/2022\/2025\/02\/18\/camara-vota-projeto-que-da-suporte-a-construcao-do-viaduto-na-raul-furquim\/"},"author":{"name":"Roberto","@id":"https:\/\/regiaonews.net.br\/2022\/#\/schema\/person\/2d205a608a5aa97ac279d7a5e6d89ad8"},"headline":"C\u00e2mara de Bebedouro vota projeto que d\u00e1 suporte \u00e0 constru\u00e7\u00e3o do viaduto na Raul Furquim","datePublished":"2025-02-18T13:02:13+00:00","dateModified":"2025-02-18T13:04:14+00:00","mainEntityOfPage":{"@id":"https:\/\/regiaonews.net.br\/2022\/2025\/02\/18\/camara-vota-projeto-que-da-suporte-a-construcao-do-viaduto-na-raul-furquim\/"},"wordCount":217,"commentCount":0,"publisher":{"@id":"https:\/\/regiaonews.net.br\/2022\/#organization"},"image":{"@id":"https:\/\/regiaonews.net.br\/2022\/2025\/02\/18\/camara-vota-projeto-que-da-suporte-a-construcao-do-viaduto-na-raul-furquim\/#primaryimage"},"thumbnailUrl":"https:\/\/regiaonews.net.br\/2022\/wp-content\/uploads\/2025\/02\/444b9a46-0c59-4533-b1f8-7247c655e77f.jpg","articleSection":["Bebedouro","Cidades"],"inLanguage":"pt-BR","potentialAction":[{"@type":"CommentAction","name":"Comment","target":["https:\/\/regiaonews.net.br\/2022\/2025\/02\/18\/camara-vota-projeto-que-da-suporte-a-construcao-do-viaduto-na-raul-furquim\/#respond"]}]},{"@type":"WebPage","@id":"https:\/\/regiaonews.net.br\/2022\/2025\/02\/18\/camara-vota-projeto-que-da-suporte-a-construcao-do-viaduto-na-raul-furquim\/","url":"https:\/\/regiaonews.net.br\/2022\/2025\/02\/18\/camara-vota-projeto-que-da-suporte-a-construcao-do-viaduto-na-raul-furquim\/","name":"C\u00e2mara de Bebedouro vota projeto que d\u00e1 suporte \u00e0 constru\u00e7\u00e3o do viaduto na Raul Furquim - Regi\u00e3o News","isPartOf":{"@id":"https:\/\/regiaonews.net.br\/2022\/#website"},"primaryImageOfPage":{"@id":"https:\/\/regiaonews.net.br\/2022\/2025\/02\/18\/camara-vota-projeto-que-da-suporte-a-construcao-do-viaduto-na-raul-furquim\/#primaryimage"},"image":{"@id":"https:\/\/regiaonews.net.br\/2022\/2025\/02\/18\/camara-vota-projeto-que-da-suporte-a-construcao-do-viaduto-na-raul-furquim\/#primaryimage"},"thumbnailUrl":"https:\/\/regiaonews.net.br\/2022\/wp-content\/uploads\/2025\/02\/444b9a46-0c59-4533-b1f8-7247c655e77f.jpg","datePublished":"2025-02-18T13:02:13+00:00","dateModified":"2025-02-18T13:04:14+00:00","breadcrumb":{"@id":"https:\/\/regiaonews.net.br\/2022\/2025\/02\/18\/camara-vota-projeto-que-da-suporte-a-construcao-do-viaduto-na-raul-furquim\/#breadcrumb"},"inLanguage":"pt-BR","potentialAction":[{"@type":"ReadAction","target":["https:\/\/regiaonews.net.br\/2022\/2025\/02\/18\/camara-vota-projeto-que-da-suporte-a-construcao-do-viaduto-na-raul-furquim\/"]}]},{"@type":"ImageObject","inLanguage":"pt-BR","@id":"https:\/\/regiaonews.net.br\/2022\/2025\/02\/18\/camara-vota-projeto-que-da-suporte-a-construcao-do-viaduto-na-raul-furquim\/#primaryimage","url":"https:\/\/regiaonews.net.br\/2022\/wp-content\/uploads\/2025\/02\/444b9a46-0c59-4533-b1f8-7247c655e77f.jpg","contentUrl":"https:\/\/regiaonews.net.br\/2022\/wp-content\/uploads\/2025\/02\/444b9a46-0c59-4533-b1f8-7247c655e77f.jpg","width":967,"height":540},{"@type":"BreadcrumbList","@id":"https:\/\/regiaonews.net.br\/2022\/2025\/02\/18\/camara-vota-projeto-que-da-suporte-a-construcao-do-viaduto-na-raul-furquim\/#breadcrumb","itemListElement":[{"@type":"ListItem","position":1,"name":"In\u00edcio","item":"https:\/\/regiaonews.net.br\/2022\/"},{"@type":"ListItem","position":2,"name":"C\u00e2mara de Bebedouro vota projeto que d\u00e1 suporte \u00e0 constru\u00e7\u00e3o do viaduto na Raul Furquim"}]},{"@type":"WebSite","@id":"https:\/\/regiaonews.net.br\/2022\/#website","url":"https:\/\/regiaonews.net.br\/2022\/","name":"Regi\u00e3o News","description":"Site de Not\u00edcias de Barretos e regi\u00e3o","publisher":{"@id":"https:\/\/regiaonews.net.br\/2022\/#organization"},"potentialAction":[{"@type":"SearchAction","target":{"@type":"EntryPoint","urlTemplate":"https:\/\/regiaonews.net.br\/2022\/?s={search_term_string}"},"query-input":{"@type":"PropertyValueSpecification","valueRequired":true,"valueName":"search_term_string"}}],"inLanguage":"pt-BR"},{"@type":"Organization","@id":"https:\/\/regiaonews.net.br\/2022\/#organization","name":"Regi\u00e3o News","url":"https:\/\/regiaonews.net.br\/2022\/","logo":{"@type":"ImageObject","inLanguage":"pt-BR","@id":"https:\/\/regiaonews.net.br\/2022\/#\/schema\/logo\/image\/","url":"https:\/\/regiaonews.net.br\/2022\/wp-content\/uploads\/2026\/03\/regiao-13-anos-scaled.jpg","contentUrl":"https:\/\/regiaonews.net.br\/2022\/wp-content\/uploads\/2026\/03\/regiao-13-anos-scaled.jpg","width":2560,"height":635,"caption":"Regi\u00e3o News"},"image":{"@id":"https:\/\/regiaonews.net.br\/2022\/#\/schema\/logo\/image\/"}},{"@type":"Person","@id":"https:\/\/regiaonews.net.br\/2022\/#\/schema\/person\/2d205a608a5aa97ac279d7a5e6d89ad8","name":"Roberto","image":{"@type":"ImageObject","inLanguage":"pt-BR","@id":"https:\/\/secure.gravatar.com\/avatar\/42749d8b712ff9d59ca93dc150494e5b55a44134482993f5baeb97e61b7ecc89?s=96&d=mm&r=g","url":"https:\/\/secure.gravatar.com\/avatar\/42749d8b712ff9d59ca93dc150494e5b55a44134482993f5baeb97e61b7ecc89?s=96&d=mm&r=g","contentUrl":"https:\/\/secure.gravatar.com\/avatar\/42749d8b712ff9d59ca93dc150494e5b55a44134482993f5baeb97e61b7ecc89?s=96&d=mm&r=g","caption":"Roberto"},"url":"https:\/\/regiaonews.net.br\/2022\/author\/roberto\/"}]}},"publishpress_future_action":{"enabled":false,"date":"2026-05-02 05:08:45","action":"change-status","newStatus":"draft","terms":[],"taxonomy":"category","extraData":[]},"publishpress_future_workflow_manual_trigger":{"enabledWorkflows":[]},"_links":{"self":[{"href":"https:\/\/regiaonews.net.br\/2022\/wp-json\/wp\/v2\/posts\/114704","targetHints":{"allow":["GET"]}}],"collection":[{"href":"https:\/\/regiaonews.net.br\/2022\/wp-json\/wp\/v2\/posts"}],"about":[{"href":"https:\/\/regiaonews.net.br\/2022\/wp-json\/wp\/v2\/types\/post"}],"author":[{"embeddable":true,"href":"https:\/\/regiaonews.net.br\/2022\/wp-json\/wp\/v2\/users\/2"}],"replies":[{"embeddable":true,"href":"https:\/\/regiaonews.net.br\/2022\/wp-json\/wp\/v2\/comments?post=114704"}],"version-history":[{"count":2,"href":"https:\/\/regiaonews.net.br\/2022\/wp-json\/wp\/v2\/posts\/114704\/revisions"}],"predecessor-version":[{"id":114712,"href":"https:\/\/regiaonews.net.br\/2022\/wp-json\/wp\/v2\/posts\/114704\/revisions\/114712"}],"wp:featuredmedia":[{"embeddable":true,"href":"https:\/\/regiaonews.net.br\/2022\/wp-json\/wp\/v2\/media\/114705"}],"wp:attachment":[{"href":"https:\/\/regiaonews.net.br\/2022\/wp-json\/wp\/v2\/media?parent=114704"}],"wp:term":[{"taxonomy":"category","embeddable":true,"href":"https:\/\/regiaonews.net.br\/2022\/wp-json\/wp\/v2\/categories?post=114704"},{"taxonomy":"post_tag","embeddable":true,"href":"https:\/\/regiaonews.net.br\/2022\/wp-json\/wp\/v2\/tags?post=114704"}],"curies":[{"name":"wp","href":"https:\/\/api.w.org\/{rel}","templated":true}]}}