{"id":114658,"date":"2025-02-16T20:03:15","date_gmt":"2025-02-16T23:03:15","guid":{"rendered":"https:\/\/regiaonews.net.br\/2022\/?p=114658"},"modified":"2025-02-16T20:05:56","modified_gmt":"2025-02-16T23:05:56","slug":"homem-da-entrada-em-hospital-de-bebedouro-ferido-com-tiros-apos-briga","status":"publish","type":"post","link":"https:\/\/regiaonews.net.br\/2022\/2025\/02\/16\/homem-da-entrada-em-hospital-de-bebedouro-ferido-com-tiros-apos-briga\/","title":{"rendered":"Homem d\u00e1 entrada em hospital de Bebedouro ferido com tiros ap\u00f3s briga"},"content":{"rendered":"<p>&nbsp;<\/p>\n<p>A Pol\u00edcia Militar de Bebedouro registrou uma ocorr\u00eancia de tentativa de homic\u00eddio, a\u00e7\u00e3o criminosa e apreens\u00e3o de ve\u00edculo, \u00e0s 2h30 da madrugada deste domingo (16), na rua Raul Furquim n\u00b0 2010, no estacionamento do Hospital J\u00falia Pinto Caldeira. Segundo o boletim, a v\u00edtima R. O., estava em um ve\u00edculo Evoque, quando entrou no pronto-socorro sangrando e pedindo socorro, relatando que havia sido baleado.<\/p>\n<p>A Pol\u00edcia Militar, compareceu\u00a0 no local para apoio, realizando uma varredura completa no ambiente. Em seguida, a Vtr I-33316 chegou para dar suporte, seguida por v\u00e1rias viaturas da Guarda Municipal e do Comando For\u00e7a.<\/p>\n<p>Ap\u00f3s entrevista contato com a v\u00edtima, ele relatou que o indiv\u00edduo em ve\u00edculo Gol,\u00a0 \u00a0era um inimigo de tempos atr\u00e1s, e que se encontraram no posto de gasolina do Buritizinho. Ambos trocaram ofensas, sa\u00edram com seus carros e come\u00e7aram uma disputa, colidindo um no carro do outro. Ao avistar o Hospital J\u00falia, decidiram entrar no estacionamento, onde ambos colidiram novamente. O indiv\u00edduo do Gol,\u00a0 efetuou disparos de dentro e fora do ve\u00edculo. A v\u00edtima abaixou-se e saiu do carro, indo em dire\u00e7\u00e3o ao pronto-socorro.<\/p>\n<p>No hospital foi poss\u00edvel observar que a v\u00edtima sofreu tr\u00eas disparos de arma de fogo: um na m\u00e3o esquerda, um na testa (lado direito) e um na boca (lado esquerdo). No seu relato, identificou que uma mulher saltou do Gol no momento em que entraram no estacionamento. A viatura do CGP 3 conseguiu abord\u00e1-la, posteriormente qualificada como N.. Tamb\u00e9m foi identificado o passageiro R., que estava junto na Evoque.<\/p>\n<p>Informa\u00e7\u00f5es de populares citaram o poss\u00edvel autor do crime, de nome L.. A per\u00edcia compareceu ao local. O delegado tamb\u00e9m esteve presente. Ap\u00f3s repassar os dados dos fatos ao delegado, deslocamos ao DP conduzindo a mulher para esclarecimentos e elabora\u00e7\u00e3o do BOPC.<\/p>\n","protected":false},"excerpt":{"rendered":"<p>&nbsp; A Pol\u00edcia Militar de Bebedouro registrou uma ocorr\u00eancia de<\/p>\n","protected":false},"author":2,"featured_media":114659,"comment_status":"open","ping_status":"open","sticky":false,"template":"","format":"standard","meta":{"footnotes":""},"categories":[4,23],"tags":[],"class_list":["post-114658","post","type-post","status-publish","format-standard","has-post-thumbnail","hentry","category-bebedouro","category-policia"],"yoast_head":"<!-- This site is optimized with the Yoast SEO plugin v27.4 - https:\/\/yoast.com\/product\/yoast-seo-wordpress\/ -->\n<title>Homem d\u00e1 entrada em hospital de Bebedouro ferido com tiros ap\u00f3s briga - Regi\u00e3o News<\/title>\n<meta name=\"robots\" content=\"index, follow, max-snippet:-1, max-image-preview:large, max-video-preview:-1\" \/>\n<link rel=\"canonical\" href=\"https:\/\/regiaonews.net.br\/2022\/2025\/02\/16\/homem-da-entrada-em-hospital-de-bebedouro-ferido-com-tiros-apos-briga\/\" \/>\n<meta property=\"og:locale\" content=\"pt_BR\" \/>\n<meta property=\"og:type\" content=\"article\" \/>\n<meta property=\"og:title\" content=\"Homem d\u00e1 entrada em hospital de Bebedouro ferido com tiros ap\u00f3s briga - Regi\u00e3o News\" \/>\n<meta property=\"og:description\" content=\"&nbsp; A Pol\u00edcia Militar de Bebedouro registrou uma ocorr\u00eancia de\" \/>\n<meta property=\"og:url\" content=\"https:\/\/regiaonews.net.br\/2022\/2025\/02\/16\/homem-da-entrada-em-hospital-de-bebedouro-ferido-com-tiros-apos-briga\/\" \/>\n<meta property=\"og:site_name\" content=\"Regi\u00e3o News\" \/>\n<meta property=\"article:published_time\" content=\"2025-02-16T23:03:15+00:00\" \/>\n<meta property=\"article:modified_time\" content=\"2025-02-16T23:05:56+00:00\" \/>\n<meta property=\"og:image\" content=\"https:\/\/regiaonews.net.br\/2022\/wp-content\/uploads\/2025\/02\/IMG-20250216-WA0169.jpg\" \/>\n\t<meta property=\"og:image:width\" content=\"1200\" \/>\n\t<meta property=\"og:image:height\" content=\"1600\" \/>\n\t<meta property=\"og:image:type\" content=\"image\/jpeg\" \/>\n<meta name=\"author\" content=\"Roberto\" \/>\n<meta name=\"twitter:card\" content=\"summary_large_image\" \/>\n<meta name=\"twitter:label1\" content=\"Escrito por\" \/>\n\t<meta name=\"twitter:data1\" content=\"Roberto\" \/>\n\t<meta name=\"twitter:label2\" content=\"Est. tempo de leitura\" \/>\n\t<meta name=\"twitter:data2\" content=\"2 minutos\" \/>\n<script type=\"application\/ld+json\" class=\"yoast-schema-graph\">{\"@context\":\"https:\\\/\\\/schema.org\",\"@graph\":[{\"@type\":\"Article\",\"@id\":\"https:\\\/\\\/regiaonews.net.br\\\/2022\\\/2025\\\/02\\\/16\\\/homem-da-entrada-em-hospital-de-bebedouro-ferido-com-tiros-apos-briga\\\/#article\",\"isPartOf\":{\"@id\":\"https:\\\/\\\/regiaonews.net.br\\\/2022\\\/2025\\\/02\\\/16\\\/homem-da-entrada-em-hospital-de-bebedouro-ferido-com-tiros-apos-briga\\\/\"},\"author\":{\"name\":\"Roberto\",\"@id\":\"https:\\\/\\\/regiaonews.net.br\\\/2022\\\/#\\\/schema\\\/person\\\/2d205a608a5aa97ac279d7a5e6d89ad8\"},\"headline\":\"Homem d\u00e1 entrada em hospital de Bebedouro ferido com tiros ap\u00f3s briga\",\"datePublished\":\"2025-02-16T23:03:15+00:00\",\"dateModified\":\"2025-02-16T23:05:56+00:00\",\"mainEntityOfPage\":{\"@id\":\"https:\\\/\\\/regiaonews.net.br\\\/2022\\\/2025\\\/02\\\/16\\\/homem-da-entrada-em-hospital-de-bebedouro-ferido-com-tiros-apos-briga\\\/\"},\"wordCount\":339,\"commentCount\":0,\"publisher\":{\"@id\":\"https:\\\/\\\/regiaonews.net.br\\\/2022\\\/#organization\"},\"image\":{\"@id\":\"https:\\\/\\\/regiaonews.net.br\\\/2022\\\/2025\\\/02\\\/16\\\/homem-da-entrada-em-hospital-de-bebedouro-ferido-com-tiros-apos-briga\\\/#primaryimage\"},\"thumbnailUrl\":\"https:\\\/\\\/regiaonews.net.br\\\/2022\\\/wp-content\\\/uploads\\\/2025\\\/02\\\/IMG-20250216-WA0169.jpg\",\"articleSection\":[\"Bebedouro\",\"Policia\"],\"inLanguage\":\"pt-BR\",\"potentialAction\":[{\"@type\":\"CommentAction\",\"name\":\"Comment\",\"target\":[\"https:\\\/\\\/regiaonews.net.br\\\/2022\\\/2025\\\/02\\\/16\\\/homem-da-entrada-em-hospital-de-bebedouro-ferido-com-tiros-apos-briga\\\/#respond\"]}]},{\"@type\":\"WebPage\",\"@id\":\"https:\\\/\\\/regiaonews.net.br\\\/2022\\\/2025\\\/02\\\/16\\\/homem-da-entrada-em-hospital-de-bebedouro-ferido-com-tiros-apos-briga\\\/\",\"url\":\"https:\\\/\\\/regiaonews.net.br\\\/2022\\\/2025\\\/02\\\/16\\\/homem-da-entrada-em-hospital-de-bebedouro-ferido-com-tiros-apos-briga\\\/\",\"name\":\"Homem d\u00e1 entrada em hospital de Bebedouro ferido com tiros ap\u00f3s briga - Regi\u00e3o News\",\"isPartOf\":{\"@id\":\"https:\\\/\\\/regiaonews.net.br\\\/2022\\\/#website\"},\"primaryImageOfPage\":{\"@id\":\"https:\\\/\\\/regiaonews.net.br\\\/2022\\\/2025\\\/02\\\/16\\\/homem-da-entrada-em-hospital-de-bebedouro-ferido-com-tiros-apos-briga\\\/#primaryimage\"},\"image\":{\"@id\":\"https:\\\/\\\/regiaonews.net.br\\\/2022\\\/2025\\\/02\\\/16\\\/homem-da-entrada-em-hospital-de-bebedouro-ferido-com-tiros-apos-briga\\\/#primaryimage\"},\"thumbnailUrl\":\"https:\\\/\\\/regiaonews.net.br\\\/2022\\\/wp-content\\\/uploads\\\/2025\\\/02\\\/IMG-20250216-WA0169.jpg\",\"datePublished\":\"2025-02-16T23:03:15+00:00\",\"dateModified\":\"2025-02-16T23:05:56+00:00\",\"breadcrumb\":{\"@id\":\"https:\\\/\\\/regiaonews.net.br\\\/2022\\\/2025\\\/02\\\/16\\\/homem-da-entrada-em-hospital-de-bebedouro-ferido-com-tiros-apos-briga\\\/#breadcrumb\"},\"inLanguage\":\"pt-BR\",\"potentialAction\":[{\"@type\":\"ReadAction\",\"target\":[\"https:\\\/\\\/regiaonews.net.br\\\/2022\\\/2025\\\/02\\\/16\\\/homem-da-entrada-em-hospital-de-bebedouro-ferido-com-tiros-apos-briga\\\/\"]}]},{\"@type\":\"ImageObject\",\"inLanguage\":\"pt-BR\",\"@id\":\"https:\\\/\\\/regiaonews.net.br\\\/2022\\\/2025\\\/02\\\/16\\\/homem-da-entrada-em-hospital-de-bebedouro-ferido-com-tiros-apos-briga\\\/#primaryimage\",\"url\":\"https:\\\/\\\/regiaonews.net.br\\\/2022\\\/wp-content\\\/uploads\\\/2025\\\/02\\\/IMG-20250216-WA0169.jpg\",\"contentUrl\":\"https:\\\/\\\/regiaonews.net.br\\\/2022\\\/wp-content\\\/uploads\\\/2025\\\/02\\\/IMG-20250216-WA0169.jpg\",\"width\":1200,\"height\":1600},{\"@type\":\"BreadcrumbList\",\"@id\":\"https:\\\/\\\/regiaonews.net.br\\\/2022\\\/2025\\\/02\\\/16\\\/homem-da-entrada-em-hospital-de-bebedouro-ferido-com-tiros-apos-briga\\\/#breadcrumb\",\"itemListElement\":[{\"@type\":\"ListItem\",\"position\":1,\"name\":\"In\u00edcio\",\"item\":\"https:\\\/\\\/regiaonews.net.br\\\/2022\\\/\"},{\"@type\":\"ListItem\",\"position\":2,\"name\":\"Homem d\u00e1 entrada em hospital de Bebedouro ferido com tiros ap\u00f3s briga\"}]},{\"@type\":\"WebSite\",\"@id\":\"https:\\\/\\\/regiaonews.net.br\\\/2022\\\/#website\",\"url\":\"https:\\\/\\\/regiaonews.net.br\\\/2022\\\/\",\"name\":\"Regi\u00e3o News\",\"description\":\"Site de Not\u00edcias de Barretos e regi\u00e3o\",\"publisher\":{\"@id\":\"https:\\\/\\\/regiaonews.net.br\\\/2022\\\/#organization\"},\"potentialAction\":[{\"@type\":\"SearchAction\",\"target\":{\"@type\":\"EntryPoint\",\"urlTemplate\":\"https:\\\/\\\/regiaonews.net.br\\\/2022\\\/?s={search_term_string}\"},\"query-input\":{\"@type\":\"PropertyValueSpecification\",\"valueRequired\":true,\"valueName\":\"search_term_string\"}}],\"inLanguage\":\"pt-BR\"},{\"@type\":\"Organization\",\"@id\":\"https:\\\/\\\/regiaonews.net.br\\\/2022\\\/#organization\",\"name\":\"Regi\u00e3o News\",\"url\":\"https:\\\/\\\/regiaonews.net.br\\\/2022\\\/\",\"logo\":{\"@type\":\"ImageObject\",\"inLanguage\":\"pt-BR\",\"@id\":\"https:\\\/\\\/regiaonews.net.br\\\/2022\\\/#\\\/schema\\\/logo\\\/image\\\/\",\"url\":\"https:\\\/\\\/regiaonews.net.br\\\/2022\\\/wp-content\\\/uploads\\\/2026\\\/03\\\/regiao-13-anos-scaled.jpg\",\"contentUrl\":\"https:\\\/\\\/regiaonews.net.br\\\/2022\\\/wp-content\\\/uploads\\\/2026\\\/03\\\/regiao-13-anos-scaled.jpg\",\"width\":2560,\"height\":635,\"caption\":\"Regi\u00e3o News\"},\"image\":{\"@id\":\"https:\\\/\\\/regiaonews.net.br\\\/2022\\\/#\\\/schema\\\/logo\\\/image\\\/\"}},{\"@type\":\"Person\",\"@id\":\"https:\\\/\\\/regiaonews.net.br\\\/2022\\\/#\\\/schema\\\/person\\\/2d205a608a5aa97ac279d7a5e6d89ad8\",\"name\":\"Roberto\",\"image\":{\"@type\":\"ImageObject\",\"inLanguage\":\"pt-BR\",\"@id\":\"https:\\\/\\\/secure.gravatar.com\\\/avatar\\\/42749d8b712ff9d59ca93dc150494e5b55a44134482993f5baeb97e61b7ecc89?s=96&d=mm&r=g\",\"url\":\"https:\\\/\\\/secure.gravatar.com\\\/avatar\\\/42749d8b712ff9d59ca93dc150494e5b55a44134482993f5baeb97e61b7ecc89?s=96&d=mm&r=g\",\"contentUrl\":\"https:\\\/\\\/secure.gravatar.com\\\/avatar\\\/42749d8b712ff9d59ca93dc150494e5b55a44134482993f5baeb97e61b7ecc89?s=96&d=mm&r=g\",\"caption\":\"Roberto\"},\"url\":\"https:\\\/\\\/regiaonews.net.br\\\/2022\\\/author\\\/roberto\\\/\"}]}<\/script>\n<!-- \/ Yoast SEO plugin. -->","yoast_head_json":{"title":"Homem d\u00e1 entrada em hospital de Bebedouro ferido com tiros ap\u00f3s briga - Regi\u00e3o News","robots":{"index":"index","follow":"follow","max-snippet":"max-snippet:-1","max-image-preview":"max-image-preview:large","max-video-preview":"max-video-preview:-1"},"canonical":"https:\/\/regiaonews.net.br\/2022\/2025\/02\/16\/homem-da-entrada-em-hospital-de-bebedouro-ferido-com-tiros-apos-briga\/","og_locale":"pt_BR","og_type":"article","og_title":"Homem d\u00e1 entrada em hospital de Bebedouro ferido com tiros ap\u00f3s briga - Regi\u00e3o News","og_description":"&nbsp; A Pol\u00edcia Militar de Bebedouro registrou uma ocorr\u00eancia de","og_url":"https:\/\/regiaonews.net.br\/2022\/2025\/02\/16\/homem-da-entrada-em-hospital-de-bebedouro-ferido-com-tiros-apos-briga\/","og_site_name":"Regi\u00e3o News","article_published_time":"2025-02-16T23:03:15+00:00","article_modified_time":"2025-02-16T23:05:56+00:00","og_image":[{"width":1200,"height":1600,"url":"https:\/\/regiaonews.net.br\/2022\/wp-content\/uploads\/2025\/02\/IMG-20250216-WA0169.jpg","type":"image\/jpeg"}],"author":"Roberto","twitter_card":"summary_large_image","twitter_misc":{"Escrito por":"Roberto","Est. tempo de leitura":"2 minutos"},"schema":{"@context":"https:\/\/schema.org","@graph":[{"@type":"Article","@id":"https:\/\/regiaonews.net.br\/2022\/2025\/02\/16\/homem-da-entrada-em-hospital-de-bebedouro-ferido-com-tiros-apos-briga\/#article","isPartOf":{"@id":"https:\/\/regiaonews.net.br\/2022\/2025\/02\/16\/homem-da-entrada-em-hospital-de-bebedouro-ferido-com-tiros-apos-briga\/"},"author":{"name":"Roberto","@id":"https:\/\/regiaonews.net.br\/2022\/#\/schema\/person\/2d205a608a5aa97ac279d7a5e6d89ad8"},"headline":"Homem d\u00e1 entrada em hospital de Bebedouro ferido com tiros ap\u00f3s briga","datePublished":"2025-02-16T23:03:15+00:00","dateModified":"2025-02-16T23:05:56+00:00","mainEntityOfPage":{"@id":"https:\/\/regiaonews.net.br\/2022\/2025\/02\/16\/homem-da-entrada-em-hospital-de-bebedouro-ferido-com-tiros-apos-briga\/"},"wordCount":339,"commentCount":0,"publisher":{"@id":"https:\/\/regiaonews.net.br\/2022\/#organization"},"image":{"@id":"https:\/\/regiaonews.net.br\/2022\/2025\/02\/16\/homem-da-entrada-em-hospital-de-bebedouro-ferido-com-tiros-apos-briga\/#primaryimage"},"thumbnailUrl":"https:\/\/regiaonews.net.br\/2022\/wp-content\/uploads\/2025\/02\/IMG-20250216-WA0169.jpg","articleSection":["Bebedouro","Policia"],"inLanguage":"pt-BR","potentialAction":[{"@type":"CommentAction","name":"Comment","target":["https:\/\/regiaonews.net.br\/2022\/2025\/02\/16\/homem-da-entrada-em-hospital-de-bebedouro-ferido-com-tiros-apos-briga\/#respond"]}]},{"@type":"WebPage","@id":"https:\/\/regiaonews.net.br\/2022\/2025\/02\/16\/homem-da-entrada-em-hospital-de-bebedouro-ferido-com-tiros-apos-briga\/","url":"https:\/\/regiaonews.net.br\/2022\/2025\/02\/16\/homem-da-entrada-em-hospital-de-bebedouro-ferido-com-tiros-apos-briga\/","name":"Homem d\u00e1 entrada em hospital de Bebedouro ferido com tiros ap\u00f3s briga - Regi\u00e3o News","isPartOf":{"@id":"https:\/\/regiaonews.net.br\/2022\/#website"},"primaryImageOfPage":{"@id":"https:\/\/regiaonews.net.br\/2022\/2025\/02\/16\/homem-da-entrada-em-hospital-de-bebedouro-ferido-com-tiros-apos-briga\/#primaryimage"},"image":{"@id":"https:\/\/regiaonews.net.br\/2022\/2025\/02\/16\/homem-da-entrada-em-hospital-de-bebedouro-ferido-com-tiros-apos-briga\/#primaryimage"},"thumbnailUrl":"https:\/\/regiaonews.net.br\/2022\/wp-content\/uploads\/2025\/02\/IMG-20250216-WA0169.jpg","datePublished":"2025-02-16T23:03:15+00:00","dateModified":"2025-02-16T23:05:56+00:00","breadcrumb":{"@id":"https:\/\/regiaonews.net.br\/2022\/2025\/02\/16\/homem-da-entrada-em-hospital-de-bebedouro-ferido-com-tiros-apos-briga\/#breadcrumb"},"inLanguage":"pt-BR","potentialAction":[{"@type":"ReadAction","target":["https:\/\/regiaonews.net.br\/2022\/2025\/02\/16\/homem-da-entrada-em-hospital-de-bebedouro-ferido-com-tiros-apos-briga\/"]}]},{"@type":"ImageObject","inLanguage":"pt-BR","@id":"https:\/\/regiaonews.net.br\/2022\/2025\/02\/16\/homem-da-entrada-em-hospital-de-bebedouro-ferido-com-tiros-apos-briga\/#primaryimage","url":"https:\/\/regiaonews.net.br\/2022\/wp-content\/uploads\/2025\/02\/IMG-20250216-WA0169.jpg","contentUrl":"https:\/\/regiaonews.net.br\/2022\/wp-content\/uploads\/2025\/02\/IMG-20250216-WA0169.jpg","width":1200,"height":1600},{"@type":"BreadcrumbList","@id":"https:\/\/regiaonews.net.br\/2022\/2025\/02\/16\/homem-da-entrada-em-hospital-de-bebedouro-ferido-com-tiros-apos-briga\/#breadcrumb","itemListElement":[{"@type":"ListItem","position":1,"name":"In\u00edcio","item":"https:\/\/regiaonews.net.br\/2022\/"},{"@type":"ListItem","position":2,"name":"Homem d\u00e1 entrada em hospital de Bebedouro ferido com tiros ap\u00f3s briga"}]},{"@type":"WebSite","@id":"https:\/\/regiaonews.net.br\/2022\/#website","url":"https:\/\/regiaonews.net.br\/2022\/","name":"Regi\u00e3o News","description":"Site de Not\u00edcias de Barretos e regi\u00e3o","publisher":{"@id":"https:\/\/regiaonews.net.br\/2022\/#organization"},"potentialAction":[{"@type":"SearchAction","target":{"@type":"EntryPoint","urlTemplate":"https:\/\/regiaonews.net.br\/2022\/?s={search_term_string}"},"query-input":{"@type":"PropertyValueSpecification","valueRequired":true,"valueName":"search_term_string"}}],"inLanguage":"pt-BR"},{"@type":"Organization","@id":"https:\/\/regiaonews.net.br\/2022\/#organization","name":"Regi\u00e3o News","url":"https:\/\/regiaonews.net.br\/2022\/","logo":{"@type":"ImageObject","inLanguage":"pt-BR","@id":"https:\/\/regiaonews.net.br\/2022\/#\/schema\/logo\/image\/","url":"https:\/\/regiaonews.net.br\/2022\/wp-content\/uploads\/2026\/03\/regiao-13-anos-scaled.jpg","contentUrl":"https:\/\/regiaonews.net.br\/2022\/wp-content\/uploads\/2026\/03\/regiao-13-anos-scaled.jpg","width":2560,"height":635,"caption":"Regi\u00e3o News"},"image":{"@id":"https:\/\/regiaonews.net.br\/2022\/#\/schema\/logo\/image\/"}},{"@type":"Person","@id":"https:\/\/regiaonews.net.br\/2022\/#\/schema\/person\/2d205a608a5aa97ac279d7a5e6d89ad8","name":"Roberto","image":{"@type":"ImageObject","inLanguage":"pt-BR","@id":"https:\/\/secure.gravatar.com\/avatar\/42749d8b712ff9d59ca93dc150494e5b55a44134482993f5baeb97e61b7ecc89?s=96&d=mm&r=g","url":"https:\/\/secure.gravatar.com\/avatar\/42749d8b712ff9d59ca93dc150494e5b55a44134482993f5baeb97e61b7ecc89?s=96&d=mm&r=g","contentUrl":"https:\/\/secure.gravatar.com\/avatar\/42749d8b712ff9d59ca93dc150494e5b55a44134482993f5baeb97e61b7ecc89?s=96&d=mm&r=g","caption":"Roberto"},"url":"https:\/\/regiaonews.net.br\/2022\/author\/roberto\/"}]}},"publishpress_future_action":{"enabled":false,"date":"2026-05-02 01:29:51","action":"change-status","newStatus":"draft","terms":[],"taxonomy":"category","extraData":[]},"publishpress_future_workflow_manual_trigger":{"enabledWorkflows":[]},"_links":{"self":[{"href":"https:\/\/regiaonews.net.br\/2022\/wp-json\/wp\/v2\/posts\/114658","targetHints":{"allow":["GET"]}}],"collection":[{"href":"https:\/\/regiaonews.net.br\/2022\/wp-json\/wp\/v2\/posts"}],"about":[{"href":"https:\/\/regiaonews.net.br\/2022\/wp-json\/wp\/v2\/types\/post"}],"author":[{"embeddable":true,"href":"https:\/\/regiaonews.net.br\/2022\/wp-json\/wp\/v2\/users\/2"}],"replies":[{"embeddable":true,"href":"https:\/\/regiaonews.net.br\/2022\/wp-json\/wp\/v2\/comments?post=114658"}],"version-history":[{"count":2,"href":"https:\/\/regiaonews.net.br\/2022\/wp-json\/wp\/v2\/posts\/114658\/revisions"}],"predecessor-version":[{"id":114663,"href":"https:\/\/regiaonews.net.br\/2022\/wp-json\/wp\/v2\/posts\/114658\/revisions\/114663"}],"wp:featuredmedia":[{"embeddable":true,"href":"https:\/\/regiaonews.net.br\/2022\/wp-json\/wp\/v2\/media\/114659"}],"wp:attachment":[{"href":"https:\/\/regiaonews.net.br\/2022\/wp-json\/wp\/v2\/media?parent=114658"}],"wp:term":[{"taxonomy":"category","embeddable":true,"href":"https:\/\/regiaonews.net.br\/2022\/wp-json\/wp\/v2\/categories?post=114658"},{"taxonomy":"post_tag","embeddable":true,"href":"https:\/\/regiaonews.net.br\/2022\/wp-json\/wp\/v2\/tags?post=114658"}],"curies":[{"name":"wp","href":"https:\/\/api.w.org\/{rel}","templated":true}]}}