{"id":114596,"date":"2025-02-14T16:28:32","date_gmt":"2025-02-14T19:28:32","guid":{"rendered":"https:\/\/regiaonews.net.br\/2022\/?p=114596"},"modified":"2025-02-14T16:28:32","modified_gmt":"2025-02-14T19:28:32","slug":"prefeito-celebra-que-comarca-de-barretos-tera-4a-vara-civel","status":"publish","type":"post","link":"https:\/\/regiaonews.net.br\/2022\/2025\/02\/14\/prefeito-celebra-que-comarca-de-barretos-tera-4a-vara-civel\/","title":{"rendered":"Prefeito celebra que Comarca de Barretos ter\u00e1 4\u00aa vara c\u00edvel"},"content":{"rendered":"<h3 style=\"text-align: center;\">Ainda antes de come\u00e7ar seu mandato, em dezembro de 2024, Odair integrou comitiva que esteve em S\u00e3o Paulo para fazer essa solicita\u00e7\u00e3o ao Tribunal de Justi\u00e7a<\/h3>\n<p>O prefeito da Est\u00e2ncia Tur\u00edstica de Barretos, Odair Silva, celebrou mais uma conquista para o munic\u00edpio, ocorrida nesta segunda semana de fevereiro, quando o Tribunal de Justi\u00e7a do Estado de S\u00e3o Paulo autorizou a cria\u00e7\u00e3o da 4\u00aa vara c\u00edvel da Comarca.<\/p>\n<p>\u201cNeste momento, todo o judici\u00e1rio de Barretos tem que comemorar, pois Barretos est\u00e1 sendo contemplada. O Tribunal entendeu que a demanda era necess\u00e1ria e a 4\u00aa vara ser\u00e1 efetivada, instalada e o f\u00f3rum da nossa cidade ter\u00e1 mais agilidade nos processos\u201d, destacou o prefeito.<\/p>\n<p>Odair integrou a comitiva que esteve em S\u00e3o Paulo em dezembro de 2024 para reiterar ao presidente do Tribunal, desembargador Fernando Antonio Torres Garcia, esse pedido de instala\u00e7\u00e3o, o qual a ju\u00edza Fernanda Vazquez, diretora do F\u00f3rum de Barretos, j\u00e1 sinalizava h\u00e1 algum tempo como importante. O prefeito agradeceu especialmente \u00e0 ju\u00edza Fernanda pelo empenho nessa demanda e ao deputado Andr\u00e9 do Prado, presidente da Assembleia Legislativa de S\u00e3o Paulo, que tamb\u00e9m intercedeu por Barretos junto ao Tribunal.<\/p>\n<p>Juntamente com Odair, Fernanda e Andr\u00e9, participaram da audi\u00eancia com o desembargador em dezembro do ano passado, a ent\u00e3o prefeita Paula Lemos, o vereador Paulo Correa, a advogada Arany L\u2019Apiccirella, que presidia a OAB Barretos, e o jornalista Monteiro de Barros, al\u00e9m de outros desembargadores e magistrados.<\/p>\n<p>\u201cDesde que assumimos a Prefeitura no in\u00edcio do ano, muitas coisas boas t\u00eam acontecido e agora temos mais esta boa not\u00edcia. Fico feliz por Barretos estar sendo reconhecida nas nossas necessidades tamb\u00e9m por parte do Governo do Estado, de alguns secret\u00e1rios estaduais. N\u00e3o tenho d\u00favidas que vamos avan\u00e7ar muito, j\u00e1 neste ano\u201d, ressaltou o prefeito.<\/p>\n<p>Assimp-137-2025<br \/>\nReda\u00e7\u00e3o: Assessoria\u00a0de\u00a0Imprensa<\/p>\n","protected":false},"excerpt":{"rendered":"<p>Ainda antes de come\u00e7ar seu mandato, em dezembro de 2024,<\/p>\n","protected":false},"author":2,"featured_media":114597,"comment_status":"open","ping_status":"open","sticky":false,"template":"","format":"standard","meta":{"footnotes":""},"categories":[14,3],"tags":[],"class_list":["post-114596","post","type-post","status-publish","format-standard","has-post-thumbnail","hentry","category-barretos","category-geral"],"yoast_head":"<!-- This site is optimized with the Yoast SEO plugin v27.4 - https:\/\/yoast.com\/product\/yoast-seo-wordpress\/ -->\n<title>Prefeito celebra que Comarca de Barretos ter\u00e1 4\u00aa vara c\u00edvel - Regi\u00e3o News<\/title>\n<meta name=\"robots\" content=\"index, follow, max-snippet:-1, max-image-preview:large, max-video-preview:-1\" \/>\n<link rel=\"canonical\" href=\"https:\/\/regiaonews.net.br\/2022\/2025\/02\/14\/prefeito-celebra-que-comarca-de-barretos-tera-4a-vara-civel\/\" \/>\n<meta property=\"og:locale\" content=\"pt_BR\" \/>\n<meta property=\"og:type\" content=\"article\" \/>\n<meta property=\"og:title\" content=\"Prefeito celebra que Comarca de Barretos ter\u00e1 4\u00aa vara c\u00edvel - Regi\u00e3o News\" \/>\n<meta property=\"og:description\" content=\"Ainda antes de come\u00e7ar seu mandato, em dezembro de 2024,\" \/>\n<meta property=\"og:url\" content=\"https:\/\/regiaonews.net.br\/2022\/2025\/02\/14\/prefeito-celebra-que-comarca-de-barretos-tera-4a-vara-civel\/\" \/>\n<meta property=\"og:site_name\" content=\"Regi\u00e3o News\" \/>\n<meta property=\"article:published_time\" content=\"2025-02-14T19:28:32+00:00\" \/>\n<meta property=\"og:image\" content=\"https:\/\/regiaonews.net.br\/2022\/wp-content\/uploads\/2025\/02\/Imagem-do-WhatsApp-de-2025-02-14-as-16.16.39_7347ba9f.jpg\" \/>\n\t<meta property=\"og:image:width\" content=\"1600\" \/>\n\t<meta property=\"og:image:height\" content=\"900\" \/>\n\t<meta property=\"og:image:type\" content=\"image\/jpeg\" \/>\n<meta name=\"author\" content=\"Roberto\" \/>\n<meta name=\"twitter:card\" content=\"summary_large_image\" \/>\n<meta name=\"twitter:label1\" content=\"Escrito por\" \/>\n\t<meta name=\"twitter:data1\" content=\"Roberto\" \/>\n\t<meta name=\"twitter:label2\" content=\"Est. tempo de leitura\" \/>\n\t<meta name=\"twitter:data2\" content=\"2 minutos\" \/>\n<script type=\"application\/ld+json\" class=\"yoast-schema-graph\">{\"@context\":\"https:\\\/\\\/schema.org\",\"@graph\":[{\"@type\":\"Article\",\"@id\":\"https:\\\/\\\/regiaonews.net.br\\\/2022\\\/2025\\\/02\\\/14\\\/prefeito-celebra-que-comarca-de-barretos-tera-4a-vara-civel\\\/#article\",\"isPartOf\":{\"@id\":\"https:\\\/\\\/regiaonews.net.br\\\/2022\\\/2025\\\/02\\\/14\\\/prefeito-celebra-que-comarca-de-barretos-tera-4a-vara-civel\\\/\"},\"author\":{\"name\":\"Roberto\",\"@id\":\"https:\\\/\\\/regiaonews.net.br\\\/2022\\\/#\\\/schema\\\/person\\\/2d205a608a5aa97ac279d7a5e6d89ad8\"},\"headline\":\"Prefeito celebra que Comarca de Barretos ter\u00e1 4\u00aa vara c\u00edvel\",\"datePublished\":\"2025-02-14T19:28:32+00:00\",\"mainEntityOfPage\":{\"@id\":\"https:\\\/\\\/regiaonews.net.br\\\/2022\\\/2025\\\/02\\\/14\\\/prefeito-celebra-que-comarca-de-barretos-tera-4a-vara-civel\\\/\"},\"wordCount\":336,\"commentCount\":0,\"publisher\":{\"@id\":\"https:\\\/\\\/regiaonews.net.br\\\/2022\\\/#organization\"},\"image\":{\"@id\":\"https:\\\/\\\/regiaonews.net.br\\\/2022\\\/2025\\\/02\\\/14\\\/prefeito-celebra-que-comarca-de-barretos-tera-4a-vara-civel\\\/#primaryimage\"},\"thumbnailUrl\":\"https:\\\/\\\/regiaonews.net.br\\\/2022\\\/wp-content\\\/uploads\\\/2025\\\/02\\\/Imagem-do-WhatsApp-de-2025-02-14-as-16.16.39_7347ba9f.jpg\",\"articleSection\":[\"Barretos\",\"Geral\"],\"inLanguage\":\"pt-BR\",\"potentialAction\":[{\"@type\":\"CommentAction\",\"name\":\"Comment\",\"target\":[\"https:\\\/\\\/regiaonews.net.br\\\/2022\\\/2025\\\/02\\\/14\\\/prefeito-celebra-que-comarca-de-barretos-tera-4a-vara-civel\\\/#respond\"]}]},{\"@type\":\"WebPage\",\"@id\":\"https:\\\/\\\/regiaonews.net.br\\\/2022\\\/2025\\\/02\\\/14\\\/prefeito-celebra-que-comarca-de-barretos-tera-4a-vara-civel\\\/\",\"url\":\"https:\\\/\\\/regiaonews.net.br\\\/2022\\\/2025\\\/02\\\/14\\\/prefeito-celebra-que-comarca-de-barretos-tera-4a-vara-civel\\\/\",\"name\":\"Prefeito celebra que Comarca de Barretos ter\u00e1 4\u00aa vara c\u00edvel - Regi\u00e3o News\",\"isPartOf\":{\"@id\":\"https:\\\/\\\/regiaonews.net.br\\\/2022\\\/#website\"},\"primaryImageOfPage\":{\"@id\":\"https:\\\/\\\/regiaonews.net.br\\\/2022\\\/2025\\\/02\\\/14\\\/prefeito-celebra-que-comarca-de-barretos-tera-4a-vara-civel\\\/#primaryimage\"},\"image\":{\"@id\":\"https:\\\/\\\/regiaonews.net.br\\\/2022\\\/2025\\\/02\\\/14\\\/prefeito-celebra-que-comarca-de-barretos-tera-4a-vara-civel\\\/#primaryimage\"},\"thumbnailUrl\":\"https:\\\/\\\/regiaonews.net.br\\\/2022\\\/wp-content\\\/uploads\\\/2025\\\/02\\\/Imagem-do-WhatsApp-de-2025-02-14-as-16.16.39_7347ba9f.jpg\",\"datePublished\":\"2025-02-14T19:28:32+00:00\",\"breadcrumb\":{\"@id\":\"https:\\\/\\\/regiaonews.net.br\\\/2022\\\/2025\\\/02\\\/14\\\/prefeito-celebra-que-comarca-de-barretos-tera-4a-vara-civel\\\/#breadcrumb\"},\"inLanguage\":\"pt-BR\",\"potentialAction\":[{\"@type\":\"ReadAction\",\"target\":[\"https:\\\/\\\/regiaonews.net.br\\\/2022\\\/2025\\\/02\\\/14\\\/prefeito-celebra-que-comarca-de-barretos-tera-4a-vara-civel\\\/\"]}]},{\"@type\":\"ImageObject\",\"inLanguage\":\"pt-BR\",\"@id\":\"https:\\\/\\\/regiaonews.net.br\\\/2022\\\/2025\\\/02\\\/14\\\/prefeito-celebra-que-comarca-de-barretos-tera-4a-vara-civel\\\/#primaryimage\",\"url\":\"https:\\\/\\\/regiaonews.net.br\\\/2022\\\/wp-content\\\/uploads\\\/2025\\\/02\\\/Imagem-do-WhatsApp-de-2025-02-14-as-16.16.39_7347ba9f.jpg\",\"contentUrl\":\"https:\\\/\\\/regiaonews.net.br\\\/2022\\\/wp-content\\\/uploads\\\/2025\\\/02\\\/Imagem-do-WhatsApp-de-2025-02-14-as-16.16.39_7347ba9f.jpg\",\"width\":1600,\"height\":900},{\"@type\":\"BreadcrumbList\",\"@id\":\"https:\\\/\\\/regiaonews.net.br\\\/2022\\\/2025\\\/02\\\/14\\\/prefeito-celebra-que-comarca-de-barretos-tera-4a-vara-civel\\\/#breadcrumb\",\"itemListElement\":[{\"@type\":\"ListItem\",\"position\":1,\"name\":\"In\u00edcio\",\"item\":\"https:\\\/\\\/regiaonews.net.br\\\/2022\\\/\"},{\"@type\":\"ListItem\",\"position\":2,\"name\":\"Prefeito celebra que Comarca de Barretos ter\u00e1 4\u00aa vara c\u00edvel\"}]},{\"@type\":\"WebSite\",\"@id\":\"https:\\\/\\\/regiaonews.net.br\\\/2022\\\/#website\",\"url\":\"https:\\\/\\\/regiaonews.net.br\\\/2022\\\/\",\"name\":\"Regi\u00e3o News\",\"description\":\"Site de Not\u00edcias de Barretos e regi\u00e3o\",\"publisher\":{\"@id\":\"https:\\\/\\\/regiaonews.net.br\\\/2022\\\/#organization\"},\"potentialAction\":[{\"@type\":\"SearchAction\",\"target\":{\"@type\":\"EntryPoint\",\"urlTemplate\":\"https:\\\/\\\/regiaonews.net.br\\\/2022\\\/?s={search_term_string}\"},\"query-input\":{\"@type\":\"PropertyValueSpecification\",\"valueRequired\":true,\"valueName\":\"search_term_string\"}}],\"inLanguage\":\"pt-BR\"},{\"@type\":\"Organization\",\"@id\":\"https:\\\/\\\/regiaonews.net.br\\\/2022\\\/#organization\",\"name\":\"Regi\u00e3o News\",\"url\":\"https:\\\/\\\/regiaonews.net.br\\\/2022\\\/\",\"logo\":{\"@type\":\"ImageObject\",\"inLanguage\":\"pt-BR\",\"@id\":\"https:\\\/\\\/regiaonews.net.br\\\/2022\\\/#\\\/schema\\\/logo\\\/image\\\/\",\"url\":\"https:\\\/\\\/regiaonews.net.br\\\/2022\\\/wp-content\\\/uploads\\\/2026\\\/03\\\/regiao-13-anos-scaled.jpg\",\"contentUrl\":\"https:\\\/\\\/regiaonews.net.br\\\/2022\\\/wp-content\\\/uploads\\\/2026\\\/03\\\/regiao-13-anos-scaled.jpg\",\"width\":2560,\"height\":635,\"caption\":\"Regi\u00e3o News\"},\"image\":{\"@id\":\"https:\\\/\\\/regiaonews.net.br\\\/2022\\\/#\\\/schema\\\/logo\\\/image\\\/\"}},{\"@type\":\"Person\",\"@id\":\"https:\\\/\\\/regiaonews.net.br\\\/2022\\\/#\\\/schema\\\/person\\\/2d205a608a5aa97ac279d7a5e6d89ad8\",\"name\":\"Roberto\",\"image\":{\"@type\":\"ImageObject\",\"inLanguage\":\"pt-BR\",\"@id\":\"https:\\\/\\\/secure.gravatar.com\\\/avatar\\\/42749d8b712ff9d59ca93dc150494e5b55a44134482993f5baeb97e61b7ecc89?s=96&d=mm&r=g\",\"url\":\"https:\\\/\\\/secure.gravatar.com\\\/avatar\\\/42749d8b712ff9d59ca93dc150494e5b55a44134482993f5baeb97e61b7ecc89?s=96&d=mm&r=g\",\"contentUrl\":\"https:\\\/\\\/secure.gravatar.com\\\/avatar\\\/42749d8b712ff9d59ca93dc150494e5b55a44134482993f5baeb97e61b7ecc89?s=96&d=mm&r=g\",\"caption\":\"Roberto\"},\"url\":\"https:\\\/\\\/regiaonews.net.br\\\/2022\\\/author\\\/roberto\\\/\"}]}<\/script>\n<!-- \/ Yoast SEO plugin. -->","yoast_head_json":{"title":"Prefeito celebra que Comarca de Barretos ter\u00e1 4\u00aa vara c\u00edvel - Regi\u00e3o News","robots":{"index":"index","follow":"follow","max-snippet":"max-snippet:-1","max-image-preview":"max-image-preview:large","max-video-preview":"max-video-preview:-1"},"canonical":"https:\/\/regiaonews.net.br\/2022\/2025\/02\/14\/prefeito-celebra-que-comarca-de-barretos-tera-4a-vara-civel\/","og_locale":"pt_BR","og_type":"article","og_title":"Prefeito celebra que Comarca de Barretos ter\u00e1 4\u00aa vara c\u00edvel - Regi\u00e3o News","og_description":"Ainda antes de come\u00e7ar seu mandato, em dezembro de 2024,","og_url":"https:\/\/regiaonews.net.br\/2022\/2025\/02\/14\/prefeito-celebra-que-comarca-de-barretos-tera-4a-vara-civel\/","og_site_name":"Regi\u00e3o News","article_published_time":"2025-02-14T19:28:32+00:00","og_image":[{"width":1600,"height":900,"url":"https:\/\/regiaonews.net.br\/2022\/wp-content\/uploads\/2025\/02\/Imagem-do-WhatsApp-de-2025-02-14-as-16.16.39_7347ba9f.jpg","type":"image\/jpeg"}],"author":"Roberto","twitter_card":"summary_large_image","twitter_misc":{"Escrito por":"Roberto","Est. tempo de leitura":"2 minutos"},"schema":{"@context":"https:\/\/schema.org","@graph":[{"@type":"Article","@id":"https:\/\/regiaonews.net.br\/2022\/2025\/02\/14\/prefeito-celebra-que-comarca-de-barretos-tera-4a-vara-civel\/#article","isPartOf":{"@id":"https:\/\/regiaonews.net.br\/2022\/2025\/02\/14\/prefeito-celebra-que-comarca-de-barretos-tera-4a-vara-civel\/"},"author":{"name":"Roberto","@id":"https:\/\/regiaonews.net.br\/2022\/#\/schema\/person\/2d205a608a5aa97ac279d7a5e6d89ad8"},"headline":"Prefeito celebra que Comarca de Barretos ter\u00e1 4\u00aa vara c\u00edvel","datePublished":"2025-02-14T19:28:32+00:00","mainEntityOfPage":{"@id":"https:\/\/regiaonews.net.br\/2022\/2025\/02\/14\/prefeito-celebra-que-comarca-de-barretos-tera-4a-vara-civel\/"},"wordCount":336,"commentCount":0,"publisher":{"@id":"https:\/\/regiaonews.net.br\/2022\/#organization"},"image":{"@id":"https:\/\/regiaonews.net.br\/2022\/2025\/02\/14\/prefeito-celebra-que-comarca-de-barretos-tera-4a-vara-civel\/#primaryimage"},"thumbnailUrl":"https:\/\/regiaonews.net.br\/2022\/wp-content\/uploads\/2025\/02\/Imagem-do-WhatsApp-de-2025-02-14-as-16.16.39_7347ba9f.jpg","articleSection":["Barretos","Geral"],"inLanguage":"pt-BR","potentialAction":[{"@type":"CommentAction","name":"Comment","target":["https:\/\/regiaonews.net.br\/2022\/2025\/02\/14\/prefeito-celebra-que-comarca-de-barretos-tera-4a-vara-civel\/#respond"]}]},{"@type":"WebPage","@id":"https:\/\/regiaonews.net.br\/2022\/2025\/02\/14\/prefeito-celebra-que-comarca-de-barretos-tera-4a-vara-civel\/","url":"https:\/\/regiaonews.net.br\/2022\/2025\/02\/14\/prefeito-celebra-que-comarca-de-barretos-tera-4a-vara-civel\/","name":"Prefeito celebra que Comarca de Barretos ter\u00e1 4\u00aa vara c\u00edvel - Regi\u00e3o News","isPartOf":{"@id":"https:\/\/regiaonews.net.br\/2022\/#website"},"primaryImageOfPage":{"@id":"https:\/\/regiaonews.net.br\/2022\/2025\/02\/14\/prefeito-celebra-que-comarca-de-barretos-tera-4a-vara-civel\/#primaryimage"},"image":{"@id":"https:\/\/regiaonews.net.br\/2022\/2025\/02\/14\/prefeito-celebra-que-comarca-de-barretos-tera-4a-vara-civel\/#primaryimage"},"thumbnailUrl":"https:\/\/regiaonews.net.br\/2022\/wp-content\/uploads\/2025\/02\/Imagem-do-WhatsApp-de-2025-02-14-as-16.16.39_7347ba9f.jpg","datePublished":"2025-02-14T19:28:32+00:00","breadcrumb":{"@id":"https:\/\/regiaonews.net.br\/2022\/2025\/02\/14\/prefeito-celebra-que-comarca-de-barretos-tera-4a-vara-civel\/#breadcrumb"},"inLanguage":"pt-BR","potentialAction":[{"@type":"ReadAction","target":["https:\/\/regiaonews.net.br\/2022\/2025\/02\/14\/prefeito-celebra-que-comarca-de-barretos-tera-4a-vara-civel\/"]}]},{"@type":"ImageObject","inLanguage":"pt-BR","@id":"https:\/\/regiaonews.net.br\/2022\/2025\/02\/14\/prefeito-celebra-que-comarca-de-barretos-tera-4a-vara-civel\/#primaryimage","url":"https:\/\/regiaonews.net.br\/2022\/wp-content\/uploads\/2025\/02\/Imagem-do-WhatsApp-de-2025-02-14-as-16.16.39_7347ba9f.jpg","contentUrl":"https:\/\/regiaonews.net.br\/2022\/wp-content\/uploads\/2025\/02\/Imagem-do-WhatsApp-de-2025-02-14-as-16.16.39_7347ba9f.jpg","width":1600,"height":900},{"@type":"BreadcrumbList","@id":"https:\/\/regiaonews.net.br\/2022\/2025\/02\/14\/prefeito-celebra-que-comarca-de-barretos-tera-4a-vara-civel\/#breadcrumb","itemListElement":[{"@type":"ListItem","position":1,"name":"In\u00edcio","item":"https:\/\/regiaonews.net.br\/2022\/"},{"@type":"ListItem","position":2,"name":"Prefeito celebra que Comarca de Barretos ter\u00e1 4\u00aa vara c\u00edvel"}]},{"@type":"WebSite","@id":"https:\/\/regiaonews.net.br\/2022\/#website","url":"https:\/\/regiaonews.net.br\/2022\/","name":"Regi\u00e3o News","description":"Site de Not\u00edcias de Barretos e regi\u00e3o","publisher":{"@id":"https:\/\/regiaonews.net.br\/2022\/#organization"},"potentialAction":[{"@type":"SearchAction","target":{"@type":"EntryPoint","urlTemplate":"https:\/\/regiaonews.net.br\/2022\/?s={search_term_string}"},"query-input":{"@type":"PropertyValueSpecification","valueRequired":true,"valueName":"search_term_string"}}],"inLanguage":"pt-BR"},{"@type":"Organization","@id":"https:\/\/regiaonews.net.br\/2022\/#organization","name":"Regi\u00e3o News","url":"https:\/\/regiaonews.net.br\/2022\/","logo":{"@type":"ImageObject","inLanguage":"pt-BR","@id":"https:\/\/regiaonews.net.br\/2022\/#\/schema\/logo\/image\/","url":"https:\/\/regiaonews.net.br\/2022\/wp-content\/uploads\/2026\/03\/regiao-13-anos-scaled.jpg","contentUrl":"https:\/\/regiaonews.net.br\/2022\/wp-content\/uploads\/2026\/03\/regiao-13-anos-scaled.jpg","width":2560,"height":635,"caption":"Regi\u00e3o News"},"image":{"@id":"https:\/\/regiaonews.net.br\/2022\/#\/schema\/logo\/image\/"}},{"@type":"Person","@id":"https:\/\/regiaonews.net.br\/2022\/#\/schema\/person\/2d205a608a5aa97ac279d7a5e6d89ad8","name":"Roberto","image":{"@type":"ImageObject","inLanguage":"pt-BR","@id":"https:\/\/secure.gravatar.com\/avatar\/42749d8b712ff9d59ca93dc150494e5b55a44134482993f5baeb97e61b7ecc89?s=96&d=mm&r=g","url":"https:\/\/secure.gravatar.com\/avatar\/42749d8b712ff9d59ca93dc150494e5b55a44134482993f5baeb97e61b7ecc89?s=96&d=mm&r=g","contentUrl":"https:\/\/secure.gravatar.com\/avatar\/42749d8b712ff9d59ca93dc150494e5b55a44134482993f5baeb97e61b7ecc89?s=96&d=mm&r=g","caption":"Roberto"},"url":"https:\/\/regiaonews.net.br\/2022\/author\/roberto\/"}]}},"publishpress_future_action":{"enabled":false,"date":"2026-05-02 06:52:06","action":"change-status","newStatus":"draft","terms":[],"taxonomy":"category","extraData":[]},"publishpress_future_workflow_manual_trigger":{"enabledWorkflows":[]},"_links":{"self":[{"href":"https:\/\/regiaonews.net.br\/2022\/wp-json\/wp\/v2\/posts\/114596","targetHints":{"allow":["GET"]}}],"collection":[{"href":"https:\/\/regiaonews.net.br\/2022\/wp-json\/wp\/v2\/posts"}],"about":[{"href":"https:\/\/regiaonews.net.br\/2022\/wp-json\/wp\/v2\/types\/post"}],"author":[{"embeddable":true,"href":"https:\/\/regiaonews.net.br\/2022\/wp-json\/wp\/v2\/users\/2"}],"replies":[{"embeddable":true,"href":"https:\/\/regiaonews.net.br\/2022\/wp-json\/wp\/v2\/comments?post=114596"}],"version-history":[{"count":1,"href":"https:\/\/regiaonews.net.br\/2022\/wp-json\/wp\/v2\/posts\/114596\/revisions"}],"predecessor-version":[{"id":114598,"href":"https:\/\/regiaonews.net.br\/2022\/wp-json\/wp\/v2\/posts\/114596\/revisions\/114598"}],"wp:featuredmedia":[{"embeddable":true,"href":"https:\/\/regiaonews.net.br\/2022\/wp-json\/wp\/v2\/media\/114597"}],"wp:attachment":[{"href":"https:\/\/regiaonews.net.br\/2022\/wp-json\/wp\/v2\/media?parent=114596"}],"wp:term":[{"taxonomy":"category","embeddable":true,"href":"https:\/\/regiaonews.net.br\/2022\/wp-json\/wp\/v2\/categories?post=114596"},{"taxonomy":"post_tag","embeddable":true,"href":"https:\/\/regiaonews.net.br\/2022\/wp-json\/wp\/v2\/tags?post=114596"}],"curies":[{"name":"wp","href":"https:\/\/api.w.org\/{rel}","templated":true}]}}