{"id":114437,"date":"2025-02-10T14:30:32","date_gmt":"2025-02-10T17:30:32","guid":{"rendered":"https:\/\/regiaonews.net.br\/2022\/?p=114437"},"modified":"2025-02-10T14:30:32","modified_gmt":"2025-02-10T17:30:32","slug":"acib-sincomercio-e-sebrae-firmam-parceria-para-implantacao-do-sebrae-aqui-na-sede-da-associacao-comercial","status":"publish","type":"post","link":"https:\/\/regiaonews.net.br\/2022\/2025\/02\/10\/acib-sincomercio-e-sebrae-firmam-parceria-para-implantacao-do-sebrae-aqui-na-sede-da-associacao-comercial\/","title":{"rendered":"ACIB, Sincomercio e Sebrae firmam parceria para implanta\u00e7\u00e3o do &#8220;Sebrae Aqui&#8221; na sede da Associa\u00e7\u00e3o Comercial"},"content":{"rendered":"<h3 style=\"text-align: center;\">A implanta\u00e7\u00e3o do \u201cSebrae Aqui\u201d na ACIB est\u00e1 prevista para mar\u00e7o<\/h3>\n<p>A ACIB, o Sincomercio (Sindicato do Com\u00e9rcio Varejista) e o Sebrae &#8211; Escrit\u00f3rio Regional de Barretos anunciam uma importante parceria para a implementa\u00e7\u00e3o do programa &#8220;Sebrae Aqui&#8221; na cidade, com a instala\u00e7\u00e3o de um posto de atendimento na sede da Associa\u00e7\u00e3o Comercial e Industrial de Barretos, localizada na Rua 20, Avs 19&#215;21, Edif\u00edcio \u201cDomingos S\u00e1vio Baston\u201d.<br \/>\nA partir de mar\u00e7o, a ACIB contar\u00e1 com um profissional indicado pela prefeitura e capacitado pelo Sebrae para oferecer suporte e atendimento aos empreendedores locais.<br \/>\nO &#8220;Sebrae Aqui&#8221; \u00e9 um canal de atendimento presencial que aproxima os empreendedores dos servi\u00e7os oferecidos pelo Sebrae, promovendo orienta\u00e7\u00f5es sobre gest\u00e3o, inova\u00e7\u00e3o, acesso a cr\u00e9dito e demais solu\u00e7\u00f5es voltadas ao desenvolvimento dos neg\u00f3cios.<br \/>\nRafael Matos do Carmo, gerente regional do Escrit\u00f3rio Regional do Sebrae em Barretos, a iniciativa visa fortalecer o ambiente de neg\u00f3cios na regi\u00e3o,. \u201cCada mun\u00edcipio da regional em um posto do Sebrae aqui. E uma parceria com as prefeituras, mas tamb\u00e9m pode incluir entidades sem fins lucrativos, como associa\u00e7\u00f5es comerciais. Em Barretos j\u00e1 temos um posto, no North Shopping no espa\u00e7o do Sebrae, e a ideia \u00e9 abrir um novo posto na ACIB. Neste posto apresentaremos todos os servi\u00e7os oferecidos pelo Sebrae, como os que s\u00e3o apresentados no escrit\u00f3rio regional\u201d, disse.<br \/>\nSegundo o presidente da ACIB, Caio Miziara, a iniciativa vai facilitar o acesso a informa\u00e7\u00f5es, capacita\u00e7\u00f5es e consultorias para micro e pequenas empresas a \u201cOs empreendedores de Barretos poder\u00e3o obter atendimento qualificado sem a necessidade de deslocamento para outras cidades, tornando mais acess\u00edveis os servi\u00e7os de consultoria, capacita\u00e7\u00e3o e suporte para aprimorar a gest\u00e3o de seus neg\u00f3cios\u201d, refor\u00e7a.<br \/>\nRoberto Arutim, presidente do Sincomercio, fala que a chegada do &#8220;Sebrae Aqui&#8221; \u00e0 ACIB representa um avan\u00e7o significativo para o com\u00e9rcio local. \u201cO fortalecimento dos neg\u00f3cios passa diretamente pelo acesso \u00e0 informa\u00e7\u00e3o e capacita\u00e7\u00e3o. Essa parceria trar\u00e1 mais oportunidades para os comerciantes, incentivando a inova\u00e7\u00e3o e a competitividade no setor\u201d, destaca.<\/p>\n","protected":false},"excerpt":{"rendered":"<p>A implanta\u00e7\u00e3o do \u201cSebrae Aqui\u201d na ACIB est\u00e1 prevista para<\/p>\n","protected":false},"author":2,"featured_media":114438,"comment_status":"open","ping_status":"open","sticky":false,"template":"","format":"standard","meta":{"footnotes":""},"categories":[14,3],"tags":[],"class_list":["post-114437","post","type-post","status-publish","format-standard","has-post-thumbnail","hentry","category-barretos","category-geral"],"yoast_head":"<!-- This site is optimized with the Yoast SEO plugin v27.4 - https:\/\/yoast.com\/product\/yoast-seo-wordpress\/ -->\n<title>ACIB, Sincomercio e Sebrae firmam parceria para implanta\u00e7\u00e3o do &quot;Sebrae Aqui&quot; na sede da Associa\u00e7\u00e3o Comercial - Regi\u00e3o News<\/title>\n<meta name=\"robots\" content=\"index, follow, max-snippet:-1, max-image-preview:large, max-video-preview:-1\" \/>\n<link rel=\"canonical\" href=\"https:\/\/regiaonews.net.br\/2022\/2025\/02\/10\/acib-sincomercio-e-sebrae-firmam-parceria-para-implantacao-do-sebrae-aqui-na-sede-da-associacao-comercial\/\" \/>\n<meta property=\"og:locale\" content=\"pt_BR\" \/>\n<meta property=\"og:type\" content=\"article\" \/>\n<meta property=\"og:title\" content=\"ACIB, Sincomercio e Sebrae firmam parceria para implanta\u00e7\u00e3o do &quot;Sebrae Aqui&quot; na sede da Associa\u00e7\u00e3o Comercial - Regi\u00e3o News\" \/>\n<meta property=\"og:description\" content=\"A implanta\u00e7\u00e3o do \u201cSebrae Aqui\u201d na ACIB est\u00e1 prevista para\" \/>\n<meta property=\"og:url\" content=\"https:\/\/regiaonews.net.br\/2022\/2025\/02\/10\/acib-sincomercio-e-sebrae-firmam-parceria-para-implantacao-do-sebrae-aqui-na-sede-da-associacao-comercial\/\" \/>\n<meta property=\"og:site_name\" content=\"Regi\u00e3o News\" \/>\n<meta property=\"article:published_time\" content=\"2025-02-10T17:30:32+00:00\" \/>\n<meta property=\"og:image\" content=\"https:\/\/regiaonews.net.br\/2022\/wp-content\/uploads\/2025\/02\/Imagem-do-WhatsApp-de-2025-02-10-as-13.46.55_cd85ef3b.jpg\" \/>\n\t<meta property=\"og:image:width\" content=\"1600\" \/>\n\t<meta property=\"og:image:height\" content=\"1200\" \/>\n\t<meta property=\"og:image:type\" content=\"image\/jpeg\" \/>\n<meta name=\"author\" content=\"Roberto\" \/>\n<meta name=\"twitter:card\" content=\"summary_large_image\" \/>\n<meta name=\"twitter:label1\" content=\"Escrito por\" \/>\n\t<meta name=\"twitter:data1\" content=\"Roberto\" \/>\n\t<meta name=\"twitter:label2\" content=\"Est. tempo de leitura\" \/>\n\t<meta name=\"twitter:data2\" content=\"2 minutos\" \/>\n<script type=\"application\/ld+json\" class=\"yoast-schema-graph\">{\"@context\":\"https:\\\/\\\/schema.org\",\"@graph\":[{\"@type\":\"Article\",\"@id\":\"https:\\\/\\\/regiaonews.net.br\\\/2022\\\/2025\\\/02\\\/10\\\/acib-sincomercio-e-sebrae-firmam-parceria-para-implantacao-do-sebrae-aqui-na-sede-da-associacao-comercial\\\/#article\",\"isPartOf\":{\"@id\":\"https:\\\/\\\/regiaonews.net.br\\\/2022\\\/2025\\\/02\\\/10\\\/acib-sincomercio-e-sebrae-firmam-parceria-para-implantacao-do-sebrae-aqui-na-sede-da-associacao-comercial\\\/\"},\"author\":{\"name\":\"Roberto\",\"@id\":\"https:\\\/\\\/regiaonews.net.br\\\/2022\\\/#\\\/schema\\\/person\\\/2d205a608a5aa97ac279d7a5e6d89ad8\"},\"headline\":\"ACIB, Sincomercio e Sebrae firmam parceria para implanta\u00e7\u00e3o do &#8220;Sebrae Aqui&#8221; na sede da Associa\u00e7\u00e3o Comercial\",\"datePublished\":\"2025-02-10T17:30:32+00:00\",\"mainEntityOfPage\":{\"@id\":\"https:\\\/\\\/regiaonews.net.br\\\/2022\\\/2025\\\/02\\\/10\\\/acib-sincomercio-e-sebrae-firmam-parceria-para-implantacao-do-sebrae-aqui-na-sede-da-associacao-comercial\\\/\"},\"wordCount\":381,\"commentCount\":0,\"publisher\":{\"@id\":\"https:\\\/\\\/regiaonews.net.br\\\/2022\\\/#organization\"},\"image\":{\"@id\":\"https:\\\/\\\/regiaonews.net.br\\\/2022\\\/2025\\\/02\\\/10\\\/acib-sincomercio-e-sebrae-firmam-parceria-para-implantacao-do-sebrae-aqui-na-sede-da-associacao-comercial\\\/#primaryimage\"},\"thumbnailUrl\":\"https:\\\/\\\/regiaonews.net.br\\\/2022\\\/wp-content\\\/uploads\\\/2025\\\/02\\\/Imagem-do-WhatsApp-de-2025-02-10-as-13.46.55_cd85ef3b.jpg\",\"articleSection\":[\"Barretos\",\"Geral\"],\"inLanguage\":\"pt-BR\",\"potentialAction\":[{\"@type\":\"CommentAction\",\"name\":\"Comment\",\"target\":[\"https:\\\/\\\/regiaonews.net.br\\\/2022\\\/2025\\\/02\\\/10\\\/acib-sincomercio-e-sebrae-firmam-parceria-para-implantacao-do-sebrae-aqui-na-sede-da-associacao-comercial\\\/#respond\"]}]},{\"@type\":\"WebPage\",\"@id\":\"https:\\\/\\\/regiaonews.net.br\\\/2022\\\/2025\\\/02\\\/10\\\/acib-sincomercio-e-sebrae-firmam-parceria-para-implantacao-do-sebrae-aqui-na-sede-da-associacao-comercial\\\/\",\"url\":\"https:\\\/\\\/regiaonews.net.br\\\/2022\\\/2025\\\/02\\\/10\\\/acib-sincomercio-e-sebrae-firmam-parceria-para-implantacao-do-sebrae-aqui-na-sede-da-associacao-comercial\\\/\",\"name\":\"ACIB, Sincomercio e Sebrae firmam parceria para implanta\u00e7\u00e3o do \\\"Sebrae Aqui\\\" na sede da Associa\u00e7\u00e3o Comercial - Regi\u00e3o News\",\"isPartOf\":{\"@id\":\"https:\\\/\\\/regiaonews.net.br\\\/2022\\\/#website\"},\"primaryImageOfPage\":{\"@id\":\"https:\\\/\\\/regiaonews.net.br\\\/2022\\\/2025\\\/02\\\/10\\\/acib-sincomercio-e-sebrae-firmam-parceria-para-implantacao-do-sebrae-aqui-na-sede-da-associacao-comercial\\\/#primaryimage\"},\"image\":{\"@id\":\"https:\\\/\\\/regiaonews.net.br\\\/2022\\\/2025\\\/02\\\/10\\\/acib-sincomercio-e-sebrae-firmam-parceria-para-implantacao-do-sebrae-aqui-na-sede-da-associacao-comercial\\\/#primaryimage\"},\"thumbnailUrl\":\"https:\\\/\\\/regiaonews.net.br\\\/2022\\\/wp-content\\\/uploads\\\/2025\\\/02\\\/Imagem-do-WhatsApp-de-2025-02-10-as-13.46.55_cd85ef3b.jpg\",\"datePublished\":\"2025-02-10T17:30:32+00:00\",\"breadcrumb\":{\"@id\":\"https:\\\/\\\/regiaonews.net.br\\\/2022\\\/2025\\\/02\\\/10\\\/acib-sincomercio-e-sebrae-firmam-parceria-para-implantacao-do-sebrae-aqui-na-sede-da-associacao-comercial\\\/#breadcrumb\"},\"inLanguage\":\"pt-BR\",\"potentialAction\":[{\"@type\":\"ReadAction\",\"target\":[\"https:\\\/\\\/regiaonews.net.br\\\/2022\\\/2025\\\/02\\\/10\\\/acib-sincomercio-e-sebrae-firmam-parceria-para-implantacao-do-sebrae-aqui-na-sede-da-associacao-comercial\\\/\"]}]},{\"@type\":\"ImageObject\",\"inLanguage\":\"pt-BR\",\"@id\":\"https:\\\/\\\/regiaonews.net.br\\\/2022\\\/2025\\\/02\\\/10\\\/acib-sincomercio-e-sebrae-firmam-parceria-para-implantacao-do-sebrae-aqui-na-sede-da-associacao-comercial\\\/#primaryimage\",\"url\":\"https:\\\/\\\/regiaonews.net.br\\\/2022\\\/wp-content\\\/uploads\\\/2025\\\/02\\\/Imagem-do-WhatsApp-de-2025-02-10-as-13.46.55_cd85ef3b.jpg\",\"contentUrl\":\"https:\\\/\\\/regiaonews.net.br\\\/2022\\\/wp-content\\\/uploads\\\/2025\\\/02\\\/Imagem-do-WhatsApp-de-2025-02-10-as-13.46.55_cd85ef3b.jpg\",\"width\":1600,\"height\":1200},{\"@type\":\"BreadcrumbList\",\"@id\":\"https:\\\/\\\/regiaonews.net.br\\\/2022\\\/2025\\\/02\\\/10\\\/acib-sincomercio-e-sebrae-firmam-parceria-para-implantacao-do-sebrae-aqui-na-sede-da-associacao-comercial\\\/#breadcrumb\",\"itemListElement\":[{\"@type\":\"ListItem\",\"position\":1,\"name\":\"In\u00edcio\",\"item\":\"https:\\\/\\\/regiaonews.net.br\\\/2022\\\/\"},{\"@type\":\"ListItem\",\"position\":2,\"name\":\"ACIB, Sincomercio e Sebrae firmam parceria para implanta\u00e7\u00e3o do &#8220;Sebrae Aqui&#8221; na sede da Associa\u00e7\u00e3o Comercial\"}]},{\"@type\":\"WebSite\",\"@id\":\"https:\\\/\\\/regiaonews.net.br\\\/2022\\\/#website\",\"url\":\"https:\\\/\\\/regiaonews.net.br\\\/2022\\\/\",\"name\":\"Regi\u00e3o News\",\"description\":\"Site de Not\u00edcias de Barretos e regi\u00e3o\",\"publisher\":{\"@id\":\"https:\\\/\\\/regiaonews.net.br\\\/2022\\\/#organization\"},\"potentialAction\":[{\"@type\":\"SearchAction\",\"target\":{\"@type\":\"EntryPoint\",\"urlTemplate\":\"https:\\\/\\\/regiaonews.net.br\\\/2022\\\/?s={search_term_string}\"},\"query-input\":{\"@type\":\"PropertyValueSpecification\",\"valueRequired\":true,\"valueName\":\"search_term_string\"}}],\"inLanguage\":\"pt-BR\"},{\"@type\":\"Organization\",\"@id\":\"https:\\\/\\\/regiaonews.net.br\\\/2022\\\/#organization\",\"name\":\"Regi\u00e3o News\",\"url\":\"https:\\\/\\\/regiaonews.net.br\\\/2022\\\/\",\"logo\":{\"@type\":\"ImageObject\",\"inLanguage\":\"pt-BR\",\"@id\":\"https:\\\/\\\/regiaonews.net.br\\\/2022\\\/#\\\/schema\\\/logo\\\/image\\\/\",\"url\":\"https:\\\/\\\/regiaonews.net.br\\\/2022\\\/wp-content\\\/uploads\\\/2026\\\/03\\\/regiao-13-anos-scaled.jpg\",\"contentUrl\":\"https:\\\/\\\/regiaonews.net.br\\\/2022\\\/wp-content\\\/uploads\\\/2026\\\/03\\\/regiao-13-anos-scaled.jpg\",\"width\":2560,\"height\":635,\"caption\":\"Regi\u00e3o News\"},\"image\":{\"@id\":\"https:\\\/\\\/regiaonews.net.br\\\/2022\\\/#\\\/schema\\\/logo\\\/image\\\/\"}},{\"@type\":\"Person\",\"@id\":\"https:\\\/\\\/regiaonews.net.br\\\/2022\\\/#\\\/schema\\\/person\\\/2d205a608a5aa97ac279d7a5e6d89ad8\",\"name\":\"Roberto\",\"image\":{\"@type\":\"ImageObject\",\"inLanguage\":\"pt-BR\",\"@id\":\"https:\\\/\\\/secure.gravatar.com\\\/avatar\\\/42749d8b712ff9d59ca93dc150494e5b55a44134482993f5baeb97e61b7ecc89?s=96&d=mm&r=g\",\"url\":\"https:\\\/\\\/secure.gravatar.com\\\/avatar\\\/42749d8b712ff9d59ca93dc150494e5b55a44134482993f5baeb97e61b7ecc89?s=96&d=mm&r=g\",\"contentUrl\":\"https:\\\/\\\/secure.gravatar.com\\\/avatar\\\/42749d8b712ff9d59ca93dc150494e5b55a44134482993f5baeb97e61b7ecc89?s=96&d=mm&r=g\",\"caption\":\"Roberto\"},\"url\":\"https:\\\/\\\/regiaonews.net.br\\\/2022\\\/author\\\/roberto\\\/\"}]}<\/script>\n<!-- \/ Yoast SEO plugin. -->","yoast_head_json":{"title":"ACIB, Sincomercio e Sebrae firmam parceria para implanta\u00e7\u00e3o do \"Sebrae Aqui\" na sede da Associa\u00e7\u00e3o Comercial - Regi\u00e3o News","robots":{"index":"index","follow":"follow","max-snippet":"max-snippet:-1","max-image-preview":"max-image-preview:large","max-video-preview":"max-video-preview:-1"},"canonical":"https:\/\/regiaonews.net.br\/2022\/2025\/02\/10\/acib-sincomercio-e-sebrae-firmam-parceria-para-implantacao-do-sebrae-aqui-na-sede-da-associacao-comercial\/","og_locale":"pt_BR","og_type":"article","og_title":"ACIB, Sincomercio e Sebrae firmam parceria para implanta\u00e7\u00e3o do \"Sebrae Aqui\" na sede da Associa\u00e7\u00e3o Comercial - Regi\u00e3o News","og_description":"A implanta\u00e7\u00e3o do \u201cSebrae Aqui\u201d na ACIB est\u00e1 prevista para","og_url":"https:\/\/regiaonews.net.br\/2022\/2025\/02\/10\/acib-sincomercio-e-sebrae-firmam-parceria-para-implantacao-do-sebrae-aqui-na-sede-da-associacao-comercial\/","og_site_name":"Regi\u00e3o News","article_published_time":"2025-02-10T17:30:32+00:00","og_image":[{"width":1600,"height":1200,"url":"https:\/\/regiaonews.net.br\/2022\/wp-content\/uploads\/2025\/02\/Imagem-do-WhatsApp-de-2025-02-10-as-13.46.55_cd85ef3b.jpg","type":"image\/jpeg"}],"author":"Roberto","twitter_card":"summary_large_image","twitter_misc":{"Escrito por":"Roberto","Est. tempo de leitura":"2 minutos"},"schema":{"@context":"https:\/\/schema.org","@graph":[{"@type":"Article","@id":"https:\/\/regiaonews.net.br\/2022\/2025\/02\/10\/acib-sincomercio-e-sebrae-firmam-parceria-para-implantacao-do-sebrae-aqui-na-sede-da-associacao-comercial\/#article","isPartOf":{"@id":"https:\/\/regiaonews.net.br\/2022\/2025\/02\/10\/acib-sincomercio-e-sebrae-firmam-parceria-para-implantacao-do-sebrae-aqui-na-sede-da-associacao-comercial\/"},"author":{"name":"Roberto","@id":"https:\/\/regiaonews.net.br\/2022\/#\/schema\/person\/2d205a608a5aa97ac279d7a5e6d89ad8"},"headline":"ACIB, Sincomercio e Sebrae firmam parceria para implanta\u00e7\u00e3o do &#8220;Sebrae Aqui&#8221; na sede da Associa\u00e7\u00e3o Comercial","datePublished":"2025-02-10T17:30:32+00:00","mainEntityOfPage":{"@id":"https:\/\/regiaonews.net.br\/2022\/2025\/02\/10\/acib-sincomercio-e-sebrae-firmam-parceria-para-implantacao-do-sebrae-aqui-na-sede-da-associacao-comercial\/"},"wordCount":381,"commentCount":0,"publisher":{"@id":"https:\/\/regiaonews.net.br\/2022\/#organization"},"image":{"@id":"https:\/\/regiaonews.net.br\/2022\/2025\/02\/10\/acib-sincomercio-e-sebrae-firmam-parceria-para-implantacao-do-sebrae-aqui-na-sede-da-associacao-comercial\/#primaryimage"},"thumbnailUrl":"https:\/\/regiaonews.net.br\/2022\/wp-content\/uploads\/2025\/02\/Imagem-do-WhatsApp-de-2025-02-10-as-13.46.55_cd85ef3b.jpg","articleSection":["Barretos","Geral"],"inLanguage":"pt-BR","potentialAction":[{"@type":"CommentAction","name":"Comment","target":["https:\/\/regiaonews.net.br\/2022\/2025\/02\/10\/acib-sincomercio-e-sebrae-firmam-parceria-para-implantacao-do-sebrae-aqui-na-sede-da-associacao-comercial\/#respond"]}]},{"@type":"WebPage","@id":"https:\/\/regiaonews.net.br\/2022\/2025\/02\/10\/acib-sincomercio-e-sebrae-firmam-parceria-para-implantacao-do-sebrae-aqui-na-sede-da-associacao-comercial\/","url":"https:\/\/regiaonews.net.br\/2022\/2025\/02\/10\/acib-sincomercio-e-sebrae-firmam-parceria-para-implantacao-do-sebrae-aqui-na-sede-da-associacao-comercial\/","name":"ACIB, Sincomercio e Sebrae firmam parceria para implanta\u00e7\u00e3o do \"Sebrae Aqui\" na sede da Associa\u00e7\u00e3o Comercial - Regi\u00e3o News","isPartOf":{"@id":"https:\/\/regiaonews.net.br\/2022\/#website"},"primaryImageOfPage":{"@id":"https:\/\/regiaonews.net.br\/2022\/2025\/02\/10\/acib-sincomercio-e-sebrae-firmam-parceria-para-implantacao-do-sebrae-aqui-na-sede-da-associacao-comercial\/#primaryimage"},"image":{"@id":"https:\/\/regiaonews.net.br\/2022\/2025\/02\/10\/acib-sincomercio-e-sebrae-firmam-parceria-para-implantacao-do-sebrae-aqui-na-sede-da-associacao-comercial\/#primaryimage"},"thumbnailUrl":"https:\/\/regiaonews.net.br\/2022\/wp-content\/uploads\/2025\/02\/Imagem-do-WhatsApp-de-2025-02-10-as-13.46.55_cd85ef3b.jpg","datePublished":"2025-02-10T17:30:32+00:00","breadcrumb":{"@id":"https:\/\/regiaonews.net.br\/2022\/2025\/02\/10\/acib-sincomercio-e-sebrae-firmam-parceria-para-implantacao-do-sebrae-aqui-na-sede-da-associacao-comercial\/#breadcrumb"},"inLanguage":"pt-BR","potentialAction":[{"@type":"ReadAction","target":["https:\/\/regiaonews.net.br\/2022\/2025\/02\/10\/acib-sincomercio-e-sebrae-firmam-parceria-para-implantacao-do-sebrae-aqui-na-sede-da-associacao-comercial\/"]}]},{"@type":"ImageObject","inLanguage":"pt-BR","@id":"https:\/\/regiaonews.net.br\/2022\/2025\/02\/10\/acib-sincomercio-e-sebrae-firmam-parceria-para-implantacao-do-sebrae-aqui-na-sede-da-associacao-comercial\/#primaryimage","url":"https:\/\/regiaonews.net.br\/2022\/wp-content\/uploads\/2025\/02\/Imagem-do-WhatsApp-de-2025-02-10-as-13.46.55_cd85ef3b.jpg","contentUrl":"https:\/\/regiaonews.net.br\/2022\/wp-content\/uploads\/2025\/02\/Imagem-do-WhatsApp-de-2025-02-10-as-13.46.55_cd85ef3b.jpg","width":1600,"height":1200},{"@type":"BreadcrumbList","@id":"https:\/\/regiaonews.net.br\/2022\/2025\/02\/10\/acib-sincomercio-e-sebrae-firmam-parceria-para-implantacao-do-sebrae-aqui-na-sede-da-associacao-comercial\/#breadcrumb","itemListElement":[{"@type":"ListItem","position":1,"name":"In\u00edcio","item":"https:\/\/regiaonews.net.br\/2022\/"},{"@type":"ListItem","position":2,"name":"ACIB, Sincomercio e Sebrae firmam parceria para implanta\u00e7\u00e3o do &#8220;Sebrae Aqui&#8221; na sede da Associa\u00e7\u00e3o Comercial"}]},{"@type":"WebSite","@id":"https:\/\/regiaonews.net.br\/2022\/#website","url":"https:\/\/regiaonews.net.br\/2022\/","name":"Regi\u00e3o News","description":"Site de Not\u00edcias de Barretos e regi\u00e3o","publisher":{"@id":"https:\/\/regiaonews.net.br\/2022\/#organization"},"potentialAction":[{"@type":"SearchAction","target":{"@type":"EntryPoint","urlTemplate":"https:\/\/regiaonews.net.br\/2022\/?s={search_term_string}"},"query-input":{"@type":"PropertyValueSpecification","valueRequired":true,"valueName":"search_term_string"}}],"inLanguage":"pt-BR"},{"@type":"Organization","@id":"https:\/\/regiaonews.net.br\/2022\/#organization","name":"Regi\u00e3o News","url":"https:\/\/regiaonews.net.br\/2022\/","logo":{"@type":"ImageObject","inLanguage":"pt-BR","@id":"https:\/\/regiaonews.net.br\/2022\/#\/schema\/logo\/image\/","url":"https:\/\/regiaonews.net.br\/2022\/wp-content\/uploads\/2026\/03\/regiao-13-anos-scaled.jpg","contentUrl":"https:\/\/regiaonews.net.br\/2022\/wp-content\/uploads\/2026\/03\/regiao-13-anos-scaled.jpg","width":2560,"height":635,"caption":"Regi\u00e3o News"},"image":{"@id":"https:\/\/regiaonews.net.br\/2022\/#\/schema\/logo\/image\/"}},{"@type":"Person","@id":"https:\/\/regiaonews.net.br\/2022\/#\/schema\/person\/2d205a608a5aa97ac279d7a5e6d89ad8","name":"Roberto","image":{"@type":"ImageObject","inLanguage":"pt-BR","@id":"https:\/\/secure.gravatar.com\/avatar\/42749d8b712ff9d59ca93dc150494e5b55a44134482993f5baeb97e61b7ecc89?s=96&d=mm&r=g","url":"https:\/\/secure.gravatar.com\/avatar\/42749d8b712ff9d59ca93dc150494e5b55a44134482993f5baeb97e61b7ecc89?s=96&d=mm&r=g","contentUrl":"https:\/\/secure.gravatar.com\/avatar\/42749d8b712ff9d59ca93dc150494e5b55a44134482993f5baeb97e61b7ecc89?s=96&d=mm&r=g","caption":"Roberto"},"url":"https:\/\/regiaonews.net.br\/2022\/author\/roberto\/"}]}},"publishpress_future_action":{"enabled":false,"date":"2026-05-02 02:44:58","action":"change-status","newStatus":"draft","terms":[],"taxonomy":"category","extraData":[]},"publishpress_future_workflow_manual_trigger":{"enabledWorkflows":[]},"_links":{"self":[{"href":"https:\/\/regiaonews.net.br\/2022\/wp-json\/wp\/v2\/posts\/114437","targetHints":{"allow":["GET"]}}],"collection":[{"href":"https:\/\/regiaonews.net.br\/2022\/wp-json\/wp\/v2\/posts"}],"about":[{"href":"https:\/\/regiaonews.net.br\/2022\/wp-json\/wp\/v2\/types\/post"}],"author":[{"embeddable":true,"href":"https:\/\/regiaonews.net.br\/2022\/wp-json\/wp\/v2\/users\/2"}],"replies":[{"embeddable":true,"href":"https:\/\/regiaonews.net.br\/2022\/wp-json\/wp\/v2\/comments?post=114437"}],"version-history":[{"count":1,"href":"https:\/\/regiaonews.net.br\/2022\/wp-json\/wp\/v2\/posts\/114437\/revisions"}],"predecessor-version":[{"id":114439,"href":"https:\/\/regiaonews.net.br\/2022\/wp-json\/wp\/v2\/posts\/114437\/revisions\/114439"}],"wp:featuredmedia":[{"embeddable":true,"href":"https:\/\/regiaonews.net.br\/2022\/wp-json\/wp\/v2\/media\/114438"}],"wp:attachment":[{"href":"https:\/\/regiaonews.net.br\/2022\/wp-json\/wp\/v2\/media?parent=114437"}],"wp:term":[{"taxonomy":"category","embeddable":true,"href":"https:\/\/regiaonews.net.br\/2022\/wp-json\/wp\/v2\/categories?post=114437"},{"taxonomy":"post_tag","embeddable":true,"href":"https:\/\/regiaonews.net.br\/2022\/wp-json\/wp\/v2\/tags?post=114437"}],"curies":[{"name":"wp","href":"https:\/\/api.w.org\/{rel}","templated":true}]}}