{"id":114434,"date":"2025-02-10T14:29:16","date_gmt":"2025-02-10T17:29:16","guid":{"rendered":"https:\/\/regiaonews.net.br\/2022\/?p=114434"},"modified":"2025-02-10T14:29:16","modified_gmt":"2025-02-10T17:29:16","slug":"mbas-em-controladoria-e-tributos-e-mercado-financeiro-e-de-capitais-sao-opcoes-de-pos-graduacao-no-unifeb","status":"publish","type":"post","link":"https:\/\/regiaonews.net.br\/2022\/2025\/02\/10\/mbas-em-controladoria-e-tributos-e-mercado-financeiro-e-de-capitais-sao-opcoes-de-pos-graduacao-no-unifeb\/","title":{"rendered":"MBAs em Controladoria e Tributos e Mercado Financeiro e de Capitais s\u00e3o op\u00e7\u00f5es de p\u00f3s-gradua\u00e7\u00e3o no UNIFEB"},"content":{"rendered":"<h3 style=\"text-align: center;\">Os cursos est\u00e3o com inscri\u00e7\u00f5es abertas e contam com valores acess\u00edveis e op\u00e7\u00f5es de parcelamento em at\u00e9 18 vezes.<\/h3>\n<p>Barretos, 10 de fevereiro de 2025\u00a0&#8211; O UNIFEB (Centro Universit\u00e1rio da Funda\u00e7\u00e3o Educacional de Barretos) anuncia a abertura das inscri\u00e7\u00f5es para seus novos cursos de MBA, com destaque para as p\u00f3s-gradua\u00e7\u00f5es Lato Sensu em Controladoria e Tributos e Mercado Financeiro e de Capitais. As inscri\u00e7\u00f5es devem ser feitas exclusivamente pelo site\u00a0www.unifeb.edu.br\/posgrad\/, sem taxa de matr\u00edcula, e as vagas s\u00e3o limitadas. As aulas ter\u00e3o in\u00edcio em abril.<\/p>\n<p>A coordenadora de P\u00f3s-Gradua\u00e7\u00e3o, Pesquisa, Extens\u00e3o e Inova\u00e7\u00e3o do UNIFEB, Profa. Dra. Nathalia Garlich, destaca a relev\u00e2ncia do portf\u00f3lio de cursos oferecidos pela institui\u00e7\u00e3o. \u201cNosso compromisso \u00e9 oferecer cursos que n\u00e3o apenas atualizem o conhecimento, mas que tamb\u00e9m transformem carreiras. Uma p\u00f3s-gradua\u00e7\u00e3o \u00e9 uma oportunidade \u00fanica de ampliar horizontes, se destacar na \u00e1rea de atua\u00e7\u00e3o e conquistar novas posi\u00e7\u00f5es no mercado de trabalho\u201d, enfatiza.<\/p>\n<p>O MBA em Controladoria e Tributos tem como objetivo qualificar profissionais para atuar com excel\u00eancia nas \u00e1reas de gest\u00e3o, controladoria e tributos. O curso capacita os alunos a interpretar e fornecer informa\u00e7\u00f5es estrat\u00e9gicas para a tomada de decis\u00e3o, sendo ideal para controllers, contadores, analistas financeiros e profissionais de TI que lidam com contabilidade e finan\u00e7as. Com um corpo docente experiente e conte\u00fado atualizado, o MBA permite um aprofundamento nas an\u00e1lises e processos que aumentam o \u00edndice de sucesso na gest\u00e3o tribut\u00e1ria e financeira das organiza\u00e7\u00f5es.<\/p>\n<p>J\u00e1 o MBA em Mercado Financeiro e de Capitais \u00e9 voltado para profissionais que desejam se destacar no setor financeiro, abordando desde fundamentos econ\u00f4micos at\u00e9 estrat\u00e9gias de valuation e an\u00e1lise de ativos. O curso combina teoria e pr\u00e1tica, integrando as mais recentes tecnologias em an\u00e1lise financeira, como machine learning e data science. \u201cOs alunos ter\u00e3o a oportunidade de desenvolver compet\u00eancias essenciais para a gest\u00e3o de investimentos e riscos, utilizando ferramentas avan\u00e7adas e um aprendizado voltado \u00e0s demandas reais do mercado\u201d, pontua Nathalia Garlich.<\/p>\n<p>O mercado de trabalho para os egressos desses MBAs \u00e9 promissor, com oportunidades em bancos, corretoras, empresas de consultoria e setores corporativos que demandam especialistas em tributos, finan\u00e7as e an\u00e1lise de investimentos. Com forma\u00e7\u00e3o s\u00f3lida e atualizada, os cursos do UNIFEB preparam os profissionais para se destacarem e liderarem em suas respectivas \u00e1reas.<\/p>\n<p>Os cursos est\u00e3o com isen\u00e7\u00e3o na taxa de matr\u00edcula e contam com valores acess\u00edveis e op\u00e7\u00f5es de parcelamento em\u00a0at\u00e9\u00a018\u00a0vezes.<\/p>\n","protected":false},"excerpt":{"rendered":"<p>Os cursos est\u00e3o com inscri\u00e7\u00f5es abertas e contam com valores<\/p>\n","protected":false},"author":2,"featured_media":114435,"comment_status":"open","ping_status":"open","sticky":false,"template":"","format":"standard","meta":{"footnotes":""},"categories":[14,3],"tags":[],"class_list":["post-114434","post","type-post","status-publish","format-standard","has-post-thumbnail","hentry","category-barretos","category-geral"],"yoast_head":"<!-- This site is optimized with the Yoast SEO plugin v27.4 - https:\/\/yoast.com\/product\/yoast-seo-wordpress\/ -->\n<title>MBAs em Controladoria e Tributos e Mercado Financeiro e de Capitais s\u00e3o op\u00e7\u00f5es de p\u00f3s-gradua\u00e7\u00e3o no UNIFEB - Regi\u00e3o News<\/title>\n<meta name=\"robots\" content=\"index, follow, max-snippet:-1, max-image-preview:large, max-video-preview:-1\" \/>\n<link rel=\"canonical\" href=\"https:\/\/regiaonews.net.br\/2022\/2025\/02\/10\/mbas-em-controladoria-e-tributos-e-mercado-financeiro-e-de-capitais-sao-opcoes-de-pos-graduacao-no-unifeb\/\" \/>\n<meta property=\"og:locale\" content=\"pt_BR\" \/>\n<meta property=\"og:type\" content=\"article\" \/>\n<meta property=\"og:title\" content=\"MBAs em Controladoria e Tributos e Mercado Financeiro e de Capitais s\u00e3o op\u00e7\u00f5es de p\u00f3s-gradua\u00e7\u00e3o no UNIFEB - Regi\u00e3o News\" \/>\n<meta property=\"og:description\" content=\"Os cursos est\u00e3o com inscri\u00e7\u00f5es abertas e contam com valores\" \/>\n<meta property=\"og:url\" content=\"https:\/\/regiaonews.net.br\/2022\/2025\/02\/10\/mbas-em-controladoria-e-tributos-e-mercado-financeiro-e-de-capitais-sao-opcoes-de-pos-graduacao-no-unifeb\/\" \/>\n<meta property=\"og:site_name\" content=\"Regi\u00e3o News\" \/>\n<meta property=\"article:published_time\" content=\"2025-02-10T17:29:16+00:00\" \/>\n<meta property=\"og:image\" content=\"https:\/\/regiaonews.net.br\/2022\/wp-content\/uploads\/2025\/02\/Imagem-do-WhatsApp-de-2025-02-10-as-13.37.01_97acb7be.jpg\" \/>\n\t<meta property=\"og:image:width\" content=\"1080\" \/>\n\t<meta property=\"og:image:height\" content=\"1080\" \/>\n\t<meta property=\"og:image:type\" content=\"image\/jpeg\" \/>\n<meta name=\"author\" content=\"Roberto\" \/>\n<meta name=\"twitter:card\" content=\"summary_large_image\" \/>\n<meta name=\"twitter:label1\" content=\"Escrito por\" \/>\n\t<meta name=\"twitter:data1\" content=\"Roberto\" \/>\n\t<meta name=\"twitter:label2\" content=\"Est. tempo de leitura\" \/>\n\t<meta name=\"twitter:data2\" content=\"3 minutos\" \/>\n<script type=\"application\/ld+json\" class=\"yoast-schema-graph\">{\"@context\":\"https:\\\/\\\/schema.org\",\"@graph\":[{\"@type\":\"Article\",\"@id\":\"https:\\\/\\\/regiaonews.net.br\\\/2022\\\/2025\\\/02\\\/10\\\/mbas-em-controladoria-e-tributos-e-mercado-financeiro-e-de-capitais-sao-opcoes-de-pos-graduacao-no-unifeb\\\/#article\",\"isPartOf\":{\"@id\":\"https:\\\/\\\/regiaonews.net.br\\\/2022\\\/2025\\\/02\\\/10\\\/mbas-em-controladoria-e-tributos-e-mercado-financeiro-e-de-capitais-sao-opcoes-de-pos-graduacao-no-unifeb\\\/\"},\"author\":{\"name\":\"Roberto\",\"@id\":\"https:\\\/\\\/regiaonews.net.br\\\/2022\\\/#\\\/schema\\\/person\\\/2d205a608a5aa97ac279d7a5e6d89ad8\"},\"headline\":\"MBAs em Controladoria e Tributos e Mercado Financeiro e de Capitais s\u00e3o op\u00e7\u00f5es de p\u00f3s-gradua\u00e7\u00e3o no UNIFEB\",\"datePublished\":\"2025-02-10T17:29:16+00:00\",\"mainEntityOfPage\":{\"@id\":\"https:\\\/\\\/regiaonews.net.br\\\/2022\\\/2025\\\/02\\\/10\\\/mbas-em-controladoria-e-tributos-e-mercado-financeiro-e-de-capitais-sao-opcoes-de-pos-graduacao-no-unifeb\\\/\"},\"wordCount\":467,\"commentCount\":0,\"publisher\":{\"@id\":\"https:\\\/\\\/regiaonews.net.br\\\/2022\\\/#organization\"},\"image\":{\"@id\":\"https:\\\/\\\/regiaonews.net.br\\\/2022\\\/2025\\\/02\\\/10\\\/mbas-em-controladoria-e-tributos-e-mercado-financeiro-e-de-capitais-sao-opcoes-de-pos-graduacao-no-unifeb\\\/#primaryimage\"},\"thumbnailUrl\":\"https:\\\/\\\/regiaonews.net.br\\\/2022\\\/wp-content\\\/uploads\\\/2025\\\/02\\\/Imagem-do-WhatsApp-de-2025-02-10-as-13.37.01_97acb7be.jpg\",\"articleSection\":[\"Barretos\",\"Geral\"],\"inLanguage\":\"pt-BR\",\"potentialAction\":[{\"@type\":\"CommentAction\",\"name\":\"Comment\",\"target\":[\"https:\\\/\\\/regiaonews.net.br\\\/2022\\\/2025\\\/02\\\/10\\\/mbas-em-controladoria-e-tributos-e-mercado-financeiro-e-de-capitais-sao-opcoes-de-pos-graduacao-no-unifeb\\\/#respond\"]}]},{\"@type\":\"WebPage\",\"@id\":\"https:\\\/\\\/regiaonews.net.br\\\/2022\\\/2025\\\/02\\\/10\\\/mbas-em-controladoria-e-tributos-e-mercado-financeiro-e-de-capitais-sao-opcoes-de-pos-graduacao-no-unifeb\\\/\",\"url\":\"https:\\\/\\\/regiaonews.net.br\\\/2022\\\/2025\\\/02\\\/10\\\/mbas-em-controladoria-e-tributos-e-mercado-financeiro-e-de-capitais-sao-opcoes-de-pos-graduacao-no-unifeb\\\/\",\"name\":\"MBAs em Controladoria e Tributos e Mercado Financeiro e de Capitais s\u00e3o op\u00e7\u00f5es de p\u00f3s-gradua\u00e7\u00e3o no UNIFEB - Regi\u00e3o News\",\"isPartOf\":{\"@id\":\"https:\\\/\\\/regiaonews.net.br\\\/2022\\\/#website\"},\"primaryImageOfPage\":{\"@id\":\"https:\\\/\\\/regiaonews.net.br\\\/2022\\\/2025\\\/02\\\/10\\\/mbas-em-controladoria-e-tributos-e-mercado-financeiro-e-de-capitais-sao-opcoes-de-pos-graduacao-no-unifeb\\\/#primaryimage\"},\"image\":{\"@id\":\"https:\\\/\\\/regiaonews.net.br\\\/2022\\\/2025\\\/02\\\/10\\\/mbas-em-controladoria-e-tributos-e-mercado-financeiro-e-de-capitais-sao-opcoes-de-pos-graduacao-no-unifeb\\\/#primaryimage\"},\"thumbnailUrl\":\"https:\\\/\\\/regiaonews.net.br\\\/2022\\\/wp-content\\\/uploads\\\/2025\\\/02\\\/Imagem-do-WhatsApp-de-2025-02-10-as-13.37.01_97acb7be.jpg\",\"datePublished\":\"2025-02-10T17:29:16+00:00\",\"breadcrumb\":{\"@id\":\"https:\\\/\\\/regiaonews.net.br\\\/2022\\\/2025\\\/02\\\/10\\\/mbas-em-controladoria-e-tributos-e-mercado-financeiro-e-de-capitais-sao-opcoes-de-pos-graduacao-no-unifeb\\\/#breadcrumb\"},\"inLanguage\":\"pt-BR\",\"potentialAction\":[{\"@type\":\"ReadAction\",\"target\":[\"https:\\\/\\\/regiaonews.net.br\\\/2022\\\/2025\\\/02\\\/10\\\/mbas-em-controladoria-e-tributos-e-mercado-financeiro-e-de-capitais-sao-opcoes-de-pos-graduacao-no-unifeb\\\/\"]}]},{\"@type\":\"ImageObject\",\"inLanguage\":\"pt-BR\",\"@id\":\"https:\\\/\\\/regiaonews.net.br\\\/2022\\\/2025\\\/02\\\/10\\\/mbas-em-controladoria-e-tributos-e-mercado-financeiro-e-de-capitais-sao-opcoes-de-pos-graduacao-no-unifeb\\\/#primaryimage\",\"url\":\"https:\\\/\\\/regiaonews.net.br\\\/2022\\\/wp-content\\\/uploads\\\/2025\\\/02\\\/Imagem-do-WhatsApp-de-2025-02-10-as-13.37.01_97acb7be.jpg\",\"contentUrl\":\"https:\\\/\\\/regiaonews.net.br\\\/2022\\\/wp-content\\\/uploads\\\/2025\\\/02\\\/Imagem-do-WhatsApp-de-2025-02-10-as-13.37.01_97acb7be.jpg\",\"width\":1080,\"height\":1080},{\"@type\":\"BreadcrumbList\",\"@id\":\"https:\\\/\\\/regiaonews.net.br\\\/2022\\\/2025\\\/02\\\/10\\\/mbas-em-controladoria-e-tributos-e-mercado-financeiro-e-de-capitais-sao-opcoes-de-pos-graduacao-no-unifeb\\\/#breadcrumb\",\"itemListElement\":[{\"@type\":\"ListItem\",\"position\":1,\"name\":\"In\u00edcio\",\"item\":\"https:\\\/\\\/regiaonews.net.br\\\/2022\\\/\"},{\"@type\":\"ListItem\",\"position\":2,\"name\":\"MBAs em Controladoria e Tributos e Mercado Financeiro e de Capitais s\u00e3o op\u00e7\u00f5es de p\u00f3s-gradua\u00e7\u00e3o no UNIFEB\"}]},{\"@type\":\"WebSite\",\"@id\":\"https:\\\/\\\/regiaonews.net.br\\\/2022\\\/#website\",\"url\":\"https:\\\/\\\/regiaonews.net.br\\\/2022\\\/\",\"name\":\"Regi\u00e3o News\",\"description\":\"Site de Not\u00edcias de Barretos e regi\u00e3o\",\"publisher\":{\"@id\":\"https:\\\/\\\/regiaonews.net.br\\\/2022\\\/#organization\"},\"potentialAction\":[{\"@type\":\"SearchAction\",\"target\":{\"@type\":\"EntryPoint\",\"urlTemplate\":\"https:\\\/\\\/regiaonews.net.br\\\/2022\\\/?s={search_term_string}\"},\"query-input\":{\"@type\":\"PropertyValueSpecification\",\"valueRequired\":true,\"valueName\":\"search_term_string\"}}],\"inLanguage\":\"pt-BR\"},{\"@type\":\"Organization\",\"@id\":\"https:\\\/\\\/regiaonews.net.br\\\/2022\\\/#organization\",\"name\":\"Regi\u00e3o News\",\"url\":\"https:\\\/\\\/regiaonews.net.br\\\/2022\\\/\",\"logo\":{\"@type\":\"ImageObject\",\"inLanguage\":\"pt-BR\",\"@id\":\"https:\\\/\\\/regiaonews.net.br\\\/2022\\\/#\\\/schema\\\/logo\\\/image\\\/\",\"url\":\"https:\\\/\\\/regiaonews.net.br\\\/2022\\\/wp-content\\\/uploads\\\/2026\\\/03\\\/regiao-13-anos-scaled.jpg\",\"contentUrl\":\"https:\\\/\\\/regiaonews.net.br\\\/2022\\\/wp-content\\\/uploads\\\/2026\\\/03\\\/regiao-13-anos-scaled.jpg\",\"width\":2560,\"height\":635,\"caption\":\"Regi\u00e3o News\"},\"image\":{\"@id\":\"https:\\\/\\\/regiaonews.net.br\\\/2022\\\/#\\\/schema\\\/logo\\\/image\\\/\"}},{\"@type\":\"Person\",\"@id\":\"https:\\\/\\\/regiaonews.net.br\\\/2022\\\/#\\\/schema\\\/person\\\/2d205a608a5aa97ac279d7a5e6d89ad8\",\"name\":\"Roberto\",\"image\":{\"@type\":\"ImageObject\",\"inLanguage\":\"pt-BR\",\"@id\":\"https:\\\/\\\/secure.gravatar.com\\\/avatar\\\/42749d8b712ff9d59ca93dc150494e5b55a44134482993f5baeb97e61b7ecc89?s=96&d=mm&r=g\",\"url\":\"https:\\\/\\\/secure.gravatar.com\\\/avatar\\\/42749d8b712ff9d59ca93dc150494e5b55a44134482993f5baeb97e61b7ecc89?s=96&d=mm&r=g\",\"contentUrl\":\"https:\\\/\\\/secure.gravatar.com\\\/avatar\\\/42749d8b712ff9d59ca93dc150494e5b55a44134482993f5baeb97e61b7ecc89?s=96&d=mm&r=g\",\"caption\":\"Roberto\"},\"url\":\"https:\\\/\\\/regiaonews.net.br\\\/2022\\\/author\\\/roberto\\\/\"}]}<\/script>\n<!-- \/ Yoast SEO plugin. -->","yoast_head_json":{"title":"MBAs em Controladoria e Tributos e Mercado Financeiro e de Capitais s\u00e3o op\u00e7\u00f5es de p\u00f3s-gradua\u00e7\u00e3o no UNIFEB - Regi\u00e3o News","robots":{"index":"index","follow":"follow","max-snippet":"max-snippet:-1","max-image-preview":"max-image-preview:large","max-video-preview":"max-video-preview:-1"},"canonical":"https:\/\/regiaonews.net.br\/2022\/2025\/02\/10\/mbas-em-controladoria-e-tributos-e-mercado-financeiro-e-de-capitais-sao-opcoes-de-pos-graduacao-no-unifeb\/","og_locale":"pt_BR","og_type":"article","og_title":"MBAs em Controladoria e Tributos e Mercado Financeiro e de Capitais s\u00e3o op\u00e7\u00f5es de p\u00f3s-gradua\u00e7\u00e3o no UNIFEB - Regi\u00e3o News","og_description":"Os cursos est\u00e3o com inscri\u00e7\u00f5es abertas e contam com valores","og_url":"https:\/\/regiaonews.net.br\/2022\/2025\/02\/10\/mbas-em-controladoria-e-tributos-e-mercado-financeiro-e-de-capitais-sao-opcoes-de-pos-graduacao-no-unifeb\/","og_site_name":"Regi\u00e3o News","article_published_time":"2025-02-10T17:29:16+00:00","og_image":[{"width":1080,"height":1080,"url":"https:\/\/regiaonews.net.br\/2022\/wp-content\/uploads\/2025\/02\/Imagem-do-WhatsApp-de-2025-02-10-as-13.37.01_97acb7be.jpg","type":"image\/jpeg"}],"author":"Roberto","twitter_card":"summary_large_image","twitter_misc":{"Escrito por":"Roberto","Est. tempo de leitura":"3 minutos"},"schema":{"@context":"https:\/\/schema.org","@graph":[{"@type":"Article","@id":"https:\/\/regiaonews.net.br\/2022\/2025\/02\/10\/mbas-em-controladoria-e-tributos-e-mercado-financeiro-e-de-capitais-sao-opcoes-de-pos-graduacao-no-unifeb\/#article","isPartOf":{"@id":"https:\/\/regiaonews.net.br\/2022\/2025\/02\/10\/mbas-em-controladoria-e-tributos-e-mercado-financeiro-e-de-capitais-sao-opcoes-de-pos-graduacao-no-unifeb\/"},"author":{"name":"Roberto","@id":"https:\/\/regiaonews.net.br\/2022\/#\/schema\/person\/2d205a608a5aa97ac279d7a5e6d89ad8"},"headline":"MBAs em Controladoria e Tributos e Mercado Financeiro e de Capitais s\u00e3o op\u00e7\u00f5es de p\u00f3s-gradua\u00e7\u00e3o no UNIFEB","datePublished":"2025-02-10T17:29:16+00:00","mainEntityOfPage":{"@id":"https:\/\/regiaonews.net.br\/2022\/2025\/02\/10\/mbas-em-controladoria-e-tributos-e-mercado-financeiro-e-de-capitais-sao-opcoes-de-pos-graduacao-no-unifeb\/"},"wordCount":467,"commentCount":0,"publisher":{"@id":"https:\/\/regiaonews.net.br\/2022\/#organization"},"image":{"@id":"https:\/\/regiaonews.net.br\/2022\/2025\/02\/10\/mbas-em-controladoria-e-tributos-e-mercado-financeiro-e-de-capitais-sao-opcoes-de-pos-graduacao-no-unifeb\/#primaryimage"},"thumbnailUrl":"https:\/\/regiaonews.net.br\/2022\/wp-content\/uploads\/2025\/02\/Imagem-do-WhatsApp-de-2025-02-10-as-13.37.01_97acb7be.jpg","articleSection":["Barretos","Geral"],"inLanguage":"pt-BR","potentialAction":[{"@type":"CommentAction","name":"Comment","target":["https:\/\/regiaonews.net.br\/2022\/2025\/02\/10\/mbas-em-controladoria-e-tributos-e-mercado-financeiro-e-de-capitais-sao-opcoes-de-pos-graduacao-no-unifeb\/#respond"]}]},{"@type":"WebPage","@id":"https:\/\/regiaonews.net.br\/2022\/2025\/02\/10\/mbas-em-controladoria-e-tributos-e-mercado-financeiro-e-de-capitais-sao-opcoes-de-pos-graduacao-no-unifeb\/","url":"https:\/\/regiaonews.net.br\/2022\/2025\/02\/10\/mbas-em-controladoria-e-tributos-e-mercado-financeiro-e-de-capitais-sao-opcoes-de-pos-graduacao-no-unifeb\/","name":"MBAs em Controladoria e Tributos e Mercado Financeiro e de Capitais s\u00e3o op\u00e7\u00f5es de p\u00f3s-gradua\u00e7\u00e3o no UNIFEB - Regi\u00e3o News","isPartOf":{"@id":"https:\/\/regiaonews.net.br\/2022\/#website"},"primaryImageOfPage":{"@id":"https:\/\/regiaonews.net.br\/2022\/2025\/02\/10\/mbas-em-controladoria-e-tributos-e-mercado-financeiro-e-de-capitais-sao-opcoes-de-pos-graduacao-no-unifeb\/#primaryimage"},"image":{"@id":"https:\/\/regiaonews.net.br\/2022\/2025\/02\/10\/mbas-em-controladoria-e-tributos-e-mercado-financeiro-e-de-capitais-sao-opcoes-de-pos-graduacao-no-unifeb\/#primaryimage"},"thumbnailUrl":"https:\/\/regiaonews.net.br\/2022\/wp-content\/uploads\/2025\/02\/Imagem-do-WhatsApp-de-2025-02-10-as-13.37.01_97acb7be.jpg","datePublished":"2025-02-10T17:29:16+00:00","breadcrumb":{"@id":"https:\/\/regiaonews.net.br\/2022\/2025\/02\/10\/mbas-em-controladoria-e-tributos-e-mercado-financeiro-e-de-capitais-sao-opcoes-de-pos-graduacao-no-unifeb\/#breadcrumb"},"inLanguage":"pt-BR","potentialAction":[{"@type":"ReadAction","target":["https:\/\/regiaonews.net.br\/2022\/2025\/02\/10\/mbas-em-controladoria-e-tributos-e-mercado-financeiro-e-de-capitais-sao-opcoes-de-pos-graduacao-no-unifeb\/"]}]},{"@type":"ImageObject","inLanguage":"pt-BR","@id":"https:\/\/regiaonews.net.br\/2022\/2025\/02\/10\/mbas-em-controladoria-e-tributos-e-mercado-financeiro-e-de-capitais-sao-opcoes-de-pos-graduacao-no-unifeb\/#primaryimage","url":"https:\/\/regiaonews.net.br\/2022\/wp-content\/uploads\/2025\/02\/Imagem-do-WhatsApp-de-2025-02-10-as-13.37.01_97acb7be.jpg","contentUrl":"https:\/\/regiaonews.net.br\/2022\/wp-content\/uploads\/2025\/02\/Imagem-do-WhatsApp-de-2025-02-10-as-13.37.01_97acb7be.jpg","width":1080,"height":1080},{"@type":"BreadcrumbList","@id":"https:\/\/regiaonews.net.br\/2022\/2025\/02\/10\/mbas-em-controladoria-e-tributos-e-mercado-financeiro-e-de-capitais-sao-opcoes-de-pos-graduacao-no-unifeb\/#breadcrumb","itemListElement":[{"@type":"ListItem","position":1,"name":"In\u00edcio","item":"https:\/\/regiaonews.net.br\/2022\/"},{"@type":"ListItem","position":2,"name":"MBAs em Controladoria e Tributos e Mercado Financeiro e de Capitais s\u00e3o op\u00e7\u00f5es de p\u00f3s-gradua\u00e7\u00e3o no UNIFEB"}]},{"@type":"WebSite","@id":"https:\/\/regiaonews.net.br\/2022\/#website","url":"https:\/\/regiaonews.net.br\/2022\/","name":"Regi\u00e3o News","description":"Site de Not\u00edcias de Barretos e regi\u00e3o","publisher":{"@id":"https:\/\/regiaonews.net.br\/2022\/#organization"},"potentialAction":[{"@type":"SearchAction","target":{"@type":"EntryPoint","urlTemplate":"https:\/\/regiaonews.net.br\/2022\/?s={search_term_string}"},"query-input":{"@type":"PropertyValueSpecification","valueRequired":true,"valueName":"search_term_string"}}],"inLanguage":"pt-BR"},{"@type":"Organization","@id":"https:\/\/regiaonews.net.br\/2022\/#organization","name":"Regi\u00e3o News","url":"https:\/\/regiaonews.net.br\/2022\/","logo":{"@type":"ImageObject","inLanguage":"pt-BR","@id":"https:\/\/regiaonews.net.br\/2022\/#\/schema\/logo\/image\/","url":"https:\/\/regiaonews.net.br\/2022\/wp-content\/uploads\/2026\/03\/regiao-13-anos-scaled.jpg","contentUrl":"https:\/\/regiaonews.net.br\/2022\/wp-content\/uploads\/2026\/03\/regiao-13-anos-scaled.jpg","width":2560,"height":635,"caption":"Regi\u00e3o News"},"image":{"@id":"https:\/\/regiaonews.net.br\/2022\/#\/schema\/logo\/image\/"}},{"@type":"Person","@id":"https:\/\/regiaonews.net.br\/2022\/#\/schema\/person\/2d205a608a5aa97ac279d7a5e6d89ad8","name":"Roberto","image":{"@type":"ImageObject","inLanguage":"pt-BR","@id":"https:\/\/secure.gravatar.com\/avatar\/42749d8b712ff9d59ca93dc150494e5b55a44134482993f5baeb97e61b7ecc89?s=96&d=mm&r=g","url":"https:\/\/secure.gravatar.com\/avatar\/42749d8b712ff9d59ca93dc150494e5b55a44134482993f5baeb97e61b7ecc89?s=96&d=mm&r=g","contentUrl":"https:\/\/secure.gravatar.com\/avatar\/42749d8b712ff9d59ca93dc150494e5b55a44134482993f5baeb97e61b7ecc89?s=96&d=mm&r=g","caption":"Roberto"},"url":"https:\/\/regiaonews.net.br\/2022\/author\/roberto\/"}]}},"publishpress_future_action":{"enabled":false,"date":"2026-05-02 01:11:03","action":"change-status","newStatus":"draft","terms":[],"taxonomy":"category","extraData":[]},"publishpress_future_workflow_manual_trigger":{"enabledWorkflows":[]},"_links":{"self":[{"href":"https:\/\/regiaonews.net.br\/2022\/wp-json\/wp\/v2\/posts\/114434","targetHints":{"allow":["GET"]}}],"collection":[{"href":"https:\/\/regiaonews.net.br\/2022\/wp-json\/wp\/v2\/posts"}],"about":[{"href":"https:\/\/regiaonews.net.br\/2022\/wp-json\/wp\/v2\/types\/post"}],"author":[{"embeddable":true,"href":"https:\/\/regiaonews.net.br\/2022\/wp-json\/wp\/v2\/users\/2"}],"replies":[{"embeddable":true,"href":"https:\/\/regiaonews.net.br\/2022\/wp-json\/wp\/v2\/comments?post=114434"}],"version-history":[{"count":1,"href":"https:\/\/regiaonews.net.br\/2022\/wp-json\/wp\/v2\/posts\/114434\/revisions"}],"predecessor-version":[{"id":114436,"href":"https:\/\/regiaonews.net.br\/2022\/wp-json\/wp\/v2\/posts\/114434\/revisions\/114436"}],"wp:featuredmedia":[{"embeddable":true,"href":"https:\/\/regiaonews.net.br\/2022\/wp-json\/wp\/v2\/media\/114435"}],"wp:attachment":[{"href":"https:\/\/regiaonews.net.br\/2022\/wp-json\/wp\/v2\/media?parent=114434"}],"wp:term":[{"taxonomy":"category","embeddable":true,"href":"https:\/\/regiaonews.net.br\/2022\/wp-json\/wp\/v2\/categories?post=114434"},{"taxonomy":"post_tag","embeddable":true,"href":"https:\/\/regiaonews.net.br\/2022\/wp-json\/wp\/v2\/tags?post=114434"}],"curies":[{"name":"wp","href":"https:\/\/api.w.org\/{rel}","templated":true}]}}