{"id":114343,"date":"2025-02-07T13:51:02","date_gmt":"2025-02-07T16:51:02","guid":{"rendered":"https:\/\/regiaonews.net.br\/2022\/?p=114343"},"modified":"2025-02-07T13:51:02","modified_gmt":"2025-02-07T16:51:02","slug":"volta-as-aulas-2025-vice-prefeito-e-secretaria-de-educacao-dao-boas-vindas-aos-alunos-na-escola-municipal-prof-dorival-teixeira","status":"publish","type":"post","link":"https:\/\/regiaonews.net.br\/2022\/2025\/02\/07\/volta-as-aulas-2025-vice-prefeito-e-secretaria-de-educacao-dao-boas-vindas-aos-alunos-na-escola-municipal-prof-dorival-teixeira\/","title":{"rendered":"Volta \u00e0s aulas 2025: Vice-prefeito e secret\u00e1ria de Educa\u00e7\u00e3o d\u00e3o boas vindas aos alunos na Escola Municipal Prof. Dorival Teixeira"},"content":{"rendered":"<h3 style=\"text-align: center;\">Ano letivo teve in\u00edcio na quarta (5) para mais de 12.300 alunos do Ensino Fundamental I e II e da Educa\u00e7\u00e3o Infantil<\/h3>\n<p>O vice-prefeito da Est\u00e2ncia Tur\u00edstica de Barretos, Mussa Calil Neto, e a secret\u00e1ria municipal de Educa\u00e7\u00e3o, Mirka Costa, acompanharam na manh\u00e3 desta quinta-feira, 6 de fevereiro, o acolhimento aos estudantes da Escola Municipal Professor Dorival Teixeira para o segundo dia de aulas do ano letivo de 2025.<br \/>\nMussa conversou com as crian\u00e7as, contou um pouco de sua trajet\u00f3ria estudantil e parabenizou a gest\u00e3o da escola pela boa conserva\u00e7\u00e3o do pr\u00e9dio. \u201cN\u00f3s queremos dar as boas-vindas pra voc\u00eas, em nome do munic\u00edpio, do prefeito Odair Silva, que est\u00e1 viajando e buscando recursos para a nossa cidade, mas que deixou um grande abra\u00e7o pra todos os alunos aqui do Dorival e de todas as outras escolas de Barretos. Tenho certeza que vamos fazer um 2025 de muito sucesso na \u00e1rea da educa\u00e7\u00e3o\u201d, completou.<br \/>\nAs aulas na Rede Municipal de Ensino tiveram in\u00edcio na quarta, dia 5, para 12.365 alunos, sendo 4.877 da Educa\u00e7\u00e3o Infantil, 6.709 do Ensino Fundamental I e 779 do Ensino Fundamental II, matriculados nos 29 Centros Municipais de Educa\u00e7\u00e3o Infantil (Cemeis) e nas 21 Escolas Municipais de Ensino Fundamental da cidade.<br \/>\nMirka Costa refor\u00e7ou o protagonismo dos alunos e desejou aos professores um bom ano. \u201cAs pessoas mais importantes s\u00e3o voc\u00eas, estudantes. N\u00f3s estamos aqui porque temos uma miss\u00e3o muito grande de ajuda-los a enxergarem o mundo. Sejam muito bem-vindos, alunos e senhores pais. Passamos por um momento dif\u00edcil, mas daqui pra frente \u00e9 s\u00f3 aprendizagem e alegria. Que o nosso ano seja muito aben\u00e7oado e produtivo. \u00c9 um prazer estar aqui, pois nossa miss\u00e3o nessa gest\u00e3o \u00e9 fazer de tudo para que voc\u00eas sejam beneficiados\u201d, destacou.<br \/>\nO vice-prefeito e a secret\u00e1ria de Educa\u00e7\u00e3o foram recepcionados pela diretora Glaucia Maria Ribeiro. Ela informou que, atualmente, a E.M. Prof. Dorival Teixeira conta com 180 alunos matriculados, do 1\u00b0 ao 5\u00b0 ano do Ensino Fundamental I. Durante a visita, o grupo conheceu a turma do 2\u00b0 ano A, da professora Beatriz Torres Silveira.<br \/>\nUniformes e Materiais Escolares<br \/>\nA supervisora geral do Ensino Fundamental, Thaismara Alonso, explicou que os materiais did\u00e1ticos Trilha, da FTD, j\u00e1 est\u00e3o sendo entregues \u00e0s Escolas Municipais e Cemeis. J\u00e1 a entrega dos kits de materiais escolares de uso individual e coletivo, bem como os uniformes, est\u00e1 prevista para iniciar na segunda quinzena de fevereiro.<\/p>\n<p>Fotos: Tininho Jr.<\/p>\n","protected":false},"excerpt":{"rendered":"<p>Ano letivo teve in\u00edcio na quarta (5) para mais de<\/p>\n","protected":false},"author":2,"featured_media":114344,"comment_status":"open","ping_status":"open","sticky":false,"template":"","format":"standard","meta":{"footnotes":""},"categories":[14,3],"tags":[],"class_list":["post-114343","post","type-post","status-publish","format-standard","has-post-thumbnail","hentry","category-barretos","category-geral"],"yoast_head":"<!-- This site is optimized with the Yoast SEO plugin v27.4 - https:\/\/yoast.com\/product\/yoast-seo-wordpress\/ -->\n<title>Volta \u00e0s aulas 2025: Vice-prefeito e secret\u00e1ria de Educa\u00e7\u00e3o d\u00e3o boas vindas aos alunos na Escola Municipal Prof. Dorival Teixeira - Regi\u00e3o News<\/title>\n<meta name=\"robots\" content=\"index, follow, max-snippet:-1, max-image-preview:large, max-video-preview:-1\" \/>\n<link rel=\"canonical\" href=\"https:\/\/regiaonews.net.br\/2022\/2025\/02\/07\/volta-as-aulas-2025-vice-prefeito-e-secretaria-de-educacao-dao-boas-vindas-aos-alunos-na-escola-municipal-prof-dorival-teixeira\/\" \/>\n<meta property=\"og:locale\" content=\"pt_BR\" \/>\n<meta property=\"og:type\" content=\"article\" \/>\n<meta property=\"og:title\" content=\"Volta \u00e0s aulas 2025: Vice-prefeito e secret\u00e1ria de Educa\u00e7\u00e3o d\u00e3o boas vindas aos alunos na Escola Municipal Prof. Dorival Teixeira - Regi\u00e3o News\" \/>\n<meta property=\"og:description\" content=\"Ano letivo teve in\u00edcio na quarta (5) para mais de\" \/>\n<meta property=\"og:url\" content=\"https:\/\/regiaonews.net.br\/2022\/2025\/02\/07\/volta-as-aulas-2025-vice-prefeito-e-secretaria-de-educacao-dao-boas-vindas-aos-alunos-na-escola-municipal-prof-dorival-teixeira\/\" \/>\n<meta property=\"og:site_name\" content=\"Regi\u00e3o News\" \/>\n<meta property=\"article:published_time\" content=\"2025-02-07T16:51:02+00:00\" \/>\n<meta property=\"og:image\" content=\"https:\/\/regiaonews.net.br\/2022\/wp-content\/uploads\/2025\/02\/Imagem-do-WhatsApp-de-2025-02-07-as-10.09.39_089d3faf.jpg\" \/>\n\t<meta property=\"og:image:width\" content=\"1600\" \/>\n\t<meta property=\"og:image:height\" content=\"1058\" \/>\n\t<meta property=\"og:image:type\" content=\"image\/jpeg\" \/>\n<meta name=\"author\" content=\"Roberto\" \/>\n<meta name=\"twitter:card\" content=\"summary_large_image\" \/>\n<meta name=\"twitter:label1\" content=\"Escrito por\" \/>\n\t<meta name=\"twitter:data1\" content=\"Roberto\" \/>\n\t<meta name=\"twitter:label2\" content=\"Est. tempo de leitura\" \/>\n\t<meta name=\"twitter:data2\" content=\"3 minutos\" \/>\n<script type=\"application\/ld+json\" class=\"yoast-schema-graph\">{\"@context\":\"https:\\\/\\\/schema.org\",\"@graph\":[{\"@type\":\"Article\",\"@id\":\"https:\\\/\\\/regiaonews.net.br\\\/2022\\\/2025\\\/02\\\/07\\\/volta-as-aulas-2025-vice-prefeito-e-secretaria-de-educacao-dao-boas-vindas-aos-alunos-na-escola-municipal-prof-dorival-teixeira\\\/#article\",\"isPartOf\":{\"@id\":\"https:\\\/\\\/regiaonews.net.br\\\/2022\\\/2025\\\/02\\\/07\\\/volta-as-aulas-2025-vice-prefeito-e-secretaria-de-educacao-dao-boas-vindas-aos-alunos-na-escola-municipal-prof-dorival-teixeira\\\/\"},\"author\":{\"name\":\"Roberto\",\"@id\":\"https:\\\/\\\/regiaonews.net.br\\\/2022\\\/#\\\/schema\\\/person\\\/2d205a608a5aa97ac279d7a5e6d89ad8\"},\"headline\":\"Volta \u00e0s aulas 2025: Vice-prefeito e secret\u00e1ria de Educa\u00e7\u00e3o d\u00e3o boas vindas aos alunos na Escola Municipal Prof. Dorival Teixeira\",\"datePublished\":\"2025-02-07T16:51:02+00:00\",\"mainEntityOfPage\":{\"@id\":\"https:\\\/\\\/regiaonews.net.br\\\/2022\\\/2025\\\/02\\\/07\\\/volta-as-aulas-2025-vice-prefeito-e-secretaria-de-educacao-dao-boas-vindas-aos-alunos-na-escola-municipal-prof-dorival-teixeira\\\/\"},\"wordCount\":439,\"commentCount\":0,\"publisher\":{\"@id\":\"https:\\\/\\\/regiaonews.net.br\\\/2022\\\/#organization\"},\"image\":{\"@id\":\"https:\\\/\\\/regiaonews.net.br\\\/2022\\\/2025\\\/02\\\/07\\\/volta-as-aulas-2025-vice-prefeito-e-secretaria-de-educacao-dao-boas-vindas-aos-alunos-na-escola-municipal-prof-dorival-teixeira\\\/#primaryimage\"},\"thumbnailUrl\":\"https:\\\/\\\/regiaonews.net.br\\\/2022\\\/wp-content\\\/uploads\\\/2025\\\/02\\\/Imagem-do-WhatsApp-de-2025-02-07-as-10.09.39_089d3faf.jpg\",\"articleSection\":[\"Barretos\",\"Geral\"],\"inLanguage\":\"pt-BR\",\"potentialAction\":[{\"@type\":\"CommentAction\",\"name\":\"Comment\",\"target\":[\"https:\\\/\\\/regiaonews.net.br\\\/2022\\\/2025\\\/02\\\/07\\\/volta-as-aulas-2025-vice-prefeito-e-secretaria-de-educacao-dao-boas-vindas-aos-alunos-na-escola-municipal-prof-dorival-teixeira\\\/#respond\"]}]},{\"@type\":\"WebPage\",\"@id\":\"https:\\\/\\\/regiaonews.net.br\\\/2022\\\/2025\\\/02\\\/07\\\/volta-as-aulas-2025-vice-prefeito-e-secretaria-de-educacao-dao-boas-vindas-aos-alunos-na-escola-municipal-prof-dorival-teixeira\\\/\",\"url\":\"https:\\\/\\\/regiaonews.net.br\\\/2022\\\/2025\\\/02\\\/07\\\/volta-as-aulas-2025-vice-prefeito-e-secretaria-de-educacao-dao-boas-vindas-aos-alunos-na-escola-municipal-prof-dorival-teixeira\\\/\",\"name\":\"Volta \u00e0s aulas 2025: Vice-prefeito e secret\u00e1ria de Educa\u00e7\u00e3o d\u00e3o boas vindas aos alunos na Escola Municipal Prof. Dorival Teixeira - Regi\u00e3o News\",\"isPartOf\":{\"@id\":\"https:\\\/\\\/regiaonews.net.br\\\/2022\\\/#website\"},\"primaryImageOfPage\":{\"@id\":\"https:\\\/\\\/regiaonews.net.br\\\/2022\\\/2025\\\/02\\\/07\\\/volta-as-aulas-2025-vice-prefeito-e-secretaria-de-educacao-dao-boas-vindas-aos-alunos-na-escola-municipal-prof-dorival-teixeira\\\/#primaryimage\"},\"image\":{\"@id\":\"https:\\\/\\\/regiaonews.net.br\\\/2022\\\/2025\\\/02\\\/07\\\/volta-as-aulas-2025-vice-prefeito-e-secretaria-de-educacao-dao-boas-vindas-aos-alunos-na-escola-municipal-prof-dorival-teixeira\\\/#primaryimage\"},\"thumbnailUrl\":\"https:\\\/\\\/regiaonews.net.br\\\/2022\\\/wp-content\\\/uploads\\\/2025\\\/02\\\/Imagem-do-WhatsApp-de-2025-02-07-as-10.09.39_089d3faf.jpg\",\"datePublished\":\"2025-02-07T16:51:02+00:00\",\"breadcrumb\":{\"@id\":\"https:\\\/\\\/regiaonews.net.br\\\/2022\\\/2025\\\/02\\\/07\\\/volta-as-aulas-2025-vice-prefeito-e-secretaria-de-educacao-dao-boas-vindas-aos-alunos-na-escola-municipal-prof-dorival-teixeira\\\/#breadcrumb\"},\"inLanguage\":\"pt-BR\",\"potentialAction\":[{\"@type\":\"ReadAction\",\"target\":[\"https:\\\/\\\/regiaonews.net.br\\\/2022\\\/2025\\\/02\\\/07\\\/volta-as-aulas-2025-vice-prefeito-e-secretaria-de-educacao-dao-boas-vindas-aos-alunos-na-escola-municipal-prof-dorival-teixeira\\\/\"]}]},{\"@type\":\"ImageObject\",\"inLanguage\":\"pt-BR\",\"@id\":\"https:\\\/\\\/regiaonews.net.br\\\/2022\\\/2025\\\/02\\\/07\\\/volta-as-aulas-2025-vice-prefeito-e-secretaria-de-educacao-dao-boas-vindas-aos-alunos-na-escola-municipal-prof-dorival-teixeira\\\/#primaryimage\",\"url\":\"https:\\\/\\\/regiaonews.net.br\\\/2022\\\/wp-content\\\/uploads\\\/2025\\\/02\\\/Imagem-do-WhatsApp-de-2025-02-07-as-10.09.39_089d3faf.jpg\",\"contentUrl\":\"https:\\\/\\\/regiaonews.net.br\\\/2022\\\/wp-content\\\/uploads\\\/2025\\\/02\\\/Imagem-do-WhatsApp-de-2025-02-07-as-10.09.39_089d3faf.jpg\",\"width\":1600,\"height\":1058},{\"@type\":\"BreadcrumbList\",\"@id\":\"https:\\\/\\\/regiaonews.net.br\\\/2022\\\/2025\\\/02\\\/07\\\/volta-as-aulas-2025-vice-prefeito-e-secretaria-de-educacao-dao-boas-vindas-aos-alunos-na-escola-municipal-prof-dorival-teixeira\\\/#breadcrumb\",\"itemListElement\":[{\"@type\":\"ListItem\",\"position\":1,\"name\":\"In\u00edcio\",\"item\":\"https:\\\/\\\/regiaonews.net.br\\\/2022\\\/\"},{\"@type\":\"ListItem\",\"position\":2,\"name\":\"Volta \u00e0s aulas 2025: Vice-prefeito e secret\u00e1ria de Educa\u00e7\u00e3o d\u00e3o boas vindas aos alunos na Escola Municipal Prof. Dorival Teixeira\"}]},{\"@type\":\"WebSite\",\"@id\":\"https:\\\/\\\/regiaonews.net.br\\\/2022\\\/#website\",\"url\":\"https:\\\/\\\/regiaonews.net.br\\\/2022\\\/\",\"name\":\"Regi\u00e3o News\",\"description\":\"Site de Not\u00edcias de Barretos e regi\u00e3o\",\"publisher\":{\"@id\":\"https:\\\/\\\/regiaonews.net.br\\\/2022\\\/#organization\"},\"potentialAction\":[{\"@type\":\"SearchAction\",\"target\":{\"@type\":\"EntryPoint\",\"urlTemplate\":\"https:\\\/\\\/regiaonews.net.br\\\/2022\\\/?s={search_term_string}\"},\"query-input\":{\"@type\":\"PropertyValueSpecification\",\"valueRequired\":true,\"valueName\":\"search_term_string\"}}],\"inLanguage\":\"pt-BR\"},{\"@type\":\"Organization\",\"@id\":\"https:\\\/\\\/regiaonews.net.br\\\/2022\\\/#organization\",\"name\":\"Regi\u00e3o News\",\"url\":\"https:\\\/\\\/regiaonews.net.br\\\/2022\\\/\",\"logo\":{\"@type\":\"ImageObject\",\"inLanguage\":\"pt-BR\",\"@id\":\"https:\\\/\\\/regiaonews.net.br\\\/2022\\\/#\\\/schema\\\/logo\\\/image\\\/\",\"url\":\"https:\\\/\\\/regiaonews.net.br\\\/2022\\\/wp-content\\\/uploads\\\/2026\\\/03\\\/regiao-13-anos-scaled.jpg\",\"contentUrl\":\"https:\\\/\\\/regiaonews.net.br\\\/2022\\\/wp-content\\\/uploads\\\/2026\\\/03\\\/regiao-13-anos-scaled.jpg\",\"width\":2560,\"height\":635,\"caption\":\"Regi\u00e3o News\"},\"image\":{\"@id\":\"https:\\\/\\\/regiaonews.net.br\\\/2022\\\/#\\\/schema\\\/logo\\\/image\\\/\"}},{\"@type\":\"Person\",\"@id\":\"https:\\\/\\\/regiaonews.net.br\\\/2022\\\/#\\\/schema\\\/person\\\/2d205a608a5aa97ac279d7a5e6d89ad8\",\"name\":\"Roberto\",\"image\":{\"@type\":\"ImageObject\",\"inLanguage\":\"pt-BR\",\"@id\":\"https:\\\/\\\/secure.gravatar.com\\\/avatar\\\/42749d8b712ff9d59ca93dc150494e5b55a44134482993f5baeb97e61b7ecc89?s=96&d=mm&r=g\",\"url\":\"https:\\\/\\\/secure.gravatar.com\\\/avatar\\\/42749d8b712ff9d59ca93dc150494e5b55a44134482993f5baeb97e61b7ecc89?s=96&d=mm&r=g\",\"contentUrl\":\"https:\\\/\\\/secure.gravatar.com\\\/avatar\\\/42749d8b712ff9d59ca93dc150494e5b55a44134482993f5baeb97e61b7ecc89?s=96&d=mm&r=g\",\"caption\":\"Roberto\"},\"url\":\"https:\\\/\\\/regiaonews.net.br\\\/2022\\\/author\\\/roberto\\\/\"}]}<\/script>\n<!-- \/ Yoast SEO plugin. -->","yoast_head_json":{"title":"Volta \u00e0s aulas 2025: Vice-prefeito e secret\u00e1ria de Educa\u00e7\u00e3o d\u00e3o boas vindas aos alunos na Escola Municipal Prof. Dorival Teixeira - Regi\u00e3o News","robots":{"index":"index","follow":"follow","max-snippet":"max-snippet:-1","max-image-preview":"max-image-preview:large","max-video-preview":"max-video-preview:-1"},"canonical":"https:\/\/regiaonews.net.br\/2022\/2025\/02\/07\/volta-as-aulas-2025-vice-prefeito-e-secretaria-de-educacao-dao-boas-vindas-aos-alunos-na-escola-municipal-prof-dorival-teixeira\/","og_locale":"pt_BR","og_type":"article","og_title":"Volta \u00e0s aulas 2025: Vice-prefeito e secret\u00e1ria de Educa\u00e7\u00e3o d\u00e3o boas vindas aos alunos na Escola Municipal Prof. Dorival Teixeira - Regi\u00e3o News","og_description":"Ano letivo teve in\u00edcio na quarta (5) para mais de","og_url":"https:\/\/regiaonews.net.br\/2022\/2025\/02\/07\/volta-as-aulas-2025-vice-prefeito-e-secretaria-de-educacao-dao-boas-vindas-aos-alunos-na-escola-municipal-prof-dorival-teixeira\/","og_site_name":"Regi\u00e3o News","article_published_time":"2025-02-07T16:51:02+00:00","og_image":[{"width":1600,"height":1058,"url":"https:\/\/regiaonews.net.br\/2022\/wp-content\/uploads\/2025\/02\/Imagem-do-WhatsApp-de-2025-02-07-as-10.09.39_089d3faf.jpg","type":"image\/jpeg"}],"author":"Roberto","twitter_card":"summary_large_image","twitter_misc":{"Escrito por":"Roberto","Est. tempo de leitura":"3 minutos"},"schema":{"@context":"https:\/\/schema.org","@graph":[{"@type":"Article","@id":"https:\/\/regiaonews.net.br\/2022\/2025\/02\/07\/volta-as-aulas-2025-vice-prefeito-e-secretaria-de-educacao-dao-boas-vindas-aos-alunos-na-escola-municipal-prof-dorival-teixeira\/#article","isPartOf":{"@id":"https:\/\/regiaonews.net.br\/2022\/2025\/02\/07\/volta-as-aulas-2025-vice-prefeito-e-secretaria-de-educacao-dao-boas-vindas-aos-alunos-na-escola-municipal-prof-dorival-teixeira\/"},"author":{"name":"Roberto","@id":"https:\/\/regiaonews.net.br\/2022\/#\/schema\/person\/2d205a608a5aa97ac279d7a5e6d89ad8"},"headline":"Volta \u00e0s aulas 2025: Vice-prefeito e secret\u00e1ria de Educa\u00e7\u00e3o d\u00e3o boas vindas aos alunos na Escola Municipal Prof. Dorival Teixeira","datePublished":"2025-02-07T16:51:02+00:00","mainEntityOfPage":{"@id":"https:\/\/regiaonews.net.br\/2022\/2025\/02\/07\/volta-as-aulas-2025-vice-prefeito-e-secretaria-de-educacao-dao-boas-vindas-aos-alunos-na-escola-municipal-prof-dorival-teixeira\/"},"wordCount":439,"commentCount":0,"publisher":{"@id":"https:\/\/regiaonews.net.br\/2022\/#organization"},"image":{"@id":"https:\/\/regiaonews.net.br\/2022\/2025\/02\/07\/volta-as-aulas-2025-vice-prefeito-e-secretaria-de-educacao-dao-boas-vindas-aos-alunos-na-escola-municipal-prof-dorival-teixeira\/#primaryimage"},"thumbnailUrl":"https:\/\/regiaonews.net.br\/2022\/wp-content\/uploads\/2025\/02\/Imagem-do-WhatsApp-de-2025-02-07-as-10.09.39_089d3faf.jpg","articleSection":["Barretos","Geral"],"inLanguage":"pt-BR","potentialAction":[{"@type":"CommentAction","name":"Comment","target":["https:\/\/regiaonews.net.br\/2022\/2025\/02\/07\/volta-as-aulas-2025-vice-prefeito-e-secretaria-de-educacao-dao-boas-vindas-aos-alunos-na-escola-municipal-prof-dorival-teixeira\/#respond"]}]},{"@type":"WebPage","@id":"https:\/\/regiaonews.net.br\/2022\/2025\/02\/07\/volta-as-aulas-2025-vice-prefeito-e-secretaria-de-educacao-dao-boas-vindas-aos-alunos-na-escola-municipal-prof-dorival-teixeira\/","url":"https:\/\/regiaonews.net.br\/2022\/2025\/02\/07\/volta-as-aulas-2025-vice-prefeito-e-secretaria-de-educacao-dao-boas-vindas-aos-alunos-na-escola-municipal-prof-dorival-teixeira\/","name":"Volta \u00e0s aulas 2025: Vice-prefeito e secret\u00e1ria de Educa\u00e7\u00e3o d\u00e3o boas vindas aos alunos na Escola Municipal Prof. Dorival Teixeira - Regi\u00e3o News","isPartOf":{"@id":"https:\/\/regiaonews.net.br\/2022\/#website"},"primaryImageOfPage":{"@id":"https:\/\/regiaonews.net.br\/2022\/2025\/02\/07\/volta-as-aulas-2025-vice-prefeito-e-secretaria-de-educacao-dao-boas-vindas-aos-alunos-na-escola-municipal-prof-dorival-teixeira\/#primaryimage"},"image":{"@id":"https:\/\/regiaonews.net.br\/2022\/2025\/02\/07\/volta-as-aulas-2025-vice-prefeito-e-secretaria-de-educacao-dao-boas-vindas-aos-alunos-na-escola-municipal-prof-dorival-teixeira\/#primaryimage"},"thumbnailUrl":"https:\/\/regiaonews.net.br\/2022\/wp-content\/uploads\/2025\/02\/Imagem-do-WhatsApp-de-2025-02-07-as-10.09.39_089d3faf.jpg","datePublished":"2025-02-07T16:51:02+00:00","breadcrumb":{"@id":"https:\/\/regiaonews.net.br\/2022\/2025\/02\/07\/volta-as-aulas-2025-vice-prefeito-e-secretaria-de-educacao-dao-boas-vindas-aos-alunos-na-escola-municipal-prof-dorival-teixeira\/#breadcrumb"},"inLanguage":"pt-BR","potentialAction":[{"@type":"ReadAction","target":["https:\/\/regiaonews.net.br\/2022\/2025\/02\/07\/volta-as-aulas-2025-vice-prefeito-e-secretaria-de-educacao-dao-boas-vindas-aos-alunos-na-escola-municipal-prof-dorival-teixeira\/"]}]},{"@type":"ImageObject","inLanguage":"pt-BR","@id":"https:\/\/regiaonews.net.br\/2022\/2025\/02\/07\/volta-as-aulas-2025-vice-prefeito-e-secretaria-de-educacao-dao-boas-vindas-aos-alunos-na-escola-municipal-prof-dorival-teixeira\/#primaryimage","url":"https:\/\/regiaonews.net.br\/2022\/wp-content\/uploads\/2025\/02\/Imagem-do-WhatsApp-de-2025-02-07-as-10.09.39_089d3faf.jpg","contentUrl":"https:\/\/regiaonews.net.br\/2022\/wp-content\/uploads\/2025\/02\/Imagem-do-WhatsApp-de-2025-02-07-as-10.09.39_089d3faf.jpg","width":1600,"height":1058},{"@type":"BreadcrumbList","@id":"https:\/\/regiaonews.net.br\/2022\/2025\/02\/07\/volta-as-aulas-2025-vice-prefeito-e-secretaria-de-educacao-dao-boas-vindas-aos-alunos-na-escola-municipal-prof-dorival-teixeira\/#breadcrumb","itemListElement":[{"@type":"ListItem","position":1,"name":"In\u00edcio","item":"https:\/\/regiaonews.net.br\/2022\/"},{"@type":"ListItem","position":2,"name":"Volta \u00e0s aulas 2025: Vice-prefeito e secret\u00e1ria de Educa\u00e7\u00e3o d\u00e3o boas vindas aos alunos na Escola Municipal Prof. Dorival Teixeira"}]},{"@type":"WebSite","@id":"https:\/\/regiaonews.net.br\/2022\/#website","url":"https:\/\/regiaonews.net.br\/2022\/","name":"Regi\u00e3o News","description":"Site de Not\u00edcias de Barretos e regi\u00e3o","publisher":{"@id":"https:\/\/regiaonews.net.br\/2022\/#organization"},"potentialAction":[{"@type":"SearchAction","target":{"@type":"EntryPoint","urlTemplate":"https:\/\/regiaonews.net.br\/2022\/?s={search_term_string}"},"query-input":{"@type":"PropertyValueSpecification","valueRequired":true,"valueName":"search_term_string"}}],"inLanguage":"pt-BR"},{"@type":"Organization","@id":"https:\/\/regiaonews.net.br\/2022\/#organization","name":"Regi\u00e3o News","url":"https:\/\/regiaonews.net.br\/2022\/","logo":{"@type":"ImageObject","inLanguage":"pt-BR","@id":"https:\/\/regiaonews.net.br\/2022\/#\/schema\/logo\/image\/","url":"https:\/\/regiaonews.net.br\/2022\/wp-content\/uploads\/2026\/03\/regiao-13-anos-scaled.jpg","contentUrl":"https:\/\/regiaonews.net.br\/2022\/wp-content\/uploads\/2026\/03\/regiao-13-anos-scaled.jpg","width":2560,"height":635,"caption":"Regi\u00e3o News"},"image":{"@id":"https:\/\/regiaonews.net.br\/2022\/#\/schema\/logo\/image\/"}},{"@type":"Person","@id":"https:\/\/regiaonews.net.br\/2022\/#\/schema\/person\/2d205a608a5aa97ac279d7a5e6d89ad8","name":"Roberto","image":{"@type":"ImageObject","inLanguage":"pt-BR","@id":"https:\/\/secure.gravatar.com\/avatar\/42749d8b712ff9d59ca93dc150494e5b55a44134482993f5baeb97e61b7ecc89?s=96&d=mm&r=g","url":"https:\/\/secure.gravatar.com\/avatar\/42749d8b712ff9d59ca93dc150494e5b55a44134482993f5baeb97e61b7ecc89?s=96&d=mm&r=g","contentUrl":"https:\/\/secure.gravatar.com\/avatar\/42749d8b712ff9d59ca93dc150494e5b55a44134482993f5baeb97e61b7ecc89?s=96&d=mm&r=g","caption":"Roberto"},"url":"https:\/\/regiaonews.net.br\/2022\/author\/roberto\/"}]}},"publishpress_future_action":{"enabled":false,"date":"2026-05-02 04:13:40","action":"change-status","newStatus":"draft","terms":[],"taxonomy":"category","extraData":[]},"publishpress_future_workflow_manual_trigger":{"enabledWorkflows":[]},"_links":{"self":[{"href":"https:\/\/regiaonews.net.br\/2022\/wp-json\/wp\/v2\/posts\/114343","targetHints":{"allow":["GET"]}}],"collection":[{"href":"https:\/\/regiaonews.net.br\/2022\/wp-json\/wp\/v2\/posts"}],"about":[{"href":"https:\/\/regiaonews.net.br\/2022\/wp-json\/wp\/v2\/types\/post"}],"author":[{"embeddable":true,"href":"https:\/\/regiaonews.net.br\/2022\/wp-json\/wp\/v2\/users\/2"}],"replies":[{"embeddable":true,"href":"https:\/\/regiaonews.net.br\/2022\/wp-json\/wp\/v2\/comments?post=114343"}],"version-history":[{"count":1,"href":"https:\/\/regiaonews.net.br\/2022\/wp-json\/wp\/v2\/posts\/114343\/revisions"}],"predecessor-version":[{"id":114345,"href":"https:\/\/regiaonews.net.br\/2022\/wp-json\/wp\/v2\/posts\/114343\/revisions\/114345"}],"wp:featuredmedia":[{"embeddable":true,"href":"https:\/\/regiaonews.net.br\/2022\/wp-json\/wp\/v2\/media\/114344"}],"wp:attachment":[{"href":"https:\/\/regiaonews.net.br\/2022\/wp-json\/wp\/v2\/media?parent=114343"}],"wp:term":[{"taxonomy":"category","embeddable":true,"href":"https:\/\/regiaonews.net.br\/2022\/wp-json\/wp\/v2\/categories?post=114343"},{"taxonomy":"post_tag","embeddable":true,"href":"https:\/\/regiaonews.net.br\/2022\/wp-json\/wp\/v2\/tags?post=114343"}],"curies":[{"name":"wp","href":"https:\/\/api.w.org\/{rel}","templated":true}]}}