{"id":114307,"date":"2025-02-06T17:19:38","date_gmt":"2025-02-06T20:19:38","guid":{"rendered":"https:\/\/regiaonews.net.br\/2022\/?p=114307"},"modified":"2025-02-06T17:19:38","modified_gmt":"2025-02-06T20:19:38","slug":"caminhao-roubado-e-localizado-pelas-policias-de-sao-paulo-e-minas","status":"publish","type":"post","link":"https:\/\/regiaonews.net.br\/2022\/2025\/02\/06\/caminhao-roubado-e-localizado-pelas-policias-de-sao-paulo-e-minas\/","title":{"rendered":"Caminh\u00e3o roubado \u00e9 localizado pelas pol\u00edcias de S\u00e3o Paulo e Minas"},"content":{"rendered":"<p>A Pol\u00edcia Militar de S\u00e3o Paulo tomou conhecimento que um v\u00e9iculo Volvo FH, que seria produto de roubo, estaria trafegando pela rodovia Armando Salles de Oliveira, no sentido Ic\u00e9m\/Ol\u00edmpia. Ap\u00f3s as informa\u00e7\u00f5es, os policiais realizaram dilig\u00eancias pela rodovia, quando na altura do munic\u00edpio de Altair, passou na pista um caminh\u00e3o Trator Volvo de cor prata, com as caracter\u00edsticas do ve\u00edculo informado, bem como um ve\u00edculo GM\/Astra Sedan de cor prata em seu encal\u00e7o. A viatura aproximou-se dos ve\u00edculos, sendo confirmado tratar-se do mesmo ve\u00edculo roubado irradiado pela Cia da PM.<br \/>\nAo tentado realizar abordagem, com os sinais luminosos e sonoros acionados, o ve\u00edculo Astra empreendeu fuga em alta velocidade, sendo poss\u00edvel acompanhar somente o caminh\u00e3o produto de roubo, que seguiu em na fuga, tomando sentido a rodovia BR-153, no sentido norte e ap\u00f3s passar pelo distrito de Lagoa Seca, municipio de Fronteira-MG, os policiais perceberam que o condutor jogar algo pela janela, continuando a fuga, na altura do km 234, equipe logrou \u00eaxito em parar o caminh\u00e3o e abordar o condutor. Realizado busca pessoal nada de il\u00edcito foi encontrado com o motorista, de imediato foi endagado, referente o caminh\u00e3o, vindo o condutor confessar que o ve\u00edculo tratava-se de produto de roubo, e que foi contratado por um individuo &#8220;vulgo japon\u00eas&#8221;, para conduzir o caminh\u00e3o do munic\u00edpio de Frutal\/MG at\u00e9 o munic\u00edpio de S\u00e3o Jos\u00e9 do Rio Preto e que iria receber a quantia de R$ 5.000,00 pelo servi\u00e7o, n\u00e3o sabendo informar o paradeiro do motorista e do semi-reboque.<br \/>\nDiante das circunst\u00e2ncias, recebeu foi voz de pris\u00e3o em flagrante delito, sendo encaminhado o autor, ve\u00edculo e o objeto lan\u00e7ado (bloqueador de sinal) achado nas margens da rodovia, ambos apresentados na central de flagrantes do munic\u00edpio de Frutal-MG.<\/p>\n<p>Caminh\u00e3o Volvo que foi recuperado na BR-153<br \/>\nFoto \u2013 Divulga\u00e7\u00e3o<\/p>\n","protected":false},"excerpt":{"rendered":"<p>A Pol\u00edcia Militar de S\u00e3o Paulo tomou conhecimento que um<\/p>\n","protected":false},"author":2,"featured_media":114308,"comment_status":"open","ping_status":"open","sticky":false,"template":"","format":"standard","meta":{"footnotes":""},"categories":[7,23],"tags":[],"class_list":["post-114307","post","type-post","status-publish","format-standard","has-post-thumbnail","hentry","category-estado-de-sao-paulo","category-policia"],"yoast_head":"<!-- This site is optimized with the Yoast SEO plugin v27.4 - https:\/\/yoast.com\/product\/yoast-seo-wordpress\/ -->\n<title>Caminh\u00e3o roubado \u00e9 localizado pelas pol\u00edcias de S\u00e3o Paulo e Minas - Regi\u00e3o News<\/title>\n<meta name=\"robots\" content=\"index, follow, max-snippet:-1, max-image-preview:large, max-video-preview:-1\" \/>\n<link rel=\"canonical\" href=\"https:\/\/regiaonews.net.br\/2022\/2025\/02\/06\/caminhao-roubado-e-localizado-pelas-policias-de-sao-paulo-e-minas\/\" \/>\n<meta property=\"og:locale\" content=\"pt_BR\" \/>\n<meta property=\"og:type\" content=\"article\" \/>\n<meta property=\"og:title\" content=\"Caminh\u00e3o roubado \u00e9 localizado pelas pol\u00edcias de S\u00e3o Paulo e Minas - Regi\u00e3o News\" \/>\n<meta property=\"og:description\" content=\"A Pol\u00edcia Militar de S\u00e3o Paulo tomou conhecimento que um\" \/>\n<meta property=\"og:url\" content=\"https:\/\/regiaonews.net.br\/2022\/2025\/02\/06\/caminhao-roubado-e-localizado-pelas-policias-de-sao-paulo-e-minas\/\" \/>\n<meta property=\"og:site_name\" content=\"Regi\u00e3o News\" \/>\n<meta property=\"article:published_time\" content=\"2025-02-06T20:19:38+00:00\" \/>\n<meta property=\"og:image\" content=\"https:\/\/regiaonews.net.br\/2022\/wp-content\/uploads\/2025\/02\/Imagem-do-WhatsApp-de-2025-02-06-as-15.10.15_4fba156f.jpg\" \/>\n\t<meta property=\"og:image:width\" content=\"1280\" \/>\n\t<meta property=\"og:image:height\" content=\"960\" \/>\n\t<meta property=\"og:image:type\" content=\"image\/jpeg\" \/>\n<meta name=\"author\" content=\"Roberto\" \/>\n<meta name=\"twitter:card\" content=\"summary_large_image\" \/>\n<meta name=\"twitter:label1\" content=\"Escrito por\" \/>\n\t<meta name=\"twitter:data1\" content=\"Roberto\" \/>\n\t<meta name=\"twitter:label2\" content=\"Est. tempo de leitura\" \/>\n\t<meta name=\"twitter:data2\" content=\"2 minutos\" \/>\n<script type=\"application\/ld+json\" class=\"yoast-schema-graph\">{\"@context\":\"https:\\\/\\\/schema.org\",\"@graph\":[{\"@type\":\"Article\",\"@id\":\"https:\\\/\\\/regiaonews.net.br\\\/2022\\\/2025\\\/02\\\/06\\\/caminhao-roubado-e-localizado-pelas-policias-de-sao-paulo-e-minas\\\/#article\",\"isPartOf\":{\"@id\":\"https:\\\/\\\/regiaonews.net.br\\\/2022\\\/2025\\\/02\\\/06\\\/caminhao-roubado-e-localizado-pelas-policias-de-sao-paulo-e-minas\\\/\"},\"author\":{\"name\":\"Roberto\",\"@id\":\"https:\\\/\\\/regiaonews.net.br\\\/2022\\\/#\\\/schema\\\/person\\\/2d205a608a5aa97ac279d7a5e6d89ad8\"},\"headline\":\"Caminh\u00e3o roubado \u00e9 localizado pelas pol\u00edcias de S\u00e3o Paulo e Minas\",\"datePublished\":\"2025-02-06T20:19:38+00:00\",\"mainEntityOfPage\":{\"@id\":\"https:\\\/\\\/regiaonews.net.br\\\/2022\\\/2025\\\/02\\\/06\\\/caminhao-roubado-e-localizado-pelas-policias-de-sao-paulo-e-minas\\\/\"},\"wordCount\":347,\"commentCount\":0,\"publisher\":{\"@id\":\"https:\\\/\\\/regiaonews.net.br\\\/2022\\\/#organization\"},\"image\":{\"@id\":\"https:\\\/\\\/regiaonews.net.br\\\/2022\\\/2025\\\/02\\\/06\\\/caminhao-roubado-e-localizado-pelas-policias-de-sao-paulo-e-minas\\\/#primaryimage\"},\"thumbnailUrl\":\"https:\\\/\\\/regiaonews.net.br\\\/2022\\\/wp-content\\\/uploads\\\/2025\\\/02\\\/Imagem-do-WhatsApp-de-2025-02-06-as-15.10.15_4fba156f.jpg\",\"articleSection\":[\"Estado de S\u00e3o Paulo\",\"Policia\"],\"inLanguage\":\"pt-BR\",\"potentialAction\":[{\"@type\":\"CommentAction\",\"name\":\"Comment\",\"target\":[\"https:\\\/\\\/regiaonews.net.br\\\/2022\\\/2025\\\/02\\\/06\\\/caminhao-roubado-e-localizado-pelas-policias-de-sao-paulo-e-minas\\\/#respond\"]}]},{\"@type\":\"WebPage\",\"@id\":\"https:\\\/\\\/regiaonews.net.br\\\/2022\\\/2025\\\/02\\\/06\\\/caminhao-roubado-e-localizado-pelas-policias-de-sao-paulo-e-minas\\\/\",\"url\":\"https:\\\/\\\/regiaonews.net.br\\\/2022\\\/2025\\\/02\\\/06\\\/caminhao-roubado-e-localizado-pelas-policias-de-sao-paulo-e-minas\\\/\",\"name\":\"Caminh\u00e3o roubado \u00e9 localizado pelas pol\u00edcias de S\u00e3o Paulo e Minas - Regi\u00e3o News\",\"isPartOf\":{\"@id\":\"https:\\\/\\\/regiaonews.net.br\\\/2022\\\/#website\"},\"primaryImageOfPage\":{\"@id\":\"https:\\\/\\\/regiaonews.net.br\\\/2022\\\/2025\\\/02\\\/06\\\/caminhao-roubado-e-localizado-pelas-policias-de-sao-paulo-e-minas\\\/#primaryimage\"},\"image\":{\"@id\":\"https:\\\/\\\/regiaonews.net.br\\\/2022\\\/2025\\\/02\\\/06\\\/caminhao-roubado-e-localizado-pelas-policias-de-sao-paulo-e-minas\\\/#primaryimage\"},\"thumbnailUrl\":\"https:\\\/\\\/regiaonews.net.br\\\/2022\\\/wp-content\\\/uploads\\\/2025\\\/02\\\/Imagem-do-WhatsApp-de-2025-02-06-as-15.10.15_4fba156f.jpg\",\"datePublished\":\"2025-02-06T20:19:38+00:00\",\"breadcrumb\":{\"@id\":\"https:\\\/\\\/regiaonews.net.br\\\/2022\\\/2025\\\/02\\\/06\\\/caminhao-roubado-e-localizado-pelas-policias-de-sao-paulo-e-minas\\\/#breadcrumb\"},\"inLanguage\":\"pt-BR\",\"potentialAction\":[{\"@type\":\"ReadAction\",\"target\":[\"https:\\\/\\\/regiaonews.net.br\\\/2022\\\/2025\\\/02\\\/06\\\/caminhao-roubado-e-localizado-pelas-policias-de-sao-paulo-e-minas\\\/\"]}]},{\"@type\":\"ImageObject\",\"inLanguage\":\"pt-BR\",\"@id\":\"https:\\\/\\\/regiaonews.net.br\\\/2022\\\/2025\\\/02\\\/06\\\/caminhao-roubado-e-localizado-pelas-policias-de-sao-paulo-e-minas\\\/#primaryimage\",\"url\":\"https:\\\/\\\/regiaonews.net.br\\\/2022\\\/wp-content\\\/uploads\\\/2025\\\/02\\\/Imagem-do-WhatsApp-de-2025-02-06-as-15.10.15_4fba156f.jpg\",\"contentUrl\":\"https:\\\/\\\/regiaonews.net.br\\\/2022\\\/wp-content\\\/uploads\\\/2025\\\/02\\\/Imagem-do-WhatsApp-de-2025-02-06-as-15.10.15_4fba156f.jpg\",\"width\":1280,\"height\":960},{\"@type\":\"BreadcrumbList\",\"@id\":\"https:\\\/\\\/regiaonews.net.br\\\/2022\\\/2025\\\/02\\\/06\\\/caminhao-roubado-e-localizado-pelas-policias-de-sao-paulo-e-minas\\\/#breadcrumb\",\"itemListElement\":[{\"@type\":\"ListItem\",\"position\":1,\"name\":\"In\u00edcio\",\"item\":\"https:\\\/\\\/regiaonews.net.br\\\/2022\\\/\"},{\"@type\":\"ListItem\",\"position\":2,\"name\":\"Caminh\u00e3o roubado \u00e9 localizado pelas pol\u00edcias de S\u00e3o Paulo e Minas\"}]},{\"@type\":\"WebSite\",\"@id\":\"https:\\\/\\\/regiaonews.net.br\\\/2022\\\/#website\",\"url\":\"https:\\\/\\\/regiaonews.net.br\\\/2022\\\/\",\"name\":\"Regi\u00e3o News\",\"description\":\"Site de Not\u00edcias de Barretos e regi\u00e3o\",\"publisher\":{\"@id\":\"https:\\\/\\\/regiaonews.net.br\\\/2022\\\/#organization\"},\"potentialAction\":[{\"@type\":\"SearchAction\",\"target\":{\"@type\":\"EntryPoint\",\"urlTemplate\":\"https:\\\/\\\/regiaonews.net.br\\\/2022\\\/?s={search_term_string}\"},\"query-input\":{\"@type\":\"PropertyValueSpecification\",\"valueRequired\":true,\"valueName\":\"search_term_string\"}}],\"inLanguage\":\"pt-BR\"},{\"@type\":\"Organization\",\"@id\":\"https:\\\/\\\/regiaonews.net.br\\\/2022\\\/#organization\",\"name\":\"Regi\u00e3o News\",\"url\":\"https:\\\/\\\/regiaonews.net.br\\\/2022\\\/\",\"logo\":{\"@type\":\"ImageObject\",\"inLanguage\":\"pt-BR\",\"@id\":\"https:\\\/\\\/regiaonews.net.br\\\/2022\\\/#\\\/schema\\\/logo\\\/image\\\/\",\"url\":\"https:\\\/\\\/regiaonews.net.br\\\/2022\\\/wp-content\\\/uploads\\\/2026\\\/03\\\/regiao-13-anos-scaled.jpg\",\"contentUrl\":\"https:\\\/\\\/regiaonews.net.br\\\/2022\\\/wp-content\\\/uploads\\\/2026\\\/03\\\/regiao-13-anos-scaled.jpg\",\"width\":2560,\"height\":635,\"caption\":\"Regi\u00e3o News\"},\"image\":{\"@id\":\"https:\\\/\\\/regiaonews.net.br\\\/2022\\\/#\\\/schema\\\/logo\\\/image\\\/\"}},{\"@type\":\"Person\",\"@id\":\"https:\\\/\\\/regiaonews.net.br\\\/2022\\\/#\\\/schema\\\/person\\\/2d205a608a5aa97ac279d7a5e6d89ad8\",\"name\":\"Roberto\",\"image\":{\"@type\":\"ImageObject\",\"inLanguage\":\"pt-BR\",\"@id\":\"https:\\\/\\\/secure.gravatar.com\\\/avatar\\\/42749d8b712ff9d59ca93dc150494e5b55a44134482993f5baeb97e61b7ecc89?s=96&d=mm&r=g\",\"url\":\"https:\\\/\\\/secure.gravatar.com\\\/avatar\\\/42749d8b712ff9d59ca93dc150494e5b55a44134482993f5baeb97e61b7ecc89?s=96&d=mm&r=g\",\"contentUrl\":\"https:\\\/\\\/secure.gravatar.com\\\/avatar\\\/42749d8b712ff9d59ca93dc150494e5b55a44134482993f5baeb97e61b7ecc89?s=96&d=mm&r=g\",\"caption\":\"Roberto\"},\"url\":\"https:\\\/\\\/regiaonews.net.br\\\/2022\\\/author\\\/roberto\\\/\"}]}<\/script>\n<!-- \/ Yoast SEO plugin. -->","yoast_head_json":{"title":"Caminh\u00e3o roubado \u00e9 localizado pelas pol\u00edcias de S\u00e3o Paulo e Minas - Regi\u00e3o News","robots":{"index":"index","follow":"follow","max-snippet":"max-snippet:-1","max-image-preview":"max-image-preview:large","max-video-preview":"max-video-preview:-1"},"canonical":"https:\/\/regiaonews.net.br\/2022\/2025\/02\/06\/caminhao-roubado-e-localizado-pelas-policias-de-sao-paulo-e-minas\/","og_locale":"pt_BR","og_type":"article","og_title":"Caminh\u00e3o roubado \u00e9 localizado pelas pol\u00edcias de S\u00e3o Paulo e Minas - Regi\u00e3o News","og_description":"A Pol\u00edcia Militar de S\u00e3o Paulo tomou conhecimento que um","og_url":"https:\/\/regiaonews.net.br\/2022\/2025\/02\/06\/caminhao-roubado-e-localizado-pelas-policias-de-sao-paulo-e-minas\/","og_site_name":"Regi\u00e3o News","article_published_time":"2025-02-06T20:19:38+00:00","og_image":[{"width":1280,"height":960,"url":"https:\/\/regiaonews.net.br\/2022\/wp-content\/uploads\/2025\/02\/Imagem-do-WhatsApp-de-2025-02-06-as-15.10.15_4fba156f.jpg","type":"image\/jpeg"}],"author":"Roberto","twitter_card":"summary_large_image","twitter_misc":{"Escrito por":"Roberto","Est. tempo de leitura":"2 minutos"},"schema":{"@context":"https:\/\/schema.org","@graph":[{"@type":"Article","@id":"https:\/\/regiaonews.net.br\/2022\/2025\/02\/06\/caminhao-roubado-e-localizado-pelas-policias-de-sao-paulo-e-minas\/#article","isPartOf":{"@id":"https:\/\/regiaonews.net.br\/2022\/2025\/02\/06\/caminhao-roubado-e-localizado-pelas-policias-de-sao-paulo-e-minas\/"},"author":{"name":"Roberto","@id":"https:\/\/regiaonews.net.br\/2022\/#\/schema\/person\/2d205a608a5aa97ac279d7a5e6d89ad8"},"headline":"Caminh\u00e3o roubado \u00e9 localizado pelas pol\u00edcias de S\u00e3o Paulo e Minas","datePublished":"2025-02-06T20:19:38+00:00","mainEntityOfPage":{"@id":"https:\/\/regiaonews.net.br\/2022\/2025\/02\/06\/caminhao-roubado-e-localizado-pelas-policias-de-sao-paulo-e-minas\/"},"wordCount":347,"commentCount":0,"publisher":{"@id":"https:\/\/regiaonews.net.br\/2022\/#organization"},"image":{"@id":"https:\/\/regiaonews.net.br\/2022\/2025\/02\/06\/caminhao-roubado-e-localizado-pelas-policias-de-sao-paulo-e-minas\/#primaryimage"},"thumbnailUrl":"https:\/\/regiaonews.net.br\/2022\/wp-content\/uploads\/2025\/02\/Imagem-do-WhatsApp-de-2025-02-06-as-15.10.15_4fba156f.jpg","articleSection":["Estado de S\u00e3o Paulo","Policia"],"inLanguage":"pt-BR","potentialAction":[{"@type":"CommentAction","name":"Comment","target":["https:\/\/regiaonews.net.br\/2022\/2025\/02\/06\/caminhao-roubado-e-localizado-pelas-policias-de-sao-paulo-e-minas\/#respond"]}]},{"@type":"WebPage","@id":"https:\/\/regiaonews.net.br\/2022\/2025\/02\/06\/caminhao-roubado-e-localizado-pelas-policias-de-sao-paulo-e-minas\/","url":"https:\/\/regiaonews.net.br\/2022\/2025\/02\/06\/caminhao-roubado-e-localizado-pelas-policias-de-sao-paulo-e-minas\/","name":"Caminh\u00e3o roubado \u00e9 localizado pelas pol\u00edcias de S\u00e3o Paulo e Minas - Regi\u00e3o News","isPartOf":{"@id":"https:\/\/regiaonews.net.br\/2022\/#website"},"primaryImageOfPage":{"@id":"https:\/\/regiaonews.net.br\/2022\/2025\/02\/06\/caminhao-roubado-e-localizado-pelas-policias-de-sao-paulo-e-minas\/#primaryimage"},"image":{"@id":"https:\/\/regiaonews.net.br\/2022\/2025\/02\/06\/caminhao-roubado-e-localizado-pelas-policias-de-sao-paulo-e-minas\/#primaryimage"},"thumbnailUrl":"https:\/\/regiaonews.net.br\/2022\/wp-content\/uploads\/2025\/02\/Imagem-do-WhatsApp-de-2025-02-06-as-15.10.15_4fba156f.jpg","datePublished":"2025-02-06T20:19:38+00:00","breadcrumb":{"@id":"https:\/\/regiaonews.net.br\/2022\/2025\/02\/06\/caminhao-roubado-e-localizado-pelas-policias-de-sao-paulo-e-minas\/#breadcrumb"},"inLanguage":"pt-BR","potentialAction":[{"@type":"ReadAction","target":["https:\/\/regiaonews.net.br\/2022\/2025\/02\/06\/caminhao-roubado-e-localizado-pelas-policias-de-sao-paulo-e-minas\/"]}]},{"@type":"ImageObject","inLanguage":"pt-BR","@id":"https:\/\/regiaonews.net.br\/2022\/2025\/02\/06\/caminhao-roubado-e-localizado-pelas-policias-de-sao-paulo-e-minas\/#primaryimage","url":"https:\/\/regiaonews.net.br\/2022\/wp-content\/uploads\/2025\/02\/Imagem-do-WhatsApp-de-2025-02-06-as-15.10.15_4fba156f.jpg","contentUrl":"https:\/\/regiaonews.net.br\/2022\/wp-content\/uploads\/2025\/02\/Imagem-do-WhatsApp-de-2025-02-06-as-15.10.15_4fba156f.jpg","width":1280,"height":960},{"@type":"BreadcrumbList","@id":"https:\/\/regiaonews.net.br\/2022\/2025\/02\/06\/caminhao-roubado-e-localizado-pelas-policias-de-sao-paulo-e-minas\/#breadcrumb","itemListElement":[{"@type":"ListItem","position":1,"name":"In\u00edcio","item":"https:\/\/regiaonews.net.br\/2022\/"},{"@type":"ListItem","position":2,"name":"Caminh\u00e3o roubado \u00e9 localizado pelas pol\u00edcias de S\u00e3o Paulo e Minas"}]},{"@type":"WebSite","@id":"https:\/\/regiaonews.net.br\/2022\/#website","url":"https:\/\/regiaonews.net.br\/2022\/","name":"Regi\u00e3o News","description":"Site de Not\u00edcias de Barretos e regi\u00e3o","publisher":{"@id":"https:\/\/regiaonews.net.br\/2022\/#organization"},"potentialAction":[{"@type":"SearchAction","target":{"@type":"EntryPoint","urlTemplate":"https:\/\/regiaonews.net.br\/2022\/?s={search_term_string}"},"query-input":{"@type":"PropertyValueSpecification","valueRequired":true,"valueName":"search_term_string"}}],"inLanguage":"pt-BR"},{"@type":"Organization","@id":"https:\/\/regiaonews.net.br\/2022\/#organization","name":"Regi\u00e3o News","url":"https:\/\/regiaonews.net.br\/2022\/","logo":{"@type":"ImageObject","inLanguage":"pt-BR","@id":"https:\/\/regiaonews.net.br\/2022\/#\/schema\/logo\/image\/","url":"https:\/\/regiaonews.net.br\/2022\/wp-content\/uploads\/2026\/03\/regiao-13-anos-scaled.jpg","contentUrl":"https:\/\/regiaonews.net.br\/2022\/wp-content\/uploads\/2026\/03\/regiao-13-anos-scaled.jpg","width":2560,"height":635,"caption":"Regi\u00e3o News"},"image":{"@id":"https:\/\/regiaonews.net.br\/2022\/#\/schema\/logo\/image\/"}},{"@type":"Person","@id":"https:\/\/regiaonews.net.br\/2022\/#\/schema\/person\/2d205a608a5aa97ac279d7a5e6d89ad8","name":"Roberto","image":{"@type":"ImageObject","inLanguage":"pt-BR","@id":"https:\/\/secure.gravatar.com\/avatar\/42749d8b712ff9d59ca93dc150494e5b55a44134482993f5baeb97e61b7ecc89?s=96&d=mm&r=g","url":"https:\/\/secure.gravatar.com\/avatar\/42749d8b712ff9d59ca93dc150494e5b55a44134482993f5baeb97e61b7ecc89?s=96&d=mm&r=g","contentUrl":"https:\/\/secure.gravatar.com\/avatar\/42749d8b712ff9d59ca93dc150494e5b55a44134482993f5baeb97e61b7ecc89?s=96&d=mm&r=g","caption":"Roberto"},"url":"https:\/\/regiaonews.net.br\/2022\/author\/roberto\/"}]}},"publishpress_future_action":{"enabled":false,"date":"2026-05-02 05:08:58","action":"change-status","newStatus":"draft","terms":[],"taxonomy":"category","extraData":[]},"publishpress_future_workflow_manual_trigger":{"enabledWorkflows":[]},"_links":{"self":[{"href":"https:\/\/regiaonews.net.br\/2022\/wp-json\/wp\/v2\/posts\/114307","targetHints":{"allow":["GET"]}}],"collection":[{"href":"https:\/\/regiaonews.net.br\/2022\/wp-json\/wp\/v2\/posts"}],"about":[{"href":"https:\/\/regiaonews.net.br\/2022\/wp-json\/wp\/v2\/types\/post"}],"author":[{"embeddable":true,"href":"https:\/\/regiaonews.net.br\/2022\/wp-json\/wp\/v2\/users\/2"}],"replies":[{"embeddable":true,"href":"https:\/\/regiaonews.net.br\/2022\/wp-json\/wp\/v2\/comments?post=114307"}],"version-history":[{"count":1,"href":"https:\/\/regiaonews.net.br\/2022\/wp-json\/wp\/v2\/posts\/114307\/revisions"}],"predecessor-version":[{"id":114309,"href":"https:\/\/regiaonews.net.br\/2022\/wp-json\/wp\/v2\/posts\/114307\/revisions\/114309"}],"wp:featuredmedia":[{"embeddable":true,"href":"https:\/\/regiaonews.net.br\/2022\/wp-json\/wp\/v2\/media\/114308"}],"wp:attachment":[{"href":"https:\/\/regiaonews.net.br\/2022\/wp-json\/wp\/v2\/media?parent=114307"}],"wp:term":[{"taxonomy":"category","embeddable":true,"href":"https:\/\/regiaonews.net.br\/2022\/wp-json\/wp\/v2\/categories?post=114307"},{"taxonomy":"post_tag","embeddable":true,"href":"https:\/\/regiaonews.net.br\/2022\/wp-json\/wp\/v2\/tags?post=114307"}],"curies":[{"name":"wp","href":"https:\/\/api.w.org\/{rel}","templated":true}]}}