{"id":114233,"date":"2025-02-04T12:59:36","date_gmt":"2025-02-04T15:59:36","guid":{"rendered":"https:\/\/regiaonews.net.br\/2022\/?p=114233"},"modified":"2025-02-04T12:59:36","modified_gmt":"2025-02-04T15:59:36","slug":"coleta-seletiva-em-barretos-opera-com-novo-formato-quinzenal","status":"publish","type":"post","link":"https:\/\/regiaonews.net.br\/2022\/2025\/02\/04\/coleta-seletiva-em-barretos-opera-com-novo-formato-quinzenal\/","title":{"rendered":"Coleta Seletiva em Barretos opera com novo formato quinzenal"},"content":{"rendered":"<h3 style=\"text-align: center;\">Ecopontos da cidade continuam dispon\u00edveis para o descarte de materiais recicl\u00e1veis<\/h3>\n<p>A coleta seletiva em Barretos passou a operar em um novo formato na segunda-feira (03). Os bairros ser\u00e3o atendidos de forma quinzenal, alternando a coleta a cada semana. Aos s\u00e1bados, o servi\u00e7o realizar\u00e1 a retirada de materiais recicl\u00e1veis nos Ecopontos e em locais espec\u00edficos onde a popula\u00e7\u00e3o solicitar a coleta por telefone.<\/p>\n<p>Segundo o engenheiro civil Jean Santos, respons\u00e1vel pelo setor de coleta seletiva do SAAE Barretos, a mudan\u00e7a se deve ao baixo volume de materiais recicl\u00e1veis disponibilizados nos bairros. &#8220;Reorganizamos a coleta seletiva para concentrar os esfor\u00e7os onde h\u00e1 maior ades\u00e3o da popula\u00e7\u00e3o. Com o novo formato, garantimos que a coleta seja mais eficaz e sustent\u00e1vel para a cidade at\u00e9 que o servi\u00e7o seja restabelecido integralmente&#8221;, explicou.<\/p>\n<p>Campanhas educativas ser\u00e3o promovidas ao longo do ano, refor\u00e7ando a import\u00e2ncia da separa\u00e7\u00e3o dos materiais recicl\u00e1veis e informando sobre os dias e hor\u00e1rios da coleta nos bairros.<\/p>\n<p>&#8220;Nosso compromisso \u00e9 manter a coleta seletiva operando da melhor forma poss\u00edvel, garantindo que os materiais recicl\u00e1veis cheguem ao destino correto e reduzindo o impacto ambiental. Contamos com a colabora\u00e7\u00e3o dos barretenses para que esse novo formato seja eficiente&#8221;, diz o superintendente Nilson Andrade.<\/p>\n<p>O prefeito Odair Silva destacou a import\u00e2ncia do empenho da autarquia na reorganiza\u00e7\u00e3o da coleta seletiva. &#8220;A coleta seletiva \u00e9 uma prioridade da nossa gest\u00e3o. Estamos trabalhando para melhorar a efici\u00eancia do servi\u00e7o e garantir que Barretos continue avan\u00e7ando na sustentabilidade e no correto descarte dos res\u00edduos&#8221;, afirmou.<\/p>\n<p>A popula\u00e7\u00e3o que deseja agendar a retirada de materiais recicl\u00e1veis aos s\u00e1bados pode entrar em contato com o SAAEB e informar o local onde h\u00e1 um volume significativo para a coleta pelo fone: (17) 3321 5300 ou 0800 772 5300 e solicitar que a liga\u00e7\u00e3o seja transferida para a Usina de Triagem (Ramal 5363). Outra op\u00e7\u00e3o \u00e9 ligar diretamente no Disk Coleta: (17) 99643 9099.<\/p>\n<p>Os Ecopontos da cidade seguem funcionando de segunda a s\u00e1bado, das 7h \u00e0s 19h, e est\u00e3o dispon\u00edveis para todos que desejam descartar materiais recicl\u00e1veis de forma respons\u00e1vel.<\/p>\n<p>Endere\u00e7os dos Ecopontos em Barretos:<\/p>\n<p>&#8211; Leda Amendola: LSA 10 Jo\u00e3o Botacini com Rua Lincon de Oliveira Menezes, s\/n\u00ba<br \/>\n&#8211; Calif\u00f3rnia: Rua Cristiano de Carvalho, n\u00ba 50<br \/>\n&#8211; Christiano Carvalho: Avenida Jo\u00e3o Ribeiro do Nascimento<br \/>\n&#8211; Exposi\u00e7\u00e3o: Rua F\u00e1bio Junqueira Franco, n\u00ba 301<br \/>\n&#8211; Nadir Kenan: Rua Rage Caiel, n\u00ba 400<br \/>\n&#8211; Santa Cec\u00edlia: Avenida Ant\u00f4nio Machado das Dores, s\/n\u00ba<\/p>\n<p>Cronograma Quinzenal da Coleta Seletiva<\/p>\n<p>Segunda-feira (1\u00aa rota):<br \/>\nBaroni, Primavera, Jardim Alah, Mar\u00edlia, Alvorada, Centro (Avenida 29 at\u00e9 Avenida 11).<\/p>\n<p>Segunda-feira (2\u00aa rota):<br \/>\nChristiano Carvalho, Id\u00ea Daher, Mais Parque, Batista Ananias, Hussein Genha, Condom\u00ednio Parque dos Ip\u00eas e Ecopontos.<\/p>\n<p>Ter\u00e7a-feira (1\u00aa rota):<br \/>\nJardim Universit\u00e1rio, Jardim Soares, Jardim Feitosa, Am\u00e9rica, Nova Am\u00e9rica, Rios, Diva, Exposi\u00e7\u00e3o, Jardim Sams e Ecopontos.<\/p>\n<p>Ter\u00e7a-feira (2\u00aa rota):<br \/>\nNova Barretos, Nova Barretos 2, Nova Barretos 3, Vida Nova e Ecopontos.<\/p>\n<p>Quarta-feira (1\u00aa rota):<br \/>\nJockey, Novo Jockey, Derby Club, Maria Caputi, Santa Rita, Jardim dos Comerci\u00e1rios e Ecopontos.<\/p>\n<p>Quarta-feira (2\u00aa rota):<br \/>\nCentro (Avenida 29 at\u00e9 Avenida 11), Vila Gomes, Residencial Minerva, Jardim Europa, Los Angeles, SESI, Tambor\u00e9, Bom Jesus, Celina, Bela Vista e Ecopontos.<\/p>\n<p>Quinta-feira (1\u00aa rota):<br \/>\nAeroporto, Fortaleza, Cecap 2, Grande Horizonte, Nogueira, City Barretos, Jardim Luiz Spina, Nobre Ville, O\u00e1sis e Ecopontos.<\/p>\n<p>Quinta-feira (2\u00aa rota):<br \/>\nMarieta, Pedro Cavalini, Marchi, Pereira, Nadir Kenan, Paulo Prata, Residencial Paulo Prata, Ibirapuera e Ecopontos.<\/p>\n<p>Sexta-feira (1\u00aa rota):<br \/>\nBarretos 2, Leda Amendola, Distrito Industrial, Jardim dos Coqueiros, Dom Bosco e Ecopontos.<\/p>\n<p>Sexta-feira (2\u00aa rota):<br \/>\nJardim Etemp, Calif\u00f3rnia, Novo Clementina, Gon\u00e7alves, S\u00e3o Jos\u00e9, S\u00e3o Judas, S\u00e3o Jorge e Ecopontos.<\/p>\n<p>S\u00e1bados:<br \/>\nEcopontos e endere\u00e7os solicitados pelos mun\u00edcipes.<\/p>\n<p>&nbsp;<\/p>\n","protected":false},"excerpt":{"rendered":"<p>Ecopontos da cidade continuam dispon\u00edveis para o descarte de materiais<\/p>\n","protected":false},"author":2,"featured_media":114234,"comment_status":"open","ping_status":"open","sticky":false,"template":"","format":"standard","meta":{"footnotes":""},"categories":[14,3],"tags":[],"class_list":["post-114233","post","type-post","status-publish","format-standard","has-post-thumbnail","hentry","category-barretos","category-geral"],"yoast_head":"<!-- This site is optimized with the Yoast SEO plugin v27.4 - https:\/\/yoast.com\/product\/yoast-seo-wordpress\/ -->\n<title>Coleta Seletiva em Barretos opera com novo formato quinzenal - Regi\u00e3o News<\/title>\n<meta name=\"robots\" content=\"index, follow, max-snippet:-1, max-image-preview:large, max-video-preview:-1\" \/>\n<link rel=\"canonical\" href=\"https:\/\/regiaonews.net.br\/2022\/2025\/02\/04\/coleta-seletiva-em-barretos-opera-com-novo-formato-quinzenal\/\" \/>\n<meta property=\"og:locale\" content=\"pt_BR\" \/>\n<meta property=\"og:type\" content=\"article\" \/>\n<meta property=\"og:title\" content=\"Coleta Seletiva em Barretos opera com novo formato quinzenal - Regi\u00e3o News\" \/>\n<meta property=\"og:description\" content=\"Ecopontos da cidade continuam dispon\u00edveis para o descarte de materiais\" \/>\n<meta property=\"og:url\" content=\"https:\/\/regiaonews.net.br\/2022\/2025\/02\/04\/coleta-seletiva-em-barretos-opera-com-novo-formato-quinzenal\/\" \/>\n<meta property=\"og:site_name\" content=\"Regi\u00e3o News\" \/>\n<meta property=\"article:published_time\" content=\"2025-02-04T15:59:36+00:00\" \/>\n<meta property=\"og:image\" content=\"https:\/\/regiaonews.net.br\/2022\/wp-content\/uploads\/2025\/02\/Imagem-do-WhatsApp-de-2025-02-04-as-08.07.18_3c739f80.jpg\" \/>\n\t<meta property=\"og:image:width\" content=\"1600\" \/>\n\t<meta property=\"og:image:height\" content=\"900\" \/>\n\t<meta property=\"og:image:type\" content=\"image\/jpeg\" \/>\n<meta name=\"author\" content=\"Roberto\" \/>\n<meta name=\"twitter:card\" content=\"summary_large_image\" \/>\n<meta name=\"twitter:label1\" content=\"Escrito por\" \/>\n\t<meta name=\"twitter:data1\" content=\"Roberto\" \/>\n<script type=\"application\/ld+json\" class=\"yoast-schema-graph\">{\"@context\":\"https:\\\/\\\/schema.org\",\"@graph\":[{\"@type\":\"Article\",\"@id\":\"https:\\\/\\\/regiaonews.net.br\\\/2022\\\/2025\\\/02\\\/04\\\/coleta-seletiva-em-barretos-opera-com-novo-formato-quinzenal\\\/#article\",\"isPartOf\":{\"@id\":\"https:\\\/\\\/regiaonews.net.br\\\/2022\\\/2025\\\/02\\\/04\\\/coleta-seletiva-em-barretos-opera-com-novo-formato-quinzenal\\\/\"},\"author\":{\"name\":\"Roberto\",\"@id\":\"https:\\\/\\\/regiaonews.net.br\\\/2022\\\/#\\\/schema\\\/person\\\/2d205a608a5aa97ac279d7a5e6d89ad8\"},\"headline\":\"Coleta Seletiva em Barretos opera com novo formato quinzenal\",\"datePublished\":\"2025-02-04T15:59:36+00:00\",\"mainEntityOfPage\":{\"@id\":\"https:\\\/\\\/regiaonews.net.br\\\/2022\\\/2025\\\/02\\\/04\\\/coleta-seletiva-em-barretos-opera-com-novo-formato-quinzenal\\\/\"},\"wordCount\":639,\"commentCount\":0,\"publisher\":{\"@id\":\"https:\\\/\\\/regiaonews.net.br\\\/2022\\\/#organization\"},\"image\":{\"@id\":\"https:\\\/\\\/regiaonews.net.br\\\/2022\\\/2025\\\/02\\\/04\\\/coleta-seletiva-em-barretos-opera-com-novo-formato-quinzenal\\\/#primaryimage\"},\"thumbnailUrl\":\"https:\\\/\\\/regiaonews.net.br\\\/2022\\\/wp-content\\\/uploads\\\/2025\\\/02\\\/Imagem-do-WhatsApp-de-2025-02-04-as-08.07.18_3c739f80.jpg\",\"articleSection\":[\"Barretos\",\"Geral\"],\"inLanguage\":\"pt-BR\",\"potentialAction\":[{\"@type\":\"CommentAction\",\"name\":\"Comment\",\"target\":[\"https:\\\/\\\/regiaonews.net.br\\\/2022\\\/2025\\\/02\\\/04\\\/coleta-seletiva-em-barretos-opera-com-novo-formato-quinzenal\\\/#respond\"]}]},{\"@type\":\"WebPage\",\"@id\":\"https:\\\/\\\/regiaonews.net.br\\\/2022\\\/2025\\\/02\\\/04\\\/coleta-seletiva-em-barretos-opera-com-novo-formato-quinzenal\\\/\",\"url\":\"https:\\\/\\\/regiaonews.net.br\\\/2022\\\/2025\\\/02\\\/04\\\/coleta-seletiva-em-barretos-opera-com-novo-formato-quinzenal\\\/\",\"name\":\"Coleta Seletiva em Barretos opera com novo formato quinzenal - Regi\u00e3o News\",\"isPartOf\":{\"@id\":\"https:\\\/\\\/regiaonews.net.br\\\/2022\\\/#website\"},\"primaryImageOfPage\":{\"@id\":\"https:\\\/\\\/regiaonews.net.br\\\/2022\\\/2025\\\/02\\\/04\\\/coleta-seletiva-em-barretos-opera-com-novo-formato-quinzenal\\\/#primaryimage\"},\"image\":{\"@id\":\"https:\\\/\\\/regiaonews.net.br\\\/2022\\\/2025\\\/02\\\/04\\\/coleta-seletiva-em-barretos-opera-com-novo-formato-quinzenal\\\/#primaryimage\"},\"thumbnailUrl\":\"https:\\\/\\\/regiaonews.net.br\\\/2022\\\/wp-content\\\/uploads\\\/2025\\\/02\\\/Imagem-do-WhatsApp-de-2025-02-04-as-08.07.18_3c739f80.jpg\",\"datePublished\":\"2025-02-04T15:59:36+00:00\",\"breadcrumb\":{\"@id\":\"https:\\\/\\\/regiaonews.net.br\\\/2022\\\/2025\\\/02\\\/04\\\/coleta-seletiva-em-barretos-opera-com-novo-formato-quinzenal\\\/#breadcrumb\"},\"inLanguage\":\"pt-BR\",\"potentialAction\":[{\"@type\":\"ReadAction\",\"target\":[\"https:\\\/\\\/regiaonews.net.br\\\/2022\\\/2025\\\/02\\\/04\\\/coleta-seletiva-em-barretos-opera-com-novo-formato-quinzenal\\\/\"]}]},{\"@type\":\"ImageObject\",\"inLanguage\":\"pt-BR\",\"@id\":\"https:\\\/\\\/regiaonews.net.br\\\/2022\\\/2025\\\/02\\\/04\\\/coleta-seletiva-em-barretos-opera-com-novo-formato-quinzenal\\\/#primaryimage\",\"url\":\"https:\\\/\\\/regiaonews.net.br\\\/2022\\\/wp-content\\\/uploads\\\/2025\\\/02\\\/Imagem-do-WhatsApp-de-2025-02-04-as-08.07.18_3c739f80.jpg\",\"contentUrl\":\"https:\\\/\\\/regiaonews.net.br\\\/2022\\\/wp-content\\\/uploads\\\/2025\\\/02\\\/Imagem-do-WhatsApp-de-2025-02-04-as-08.07.18_3c739f80.jpg\",\"width\":1600,\"height\":900},{\"@type\":\"BreadcrumbList\",\"@id\":\"https:\\\/\\\/regiaonews.net.br\\\/2022\\\/2025\\\/02\\\/04\\\/coleta-seletiva-em-barretos-opera-com-novo-formato-quinzenal\\\/#breadcrumb\",\"itemListElement\":[{\"@type\":\"ListItem\",\"position\":1,\"name\":\"In\u00edcio\",\"item\":\"https:\\\/\\\/regiaonews.net.br\\\/2022\\\/\"},{\"@type\":\"ListItem\",\"position\":2,\"name\":\"Coleta Seletiva em Barretos opera com novo formato quinzenal\"}]},{\"@type\":\"WebSite\",\"@id\":\"https:\\\/\\\/regiaonews.net.br\\\/2022\\\/#website\",\"url\":\"https:\\\/\\\/regiaonews.net.br\\\/2022\\\/\",\"name\":\"Regi\u00e3o News\",\"description\":\"Site de Not\u00edcias de Barretos e regi\u00e3o\",\"publisher\":{\"@id\":\"https:\\\/\\\/regiaonews.net.br\\\/2022\\\/#organization\"},\"potentialAction\":[{\"@type\":\"SearchAction\",\"target\":{\"@type\":\"EntryPoint\",\"urlTemplate\":\"https:\\\/\\\/regiaonews.net.br\\\/2022\\\/?s={search_term_string}\"},\"query-input\":{\"@type\":\"PropertyValueSpecification\",\"valueRequired\":true,\"valueName\":\"search_term_string\"}}],\"inLanguage\":\"pt-BR\"},{\"@type\":\"Organization\",\"@id\":\"https:\\\/\\\/regiaonews.net.br\\\/2022\\\/#organization\",\"name\":\"Regi\u00e3o News\",\"url\":\"https:\\\/\\\/regiaonews.net.br\\\/2022\\\/\",\"logo\":{\"@type\":\"ImageObject\",\"inLanguage\":\"pt-BR\",\"@id\":\"https:\\\/\\\/regiaonews.net.br\\\/2022\\\/#\\\/schema\\\/logo\\\/image\\\/\",\"url\":\"https:\\\/\\\/regiaonews.net.br\\\/2022\\\/wp-content\\\/uploads\\\/2026\\\/03\\\/regiao-13-anos-scaled.jpg\",\"contentUrl\":\"https:\\\/\\\/regiaonews.net.br\\\/2022\\\/wp-content\\\/uploads\\\/2026\\\/03\\\/regiao-13-anos-scaled.jpg\",\"width\":2560,\"height\":635,\"caption\":\"Regi\u00e3o News\"},\"image\":{\"@id\":\"https:\\\/\\\/regiaonews.net.br\\\/2022\\\/#\\\/schema\\\/logo\\\/image\\\/\"}},{\"@type\":\"Person\",\"@id\":\"https:\\\/\\\/regiaonews.net.br\\\/2022\\\/#\\\/schema\\\/person\\\/2d205a608a5aa97ac279d7a5e6d89ad8\",\"name\":\"Roberto\",\"image\":{\"@type\":\"ImageObject\",\"inLanguage\":\"pt-BR\",\"@id\":\"https:\\\/\\\/secure.gravatar.com\\\/avatar\\\/42749d8b712ff9d59ca93dc150494e5b55a44134482993f5baeb97e61b7ecc89?s=96&d=mm&r=g\",\"url\":\"https:\\\/\\\/secure.gravatar.com\\\/avatar\\\/42749d8b712ff9d59ca93dc150494e5b55a44134482993f5baeb97e61b7ecc89?s=96&d=mm&r=g\",\"contentUrl\":\"https:\\\/\\\/secure.gravatar.com\\\/avatar\\\/42749d8b712ff9d59ca93dc150494e5b55a44134482993f5baeb97e61b7ecc89?s=96&d=mm&r=g\",\"caption\":\"Roberto\"},\"url\":\"https:\\\/\\\/regiaonews.net.br\\\/2022\\\/author\\\/roberto\\\/\"}]}<\/script>\n<!-- \/ Yoast SEO plugin. -->","yoast_head_json":{"title":"Coleta Seletiva em Barretos opera com novo formato quinzenal - Regi\u00e3o News","robots":{"index":"index","follow":"follow","max-snippet":"max-snippet:-1","max-image-preview":"max-image-preview:large","max-video-preview":"max-video-preview:-1"},"canonical":"https:\/\/regiaonews.net.br\/2022\/2025\/02\/04\/coleta-seletiva-em-barretos-opera-com-novo-formato-quinzenal\/","og_locale":"pt_BR","og_type":"article","og_title":"Coleta Seletiva em Barretos opera com novo formato quinzenal - Regi\u00e3o News","og_description":"Ecopontos da cidade continuam dispon\u00edveis para o descarte de materiais","og_url":"https:\/\/regiaonews.net.br\/2022\/2025\/02\/04\/coleta-seletiva-em-barretos-opera-com-novo-formato-quinzenal\/","og_site_name":"Regi\u00e3o News","article_published_time":"2025-02-04T15:59:36+00:00","og_image":[{"width":1600,"height":900,"url":"https:\/\/regiaonews.net.br\/2022\/wp-content\/uploads\/2025\/02\/Imagem-do-WhatsApp-de-2025-02-04-as-08.07.18_3c739f80.jpg","type":"image\/jpeg"}],"author":"Roberto","twitter_card":"summary_large_image","twitter_misc":{"Escrito por":"Roberto"},"schema":{"@context":"https:\/\/schema.org","@graph":[{"@type":"Article","@id":"https:\/\/regiaonews.net.br\/2022\/2025\/02\/04\/coleta-seletiva-em-barretos-opera-com-novo-formato-quinzenal\/#article","isPartOf":{"@id":"https:\/\/regiaonews.net.br\/2022\/2025\/02\/04\/coleta-seletiva-em-barretos-opera-com-novo-formato-quinzenal\/"},"author":{"name":"Roberto","@id":"https:\/\/regiaonews.net.br\/2022\/#\/schema\/person\/2d205a608a5aa97ac279d7a5e6d89ad8"},"headline":"Coleta Seletiva em Barretos opera com novo formato quinzenal","datePublished":"2025-02-04T15:59:36+00:00","mainEntityOfPage":{"@id":"https:\/\/regiaonews.net.br\/2022\/2025\/02\/04\/coleta-seletiva-em-barretos-opera-com-novo-formato-quinzenal\/"},"wordCount":639,"commentCount":0,"publisher":{"@id":"https:\/\/regiaonews.net.br\/2022\/#organization"},"image":{"@id":"https:\/\/regiaonews.net.br\/2022\/2025\/02\/04\/coleta-seletiva-em-barretos-opera-com-novo-formato-quinzenal\/#primaryimage"},"thumbnailUrl":"https:\/\/regiaonews.net.br\/2022\/wp-content\/uploads\/2025\/02\/Imagem-do-WhatsApp-de-2025-02-04-as-08.07.18_3c739f80.jpg","articleSection":["Barretos","Geral"],"inLanguage":"pt-BR","potentialAction":[{"@type":"CommentAction","name":"Comment","target":["https:\/\/regiaonews.net.br\/2022\/2025\/02\/04\/coleta-seletiva-em-barretos-opera-com-novo-formato-quinzenal\/#respond"]}]},{"@type":"WebPage","@id":"https:\/\/regiaonews.net.br\/2022\/2025\/02\/04\/coleta-seletiva-em-barretos-opera-com-novo-formato-quinzenal\/","url":"https:\/\/regiaonews.net.br\/2022\/2025\/02\/04\/coleta-seletiva-em-barretos-opera-com-novo-formato-quinzenal\/","name":"Coleta Seletiva em Barretos opera com novo formato quinzenal - Regi\u00e3o News","isPartOf":{"@id":"https:\/\/regiaonews.net.br\/2022\/#website"},"primaryImageOfPage":{"@id":"https:\/\/regiaonews.net.br\/2022\/2025\/02\/04\/coleta-seletiva-em-barretos-opera-com-novo-formato-quinzenal\/#primaryimage"},"image":{"@id":"https:\/\/regiaonews.net.br\/2022\/2025\/02\/04\/coleta-seletiva-em-barretos-opera-com-novo-formato-quinzenal\/#primaryimage"},"thumbnailUrl":"https:\/\/regiaonews.net.br\/2022\/wp-content\/uploads\/2025\/02\/Imagem-do-WhatsApp-de-2025-02-04-as-08.07.18_3c739f80.jpg","datePublished":"2025-02-04T15:59:36+00:00","breadcrumb":{"@id":"https:\/\/regiaonews.net.br\/2022\/2025\/02\/04\/coleta-seletiva-em-barretos-opera-com-novo-formato-quinzenal\/#breadcrumb"},"inLanguage":"pt-BR","potentialAction":[{"@type":"ReadAction","target":["https:\/\/regiaonews.net.br\/2022\/2025\/02\/04\/coleta-seletiva-em-barretos-opera-com-novo-formato-quinzenal\/"]}]},{"@type":"ImageObject","inLanguage":"pt-BR","@id":"https:\/\/regiaonews.net.br\/2022\/2025\/02\/04\/coleta-seletiva-em-barretos-opera-com-novo-formato-quinzenal\/#primaryimage","url":"https:\/\/regiaonews.net.br\/2022\/wp-content\/uploads\/2025\/02\/Imagem-do-WhatsApp-de-2025-02-04-as-08.07.18_3c739f80.jpg","contentUrl":"https:\/\/regiaonews.net.br\/2022\/wp-content\/uploads\/2025\/02\/Imagem-do-WhatsApp-de-2025-02-04-as-08.07.18_3c739f80.jpg","width":1600,"height":900},{"@type":"BreadcrumbList","@id":"https:\/\/regiaonews.net.br\/2022\/2025\/02\/04\/coleta-seletiva-em-barretos-opera-com-novo-formato-quinzenal\/#breadcrumb","itemListElement":[{"@type":"ListItem","position":1,"name":"In\u00edcio","item":"https:\/\/regiaonews.net.br\/2022\/"},{"@type":"ListItem","position":2,"name":"Coleta Seletiva em Barretos opera com novo formato quinzenal"}]},{"@type":"WebSite","@id":"https:\/\/regiaonews.net.br\/2022\/#website","url":"https:\/\/regiaonews.net.br\/2022\/","name":"Regi\u00e3o News","description":"Site de Not\u00edcias de Barretos e regi\u00e3o","publisher":{"@id":"https:\/\/regiaonews.net.br\/2022\/#organization"},"potentialAction":[{"@type":"SearchAction","target":{"@type":"EntryPoint","urlTemplate":"https:\/\/regiaonews.net.br\/2022\/?s={search_term_string}"},"query-input":{"@type":"PropertyValueSpecification","valueRequired":true,"valueName":"search_term_string"}}],"inLanguage":"pt-BR"},{"@type":"Organization","@id":"https:\/\/regiaonews.net.br\/2022\/#organization","name":"Regi\u00e3o News","url":"https:\/\/regiaonews.net.br\/2022\/","logo":{"@type":"ImageObject","inLanguage":"pt-BR","@id":"https:\/\/regiaonews.net.br\/2022\/#\/schema\/logo\/image\/","url":"https:\/\/regiaonews.net.br\/2022\/wp-content\/uploads\/2026\/03\/regiao-13-anos-scaled.jpg","contentUrl":"https:\/\/regiaonews.net.br\/2022\/wp-content\/uploads\/2026\/03\/regiao-13-anos-scaled.jpg","width":2560,"height":635,"caption":"Regi\u00e3o News"},"image":{"@id":"https:\/\/regiaonews.net.br\/2022\/#\/schema\/logo\/image\/"}},{"@type":"Person","@id":"https:\/\/regiaonews.net.br\/2022\/#\/schema\/person\/2d205a608a5aa97ac279d7a5e6d89ad8","name":"Roberto","image":{"@type":"ImageObject","inLanguage":"pt-BR","@id":"https:\/\/secure.gravatar.com\/avatar\/42749d8b712ff9d59ca93dc150494e5b55a44134482993f5baeb97e61b7ecc89?s=96&d=mm&r=g","url":"https:\/\/secure.gravatar.com\/avatar\/42749d8b712ff9d59ca93dc150494e5b55a44134482993f5baeb97e61b7ecc89?s=96&d=mm&r=g","contentUrl":"https:\/\/secure.gravatar.com\/avatar\/42749d8b712ff9d59ca93dc150494e5b55a44134482993f5baeb97e61b7ecc89?s=96&d=mm&r=g","caption":"Roberto"},"url":"https:\/\/regiaonews.net.br\/2022\/author\/roberto\/"}]}},"publishpress_future_action":{"enabled":false,"date":"2026-05-02 02:35:32","action":"change-status","newStatus":"draft","terms":[],"taxonomy":"category","extraData":[]},"publishpress_future_workflow_manual_trigger":{"enabledWorkflows":[]},"_links":{"self":[{"href":"https:\/\/regiaonews.net.br\/2022\/wp-json\/wp\/v2\/posts\/114233","targetHints":{"allow":["GET"]}}],"collection":[{"href":"https:\/\/regiaonews.net.br\/2022\/wp-json\/wp\/v2\/posts"}],"about":[{"href":"https:\/\/regiaonews.net.br\/2022\/wp-json\/wp\/v2\/types\/post"}],"author":[{"embeddable":true,"href":"https:\/\/regiaonews.net.br\/2022\/wp-json\/wp\/v2\/users\/2"}],"replies":[{"embeddable":true,"href":"https:\/\/regiaonews.net.br\/2022\/wp-json\/wp\/v2\/comments?post=114233"}],"version-history":[{"count":1,"href":"https:\/\/regiaonews.net.br\/2022\/wp-json\/wp\/v2\/posts\/114233\/revisions"}],"predecessor-version":[{"id":114235,"href":"https:\/\/regiaonews.net.br\/2022\/wp-json\/wp\/v2\/posts\/114233\/revisions\/114235"}],"wp:featuredmedia":[{"embeddable":true,"href":"https:\/\/regiaonews.net.br\/2022\/wp-json\/wp\/v2\/media\/114234"}],"wp:attachment":[{"href":"https:\/\/regiaonews.net.br\/2022\/wp-json\/wp\/v2\/media?parent=114233"}],"wp:term":[{"taxonomy":"category","embeddable":true,"href":"https:\/\/regiaonews.net.br\/2022\/wp-json\/wp\/v2\/categories?post=114233"},{"taxonomy":"post_tag","embeddable":true,"href":"https:\/\/regiaonews.net.br\/2022\/wp-json\/wp\/v2\/tags?post=114233"}],"curies":[{"name":"wp","href":"https:\/\/api.w.org\/{rel}","templated":true}]}}