{"id":114142,"date":"2025-01-31T16:43:49","date_gmt":"2025-01-31T19:43:49","guid":{"rendered":"https:\/\/regiaonews.net.br\/2022\/?p=114142"},"modified":"2025-01-31T18:51:10","modified_gmt":"2025-01-31T21:51:10","slug":"condutora-perde-controle-e-adentra-empresa-na-rua-18","status":"publish","type":"post","link":"https:\/\/regiaonews.net.br\/2022\/2025\/01\/31\/condutora-perde-controle-e-adentra-empresa-na-rua-18\/","title":{"rendered":"Condutora perde controle e adentra empresa\u00a0na\u00a0rua\u00a018"},"content":{"rendered":"<p>Na tarde desta sexta (31), um ve\u00edculo conduzido por uma mulher perdeu o controle e foi parar dentro de um com\u00e9rcio existente na rua 18, no bairro Fortaleza. Segundo a Pol\u00edcia Militar, a condutora \u00e9 vizinha do estabelecimento e decidiu estacionar o ve\u00edculo no estacionamento do com\u00e9rcio por alguns minutos, vindo a perder o controle e adentrando o estabelcimento, vindo a atingir um funcion\u00e1rio na cal\u00e7ada e outros dois no interior da empresa. As v\u00edtimas foram socorridas com les\u00f5es leves para\u00a0a\u00a0Santa\u00a0Casa.<\/p>\n<p>&nbsp;<\/p>\n<p><a href=\"https:\/\/regiaonews.net.br\/2022\/wp-content\/uploads\/2025\/01\/WhatsApp-Image-2025-01-31-at-18.28.22.jpeg\"><img loading=\"lazy\" decoding=\"async\" class=\"alignnone size-medium wp-image-114148\" src=\"https:\/\/regiaonews.net.br\/2022\/wp-content\/uploads\/2025\/01\/WhatsApp-Image-2025-01-31-at-18.28.22-300x225.jpeg\" alt=\"\" width=\"300\" height=\"225\" srcset=\"https:\/\/regiaonews.net.br\/2022\/wp-content\/uploads\/2025\/01\/WhatsApp-Image-2025-01-31-at-18.28.22-300x225.jpeg 300w, https:\/\/regiaonews.net.br\/2022\/wp-content\/uploads\/2025\/01\/WhatsApp-Image-2025-01-31-at-18.28.22-1024x768.jpeg 1024w, https:\/\/regiaonews.net.br\/2022\/wp-content\/uploads\/2025\/01\/WhatsApp-Image-2025-01-31-at-18.28.22-768x576.jpeg 768w, https:\/\/regiaonews.net.br\/2022\/wp-content\/uploads\/2025\/01\/WhatsApp-Image-2025-01-31-at-18.28.22-1536x1152.jpeg 1536w, https:\/\/regiaonews.net.br\/2022\/wp-content\/uploads\/2025\/01\/WhatsApp-Image-2025-01-31-at-18.28.22-250x188.jpeg 250w, https:\/\/regiaonews.net.br\/2022\/wp-content\/uploads\/2025\/01\/WhatsApp-Image-2025-01-31-at-18.28.22-200x150.jpeg 200w, https:\/\/regiaonews.net.br\/2022\/wp-content\/uploads\/2025\/01\/WhatsApp-Image-2025-01-31-at-18.28.22.jpeg 1600w\" sizes=\"auto, (max-width: 300px) 100vw, 300px\" \/><\/a><a href=\"https:\/\/regiaonews.net.br\/2022\/wp-content\/uploads\/2025\/01\/WhatsApp-Image-2025-01-31-at-18.28.24.jpeg\"><img loading=\"lazy\" decoding=\"async\" class=\"alignnone size-medium wp-image-114150\" src=\"https:\/\/regiaonews.net.br\/2022\/wp-content\/uploads\/2025\/01\/WhatsApp-Image-2025-01-31-at-18.28.24-300x225.jpeg\" alt=\"\" width=\"300\" height=\"225\" srcset=\"https:\/\/regiaonews.net.br\/2022\/wp-content\/uploads\/2025\/01\/WhatsApp-Image-2025-01-31-at-18.28.24-300x225.jpeg 300w, https:\/\/regiaonews.net.br\/2022\/wp-content\/uploads\/2025\/01\/WhatsApp-Image-2025-01-31-at-18.28.24-1024x768.jpeg 1024w, https:\/\/regiaonews.net.br\/2022\/wp-content\/uploads\/2025\/01\/WhatsApp-Image-2025-01-31-at-18.28.24-768x576.jpeg 768w, https:\/\/regiaonews.net.br\/2022\/wp-content\/uploads\/2025\/01\/WhatsApp-Image-2025-01-31-at-18.28.24-1536x1152.jpeg 1536w, https:\/\/regiaonews.net.br\/2022\/wp-content\/uploads\/2025\/01\/WhatsApp-Image-2025-01-31-at-18.28.24-250x188.jpeg 250w, https:\/\/regiaonews.net.br\/2022\/wp-content\/uploads\/2025\/01\/WhatsApp-Image-2025-01-31-at-18.28.24-200x150.jpeg 200w, https:\/\/regiaonews.net.br\/2022\/wp-content\/uploads\/2025\/01\/WhatsApp-Image-2025-01-31-at-18.28.24.jpeg 1600w\" sizes=\"auto, (max-width: 300px) 100vw, 300px\" \/><\/a><\/p>\n","protected":false},"excerpt":{"rendered":"<p>Na tarde desta sexta (31), um ve\u00edculo conduzido por uma<\/p>\n","protected":false},"author":2,"featured_media":114149,"comment_status":"open","ping_status":"open","sticky":false,"template":"","format":"standard","meta":{"footnotes":""},"categories":[14,3],"tags":[],"class_list":["post-114142","post","type-post","status-publish","format-standard","has-post-thumbnail","hentry","category-barretos","category-geral"],"yoast_head":"<!-- This site is optimized with the Yoast SEO plugin v27.4 - https:\/\/yoast.com\/product\/yoast-seo-wordpress\/ -->\n<title>Condutora perde controle e adentra empresa\u00a0na\u00a0rua\u00a018 - Regi\u00e3o News<\/title>\n<meta name=\"robots\" content=\"index, follow, max-snippet:-1, max-image-preview:large, max-video-preview:-1\" \/>\n<link rel=\"canonical\" href=\"https:\/\/regiaonews.net.br\/2022\/2025\/01\/31\/condutora-perde-controle-e-adentra-empresa-na-rua-18\/\" \/>\n<meta property=\"og:locale\" content=\"pt_BR\" \/>\n<meta property=\"og:type\" content=\"article\" \/>\n<meta property=\"og:title\" content=\"Condutora perde controle e adentra empresa\u00a0na\u00a0rua\u00a018 - Regi\u00e3o News\" \/>\n<meta property=\"og:description\" content=\"Na tarde desta sexta (31), um ve\u00edculo conduzido por uma\" \/>\n<meta property=\"og:url\" content=\"https:\/\/regiaonews.net.br\/2022\/2025\/01\/31\/condutora-perde-controle-e-adentra-empresa-na-rua-18\/\" \/>\n<meta property=\"og:site_name\" content=\"Regi\u00e3o News\" \/>\n<meta property=\"article:published_time\" content=\"2025-01-31T19:43:49+00:00\" \/>\n<meta property=\"article:modified_time\" content=\"2025-01-31T21:51:10+00:00\" \/>\n<meta property=\"og:image\" content=\"https:\/\/regiaonews.net.br\/2022\/wp-content\/uploads\/2025\/01\/WhatsApp-Image-2025-01-31-at-18.28.23.jpeg\" \/>\n\t<meta property=\"og:image:width\" content=\"1600\" \/>\n\t<meta property=\"og:image:height\" content=\"1200\" \/>\n\t<meta property=\"og:image:type\" content=\"image\/jpeg\" \/>\n<meta name=\"author\" content=\"Roberto\" \/>\n<meta name=\"twitter:card\" content=\"summary_large_image\" \/>\n<meta name=\"twitter:label1\" content=\"Escrito por\" \/>\n\t<meta name=\"twitter:data1\" content=\"Roberto\" \/>\n\t<meta name=\"twitter:label2\" content=\"Est. tempo de leitura\" \/>\n\t<meta name=\"twitter:data2\" content=\"2 minutos\" \/>\n<script type=\"application\/ld+json\" class=\"yoast-schema-graph\">{\"@context\":\"https:\\\/\\\/schema.org\",\"@graph\":[{\"@type\":\"Article\",\"@id\":\"https:\\\/\\\/regiaonews.net.br\\\/2022\\\/2025\\\/01\\\/31\\\/condutora-perde-controle-e-adentra-empresa-na-rua-18\\\/#article\",\"isPartOf\":{\"@id\":\"https:\\\/\\\/regiaonews.net.br\\\/2022\\\/2025\\\/01\\\/31\\\/condutora-perde-controle-e-adentra-empresa-na-rua-18\\\/\"},\"author\":{\"name\":\"Roberto\",\"@id\":\"https:\\\/\\\/regiaonews.net.br\\\/2022\\\/#\\\/schema\\\/person\\\/2d205a608a5aa97ac279d7a5e6d89ad8\"},\"headline\":\"Condutora perde controle e adentra empresa\u00a0na\u00a0rua\u00a018\",\"datePublished\":\"2025-01-31T19:43:49+00:00\",\"dateModified\":\"2025-01-31T21:51:10+00:00\",\"mainEntityOfPage\":{\"@id\":\"https:\\\/\\\/regiaonews.net.br\\\/2022\\\/2025\\\/01\\\/31\\\/condutora-perde-controle-e-adentra-empresa-na-rua-18\\\/\"},\"wordCount\":99,\"commentCount\":0,\"publisher\":{\"@id\":\"https:\\\/\\\/regiaonews.net.br\\\/2022\\\/#organization\"},\"image\":{\"@id\":\"https:\\\/\\\/regiaonews.net.br\\\/2022\\\/2025\\\/01\\\/31\\\/condutora-perde-controle-e-adentra-empresa-na-rua-18\\\/#primaryimage\"},\"thumbnailUrl\":\"https:\\\/\\\/regiaonews.net.br\\\/2022\\\/wp-content\\\/uploads\\\/2025\\\/01\\\/WhatsApp-Image-2025-01-31-at-18.28.23.jpeg\",\"articleSection\":[\"Barretos\",\"Geral\"],\"inLanguage\":\"pt-BR\",\"potentialAction\":[{\"@type\":\"CommentAction\",\"name\":\"Comment\",\"target\":[\"https:\\\/\\\/regiaonews.net.br\\\/2022\\\/2025\\\/01\\\/31\\\/condutora-perde-controle-e-adentra-empresa-na-rua-18\\\/#respond\"]}]},{\"@type\":\"WebPage\",\"@id\":\"https:\\\/\\\/regiaonews.net.br\\\/2022\\\/2025\\\/01\\\/31\\\/condutora-perde-controle-e-adentra-empresa-na-rua-18\\\/\",\"url\":\"https:\\\/\\\/regiaonews.net.br\\\/2022\\\/2025\\\/01\\\/31\\\/condutora-perde-controle-e-adentra-empresa-na-rua-18\\\/\",\"name\":\"Condutora perde controle e adentra empresa\u00a0na\u00a0rua\u00a018 - Regi\u00e3o News\",\"isPartOf\":{\"@id\":\"https:\\\/\\\/regiaonews.net.br\\\/2022\\\/#website\"},\"primaryImageOfPage\":{\"@id\":\"https:\\\/\\\/regiaonews.net.br\\\/2022\\\/2025\\\/01\\\/31\\\/condutora-perde-controle-e-adentra-empresa-na-rua-18\\\/#primaryimage\"},\"image\":{\"@id\":\"https:\\\/\\\/regiaonews.net.br\\\/2022\\\/2025\\\/01\\\/31\\\/condutora-perde-controle-e-adentra-empresa-na-rua-18\\\/#primaryimage\"},\"thumbnailUrl\":\"https:\\\/\\\/regiaonews.net.br\\\/2022\\\/wp-content\\\/uploads\\\/2025\\\/01\\\/WhatsApp-Image-2025-01-31-at-18.28.23.jpeg\",\"datePublished\":\"2025-01-31T19:43:49+00:00\",\"dateModified\":\"2025-01-31T21:51:10+00:00\",\"breadcrumb\":{\"@id\":\"https:\\\/\\\/regiaonews.net.br\\\/2022\\\/2025\\\/01\\\/31\\\/condutora-perde-controle-e-adentra-empresa-na-rua-18\\\/#breadcrumb\"},\"inLanguage\":\"pt-BR\",\"potentialAction\":[{\"@type\":\"ReadAction\",\"target\":[\"https:\\\/\\\/regiaonews.net.br\\\/2022\\\/2025\\\/01\\\/31\\\/condutora-perde-controle-e-adentra-empresa-na-rua-18\\\/\"]}]},{\"@type\":\"ImageObject\",\"inLanguage\":\"pt-BR\",\"@id\":\"https:\\\/\\\/regiaonews.net.br\\\/2022\\\/2025\\\/01\\\/31\\\/condutora-perde-controle-e-adentra-empresa-na-rua-18\\\/#primaryimage\",\"url\":\"https:\\\/\\\/regiaonews.net.br\\\/2022\\\/wp-content\\\/uploads\\\/2025\\\/01\\\/WhatsApp-Image-2025-01-31-at-18.28.23.jpeg\",\"contentUrl\":\"https:\\\/\\\/regiaonews.net.br\\\/2022\\\/wp-content\\\/uploads\\\/2025\\\/01\\\/WhatsApp-Image-2025-01-31-at-18.28.23.jpeg\",\"width\":1600,\"height\":1200},{\"@type\":\"BreadcrumbList\",\"@id\":\"https:\\\/\\\/regiaonews.net.br\\\/2022\\\/2025\\\/01\\\/31\\\/condutora-perde-controle-e-adentra-empresa-na-rua-18\\\/#breadcrumb\",\"itemListElement\":[{\"@type\":\"ListItem\",\"position\":1,\"name\":\"In\u00edcio\",\"item\":\"https:\\\/\\\/regiaonews.net.br\\\/2022\\\/\"},{\"@type\":\"ListItem\",\"position\":2,\"name\":\"Condutora perde controle e adentra empresa\u00a0na\u00a0rua\u00a018\"}]},{\"@type\":\"WebSite\",\"@id\":\"https:\\\/\\\/regiaonews.net.br\\\/2022\\\/#website\",\"url\":\"https:\\\/\\\/regiaonews.net.br\\\/2022\\\/\",\"name\":\"Regi\u00e3o News\",\"description\":\"Site de Not\u00edcias de Barretos e regi\u00e3o\",\"publisher\":{\"@id\":\"https:\\\/\\\/regiaonews.net.br\\\/2022\\\/#organization\"},\"potentialAction\":[{\"@type\":\"SearchAction\",\"target\":{\"@type\":\"EntryPoint\",\"urlTemplate\":\"https:\\\/\\\/regiaonews.net.br\\\/2022\\\/?s={search_term_string}\"},\"query-input\":{\"@type\":\"PropertyValueSpecification\",\"valueRequired\":true,\"valueName\":\"search_term_string\"}}],\"inLanguage\":\"pt-BR\"},{\"@type\":\"Organization\",\"@id\":\"https:\\\/\\\/regiaonews.net.br\\\/2022\\\/#organization\",\"name\":\"Regi\u00e3o News\",\"url\":\"https:\\\/\\\/regiaonews.net.br\\\/2022\\\/\",\"logo\":{\"@type\":\"ImageObject\",\"inLanguage\":\"pt-BR\",\"@id\":\"https:\\\/\\\/regiaonews.net.br\\\/2022\\\/#\\\/schema\\\/logo\\\/image\\\/\",\"url\":\"https:\\\/\\\/regiaonews.net.br\\\/2022\\\/wp-content\\\/uploads\\\/2026\\\/03\\\/regiao-13-anos-scaled.jpg\",\"contentUrl\":\"https:\\\/\\\/regiaonews.net.br\\\/2022\\\/wp-content\\\/uploads\\\/2026\\\/03\\\/regiao-13-anos-scaled.jpg\",\"width\":2560,\"height\":635,\"caption\":\"Regi\u00e3o News\"},\"image\":{\"@id\":\"https:\\\/\\\/regiaonews.net.br\\\/2022\\\/#\\\/schema\\\/logo\\\/image\\\/\"}},{\"@type\":\"Person\",\"@id\":\"https:\\\/\\\/regiaonews.net.br\\\/2022\\\/#\\\/schema\\\/person\\\/2d205a608a5aa97ac279d7a5e6d89ad8\",\"name\":\"Roberto\",\"image\":{\"@type\":\"ImageObject\",\"inLanguage\":\"pt-BR\",\"@id\":\"https:\\\/\\\/secure.gravatar.com\\\/avatar\\\/42749d8b712ff9d59ca93dc150494e5b55a44134482993f5baeb97e61b7ecc89?s=96&d=mm&r=g\",\"url\":\"https:\\\/\\\/secure.gravatar.com\\\/avatar\\\/42749d8b712ff9d59ca93dc150494e5b55a44134482993f5baeb97e61b7ecc89?s=96&d=mm&r=g\",\"contentUrl\":\"https:\\\/\\\/secure.gravatar.com\\\/avatar\\\/42749d8b712ff9d59ca93dc150494e5b55a44134482993f5baeb97e61b7ecc89?s=96&d=mm&r=g\",\"caption\":\"Roberto\"},\"url\":\"https:\\\/\\\/regiaonews.net.br\\\/2022\\\/author\\\/roberto\\\/\"}]}<\/script>\n<!-- \/ Yoast SEO plugin. -->","yoast_head_json":{"title":"Condutora perde controle e adentra empresa\u00a0na\u00a0rua\u00a018 - Regi\u00e3o News","robots":{"index":"index","follow":"follow","max-snippet":"max-snippet:-1","max-image-preview":"max-image-preview:large","max-video-preview":"max-video-preview:-1"},"canonical":"https:\/\/regiaonews.net.br\/2022\/2025\/01\/31\/condutora-perde-controle-e-adentra-empresa-na-rua-18\/","og_locale":"pt_BR","og_type":"article","og_title":"Condutora perde controle e adentra empresa\u00a0na\u00a0rua\u00a018 - Regi\u00e3o News","og_description":"Na tarde desta sexta (31), um ve\u00edculo conduzido por uma","og_url":"https:\/\/regiaonews.net.br\/2022\/2025\/01\/31\/condutora-perde-controle-e-adentra-empresa-na-rua-18\/","og_site_name":"Regi\u00e3o News","article_published_time":"2025-01-31T19:43:49+00:00","article_modified_time":"2025-01-31T21:51:10+00:00","og_image":[{"width":1600,"height":1200,"url":"https:\/\/regiaonews.net.br\/2022\/wp-content\/uploads\/2025\/01\/WhatsApp-Image-2025-01-31-at-18.28.23.jpeg","type":"image\/jpeg"}],"author":"Roberto","twitter_card":"summary_large_image","twitter_misc":{"Escrito por":"Roberto","Est. tempo de leitura":"2 minutos"},"schema":{"@context":"https:\/\/schema.org","@graph":[{"@type":"Article","@id":"https:\/\/regiaonews.net.br\/2022\/2025\/01\/31\/condutora-perde-controle-e-adentra-empresa-na-rua-18\/#article","isPartOf":{"@id":"https:\/\/regiaonews.net.br\/2022\/2025\/01\/31\/condutora-perde-controle-e-adentra-empresa-na-rua-18\/"},"author":{"name":"Roberto","@id":"https:\/\/regiaonews.net.br\/2022\/#\/schema\/person\/2d205a608a5aa97ac279d7a5e6d89ad8"},"headline":"Condutora perde controle e adentra empresa\u00a0na\u00a0rua\u00a018","datePublished":"2025-01-31T19:43:49+00:00","dateModified":"2025-01-31T21:51:10+00:00","mainEntityOfPage":{"@id":"https:\/\/regiaonews.net.br\/2022\/2025\/01\/31\/condutora-perde-controle-e-adentra-empresa-na-rua-18\/"},"wordCount":99,"commentCount":0,"publisher":{"@id":"https:\/\/regiaonews.net.br\/2022\/#organization"},"image":{"@id":"https:\/\/regiaonews.net.br\/2022\/2025\/01\/31\/condutora-perde-controle-e-adentra-empresa-na-rua-18\/#primaryimage"},"thumbnailUrl":"https:\/\/regiaonews.net.br\/2022\/wp-content\/uploads\/2025\/01\/WhatsApp-Image-2025-01-31-at-18.28.23.jpeg","articleSection":["Barretos","Geral"],"inLanguage":"pt-BR","potentialAction":[{"@type":"CommentAction","name":"Comment","target":["https:\/\/regiaonews.net.br\/2022\/2025\/01\/31\/condutora-perde-controle-e-adentra-empresa-na-rua-18\/#respond"]}]},{"@type":"WebPage","@id":"https:\/\/regiaonews.net.br\/2022\/2025\/01\/31\/condutora-perde-controle-e-adentra-empresa-na-rua-18\/","url":"https:\/\/regiaonews.net.br\/2022\/2025\/01\/31\/condutora-perde-controle-e-adentra-empresa-na-rua-18\/","name":"Condutora perde controle e adentra empresa\u00a0na\u00a0rua\u00a018 - Regi\u00e3o News","isPartOf":{"@id":"https:\/\/regiaonews.net.br\/2022\/#website"},"primaryImageOfPage":{"@id":"https:\/\/regiaonews.net.br\/2022\/2025\/01\/31\/condutora-perde-controle-e-adentra-empresa-na-rua-18\/#primaryimage"},"image":{"@id":"https:\/\/regiaonews.net.br\/2022\/2025\/01\/31\/condutora-perde-controle-e-adentra-empresa-na-rua-18\/#primaryimage"},"thumbnailUrl":"https:\/\/regiaonews.net.br\/2022\/wp-content\/uploads\/2025\/01\/WhatsApp-Image-2025-01-31-at-18.28.23.jpeg","datePublished":"2025-01-31T19:43:49+00:00","dateModified":"2025-01-31T21:51:10+00:00","breadcrumb":{"@id":"https:\/\/regiaonews.net.br\/2022\/2025\/01\/31\/condutora-perde-controle-e-adentra-empresa-na-rua-18\/#breadcrumb"},"inLanguage":"pt-BR","potentialAction":[{"@type":"ReadAction","target":["https:\/\/regiaonews.net.br\/2022\/2025\/01\/31\/condutora-perde-controle-e-adentra-empresa-na-rua-18\/"]}]},{"@type":"ImageObject","inLanguage":"pt-BR","@id":"https:\/\/regiaonews.net.br\/2022\/2025\/01\/31\/condutora-perde-controle-e-adentra-empresa-na-rua-18\/#primaryimage","url":"https:\/\/regiaonews.net.br\/2022\/wp-content\/uploads\/2025\/01\/WhatsApp-Image-2025-01-31-at-18.28.23.jpeg","contentUrl":"https:\/\/regiaonews.net.br\/2022\/wp-content\/uploads\/2025\/01\/WhatsApp-Image-2025-01-31-at-18.28.23.jpeg","width":1600,"height":1200},{"@type":"BreadcrumbList","@id":"https:\/\/regiaonews.net.br\/2022\/2025\/01\/31\/condutora-perde-controle-e-adentra-empresa-na-rua-18\/#breadcrumb","itemListElement":[{"@type":"ListItem","position":1,"name":"In\u00edcio","item":"https:\/\/regiaonews.net.br\/2022\/"},{"@type":"ListItem","position":2,"name":"Condutora perde controle e adentra empresa\u00a0na\u00a0rua\u00a018"}]},{"@type":"WebSite","@id":"https:\/\/regiaonews.net.br\/2022\/#website","url":"https:\/\/regiaonews.net.br\/2022\/","name":"Regi\u00e3o News","description":"Site de Not\u00edcias de Barretos e regi\u00e3o","publisher":{"@id":"https:\/\/regiaonews.net.br\/2022\/#organization"},"potentialAction":[{"@type":"SearchAction","target":{"@type":"EntryPoint","urlTemplate":"https:\/\/regiaonews.net.br\/2022\/?s={search_term_string}"},"query-input":{"@type":"PropertyValueSpecification","valueRequired":true,"valueName":"search_term_string"}}],"inLanguage":"pt-BR"},{"@type":"Organization","@id":"https:\/\/regiaonews.net.br\/2022\/#organization","name":"Regi\u00e3o News","url":"https:\/\/regiaonews.net.br\/2022\/","logo":{"@type":"ImageObject","inLanguage":"pt-BR","@id":"https:\/\/regiaonews.net.br\/2022\/#\/schema\/logo\/image\/","url":"https:\/\/regiaonews.net.br\/2022\/wp-content\/uploads\/2026\/03\/regiao-13-anos-scaled.jpg","contentUrl":"https:\/\/regiaonews.net.br\/2022\/wp-content\/uploads\/2026\/03\/regiao-13-anos-scaled.jpg","width":2560,"height":635,"caption":"Regi\u00e3o News"},"image":{"@id":"https:\/\/regiaonews.net.br\/2022\/#\/schema\/logo\/image\/"}},{"@type":"Person","@id":"https:\/\/regiaonews.net.br\/2022\/#\/schema\/person\/2d205a608a5aa97ac279d7a5e6d89ad8","name":"Roberto","image":{"@type":"ImageObject","inLanguage":"pt-BR","@id":"https:\/\/secure.gravatar.com\/avatar\/42749d8b712ff9d59ca93dc150494e5b55a44134482993f5baeb97e61b7ecc89?s=96&d=mm&r=g","url":"https:\/\/secure.gravatar.com\/avatar\/42749d8b712ff9d59ca93dc150494e5b55a44134482993f5baeb97e61b7ecc89?s=96&d=mm&r=g","contentUrl":"https:\/\/secure.gravatar.com\/avatar\/42749d8b712ff9d59ca93dc150494e5b55a44134482993f5baeb97e61b7ecc89?s=96&d=mm&r=g","caption":"Roberto"},"url":"https:\/\/regiaonews.net.br\/2022\/author\/roberto\/"}]}},"publishpress_future_action":{"enabled":false,"date":"2026-05-02 02:35:36","action":"change-status","newStatus":"draft","terms":[],"taxonomy":"category","extraData":[]},"publishpress_future_workflow_manual_trigger":{"enabledWorkflows":[]},"_links":{"self":[{"href":"https:\/\/regiaonews.net.br\/2022\/wp-json\/wp\/v2\/posts\/114142","targetHints":{"allow":["GET"]}}],"collection":[{"href":"https:\/\/regiaonews.net.br\/2022\/wp-json\/wp\/v2\/posts"}],"about":[{"href":"https:\/\/regiaonews.net.br\/2022\/wp-json\/wp\/v2\/types\/post"}],"author":[{"embeddable":true,"href":"https:\/\/regiaonews.net.br\/2022\/wp-json\/wp\/v2\/users\/2"}],"replies":[{"embeddable":true,"href":"https:\/\/regiaonews.net.br\/2022\/wp-json\/wp\/v2\/comments?post=114142"}],"version-history":[{"count":3,"href":"https:\/\/regiaonews.net.br\/2022\/wp-json\/wp\/v2\/posts\/114142\/revisions"}],"predecessor-version":[{"id":114152,"href":"https:\/\/regiaonews.net.br\/2022\/wp-json\/wp\/v2\/posts\/114142\/revisions\/114152"}],"wp:featuredmedia":[{"embeddable":true,"href":"https:\/\/regiaonews.net.br\/2022\/wp-json\/wp\/v2\/media\/114149"}],"wp:attachment":[{"href":"https:\/\/regiaonews.net.br\/2022\/wp-json\/wp\/v2\/media?parent=114142"}],"wp:term":[{"taxonomy":"category","embeddable":true,"href":"https:\/\/regiaonews.net.br\/2022\/wp-json\/wp\/v2\/categories?post=114142"},{"taxonomy":"post_tag","embeddable":true,"href":"https:\/\/regiaonews.net.br\/2022\/wp-json\/wp\/v2\/tags?post=114142"}],"curies":[{"name":"wp","href":"https:\/\/api.w.org\/{rel}","templated":true}]}}