{"id":114139,"date":"2025-01-31T16:43:17","date_gmt":"2025-01-31T19:43:17","guid":{"rendered":"https:\/\/regiaonews.net.br\/2022\/?p=114139"},"modified":"2025-01-31T16:43:17","modified_gmt":"2025-01-31T19:43:17","slug":"prefeito-odair-silva-recebe-representantes-do-crea-sp-e-da-casa-dos-engenheiros-arquitetos-de-barretos","status":"publish","type":"post","link":"https:\/\/regiaonews.net.br\/2022\/2025\/01\/31\/prefeito-odair-silva-recebe-representantes-do-crea-sp-e-da-casa-dos-engenheiros-arquitetos-de-barretos\/","title":{"rendered":"Prefeito Odair Silva recebe representantes do CREA-SP e da Casa dos Engenheiros &#038; Arquitetos de Barretos"},"content":{"rendered":"<h3 style=\"text-align: center;\">Chefe do Executivo agradeceu aos profissionais pelo apoio e destacou a indica\u00e7\u00e3o acertada dos secret\u00e1rios de Obras e Planejamento<\/h3>\n<p>O prefeito da Est\u00e2ncia Tur\u00edstica de Barretos, Odair Silva, recebeu na manh\u00e3 desta sexta-feira, 31 de janeiro, a visita de representantes do Conselho Regional de Engenharia e Agronomia de S\u00e3o Paulo (CREA-SP) e da Casa dos Engenheiros &amp; Arquitetos de Barretos.<br \/>\nO chefe do executivo agradeceu aos profissionais pelo apoio recebido e destacou a indica\u00e7\u00e3o acertada dos secret\u00e1rios municipais de Obras e Servi\u00e7os Urbanos, Thiago Vasconcelos, e de Planejamento e Desenvolvimento Territorial, Andr\u00e9 Ponciano, que mediou o encontro.<br \/>\n\u201cAgora mais do que nunca, eu preciso de voc\u00eas, Barretos precisa de voc\u00eas. N\u00f3s queremos ouvi-los, queremos sugest\u00f5es e que voc\u00eas abracem essa causa, essa proposta de uma nova Barretos junto conosco. O Thiago e o Andr\u00e9 s\u00e3o dois engenheiros que est\u00e3o nos ajudando muito nesse momento. Eles t\u00eam sido muito importantes para a estabiliza\u00e7\u00e3o da gest\u00e3o. A gente tem avan\u00e7ado e eu devo muito \u00e0s indica\u00e7\u00f5es que voc\u00eas fizeram. Ent\u00e3o eu n\u00e3o posso deixar de aproveitar esse momento para deixar meu muito obrigado, voc\u00eas acertaram\u201d, disse Odair.<br \/>\nNa oportunidade, a engenheira qu\u00edmica Tatiane Brioli, gerente da 3\u00aa Regi\u00e3o do CREA-SP, convidou Odair Silva a renovar o termo de coopera\u00e7\u00e3o m\u00fatua entre a entidade e a Prefeitura de Barretos. Ela estava acompanhada do tecn\u00f3logo Gilmar Silva, chefe da Unidade de Gest\u00e3o e Inspetoria de Barretos. \u201cEsta \u00e9 uma equipe multidisciplinar que est\u00e1 pronta para atender o seu chamado de ajudar o munic\u00edpio de Barretos. Eu vejo que as frentes de trabalho dessa ajuda m\u00faltipla s\u00e3o in\u00fameras, porque a engenharia est\u00e1 em tudo que a gente v\u00ea\u201d, disse a engenheira.<br \/>\nDurante o encontro tamb\u00e9m foram discutidos projetos de moderniza\u00e7\u00e3o da infraestrutura urbana, aprimoramento de obras p\u00fablicas e amplia\u00e7\u00e3o da colabora\u00e7\u00e3o t\u00e9cnica entre o munic\u00edpio e as entidades representativas da engenharia e arquitetura.<br \/>\nPara Ponciano, o encontro \u00e9 importante para estreitar o relacionamento entre a Associa\u00e7\u00e3o, o CREA-SP e a Prefeitura. \u201cEu fiz essa convoca\u00e7\u00e3o em nome Planejamento exatamente para estreitar o relacionamento do CREA e da Associa\u00e7\u00e3o com a Prefeitura, porque n\u00f3s somos um, todos n\u00f3s trabalhamos juntos\u201d, completou.<br \/>\nSegundo o engenheiro civil Aguinaldo Tomazatti, a abertura que o prefeito deu aos profissionais fortalece a categoria. \u201cIsso veio nos fortalecer, nos engrandecer dentro de Barretos ap\u00f3s 50 anos da funda\u00e7\u00e3o da Associa\u00e7\u00e3o. Hoje, gra\u00e7as a voc\u00ea e a todos os profissionais indistintamente, estamos em um n\u00edvel bem melhor. Quero te agradecer e desejar sucesso em seu mandato, porque eu sei que voc\u00ea tem capacidade para isso. Profissionais bons voc\u00ea tem, todos aqui s\u00e3o seus amigos e estamos dispostos a te ajudar\u201d, comentou.<br \/>\nAl\u00e9m dos integrantes das duas entidades, a reuni\u00e3o contou com a participa\u00e7\u00e3o primeira-dama e presidente do Fundo Social de Solidariedade, Roselaine Silva, do chefe de gabinete Jhonatha Silva e das servidoras da Secretaria Municipal de Planejamento e Desenvolvimento Territorial, Patricia Bolsonaro Causim, engenheira de tr\u00e2nsito e respons\u00e1vel pelo Setor de Obras P\u00fablicas, e Marina Greve Cassiano, engenheira civil respons\u00e1vel geral do setor de Engenharia de Obras Particulares.<\/p>\n<p>Fotos: Tininho Jr.<\/p>\n","protected":false},"excerpt":{"rendered":"<p>Chefe do Executivo agradeceu aos profissionais pelo apoio e destacou<\/p>\n","protected":false},"author":2,"featured_media":114140,"comment_status":"open","ping_status":"open","sticky":false,"template":"","format":"standard","meta":{"footnotes":""},"categories":[14,3],"tags":[],"class_list":["post-114139","post","type-post","status-publish","format-standard","has-post-thumbnail","hentry","category-barretos","category-geral"],"yoast_head":"<!-- This site is optimized with the Yoast SEO plugin v27.4 - https:\/\/yoast.com\/product\/yoast-seo-wordpress\/ -->\n<title>Prefeito Odair Silva recebe representantes do CREA-SP e da Casa dos Engenheiros &amp; Arquitetos de Barretos - Regi\u00e3o News<\/title>\n<meta name=\"robots\" content=\"index, follow, max-snippet:-1, max-image-preview:large, max-video-preview:-1\" \/>\n<link rel=\"canonical\" href=\"https:\/\/regiaonews.net.br\/2022\/2025\/01\/31\/prefeito-odair-silva-recebe-representantes-do-crea-sp-e-da-casa-dos-engenheiros-arquitetos-de-barretos\/\" \/>\n<meta property=\"og:locale\" content=\"pt_BR\" \/>\n<meta property=\"og:type\" content=\"article\" \/>\n<meta property=\"og:title\" content=\"Prefeito Odair Silva recebe representantes do CREA-SP e da Casa dos Engenheiros &amp; Arquitetos de Barretos - Regi\u00e3o News\" \/>\n<meta property=\"og:description\" content=\"Chefe do Executivo agradeceu aos profissionais pelo apoio e destacou\" \/>\n<meta property=\"og:url\" content=\"https:\/\/regiaonews.net.br\/2022\/2025\/01\/31\/prefeito-odair-silva-recebe-representantes-do-crea-sp-e-da-casa-dos-engenheiros-arquitetos-de-barretos\/\" \/>\n<meta property=\"og:site_name\" content=\"Regi\u00e3o News\" \/>\n<meta property=\"article:published_time\" content=\"2025-01-31T19:43:17+00:00\" \/>\n<meta property=\"og:image\" content=\"https:\/\/regiaonews.net.br\/2022\/wp-content\/uploads\/2025\/01\/Imagem-do-WhatsApp-de-2025-01-31-as-15.11.28_a1f611af.jpg\" \/>\n\t<meta property=\"og:image:width\" content=\"1600\" \/>\n\t<meta property=\"og:image:height\" content=\"1069\" \/>\n\t<meta property=\"og:image:type\" content=\"image\/jpeg\" \/>\n<meta name=\"author\" content=\"Roberto\" \/>\n<meta name=\"twitter:card\" content=\"summary_large_image\" \/>\n<meta name=\"twitter:label1\" content=\"Escrito por\" \/>\n\t<meta name=\"twitter:data1\" content=\"Roberto\" \/>\n\t<meta name=\"twitter:label2\" content=\"Est. tempo de leitura\" \/>\n\t<meta name=\"twitter:data2\" content=\"3 minutos\" \/>\n<script type=\"application\/ld+json\" class=\"yoast-schema-graph\">{\"@context\":\"https:\\\/\\\/schema.org\",\"@graph\":[{\"@type\":\"Article\",\"@id\":\"https:\\\/\\\/regiaonews.net.br\\\/2022\\\/2025\\\/01\\\/31\\\/prefeito-odair-silva-recebe-representantes-do-crea-sp-e-da-casa-dos-engenheiros-arquitetos-de-barretos\\\/#article\",\"isPartOf\":{\"@id\":\"https:\\\/\\\/regiaonews.net.br\\\/2022\\\/2025\\\/01\\\/31\\\/prefeito-odair-silva-recebe-representantes-do-crea-sp-e-da-casa-dos-engenheiros-arquitetos-de-barretos\\\/\"},\"author\":{\"name\":\"Roberto\",\"@id\":\"https:\\\/\\\/regiaonews.net.br\\\/2022\\\/#\\\/schema\\\/person\\\/2d205a608a5aa97ac279d7a5e6d89ad8\"},\"headline\":\"Prefeito Odair Silva recebe representantes do CREA-SP e da Casa dos Engenheiros &#038; Arquitetos de Barretos\",\"datePublished\":\"2025-01-31T19:43:17+00:00\",\"mainEntityOfPage\":{\"@id\":\"https:\\\/\\\/regiaonews.net.br\\\/2022\\\/2025\\\/01\\\/31\\\/prefeito-odair-silva-recebe-representantes-do-crea-sp-e-da-casa-dos-engenheiros-arquitetos-de-barretos\\\/\"},\"wordCount\":577,\"commentCount\":0,\"publisher\":{\"@id\":\"https:\\\/\\\/regiaonews.net.br\\\/2022\\\/#organization\"},\"image\":{\"@id\":\"https:\\\/\\\/regiaonews.net.br\\\/2022\\\/2025\\\/01\\\/31\\\/prefeito-odair-silva-recebe-representantes-do-crea-sp-e-da-casa-dos-engenheiros-arquitetos-de-barretos\\\/#primaryimage\"},\"thumbnailUrl\":\"https:\\\/\\\/regiaonews.net.br\\\/2022\\\/wp-content\\\/uploads\\\/2025\\\/01\\\/Imagem-do-WhatsApp-de-2025-01-31-as-15.11.28_a1f611af.jpg\",\"articleSection\":[\"Barretos\",\"Geral\"],\"inLanguage\":\"pt-BR\",\"potentialAction\":[{\"@type\":\"CommentAction\",\"name\":\"Comment\",\"target\":[\"https:\\\/\\\/regiaonews.net.br\\\/2022\\\/2025\\\/01\\\/31\\\/prefeito-odair-silva-recebe-representantes-do-crea-sp-e-da-casa-dos-engenheiros-arquitetos-de-barretos\\\/#respond\"]}]},{\"@type\":\"WebPage\",\"@id\":\"https:\\\/\\\/regiaonews.net.br\\\/2022\\\/2025\\\/01\\\/31\\\/prefeito-odair-silva-recebe-representantes-do-crea-sp-e-da-casa-dos-engenheiros-arquitetos-de-barretos\\\/\",\"url\":\"https:\\\/\\\/regiaonews.net.br\\\/2022\\\/2025\\\/01\\\/31\\\/prefeito-odair-silva-recebe-representantes-do-crea-sp-e-da-casa-dos-engenheiros-arquitetos-de-barretos\\\/\",\"name\":\"Prefeito Odair Silva recebe representantes do CREA-SP e da Casa dos Engenheiros & Arquitetos de Barretos - Regi\u00e3o News\",\"isPartOf\":{\"@id\":\"https:\\\/\\\/regiaonews.net.br\\\/2022\\\/#website\"},\"primaryImageOfPage\":{\"@id\":\"https:\\\/\\\/regiaonews.net.br\\\/2022\\\/2025\\\/01\\\/31\\\/prefeito-odair-silva-recebe-representantes-do-crea-sp-e-da-casa-dos-engenheiros-arquitetos-de-barretos\\\/#primaryimage\"},\"image\":{\"@id\":\"https:\\\/\\\/regiaonews.net.br\\\/2022\\\/2025\\\/01\\\/31\\\/prefeito-odair-silva-recebe-representantes-do-crea-sp-e-da-casa-dos-engenheiros-arquitetos-de-barretos\\\/#primaryimage\"},\"thumbnailUrl\":\"https:\\\/\\\/regiaonews.net.br\\\/2022\\\/wp-content\\\/uploads\\\/2025\\\/01\\\/Imagem-do-WhatsApp-de-2025-01-31-as-15.11.28_a1f611af.jpg\",\"datePublished\":\"2025-01-31T19:43:17+00:00\",\"breadcrumb\":{\"@id\":\"https:\\\/\\\/regiaonews.net.br\\\/2022\\\/2025\\\/01\\\/31\\\/prefeito-odair-silva-recebe-representantes-do-crea-sp-e-da-casa-dos-engenheiros-arquitetos-de-barretos\\\/#breadcrumb\"},\"inLanguage\":\"pt-BR\",\"potentialAction\":[{\"@type\":\"ReadAction\",\"target\":[\"https:\\\/\\\/regiaonews.net.br\\\/2022\\\/2025\\\/01\\\/31\\\/prefeito-odair-silva-recebe-representantes-do-crea-sp-e-da-casa-dos-engenheiros-arquitetos-de-barretos\\\/\"]}]},{\"@type\":\"ImageObject\",\"inLanguage\":\"pt-BR\",\"@id\":\"https:\\\/\\\/regiaonews.net.br\\\/2022\\\/2025\\\/01\\\/31\\\/prefeito-odair-silva-recebe-representantes-do-crea-sp-e-da-casa-dos-engenheiros-arquitetos-de-barretos\\\/#primaryimage\",\"url\":\"https:\\\/\\\/regiaonews.net.br\\\/2022\\\/wp-content\\\/uploads\\\/2025\\\/01\\\/Imagem-do-WhatsApp-de-2025-01-31-as-15.11.28_a1f611af.jpg\",\"contentUrl\":\"https:\\\/\\\/regiaonews.net.br\\\/2022\\\/wp-content\\\/uploads\\\/2025\\\/01\\\/Imagem-do-WhatsApp-de-2025-01-31-as-15.11.28_a1f611af.jpg\",\"width\":1600,\"height\":1069},{\"@type\":\"BreadcrumbList\",\"@id\":\"https:\\\/\\\/regiaonews.net.br\\\/2022\\\/2025\\\/01\\\/31\\\/prefeito-odair-silva-recebe-representantes-do-crea-sp-e-da-casa-dos-engenheiros-arquitetos-de-barretos\\\/#breadcrumb\",\"itemListElement\":[{\"@type\":\"ListItem\",\"position\":1,\"name\":\"In\u00edcio\",\"item\":\"https:\\\/\\\/regiaonews.net.br\\\/2022\\\/\"},{\"@type\":\"ListItem\",\"position\":2,\"name\":\"Prefeito Odair Silva recebe representantes do CREA-SP e da Casa dos Engenheiros &#038; Arquitetos de Barretos\"}]},{\"@type\":\"WebSite\",\"@id\":\"https:\\\/\\\/regiaonews.net.br\\\/2022\\\/#website\",\"url\":\"https:\\\/\\\/regiaonews.net.br\\\/2022\\\/\",\"name\":\"Regi\u00e3o News\",\"description\":\"Site de Not\u00edcias de Barretos e regi\u00e3o\",\"publisher\":{\"@id\":\"https:\\\/\\\/regiaonews.net.br\\\/2022\\\/#organization\"},\"potentialAction\":[{\"@type\":\"SearchAction\",\"target\":{\"@type\":\"EntryPoint\",\"urlTemplate\":\"https:\\\/\\\/regiaonews.net.br\\\/2022\\\/?s={search_term_string}\"},\"query-input\":{\"@type\":\"PropertyValueSpecification\",\"valueRequired\":true,\"valueName\":\"search_term_string\"}}],\"inLanguage\":\"pt-BR\"},{\"@type\":\"Organization\",\"@id\":\"https:\\\/\\\/regiaonews.net.br\\\/2022\\\/#organization\",\"name\":\"Regi\u00e3o News\",\"url\":\"https:\\\/\\\/regiaonews.net.br\\\/2022\\\/\",\"logo\":{\"@type\":\"ImageObject\",\"inLanguage\":\"pt-BR\",\"@id\":\"https:\\\/\\\/regiaonews.net.br\\\/2022\\\/#\\\/schema\\\/logo\\\/image\\\/\",\"url\":\"https:\\\/\\\/regiaonews.net.br\\\/2022\\\/wp-content\\\/uploads\\\/2026\\\/03\\\/regiao-13-anos-scaled.jpg\",\"contentUrl\":\"https:\\\/\\\/regiaonews.net.br\\\/2022\\\/wp-content\\\/uploads\\\/2026\\\/03\\\/regiao-13-anos-scaled.jpg\",\"width\":2560,\"height\":635,\"caption\":\"Regi\u00e3o News\"},\"image\":{\"@id\":\"https:\\\/\\\/regiaonews.net.br\\\/2022\\\/#\\\/schema\\\/logo\\\/image\\\/\"}},{\"@type\":\"Person\",\"@id\":\"https:\\\/\\\/regiaonews.net.br\\\/2022\\\/#\\\/schema\\\/person\\\/2d205a608a5aa97ac279d7a5e6d89ad8\",\"name\":\"Roberto\",\"image\":{\"@type\":\"ImageObject\",\"inLanguage\":\"pt-BR\",\"@id\":\"https:\\\/\\\/secure.gravatar.com\\\/avatar\\\/42749d8b712ff9d59ca93dc150494e5b55a44134482993f5baeb97e61b7ecc89?s=96&d=mm&r=g\",\"url\":\"https:\\\/\\\/secure.gravatar.com\\\/avatar\\\/42749d8b712ff9d59ca93dc150494e5b55a44134482993f5baeb97e61b7ecc89?s=96&d=mm&r=g\",\"contentUrl\":\"https:\\\/\\\/secure.gravatar.com\\\/avatar\\\/42749d8b712ff9d59ca93dc150494e5b55a44134482993f5baeb97e61b7ecc89?s=96&d=mm&r=g\",\"caption\":\"Roberto\"},\"url\":\"https:\\\/\\\/regiaonews.net.br\\\/2022\\\/author\\\/roberto\\\/\"}]}<\/script>\n<!-- \/ Yoast SEO plugin. -->","yoast_head_json":{"title":"Prefeito Odair Silva recebe representantes do CREA-SP e da Casa dos Engenheiros & Arquitetos de Barretos - Regi\u00e3o News","robots":{"index":"index","follow":"follow","max-snippet":"max-snippet:-1","max-image-preview":"max-image-preview:large","max-video-preview":"max-video-preview:-1"},"canonical":"https:\/\/regiaonews.net.br\/2022\/2025\/01\/31\/prefeito-odair-silva-recebe-representantes-do-crea-sp-e-da-casa-dos-engenheiros-arquitetos-de-barretos\/","og_locale":"pt_BR","og_type":"article","og_title":"Prefeito Odair Silva recebe representantes do CREA-SP e da Casa dos Engenheiros & Arquitetos de Barretos - Regi\u00e3o News","og_description":"Chefe do Executivo agradeceu aos profissionais pelo apoio e destacou","og_url":"https:\/\/regiaonews.net.br\/2022\/2025\/01\/31\/prefeito-odair-silva-recebe-representantes-do-crea-sp-e-da-casa-dos-engenheiros-arquitetos-de-barretos\/","og_site_name":"Regi\u00e3o News","article_published_time":"2025-01-31T19:43:17+00:00","og_image":[{"width":1600,"height":1069,"url":"https:\/\/regiaonews.net.br\/2022\/wp-content\/uploads\/2025\/01\/Imagem-do-WhatsApp-de-2025-01-31-as-15.11.28_a1f611af.jpg","type":"image\/jpeg"}],"author":"Roberto","twitter_card":"summary_large_image","twitter_misc":{"Escrito por":"Roberto","Est. tempo de leitura":"3 minutos"},"schema":{"@context":"https:\/\/schema.org","@graph":[{"@type":"Article","@id":"https:\/\/regiaonews.net.br\/2022\/2025\/01\/31\/prefeito-odair-silva-recebe-representantes-do-crea-sp-e-da-casa-dos-engenheiros-arquitetos-de-barretos\/#article","isPartOf":{"@id":"https:\/\/regiaonews.net.br\/2022\/2025\/01\/31\/prefeito-odair-silva-recebe-representantes-do-crea-sp-e-da-casa-dos-engenheiros-arquitetos-de-barretos\/"},"author":{"name":"Roberto","@id":"https:\/\/regiaonews.net.br\/2022\/#\/schema\/person\/2d205a608a5aa97ac279d7a5e6d89ad8"},"headline":"Prefeito Odair Silva recebe representantes do CREA-SP e da Casa dos Engenheiros &#038; Arquitetos de Barretos","datePublished":"2025-01-31T19:43:17+00:00","mainEntityOfPage":{"@id":"https:\/\/regiaonews.net.br\/2022\/2025\/01\/31\/prefeito-odair-silva-recebe-representantes-do-crea-sp-e-da-casa-dos-engenheiros-arquitetos-de-barretos\/"},"wordCount":577,"commentCount":0,"publisher":{"@id":"https:\/\/regiaonews.net.br\/2022\/#organization"},"image":{"@id":"https:\/\/regiaonews.net.br\/2022\/2025\/01\/31\/prefeito-odair-silva-recebe-representantes-do-crea-sp-e-da-casa-dos-engenheiros-arquitetos-de-barretos\/#primaryimage"},"thumbnailUrl":"https:\/\/regiaonews.net.br\/2022\/wp-content\/uploads\/2025\/01\/Imagem-do-WhatsApp-de-2025-01-31-as-15.11.28_a1f611af.jpg","articleSection":["Barretos","Geral"],"inLanguage":"pt-BR","potentialAction":[{"@type":"CommentAction","name":"Comment","target":["https:\/\/regiaonews.net.br\/2022\/2025\/01\/31\/prefeito-odair-silva-recebe-representantes-do-crea-sp-e-da-casa-dos-engenheiros-arquitetos-de-barretos\/#respond"]}]},{"@type":"WebPage","@id":"https:\/\/regiaonews.net.br\/2022\/2025\/01\/31\/prefeito-odair-silva-recebe-representantes-do-crea-sp-e-da-casa-dos-engenheiros-arquitetos-de-barretos\/","url":"https:\/\/regiaonews.net.br\/2022\/2025\/01\/31\/prefeito-odair-silva-recebe-representantes-do-crea-sp-e-da-casa-dos-engenheiros-arquitetos-de-barretos\/","name":"Prefeito Odair Silva recebe representantes do CREA-SP e da Casa dos Engenheiros & Arquitetos de Barretos - Regi\u00e3o News","isPartOf":{"@id":"https:\/\/regiaonews.net.br\/2022\/#website"},"primaryImageOfPage":{"@id":"https:\/\/regiaonews.net.br\/2022\/2025\/01\/31\/prefeito-odair-silva-recebe-representantes-do-crea-sp-e-da-casa-dos-engenheiros-arquitetos-de-barretos\/#primaryimage"},"image":{"@id":"https:\/\/regiaonews.net.br\/2022\/2025\/01\/31\/prefeito-odair-silva-recebe-representantes-do-crea-sp-e-da-casa-dos-engenheiros-arquitetos-de-barretos\/#primaryimage"},"thumbnailUrl":"https:\/\/regiaonews.net.br\/2022\/wp-content\/uploads\/2025\/01\/Imagem-do-WhatsApp-de-2025-01-31-as-15.11.28_a1f611af.jpg","datePublished":"2025-01-31T19:43:17+00:00","breadcrumb":{"@id":"https:\/\/regiaonews.net.br\/2022\/2025\/01\/31\/prefeito-odair-silva-recebe-representantes-do-crea-sp-e-da-casa-dos-engenheiros-arquitetos-de-barretos\/#breadcrumb"},"inLanguage":"pt-BR","potentialAction":[{"@type":"ReadAction","target":["https:\/\/regiaonews.net.br\/2022\/2025\/01\/31\/prefeito-odair-silva-recebe-representantes-do-crea-sp-e-da-casa-dos-engenheiros-arquitetos-de-barretos\/"]}]},{"@type":"ImageObject","inLanguage":"pt-BR","@id":"https:\/\/regiaonews.net.br\/2022\/2025\/01\/31\/prefeito-odair-silva-recebe-representantes-do-crea-sp-e-da-casa-dos-engenheiros-arquitetos-de-barretos\/#primaryimage","url":"https:\/\/regiaonews.net.br\/2022\/wp-content\/uploads\/2025\/01\/Imagem-do-WhatsApp-de-2025-01-31-as-15.11.28_a1f611af.jpg","contentUrl":"https:\/\/regiaonews.net.br\/2022\/wp-content\/uploads\/2025\/01\/Imagem-do-WhatsApp-de-2025-01-31-as-15.11.28_a1f611af.jpg","width":1600,"height":1069},{"@type":"BreadcrumbList","@id":"https:\/\/regiaonews.net.br\/2022\/2025\/01\/31\/prefeito-odair-silva-recebe-representantes-do-crea-sp-e-da-casa-dos-engenheiros-arquitetos-de-barretos\/#breadcrumb","itemListElement":[{"@type":"ListItem","position":1,"name":"In\u00edcio","item":"https:\/\/regiaonews.net.br\/2022\/"},{"@type":"ListItem","position":2,"name":"Prefeito Odair Silva recebe representantes do CREA-SP e da Casa dos Engenheiros &#038; Arquitetos de Barretos"}]},{"@type":"WebSite","@id":"https:\/\/regiaonews.net.br\/2022\/#website","url":"https:\/\/regiaonews.net.br\/2022\/","name":"Regi\u00e3o News","description":"Site de Not\u00edcias de Barretos e regi\u00e3o","publisher":{"@id":"https:\/\/regiaonews.net.br\/2022\/#organization"},"potentialAction":[{"@type":"SearchAction","target":{"@type":"EntryPoint","urlTemplate":"https:\/\/regiaonews.net.br\/2022\/?s={search_term_string}"},"query-input":{"@type":"PropertyValueSpecification","valueRequired":true,"valueName":"search_term_string"}}],"inLanguage":"pt-BR"},{"@type":"Organization","@id":"https:\/\/regiaonews.net.br\/2022\/#organization","name":"Regi\u00e3o News","url":"https:\/\/regiaonews.net.br\/2022\/","logo":{"@type":"ImageObject","inLanguage":"pt-BR","@id":"https:\/\/regiaonews.net.br\/2022\/#\/schema\/logo\/image\/","url":"https:\/\/regiaonews.net.br\/2022\/wp-content\/uploads\/2026\/03\/regiao-13-anos-scaled.jpg","contentUrl":"https:\/\/regiaonews.net.br\/2022\/wp-content\/uploads\/2026\/03\/regiao-13-anos-scaled.jpg","width":2560,"height":635,"caption":"Regi\u00e3o News"},"image":{"@id":"https:\/\/regiaonews.net.br\/2022\/#\/schema\/logo\/image\/"}},{"@type":"Person","@id":"https:\/\/regiaonews.net.br\/2022\/#\/schema\/person\/2d205a608a5aa97ac279d7a5e6d89ad8","name":"Roberto","image":{"@type":"ImageObject","inLanguage":"pt-BR","@id":"https:\/\/secure.gravatar.com\/avatar\/42749d8b712ff9d59ca93dc150494e5b55a44134482993f5baeb97e61b7ecc89?s=96&d=mm&r=g","url":"https:\/\/secure.gravatar.com\/avatar\/42749d8b712ff9d59ca93dc150494e5b55a44134482993f5baeb97e61b7ecc89?s=96&d=mm&r=g","contentUrl":"https:\/\/secure.gravatar.com\/avatar\/42749d8b712ff9d59ca93dc150494e5b55a44134482993f5baeb97e61b7ecc89?s=96&d=mm&r=g","caption":"Roberto"},"url":"https:\/\/regiaonews.net.br\/2022\/author\/roberto\/"}]}},"publishpress_future_action":{"enabled":false,"date":"2026-05-02 05:35:00","action":"change-status","newStatus":"draft","terms":[],"taxonomy":"category","extraData":[]},"publishpress_future_workflow_manual_trigger":{"enabledWorkflows":[]},"_links":{"self":[{"href":"https:\/\/regiaonews.net.br\/2022\/wp-json\/wp\/v2\/posts\/114139","targetHints":{"allow":["GET"]}}],"collection":[{"href":"https:\/\/regiaonews.net.br\/2022\/wp-json\/wp\/v2\/posts"}],"about":[{"href":"https:\/\/regiaonews.net.br\/2022\/wp-json\/wp\/v2\/types\/post"}],"author":[{"embeddable":true,"href":"https:\/\/regiaonews.net.br\/2022\/wp-json\/wp\/v2\/users\/2"}],"replies":[{"embeddable":true,"href":"https:\/\/regiaonews.net.br\/2022\/wp-json\/wp\/v2\/comments?post=114139"}],"version-history":[{"count":1,"href":"https:\/\/regiaonews.net.br\/2022\/wp-json\/wp\/v2\/posts\/114139\/revisions"}],"predecessor-version":[{"id":114141,"href":"https:\/\/regiaonews.net.br\/2022\/wp-json\/wp\/v2\/posts\/114139\/revisions\/114141"}],"wp:featuredmedia":[{"embeddable":true,"href":"https:\/\/regiaonews.net.br\/2022\/wp-json\/wp\/v2\/media\/114140"}],"wp:attachment":[{"href":"https:\/\/regiaonews.net.br\/2022\/wp-json\/wp\/v2\/media?parent=114139"}],"wp:term":[{"taxonomy":"category","embeddable":true,"href":"https:\/\/regiaonews.net.br\/2022\/wp-json\/wp\/v2\/categories?post=114139"},{"taxonomy":"post_tag","embeddable":true,"href":"https:\/\/regiaonews.net.br\/2022\/wp-json\/wp\/v2\/tags?post=114139"}],"curies":[{"name":"wp","href":"https:\/\/api.w.org\/{rel}","templated":true}]}}