{"id":114087,"date":"2025-01-30T17:07:12","date_gmt":"2025-01-30T20:07:12","guid":{"rendered":"https:\/\/regiaonews.net.br\/2022\/?p=114087"},"modified":"2025-01-30T17:07:12","modified_gmt":"2025-01-30T20:07:12","slug":"centro-municipal-de-medicina-veterinaria-amplia-atendimento-clinico-para-tutores-que-apresentarem-comprovante-de-adocao-emitido-por-entidades-de-protecao-dos-animais","status":"publish","type":"post","link":"https:\/\/regiaonews.net.br\/2022\/2025\/01\/30\/centro-municipal-de-medicina-veterinaria-amplia-atendimento-clinico-para-tutores-que-apresentarem-comprovante-de-adocao-emitido-por-entidades-de-protecao-dos-animais\/","title":{"rendered":"Centro Municipal de Medicina Veterin\u00e1ria amplia atendimento cl\u00ednico para tutores que apresentarem comprovante de ado\u00e7\u00e3o emitido por entidades de prote\u00e7\u00e3o dos animais"},"content":{"rendered":"<h3 style=\"text-align: center;\">At\u00e9 ent\u00e3o, servi\u00e7o era destinado \u00e0s pessoas de baixa renda cadastradas em programas sociais; castra\u00e7\u00f5es continuam sendo oferecidas para toda a popula\u00e7\u00e3o mediante agendamento<\/h3>\n<p>A Prefeitura da Est\u00e2ncia Tur\u00edstica de Barretos, por meio da Secretaria Municipal de Agricultura, Meio Ambiente e Sustentabilidade, informa que os atendimentos do Centro Municipal de Medicina Veterin\u00e1ria e Cl\u00ednica Veterin\u00e1ria de Pequenas Cirurgias \u201cS\u00e3o Francisco de Assis\u201d ser\u00e3o ampliados para tutores que apresentarem o comprovante de ado\u00e7\u00e3o de c\u00e3es e gatos fornecidos por entidades de prote\u00e7\u00e3o dos animais credenciadas.<br \/>\nO an\u00fancio foi feito na tarde de ter\u00e7a-feira, 28 de janeiro, durante visita do Secret\u00e1rio de Agricultura, Meio Ambiente e Sustentabilidade, Marcelo Jamal. Ele estava acompanhado do vereador Itamar Alves, respons\u00e1vel por levar a demanda ao conhecimento do Executivo.<br \/>\n\u201cEu queria agradecer ao vereador Itamar por ter trazido essa demanda de uma forma espont\u00e2nea, que n\u00f3s acatamos e levamos para o nosso prefeito Odair. Uma das miss\u00f5es que ele nos passou \u00e9 a de tratar bem e dar toda dignidade para os animais. As ideias boas t\u00eam de ser levadas adiante e executadas\u201d, disse Jamal.<br \/>\nAt\u00e9 ent\u00e3o, o Centro Veterin\u00e1rio realizava consultas cl\u00ednicas agendadas e cirurgias de baixa complexidade apenas para a popula\u00e7\u00e3o de baixa renda cadastrada em programas sociais. J\u00e1 a castra\u00e7\u00e3o de c\u00e3es e gatos \u00e9 oferecida a toda a popula\u00e7\u00e3o, sem necessidade de comprova\u00e7\u00e3o de renda, mediante agendamento pr\u00e9vio, exceto para c\u00e3es braquicef\u00e1licos, aqueles com focinhos curtos e cabe\u00e7as achatadas.<br \/>\nO vereador Itamar Alves contou que a iniciativa partiu da solicita\u00e7\u00e3o de uma mun\u00edcipe. \u201cUma mun\u00edcipe entrou em contato comigo e explicou os crit\u00e9rios de atendimento aqui do Centro Veterin\u00e1rio. Ela sugeriu que quem adotasse um animalzinho tamb\u00e9m pudesse ser atendido dentro das fun\u00e7\u00f5es que hoje eles executam. Falei com o nosso secret\u00e1rio, que levou a sugest\u00e3o ao Odair, nosso prefeito, que prontamente entendeu a import\u00e2ncia dessa nova demanda e nos atendeu.\u201d, explicou.<br \/>\nCentro Veterin\u00e1rio em n\u00fameros<br \/>\nAo longo do ano 2024 foram efetuadas 2.281 consultas e 1.495 castra\u00e7\u00f5es, al\u00e9m da aplica\u00e7\u00e3o de 1.616 doses da vacina antirr\u00e1bica no espa\u00e7o. \u201cO Centro Veterin\u00e1rio, no per\u00edodo de janeiro e dezembro de 2024, realizou atendimentos a toda popula\u00e7\u00e3o, com vacina\u00e7\u00e3o antirr\u00e1bica, consultas cl\u00ednicas e cir\u00fargicas, cirurgias como castra\u00e7\u00f5es, nodulectomia, feridas abertas, enuclea\u00e7\u00e3o, ces\u00e1rea, esplenectomia, laparotomia explorat\u00f3ria, entre outros\u201d, destacou o coordenador Edgar das Chagas Cataldo.<br \/>\nTamb\u00e9m participaram do encontro o veterin\u00e1rio Giancarlo Martinezzi e as estagi\u00e1rias Marcela Suleiman, Ana Lu\u00edsa Pomini e Camila Ven\u00e2ncio.<br \/>\nCadastro de Protetores<br \/>\nO coordenador orienta os protetores de animais da cidade, que abrigam e promovem a ado\u00e7\u00e3o de c\u00e3es e gatos, a realizarem o credenciamento de suas entidades e Organiza\u00e7\u00f5es N\u00e3o Governamentais (ONGs) no Centro Veterin\u00e1rio, para maior controle e transpar\u00eancia nos atendimentos prestados aos adotantes.<br \/>\nO Centro Veterin\u00e1rio est\u00e1 localizado na Avenida 15, 326, no centro, e funciona de segunda a sexta-feira, das 8h \u00e0s 16h. Mais informa\u00e7\u00f5es podem ser obtidas pelo telefone (17) 3612-2541 ou pelo WhatsApp (17) 98220-1313.<\/p>\n<p>Fotos: Tininho Jr.<\/p>\n","protected":false},"excerpt":{"rendered":"<p>At\u00e9 ent\u00e3o, servi\u00e7o era destinado \u00e0s pessoas de baixa renda<\/p>\n","protected":false},"author":2,"featured_media":114088,"comment_status":"open","ping_status":"open","sticky":false,"template":"","format":"standard","meta":{"footnotes":""},"categories":[14,3],"tags":[],"class_list":["post-114087","post","type-post","status-publish","format-standard","has-post-thumbnail","hentry","category-barretos","category-geral"],"yoast_head":"<!-- This site is optimized with the Yoast SEO plugin v27.4 - https:\/\/yoast.com\/product\/yoast-seo-wordpress\/ -->\n<title>Centro Municipal de Medicina Veterin\u00e1ria amplia atendimento cl\u00ednico para tutores que apresentarem comprovante de ado\u00e7\u00e3o emitido por entidades de prote\u00e7\u00e3o dos animais - Regi\u00e3o News<\/title>\n<meta name=\"robots\" content=\"index, follow, max-snippet:-1, max-image-preview:large, max-video-preview:-1\" \/>\n<link rel=\"canonical\" href=\"https:\/\/regiaonews.net.br\/2022\/2025\/01\/30\/centro-municipal-de-medicina-veterinaria-amplia-atendimento-clinico-para-tutores-que-apresentarem-comprovante-de-adocao-emitido-por-entidades-de-protecao-dos-animais\/\" \/>\n<meta property=\"og:locale\" content=\"pt_BR\" \/>\n<meta property=\"og:type\" content=\"article\" \/>\n<meta property=\"og:title\" content=\"Centro Municipal de Medicina Veterin\u00e1ria amplia atendimento cl\u00ednico para tutores que apresentarem comprovante de ado\u00e7\u00e3o emitido por entidades de prote\u00e7\u00e3o dos animais - Regi\u00e3o News\" \/>\n<meta property=\"og:description\" content=\"At\u00e9 ent\u00e3o, servi\u00e7o era destinado \u00e0s pessoas de baixa renda\" \/>\n<meta property=\"og:url\" content=\"https:\/\/regiaonews.net.br\/2022\/2025\/01\/30\/centro-municipal-de-medicina-veterinaria-amplia-atendimento-clinico-para-tutores-que-apresentarem-comprovante-de-adocao-emitido-por-entidades-de-protecao-dos-animais\/\" \/>\n<meta property=\"og:site_name\" content=\"Regi\u00e3o News\" \/>\n<meta property=\"article:published_time\" content=\"2025-01-30T20:07:12+00:00\" \/>\n<meta property=\"og:image\" content=\"https:\/\/regiaonews.net.br\/2022\/wp-content\/uploads\/2025\/01\/Imagem-do-WhatsApp-de-2025-01-30-as-16.26.53_3baa243c.jpg\" \/>\n\t<meta property=\"og:image:width\" content=\"1600\" \/>\n\t<meta property=\"og:image:height\" content=\"1069\" \/>\n\t<meta property=\"og:image:type\" content=\"image\/jpeg\" \/>\n<meta name=\"author\" content=\"Roberto\" \/>\n<meta name=\"twitter:card\" content=\"summary_large_image\" \/>\n<meta name=\"twitter:label1\" content=\"Escrito por\" \/>\n\t<meta name=\"twitter:data1\" content=\"Roberto\" \/>\n\t<meta name=\"twitter:label2\" content=\"Est. tempo de leitura\" \/>\n\t<meta name=\"twitter:data2\" content=\"3 minutos\" \/>\n<script type=\"application\/ld+json\" class=\"yoast-schema-graph\">{\"@context\":\"https:\\\/\\\/schema.org\",\"@graph\":[{\"@type\":\"Article\",\"@id\":\"https:\\\/\\\/regiaonews.net.br\\\/2022\\\/2025\\\/01\\\/30\\\/centro-municipal-de-medicina-veterinaria-amplia-atendimento-clinico-para-tutores-que-apresentarem-comprovante-de-adocao-emitido-por-entidades-de-protecao-dos-animais\\\/#article\",\"isPartOf\":{\"@id\":\"https:\\\/\\\/regiaonews.net.br\\\/2022\\\/2025\\\/01\\\/30\\\/centro-municipal-de-medicina-veterinaria-amplia-atendimento-clinico-para-tutores-que-apresentarem-comprovante-de-adocao-emitido-por-entidades-de-protecao-dos-animais\\\/\"},\"author\":{\"name\":\"Roberto\",\"@id\":\"https:\\\/\\\/regiaonews.net.br\\\/2022\\\/#\\\/schema\\\/person\\\/2d205a608a5aa97ac279d7a5e6d89ad8\"},\"headline\":\"Centro Municipal de Medicina Veterin\u00e1ria amplia atendimento cl\u00ednico para tutores que apresentarem comprovante de ado\u00e7\u00e3o emitido por entidades de prote\u00e7\u00e3o dos animais\",\"datePublished\":\"2025-01-30T20:07:12+00:00\",\"mainEntityOfPage\":{\"@id\":\"https:\\\/\\\/regiaonews.net.br\\\/2022\\\/2025\\\/01\\\/30\\\/centro-municipal-de-medicina-veterinaria-amplia-atendimento-clinico-para-tutores-que-apresentarem-comprovante-de-adocao-emitido-por-entidades-de-protecao-dos-animais\\\/\"},\"wordCount\":573,\"commentCount\":0,\"publisher\":{\"@id\":\"https:\\\/\\\/regiaonews.net.br\\\/2022\\\/#organization\"},\"image\":{\"@id\":\"https:\\\/\\\/regiaonews.net.br\\\/2022\\\/2025\\\/01\\\/30\\\/centro-municipal-de-medicina-veterinaria-amplia-atendimento-clinico-para-tutores-que-apresentarem-comprovante-de-adocao-emitido-por-entidades-de-protecao-dos-animais\\\/#primaryimage\"},\"thumbnailUrl\":\"https:\\\/\\\/regiaonews.net.br\\\/2022\\\/wp-content\\\/uploads\\\/2025\\\/01\\\/Imagem-do-WhatsApp-de-2025-01-30-as-16.26.53_3baa243c.jpg\",\"articleSection\":[\"Barretos\",\"Geral\"],\"inLanguage\":\"pt-BR\",\"potentialAction\":[{\"@type\":\"CommentAction\",\"name\":\"Comment\",\"target\":[\"https:\\\/\\\/regiaonews.net.br\\\/2022\\\/2025\\\/01\\\/30\\\/centro-municipal-de-medicina-veterinaria-amplia-atendimento-clinico-para-tutores-que-apresentarem-comprovante-de-adocao-emitido-por-entidades-de-protecao-dos-animais\\\/#respond\"]}]},{\"@type\":\"WebPage\",\"@id\":\"https:\\\/\\\/regiaonews.net.br\\\/2022\\\/2025\\\/01\\\/30\\\/centro-municipal-de-medicina-veterinaria-amplia-atendimento-clinico-para-tutores-que-apresentarem-comprovante-de-adocao-emitido-por-entidades-de-protecao-dos-animais\\\/\",\"url\":\"https:\\\/\\\/regiaonews.net.br\\\/2022\\\/2025\\\/01\\\/30\\\/centro-municipal-de-medicina-veterinaria-amplia-atendimento-clinico-para-tutores-que-apresentarem-comprovante-de-adocao-emitido-por-entidades-de-protecao-dos-animais\\\/\",\"name\":\"Centro Municipal de Medicina Veterin\u00e1ria amplia atendimento cl\u00ednico para tutores que apresentarem comprovante de ado\u00e7\u00e3o emitido por entidades de prote\u00e7\u00e3o dos animais - Regi\u00e3o News\",\"isPartOf\":{\"@id\":\"https:\\\/\\\/regiaonews.net.br\\\/2022\\\/#website\"},\"primaryImageOfPage\":{\"@id\":\"https:\\\/\\\/regiaonews.net.br\\\/2022\\\/2025\\\/01\\\/30\\\/centro-municipal-de-medicina-veterinaria-amplia-atendimento-clinico-para-tutores-que-apresentarem-comprovante-de-adocao-emitido-por-entidades-de-protecao-dos-animais\\\/#primaryimage\"},\"image\":{\"@id\":\"https:\\\/\\\/regiaonews.net.br\\\/2022\\\/2025\\\/01\\\/30\\\/centro-municipal-de-medicina-veterinaria-amplia-atendimento-clinico-para-tutores-que-apresentarem-comprovante-de-adocao-emitido-por-entidades-de-protecao-dos-animais\\\/#primaryimage\"},\"thumbnailUrl\":\"https:\\\/\\\/regiaonews.net.br\\\/2022\\\/wp-content\\\/uploads\\\/2025\\\/01\\\/Imagem-do-WhatsApp-de-2025-01-30-as-16.26.53_3baa243c.jpg\",\"datePublished\":\"2025-01-30T20:07:12+00:00\",\"breadcrumb\":{\"@id\":\"https:\\\/\\\/regiaonews.net.br\\\/2022\\\/2025\\\/01\\\/30\\\/centro-municipal-de-medicina-veterinaria-amplia-atendimento-clinico-para-tutores-que-apresentarem-comprovante-de-adocao-emitido-por-entidades-de-protecao-dos-animais\\\/#breadcrumb\"},\"inLanguage\":\"pt-BR\",\"potentialAction\":[{\"@type\":\"ReadAction\",\"target\":[\"https:\\\/\\\/regiaonews.net.br\\\/2022\\\/2025\\\/01\\\/30\\\/centro-municipal-de-medicina-veterinaria-amplia-atendimento-clinico-para-tutores-que-apresentarem-comprovante-de-adocao-emitido-por-entidades-de-protecao-dos-animais\\\/\"]}]},{\"@type\":\"ImageObject\",\"inLanguage\":\"pt-BR\",\"@id\":\"https:\\\/\\\/regiaonews.net.br\\\/2022\\\/2025\\\/01\\\/30\\\/centro-municipal-de-medicina-veterinaria-amplia-atendimento-clinico-para-tutores-que-apresentarem-comprovante-de-adocao-emitido-por-entidades-de-protecao-dos-animais\\\/#primaryimage\",\"url\":\"https:\\\/\\\/regiaonews.net.br\\\/2022\\\/wp-content\\\/uploads\\\/2025\\\/01\\\/Imagem-do-WhatsApp-de-2025-01-30-as-16.26.53_3baa243c.jpg\",\"contentUrl\":\"https:\\\/\\\/regiaonews.net.br\\\/2022\\\/wp-content\\\/uploads\\\/2025\\\/01\\\/Imagem-do-WhatsApp-de-2025-01-30-as-16.26.53_3baa243c.jpg\",\"width\":1600,\"height\":1069},{\"@type\":\"BreadcrumbList\",\"@id\":\"https:\\\/\\\/regiaonews.net.br\\\/2022\\\/2025\\\/01\\\/30\\\/centro-municipal-de-medicina-veterinaria-amplia-atendimento-clinico-para-tutores-que-apresentarem-comprovante-de-adocao-emitido-por-entidades-de-protecao-dos-animais\\\/#breadcrumb\",\"itemListElement\":[{\"@type\":\"ListItem\",\"position\":1,\"name\":\"In\u00edcio\",\"item\":\"https:\\\/\\\/regiaonews.net.br\\\/2022\\\/\"},{\"@type\":\"ListItem\",\"position\":2,\"name\":\"Centro Municipal de Medicina Veterin\u00e1ria amplia atendimento cl\u00ednico para tutores que apresentarem comprovante de ado\u00e7\u00e3o emitido por entidades de prote\u00e7\u00e3o dos animais\"}]},{\"@type\":\"WebSite\",\"@id\":\"https:\\\/\\\/regiaonews.net.br\\\/2022\\\/#website\",\"url\":\"https:\\\/\\\/regiaonews.net.br\\\/2022\\\/\",\"name\":\"Regi\u00e3o News\",\"description\":\"Site de Not\u00edcias de Barretos e regi\u00e3o\",\"publisher\":{\"@id\":\"https:\\\/\\\/regiaonews.net.br\\\/2022\\\/#organization\"},\"potentialAction\":[{\"@type\":\"SearchAction\",\"target\":{\"@type\":\"EntryPoint\",\"urlTemplate\":\"https:\\\/\\\/regiaonews.net.br\\\/2022\\\/?s={search_term_string}\"},\"query-input\":{\"@type\":\"PropertyValueSpecification\",\"valueRequired\":true,\"valueName\":\"search_term_string\"}}],\"inLanguage\":\"pt-BR\"},{\"@type\":\"Organization\",\"@id\":\"https:\\\/\\\/regiaonews.net.br\\\/2022\\\/#organization\",\"name\":\"Regi\u00e3o News\",\"url\":\"https:\\\/\\\/regiaonews.net.br\\\/2022\\\/\",\"logo\":{\"@type\":\"ImageObject\",\"inLanguage\":\"pt-BR\",\"@id\":\"https:\\\/\\\/regiaonews.net.br\\\/2022\\\/#\\\/schema\\\/logo\\\/image\\\/\",\"url\":\"https:\\\/\\\/regiaonews.net.br\\\/2022\\\/wp-content\\\/uploads\\\/2026\\\/03\\\/regiao-13-anos-scaled.jpg\",\"contentUrl\":\"https:\\\/\\\/regiaonews.net.br\\\/2022\\\/wp-content\\\/uploads\\\/2026\\\/03\\\/regiao-13-anos-scaled.jpg\",\"width\":2560,\"height\":635,\"caption\":\"Regi\u00e3o News\"},\"image\":{\"@id\":\"https:\\\/\\\/regiaonews.net.br\\\/2022\\\/#\\\/schema\\\/logo\\\/image\\\/\"}},{\"@type\":\"Person\",\"@id\":\"https:\\\/\\\/regiaonews.net.br\\\/2022\\\/#\\\/schema\\\/person\\\/2d205a608a5aa97ac279d7a5e6d89ad8\",\"name\":\"Roberto\",\"image\":{\"@type\":\"ImageObject\",\"inLanguage\":\"pt-BR\",\"@id\":\"https:\\\/\\\/secure.gravatar.com\\\/avatar\\\/42749d8b712ff9d59ca93dc150494e5b55a44134482993f5baeb97e61b7ecc89?s=96&d=mm&r=g\",\"url\":\"https:\\\/\\\/secure.gravatar.com\\\/avatar\\\/42749d8b712ff9d59ca93dc150494e5b55a44134482993f5baeb97e61b7ecc89?s=96&d=mm&r=g\",\"contentUrl\":\"https:\\\/\\\/secure.gravatar.com\\\/avatar\\\/42749d8b712ff9d59ca93dc150494e5b55a44134482993f5baeb97e61b7ecc89?s=96&d=mm&r=g\",\"caption\":\"Roberto\"},\"url\":\"https:\\\/\\\/regiaonews.net.br\\\/2022\\\/author\\\/roberto\\\/\"}]}<\/script>\n<!-- \/ Yoast SEO plugin. -->","yoast_head_json":{"title":"Centro Municipal de Medicina Veterin\u00e1ria amplia atendimento cl\u00ednico para tutores que apresentarem comprovante de ado\u00e7\u00e3o emitido por entidades de prote\u00e7\u00e3o dos animais - Regi\u00e3o News","robots":{"index":"index","follow":"follow","max-snippet":"max-snippet:-1","max-image-preview":"max-image-preview:large","max-video-preview":"max-video-preview:-1"},"canonical":"https:\/\/regiaonews.net.br\/2022\/2025\/01\/30\/centro-municipal-de-medicina-veterinaria-amplia-atendimento-clinico-para-tutores-que-apresentarem-comprovante-de-adocao-emitido-por-entidades-de-protecao-dos-animais\/","og_locale":"pt_BR","og_type":"article","og_title":"Centro Municipal de Medicina Veterin\u00e1ria amplia atendimento cl\u00ednico para tutores que apresentarem comprovante de ado\u00e7\u00e3o emitido por entidades de prote\u00e7\u00e3o dos animais - Regi\u00e3o News","og_description":"At\u00e9 ent\u00e3o, servi\u00e7o era destinado \u00e0s pessoas de baixa renda","og_url":"https:\/\/regiaonews.net.br\/2022\/2025\/01\/30\/centro-municipal-de-medicina-veterinaria-amplia-atendimento-clinico-para-tutores-que-apresentarem-comprovante-de-adocao-emitido-por-entidades-de-protecao-dos-animais\/","og_site_name":"Regi\u00e3o News","article_published_time":"2025-01-30T20:07:12+00:00","og_image":[{"width":1600,"height":1069,"url":"https:\/\/regiaonews.net.br\/2022\/wp-content\/uploads\/2025\/01\/Imagem-do-WhatsApp-de-2025-01-30-as-16.26.53_3baa243c.jpg","type":"image\/jpeg"}],"author":"Roberto","twitter_card":"summary_large_image","twitter_misc":{"Escrito por":"Roberto","Est. tempo de leitura":"3 minutos"},"schema":{"@context":"https:\/\/schema.org","@graph":[{"@type":"Article","@id":"https:\/\/regiaonews.net.br\/2022\/2025\/01\/30\/centro-municipal-de-medicina-veterinaria-amplia-atendimento-clinico-para-tutores-que-apresentarem-comprovante-de-adocao-emitido-por-entidades-de-protecao-dos-animais\/#article","isPartOf":{"@id":"https:\/\/regiaonews.net.br\/2022\/2025\/01\/30\/centro-municipal-de-medicina-veterinaria-amplia-atendimento-clinico-para-tutores-que-apresentarem-comprovante-de-adocao-emitido-por-entidades-de-protecao-dos-animais\/"},"author":{"name":"Roberto","@id":"https:\/\/regiaonews.net.br\/2022\/#\/schema\/person\/2d205a608a5aa97ac279d7a5e6d89ad8"},"headline":"Centro Municipal de Medicina Veterin\u00e1ria amplia atendimento cl\u00ednico para tutores que apresentarem comprovante de ado\u00e7\u00e3o emitido por entidades de prote\u00e7\u00e3o dos animais","datePublished":"2025-01-30T20:07:12+00:00","mainEntityOfPage":{"@id":"https:\/\/regiaonews.net.br\/2022\/2025\/01\/30\/centro-municipal-de-medicina-veterinaria-amplia-atendimento-clinico-para-tutores-que-apresentarem-comprovante-de-adocao-emitido-por-entidades-de-protecao-dos-animais\/"},"wordCount":573,"commentCount":0,"publisher":{"@id":"https:\/\/regiaonews.net.br\/2022\/#organization"},"image":{"@id":"https:\/\/regiaonews.net.br\/2022\/2025\/01\/30\/centro-municipal-de-medicina-veterinaria-amplia-atendimento-clinico-para-tutores-que-apresentarem-comprovante-de-adocao-emitido-por-entidades-de-protecao-dos-animais\/#primaryimage"},"thumbnailUrl":"https:\/\/regiaonews.net.br\/2022\/wp-content\/uploads\/2025\/01\/Imagem-do-WhatsApp-de-2025-01-30-as-16.26.53_3baa243c.jpg","articleSection":["Barretos","Geral"],"inLanguage":"pt-BR","potentialAction":[{"@type":"CommentAction","name":"Comment","target":["https:\/\/regiaonews.net.br\/2022\/2025\/01\/30\/centro-municipal-de-medicina-veterinaria-amplia-atendimento-clinico-para-tutores-que-apresentarem-comprovante-de-adocao-emitido-por-entidades-de-protecao-dos-animais\/#respond"]}]},{"@type":"WebPage","@id":"https:\/\/regiaonews.net.br\/2022\/2025\/01\/30\/centro-municipal-de-medicina-veterinaria-amplia-atendimento-clinico-para-tutores-que-apresentarem-comprovante-de-adocao-emitido-por-entidades-de-protecao-dos-animais\/","url":"https:\/\/regiaonews.net.br\/2022\/2025\/01\/30\/centro-municipal-de-medicina-veterinaria-amplia-atendimento-clinico-para-tutores-que-apresentarem-comprovante-de-adocao-emitido-por-entidades-de-protecao-dos-animais\/","name":"Centro Municipal de Medicina Veterin\u00e1ria amplia atendimento cl\u00ednico para tutores que apresentarem comprovante de ado\u00e7\u00e3o emitido por entidades de prote\u00e7\u00e3o dos animais - Regi\u00e3o News","isPartOf":{"@id":"https:\/\/regiaonews.net.br\/2022\/#website"},"primaryImageOfPage":{"@id":"https:\/\/regiaonews.net.br\/2022\/2025\/01\/30\/centro-municipal-de-medicina-veterinaria-amplia-atendimento-clinico-para-tutores-que-apresentarem-comprovante-de-adocao-emitido-por-entidades-de-protecao-dos-animais\/#primaryimage"},"image":{"@id":"https:\/\/regiaonews.net.br\/2022\/2025\/01\/30\/centro-municipal-de-medicina-veterinaria-amplia-atendimento-clinico-para-tutores-que-apresentarem-comprovante-de-adocao-emitido-por-entidades-de-protecao-dos-animais\/#primaryimage"},"thumbnailUrl":"https:\/\/regiaonews.net.br\/2022\/wp-content\/uploads\/2025\/01\/Imagem-do-WhatsApp-de-2025-01-30-as-16.26.53_3baa243c.jpg","datePublished":"2025-01-30T20:07:12+00:00","breadcrumb":{"@id":"https:\/\/regiaonews.net.br\/2022\/2025\/01\/30\/centro-municipal-de-medicina-veterinaria-amplia-atendimento-clinico-para-tutores-que-apresentarem-comprovante-de-adocao-emitido-por-entidades-de-protecao-dos-animais\/#breadcrumb"},"inLanguage":"pt-BR","potentialAction":[{"@type":"ReadAction","target":["https:\/\/regiaonews.net.br\/2022\/2025\/01\/30\/centro-municipal-de-medicina-veterinaria-amplia-atendimento-clinico-para-tutores-que-apresentarem-comprovante-de-adocao-emitido-por-entidades-de-protecao-dos-animais\/"]}]},{"@type":"ImageObject","inLanguage":"pt-BR","@id":"https:\/\/regiaonews.net.br\/2022\/2025\/01\/30\/centro-municipal-de-medicina-veterinaria-amplia-atendimento-clinico-para-tutores-que-apresentarem-comprovante-de-adocao-emitido-por-entidades-de-protecao-dos-animais\/#primaryimage","url":"https:\/\/regiaonews.net.br\/2022\/wp-content\/uploads\/2025\/01\/Imagem-do-WhatsApp-de-2025-01-30-as-16.26.53_3baa243c.jpg","contentUrl":"https:\/\/regiaonews.net.br\/2022\/wp-content\/uploads\/2025\/01\/Imagem-do-WhatsApp-de-2025-01-30-as-16.26.53_3baa243c.jpg","width":1600,"height":1069},{"@type":"BreadcrumbList","@id":"https:\/\/regiaonews.net.br\/2022\/2025\/01\/30\/centro-municipal-de-medicina-veterinaria-amplia-atendimento-clinico-para-tutores-que-apresentarem-comprovante-de-adocao-emitido-por-entidades-de-protecao-dos-animais\/#breadcrumb","itemListElement":[{"@type":"ListItem","position":1,"name":"In\u00edcio","item":"https:\/\/regiaonews.net.br\/2022\/"},{"@type":"ListItem","position":2,"name":"Centro Municipal de Medicina Veterin\u00e1ria amplia atendimento cl\u00ednico para tutores que apresentarem comprovante de ado\u00e7\u00e3o emitido por entidades de prote\u00e7\u00e3o dos animais"}]},{"@type":"WebSite","@id":"https:\/\/regiaonews.net.br\/2022\/#website","url":"https:\/\/regiaonews.net.br\/2022\/","name":"Regi\u00e3o News","description":"Site de Not\u00edcias de Barretos e regi\u00e3o","publisher":{"@id":"https:\/\/regiaonews.net.br\/2022\/#organization"},"potentialAction":[{"@type":"SearchAction","target":{"@type":"EntryPoint","urlTemplate":"https:\/\/regiaonews.net.br\/2022\/?s={search_term_string}"},"query-input":{"@type":"PropertyValueSpecification","valueRequired":true,"valueName":"search_term_string"}}],"inLanguage":"pt-BR"},{"@type":"Organization","@id":"https:\/\/regiaonews.net.br\/2022\/#organization","name":"Regi\u00e3o News","url":"https:\/\/regiaonews.net.br\/2022\/","logo":{"@type":"ImageObject","inLanguage":"pt-BR","@id":"https:\/\/regiaonews.net.br\/2022\/#\/schema\/logo\/image\/","url":"https:\/\/regiaonews.net.br\/2022\/wp-content\/uploads\/2026\/03\/regiao-13-anos-scaled.jpg","contentUrl":"https:\/\/regiaonews.net.br\/2022\/wp-content\/uploads\/2026\/03\/regiao-13-anos-scaled.jpg","width":2560,"height":635,"caption":"Regi\u00e3o News"},"image":{"@id":"https:\/\/regiaonews.net.br\/2022\/#\/schema\/logo\/image\/"}},{"@type":"Person","@id":"https:\/\/regiaonews.net.br\/2022\/#\/schema\/person\/2d205a608a5aa97ac279d7a5e6d89ad8","name":"Roberto","image":{"@type":"ImageObject","inLanguage":"pt-BR","@id":"https:\/\/secure.gravatar.com\/avatar\/42749d8b712ff9d59ca93dc150494e5b55a44134482993f5baeb97e61b7ecc89?s=96&d=mm&r=g","url":"https:\/\/secure.gravatar.com\/avatar\/42749d8b712ff9d59ca93dc150494e5b55a44134482993f5baeb97e61b7ecc89?s=96&d=mm&r=g","contentUrl":"https:\/\/secure.gravatar.com\/avatar\/42749d8b712ff9d59ca93dc150494e5b55a44134482993f5baeb97e61b7ecc89?s=96&d=mm&r=g","caption":"Roberto"},"url":"https:\/\/regiaonews.net.br\/2022\/author\/roberto\/"}]}},"publishpress_future_action":{"enabled":false,"date":"2026-05-02 03:46:11","action":"change-status","newStatus":"draft","terms":[],"taxonomy":"category","extraData":[]},"publishpress_future_workflow_manual_trigger":{"enabledWorkflows":[]},"_links":{"self":[{"href":"https:\/\/regiaonews.net.br\/2022\/wp-json\/wp\/v2\/posts\/114087","targetHints":{"allow":["GET"]}}],"collection":[{"href":"https:\/\/regiaonews.net.br\/2022\/wp-json\/wp\/v2\/posts"}],"about":[{"href":"https:\/\/regiaonews.net.br\/2022\/wp-json\/wp\/v2\/types\/post"}],"author":[{"embeddable":true,"href":"https:\/\/regiaonews.net.br\/2022\/wp-json\/wp\/v2\/users\/2"}],"replies":[{"embeddable":true,"href":"https:\/\/regiaonews.net.br\/2022\/wp-json\/wp\/v2\/comments?post=114087"}],"version-history":[{"count":1,"href":"https:\/\/regiaonews.net.br\/2022\/wp-json\/wp\/v2\/posts\/114087\/revisions"}],"predecessor-version":[{"id":114089,"href":"https:\/\/regiaonews.net.br\/2022\/wp-json\/wp\/v2\/posts\/114087\/revisions\/114089"}],"wp:featuredmedia":[{"embeddable":true,"href":"https:\/\/regiaonews.net.br\/2022\/wp-json\/wp\/v2\/media\/114088"}],"wp:attachment":[{"href":"https:\/\/regiaonews.net.br\/2022\/wp-json\/wp\/v2\/media?parent=114087"}],"wp:term":[{"taxonomy":"category","embeddable":true,"href":"https:\/\/regiaonews.net.br\/2022\/wp-json\/wp\/v2\/categories?post=114087"},{"taxonomy":"post_tag","embeddable":true,"href":"https:\/\/regiaonews.net.br\/2022\/wp-json\/wp\/v2\/tags?post=114087"}],"curies":[{"name":"wp","href":"https:\/\/api.w.org\/{rel}","templated":true}]}}