{"id":114054,"date":"2025-01-28T20:40:21","date_gmt":"2025-01-28T23:40:21","guid":{"rendered":"https:\/\/regiaonews.net.br\/2022\/?p=114054"},"modified":"2025-01-28T20:40:21","modified_gmt":"2025-01-28T23:40:21","slug":"palestra-do-empretec-em-barretos-sera-nesta-quarta-feira-29","status":"publish","type":"post","link":"https:\/\/regiaonews.net.br\/2022\/2025\/01\/28\/palestra-do-empretec-em-barretos-sera-nesta-quarta-feira-29\/","title":{"rendered":"Palestra do Empretec em Barretos ser\u00e1 nesta quarta-feira, 29"},"content":{"rendered":"<p>As inscri\u00e7\u00f5s ainda podem ser realizadas gratuitamente pelo link<br \/>\nNesta quarta-feira, 29 de janeiro, \u00e0s 19h, o escrit\u00f3rio regional do Sebrae-SP em Barretos realiza a palestra do Empretec, um semin\u00e1rio focado em desenvolver comportamentos empreendedores. Criado pela ONU (Organiza\u00e7\u00e3o das Na\u00e7\u00f5es Unidas) e implementado no Brasil com exclusividade pelo Sebrae, o programa tem transformado a trajet\u00f3ria de muitos empreendedores.<\/p>\n<p>As inscri\u00e7\u00f5es para a apresenta\u00e7\u00e3o s\u00e3o gratuitas e podem ser feitas por meio do link: https:\/\/forms.office.com\/r\/s1ejmKYJ49.<\/p>\n<p>A aplica\u00e7\u00e3o desta turma do programa de forma\u00e7\u00e3o de empreendedores e empreendedoras conta com o apoio do Instituto Credicitrus.<\/p>\n<p>De acordo com Joyce Costa Henrique, analista do Sebrae-SP, o Empretec \u00e9 uma experi\u00eancia transformadora, que ajuda cada participante a explorar o potencial, enfrentando desafios com mais confian\u00e7a e estrat\u00e9gia.<\/p>\n<p>\u201cMudar ou melhorar um comportamento requer tempo e esfor\u00e7o, por isso o semin\u00e1rio \u00e9 realizado de segunda a s\u00e1bado, com uma carga hor\u00e1ria total de 60 horas. Durante esse per\u00edodo, os participantes estar\u00e3o totalmente imersos em diversas atividades, incluindo avalia\u00e7\u00f5es de desempenho que auxiliam na defini\u00e7\u00e3o de metas estrat\u00e9gicas para o sucesso pessoal e profissional. O semin\u00e1rio \u00e9 voltado para empreendedores, sem limite de idade, de forma\u00e7\u00e3o, para potenciais empreendedores e contempla ainda os intraempreendedores que desejam alavancar seus resultados\u201d, destacou Joyce.<\/p>\n<p>Para mais informa\u00e7\u00f5es sobre o Semin\u00e1rio Empretec, basta entrar em contato com o Sebrae Barretos (localizado na Rua 14, n\u00ba 735, Centro) e falar com a analista Joyce Costa Henrique pelo telefone (17) 3321-6470.<\/p>\n","protected":false},"excerpt":{"rendered":"<p>As inscri\u00e7\u00f5s ainda podem ser realizadas gratuitamente pelo link Nesta<\/p>\n","protected":false},"author":2,"featured_media":5628,"comment_status":"open","ping_status":"open","sticky":false,"template":"","format":"standard","meta":{"footnotes":""},"categories":[14,3],"tags":[],"class_list":["post-114054","post","type-post","status-publish","format-standard","has-post-thumbnail","hentry","category-barretos","category-geral"],"yoast_head":"<!-- This site is optimized with the Yoast SEO plugin v27.4 - https:\/\/yoast.com\/product\/yoast-seo-wordpress\/ -->\n<title>Palestra do Empretec em Barretos ser\u00e1 nesta quarta-feira, 29 - Regi\u00e3o News<\/title>\n<meta name=\"robots\" content=\"index, follow, max-snippet:-1, max-image-preview:large, max-video-preview:-1\" \/>\n<link rel=\"canonical\" href=\"https:\/\/regiaonews.net.br\/2022\/2025\/01\/28\/palestra-do-empretec-em-barretos-sera-nesta-quarta-feira-29\/\" \/>\n<meta property=\"og:locale\" content=\"pt_BR\" \/>\n<meta property=\"og:type\" content=\"article\" \/>\n<meta property=\"og:title\" content=\"Palestra do Empretec em Barretos ser\u00e1 nesta quarta-feira, 29 - Regi\u00e3o News\" \/>\n<meta property=\"og:description\" content=\"As inscri\u00e7\u00f5s ainda podem ser realizadas gratuitamente pelo link Nesta\" \/>\n<meta property=\"og:url\" content=\"https:\/\/regiaonews.net.br\/2022\/2025\/01\/28\/palestra-do-empretec-em-barretos-sera-nesta-quarta-feira-29\/\" \/>\n<meta property=\"og:site_name\" content=\"Regi\u00e3o News\" \/>\n<meta property=\"article:published_time\" content=\"2025-01-28T23:40:21+00:00\" \/>\n<meta property=\"og:image\" content=\"https:\/\/regiaonews.net.br\/2022\/wp-content\/uploads\/2017\/06\/sebrae-barretos-1.jpg\" \/>\n\t<meta property=\"og:image:width\" content=\"530\" \/>\n\t<meta property=\"og:image:height\" content=\"352\" \/>\n\t<meta property=\"og:image:type\" content=\"image\/jpeg\" \/>\n<meta name=\"author\" content=\"Roberto\" \/>\n<meta name=\"twitter:card\" content=\"summary_large_image\" \/>\n<meta name=\"twitter:label1\" content=\"Escrito por\" \/>\n\t<meta name=\"twitter:data1\" content=\"Roberto\" \/>\n\t<meta name=\"twitter:label2\" content=\"Est. tempo de leitura\" \/>\n\t<meta name=\"twitter:data2\" content=\"2 minutos\" \/>\n<script type=\"application\/ld+json\" class=\"yoast-schema-graph\">{\"@context\":\"https:\\\/\\\/schema.org\",\"@graph\":[{\"@type\":\"Article\",\"@id\":\"https:\\\/\\\/regiaonews.net.br\\\/2022\\\/2025\\\/01\\\/28\\\/palestra-do-empretec-em-barretos-sera-nesta-quarta-feira-29\\\/#article\",\"isPartOf\":{\"@id\":\"https:\\\/\\\/regiaonews.net.br\\\/2022\\\/2025\\\/01\\\/28\\\/palestra-do-empretec-em-barretos-sera-nesta-quarta-feira-29\\\/\"},\"author\":{\"name\":\"Roberto\",\"@id\":\"https:\\\/\\\/regiaonews.net.br\\\/2022\\\/#\\\/schema\\\/person\\\/2d205a608a5aa97ac279d7a5e6d89ad8\"},\"headline\":\"Palestra do Empretec em Barretos ser\u00e1 nesta quarta-feira, 29\",\"datePublished\":\"2025-01-28T23:40:21+00:00\",\"mainEntityOfPage\":{\"@id\":\"https:\\\/\\\/regiaonews.net.br\\\/2022\\\/2025\\\/01\\\/28\\\/palestra-do-empretec-em-barretos-sera-nesta-quarta-feira-29\\\/\"},\"wordCount\":273,\"commentCount\":0,\"publisher\":{\"@id\":\"https:\\\/\\\/regiaonews.net.br\\\/2022\\\/#organization\"},\"image\":{\"@id\":\"https:\\\/\\\/regiaonews.net.br\\\/2022\\\/2025\\\/01\\\/28\\\/palestra-do-empretec-em-barretos-sera-nesta-quarta-feira-29\\\/#primaryimage\"},\"thumbnailUrl\":\"https:\\\/\\\/regiaonews.net.br\\\/2022\\\/wp-content\\\/uploads\\\/2017\\\/06\\\/sebrae-barretos-1.jpg\",\"articleSection\":[\"Barretos\",\"Geral\"],\"inLanguage\":\"pt-BR\",\"potentialAction\":[{\"@type\":\"CommentAction\",\"name\":\"Comment\",\"target\":[\"https:\\\/\\\/regiaonews.net.br\\\/2022\\\/2025\\\/01\\\/28\\\/palestra-do-empretec-em-barretos-sera-nesta-quarta-feira-29\\\/#respond\"]}]},{\"@type\":\"WebPage\",\"@id\":\"https:\\\/\\\/regiaonews.net.br\\\/2022\\\/2025\\\/01\\\/28\\\/palestra-do-empretec-em-barretos-sera-nesta-quarta-feira-29\\\/\",\"url\":\"https:\\\/\\\/regiaonews.net.br\\\/2022\\\/2025\\\/01\\\/28\\\/palestra-do-empretec-em-barretos-sera-nesta-quarta-feira-29\\\/\",\"name\":\"Palestra do Empretec em Barretos ser\u00e1 nesta quarta-feira, 29 - Regi\u00e3o News\",\"isPartOf\":{\"@id\":\"https:\\\/\\\/regiaonews.net.br\\\/2022\\\/#website\"},\"primaryImageOfPage\":{\"@id\":\"https:\\\/\\\/regiaonews.net.br\\\/2022\\\/2025\\\/01\\\/28\\\/palestra-do-empretec-em-barretos-sera-nesta-quarta-feira-29\\\/#primaryimage\"},\"image\":{\"@id\":\"https:\\\/\\\/regiaonews.net.br\\\/2022\\\/2025\\\/01\\\/28\\\/palestra-do-empretec-em-barretos-sera-nesta-quarta-feira-29\\\/#primaryimage\"},\"thumbnailUrl\":\"https:\\\/\\\/regiaonews.net.br\\\/2022\\\/wp-content\\\/uploads\\\/2017\\\/06\\\/sebrae-barretos-1.jpg\",\"datePublished\":\"2025-01-28T23:40:21+00:00\",\"breadcrumb\":{\"@id\":\"https:\\\/\\\/regiaonews.net.br\\\/2022\\\/2025\\\/01\\\/28\\\/palestra-do-empretec-em-barretos-sera-nesta-quarta-feira-29\\\/#breadcrumb\"},\"inLanguage\":\"pt-BR\",\"potentialAction\":[{\"@type\":\"ReadAction\",\"target\":[\"https:\\\/\\\/regiaonews.net.br\\\/2022\\\/2025\\\/01\\\/28\\\/palestra-do-empretec-em-barretos-sera-nesta-quarta-feira-29\\\/\"]}]},{\"@type\":\"ImageObject\",\"inLanguage\":\"pt-BR\",\"@id\":\"https:\\\/\\\/regiaonews.net.br\\\/2022\\\/2025\\\/01\\\/28\\\/palestra-do-empretec-em-barretos-sera-nesta-quarta-feira-29\\\/#primaryimage\",\"url\":\"https:\\\/\\\/regiaonews.net.br\\\/2022\\\/wp-content\\\/uploads\\\/2017\\\/06\\\/sebrae-barretos-1.jpg\",\"contentUrl\":\"https:\\\/\\\/regiaonews.net.br\\\/2022\\\/wp-content\\\/uploads\\\/2017\\\/06\\\/sebrae-barretos-1.jpg\",\"width\":530,\"height\":352},{\"@type\":\"BreadcrumbList\",\"@id\":\"https:\\\/\\\/regiaonews.net.br\\\/2022\\\/2025\\\/01\\\/28\\\/palestra-do-empretec-em-barretos-sera-nesta-quarta-feira-29\\\/#breadcrumb\",\"itemListElement\":[{\"@type\":\"ListItem\",\"position\":1,\"name\":\"In\u00edcio\",\"item\":\"https:\\\/\\\/regiaonews.net.br\\\/2022\\\/\"},{\"@type\":\"ListItem\",\"position\":2,\"name\":\"Palestra do Empretec em Barretos ser\u00e1 nesta quarta-feira, 29\"}]},{\"@type\":\"WebSite\",\"@id\":\"https:\\\/\\\/regiaonews.net.br\\\/2022\\\/#website\",\"url\":\"https:\\\/\\\/regiaonews.net.br\\\/2022\\\/\",\"name\":\"Regi\u00e3o News\",\"description\":\"Site de Not\u00edcias de Barretos e regi\u00e3o\",\"publisher\":{\"@id\":\"https:\\\/\\\/regiaonews.net.br\\\/2022\\\/#organization\"},\"potentialAction\":[{\"@type\":\"SearchAction\",\"target\":{\"@type\":\"EntryPoint\",\"urlTemplate\":\"https:\\\/\\\/regiaonews.net.br\\\/2022\\\/?s={search_term_string}\"},\"query-input\":{\"@type\":\"PropertyValueSpecification\",\"valueRequired\":true,\"valueName\":\"search_term_string\"}}],\"inLanguage\":\"pt-BR\"},{\"@type\":\"Organization\",\"@id\":\"https:\\\/\\\/regiaonews.net.br\\\/2022\\\/#organization\",\"name\":\"Regi\u00e3o News\",\"url\":\"https:\\\/\\\/regiaonews.net.br\\\/2022\\\/\",\"logo\":{\"@type\":\"ImageObject\",\"inLanguage\":\"pt-BR\",\"@id\":\"https:\\\/\\\/regiaonews.net.br\\\/2022\\\/#\\\/schema\\\/logo\\\/image\\\/\",\"url\":\"https:\\\/\\\/regiaonews.net.br\\\/2022\\\/wp-content\\\/uploads\\\/2026\\\/03\\\/regiao-13-anos-scaled.jpg\",\"contentUrl\":\"https:\\\/\\\/regiaonews.net.br\\\/2022\\\/wp-content\\\/uploads\\\/2026\\\/03\\\/regiao-13-anos-scaled.jpg\",\"width\":2560,\"height\":635,\"caption\":\"Regi\u00e3o News\"},\"image\":{\"@id\":\"https:\\\/\\\/regiaonews.net.br\\\/2022\\\/#\\\/schema\\\/logo\\\/image\\\/\"}},{\"@type\":\"Person\",\"@id\":\"https:\\\/\\\/regiaonews.net.br\\\/2022\\\/#\\\/schema\\\/person\\\/2d205a608a5aa97ac279d7a5e6d89ad8\",\"name\":\"Roberto\",\"image\":{\"@type\":\"ImageObject\",\"inLanguage\":\"pt-BR\",\"@id\":\"https:\\\/\\\/secure.gravatar.com\\\/avatar\\\/42749d8b712ff9d59ca93dc150494e5b55a44134482993f5baeb97e61b7ecc89?s=96&d=mm&r=g\",\"url\":\"https:\\\/\\\/secure.gravatar.com\\\/avatar\\\/42749d8b712ff9d59ca93dc150494e5b55a44134482993f5baeb97e61b7ecc89?s=96&d=mm&r=g\",\"contentUrl\":\"https:\\\/\\\/secure.gravatar.com\\\/avatar\\\/42749d8b712ff9d59ca93dc150494e5b55a44134482993f5baeb97e61b7ecc89?s=96&d=mm&r=g\",\"caption\":\"Roberto\"},\"url\":\"https:\\\/\\\/regiaonews.net.br\\\/2022\\\/author\\\/roberto\\\/\"}]}<\/script>\n<!-- \/ Yoast SEO plugin. -->","yoast_head_json":{"title":"Palestra do Empretec em Barretos ser\u00e1 nesta quarta-feira, 29 - Regi\u00e3o News","robots":{"index":"index","follow":"follow","max-snippet":"max-snippet:-1","max-image-preview":"max-image-preview:large","max-video-preview":"max-video-preview:-1"},"canonical":"https:\/\/regiaonews.net.br\/2022\/2025\/01\/28\/palestra-do-empretec-em-barretos-sera-nesta-quarta-feira-29\/","og_locale":"pt_BR","og_type":"article","og_title":"Palestra do Empretec em Barretos ser\u00e1 nesta quarta-feira, 29 - Regi\u00e3o News","og_description":"As inscri\u00e7\u00f5s ainda podem ser realizadas gratuitamente pelo link Nesta","og_url":"https:\/\/regiaonews.net.br\/2022\/2025\/01\/28\/palestra-do-empretec-em-barretos-sera-nesta-quarta-feira-29\/","og_site_name":"Regi\u00e3o News","article_published_time":"2025-01-28T23:40:21+00:00","og_image":[{"width":530,"height":352,"url":"https:\/\/regiaonews.net.br\/2022\/wp-content\/uploads\/2017\/06\/sebrae-barretos-1.jpg","type":"image\/jpeg"}],"author":"Roberto","twitter_card":"summary_large_image","twitter_misc":{"Escrito por":"Roberto","Est. tempo de leitura":"2 minutos"},"schema":{"@context":"https:\/\/schema.org","@graph":[{"@type":"Article","@id":"https:\/\/regiaonews.net.br\/2022\/2025\/01\/28\/palestra-do-empretec-em-barretos-sera-nesta-quarta-feira-29\/#article","isPartOf":{"@id":"https:\/\/regiaonews.net.br\/2022\/2025\/01\/28\/palestra-do-empretec-em-barretos-sera-nesta-quarta-feira-29\/"},"author":{"name":"Roberto","@id":"https:\/\/regiaonews.net.br\/2022\/#\/schema\/person\/2d205a608a5aa97ac279d7a5e6d89ad8"},"headline":"Palestra do Empretec em Barretos ser\u00e1 nesta quarta-feira, 29","datePublished":"2025-01-28T23:40:21+00:00","mainEntityOfPage":{"@id":"https:\/\/regiaonews.net.br\/2022\/2025\/01\/28\/palestra-do-empretec-em-barretos-sera-nesta-quarta-feira-29\/"},"wordCount":273,"commentCount":0,"publisher":{"@id":"https:\/\/regiaonews.net.br\/2022\/#organization"},"image":{"@id":"https:\/\/regiaonews.net.br\/2022\/2025\/01\/28\/palestra-do-empretec-em-barretos-sera-nesta-quarta-feira-29\/#primaryimage"},"thumbnailUrl":"https:\/\/regiaonews.net.br\/2022\/wp-content\/uploads\/2017\/06\/sebrae-barretos-1.jpg","articleSection":["Barretos","Geral"],"inLanguage":"pt-BR","potentialAction":[{"@type":"CommentAction","name":"Comment","target":["https:\/\/regiaonews.net.br\/2022\/2025\/01\/28\/palestra-do-empretec-em-barretos-sera-nesta-quarta-feira-29\/#respond"]}]},{"@type":"WebPage","@id":"https:\/\/regiaonews.net.br\/2022\/2025\/01\/28\/palestra-do-empretec-em-barretos-sera-nesta-quarta-feira-29\/","url":"https:\/\/regiaonews.net.br\/2022\/2025\/01\/28\/palestra-do-empretec-em-barretos-sera-nesta-quarta-feira-29\/","name":"Palestra do Empretec em Barretos ser\u00e1 nesta quarta-feira, 29 - Regi\u00e3o News","isPartOf":{"@id":"https:\/\/regiaonews.net.br\/2022\/#website"},"primaryImageOfPage":{"@id":"https:\/\/regiaonews.net.br\/2022\/2025\/01\/28\/palestra-do-empretec-em-barretos-sera-nesta-quarta-feira-29\/#primaryimage"},"image":{"@id":"https:\/\/regiaonews.net.br\/2022\/2025\/01\/28\/palestra-do-empretec-em-barretos-sera-nesta-quarta-feira-29\/#primaryimage"},"thumbnailUrl":"https:\/\/regiaonews.net.br\/2022\/wp-content\/uploads\/2017\/06\/sebrae-barretos-1.jpg","datePublished":"2025-01-28T23:40:21+00:00","breadcrumb":{"@id":"https:\/\/regiaonews.net.br\/2022\/2025\/01\/28\/palestra-do-empretec-em-barretos-sera-nesta-quarta-feira-29\/#breadcrumb"},"inLanguage":"pt-BR","potentialAction":[{"@type":"ReadAction","target":["https:\/\/regiaonews.net.br\/2022\/2025\/01\/28\/palestra-do-empretec-em-barretos-sera-nesta-quarta-feira-29\/"]}]},{"@type":"ImageObject","inLanguage":"pt-BR","@id":"https:\/\/regiaonews.net.br\/2022\/2025\/01\/28\/palestra-do-empretec-em-barretos-sera-nesta-quarta-feira-29\/#primaryimage","url":"https:\/\/regiaonews.net.br\/2022\/wp-content\/uploads\/2017\/06\/sebrae-barretos-1.jpg","contentUrl":"https:\/\/regiaonews.net.br\/2022\/wp-content\/uploads\/2017\/06\/sebrae-barretos-1.jpg","width":530,"height":352},{"@type":"BreadcrumbList","@id":"https:\/\/regiaonews.net.br\/2022\/2025\/01\/28\/palestra-do-empretec-em-barretos-sera-nesta-quarta-feira-29\/#breadcrumb","itemListElement":[{"@type":"ListItem","position":1,"name":"In\u00edcio","item":"https:\/\/regiaonews.net.br\/2022\/"},{"@type":"ListItem","position":2,"name":"Palestra do Empretec em Barretos ser\u00e1 nesta quarta-feira, 29"}]},{"@type":"WebSite","@id":"https:\/\/regiaonews.net.br\/2022\/#website","url":"https:\/\/regiaonews.net.br\/2022\/","name":"Regi\u00e3o News","description":"Site de Not\u00edcias de Barretos e regi\u00e3o","publisher":{"@id":"https:\/\/regiaonews.net.br\/2022\/#organization"},"potentialAction":[{"@type":"SearchAction","target":{"@type":"EntryPoint","urlTemplate":"https:\/\/regiaonews.net.br\/2022\/?s={search_term_string}"},"query-input":{"@type":"PropertyValueSpecification","valueRequired":true,"valueName":"search_term_string"}}],"inLanguage":"pt-BR"},{"@type":"Organization","@id":"https:\/\/regiaonews.net.br\/2022\/#organization","name":"Regi\u00e3o News","url":"https:\/\/regiaonews.net.br\/2022\/","logo":{"@type":"ImageObject","inLanguage":"pt-BR","@id":"https:\/\/regiaonews.net.br\/2022\/#\/schema\/logo\/image\/","url":"https:\/\/regiaonews.net.br\/2022\/wp-content\/uploads\/2026\/03\/regiao-13-anos-scaled.jpg","contentUrl":"https:\/\/regiaonews.net.br\/2022\/wp-content\/uploads\/2026\/03\/regiao-13-anos-scaled.jpg","width":2560,"height":635,"caption":"Regi\u00e3o News"},"image":{"@id":"https:\/\/regiaonews.net.br\/2022\/#\/schema\/logo\/image\/"}},{"@type":"Person","@id":"https:\/\/regiaonews.net.br\/2022\/#\/schema\/person\/2d205a608a5aa97ac279d7a5e6d89ad8","name":"Roberto","image":{"@type":"ImageObject","inLanguage":"pt-BR","@id":"https:\/\/secure.gravatar.com\/avatar\/42749d8b712ff9d59ca93dc150494e5b55a44134482993f5baeb97e61b7ecc89?s=96&d=mm&r=g","url":"https:\/\/secure.gravatar.com\/avatar\/42749d8b712ff9d59ca93dc150494e5b55a44134482993f5baeb97e61b7ecc89?s=96&d=mm&r=g","contentUrl":"https:\/\/secure.gravatar.com\/avatar\/42749d8b712ff9d59ca93dc150494e5b55a44134482993f5baeb97e61b7ecc89?s=96&d=mm&r=g","caption":"Roberto"},"url":"https:\/\/regiaonews.net.br\/2022\/author\/roberto\/"}]}},"publishpress_future_action":{"enabled":false,"date":"2026-05-02 01:11:02","action":"change-status","newStatus":"draft","terms":[],"taxonomy":"category","extraData":[]},"publishpress_future_workflow_manual_trigger":{"enabledWorkflows":[]},"_links":{"self":[{"href":"https:\/\/regiaonews.net.br\/2022\/wp-json\/wp\/v2\/posts\/114054","targetHints":{"allow":["GET"]}}],"collection":[{"href":"https:\/\/regiaonews.net.br\/2022\/wp-json\/wp\/v2\/posts"}],"about":[{"href":"https:\/\/regiaonews.net.br\/2022\/wp-json\/wp\/v2\/types\/post"}],"author":[{"embeddable":true,"href":"https:\/\/regiaonews.net.br\/2022\/wp-json\/wp\/v2\/users\/2"}],"replies":[{"embeddable":true,"href":"https:\/\/regiaonews.net.br\/2022\/wp-json\/wp\/v2\/comments?post=114054"}],"version-history":[{"count":1,"href":"https:\/\/regiaonews.net.br\/2022\/wp-json\/wp\/v2\/posts\/114054\/revisions"}],"predecessor-version":[{"id":114055,"href":"https:\/\/regiaonews.net.br\/2022\/wp-json\/wp\/v2\/posts\/114054\/revisions\/114055"}],"wp:featuredmedia":[{"embeddable":true,"href":"https:\/\/regiaonews.net.br\/2022\/wp-json\/wp\/v2\/media\/5628"}],"wp:attachment":[{"href":"https:\/\/regiaonews.net.br\/2022\/wp-json\/wp\/v2\/media?parent=114054"}],"wp:term":[{"taxonomy":"category","embeddable":true,"href":"https:\/\/regiaonews.net.br\/2022\/wp-json\/wp\/v2\/categories?post=114054"},{"taxonomy":"post_tag","embeddable":true,"href":"https:\/\/regiaonews.net.br\/2022\/wp-json\/wp\/v2\/tags?post=114054"}],"curies":[{"name":"wp","href":"https:\/\/api.w.org\/{rel}","templated":true}]}}