{"id":113919,"date":"2025-01-22T18:52:28","date_gmt":"2025-01-22T21:52:28","guid":{"rendered":"https:\/\/regiaonews.net.br\/2022\/?p=113919"},"modified":"2025-01-22T18:54:51","modified_gmt":"2025-01-22T21:54:51","slug":"veja-o-que-fazer-para-celebrar-os-471-anos-da-capital-paulista-no-fim-de-semana","status":"publish","type":"post","link":"https:\/\/regiaonews.net.br\/2022\/2025\/01\/22\/veja-o-que-fazer-para-celebrar-os-471-anos-da-capital-paulista-no-fim-de-semana\/","title":{"rendered":"Veja o que fazer para celebrar os 471 anos da capital paulista no fim de semana"},"content":{"rendered":"<p>O Governo de S\u00e3o Paulo preparou uma programa\u00e7\u00e3o especial para o anivers\u00e1rio da capital paulista, comemorado neste s\u00e1bado, 25.\u00a0<a role=\"link\" href=\"https:\/\/www.cultura.sp.gov.br\/agenda-viva-sp-governo-de-sp-celebra-aniversarios-de-sao-paulo-e-de-santos-com-programacao-especial\/\" target=\"_blank\" rel=\"noopener\">Para a celebra\u00e7\u00e3o, a cidade ganha um novo equipamento cultural<\/a>: Esta\u00e7\u00e3o CCR das Artes, localizado no Complexo Cultural J\u00falio Prestes. O local abre suas portas com apresenta\u00e7\u00f5es gratuitas. O espet\u00e1culo conta com a cantora Virg\u00ednia Rosa, a S\u00e3o Paulo Companhia de Dan\u00e7a, o Coro Acad\u00eamico, um Quarteto de Cordas formado por m\u00fasicos da Osesp, al\u00e9m da pianista Juliana Ripke e a companhia Mundo do Circo.<\/p>\n<p>O evento acontece neste s\u00e1bado, 25, \u00e0s 20h, na Esta\u00e7\u00e3o CCR das Artes, que est\u00e1 localizada na Pra\u00e7a J\u00falio Prestes, 16. A entrada \u00e9 gratuita e os ingressos podem ser retirados a partir das 12h do dia 21 de janeiro, pelo site.<\/p>\n<p>No Edif\u00edcio Oswald de Andrade, sede do Cult SP Pro, no Bom Retiro, acontece nos dias 25 e 26 de janeiro o projeto Vila Musical. O evento re\u00fane diversos estilos musicais, como samba, bai\u00e3o, m\u00fasica cubana, MPB, pop, blues, jazz e m\u00fasica erudita, celebrando a riqueza e diversidade musical da cidade. A programa\u00e7\u00e3o ser\u00e1 das 14h \u00e0s 18h, e a entrada \u00e9 gratuita. O Edif\u00edcio Oswald de Andrade fica na Rua Tr\u00eas Rios, 363.<\/p>\n<p><strong>LEIA TAMB\u00c9M:\u00a0<a role=\"link\" href=\"https:\/\/www.agenciasp.sp.gov.br\/coral-da-usp-abre-inscricoes-para-novos-cantores-em-janeiro\/\">Coral da USP abre inscri\u00e7\u00f5es para novos cantores em janeiro<\/a><\/strong><\/p>\n<p>Na Mooca, o Museu da Imigra\u00e7\u00e3o realiza a 3\u00aa edi\u00e7\u00e3o do passeio tem\u00e1tico \u201cS\u00e3o Paulo dos Imigrantes\u201d. Este ano, a diplomacia entre o Brasil e a Fran\u00e7a ser\u00e1 destacada, com enfoque na arquitetura francesa, representada principalmente na regi\u00e3o central da cidade. O passeio, que inclui uma experi\u00eancia gastron\u00f4mica em um restaurante franc\u00eas e uma visita guiada ao Museu da Imigra\u00e7\u00e3o, acontece das 8h30 \u00e0s 14h30 no dia 25 de janeiro. O Museu da Imigra\u00e7\u00e3o est\u00e1 localizado na Rua Visconde de Parna\u00edba, 1316.<\/p>\n<p>No Largo P\u00e1teo do Col\u00e9gio, o Museu das Favelas promove o Baile do MIC Aberto, uma iniciativa criada em 2023 para valorizar e destacar os talentos da cultura perif\u00e9rica. O evento contar\u00e1 com apresenta\u00e7\u00f5es de 10 artistas independentes de hip-hop, rap e funk das quebradas paulistanas. A festa acontece no dia 25 de janeiro, \u00e0s 15h, e a entrada \u00e9 gratuita. O Museu das Favelas fica no Largo P\u00e1teo do Col\u00e9gio, 148. E o baile \u00e9 para maiores de 16 anos.<\/p>\n<p>O Museu de Arte Sacra sedia a exposi\u00e7\u00e3o Memorabilia, que exibe uma sele\u00e7\u00e3o de pinturas, esculturas e objetos que rememoram momentos, pessoas, lugares e paisagens paulistanas. A mostra pode ser visitada at\u00e9 o dia 25 de janeiro, das 9h \u00e0s 17h, e a entrada custa R$6 (meia) e R$12 (inteira). O Museu de Arte Sacra est\u00e1 localizado na Av. Morumbi, 190.<\/p>\n<p>Perto do Museu de Arte Sacra, o Museu da L\u00edngua Portuguesa oferece a exposi\u00e7\u00e3o Presen\u00e7as Negras na Forma\u00e7\u00e3o da Capital Paulista, al\u00e9m de uma visita especial ao pr\u00e9dio da Esta\u00e7\u00e3o da Luz. O museu est\u00e1 aberto das 10h \u00e0s 18h at\u00e9 o dia 25 de janeiro. O ingresso custa R$10 (meia) e R$20 (inteira). O Museu da L\u00edngua Portuguesa est\u00e1 localizado na Esta\u00e7\u00e3o da Luz, Pra\u00e7a da Luz, 1.<\/p>\n<p>Na Pinacoteca, a exposi\u00e7\u00e3o do acervo busca estabelecer rela\u00e7\u00f5es entre o edif\u00edcio centen\u00e1rio e a cidade de S\u00e3o Paulo. O percurso de visita\u00e7\u00e3o explora as representa\u00e7\u00f5es do territ\u00f3rio e da paisagem paulistana feitas por diversos artistas. A visita\u00e7\u00e3o \u00e9 gratuita e ocorre no dia 25 de janeiro, \u00e0s 15h. A Pinacoteca est\u00e1 situada na Pra\u00e7a da Luz, 2.<\/p>\n<p>No Museu Afro Brasil, a data ser\u00e1 celebrada com uma s\u00e9rie de a\u00e7\u00f5es na marquise, como oficinas para fam\u00edlias, encontros com artistas e apresenta\u00e7\u00f5es de v\u00eddeos. As atividades acontecem no dia 25 de janeiro, das 10h \u00e0s 16h, e a entrada \u00e9 gratuita. O Museu Afro Brasil fica na Av. Pedro \u00c1lvares Cabral, s\/n.<\/p>\n","protected":false},"excerpt":{"rendered":"<p>O Governo de S\u00e3o Paulo preparou uma programa\u00e7\u00e3o especial para<\/p>\n","protected":false},"author":2,"featured_media":113921,"comment_status":"open","ping_status":"open","sticky":false,"template":"","format":"standard","meta":{"footnotes":""},"categories":[25,29],"tags":[],"class_list":["post-113919","post","type-post","status-publish","format-standard","has-post-thumbnail","hentry","category-cidades","category-sao-paulo"],"yoast_head":"<!-- This site is optimized with the Yoast SEO plugin v27.4 - https:\/\/yoast.com\/product\/yoast-seo-wordpress\/ -->\n<title>Veja o que fazer para celebrar os 471 anos da capital paulista no fim de semana - Regi\u00e3o News<\/title>\n<meta name=\"robots\" content=\"index, follow, max-snippet:-1, max-image-preview:large, max-video-preview:-1\" \/>\n<link rel=\"canonical\" href=\"https:\/\/regiaonews.net.br\/2022\/2025\/01\/22\/veja-o-que-fazer-para-celebrar-os-471-anos-da-capital-paulista-no-fim-de-semana\/\" \/>\n<meta property=\"og:locale\" content=\"pt_BR\" \/>\n<meta property=\"og:type\" content=\"article\" \/>\n<meta property=\"og:title\" content=\"Veja o que fazer para celebrar os 471 anos da capital paulista no fim de semana - Regi\u00e3o News\" \/>\n<meta property=\"og:description\" content=\"O Governo de S\u00e3o Paulo preparou uma programa\u00e7\u00e3o especial para\" \/>\n<meta property=\"og:url\" content=\"https:\/\/regiaonews.net.br\/2022\/2025\/01\/22\/veja-o-que-fazer-para-celebrar-os-471-anos-da-capital-paulista-no-fim-de-semana\/\" \/>\n<meta property=\"og:site_name\" content=\"Regi\u00e3o News\" \/>\n<meta property=\"article:published_time\" content=\"2025-01-22T21:52:28+00:00\" \/>\n<meta property=\"article:modified_time\" content=\"2025-01-22T21:54:51+00:00\" \/>\n<meta property=\"og:image\" content=\"https:\/\/regiaonews.net.br\/2022\/wp-content\/uploads\/2025\/01\/WhatsApp-Image-2025-01-22-at-18.53.50.jpeg\" \/>\n\t<meta property=\"og:image:width\" content=\"1080\" \/>\n\t<meta property=\"og:image:height\" content=\"619\" \/>\n\t<meta property=\"og:image:type\" content=\"image\/jpeg\" \/>\n<meta name=\"author\" content=\"Roberto\" \/>\n<meta name=\"twitter:card\" content=\"summary_large_image\" \/>\n<meta name=\"twitter:label1\" content=\"Escrito por\" \/>\n\t<meta name=\"twitter:data1\" content=\"Roberto\" \/>\n\t<meta name=\"twitter:label2\" content=\"Est. tempo de leitura\" \/>\n\t<meta name=\"twitter:data2\" content=\"4 minutos\" \/>\n<script type=\"application\/ld+json\" class=\"yoast-schema-graph\">{\"@context\":\"https:\\\/\\\/schema.org\",\"@graph\":[{\"@type\":\"Article\",\"@id\":\"https:\\\/\\\/regiaonews.net.br\\\/2022\\\/2025\\\/01\\\/22\\\/veja-o-que-fazer-para-celebrar-os-471-anos-da-capital-paulista-no-fim-de-semana\\\/#article\",\"isPartOf\":{\"@id\":\"https:\\\/\\\/regiaonews.net.br\\\/2022\\\/2025\\\/01\\\/22\\\/veja-o-que-fazer-para-celebrar-os-471-anos-da-capital-paulista-no-fim-de-semana\\\/\"},\"author\":{\"name\":\"Roberto\",\"@id\":\"https:\\\/\\\/regiaonews.net.br\\\/2022\\\/#\\\/schema\\\/person\\\/2d205a608a5aa97ac279d7a5e6d89ad8\"},\"headline\":\"Veja o que fazer para celebrar os 471 anos da capital paulista no fim de semana\",\"datePublished\":\"2025-01-22T21:52:28+00:00\",\"dateModified\":\"2025-01-22T21:54:51+00:00\",\"mainEntityOfPage\":{\"@id\":\"https:\\\/\\\/regiaonews.net.br\\\/2022\\\/2025\\\/01\\\/22\\\/veja-o-que-fazer-para-celebrar-os-471-anos-da-capital-paulista-no-fim-de-semana\\\/\"},\"wordCount\":679,\"commentCount\":0,\"publisher\":{\"@id\":\"https:\\\/\\\/regiaonews.net.br\\\/2022\\\/#organization\"},\"image\":{\"@id\":\"https:\\\/\\\/regiaonews.net.br\\\/2022\\\/2025\\\/01\\\/22\\\/veja-o-que-fazer-para-celebrar-os-471-anos-da-capital-paulista-no-fim-de-semana\\\/#primaryimage\"},\"thumbnailUrl\":\"https:\\\/\\\/regiaonews.net.br\\\/2022\\\/wp-content\\\/uploads\\\/2025\\\/01\\\/WhatsApp-Image-2025-01-22-at-18.53.50.jpeg\",\"articleSection\":[\"Cidades\",\"S\u00e3o Paulo\"],\"inLanguage\":\"pt-BR\",\"potentialAction\":[{\"@type\":\"CommentAction\",\"name\":\"Comment\",\"target\":[\"https:\\\/\\\/regiaonews.net.br\\\/2022\\\/2025\\\/01\\\/22\\\/veja-o-que-fazer-para-celebrar-os-471-anos-da-capital-paulista-no-fim-de-semana\\\/#respond\"]}]},{\"@type\":\"WebPage\",\"@id\":\"https:\\\/\\\/regiaonews.net.br\\\/2022\\\/2025\\\/01\\\/22\\\/veja-o-que-fazer-para-celebrar-os-471-anos-da-capital-paulista-no-fim-de-semana\\\/\",\"url\":\"https:\\\/\\\/regiaonews.net.br\\\/2022\\\/2025\\\/01\\\/22\\\/veja-o-que-fazer-para-celebrar-os-471-anos-da-capital-paulista-no-fim-de-semana\\\/\",\"name\":\"Veja o que fazer para celebrar os 471 anos da capital paulista no fim de semana - Regi\u00e3o News\",\"isPartOf\":{\"@id\":\"https:\\\/\\\/regiaonews.net.br\\\/2022\\\/#website\"},\"primaryImageOfPage\":{\"@id\":\"https:\\\/\\\/regiaonews.net.br\\\/2022\\\/2025\\\/01\\\/22\\\/veja-o-que-fazer-para-celebrar-os-471-anos-da-capital-paulista-no-fim-de-semana\\\/#primaryimage\"},\"image\":{\"@id\":\"https:\\\/\\\/regiaonews.net.br\\\/2022\\\/2025\\\/01\\\/22\\\/veja-o-que-fazer-para-celebrar-os-471-anos-da-capital-paulista-no-fim-de-semana\\\/#primaryimage\"},\"thumbnailUrl\":\"https:\\\/\\\/regiaonews.net.br\\\/2022\\\/wp-content\\\/uploads\\\/2025\\\/01\\\/WhatsApp-Image-2025-01-22-at-18.53.50.jpeg\",\"datePublished\":\"2025-01-22T21:52:28+00:00\",\"dateModified\":\"2025-01-22T21:54:51+00:00\",\"breadcrumb\":{\"@id\":\"https:\\\/\\\/regiaonews.net.br\\\/2022\\\/2025\\\/01\\\/22\\\/veja-o-que-fazer-para-celebrar-os-471-anos-da-capital-paulista-no-fim-de-semana\\\/#breadcrumb\"},\"inLanguage\":\"pt-BR\",\"potentialAction\":[{\"@type\":\"ReadAction\",\"target\":[\"https:\\\/\\\/regiaonews.net.br\\\/2022\\\/2025\\\/01\\\/22\\\/veja-o-que-fazer-para-celebrar-os-471-anos-da-capital-paulista-no-fim-de-semana\\\/\"]}]},{\"@type\":\"ImageObject\",\"inLanguage\":\"pt-BR\",\"@id\":\"https:\\\/\\\/regiaonews.net.br\\\/2022\\\/2025\\\/01\\\/22\\\/veja-o-que-fazer-para-celebrar-os-471-anos-da-capital-paulista-no-fim-de-semana\\\/#primaryimage\",\"url\":\"https:\\\/\\\/regiaonews.net.br\\\/2022\\\/wp-content\\\/uploads\\\/2025\\\/01\\\/WhatsApp-Image-2025-01-22-at-18.53.50.jpeg\",\"contentUrl\":\"https:\\\/\\\/regiaonews.net.br\\\/2022\\\/wp-content\\\/uploads\\\/2025\\\/01\\\/WhatsApp-Image-2025-01-22-at-18.53.50.jpeg\",\"width\":1080,\"height\":619},{\"@type\":\"BreadcrumbList\",\"@id\":\"https:\\\/\\\/regiaonews.net.br\\\/2022\\\/2025\\\/01\\\/22\\\/veja-o-que-fazer-para-celebrar-os-471-anos-da-capital-paulista-no-fim-de-semana\\\/#breadcrumb\",\"itemListElement\":[{\"@type\":\"ListItem\",\"position\":1,\"name\":\"In\u00edcio\",\"item\":\"https:\\\/\\\/regiaonews.net.br\\\/2022\\\/\"},{\"@type\":\"ListItem\",\"position\":2,\"name\":\"Veja o que fazer para celebrar os 471 anos da capital paulista no fim de semana\"}]},{\"@type\":\"WebSite\",\"@id\":\"https:\\\/\\\/regiaonews.net.br\\\/2022\\\/#website\",\"url\":\"https:\\\/\\\/regiaonews.net.br\\\/2022\\\/\",\"name\":\"Regi\u00e3o News\",\"description\":\"Site de Not\u00edcias de Barretos e regi\u00e3o\",\"publisher\":{\"@id\":\"https:\\\/\\\/regiaonews.net.br\\\/2022\\\/#organization\"},\"potentialAction\":[{\"@type\":\"SearchAction\",\"target\":{\"@type\":\"EntryPoint\",\"urlTemplate\":\"https:\\\/\\\/regiaonews.net.br\\\/2022\\\/?s={search_term_string}\"},\"query-input\":{\"@type\":\"PropertyValueSpecification\",\"valueRequired\":true,\"valueName\":\"search_term_string\"}}],\"inLanguage\":\"pt-BR\"},{\"@type\":\"Organization\",\"@id\":\"https:\\\/\\\/regiaonews.net.br\\\/2022\\\/#organization\",\"name\":\"Regi\u00e3o News\",\"url\":\"https:\\\/\\\/regiaonews.net.br\\\/2022\\\/\",\"logo\":{\"@type\":\"ImageObject\",\"inLanguage\":\"pt-BR\",\"@id\":\"https:\\\/\\\/regiaonews.net.br\\\/2022\\\/#\\\/schema\\\/logo\\\/image\\\/\",\"url\":\"https:\\\/\\\/regiaonews.net.br\\\/2022\\\/wp-content\\\/uploads\\\/2026\\\/03\\\/regiao-13-anos-scaled.jpg\",\"contentUrl\":\"https:\\\/\\\/regiaonews.net.br\\\/2022\\\/wp-content\\\/uploads\\\/2026\\\/03\\\/regiao-13-anos-scaled.jpg\",\"width\":2560,\"height\":635,\"caption\":\"Regi\u00e3o News\"},\"image\":{\"@id\":\"https:\\\/\\\/regiaonews.net.br\\\/2022\\\/#\\\/schema\\\/logo\\\/image\\\/\"}},{\"@type\":\"Person\",\"@id\":\"https:\\\/\\\/regiaonews.net.br\\\/2022\\\/#\\\/schema\\\/person\\\/2d205a608a5aa97ac279d7a5e6d89ad8\",\"name\":\"Roberto\",\"image\":{\"@type\":\"ImageObject\",\"inLanguage\":\"pt-BR\",\"@id\":\"https:\\\/\\\/secure.gravatar.com\\\/avatar\\\/42749d8b712ff9d59ca93dc150494e5b55a44134482993f5baeb97e61b7ecc89?s=96&d=mm&r=g\",\"url\":\"https:\\\/\\\/secure.gravatar.com\\\/avatar\\\/42749d8b712ff9d59ca93dc150494e5b55a44134482993f5baeb97e61b7ecc89?s=96&d=mm&r=g\",\"contentUrl\":\"https:\\\/\\\/secure.gravatar.com\\\/avatar\\\/42749d8b712ff9d59ca93dc150494e5b55a44134482993f5baeb97e61b7ecc89?s=96&d=mm&r=g\",\"caption\":\"Roberto\"},\"url\":\"https:\\\/\\\/regiaonews.net.br\\\/2022\\\/author\\\/roberto\\\/\"}]}<\/script>\n<!-- \/ Yoast SEO plugin. -->","yoast_head_json":{"title":"Veja o que fazer para celebrar os 471 anos da capital paulista no fim de semana - Regi\u00e3o News","robots":{"index":"index","follow":"follow","max-snippet":"max-snippet:-1","max-image-preview":"max-image-preview:large","max-video-preview":"max-video-preview:-1"},"canonical":"https:\/\/regiaonews.net.br\/2022\/2025\/01\/22\/veja-o-que-fazer-para-celebrar-os-471-anos-da-capital-paulista-no-fim-de-semana\/","og_locale":"pt_BR","og_type":"article","og_title":"Veja o que fazer para celebrar os 471 anos da capital paulista no fim de semana - Regi\u00e3o News","og_description":"O Governo de S\u00e3o Paulo preparou uma programa\u00e7\u00e3o especial para","og_url":"https:\/\/regiaonews.net.br\/2022\/2025\/01\/22\/veja-o-que-fazer-para-celebrar-os-471-anos-da-capital-paulista-no-fim-de-semana\/","og_site_name":"Regi\u00e3o News","article_published_time":"2025-01-22T21:52:28+00:00","article_modified_time":"2025-01-22T21:54:51+00:00","og_image":[{"width":1080,"height":619,"url":"https:\/\/regiaonews.net.br\/2022\/wp-content\/uploads\/2025\/01\/WhatsApp-Image-2025-01-22-at-18.53.50.jpeg","type":"image\/jpeg"}],"author":"Roberto","twitter_card":"summary_large_image","twitter_misc":{"Escrito por":"Roberto","Est. tempo de leitura":"4 minutos"},"schema":{"@context":"https:\/\/schema.org","@graph":[{"@type":"Article","@id":"https:\/\/regiaonews.net.br\/2022\/2025\/01\/22\/veja-o-que-fazer-para-celebrar-os-471-anos-da-capital-paulista-no-fim-de-semana\/#article","isPartOf":{"@id":"https:\/\/regiaonews.net.br\/2022\/2025\/01\/22\/veja-o-que-fazer-para-celebrar-os-471-anos-da-capital-paulista-no-fim-de-semana\/"},"author":{"name":"Roberto","@id":"https:\/\/regiaonews.net.br\/2022\/#\/schema\/person\/2d205a608a5aa97ac279d7a5e6d89ad8"},"headline":"Veja o que fazer para celebrar os 471 anos da capital paulista no fim de semana","datePublished":"2025-01-22T21:52:28+00:00","dateModified":"2025-01-22T21:54:51+00:00","mainEntityOfPage":{"@id":"https:\/\/regiaonews.net.br\/2022\/2025\/01\/22\/veja-o-que-fazer-para-celebrar-os-471-anos-da-capital-paulista-no-fim-de-semana\/"},"wordCount":679,"commentCount":0,"publisher":{"@id":"https:\/\/regiaonews.net.br\/2022\/#organization"},"image":{"@id":"https:\/\/regiaonews.net.br\/2022\/2025\/01\/22\/veja-o-que-fazer-para-celebrar-os-471-anos-da-capital-paulista-no-fim-de-semana\/#primaryimage"},"thumbnailUrl":"https:\/\/regiaonews.net.br\/2022\/wp-content\/uploads\/2025\/01\/WhatsApp-Image-2025-01-22-at-18.53.50.jpeg","articleSection":["Cidades","S\u00e3o Paulo"],"inLanguage":"pt-BR","potentialAction":[{"@type":"CommentAction","name":"Comment","target":["https:\/\/regiaonews.net.br\/2022\/2025\/01\/22\/veja-o-que-fazer-para-celebrar-os-471-anos-da-capital-paulista-no-fim-de-semana\/#respond"]}]},{"@type":"WebPage","@id":"https:\/\/regiaonews.net.br\/2022\/2025\/01\/22\/veja-o-que-fazer-para-celebrar-os-471-anos-da-capital-paulista-no-fim-de-semana\/","url":"https:\/\/regiaonews.net.br\/2022\/2025\/01\/22\/veja-o-que-fazer-para-celebrar-os-471-anos-da-capital-paulista-no-fim-de-semana\/","name":"Veja o que fazer para celebrar os 471 anos da capital paulista no fim de semana - Regi\u00e3o News","isPartOf":{"@id":"https:\/\/regiaonews.net.br\/2022\/#website"},"primaryImageOfPage":{"@id":"https:\/\/regiaonews.net.br\/2022\/2025\/01\/22\/veja-o-que-fazer-para-celebrar-os-471-anos-da-capital-paulista-no-fim-de-semana\/#primaryimage"},"image":{"@id":"https:\/\/regiaonews.net.br\/2022\/2025\/01\/22\/veja-o-que-fazer-para-celebrar-os-471-anos-da-capital-paulista-no-fim-de-semana\/#primaryimage"},"thumbnailUrl":"https:\/\/regiaonews.net.br\/2022\/wp-content\/uploads\/2025\/01\/WhatsApp-Image-2025-01-22-at-18.53.50.jpeg","datePublished":"2025-01-22T21:52:28+00:00","dateModified":"2025-01-22T21:54:51+00:00","breadcrumb":{"@id":"https:\/\/regiaonews.net.br\/2022\/2025\/01\/22\/veja-o-que-fazer-para-celebrar-os-471-anos-da-capital-paulista-no-fim-de-semana\/#breadcrumb"},"inLanguage":"pt-BR","potentialAction":[{"@type":"ReadAction","target":["https:\/\/regiaonews.net.br\/2022\/2025\/01\/22\/veja-o-que-fazer-para-celebrar-os-471-anos-da-capital-paulista-no-fim-de-semana\/"]}]},{"@type":"ImageObject","inLanguage":"pt-BR","@id":"https:\/\/regiaonews.net.br\/2022\/2025\/01\/22\/veja-o-que-fazer-para-celebrar-os-471-anos-da-capital-paulista-no-fim-de-semana\/#primaryimage","url":"https:\/\/regiaonews.net.br\/2022\/wp-content\/uploads\/2025\/01\/WhatsApp-Image-2025-01-22-at-18.53.50.jpeg","contentUrl":"https:\/\/regiaonews.net.br\/2022\/wp-content\/uploads\/2025\/01\/WhatsApp-Image-2025-01-22-at-18.53.50.jpeg","width":1080,"height":619},{"@type":"BreadcrumbList","@id":"https:\/\/regiaonews.net.br\/2022\/2025\/01\/22\/veja-o-que-fazer-para-celebrar-os-471-anos-da-capital-paulista-no-fim-de-semana\/#breadcrumb","itemListElement":[{"@type":"ListItem","position":1,"name":"In\u00edcio","item":"https:\/\/regiaonews.net.br\/2022\/"},{"@type":"ListItem","position":2,"name":"Veja o que fazer para celebrar os 471 anos da capital paulista no fim de semana"}]},{"@type":"WebSite","@id":"https:\/\/regiaonews.net.br\/2022\/#website","url":"https:\/\/regiaonews.net.br\/2022\/","name":"Regi\u00e3o News","description":"Site de Not\u00edcias de Barretos e regi\u00e3o","publisher":{"@id":"https:\/\/regiaonews.net.br\/2022\/#organization"},"potentialAction":[{"@type":"SearchAction","target":{"@type":"EntryPoint","urlTemplate":"https:\/\/regiaonews.net.br\/2022\/?s={search_term_string}"},"query-input":{"@type":"PropertyValueSpecification","valueRequired":true,"valueName":"search_term_string"}}],"inLanguage":"pt-BR"},{"@type":"Organization","@id":"https:\/\/regiaonews.net.br\/2022\/#organization","name":"Regi\u00e3o News","url":"https:\/\/regiaonews.net.br\/2022\/","logo":{"@type":"ImageObject","inLanguage":"pt-BR","@id":"https:\/\/regiaonews.net.br\/2022\/#\/schema\/logo\/image\/","url":"https:\/\/regiaonews.net.br\/2022\/wp-content\/uploads\/2026\/03\/regiao-13-anos-scaled.jpg","contentUrl":"https:\/\/regiaonews.net.br\/2022\/wp-content\/uploads\/2026\/03\/regiao-13-anos-scaled.jpg","width":2560,"height":635,"caption":"Regi\u00e3o News"},"image":{"@id":"https:\/\/regiaonews.net.br\/2022\/#\/schema\/logo\/image\/"}},{"@type":"Person","@id":"https:\/\/regiaonews.net.br\/2022\/#\/schema\/person\/2d205a608a5aa97ac279d7a5e6d89ad8","name":"Roberto","image":{"@type":"ImageObject","inLanguage":"pt-BR","@id":"https:\/\/secure.gravatar.com\/avatar\/42749d8b712ff9d59ca93dc150494e5b55a44134482993f5baeb97e61b7ecc89?s=96&d=mm&r=g","url":"https:\/\/secure.gravatar.com\/avatar\/42749d8b712ff9d59ca93dc150494e5b55a44134482993f5baeb97e61b7ecc89?s=96&d=mm&r=g","contentUrl":"https:\/\/secure.gravatar.com\/avatar\/42749d8b712ff9d59ca93dc150494e5b55a44134482993f5baeb97e61b7ecc89?s=96&d=mm&r=g","caption":"Roberto"},"url":"https:\/\/regiaonews.net.br\/2022\/author\/roberto\/"}]}},"publishpress_future_action":{"enabled":false,"date":"2026-05-02 03:47:04","action":"change-status","newStatus":"draft","terms":[],"taxonomy":"category","extraData":[]},"publishpress_future_workflow_manual_trigger":{"enabledWorkflows":[]},"_links":{"self":[{"href":"https:\/\/regiaonews.net.br\/2022\/wp-json\/wp\/v2\/posts\/113919","targetHints":{"allow":["GET"]}}],"collection":[{"href":"https:\/\/regiaonews.net.br\/2022\/wp-json\/wp\/v2\/posts"}],"about":[{"href":"https:\/\/regiaonews.net.br\/2022\/wp-json\/wp\/v2\/types\/post"}],"author":[{"embeddable":true,"href":"https:\/\/regiaonews.net.br\/2022\/wp-json\/wp\/v2\/users\/2"}],"replies":[{"embeddable":true,"href":"https:\/\/regiaonews.net.br\/2022\/wp-json\/wp\/v2\/comments?post=113919"}],"version-history":[{"count":1,"href":"https:\/\/regiaonews.net.br\/2022\/wp-json\/wp\/v2\/posts\/113919\/revisions"}],"predecessor-version":[{"id":113920,"href":"https:\/\/regiaonews.net.br\/2022\/wp-json\/wp\/v2\/posts\/113919\/revisions\/113920"}],"wp:featuredmedia":[{"embeddable":true,"href":"https:\/\/regiaonews.net.br\/2022\/wp-json\/wp\/v2\/media\/113921"}],"wp:attachment":[{"href":"https:\/\/regiaonews.net.br\/2022\/wp-json\/wp\/v2\/media?parent=113919"}],"wp:term":[{"taxonomy":"category","embeddable":true,"href":"https:\/\/regiaonews.net.br\/2022\/wp-json\/wp\/v2\/categories?post=113919"},{"taxonomy":"post_tag","embeddable":true,"href":"https:\/\/regiaonews.net.br\/2022\/wp-json\/wp\/v2\/tags?post=113919"}],"curies":[{"name":"wp","href":"https:\/\/api.w.org\/{rel}","templated":true}]}}