{"id":113913,"date":"2025-01-22T17:48:57","date_gmt":"2025-01-22T20:48:57","guid":{"rendered":"https:\/\/regiaonews.net.br\/2022\/?p=113913"},"modified":"2025-01-22T18:03:01","modified_gmt":"2025-01-22T21:03:01","slug":"113913","status":"publish","type":"post","link":"https:\/\/regiaonews.net.br\/2022\/2025\/01\/22\/113913\/","title":{"rendered":"SP instala Conselho de Mudan\u00e7as Clim\u00e1ticas para fortalecer resili\u00eancia de cidades contra desastres ambientais"},"content":{"rendered":"<p>O governador Tarc\u00edsio de Freitas anunciou nesta quarta-feira (22), no Pal\u00e1cio dos Bandeirantes, a instala\u00e7\u00e3o do Conselho Estadual de Mudan\u00e7as Clim\u00e1ticas (CEMC), que vai acompanhar e monitorar a implementa\u00e7\u00e3o da estrat\u00e9gia do estado na preven\u00e7\u00e3o e enfrentamento a eventos clim\u00e1ticos extremos. Com o CEMC, que tem composi\u00e7\u00e3o tripartite, com representantes do governo estadual, dos munic\u00edpios e da sociedade civil, S\u00e3o Paulo sai na frente na cria\u00e7\u00e3o de uma governan\u00e7a robusta para o enfrentamento \u00e0s mudan\u00e7as do clima.<\/p>\n<p>\u201cNo que diz respeito \u00e0 mitiga\u00e7\u00e3o de efeitos e \u00e0 adapta\u00e7\u00e3o clim\u00e1tica, n\u00f3s temos uma s\u00e9rie de a\u00e7\u00f5es que est\u00e3o em curso e agora vamos avan\u00e7ar na quest\u00e3o governan\u00e7a, que \u00e9 muito importante, com o conselho e com a participa\u00e7\u00e3o dos munic\u00edpios, do estado e da sociedade civil, que est\u00e1 representada por meio de entidades super relevantes e pela Academia. Tenho certeza que a gente vai dar passos importantes na quest\u00e3o da sustentabilidade para aproveitar as oportunidades que est\u00e3o a\u00ed\u201d, afirmou o governador.<\/p>\n<p>A cerim\u00f4nia contou com a presen\u00e7a dos secret\u00e1rios estaduais Nat\u00e1lia Resende (Meio Ambiente, Infraestrutura e Log\u00edstica); Coronel PM Henguel Ricardo Pereira (Casa Militar e Defesa Civil); Arthur Lima (Casa Civil); Eleuses Paiva (Sa\u00fade); Vahan Agopyan (Ci\u00eancia, Tecnologia e Inova\u00e7\u00e3o) e Coronel Helena (Esportes), al\u00e9m da procuradora geral do estado, In\u00eas Coimbra; do presidente do Conselho de Administra\u00e7\u00e3o da EMAE, Nelson Tanure, e do economista Marcos Troyjo, acad\u00eamico da Universidade de Oxford, no Reino Unido.<\/p>\n<p>O Conselho ter\u00e1 a miss\u00e3o de acompanhar e monitorar a implementa\u00e7\u00e3o da estrat\u00e9gia clim\u00e1tica do estado. A prioridade \u00e9 reduzir as emiss\u00f5es de gases de efeito estufa e tornar as cidades paulistas mais resilientes a desastres provocados por grandes inunda\u00e7\u00f5es, deslizamentos, inc\u00eandios florestais e estiagem prolongada, entre outros. As secretarias da Casa Civil e de Meio Ambiente, Infraestrutura e Log\u00edstica lideram a iniciativa.<\/p>\n<p>De car\u00e1ter consultivo, o Conselho \u00e9 composto por 18 membros, divididos entre governo, sociedade civil e munic\u00edpios. Entre os membros do governo fazem parte as secretarias de Meio Ambiente, Infraestrutura e Log\u00edstica, da Casa Civil, de Desenvolvimento Econ\u00f4mico, de Ci\u00eancia, Tecnologia e Informa\u00e7\u00e3o, de Agricultura e Abastecimento e Transportes Metropolitanos, da Sa\u00fade e a Defesa Civil do Estado de S\u00e3o Paulo.<\/p>\n<p>J\u00e1 entre os munic\u00edpios est\u00e3o as regi\u00f5es metropolitanas de S\u00e3o Paulo e da Baixada Santista e a Associa\u00e7\u00e3o Nacional de Munic\u00edpios e Meio Ambiente (Anamma). Representando a sociedade civil, foram convidadas organiza\u00e7\u00f5es socioambientais com atua\u00e7\u00e3o na \u00e1rea de mudan\u00e7as clim\u00e1ticas, universidades p\u00fablicas paulistas e a Federa\u00e7\u00e3o das Ind\u00fastrias do Estado de S\u00e3o Paulo (Fiesp).<\/p>\n<p>\u201cEste conselho est\u00e1 sendo instalado hoje com o objetivo de promover uma governan\u00e7a mais integrada e representativa. Com uma atua\u00e7\u00e3o coordenada, haver\u00e1 uma articula\u00e7\u00e3o entre os setores estrat\u00e9gicos para a resili\u00eancia clim\u00e1tica e economia de baixo carbono, como restaura\u00e7\u00e3o ecol\u00f3gica, seguran\u00e7a alimentar, resili\u00eancia h\u00eddrica, gest\u00e3o de res\u00edduos e saneamento e mercado de carbono\u201d, comentou a secret\u00e1ria de Meio Ambiente, Infraestrutura e Log\u00edstica, Nat\u00e1lia Resende.<\/p>\n","protected":false},"excerpt":{"rendered":"<p>O governador Tarc\u00edsio de Freitas anunciou nesta quarta-feira (22), no<\/p>\n","protected":false},"author":2,"featured_media":113918,"comment_status":"open","ping_status":"open","sticky":false,"template":"","format":"standard","meta":{"footnotes":""},"categories":[111,7],"tags":[],"class_list":["post-113913","post","type-post","status-publish","format-standard","has-post-thumbnail","hentry","category-cotidiano","category-estado-de-sao-paulo"],"yoast_head":"<!-- This site is optimized with the Yoast SEO plugin v27.4 - https:\/\/yoast.com\/product\/yoast-seo-wordpress\/ -->\n<title>SP instala Conselho de Mudan\u00e7as Clim\u00e1ticas para fortalecer resili\u00eancia de cidades contra desastres ambientais - Regi\u00e3o News<\/title>\n<meta name=\"robots\" content=\"index, follow, max-snippet:-1, max-image-preview:large, max-video-preview:-1\" \/>\n<link rel=\"canonical\" href=\"https:\/\/regiaonews.net.br\/2022\/2025\/01\/22\/113913\/\" \/>\n<meta property=\"og:locale\" content=\"pt_BR\" \/>\n<meta property=\"og:type\" content=\"article\" \/>\n<meta property=\"og:title\" content=\"SP instala Conselho de Mudan\u00e7as Clim\u00e1ticas para fortalecer resili\u00eancia de cidades contra desastres ambientais - Regi\u00e3o News\" \/>\n<meta property=\"og:description\" content=\"O governador Tarc\u00edsio de Freitas anunciou nesta quarta-feira (22), no\" \/>\n<meta property=\"og:url\" content=\"https:\/\/regiaonews.net.br\/2022\/2025\/01\/22\/113913\/\" \/>\n<meta property=\"og:site_name\" content=\"Regi\u00e3o News\" \/>\n<meta property=\"article:published_time\" content=\"2025-01-22T20:48:57+00:00\" \/>\n<meta property=\"article:modified_time\" content=\"2025-01-22T21:03:01+00:00\" \/>\n<meta property=\"og:image\" content=\"https:\/\/regiaonews.net.br\/2022\/wp-content\/uploads\/2025\/01\/Screenshot_20250122_175950_WhatsApp-1024x761.jpg\" \/>\n\t<meta property=\"og:image:width\" content=\"1024\" \/>\n\t<meta property=\"og:image:height\" content=\"761\" \/>\n\t<meta property=\"og:image:type\" content=\"image\/jpeg\" \/>\n<meta name=\"author\" content=\"Roberto\" \/>\n<meta name=\"twitter:card\" content=\"summary_large_image\" \/>\n<meta name=\"twitter:label1\" content=\"Escrito por\" \/>\n\t<meta name=\"twitter:data1\" content=\"Roberto\" \/>\n\t<meta name=\"twitter:label2\" content=\"Est. tempo de leitura\" \/>\n\t<meta name=\"twitter:data2\" content=\"3 minutos\" \/>\n<script type=\"application\/ld+json\" class=\"yoast-schema-graph\">{\"@context\":\"https:\\\/\\\/schema.org\",\"@graph\":[{\"@type\":\"Article\",\"@id\":\"https:\\\/\\\/regiaonews.net.br\\\/2022\\\/2025\\\/01\\\/22\\\/113913\\\/#article\",\"isPartOf\":{\"@id\":\"https:\\\/\\\/regiaonews.net.br\\\/2022\\\/2025\\\/01\\\/22\\\/113913\\\/\"},\"author\":{\"name\":\"Roberto\",\"@id\":\"https:\\\/\\\/regiaonews.net.br\\\/2022\\\/#\\\/schema\\\/person\\\/2d205a608a5aa97ac279d7a5e6d89ad8\"},\"headline\":\"SP instala Conselho de Mudan\u00e7as Clim\u00e1ticas para fortalecer resili\u00eancia de cidades contra desastres ambientais\",\"datePublished\":\"2025-01-22T20:48:57+00:00\",\"dateModified\":\"2025-01-22T21:03:01+00:00\",\"mainEntityOfPage\":{\"@id\":\"https:\\\/\\\/regiaonews.net.br\\\/2022\\\/2025\\\/01\\\/22\\\/113913\\\/\"},\"wordCount\":573,\"commentCount\":0,\"publisher\":{\"@id\":\"https:\\\/\\\/regiaonews.net.br\\\/2022\\\/#organization\"},\"image\":{\"@id\":\"https:\\\/\\\/regiaonews.net.br\\\/2022\\\/2025\\\/01\\\/22\\\/113913\\\/#primaryimage\"},\"thumbnailUrl\":\"https:\\\/\\\/regiaonews.net.br\\\/2022\\\/wp-content\\\/uploads\\\/2025\\\/01\\\/Screenshot_20250122_175950_WhatsApp.jpg\",\"articleSection\":[\"Cotidiano\",\"Estado de S\u00e3o Paulo\"],\"inLanguage\":\"pt-BR\",\"potentialAction\":[{\"@type\":\"CommentAction\",\"name\":\"Comment\",\"target\":[\"https:\\\/\\\/regiaonews.net.br\\\/2022\\\/2025\\\/01\\\/22\\\/113913\\\/#respond\"]}]},{\"@type\":\"WebPage\",\"@id\":\"https:\\\/\\\/regiaonews.net.br\\\/2022\\\/2025\\\/01\\\/22\\\/113913\\\/\",\"url\":\"https:\\\/\\\/regiaonews.net.br\\\/2022\\\/2025\\\/01\\\/22\\\/113913\\\/\",\"name\":\"SP instala Conselho de Mudan\u00e7as Clim\u00e1ticas para fortalecer resili\u00eancia de cidades contra desastres ambientais - Regi\u00e3o News\",\"isPartOf\":{\"@id\":\"https:\\\/\\\/regiaonews.net.br\\\/2022\\\/#website\"},\"primaryImageOfPage\":{\"@id\":\"https:\\\/\\\/regiaonews.net.br\\\/2022\\\/2025\\\/01\\\/22\\\/113913\\\/#primaryimage\"},\"image\":{\"@id\":\"https:\\\/\\\/regiaonews.net.br\\\/2022\\\/2025\\\/01\\\/22\\\/113913\\\/#primaryimage\"},\"thumbnailUrl\":\"https:\\\/\\\/regiaonews.net.br\\\/2022\\\/wp-content\\\/uploads\\\/2025\\\/01\\\/Screenshot_20250122_175950_WhatsApp.jpg\",\"datePublished\":\"2025-01-22T20:48:57+00:00\",\"dateModified\":\"2025-01-22T21:03:01+00:00\",\"breadcrumb\":{\"@id\":\"https:\\\/\\\/regiaonews.net.br\\\/2022\\\/2025\\\/01\\\/22\\\/113913\\\/#breadcrumb\"},\"inLanguage\":\"pt-BR\",\"potentialAction\":[{\"@type\":\"ReadAction\",\"target\":[\"https:\\\/\\\/regiaonews.net.br\\\/2022\\\/2025\\\/01\\\/22\\\/113913\\\/\"]}]},{\"@type\":\"ImageObject\",\"inLanguage\":\"pt-BR\",\"@id\":\"https:\\\/\\\/regiaonews.net.br\\\/2022\\\/2025\\\/01\\\/22\\\/113913\\\/#primaryimage\",\"url\":\"https:\\\/\\\/regiaonews.net.br\\\/2022\\\/wp-content\\\/uploads\\\/2025\\\/01\\\/Screenshot_20250122_175950_WhatsApp.jpg\",\"contentUrl\":\"https:\\\/\\\/regiaonews.net.br\\\/2022\\\/wp-content\\\/uploads\\\/2025\\\/01\\\/Screenshot_20250122_175950_WhatsApp.jpg\",\"width\":2520,\"height\":1872},{\"@type\":\"BreadcrumbList\",\"@id\":\"https:\\\/\\\/regiaonews.net.br\\\/2022\\\/2025\\\/01\\\/22\\\/113913\\\/#breadcrumb\",\"itemListElement\":[{\"@type\":\"ListItem\",\"position\":1,\"name\":\"In\u00edcio\",\"item\":\"https:\\\/\\\/regiaonews.net.br\\\/2022\\\/\"},{\"@type\":\"ListItem\",\"position\":2,\"name\":\"SP instala Conselho de Mudan\u00e7as Clim\u00e1ticas para fortalecer resili\u00eancia de cidades contra desastres ambientais\"}]},{\"@type\":\"WebSite\",\"@id\":\"https:\\\/\\\/regiaonews.net.br\\\/2022\\\/#website\",\"url\":\"https:\\\/\\\/regiaonews.net.br\\\/2022\\\/\",\"name\":\"Regi\u00e3o News\",\"description\":\"Site de Not\u00edcias de Barretos e regi\u00e3o\",\"publisher\":{\"@id\":\"https:\\\/\\\/regiaonews.net.br\\\/2022\\\/#organization\"},\"potentialAction\":[{\"@type\":\"SearchAction\",\"target\":{\"@type\":\"EntryPoint\",\"urlTemplate\":\"https:\\\/\\\/regiaonews.net.br\\\/2022\\\/?s={search_term_string}\"},\"query-input\":{\"@type\":\"PropertyValueSpecification\",\"valueRequired\":true,\"valueName\":\"search_term_string\"}}],\"inLanguage\":\"pt-BR\"},{\"@type\":\"Organization\",\"@id\":\"https:\\\/\\\/regiaonews.net.br\\\/2022\\\/#organization\",\"name\":\"Regi\u00e3o News\",\"url\":\"https:\\\/\\\/regiaonews.net.br\\\/2022\\\/\",\"logo\":{\"@type\":\"ImageObject\",\"inLanguage\":\"pt-BR\",\"@id\":\"https:\\\/\\\/regiaonews.net.br\\\/2022\\\/#\\\/schema\\\/logo\\\/image\\\/\",\"url\":\"https:\\\/\\\/regiaonews.net.br\\\/2022\\\/wp-content\\\/uploads\\\/2026\\\/03\\\/regiao-13-anos-scaled.jpg\",\"contentUrl\":\"https:\\\/\\\/regiaonews.net.br\\\/2022\\\/wp-content\\\/uploads\\\/2026\\\/03\\\/regiao-13-anos-scaled.jpg\",\"width\":2560,\"height\":635,\"caption\":\"Regi\u00e3o News\"},\"image\":{\"@id\":\"https:\\\/\\\/regiaonews.net.br\\\/2022\\\/#\\\/schema\\\/logo\\\/image\\\/\"}},{\"@type\":\"Person\",\"@id\":\"https:\\\/\\\/regiaonews.net.br\\\/2022\\\/#\\\/schema\\\/person\\\/2d205a608a5aa97ac279d7a5e6d89ad8\",\"name\":\"Roberto\",\"image\":{\"@type\":\"ImageObject\",\"inLanguage\":\"pt-BR\",\"@id\":\"https:\\\/\\\/secure.gravatar.com\\\/avatar\\\/42749d8b712ff9d59ca93dc150494e5b55a44134482993f5baeb97e61b7ecc89?s=96&d=mm&r=g\",\"url\":\"https:\\\/\\\/secure.gravatar.com\\\/avatar\\\/42749d8b712ff9d59ca93dc150494e5b55a44134482993f5baeb97e61b7ecc89?s=96&d=mm&r=g\",\"contentUrl\":\"https:\\\/\\\/secure.gravatar.com\\\/avatar\\\/42749d8b712ff9d59ca93dc150494e5b55a44134482993f5baeb97e61b7ecc89?s=96&d=mm&r=g\",\"caption\":\"Roberto\"},\"url\":\"https:\\\/\\\/regiaonews.net.br\\\/2022\\\/author\\\/roberto\\\/\"}]}<\/script>\n<!-- \/ Yoast SEO plugin. -->","yoast_head_json":{"title":"SP instala Conselho de Mudan\u00e7as Clim\u00e1ticas para fortalecer resili\u00eancia de cidades contra desastres ambientais - Regi\u00e3o News","robots":{"index":"index","follow":"follow","max-snippet":"max-snippet:-1","max-image-preview":"max-image-preview:large","max-video-preview":"max-video-preview:-1"},"canonical":"https:\/\/regiaonews.net.br\/2022\/2025\/01\/22\/113913\/","og_locale":"pt_BR","og_type":"article","og_title":"SP instala Conselho de Mudan\u00e7as Clim\u00e1ticas para fortalecer resili\u00eancia de cidades contra desastres ambientais - Regi\u00e3o News","og_description":"O governador Tarc\u00edsio de Freitas anunciou nesta quarta-feira (22), no","og_url":"https:\/\/regiaonews.net.br\/2022\/2025\/01\/22\/113913\/","og_site_name":"Regi\u00e3o News","article_published_time":"2025-01-22T20:48:57+00:00","article_modified_time":"2025-01-22T21:03:01+00:00","og_image":[{"width":1024,"height":761,"url":"https:\/\/regiaonews.net.br\/2022\/wp-content\/uploads\/2025\/01\/Screenshot_20250122_175950_WhatsApp-1024x761.jpg","type":"image\/jpeg"}],"author":"Roberto","twitter_card":"summary_large_image","twitter_misc":{"Escrito por":"Roberto","Est. tempo de leitura":"3 minutos"},"schema":{"@context":"https:\/\/schema.org","@graph":[{"@type":"Article","@id":"https:\/\/regiaonews.net.br\/2022\/2025\/01\/22\/113913\/#article","isPartOf":{"@id":"https:\/\/regiaonews.net.br\/2022\/2025\/01\/22\/113913\/"},"author":{"name":"Roberto","@id":"https:\/\/regiaonews.net.br\/2022\/#\/schema\/person\/2d205a608a5aa97ac279d7a5e6d89ad8"},"headline":"SP instala Conselho de Mudan\u00e7as Clim\u00e1ticas para fortalecer resili\u00eancia de cidades contra desastres ambientais","datePublished":"2025-01-22T20:48:57+00:00","dateModified":"2025-01-22T21:03:01+00:00","mainEntityOfPage":{"@id":"https:\/\/regiaonews.net.br\/2022\/2025\/01\/22\/113913\/"},"wordCount":573,"commentCount":0,"publisher":{"@id":"https:\/\/regiaonews.net.br\/2022\/#organization"},"image":{"@id":"https:\/\/regiaonews.net.br\/2022\/2025\/01\/22\/113913\/#primaryimage"},"thumbnailUrl":"https:\/\/regiaonews.net.br\/2022\/wp-content\/uploads\/2025\/01\/Screenshot_20250122_175950_WhatsApp.jpg","articleSection":["Cotidiano","Estado de S\u00e3o Paulo"],"inLanguage":"pt-BR","potentialAction":[{"@type":"CommentAction","name":"Comment","target":["https:\/\/regiaonews.net.br\/2022\/2025\/01\/22\/113913\/#respond"]}]},{"@type":"WebPage","@id":"https:\/\/regiaonews.net.br\/2022\/2025\/01\/22\/113913\/","url":"https:\/\/regiaonews.net.br\/2022\/2025\/01\/22\/113913\/","name":"SP instala Conselho de Mudan\u00e7as Clim\u00e1ticas para fortalecer resili\u00eancia de cidades contra desastres ambientais - Regi\u00e3o News","isPartOf":{"@id":"https:\/\/regiaonews.net.br\/2022\/#website"},"primaryImageOfPage":{"@id":"https:\/\/regiaonews.net.br\/2022\/2025\/01\/22\/113913\/#primaryimage"},"image":{"@id":"https:\/\/regiaonews.net.br\/2022\/2025\/01\/22\/113913\/#primaryimage"},"thumbnailUrl":"https:\/\/regiaonews.net.br\/2022\/wp-content\/uploads\/2025\/01\/Screenshot_20250122_175950_WhatsApp.jpg","datePublished":"2025-01-22T20:48:57+00:00","dateModified":"2025-01-22T21:03:01+00:00","breadcrumb":{"@id":"https:\/\/regiaonews.net.br\/2022\/2025\/01\/22\/113913\/#breadcrumb"},"inLanguage":"pt-BR","potentialAction":[{"@type":"ReadAction","target":["https:\/\/regiaonews.net.br\/2022\/2025\/01\/22\/113913\/"]}]},{"@type":"ImageObject","inLanguage":"pt-BR","@id":"https:\/\/regiaonews.net.br\/2022\/2025\/01\/22\/113913\/#primaryimage","url":"https:\/\/regiaonews.net.br\/2022\/wp-content\/uploads\/2025\/01\/Screenshot_20250122_175950_WhatsApp.jpg","contentUrl":"https:\/\/regiaonews.net.br\/2022\/wp-content\/uploads\/2025\/01\/Screenshot_20250122_175950_WhatsApp.jpg","width":2520,"height":1872},{"@type":"BreadcrumbList","@id":"https:\/\/regiaonews.net.br\/2022\/2025\/01\/22\/113913\/#breadcrumb","itemListElement":[{"@type":"ListItem","position":1,"name":"In\u00edcio","item":"https:\/\/regiaonews.net.br\/2022\/"},{"@type":"ListItem","position":2,"name":"SP instala Conselho de Mudan\u00e7as Clim\u00e1ticas para fortalecer resili\u00eancia de cidades contra desastres ambientais"}]},{"@type":"WebSite","@id":"https:\/\/regiaonews.net.br\/2022\/#website","url":"https:\/\/regiaonews.net.br\/2022\/","name":"Regi\u00e3o News","description":"Site de Not\u00edcias de Barretos e regi\u00e3o","publisher":{"@id":"https:\/\/regiaonews.net.br\/2022\/#organization"},"potentialAction":[{"@type":"SearchAction","target":{"@type":"EntryPoint","urlTemplate":"https:\/\/regiaonews.net.br\/2022\/?s={search_term_string}"},"query-input":{"@type":"PropertyValueSpecification","valueRequired":true,"valueName":"search_term_string"}}],"inLanguage":"pt-BR"},{"@type":"Organization","@id":"https:\/\/regiaonews.net.br\/2022\/#organization","name":"Regi\u00e3o News","url":"https:\/\/regiaonews.net.br\/2022\/","logo":{"@type":"ImageObject","inLanguage":"pt-BR","@id":"https:\/\/regiaonews.net.br\/2022\/#\/schema\/logo\/image\/","url":"https:\/\/regiaonews.net.br\/2022\/wp-content\/uploads\/2026\/03\/regiao-13-anos-scaled.jpg","contentUrl":"https:\/\/regiaonews.net.br\/2022\/wp-content\/uploads\/2026\/03\/regiao-13-anos-scaled.jpg","width":2560,"height":635,"caption":"Regi\u00e3o News"},"image":{"@id":"https:\/\/regiaonews.net.br\/2022\/#\/schema\/logo\/image\/"}},{"@type":"Person","@id":"https:\/\/regiaonews.net.br\/2022\/#\/schema\/person\/2d205a608a5aa97ac279d7a5e6d89ad8","name":"Roberto","image":{"@type":"ImageObject","inLanguage":"pt-BR","@id":"https:\/\/secure.gravatar.com\/avatar\/42749d8b712ff9d59ca93dc150494e5b55a44134482993f5baeb97e61b7ecc89?s=96&d=mm&r=g","url":"https:\/\/secure.gravatar.com\/avatar\/42749d8b712ff9d59ca93dc150494e5b55a44134482993f5baeb97e61b7ecc89?s=96&d=mm&r=g","contentUrl":"https:\/\/secure.gravatar.com\/avatar\/42749d8b712ff9d59ca93dc150494e5b55a44134482993f5baeb97e61b7ecc89?s=96&d=mm&r=g","caption":"Roberto"},"url":"https:\/\/regiaonews.net.br\/2022\/author\/roberto\/"}]}},"publishpress_future_action":{"enabled":false,"date":"2026-05-02 04:05:24","action":"change-status","newStatus":"draft","terms":[],"taxonomy":"category","extraData":[]},"publishpress_future_workflow_manual_trigger":{"enabledWorkflows":[]},"_links":{"self":[{"href":"https:\/\/regiaonews.net.br\/2022\/wp-json\/wp\/v2\/posts\/113913","targetHints":{"allow":["GET"]}}],"collection":[{"href":"https:\/\/regiaonews.net.br\/2022\/wp-json\/wp\/v2\/posts"}],"about":[{"href":"https:\/\/regiaonews.net.br\/2022\/wp-json\/wp\/v2\/types\/post"}],"author":[{"embeddable":true,"href":"https:\/\/regiaonews.net.br\/2022\/wp-json\/wp\/v2\/users\/2"}],"replies":[{"embeddable":true,"href":"https:\/\/regiaonews.net.br\/2022\/wp-json\/wp\/v2\/comments?post=113913"}],"version-history":[{"count":2,"href":"https:\/\/regiaonews.net.br\/2022\/wp-json\/wp\/v2\/posts\/113913\/revisions"}],"predecessor-version":[{"id":113917,"href":"https:\/\/regiaonews.net.br\/2022\/wp-json\/wp\/v2\/posts\/113913\/revisions\/113917"}],"wp:featuredmedia":[{"embeddable":true,"href":"https:\/\/regiaonews.net.br\/2022\/wp-json\/wp\/v2\/media\/113918"}],"wp:attachment":[{"href":"https:\/\/regiaonews.net.br\/2022\/wp-json\/wp\/v2\/media?parent=113913"}],"wp:term":[{"taxonomy":"category","embeddable":true,"href":"https:\/\/regiaonews.net.br\/2022\/wp-json\/wp\/v2\/categories?post=113913"},{"taxonomy":"post_tag","embeddable":true,"href":"https:\/\/regiaonews.net.br\/2022\/wp-json\/wp\/v2\/tags?post=113913"}],"curies":[{"name":"wp","href":"https:\/\/api.w.org\/{rel}","templated":true}]}}