{"id":113908,"date":"2025-01-22T17:31:28","date_gmt":"2025-01-22T20:31:28","guid":{"rendered":"https:\/\/regiaonews.net.br\/2022\/?p=113908"},"modified":"2025-01-22T17:31:28","modified_gmt":"2025-01-22T20:31:28","slug":"prepare-o-seu-coracao-a-festa-do-peao-de-guaira-2025-vem-para-fazer-historia","status":"publish","type":"post","link":"https:\/\/regiaonews.net.br\/2022\/2025\/01\/22\/prepare-o-seu-coracao-a-festa-do-peao-de-guaira-2025-vem-para-fazer-historia\/","title":{"rendered":"Prepare o seu cora\u00e7\u00e3o, a Festa do Pe\u00e3o de Gua\u00edra 2025 vem para fazer hist\u00f3ria!"},"content":{"rendered":"<p>O cheiro de terra molhada, a m\u00fasica sertaneja ecoando e a adrenalina a mil: a 30\u00aa Festa do Pe\u00e3o de Gua\u00edra est\u00e1 de volta para marcar hist\u00f3ria! De 14 a 18 de maio, o p\u00fablico acompanhar\u00e1 uma grade de shows impressionante, montarias em touro, provas dos tr\u00eas tambores e Team Penning, Rodeio Amador e muito mais, marcando suas tr\u00eas d\u00e9cadas com muita emo\u00e7\u00e3o.<br \/>\nPrepare-se para viver noites inesquec\u00edveis! No dia 14, Hugo &amp; Guilherme prometem agitar a galera com seus hits contagiantes. Em seguida, no dia 15, Matogrosso &amp; Mathias trazem o melhor do sertanejo raiz para emocionar os cora\u00e7\u00f5es. A voz marcante de Simone Mendes toma conta do palco no dia 16, e para fechar a semana com chave de ouro, Z\u00e9 Neto &amp; Cristiano apresentam seus maiores sucessos no dia 17.<br \/>\nOrganizada pela Arena Eventos, com apoio da Prefeitura de Gua\u00edra, a festa ainda contar\u00e1 com uma ampla pra\u00e7a de alimenta\u00e7\u00e3o e um palha\u00e7o animador para garantir a divers\u00e3o de toda a fam\u00edlia.<br \/>\nPara encerrar o evento em grande estilo, no dia 18, teremos o tradicional Rodeio Amador, com muita emo\u00e7\u00e3o e adrenalina.<br \/>\nLembrando que os ingressos da arena para os dias 14, 15 e 16 podem ser trocados antecipadamente, por alimentos n\u00e3o perec\u00edveis, que ser\u00e3o distribu\u00eddos para fam\u00edlias em vulnerabilidade social e entidades da cidade.<br \/>\nRODEIO<br \/>\nO Rodeio ocorrer\u00e1 de 14 a 17, com a Cias de Rodeio JG, 3 Irm\u00e3os, JHI, Marcelo Castro e Calif\u00f3rnia, com montarias em touros e ainda as provas cronometradas de Tr\u00eas Tambores, pela ANTT e Team Penning, pelo Rancho J7. A locu\u00e7\u00e3o ficar\u00e1 por conta de Adriano do Valo, Palito e \u00c1guia Negra (Bid\u00ea)<br \/>\nVENDAS DE INGRESSOS E CAMAROTES<br \/>\nA Festa j\u00e1 est\u00e1 vendendo seus ingressos para o evento t\u00e3o esperado, seja arquibancadas, camarotes, lounge, \u00e1rea vip, com \u00e1rea 100% coberta. Interessados podem acessar o site https:\/\/www.megaue.com.br\/ para adquirir o seu ou ainda entrar em contato pelo telefone (17) 99976-4604 ou pessoalmente no QG da Festa, localizado no Recinto de Exposi\u00e7\u00f5es Ademir Jovanini Augusto (Avenida Gabriel Garcia Leal, S\/N), das 9h \u00e0s 12h e das 14h \u00e0s 18h30, de segunda a sexta.<br \/>\nAcesse as redes sociais da 30\u00aa Festa do Pe\u00e3o de Gua\u00edra e fique por dentro das novidades!<br \/>\nInstagram: @festadopeaoguaira<br \/>\nFacebook: \/festadopeaodeguaira<\/p>\n","protected":false},"excerpt":{"rendered":"<p>O cheiro de terra molhada, a m\u00fasica sertaneja ecoando e<\/p>\n","protected":false},"author":2,"featured_media":113909,"comment_status":"open","ping_status":"open","sticky":false,"template":"","format":"standard","meta":{"footnotes":""},"categories":[14,3],"tags":[],"class_list":["post-113908","post","type-post","status-publish","format-standard","has-post-thumbnail","hentry","category-barretos","category-geral"],"yoast_head":"<!-- This site is optimized with the Yoast SEO plugin v27.4 - https:\/\/yoast.com\/product\/yoast-seo-wordpress\/ -->\n<title>Prepare o seu cora\u00e7\u00e3o, a Festa do Pe\u00e3o de Gua\u00edra 2025 vem para fazer hist\u00f3ria! - Regi\u00e3o News<\/title>\n<meta name=\"robots\" content=\"index, follow, max-snippet:-1, max-image-preview:large, max-video-preview:-1\" \/>\n<link rel=\"canonical\" href=\"https:\/\/regiaonews.net.br\/2022\/2025\/01\/22\/prepare-o-seu-coracao-a-festa-do-peao-de-guaira-2025-vem-para-fazer-historia\/\" \/>\n<meta property=\"og:locale\" content=\"pt_BR\" \/>\n<meta property=\"og:type\" content=\"article\" \/>\n<meta property=\"og:title\" content=\"Prepare o seu cora\u00e7\u00e3o, a Festa do Pe\u00e3o de Gua\u00edra 2025 vem para fazer hist\u00f3ria! - Regi\u00e3o News\" \/>\n<meta property=\"og:description\" content=\"O cheiro de terra molhada, a m\u00fasica sertaneja ecoando e\" \/>\n<meta property=\"og:url\" content=\"https:\/\/regiaonews.net.br\/2022\/2025\/01\/22\/prepare-o-seu-coracao-a-festa-do-peao-de-guaira-2025-vem-para-fazer-historia\/\" \/>\n<meta property=\"og:site_name\" content=\"Regi\u00e3o News\" \/>\n<meta property=\"article:published_time\" content=\"2025-01-22T20:31:28+00:00\" \/>\n<meta property=\"og:image\" content=\"https:\/\/regiaonews.net.br\/2022\/wp-content\/uploads\/2025\/01\/Imagem-do-WhatsApp-de-2025-01-22-as-13.11.22_2aeb2c5c.jpg\" \/>\n\t<meta property=\"og:image:width\" content=\"1600\" \/>\n\t<meta property=\"og:image:height\" content=\"1131\" \/>\n\t<meta property=\"og:image:type\" content=\"image\/jpeg\" \/>\n<meta name=\"author\" content=\"Roberto\" \/>\n<meta name=\"twitter:card\" content=\"summary_large_image\" \/>\n<meta name=\"twitter:label1\" content=\"Escrito por\" \/>\n\t<meta name=\"twitter:data1\" content=\"Roberto\" \/>\n\t<meta name=\"twitter:label2\" content=\"Est. tempo de leitura\" \/>\n\t<meta name=\"twitter:data2\" content=\"3 minutos\" \/>\n<script type=\"application\/ld+json\" class=\"yoast-schema-graph\">{\"@context\":\"https:\\\/\\\/schema.org\",\"@graph\":[{\"@type\":\"Article\",\"@id\":\"https:\\\/\\\/regiaonews.net.br\\\/2022\\\/2025\\\/01\\\/22\\\/prepare-o-seu-coracao-a-festa-do-peao-de-guaira-2025-vem-para-fazer-historia\\\/#article\",\"isPartOf\":{\"@id\":\"https:\\\/\\\/regiaonews.net.br\\\/2022\\\/2025\\\/01\\\/22\\\/prepare-o-seu-coracao-a-festa-do-peao-de-guaira-2025-vem-para-fazer-historia\\\/\"},\"author\":{\"name\":\"Roberto\",\"@id\":\"https:\\\/\\\/regiaonews.net.br\\\/2022\\\/#\\\/schema\\\/person\\\/2d205a608a5aa97ac279d7a5e6d89ad8\"},\"headline\":\"Prepare o seu cora\u00e7\u00e3o, a Festa do Pe\u00e3o de Gua\u00edra 2025 vem para fazer hist\u00f3ria!\",\"datePublished\":\"2025-01-22T20:31:28+00:00\",\"mainEntityOfPage\":{\"@id\":\"https:\\\/\\\/regiaonews.net.br\\\/2022\\\/2025\\\/01\\\/22\\\/prepare-o-seu-coracao-a-festa-do-peao-de-guaira-2025-vem-para-fazer-historia\\\/\"},\"wordCount\":409,\"commentCount\":0,\"publisher\":{\"@id\":\"https:\\\/\\\/regiaonews.net.br\\\/2022\\\/#organization\"},\"image\":{\"@id\":\"https:\\\/\\\/regiaonews.net.br\\\/2022\\\/2025\\\/01\\\/22\\\/prepare-o-seu-coracao-a-festa-do-peao-de-guaira-2025-vem-para-fazer-historia\\\/#primaryimage\"},\"thumbnailUrl\":\"https:\\\/\\\/regiaonews.net.br\\\/2022\\\/wp-content\\\/uploads\\\/2025\\\/01\\\/Imagem-do-WhatsApp-de-2025-01-22-as-13.11.22_2aeb2c5c.jpg\",\"articleSection\":[\"Barretos\",\"Geral\"],\"inLanguage\":\"pt-BR\",\"potentialAction\":[{\"@type\":\"CommentAction\",\"name\":\"Comment\",\"target\":[\"https:\\\/\\\/regiaonews.net.br\\\/2022\\\/2025\\\/01\\\/22\\\/prepare-o-seu-coracao-a-festa-do-peao-de-guaira-2025-vem-para-fazer-historia\\\/#respond\"]}]},{\"@type\":\"WebPage\",\"@id\":\"https:\\\/\\\/regiaonews.net.br\\\/2022\\\/2025\\\/01\\\/22\\\/prepare-o-seu-coracao-a-festa-do-peao-de-guaira-2025-vem-para-fazer-historia\\\/\",\"url\":\"https:\\\/\\\/regiaonews.net.br\\\/2022\\\/2025\\\/01\\\/22\\\/prepare-o-seu-coracao-a-festa-do-peao-de-guaira-2025-vem-para-fazer-historia\\\/\",\"name\":\"Prepare o seu cora\u00e7\u00e3o, a Festa do Pe\u00e3o de Gua\u00edra 2025 vem para fazer hist\u00f3ria! - Regi\u00e3o News\",\"isPartOf\":{\"@id\":\"https:\\\/\\\/regiaonews.net.br\\\/2022\\\/#website\"},\"primaryImageOfPage\":{\"@id\":\"https:\\\/\\\/regiaonews.net.br\\\/2022\\\/2025\\\/01\\\/22\\\/prepare-o-seu-coracao-a-festa-do-peao-de-guaira-2025-vem-para-fazer-historia\\\/#primaryimage\"},\"image\":{\"@id\":\"https:\\\/\\\/regiaonews.net.br\\\/2022\\\/2025\\\/01\\\/22\\\/prepare-o-seu-coracao-a-festa-do-peao-de-guaira-2025-vem-para-fazer-historia\\\/#primaryimage\"},\"thumbnailUrl\":\"https:\\\/\\\/regiaonews.net.br\\\/2022\\\/wp-content\\\/uploads\\\/2025\\\/01\\\/Imagem-do-WhatsApp-de-2025-01-22-as-13.11.22_2aeb2c5c.jpg\",\"datePublished\":\"2025-01-22T20:31:28+00:00\",\"breadcrumb\":{\"@id\":\"https:\\\/\\\/regiaonews.net.br\\\/2022\\\/2025\\\/01\\\/22\\\/prepare-o-seu-coracao-a-festa-do-peao-de-guaira-2025-vem-para-fazer-historia\\\/#breadcrumb\"},\"inLanguage\":\"pt-BR\",\"potentialAction\":[{\"@type\":\"ReadAction\",\"target\":[\"https:\\\/\\\/regiaonews.net.br\\\/2022\\\/2025\\\/01\\\/22\\\/prepare-o-seu-coracao-a-festa-do-peao-de-guaira-2025-vem-para-fazer-historia\\\/\"]}]},{\"@type\":\"ImageObject\",\"inLanguage\":\"pt-BR\",\"@id\":\"https:\\\/\\\/regiaonews.net.br\\\/2022\\\/2025\\\/01\\\/22\\\/prepare-o-seu-coracao-a-festa-do-peao-de-guaira-2025-vem-para-fazer-historia\\\/#primaryimage\",\"url\":\"https:\\\/\\\/regiaonews.net.br\\\/2022\\\/wp-content\\\/uploads\\\/2025\\\/01\\\/Imagem-do-WhatsApp-de-2025-01-22-as-13.11.22_2aeb2c5c.jpg\",\"contentUrl\":\"https:\\\/\\\/regiaonews.net.br\\\/2022\\\/wp-content\\\/uploads\\\/2025\\\/01\\\/Imagem-do-WhatsApp-de-2025-01-22-as-13.11.22_2aeb2c5c.jpg\",\"width\":1600,\"height\":1131},{\"@type\":\"BreadcrumbList\",\"@id\":\"https:\\\/\\\/regiaonews.net.br\\\/2022\\\/2025\\\/01\\\/22\\\/prepare-o-seu-coracao-a-festa-do-peao-de-guaira-2025-vem-para-fazer-historia\\\/#breadcrumb\",\"itemListElement\":[{\"@type\":\"ListItem\",\"position\":1,\"name\":\"In\u00edcio\",\"item\":\"https:\\\/\\\/regiaonews.net.br\\\/2022\\\/\"},{\"@type\":\"ListItem\",\"position\":2,\"name\":\"Prepare o seu cora\u00e7\u00e3o, a Festa do Pe\u00e3o de Gua\u00edra 2025 vem para fazer hist\u00f3ria!\"}]},{\"@type\":\"WebSite\",\"@id\":\"https:\\\/\\\/regiaonews.net.br\\\/2022\\\/#website\",\"url\":\"https:\\\/\\\/regiaonews.net.br\\\/2022\\\/\",\"name\":\"Regi\u00e3o News\",\"description\":\"Site de Not\u00edcias de Barretos e regi\u00e3o\",\"publisher\":{\"@id\":\"https:\\\/\\\/regiaonews.net.br\\\/2022\\\/#organization\"},\"potentialAction\":[{\"@type\":\"SearchAction\",\"target\":{\"@type\":\"EntryPoint\",\"urlTemplate\":\"https:\\\/\\\/regiaonews.net.br\\\/2022\\\/?s={search_term_string}\"},\"query-input\":{\"@type\":\"PropertyValueSpecification\",\"valueRequired\":true,\"valueName\":\"search_term_string\"}}],\"inLanguage\":\"pt-BR\"},{\"@type\":\"Organization\",\"@id\":\"https:\\\/\\\/regiaonews.net.br\\\/2022\\\/#organization\",\"name\":\"Regi\u00e3o News\",\"url\":\"https:\\\/\\\/regiaonews.net.br\\\/2022\\\/\",\"logo\":{\"@type\":\"ImageObject\",\"inLanguage\":\"pt-BR\",\"@id\":\"https:\\\/\\\/regiaonews.net.br\\\/2022\\\/#\\\/schema\\\/logo\\\/image\\\/\",\"url\":\"https:\\\/\\\/regiaonews.net.br\\\/2022\\\/wp-content\\\/uploads\\\/2026\\\/03\\\/regiao-13-anos-scaled.jpg\",\"contentUrl\":\"https:\\\/\\\/regiaonews.net.br\\\/2022\\\/wp-content\\\/uploads\\\/2026\\\/03\\\/regiao-13-anos-scaled.jpg\",\"width\":2560,\"height\":635,\"caption\":\"Regi\u00e3o News\"},\"image\":{\"@id\":\"https:\\\/\\\/regiaonews.net.br\\\/2022\\\/#\\\/schema\\\/logo\\\/image\\\/\"}},{\"@type\":\"Person\",\"@id\":\"https:\\\/\\\/regiaonews.net.br\\\/2022\\\/#\\\/schema\\\/person\\\/2d205a608a5aa97ac279d7a5e6d89ad8\",\"name\":\"Roberto\",\"image\":{\"@type\":\"ImageObject\",\"inLanguage\":\"pt-BR\",\"@id\":\"https:\\\/\\\/secure.gravatar.com\\\/avatar\\\/42749d8b712ff9d59ca93dc150494e5b55a44134482993f5baeb97e61b7ecc89?s=96&d=mm&r=g\",\"url\":\"https:\\\/\\\/secure.gravatar.com\\\/avatar\\\/42749d8b712ff9d59ca93dc150494e5b55a44134482993f5baeb97e61b7ecc89?s=96&d=mm&r=g\",\"contentUrl\":\"https:\\\/\\\/secure.gravatar.com\\\/avatar\\\/42749d8b712ff9d59ca93dc150494e5b55a44134482993f5baeb97e61b7ecc89?s=96&d=mm&r=g\",\"caption\":\"Roberto\"},\"url\":\"https:\\\/\\\/regiaonews.net.br\\\/2022\\\/author\\\/roberto\\\/\"}]}<\/script>\n<!-- \/ Yoast SEO plugin. -->","yoast_head_json":{"title":"Prepare o seu cora\u00e7\u00e3o, a Festa do Pe\u00e3o de Gua\u00edra 2025 vem para fazer hist\u00f3ria! - Regi\u00e3o News","robots":{"index":"index","follow":"follow","max-snippet":"max-snippet:-1","max-image-preview":"max-image-preview:large","max-video-preview":"max-video-preview:-1"},"canonical":"https:\/\/regiaonews.net.br\/2022\/2025\/01\/22\/prepare-o-seu-coracao-a-festa-do-peao-de-guaira-2025-vem-para-fazer-historia\/","og_locale":"pt_BR","og_type":"article","og_title":"Prepare o seu cora\u00e7\u00e3o, a Festa do Pe\u00e3o de Gua\u00edra 2025 vem para fazer hist\u00f3ria! - Regi\u00e3o News","og_description":"O cheiro de terra molhada, a m\u00fasica sertaneja ecoando e","og_url":"https:\/\/regiaonews.net.br\/2022\/2025\/01\/22\/prepare-o-seu-coracao-a-festa-do-peao-de-guaira-2025-vem-para-fazer-historia\/","og_site_name":"Regi\u00e3o News","article_published_time":"2025-01-22T20:31:28+00:00","og_image":[{"width":1600,"height":1131,"url":"https:\/\/regiaonews.net.br\/2022\/wp-content\/uploads\/2025\/01\/Imagem-do-WhatsApp-de-2025-01-22-as-13.11.22_2aeb2c5c.jpg","type":"image\/jpeg"}],"author":"Roberto","twitter_card":"summary_large_image","twitter_misc":{"Escrito por":"Roberto","Est. tempo de leitura":"3 minutos"},"schema":{"@context":"https:\/\/schema.org","@graph":[{"@type":"Article","@id":"https:\/\/regiaonews.net.br\/2022\/2025\/01\/22\/prepare-o-seu-coracao-a-festa-do-peao-de-guaira-2025-vem-para-fazer-historia\/#article","isPartOf":{"@id":"https:\/\/regiaonews.net.br\/2022\/2025\/01\/22\/prepare-o-seu-coracao-a-festa-do-peao-de-guaira-2025-vem-para-fazer-historia\/"},"author":{"name":"Roberto","@id":"https:\/\/regiaonews.net.br\/2022\/#\/schema\/person\/2d205a608a5aa97ac279d7a5e6d89ad8"},"headline":"Prepare o seu cora\u00e7\u00e3o, a Festa do Pe\u00e3o de Gua\u00edra 2025 vem para fazer hist\u00f3ria!","datePublished":"2025-01-22T20:31:28+00:00","mainEntityOfPage":{"@id":"https:\/\/regiaonews.net.br\/2022\/2025\/01\/22\/prepare-o-seu-coracao-a-festa-do-peao-de-guaira-2025-vem-para-fazer-historia\/"},"wordCount":409,"commentCount":0,"publisher":{"@id":"https:\/\/regiaonews.net.br\/2022\/#organization"},"image":{"@id":"https:\/\/regiaonews.net.br\/2022\/2025\/01\/22\/prepare-o-seu-coracao-a-festa-do-peao-de-guaira-2025-vem-para-fazer-historia\/#primaryimage"},"thumbnailUrl":"https:\/\/regiaonews.net.br\/2022\/wp-content\/uploads\/2025\/01\/Imagem-do-WhatsApp-de-2025-01-22-as-13.11.22_2aeb2c5c.jpg","articleSection":["Barretos","Geral"],"inLanguage":"pt-BR","potentialAction":[{"@type":"CommentAction","name":"Comment","target":["https:\/\/regiaonews.net.br\/2022\/2025\/01\/22\/prepare-o-seu-coracao-a-festa-do-peao-de-guaira-2025-vem-para-fazer-historia\/#respond"]}]},{"@type":"WebPage","@id":"https:\/\/regiaonews.net.br\/2022\/2025\/01\/22\/prepare-o-seu-coracao-a-festa-do-peao-de-guaira-2025-vem-para-fazer-historia\/","url":"https:\/\/regiaonews.net.br\/2022\/2025\/01\/22\/prepare-o-seu-coracao-a-festa-do-peao-de-guaira-2025-vem-para-fazer-historia\/","name":"Prepare o seu cora\u00e7\u00e3o, a Festa do Pe\u00e3o de Gua\u00edra 2025 vem para fazer hist\u00f3ria! - Regi\u00e3o News","isPartOf":{"@id":"https:\/\/regiaonews.net.br\/2022\/#website"},"primaryImageOfPage":{"@id":"https:\/\/regiaonews.net.br\/2022\/2025\/01\/22\/prepare-o-seu-coracao-a-festa-do-peao-de-guaira-2025-vem-para-fazer-historia\/#primaryimage"},"image":{"@id":"https:\/\/regiaonews.net.br\/2022\/2025\/01\/22\/prepare-o-seu-coracao-a-festa-do-peao-de-guaira-2025-vem-para-fazer-historia\/#primaryimage"},"thumbnailUrl":"https:\/\/regiaonews.net.br\/2022\/wp-content\/uploads\/2025\/01\/Imagem-do-WhatsApp-de-2025-01-22-as-13.11.22_2aeb2c5c.jpg","datePublished":"2025-01-22T20:31:28+00:00","breadcrumb":{"@id":"https:\/\/regiaonews.net.br\/2022\/2025\/01\/22\/prepare-o-seu-coracao-a-festa-do-peao-de-guaira-2025-vem-para-fazer-historia\/#breadcrumb"},"inLanguage":"pt-BR","potentialAction":[{"@type":"ReadAction","target":["https:\/\/regiaonews.net.br\/2022\/2025\/01\/22\/prepare-o-seu-coracao-a-festa-do-peao-de-guaira-2025-vem-para-fazer-historia\/"]}]},{"@type":"ImageObject","inLanguage":"pt-BR","@id":"https:\/\/regiaonews.net.br\/2022\/2025\/01\/22\/prepare-o-seu-coracao-a-festa-do-peao-de-guaira-2025-vem-para-fazer-historia\/#primaryimage","url":"https:\/\/regiaonews.net.br\/2022\/wp-content\/uploads\/2025\/01\/Imagem-do-WhatsApp-de-2025-01-22-as-13.11.22_2aeb2c5c.jpg","contentUrl":"https:\/\/regiaonews.net.br\/2022\/wp-content\/uploads\/2025\/01\/Imagem-do-WhatsApp-de-2025-01-22-as-13.11.22_2aeb2c5c.jpg","width":1600,"height":1131},{"@type":"BreadcrumbList","@id":"https:\/\/regiaonews.net.br\/2022\/2025\/01\/22\/prepare-o-seu-coracao-a-festa-do-peao-de-guaira-2025-vem-para-fazer-historia\/#breadcrumb","itemListElement":[{"@type":"ListItem","position":1,"name":"In\u00edcio","item":"https:\/\/regiaonews.net.br\/2022\/"},{"@type":"ListItem","position":2,"name":"Prepare o seu cora\u00e7\u00e3o, a Festa do Pe\u00e3o de Gua\u00edra 2025 vem para fazer hist\u00f3ria!"}]},{"@type":"WebSite","@id":"https:\/\/regiaonews.net.br\/2022\/#website","url":"https:\/\/regiaonews.net.br\/2022\/","name":"Regi\u00e3o News","description":"Site de Not\u00edcias de Barretos e regi\u00e3o","publisher":{"@id":"https:\/\/regiaonews.net.br\/2022\/#organization"},"potentialAction":[{"@type":"SearchAction","target":{"@type":"EntryPoint","urlTemplate":"https:\/\/regiaonews.net.br\/2022\/?s={search_term_string}"},"query-input":{"@type":"PropertyValueSpecification","valueRequired":true,"valueName":"search_term_string"}}],"inLanguage":"pt-BR"},{"@type":"Organization","@id":"https:\/\/regiaonews.net.br\/2022\/#organization","name":"Regi\u00e3o News","url":"https:\/\/regiaonews.net.br\/2022\/","logo":{"@type":"ImageObject","inLanguage":"pt-BR","@id":"https:\/\/regiaonews.net.br\/2022\/#\/schema\/logo\/image\/","url":"https:\/\/regiaonews.net.br\/2022\/wp-content\/uploads\/2026\/03\/regiao-13-anos-scaled.jpg","contentUrl":"https:\/\/regiaonews.net.br\/2022\/wp-content\/uploads\/2026\/03\/regiao-13-anos-scaled.jpg","width":2560,"height":635,"caption":"Regi\u00e3o News"},"image":{"@id":"https:\/\/regiaonews.net.br\/2022\/#\/schema\/logo\/image\/"}},{"@type":"Person","@id":"https:\/\/regiaonews.net.br\/2022\/#\/schema\/person\/2d205a608a5aa97ac279d7a5e6d89ad8","name":"Roberto","image":{"@type":"ImageObject","inLanguage":"pt-BR","@id":"https:\/\/secure.gravatar.com\/avatar\/42749d8b712ff9d59ca93dc150494e5b55a44134482993f5baeb97e61b7ecc89?s=96&d=mm&r=g","url":"https:\/\/secure.gravatar.com\/avatar\/42749d8b712ff9d59ca93dc150494e5b55a44134482993f5baeb97e61b7ecc89?s=96&d=mm&r=g","contentUrl":"https:\/\/secure.gravatar.com\/avatar\/42749d8b712ff9d59ca93dc150494e5b55a44134482993f5baeb97e61b7ecc89?s=96&d=mm&r=g","caption":"Roberto"},"url":"https:\/\/regiaonews.net.br\/2022\/author\/roberto\/"}]}},"publishpress_future_action":{"enabled":false,"date":"2026-05-02 07:03:51","action":"change-status","newStatus":"draft","terms":[],"taxonomy":"category","extraData":[]},"publishpress_future_workflow_manual_trigger":{"enabledWorkflows":[]},"_links":{"self":[{"href":"https:\/\/regiaonews.net.br\/2022\/wp-json\/wp\/v2\/posts\/113908","targetHints":{"allow":["GET"]}}],"collection":[{"href":"https:\/\/regiaonews.net.br\/2022\/wp-json\/wp\/v2\/posts"}],"about":[{"href":"https:\/\/regiaonews.net.br\/2022\/wp-json\/wp\/v2\/types\/post"}],"author":[{"embeddable":true,"href":"https:\/\/regiaonews.net.br\/2022\/wp-json\/wp\/v2\/users\/2"}],"replies":[{"embeddable":true,"href":"https:\/\/regiaonews.net.br\/2022\/wp-json\/wp\/v2\/comments?post=113908"}],"version-history":[{"count":1,"href":"https:\/\/regiaonews.net.br\/2022\/wp-json\/wp\/v2\/posts\/113908\/revisions"}],"predecessor-version":[{"id":113910,"href":"https:\/\/regiaonews.net.br\/2022\/wp-json\/wp\/v2\/posts\/113908\/revisions\/113910"}],"wp:featuredmedia":[{"embeddable":true,"href":"https:\/\/regiaonews.net.br\/2022\/wp-json\/wp\/v2\/media\/113909"}],"wp:attachment":[{"href":"https:\/\/regiaonews.net.br\/2022\/wp-json\/wp\/v2\/media?parent=113908"}],"wp:term":[{"taxonomy":"category","embeddable":true,"href":"https:\/\/regiaonews.net.br\/2022\/wp-json\/wp\/v2\/categories?post=113908"},{"taxonomy":"post_tag","embeddable":true,"href":"https:\/\/regiaonews.net.br\/2022\/wp-json\/wp\/v2\/tags?post=113908"}],"curies":[{"name":"wp","href":"https:\/\/api.w.org\/{rel}","templated":true}]}}