{"id":113874,"date":"2025-01-21T15:38:54","date_gmt":"2025-01-21T18:38:54","guid":{"rendered":"https:\/\/regiaonews.net.br\/2022\/?p=113874"},"modified":"2025-01-21T15:38:54","modified_gmt":"2025-01-21T18:38:54","slug":"acib-completa-89-anos","status":"publish","type":"post","link":"https:\/\/regiaonews.net.br\/2022\/2025\/01\/21\/acib-completa-89-anos\/","title":{"rendered":"ACIB completa 89 anos"},"content":{"rendered":"<h3 style=\"text-align: center;\">Fundada em 1936, Associa\u00e7\u00e3o Comercial e Industrial de Barretos comemora em 89 anos em ano comemorativo para suas atividades<\/h3>\n<p>A Associa\u00e7\u00e3o Comercial e Industrial de Barretos- ACIB completa hoje, 21 de janeiro, 89 anos. Fundada em 21 de janeiro 1936, a ACIB \u00e9 maior e mais organizada entidade representativa do setor em nossa regi\u00e3o. Representando Empresas e Ind\u00fastrias de diversos segmentos, a ACIB tem forte desempenho nos mais diversos assuntos de interesse da ind\u00fastria e do com\u00e9rcio de Barretos.<br \/>\nCaio Miziara, presidente da entidade diz que segue o trabalho neste ano com grande honra e responsabilidade, especialmente em um ano t\u00e3o significativo, quando celebramos os 25 anos das pesquisas realizadas pela nossa entidade. \u201cEste marco reflete o nosso compromisso cont\u00ednuo com a evolu\u00e7\u00e3o e o desenvolvimento da nossa cidade, e \u00e9 um privil\u00e9gio poder fazer parte dessa hist\u00f3ria.\u201d<br \/>\nO presidente tamb\u00e9m destacou o papel da ACIB no desenvolvimento da economia da cidade, do com\u00e9rcio e ind\u00fastria no decorrer de sua hist\u00f3ria e destaca a necessidade de inova\u00e7\u00e3o constante\u201cAo longo oito d\u00e9cadas a Barretos se tornou um pilar fundamental para o fortalecimento do com\u00e9rcio e da ind\u00fastria local, sempre buscando inova\u00e7\u00e3o e estrat\u00e9gias que atendam \u00e0s necessidades e desafios de nossos associados. Acreditamos que, para mantermos nossa posi\u00e7\u00e3o de destaque \u00e9 imprescind\u00edvel adotar uma vis\u00e3o inovadora, que permita \u00e0s empresas locais n\u00e3o apenas se adaptar \u00e0s mudan\u00e7as\u201d, disse.<br \/>\nA hist\u00f3ria daACIB<br \/>\nFundada na d\u00e9cada de 30, \u00e9poca em que a sociedade brasileira passava por momentos cruciais de transi\u00e7\u00e3o pol\u00edtica e social com a ruptura do compromisso constitucional do pa\u00eds. Em 1932, S\u00e3o Paulo, o estado l\u00edder da federa\u00e7\u00e3o, deflagra um movimento revolucion\u00e1rio em buscar sa retomada do caminho da constitucionalidade.<br \/>\nO principal motivo da funda\u00e7\u00e3o da Associa\u00e7\u00e3o Comercial e Industrial de Barretos foi a necessidade da organiza\u00e7\u00e3o de comerciantes e industriais para em consenso estabelecer uma melhor coes\u00e3o de ambas as classes. Tamb\u00e9m era necess\u00e1ria a orienta\u00e7\u00e3o do registro de firmas nas diversas reparti\u00e7\u00f5es, o encaminhamento de contratos e \u201cdistratos\u201d.<br \/>\nAp\u00f3s v\u00e1rias reuni\u00f5es preliminares, foi realizada no dia 21 de janeiro de 1936, na \u201csociedade Uni\u00e3o S\u00edria\u201d, a reuni\u00e3o de funda\u00e7\u00e3o da Associa\u00e7\u00e3o Comercial e Industrial de Barretos.<br \/>\nEm 9 de fevereiro de 1936 os estatutos foram aprovados e em 20 de mar\u00e7o foi eleita a primeira diretoria definitiva, tendo a seguinte composi\u00e7\u00e3o:<br \/>\nPresidente \u2013 Gast\u00e3o de Castro Leite; 1\u00ba vice-presidente \u2013 Jefferson Menezes Camargo; 2\u00ba vice-presidente \u2013 Pedro de Arruda Junior; 1\u00ba secret\u00e1rio \u2013 Rafael de Louren\u00e7o; 2\u00ba secret\u00e1rio \u2013 Ant\u00f4nio Morais Barros; 1\u00ba Tesoureiro \u2013 Jo\u00e3o Gai; 2\u00ba Tesoureiro \u2013 Mussa Calil; Consultores: Jo\u00e3o da Silva An\u00e7\u00e3o, Alcino Pedro, Jo\u00e3o de Aguiar, Daher Abr\u00e3o, Eug\u00eanio Scannavino, Ant\u00f4nio Rodrigues Vieira, Benedito Silveira, Jo\u00e3o Baroni, Thomaz de Almeida, Jos\u00e9 Tedesco, Dem\u00e9trio Hayek e Jos\u00e9 Galati.<\/p>\n<p>Em 1940 foi inaugurado o edif\u00edcio pr\u00f3prio da Associa\u00e7\u00e3o, na rua 20, pr\u00e9dio de tr\u00eas andares. O projeto e a constru\u00e7\u00e3o foram confiados a Jos\u00e9 Font\u00e3o, hoje, atual edif\u00edcio \u2018Domingos S\u00e1vio Baston\u201d, Em 25 de agosto de 1949 a ACIB recebeu a declara\u00e7\u00e3o de \u00d3rg\u00e3o T\u00e9cnico e Consultivo do Poder P\u00fablico e foi declarada de Utilidade P\u00fablica em 15 de junho de 1948.<br \/>\nEm sua funda\u00e7\u00e3o a ACIB tamb\u00e9m possibilitou a consolida\u00e7\u00e3o de um outro sonho: uma biblioteca para a cidade de Barretos. Foi instalada no sal\u00e3o nobre, no terceiro andar do pr\u00e9dio e aberta aos consulentes, independente de filia\u00e7\u00e3o \u00e0 entidade, sendo logo filiada ao Instituto Nacional do Livro, \u00f3rg\u00e3o federal que fazia constantes doa\u00e7\u00f5es de obras, mediante conv\u00eanios com editoras. Gast\u00e3o de Castro Leite era admirador de Affonso d\u2019Escragnolle Taunay e prop\u00f4s que fosse adotado este nome para a biblioteca. Ao ser comunicado disto, Affonso enviou uma carta de agradecimento e remeteu v\u00e1rias obras. Affonso era diretor do Museu do Ipiranga, n\u00e3o podendo estar presente na abertura solene da biblioteca por motivos de sa\u00fade. Posteriormente a biblioteca foi transferida para o munic\u00edpio.<br \/>\nPresidiram a ACIB desde sua funda\u00e7\u00e3o at\u00e9 a presente data:<br \/>\nJo\u00e3o Gai (provis\u00f3rio) \u2013 1936; Gast\u00e3o de Castro Leite \u2013 1936\/1943; 1948\/1951; Jo\u00e3o Baroni \u2013 1944\/1945; Olivier Waldemar Heiland \u2013 1956\/1965; Abdala Ned Rezeck \u2013 1966\/1967; Ant\u00f4nio Francisco Scannavino \u2013 1968\/1969; Alcides Paula da Silva &#8211; 1970\/1971; Ibraim Martins da Silva \u2013 1972\/1977; Ant\u00f4nio Am\u00eandola \u2013 1978\/1979, 1980\/1981; Franciso Assis Martins 1982\/1983; Fl\u00e1vio Claro de Faria \u2013 1984\/1985; Garibalde Perini \u2013 1986\/1987; Domingos S\u00e1vio Freitas Baston \u2013 1988\/1989; Jos\u00e9 Marcelo Abr\u00e3o Miziara \u2013 1990\/1991; Ant\u00f4nio Carlos Dal Porto \u2013 1992\/1993; Waldir Prata Aluani Lima \u2013 1994\/1995; Fl\u00e1vio Claro de Faria \u2013 1996\/1997; Domingos S\u00e1vio F. Baston \u2013 1998\/1999, 2000\/2001; Manuel Alexandre Costa &#8211; 2002\/2003, 2004\/2005 &#8211; Luiz Carlos Silva &#8211; 2006\/2007, 2008\/2009 e Andr\u00e9 Angelo Peroni &#8211; 2010\/2011, 2012\/2013, 2014\/2015 &#8211; Roberto Arutim 2014\/2019. 2020\/2024 &#8211; Jackelyne Rossini \u2013 Caio Miziara \u2013atualmente<\/p>\n<p>Fotos: Sede da ACIB, edif\u00edcio \u201cDomingos S\u00e1vio Baston\u201d. Cr\u00e9ditos: divulga\u00e7\u00e3o<\/p>\n<p>Caio Miziara. Cr\u00e9ditos:\u00a0Divulga\u00e7\u00e3o<\/p>\n","protected":false},"excerpt":{"rendered":"<p>Fundada em 1936, Associa\u00e7\u00e3o Comercial e Industrial de Barretos comemora<\/p>\n","protected":false},"author":2,"featured_media":113875,"comment_status":"open","ping_status":"open","sticky":false,"template":"","format":"standard","meta":{"footnotes":""},"categories":[14,3],"tags":[],"class_list":["post-113874","post","type-post","status-publish","format-standard","has-post-thumbnail","hentry","category-barretos","category-geral"],"yoast_head":"<!-- This site is optimized with the Yoast SEO plugin v27.4 - https:\/\/yoast.com\/product\/yoast-seo-wordpress\/ -->\n<title>ACIB completa 89 anos - Regi\u00e3o News<\/title>\n<meta name=\"robots\" content=\"index, follow, max-snippet:-1, max-image-preview:large, max-video-preview:-1\" \/>\n<link rel=\"canonical\" href=\"https:\/\/regiaonews.net.br\/2022\/2025\/01\/21\/acib-completa-89-anos\/\" \/>\n<meta property=\"og:locale\" content=\"pt_BR\" \/>\n<meta property=\"og:type\" content=\"article\" \/>\n<meta property=\"og:title\" content=\"ACIB completa 89 anos - Regi\u00e3o News\" \/>\n<meta property=\"og:description\" content=\"Fundada em 1936, Associa\u00e7\u00e3o Comercial e Industrial de Barretos comemora\" \/>\n<meta property=\"og:url\" content=\"https:\/\/regiaonews.net.br\/2022\/2025\/01\/21\/acib-completa-89-anos\/\" \/>\n<meta property=\"og:site_name\" content=\"Regi\u00e3o News\" \/>\n<meta property=\"article:published_time\" content=\"2025-01-21T18:38:54+00:00\" \/>\n<meta property=\"og:image\" content=\"https:\/\/regiaonews.net.br\/2022\/wp-content\/uploads\/2025\/01\/Imagem-do-WhatsApp-de-2025-01-21-as-13.27.52_7f894160.jpg\" \/>\n\t<meta property=\"og:image:width\" content=\"450\" \/>\n\t<meta property=\"og:image:height\" content=\"600\" \/>\n\t<meta property=\"og:image:type\" content=\"image\/jpeg\" \/>\n<meta name=\"author\" content=\"Roberto\" \/>\n<meta name=\"twitter:card\" content=\"summary_large_image\" \/>\n<meta name=\"twitter:label1\" content=\"Escrito por\" \/>\n\t<meta name=\"twitter:data1\" content=\"Roberto\" \/>\n\t<meta name=\"twitter:label2\" content=\"Est. tempo de leitura\" \/>\n\t<meta name=\"twitter:data2\" content=\"5 minutos\" \/>\n<script type=\"application\/ld+json\" class=\"yoast-schema-graph\">{\"@context\":\"https:\\\/\\\/schema.org\",\"@graph\":[{\"@type\":\"Article\",\"@id\":\"https:\\\/\\\/regiaonews.net.br\\\/2022\\\/2025\\\/01\\\/21\\\/acib-completa-89-anos\\\/#article\",\"isPartOf\":{\"@id\":\"https:\\\/\\\/regiaonews.net.br\\\/2022\\\/2025\\\/01\\\/21\\\/acib-completa-89-anos\\\/\"},\"author\":{\"name\":\"Roberto\",\"@id\":\"https:\\\/\\\/regiaonews.net.br\\\/2022\\\/#\\\/schema\\\/person\\\/2d205a608a5aa97ac279d7a5e6d89ad8\"},\"headline\":\"ACIB completa 89 anos\",\"datePublished\":\"2025-01-21T18:38:54+00:00\",\"mainEntityOfPage\":{\"@id\":\"https:\\\/\\\/regiaonews.net.br\\\/2022\\\/2025\\\/01\\\/21\\\/acib-completa-89-anos\\\/\"},\"wordCount\":831,\"commentCount\":0,\"publisher\":{\"@id\":\"https:\\\/\\\/regiaonews.net.br\\\/2022\\\/#organization\"},\"image\":{\"@id\":\"https:\\\/\\\/regiaonews.net.br\\\/2022\\\/2025\\\/01\\\/21\\\/acib-completa-89-anos\\\/#primaryimage\"},\"thumbnailUrl\":\"https:\\\/\\\/regiaonews.net.br\\\/2022\\\/wp-content\\\/uploads\\\/2025\\\/01\\\/Imagem-do-WhatsApp-de-2025-01-21-as-13.27.52_7f894160.jpg\",\"articleSection\":[\"Barretos\",\"Geral\"],\"inLanguage\":\"pt-BR\",\"potentialAction\":[{\"@type\":\"CommentAction\",\"name\":\"Comment\",\"target\":[\"https:\\\/\\\/regiaonews.net.br\\\/2022\\\/2025\\\/01\\\/21\\\/acib-completa-89-anos\\\/#respond\"]}]},{\"@type\":\"WebPage\",\"@id\":\"https:\\\/\\\/regiaonews.net.br\\\/2022\\\/2025\\\/01\\\/21\\\/acib-completa-89-anos\\\/\",\"url\":\"https:\\\/\\\/regiaonews.net.br\\\/2022\\\/2025\\\/01\\\/21\\\/acib-completa-89-anos\\\/\",\"name\":\"ACIB completa 89 anos - Regi\u00e3o News\",\"isPartOf\":{\"@id\":\"https:\\\/\\\/regiaonews.net.br\\\/2022\\\/#website\"},\"primaryImageOfPage\":{\"@id\":\"https:\\\/\\\/regiaonews.net.br\\\/2022\\\/2025\\\/01\\\/21\\\/acib-completa-89-anos\\\/#primaryimage\"},\"image\":{\"@id\":\"https:\\\/\\\/regiaonews.net.br\\\/2022\\\/2025\\\/01\\\/21\\\/acib-completa-89-anos\\\/#primaryimage\"},\"thumbnailUrl\":\"https:\\\/\\\/regiaonews.net.br\\\/2022\\\/wp-content\\\/uploads\\\/2025\\\/01\\\/Imagem-do-WhatsApp-de-2025-01-21-as-13.27.52_7f894160.jpg\",\"datePublished\":\"2025-01-21T18:38:54+00:00\",\"breadcrumb\":{\"@id\":\"https:\\\/\\\/regiaonews.net.br\\\/2022\\\/2025\\\/01\\\/21\\\/acib-completa-89-anos\\\/#breadcrumb\"},\"inLanguage\":\"pt-BR\",\"potentialAction\":[{\"@type\":\"ReadAction\",\"target\":[\"https:\\\/\\\/regiaonews.net.br\\\/2022\\\/2025\\\/01\\\/21\\\/acib-completa-89-anos\\\/\"]}]},{\"@type\":\"ImageObject\",\"inLanguage\":\"pt-BR\",\"@id\":\"https:\\\/\\\/regiaonews.net.br\\\/2022\\\/2025\\\/01\\\/21\\\/acib-completa-89-anos\\\/#primaryimage\",\"url\":\"https:\\\/\\\/regiaonews.net.br\\\/2022\\\/wp-content\\\/uploads\\\/2025\\\/01\\\/Imagem-do-WhatsApp-de-2025-01-21-as-13.27.52_7f894160.jpg\",\"contentUrl\":\"https:\\\/\\\/regiaonews.net.br\\\/2022\\\/wp-content\\\/uploads\\\/2025\\\/01\\\/Imagem-do-WhatsApp-de-2025-01-21-as-13.27.52_7f894160.jpg\",\"width\":450,\"height\":600},{\"@type\":\"BreadcrumbList\",\"@id\":\"https:\\\/\\\/regiaonews.net.br\\\/2022\\\/2025\\\/01\\\/21\\\/acib-completa-89-anos\\\/#breadcrumb\",\"itemListElement\":[{\"@type\":\"ListItem\",\"position\":1,\"name\":\"In\u00edcio\",\"item\":\"https:\\\/\\\/regiaonews.net.br\\\/2022\\\/\"},{\"@type\":\"ListItem\",\"position\":2,\"name\":\"ACIB completa 89 anos\"}]},{\"@type\":\"WebSite\",\"@id\":\"https:\\\/\\\/regiaonews.net.br\\\/2022\\\/#website\",\"url\":\"https:\\\/\\\/regiaonews.net.br\\\/2022\\\/\",\"name\":\"Regi\u00e3o News\",\"description\":\"Site de Not\u00edcias de Barretos e regi\u00e3o\",\"publisher\":{\"@id\":\"https:\\\/\\\/regiaonews.net.br\\\/2022\\\/#organization\"},\"potentialAction\":[{\"@type\":\"SearchAction\",\"target\":{\"@type\":\"EntryPoint\",\"urlTemplate\":\"https:\\\/\\\/regiaonews.net.br\\\/2022\\\/?s={search_term_string}\"},\"query-input\":{\"@type\":\"PropertyValueSpecification\",\"valueRequired\":true,\"valueName\":\"search_term_string\"}}],\"inLanguage\":\"pt-BR\"},{\"@type\":\"Organization\",\"@id\":\"https:\\\/\\\/regiaonews.net.br\\\/2022\\\/#organization\",\"name\":\"Regi\u00e3o News\",\"url\":\"https:\\\/\\\/regiaonews.net.br\\\/2022\\\/\",\"logo\":{\"@type\":\"ImageObject\",\"inLanguage\":\"pt-BR\",\"@id\":\"https:\\\/\\\/regiaonews.net.br\\\/2022\\\/#\\\/schema\\\/logo\\\/image\\\/\",\"url\":\"https:\\\/\\\/regiaonews.net.br\\\/2022\\\/wp-content\\\/uploads\\\/2026\\\/03\\\/regiao-13-anos-scaled.jpg\",\"contentUrl\":\"https:\\\/\\\/regiaonews.net.br\\\/2022\\\/wp-content\\\/uploads\\\/2026\\\/03\\\/regiao-13-anos-scaled.jpg\",\"width\":2560,\"height\":635,\"caption\":\"Regi\u00e3o News\"},\"image\":{\"@id\":\"https:\\\/\\\/regiaonews.net.br\\\/2022\\\/#\\\/schema\\\/logo\\\/image\\\/\"}},{\"@type\":\"Person\",\"@id\":\"https:\\\/\\\/regiaonews.net.br\\\/2022\\\/#\\\/schema\\\/person\\\/2d205a608a5aa97ac279d7a5e6d89ad8\",\"name\":\"Roberto\",\"image\":{\"@type\":\"ImageObject\",\"inLanguage\":\"pt-BR\",\"@id\":\"https:\\\/\\\/secure.gravatar.com\\\/avatar\\\/42749d8b712ff9d59ca93dc150494e5b55a44134482993f5baeb97e61b7ecc89?s=96&d=mm&r=g\",\"url\":\"https:\\\/\\\/secure.gravatar.com\\\/avatar\\\/42749d8b712ff9d59ca93dc150494e5b55a44134482993f5baeb97e61b7ecc89?s=96&d=mm&r=g\",\"contentUrl\":\"https:\\\/\\\/secure.gravatar.com\\\/avatar\\\/42749d8b712ff9d59ca93dc150494e5b55a44134482993f5baeb97e61b7ecc89?s=96&d=mm&r=g\",\"caption\":\"Roberto\"},\"url\":\"https:\\\/\\\/regiaonews.net.br\\\/2022\\\/author\\\/roberto\\\/\"}]}<\/script>\n<!-- \/ Yoast SEO plugin. -->","yoast_head_json":{"title":"ACIB completa 89 anos - Regi\u00e3o News","robots":{"index":"index","follow":"follow","max-snippet":"max-snippet:-1","max-image-preview":"max-image-preview:large","max-video-preview":"max-video-preview:-1"},"canonical":"https:\/\/regiaonews.net.br\/2022\/2025\/01\/21\/acib-completa-89-anos\/","og_locale":"pt_BR","og_type":"article","og_title":"ACIB completa 89 anos - Regi\u00e3o News","og_description":"Fundada em 1936, Associa\u00e7\u00e3o Comercial e Industrial de Barretos comemora","og_url":"https:\/\/regiaonews.net.br\/2022\/2025\/01\/21\/acib-completa-89-anos\/","og_site_name":"Regi\u00e3o News","article_published_time":"2025-01-21T18:38:54+00:00","og_image":[{"width":450,"height":600,"url":"https:\/\/regiaonews.net.br\/2022\/wp-content\/uploads\/2025\/01\/Imagem-do-WhatsApp-de-2025-01-21-as-13.27.52_7f894160.jpg","type":"image\/jpeg"}],"author":"Roberto","twitter_card":"summary_large_image","twitter_misc":{"Escrito por":"Roberto","Est. tempo de leitura":"5 minutos"},"schema":{"@context":"https:\/\/schema.org","@graph":[{"@type":"Article","@id":"https:\/\/regiaonews.net.br\/2022\/2025\/01\/21\/acib-completa-89-anos\/#article","isPartOf":{"@id":"https:\/\/regiaonews.net.br\/2022\/2025\/01\/21\/acib-completa-89-anos\/"},"author":{"name":"Roberto","@id":"https:\/\/regiaonews.net.br\/2022\/#\/schema\/person\/2d205a608a5aa97ac279d7a5e6d89ad8"},"headline":"ACIB completa 89 anos","datePublished":"2025-01-21T18:38:54+00:00","mainEntityOfPage":{"@id":"https:\/\/regiaonews.net.br\/2022\/2025\/01\/21\/acib-completa-89-anos\/"},"wordCount":831,"commentCount":0,"publisher":{"@id":"https:\/\/regiaonews.net.br\/2022\/#organization"},"image":{"@id":"https:\/\/regiaonews.net.br\/2022\/2025\/01\/21\/acib-completa-89-anos\/#primaryimage"},"thumbnailUrl":"https:\/\/regiaonews.net.br\/2022\/wp-content\/uploads\/2025\/01\/Imagem-do-WhatsApp-de-2025-01-21-as-13.27.52_7f894160.jpg","articleSection":["Barretos","Geral"],"inLanguage":"pt-BR","potentialAction":[{"@type":"CommentAction","name":"Comment","target":["https:\/\/regiaonews.net.br\/2022\/2025\/01\/21\/acib-completa-89-anos\/#respond"]}]},{"@type":"WebPage","@id":"https:\/\/regiaonews.net.br\/2022\/2025\/01\/21\/acib-completa-89-anos\/","url":"https:\/\/regiaonews.net.br\/2022\/2025\/01\/21\/acib-completa-89-anos\/","name":"ACIB completa 89 anos - Regi\u00e3o News","isPartOf":{"@id":"https:\/\/regiaonews.net.br\/2022\/#website"},"primaryImageOfPage":{"@id":"https:\/\/regiaonews.net.br\/2022\/2025\/01\/21\/acib-completa-89-anos\/#primaryimage"},"image":{"@id":"https:\/\/regiaonews.net.br\/2022\/2025\/01\/21\/acib-completa-89-anos\/#primaryimage"},"thumbnailUrl":"https:\/\/regiaonews.net.br\/2022\/wp-content\/uploads\/2025\/01\/Imagem-do-WhatsApp-de-2025-01-21-as-13.27.52_7f894160.jpg","datePublished":"2025-01-21T18:38:54+00:00","breadcrumb":{"@id":"https:\/\/regiaonews.net.br\/2022\/2025\/01\/21\/acib-completa-89-anos\/#breadcrumb"},"inLanguage":"pt-BR","potentialAction":[{"@type":"ReadAction","target":["https:\/\/regiaonews.net.br\/2022\/2025\/01\/21\/acib-completa-89-anos\/"]}]},{"@type":"ImageObject","inLanguage":"pt-BR","@id":"https:\/\/regiaonews.net.br\/2022\/2025\/01\/21\/acib-completa-89-anos\/#primaryimage","url":"https:\/\/regiaonews.net.br\/2022\/wp-content\/uploads\/2025\/01\/Imagem-do-WhatsApp-de-2025-01-21-as-13.27.52_7f894160.jpg","contentUrl":"https:\/\/regiaonews.net.br\/2022\/wp-content\/uploads\/2025\/01\/Imagem-do-WhatsApp-de-2025-01-21-as-13.27.52_7f894160.jpg","width":450,"height":600},{"@type":"BreadcrumbList","@id":"https:\/\/regiaonews.net.br\/2022\/2025\/01\/21\/acib-completa-89-anos\/#breadcrumb","itemListElement":[{"@type":"ListItem","position":1,"name":"In\u00edcio","item":"https:\/\/regiaonews.net.br\/2022\/"},{"@type":"ListItem","position":2,"name":"ACIB completa 89 anos"}]},{"@type":"WebSite","@id":"https:\/\/regiaonews.net.br\/2022\/#website","url":"https:\/\/regiaonews.net.br\/2022\/","name":"Regi\u00e3o News","description":"Site de Not\u00edcias de Barretos e regi\u00e3o","publisher":{"@id":"https:\/\/regiaonews.net.br\/2022\/#organization"},"potentialAction":[{"@type":"SearchAction","target":{"@type":"EntryPoint","urlTemplate":"https:\/\/regiaonews.net.br\/2022\/?s={search_term_string}"},"query-input":{"@type":"PropertyValueSpecification","valueRequired":true,"valueName":"search_term_string"}}],"inLanguage":"pt-BR"},{"@type":"Organization","@id":"https:\/\/regiaonews.net.br\/2022\/#organization","name":"Regi\u00e3o News","url":"https:\/\/regiaonews.net.br\/2022\/","logo":{"@type":"ImageObject","inLanguage":"pt-BR","@id":"https:\/\/regiaonews.net.br\/2022\/#\/schema\/logo\/image\/","url":"https:\/\/regiaonews.net.br\/2022\/wp-content\/uploads\/2026\/03\/regiao-13-anos-scaled.jpg","contentUrl":"https:\/\/regiaonews.net.br\/2022\/wp-content\/uploads\/2026\/03\/regiao-13-anos-scaled.jpg","width":2560,"height":635,"caption":"Regi\u00e3o News"},"image":{"@id":"https:\/\/regiaonews.net.br\/2022\/#\/schema\/logo\/image\/"}},{"@type":"Person","@id":"https:\/\/regiaonews.net.br\/2022\/#\/schema\/person\/2d205a608a5aa97ac279d7a5e6d89ad8","name":"Roberto","image":{"@type":"ImageObject","inLanguage":"pt-BR","@id":"https:\/\/secure.gravatar.com\/avatar\/42749d8b712ff9d59ca93dc150494e5b55a44134482993f5baeb97e61b7ecc89?s=96&d=mm&r=g","url":"https:\/\/secure.gravatar.com\/avatar\/42749d8b712ff9d59ca93dc150494e5b55a44134482993f5baeb97e61b7ecc89?s=96&d=mm&r=g","contentUrl":"https:\/\/secure.gravatar.com\/avatar\/42749d8b712ff9d59ca93dc150494e5b55a44134482993f5baeb97e61b7ecc89?s=96&d=mm&r=g","caption":"Roberto"},"url":"https:\/\/regiaonews.net.br\/2022\/author\/roberto\/"}]}},"publishpress_future_action":{"enabled":false,"date":"2026-05-02 02:25:17","action":"change-status","newStatus":"draft","terms":[],"taxonomy":"category","extraData":[]},"publishpress_future_workflow_manual_trigger":{"enabledWorkflows":[]},"_links":{"self":[{"href":"https:\/\/regiaonews.net.br\/2022\/wp-json\/wp\/v2\/posts\/113874","targetHints":{"allow":["GET"]}}],"collection":[{"href":"https:\/\/regiaonews.net.br\/2022\/wp-json\/wp\/v2\/posts"}],"about":[{"href":"https:\/\/regiaonews.net.br\/2022\/wp-json\/wp\/v2\/types\/post"}],"author":[{"embeddable":true,"href":"https:\/\/regiaonews.net.br\/2022\/wp-json\/wp\/v2\/users\/2"}],"replies":[{"embeddable":true,"href":"https:\/\/regiaonews.net.br\/2022\/wp-json\/wp\/v2\/comments?post=113874"}],"version-history":[{"count":1,"href":"https:\/\/regiaonews.net.br\/2022\/wp-json\/wp\/v2\/posts\/113874\/revisions"}],"predecessor-version":[{"id":113876,"href":"https:\/\/regiaonews.net.br\/2022\/wp-json\/wp\/v2\/posts\/113874\/revisions\/113876"}],"wp:featuredmedia":[{"embeddable":true,"href":"https:\/\/regiaonews.net.br\/2022\/wp-json\/wp\/v2\/media\/113875"}],"wp:attachment":[{"href":"https:\/\/regiaonews.net.br\/2022\/wp-json\/wp\/v2\/media?parent=113874"}],"wp:term":[{"taxonomy":"category","embeddable":true,"href":"https:\/\/regiaonews.net.br\/2022\/wp-json\/wp\/v2\/categories?post=113874"},{"taxonomy":"post_tag","embeddable":true,"href":"https:\/\/regiaonews.net.br\/2022\/wp-json\/wp\/v2\/tags?post=113874"}],"curies":[{"name":"wp","href":"https:\/\/api.w.org\/{rel}","templated":true}]}}