{"id":113863,"date":"2025-01-20T20:09:28","date_gmt":"2025-01-20T23:09:28","guid":{"rendered":"https:\/\/regiaonews.net.br\/2022\/?p=113863"},"modified":"2025-01-20T20:15:41","modified_gmt":"2025-01-20T23:15:41","slug":"north-shopping-anuncia-homenageadas-do-trofeu-mulher-2025","status":"publish","type":"post","link":"https:\/\/regiaonews.net.br\/2022\/2025\/01\/20\/north-shopping-anuncia-homenageadas-do-trofeu-mulher-2025\/","title":{"rendered":"North Shopping anuncia homenageadas do Trof\u00e9u Mulher 2025"},"content":{"rendered":"<p>&nbsp;<\/p>\n<p>Evento chega, em 2025, \u00e0 sua 15\u00aa edi\u00e7\u00e3o, com mais de 150 mulheres homenageadas<\/p>\n<p>Comemorando os 15 anos de hist\u00f3ria do Trof\u00e9u Mulher North Shopping Barretos, a edi\u00e7\u00e3o de 2025 j\u00e1 tem data marcada: 7 de mar\u00e7o, uma sexta-feira. As homenageadas s\u00e3o escolhidas a partir de uma lista de tr\u00eas nomes em nove categorias, por meio de uma vota\u00e7\u00e3o entre os profissionais de comunica\u00e7\u00e3o de Barretos (imprensa escrita, falada, televisiva e influenciadores digitais), que tamb\u00e9m indicam nomes para a categoria Revela\u00e7\u00e3o. J\u00e1 o t\u00edtulo de Lojista do Ano \u00e9 escolhido pela equipe do North Shopping.<\/p>\n<p>&nbsp;<\/p>\n<p>O evento, que j\u00e1 se tornou tradi\u00e7\u00e3o em Barretos, tem como prop\u00f3sito dar ainda mais visibilidade \u00e0s mulheres que, seja em suas carreiras ou a\u00e7\u00f5es volunt\u00e1rias, atuam para construir um mundo melhor. S\u00e3o exemplos de dedica\u00e7\u00e3o e impacto positivo, inspirando a comunidade onde vivem e trabalham.<\/p>\n<p>&nbsp;<\/p>\n<p>As homenageadas deste ano s\u00e3o:<\/p>\n<p>&nbsp;<\/p>\n<p>Artes &amp; Cultura<\/p>\n<p>Adalgisa Aparecida Borsato G. da Cruz<\/p>\n<p>Escritora e membra da ABC \u2013 Academia Barretense de Cultura<\/p>\n<p>&nbsp;<\/p>\n<p>Classes liberais<\/p>\n<p>J\u00e9ssica Aline Flor\u00eancia da Silva Pereira<\/p>\n<p>Advogada e Presidente da Comiss\u00e3o de Ado\u00e7\u00e3o da 7\u00aa Subse\u00e7\u00e3o e do GAA \u2013 Grupo de Apoio \u00e0 Ado\u00e7\u00e3o \u2013 CURA de Barretos<\/p>\n<p>&nbsp;<\/p>\n<p>Com\u00e9rcio &amp; Empreendedorismo<\/p>\n<p>Silvia Olimpia Marchi<\/p>\n<p>Empres\u00e1ria Casa Baroni e Silvia Presentes<\/p>\n<p>&nbsp;<\/p>\n<p>Comunica\u00e7\u00e3o<\/p>\n<p>Mariana Lopes Roberti<\/p>\n<p>Jornalista e apresentadora da Vale TV<\/p>\n<p>&nbsp;<\/p>\n<p>Comunidade<\/p>\n<p><span data-olk-copy-source=\"MessageBody\">Michele Ribeiro de Oliveira<\/span><\/p>\n<p>Gerente regional da Sicredi Alian\u00e7a<\/p>\n<p>&nbsp;<\/p>\n<p>Educa\u00e7\u00e3o<\/p>\n<p>M\u00e9rcia Regina de Paula Brito<\/p>\n<p>Fundadora e diretora da Escola de Educa\u00e7\u00e3o Infantil Tia M\u00e9rcia<\/p>\n<p>&nbsp;<\/p>\n<p>Filantropia<\/p>\n<p>Silvia Helena Marin Saraceni<\/p>\n<p>Presidente da Creche Clube das M\u00e3ezinhas<\/p>\n<p>&nbsp;<\/p>\n<p>Influencer<\/p>\n<p>Maria Eduarda Lacerda<\/p>\n<p>@adudalacerda<\/p>\n<p>&nbsp;<\/p>\n<p>Sa\u00fade<\/p>\n<p>Dra. Cristina Prata Amendola<\/p>\n<p>Diretora m\u00e9dica da Funda\u00e7\u00e3o Pio XII \u2013 Hospital de Amor<\/p>\n<p>&nbsp;<\/p>\n<p>Revela\u00e7\u00e3o<\/p>\n<p>Taciana Mara Nunes<\/p>\n<p>Policial civil na Delegacia da Mulher de Barretos<\/p>\n<p>&nbsp;<\/p>\n<p>Mulher Lojista<\/p>\n<p>Alessandra Costa Martins<\/p>\n<p>Empres\u00e1ria Du Vall\u00ea Caf\u00e9 Bistr\u00f4<\/p>\n<p>&nbsp;<\/p>\n<p>A cerim\u00f4nia de entrega do Trof\u00e9u Mulher North Shopping Barretos \u2013 edi\u00e7\u00e3o 2025 acontece no dia 7 de mar\u00e7o, \u00e0s 20h, no centro de compras, em solenidade aberta ao p\u00fablico.<\/p>\n","protected":false},"excerpt":{"rendered":"<p>&nbsp; Evento chega, em 2025, \u00e0 sua 15\u00aa edi\u00e7\u00e3o, com<\/p>\n","protected":false},"author":2,"featured_media":9766,"comment_status":"open","ping_status":"open","sticky":false,"template":"","format":"standard","meta":{"footnotes":""},"categories":[14,25],"tags":[],"class_list":["post-113863","post","type-post","status-publish","format-standard","has-post-thumbnail","hentry","category-barretos","category-cidades"],"yoast_head":"<!-- This site is optimized with the Yoast SEO plugin v27.4 - https:\/\/yoast.com\/product\/yoast-seo-wordpress\/ -->\n<title>North Shopping anuncia homenageadas do Trof\u00e9u Mulher 2025 - Regi\u00e3o News<\/title>\n<meta name=\"robots\" content=\"index, follow, max-snippet:-1, max-image-preview:large, max-video-preview:-1\" \/>\n<link rel=\"canonical\" href=\"https:\/\/regiaonews.net.br\/2022\/2025\/01\/20\/north-shopping-anuncia-homenageadas-do-trofeu-mulher-2025\/\" \/>\n<meta property=\"og:locale\" content=\"pt_BR\" \/>\n<meta property=\"og:type\" content=\"article\" \/>\n<meta property=\"og:title\" content=\"North Shopping anuncia homenageadas do Trof\u00e9u Mulher 2025 - Regi\u00e3o News\" \/>\n<meta property=\"og:description\" content=\"&nbsp; Evento chega, em 2025, \u00e0 sua 15\u00aa edi\u00e7\u00e3o, com\" \/>\n<meta property=\"og:url\" content=\"https:\/\/regiaonews.net.br\/2022\/2025\/01\/20\/north-shopping-anuncia-homenageadas-do-trofeu-mulher-2025\/\" \/>\n<meta property=\"og:site_name\" content=\"Regi\u00e3o News\" \/>\n<meta property=\"article:published_time\" content=\"2025-01-20T23:09:28+00:00\" \/>\n<meta property=\"article:modified_time\" content=\"2025-01-20T23:15:41+00:00\" \/>\n<meta property=\"og:image\" content=\"https:\/\/regiaonews.net.br\/2022\/wp-content\/uploads\/2017\/12\/North-Shopping.jpg\" \/>\n\t<meta property=\"og:image:width\" content=\"1280\" \/>\n\t<meta property=\"og:image:height\" content=\"853\" \/>\n\t<meta property=\"og:image:type\" content=\"image\/jpeg\" \/>\n<meta name=\"author\" content=\"Roberto\" \/>\n<meta name=\"twitter:card\" content=\"summary_large_image\" \/>\n<meta name=\"twitter:label1\" content=\"Escrito por\" \/>\n\t<meta name=\"twitter:data1\" content=\"Roberto\" \/>\n\t<meta name=\"twitter:label2\" content=\"Est. tempo de leitura\" \/>\n\t<meta name=\"twitter:data2\" content=\"2 minutos\" \/>\n<script type=\"application\/ld+json\" class=\"yoast-schema-graph\">{\"@context\":\"https:\\\/\\\/schema.org\",\"@graph\":[{\"@type\":\"Article\",\"@id\":\"https:\\\/\\\/regiaonews.net.br\\\/2022\\\/2025\\\/01\\\/20\\\/north-shopping-anuncia-homenageadas-do-trofeu-mulher-2025\\\/#article\",\"isPartOf\":{\"@id\":\"https:\\\/\\\/regiaonews.net.br\\\/2022\\\/2025\\\/01\\\/20\\\/north-shopping-anuncia-homenageadas-do-trofeu-mulher-2025\\\/\"},\"author\":{\"name\":\"Roberto\",\"@id\":\"https:\\\/\\\/regiaonews.net.br\\\/2022\\\/#\\\/schema\\\/person\\\/2d205a608a5aa97ac279d7a5e6d89ad8\"},\"headline\":\"North Shopping anuncia homenageadas do Trof\u00e9u Mulher 2025\",\"datePublished\":\"2025-01-20T23:09:28+00:00\",\"dateModified\":\"2025-01-20T23:15:41+00:00\",\"mainEntityOfPage\":{\"@id\":\"https:\\\/\\\/regiaonews.net.br\\\/2022\\\/2025\\\/01\\\/20\\\/north-shopping-anuncia-homenageadas-do-trofeu-mulher-2025\\\/\"},\"wordCount\":377,\"commentCount\":0,\"publisher\":{\"@id\":\"https:\\\/\\\/regiaonews.net.br\\\/2022\\\/#organization\"},\"image\":{\"@id\":\"https:\\\/\\\/regiaonews.net.br\\\/2022\\\/2025\\\/01\\\/20\\\/north-shopping-anuncia-homenageadas-do-trofeu-mulher-2025\\\/#primaryimage\"},\"thumbnailUrl\":\"https:\\\/\\\/regiaonews.net.br\\\/2022\\\/wp-content\\\/uploads\\\/2017\\\/12\\\/North-Shopping.jpg\",\"articleSection\":[\"Barretos\",\"Cidades\"],\"inLanguage\":\"pt-BR\",\"potentialAction\":[{\"@type\":\"CommentAction\",\"name\":\"Comment\",\"target\":[\"https:\\\/\\\/regiaonews.net.br\\\/2022\\\/2025\\\/01\\\/20\\\/north-shopping-anuncia-homenageadas-do-trofeu-mulher-2025\\\/#respond\"]}]},{\"@type\":\"WebPage\",\"@id\":\"https:\\\/\\\/regiaonews.net.br\\\/2022\\\/2025\\\/01\\\/20\\\/north-shopping-anuncia-homenageadas-do-trofeu-mulher-2025\\\/\",\"url\":\"https:\\\/\\\/regiaonews.net.br\\\/2022\\\/2025\\\/01\\\/20\\\/north-shopping-anuncia-homenageadas-do-trofeu-mulher-2025\\\/\",\"name\":\"North Shopping anuncia homenageadas do Trof\u00e9u Mulher 2025 - Regi\u00e3o News\",\"isPartOf\":{\"@id\":\"https:\\\/\\\/regiaonews.net.br\\\/2022\\\/#website\"},\"primaryImageOfPage\":{\"@id\":\"https:\\\/\\\/regiaonews.net.br\\\/2022\\\/2025\\\/01\\\/20\\\/north-shopping-anuncia-homenageadas-do-trofeu-mulher-2025\\\/#primaryimage\"},\"image\":{\"@id\":\"https:\\\/\\\/regiaonews.net.br\\\/2022\\\/2025\\\/01\\\/20\\\/north-shopping-anuncia-homenageadas-do-trofeu-mulher-2025\\\/#primaryimage\"},\"thumbnailUrl\":\"https:\\\/\\\/regiaonews.net.br\\\/2022\\\/wp-content\\\/uploads\\\/2017\\\/12\\\/North-Shopping.jpg\",\"datePublished\":\"2025-01-20T23:09:28+00:00\",\"dateModified\":\"2025-01-20T23:15:41+00:00\",\"breadcrumb\":{\"@id\":\"https:\\\/\\\/regiaonews.net.br\\\/2022\\\/2025\\\/01\\\/20\\\/north-shopping-anuncia-homenageadas-do-trofeu-mulher-2025\\\/#breadcrumb\"},\"inLanguage\":\"pt-BR\",\"potentialAction\":[{\"@type\":\"ReadAction\",\"target\":[\"https:\\\/\\\/regiaonews.net.br\\\/2022\\\/2025\\\/01\\\/20\\\/north-shopping-anuncia-homenageadas-do-trofeu-mulher-2025\\\/\"]}]},{\"@type\":\"ImageObject\",\"inLanguage\":\"pt-BR\",\"@id\":\"https:\\\/\\\/regiaonews.net.br\\\/2022\\\/2025\\\/01\\\/20\\\/north-shopping-anuncia-homenageadas-do-trofeu-mulher-2025\\\/#primaryimage\",\"url\":\"https:\\\/\\\/regiaonews.net.br\\\/2022\\\/wp-content\\\/uploads\\\/2017\\\/12\\\/North-Shopping.jpg\",\"contentUrl\":\"https:\\\/\\\/regiaonews.net.br\\\/2022\\\/wp-content\\\/uploads\\\/2017\\\/12\\\/North-Shopping.jpg\",\"width\":1280,\"height\":853},{\"@type\":\"BreadcrumbList\",\"@id\":\"https:\\\/\\\/regiaonews.net.br\\\/2022\\\/2025\\\/01\\\/20\\\/north-shopping-anuncia-homenageadas-do-trofeu-mulher-2025\\\/#breadcrumb\",\"itemListElement\":[{\"@type\":\"ListItem\",\"position\":1,\"name\":\"In\u00edcio\",\"item\":\"https:\\\/\\\/regiaonews.net.br\\\/2022\\\/\"},{\"@type\":\"ListItem\",\"position\":2,\"name\":\"North Shopping anuncia homenageadas do Trof\u00e9u Mulher 2025\"}]},{\"@type\":\"WebSite\",\"@id\":\"https:\\\/\\\/regiaonews.net.br\\\/2022\\\/#website\",\"url\":\"https:\\\/\\\/regiaonews.net.br\\\/2022\\\/\",\"name\":\"Regi\u00e3o News\",\"description\":\"Site de Not\u00edcias de Barretos e regi\u00e3o\",\"publisher\":{\"@id\":\"https:\\\/\\\/regiaonews.net.br\\\/2022\\\/#organization\"},\"potentialAction\":[{\"@type\":\"SearchAction\",\"target\":{\"@type\":\"EntryPoint\",\"urlTemplate\":\"https:\\\/\\\/regiaonews.net.br\\\/2022\\\/?s={search_term_string}\"},\"query-input\":{\"@type\":\"PropertyValueSpecification\",\"valueRequired\":true,\"valueName\":\"search_term_string\"}}],\"inLanguage\":\"pt-BR\"},{\"@type\":\"Organization\",\"@id\":\"https:\\\/\\\/regiaonews.net.br\\\/2022\\\/#organization\",\"name\":\"Regi\u00e3o News\",\"url\":\"https:\\\/\\\/regiaonews.net.br\\\/2022\\\/\",\"logo\":{\"@type\":\"ImageObject\",\"inLanguage\":\"pt-BR\",\"@id\":\"https:\\\/\\\/regiaonews.net.br\\\/2022\\\/#\\\/schema\\\/logo\\\/image\\\/\",\"url\":\"https:\\\/\\\/regiaonews.net.br\\\/2022\\\/wp-content\\\/uploads\\\/2026\\\/03\\\/regiao-13-anos-scaled.jpg\",\"contentUrl\":\"https:\\\/\\\/regiaonews.net.br\\\/2022\\\/wp-content\\\/uploads\\\/2026\\\/03\\\/regiao-13-anos-scaled.jpg\",\"width\":2560,\"height\":635,\"caption\":\"Regi\u00e3o News\"},\"image\":{\"@id\":\"https:\\\/\\\/regiaonews.net.br\\\/2022\\\/#\\\/schema\\\/logo\\\/image\\\/\"}},{\"@type\":\"Person\",\"@id\":\"https:\\\/\\\/regiaonews.net.br\\\/2022\\\/#\\\/schema\\\/person\\\/2d205a608a5aa97ac279d7a5e6d89ad8\",\"name\":\"Roberto\",\"image\":{\"@type\":\"ImageObject\",\"inLanguage\":\"pt-BR\",\"@id\":\"https:\\\/\\\/secure.gravatar.com\\\/avatar\\\/42749d8b712ff9d59ca93dc150494e5b55a44134482993f5baeb97e61b7ecc89?s=96&d=mm&r=g\",\"url\":\"https:\\\/\\\/secure.gravatar.com\\\/avatar\\\/42749d8b712ff9d59ca93dc150494e5b55a44134482993f5baeb97e61b7ecc89?s=96&d=mm&r=g\",\"contentUrl\":\"https:\\\/\\\/secure.gravatar.com\\\/avatar\\\/42749d8b712ff9d59ca93dc150494e5b55a44134482993f5baeb97e61b7ecc89?s=96&d=mm&r=g\",\"caption\":\"Roberto\"},\"url\":\"https:\\\/\\\/regiaonews.net.br\\\/2022\\\/author\\\/roberto\\\/\"}]}<\/script>\n<!-- \/ Yoast SEO plugin. -->","yoast_head_json":{"title":"North Shopping anuncia homenageadas do Trof\u00e9u Mulher 2025 - Regi\u00e3o News","robots":{"index":"index","follow":"follow","max-snippet":"max-snippet:-1","max-image-preview":"max-image-preview:large","max-video-preview":"max-video-preview:-1"},"canonical":"https:\/\/regiaonews.net.br\/2022\/2025\/01\/20\/north-shopping-anuncia-homenageadas-do-trofeu-mulher-2025\/","og_locale":"pt_BR","og_type":"article","og_title":"North Shopping anuncia homenageadas do Trof\u00e9u Mulher 2025 - Regi\u00e3o News","og_description":"&nbsp; Evento chega, em 2025, \u00e0 sua 15\u00aa edi\u00e7\u00e3o, com","og_url":"https:\/\/regiaonews.net.br\/2022\/2025\/01\/20\/north-shopping-anuncia-homenageadas-do-trofeu-mulher-2025\/","og_site_name":"Regi\u00e3o News","article_published_time":"2025-01-20T23:09:28+00:00","article_modified_time":"2025-01-20T23:15:41+00:00","og_image":[{"width":1280,"height":853,"url":"https:\/\/regiaonews.net.br\/2022\/wp-content\/uploads\/2017\/12\/North-Shopping.jpg","type":"image\/jpeg"}],"author":"Roberto","twitter_card":"summary_large_image","twitter_misc":{"Escrito por":"Roberto","Est. tempo de leitura":"2 minutos"},"schema":{"@context":"https:\/\/schema.org","@graph":[{"@type":"Article","@id":"https:\/\/regiaonews.net.br\/2022\/2025\/01\/20\/north-shopping-anuncia-homenageadas-do-trofeu-mulher-2025\/#article","isPartOf":{"@id":"https:\/\/regiaonews.net.br\/2022\/2025\/01\/20\/north-shopping-anuncia-homenageadas-do-trofeu-mulher-2025\/"},"author":{"name":"Roberto","@id":"https:\/\/regiaonews.net.br\/2022\/#\/schema\/person\/2d205a608a5aa97ac279d7a5e6d89ad8"},"headline":"North Shopping anuncia homenageadas do Trof\u00e9u Mulher 2025","datePublished":"2025-01-20T23:09:28+00:00","dateModified":"2025-01-20T23:15:41+00:00","mainEntityOfPage":{"@id":"https:\/\/regiaonews.net.br\/2022\/2025\/01\/20\/north-shopping-anuncia-homenageadas-do-trofeu-mulher-2025\/"},"wordCount":377,"commentCount":0,"publisher":{"@id":"https:\/\/regiaonews.net.br\/2022\/#organization"},"image":{"@id":"https:\/\/regiaonews.net.br\/2022\/2025\/01\/20\/north-shopping-anuncia-homenageadas-do-trofeu-mulher-2025\/#primaryimage"},"thumbnailUrl":"https:\/\/regiaonews.net.br\/2022\/wp-content\/uploads\/2017\/12\/North-Shopping.jpg","articleSection":["Barretos","Cidades"],"inLanguage":"pt-BR","potentialAction":[{"@type":"CommentAction","name":"Comment","target":["https:\/\/regiaonews.net.br\/2022\/2025\/01\/20\/north-shopping-anuncia-homenageadas-do-trofeu-mulher-2025\/#respond"]}]},{"@type":"WebPage","@id":"https:\/\/regiaonews.net.br\/2022\/2025\/01\/20\/north-shopping-anuncia-homenageadas-do-trofeu-mulher-2025\/","url":"https:\/\/regiaonews.net.br\/2022\/2025\/01\/20\/north-shopping-anuncia-homenageadas-do-trofeu-mulher-2025\/","name":"North Shopping anuncia homenageadas do Trof\u00e9u Mulher 2025 - Regi\u00e3o News","isPartOf":{"@id":"https:\/\/regiaonews.net.br\/2022\/#website"},"primaryImageOfPage":{"@id":"https:\/\/regiaonews.net.br\/2022\/2025\/01\/20\/north-shopping-anuncia-homenageadas-do-trofeu-mulher-2025\/#primaryimage"},"image":{"@id":"https:\/\/regiaonews.net.br\/2022\/2025\/01\/20\/north-shopping-anuncia-homenageadas-do-trofeu-mulher-2025\/#primaryimage"},"thumbnailUrl":"https:\/\/regiaonews.net.br\/2022\/wp-content\/uploads\/2017\/12\/North-Shopping.jpg","datePublished":"2025-01-20T23:09:28+00:00","dateModified":"2025-01-20T23:15:41+00:00","breadcrumb":{"@id":"https:\/\/regiaonews.net.br\/2022\/2025\/01\/20\/north-shopping-anuncia-homenageadas-do-trofeu-mulher-2025\/#breadcrumb"},"inLanguage":"pt-BR","potentialAction":[{"@type":"ReadAction","target":["https:\/\/regiaonews.net.br\/2022\/2025\/01\/20\/north-shopping-anuncia-homenageadas-do-trofeu-mulher-2025\/"]}]},{"@type":"ImageObject","inLanguage":"pt-BR","@id":"https:\/\/regiaonews.net.br\/2022\/2025\/01\/20\/north-shopping-anuncia-homenageadas-do-trofeu-mulher-2025\/#primaryimage","url":"https:\/\/regiaonews.net.br\/2022\/wp-content\/uploads\/2017\/12\/North-Shopping.jpg","contentUrl":"https:\/\/regiaonews.net.br\/2022\/wp-content\/uploads\/2017\/12\/North-Shopping.jpg","width":1280,"height":853},{"@type":"BreadcrumbList","@id":"https:\/\/regiaonews.net.br\/2022\/2025\/01\/20\/north-shopping-anuncia-homenageadas-do-trofeu-mulher-2025\/#breadcrumb","itemListElement":[{"@type":"ListItem","position":1,"name":"In\u00edcio","item":"https:\/\/regiaonews.net.br\/2022\/"},{"@type":"ListItem","position":2,"name":"North Shopping anuncia homenageadas do Trof\u00e9u Mulher 2025"}]},{"@type":"WebSite","@id":"https:\/\/regiaonews.net.br\/2022\/#website","url":"https:\/\/regiaonews.net.br\/2022\/","name":"Regi\u00e3o News","description":"Site de Not\u00edcias de Barretos e regi\u00e3o","publisher":{"@id":"https:\/\/regiaonews.net.br\/2022\/#organization"},"potentialAction":[{"@type":"SearchAction","target":{"@type":"EntryPoint","urlTemplate":"https:\/\/regiaonews.net.br\/2022\/?s={search_term_string}"},"query-input":{"@type":"PropertyValueSpecification","valueRequired":true,"valueName":"search_term_string"}}],"inLanguage":"pt-BR"},{"@type":"Organization","@id":"https:\/\/regiaonews.net.br\/2022\/#organization","name":"Regi\u00e3o News","url":"https:\/\/regiaonews.net.br\/2022\/","logo":{"@type":"ImageObject","inLanguage":"pt-BR","@id":"https:\/\/regiaonews.net.br\/2022\/#\/schema\/logo\/image\/","url":"https:\/\/regiaonews.net.br\/2022\/wp-content\/uploads\/2026\/03\/regiao-13-anos-scaled.jpg","contentUrl":"https:\/\/regiaonews.net.br\/2022\/wp-content\/uploads\/2026\/03\/regiao-13-anos-scaled.jpg","width":2560,"height":635,"caption":"Regi\u00e3o News"},"image":{"@id":"https:\/\/regiaonews.net.br\/2022\/#\/schema\/logo\/image\/"}},{"@type":"Person","@id":"https:\/\/regiaonews.net.br\/2022\/#\/schema\/person\/2d205a608a5aa97ac279d7a5e6d89ad8","name":"Roberto","image":{"@type":"ImageObject","inLanguage":"pt-BR","@id":"https:\/\/secure.gravatar.com\/avatar\/42749d8b712ff9d59ca93dc150494e5b55a44134482993f5baeb97e61b7ecc89?s=96&d=mm&r=g","url":"https:\/\/secure.gravatar.com\/avatar\/42749d8b712ff9d59ca93dc150494e5b55a44134482993f5baeb97e61b7ecc89?s=96&d=mm&r=g","contentUrl":"https:\/\/secure.gravatar.com\/avatar\/42749d8b712ff9d59ca93dc150494e5b55a44134482993f5baeb97e61b7ecc89?s=96&d=mm&r=g","caption":"Roberto"},"url":"https:\/\/regiaonews.net.br\/2022\/author\/roberto\/"}]}},"publishpress_future_action":{"enabled":false,"date":"2026-05-02 02:36:18","action":"change-status","newStatus":"draft","terms":[],"taxonomy":"category","extraData":[]},"publishpress_future_workflow_manual_trigger":{"enabledWorkflows":[]},"_links":{"self":[{"href":"https:\/\/regiaonews.net.br\/2022\/wp-json\/wp\/v2\/posts\/113863","targetHints":{"allow":["GET"]}}],"collection":[{"href":"https:\/\/regiaonews.net.br\/2022\/wp-json\/wp\/v2\/posts"}],"about":[{"href":"https:\/\/regiaonews.net.br\/2022\/wp-json\/wp\/v2\/types\/post"}],"author":[{"embeddable":true,"href":"https:\/\/regiaonews.net.br\/2022\/wp-json\/wp\/v2\/users\/2"}],"replies":[{"embeddable":true,"href":"https:\/\/regiaonews.net.br\/2022\/wp-json\/wp\/v2\/comments?post=113863"}],"version-history":[{"count":3,"href":"https:\/\/regiaonews.net.br\/2022\/wp-json\/wp\/v2\/posts\/113863\/revisions"}],"predecessor-version":[{"id":113866,"href":"https:\/\/regiaonews.net.br\/2022\/wp-json\/wp\/v2\/posts\/113863\/revisions\/113866"}],"wp:featuredmedia":[{"embeddable":true,"href":"https:\/\/regiaonews.net.br\/2022\/wp-json\/wp\/v2\/media\/9766"}],"wp:attachment":[{"href":"https:\/\/regiaonews.net.br\/2022\/wp-json\/wp\/v2\/media?parent=113863"}],"wp:term":[{"taxonomy":"category","embeddable":true,"href":"https:\/\/regiaonews.net.br\/2022\/wp-json\/wp\/v2\/categories?post=113863"},{"taxonomy":"post_tag","embeddable":true,"href":"https:\/\/regiaonews.net.br\/2022\/wp-json\/wp\/v2\/tags?post=113863"}],"curies":[{"name":"wp","href":"https:\/\/api.w.org\/{rel}","templated":true}]}}