{"id":113794,"date":"2025-01-17T13:11:32","date_gmt":"2025-01-17T16:11:32","guid":{"rendered":"https:\/\/regiaonews.net.br\/2022\/?p=113794"},"modified":"2025-01-17T13:11:32","modified_gmt":"2025-01-17T16:11:32","slug":"importacoes-cresceram-9-em-todo-o-pais-no-ano-passado-enquanto-indice-de-exportacoes-se-manteve-estavel-segundo-mdic","status":"publish","type":"post","link":"https:\/\/regiaonews.net.br\/2022\/2025\/01\/17\/importacoes-cresceram-9-em-todo-o-pais-no-ano-passado-enquanto-indice-de-exportacoes-se-manteve-estavel-segundo-mdic\/","title":{"rendered":"Importa\u00e7\u00f5es cresceram 9% em todo o pa\u00eds no ano passado, enquanto \u00edndice de exporta\u00e7\u00f5es se manteve est\u00e1vel, segundo MDIC"},"content":{"rendered":"<h3 style=\"text-align: center;\">No Estado de S\u00e3o Paulo, destaque vai para o a\u00e7\u00facar, carnes, produtos florestais, sucos, e soja, que garantiram a lideran\u00e7a das exporta\u00e7\u00f5es do agro para S\u00e3o Paulo durante 2024<\/h3>\n<p>Em divulga\u00e7\u00e3o recente do Minist\u00e9rio do Desenvolvimento, Ind\u00fastria, Com\u00e9rcio e Servi\u00e7os (MDIC), foi apresentado um aumento no percentual de importa\u00e7\u00f5es no Brasil, em compara\u00e7\u00e3o com 2023. J\u00e1 o \u00edndice total de exporta\u00e7\u00f5es se manteve est\u00e1vel, quando comparado com o ano anterior.<\/p>\n<p>Em Ribeir\u00e3o Preto, os destaques das exporta\u00e7\u00f5es ficaram por conta do amendoim e prepara\u00e7\u00e3o para alimenta\u00e7\u00e3o de animais. O Agro foi uma das alavancas do com\u00e9rcio exterior nacional em 2024. S\u00f3 no Estado de S\u00e3o Paulo, a\u00e7\u00facar, carnes, produtos florestais, sucos e soja foram os produtos que garantiram a lideran\u00e7a para o estado no ano passado.<\/p>\n<p>&#8211; \u201cO que podemos observar \u00e9 uma expertise empresarial do estado de S\u00e3o Paulo, sobretudo na macrorregi\u00e3o de Ribeir\u00e3o Preto, que n\u00e3o se cansa de se reinventar. Cidades como Araraquara, Barretos, Franca, Ribeir\u00e3o Preto, S\u00e3o Carlos e Sert\u00e3ozinho fazem a roda girar, beneficiando munic\u00edpios menores, que tamb\u00e9m ganham com isso\u201d, explicou Cristiane Fais, CEO da Accrom Consultoria em Log\u00edstica Internacional.<\/p>\n<p>J\u00e1 em rela\u00e7\u00e3o \u00e0s importa\u00e7\u00f5es, a regi\u00e3o de Ribeir\u00e3o Preto importou instrumentos e aparelhos de medicina, adubos, aparelhos mec\u00e2nicos, tubos ou perfis ocos de a\u00e7o ou ferro, al\u00e9m de barras de ferro.<\/p>\n<p>&#8211; \u201cNossa regi\u00e3o \u00e9 muito rica e possui ind\u00fastria e com\u00e9rcio bastante s\u00f3lida. Essa forma de atuar \u00e9 o que reflete nas pesquisas do MDIC, Ciesp e outros. A perspectiva \u00e9 que, independente da situa\u00e7\u00e3o cambial, os n\u00fameros cres\u00e7am, haja vista que nossas cidades est\u00e3o preparadas para saltos ainda maiores. E para isso, importa\u00e7\u00f5es estrat\u00e9gicas podem levar \u00e0 exporta\u00e7\u00f5es cada vez mais acentuadas\u201d \u2013 finalizou Cristiane Fais, CEO da Accrom Consultoria em Log\u00edstica\u00a0Internacional.<\/p>\n","protected":false},"excerpt":{"rendered":"<p>No Estado de S\u00e3o Paulo, destaque vai para o a\u00e7\u00facar,<\/p>\n","protected":false},"author":2,"featured_media":113795,"comment_status":"open","ping_status":"open","sticky":false,"template":"","format":"standard","meta":{"footnotes":""},"categories":[24,3],"tags":[],"class_list":["post-113794","post","type-post","status-publish","format-standard","has-post-thumbnail","hentry","category-brasil","category-geral"],"yoast_head":"<!-- This site is optimized with the Yoast SEO plugin v27.4 - https:\/\/yoast.com\/product\/yoast-seo-wordpress\/ -->\n<title>Importa\u00e7\u00f5es cresceram 9% em todo o pa\u00eds no ano passado, enquanto \u00edndice de exporta\u00e7\u00f5es se manteve est\u00e1vel, segundo MDIC - Regi\u00e3o News<\/title>\n<meta name=\"robots\" content=\"index, follow, max-snippet:-1, max-image-preview:large, max-video-preview:-1\" \/>\n<link rel=\"canonical\" href=\"https:\/\/regiaonews.net.br\/2022\/2025\/01\/17\/importacoes-cresceram-9-em-todo-o-pais-no-ano-passado-enquanto-indice-de-exportacoes-se-manteve-estavel-segundo-mdic\/\" \/>\n<meta property=\"og:locale\" content=\"pt_BR\" \/>\n<meta property=\"og:type\" content=\"article\" \/>\n<meta property=\"og:title\" content=\"Importa\u00e7\u00f5es cresceram 9% em todo o pa\u00eds no ano passado, enquanto \u00edndice de exporta\u00e7\u00f5es se manteve est\u00e1vel, segundo MDIC - Regi\u00e3o News\" \/>\n<meta property=\"og:description\" content=\"No Estado de S\u00e3o Paulo, destaque vai para o a\u00e7\u00facar,\" \/>\n<meta property=\"og:url\" content=\"https:\/\/regiaonews.net.br\/2022\/2025\/01\/17\/importacoes-cresceram-9-em-todo-o-pais-no-ano-passado-enquanto-indice-de-exportacoes-se-manteve-estavel-segundo-mdic\/\" \/>\n<meta property=\"og:site_name\" content=\"Regi\u00e3o News\" \/>\n<meta property=\"article:published_time\" content=\"2025-01-17T16:11:32+00:00\" \/>\n<meta property=\"og:image\" content=\"https:\/\/regiaonews.net.br\/2022\/wp-content\/uploads\/2025\/01\/Imagem-do-WhatsApp-de-2025-01-17-as-09.24.15_d0827449.jpg\" \/>\n\t<meta property=\"og:image:width\" content=\"740\" \/>\n\t<meta property=\"og:image:height\" content=\"494\" \/>\n\t<meta property=\"og:image:type\" content=\"image\/jpeg\" \/>\n<meta name=\"author\" content=\"Roberto\" \/>\n<meta name=\"twitter:card\" content=\"summary_large_image\" \/>\n<meta name=\"twitter:label1\" content=\"Escrito por\" \/>\n\t<meta name=\"twitter:data1\" content=\"Roberto\" \/>\n\t<meta name=\"twitter:label2\" content=\"Est. tempo de leitura\" \/>\n\t<meta name=\"twitter:data2\" content=\"2 minutos\" \/>\n<script type=\"application\/ld+json\" class=\"yoast-schema-graph\">{\"@context\":\"https:\\\/\\\/schema.org\",\"@graph\":[{\"@type\":\"Article\",\"@id\":\"https:\\\/\\\/regiaonews.net.br\\\/2022\\\/2025\\\/01\\\/17\\\/importacoes-cresceram-9-em-todo-o-pais-no-ano-passado-enquanto-indice-de-exportacoes-se-manteve-estavel-segundo-mdic\\\/#article\",\"isPartOf\":{\"@id\":\"https:\\\/\\\/regiaonews.net.br\\\/2022\\\/2025\\\/01\\\/17\\\/importacoes-cresceram-9-em-todo-o-pais-no-ano-passado-enquanto-indice-de-exportacoes-se-manteve-estavel-segundo-mdic\\\/\"},\"author\":{\"name\":\"Roberto\",\"@id\":\"https:\\\/\\\/regiaonews.net.br\\\/2022\\\/#\\\/schema\\\/person\\\/2d205a608a5aa97ac279d7a5e6d89ad8\"},\"headline\":\"Importa\u00e7\u00f5es cresceram 9% em todo o pa\u00eds no ano passado, enquanto \u00edndice de exporta\u00e7\u00f5es se manteve est\u00e1vel, segundo MDIC\",\"datePublished\":\"2025-01-17T16:11:32+00:00\",\"mainEntityOfPage\":{\"@id\":\"https:\\\/\\\/regiaonews.net.br\\\/2022\\\/2025\\\/01\\\/17\\\/importacoes-cresceram-9-em-todo-o-pais-no-ano-passado-enquanto-indice-de-exportacoes-se-manteve-estavel-segundo-mdic\\\/\"},\"wordCount\":356,\"commentCount\":0,\"publisher\":{\"@id\":\"https:\\\/\\\/regiaonews.net.br\\\/2022\\\/#organization\"},\"image\":{\"@id\":\"https:\\\/\\\/regiaonews.net.br\\\/2022\\\/2025\\\/01\\\/17\\\/importacoes-cresceram-9-em-todo-o-pais-no-ano-passado-enquanto-indice-de-exportacoes-se-manteve-estavel-segundo-mdic\\\/#primaryimage\"},\"thumbnailUrl\":\"https:\\\/\\\/regiaonews.net.br\\\/2022\\\/wp-content\\\/uploads\\\/2025\\\/01\\\/Imagem-do-WhatsApp-de-2025-01-17-as-09.24.15_d0827449.jpg\",\"articleSection\":[\"Brasil\",\"Geral\"],\"inLanguage\":\"pt-BR\",\"potentialAction\":[{\"@type\":\"CommentAction\",\"name\":\"Comment\",\"target\":[\"https:\\\/\\\/regiaonews.net.br\\\/2022\\\/2025\\\/01\\\/17\\\/importacoes-cresceram-9-em-todo-o-pais-no-ano-passado-enquanto-indice-de-exportacoes-se-manteve-estavel-segundo-mdic\\\/#respond\"]}]},{\"@type\":\"WebPage\",\"@id\":\"https:\\\/\\\/regiaonews.net.br\\\/2022\\\/2025\\\/01\\\/17\\\/importacoes-cresceram-9-em-todo-o-pais-no-ano-passado-enquanto-indice-de-exportacoes-se-manteve-estavel-segundo-mdic\\\/\",\"url\":\"https:\\\/\\\/regiaonews.net.br\\\/2022\\\/2025\\\/01\\\/17\\\/importacoes-cresceram-9-em-todo-o-pais-no-ano-passado-enquanto-indice-de-exportacoes-se-manteve-estavel-segundo-mdic\\\/\",\"name\":\"Importa\u00e7\u00f5es cresceram 9% em todo o pa\u00eds no ano passado, enquanto \u00edndice de exporta\u00e7\u00f5es se manteve est\u00e1vel, segundo MDIC - Regi\u00e3o News\",\"isPartOf\":{\"@id\":\"https:\\\/\\\/regiaonews.net.br\\\/2022\\\/#website\"},\"primaryImageOfPage\":{\"@id\":\"https:\\\/\\\/regiaonews.net.br\\\/2022\\\/2025\\\/01\\\/17\\\/importacoes-cresceram-9-em-todo-o-pais-no-ano-passado-enquanto-indice-de-exportacoes-se-manteve-estavel-segundo-mdic\\\/#primaryimage\"},\"image\":{\"@id\":\"https:\\\/\\\/regiaonews.net.br\\\/2022\\\/2025\\\/01\\\/17\\\/importacoes-cresceram-9-em-todo-o-pais-no-ano-passado-enquanto-indice-de-exportacoes-se-manteve-estavel-segundo-mdic\\\/#primaryimage\"},\"thumbnailUrl\":\"https:\\\/\\\/regiaonews.net.br\\\/2022\\\/wp-content\\\/uploads\\\/2025\\\/01\\\/Imagem-do-WhatsApp-de-2025-01-17-as-09.24.15_d0827449.jpg\",\"datePublished\":\"2025-01-17T16:11:32+00:00\",\"breadcrumb\":{\"@id\":\"https:\\\/\\\/regiaonews.net.br\\\/2022\\\/2025\\\/01\\\/17\\\/importacoes-cresceram-9-em-todo-o-pais-no-ano-passado-enquanto-indice-de-exportacoes-se-manteve-estavel-segundo-mdic\\\/#breadcrumb\"},\"inLanguage\":\"pt-BR\",\"potentialAction\":[{\"@type\":\"ReadAction\",\"target\":[\"https:\\\/\\\/regiaonews.net.br\\\/2022\\\/2025\\\/01\\\/17\\\/importacoes-cresceram-9-em-todo-o-pais-no-ano-passado-enquanto-indice-de-exportacoes-se-manteve-estavel-segundo-mdic\\\/\"]}]},{\"@type\":\"ImageObject\",\"inLanguage\":\"pt-BR\",\"@id\":\"https:\\\/\\\/regiaonews.net.br\\\/2022\\\/2025\\\/01\\\/17\\\/importacoes-cresceram-9-em-todo-o-pais-no-ano-passado-enquanto-indice-de-exportacoes-se-manteve-estavel-segundo-mdic\\\/#primaryimage\",\"url\":\"https:\\\/\\\/regiaonews.net.br\\\/2022\\\/wp-content\\\/uploads\\\/2025\\\/01\\\/Imagem-do-WhatsApp-de-2025-01-17-as-09.24.15_d0827449.jpg\",\"contentUrl\":\"https:\\\/\\\/regiaonews.net.br\\\/2022\\\/wp-content\\\/uploads\\\/2025\\\/01\\\/Imagem-do-WhatsApp-de-2025-01-17-as-09.24.15_d0827449.jpg\",\"width\":740,\"height\":494},{\"@type\":\"BreadcrumbList\",\"@id\":\"https:\\\/\\\/regiaonews.net.br\\\/2022\\\/2025\\\/01\\\/17\\\/importacoes-cresceram-9-em-todo-o-pais-no-ano-passado-enquanto-indice-de-exportacoes-se-manteve-estavel-segundo-mdic\\\/#breadcrumb\",\"itemListElement\":[{\"@type\":\"ListItem\",\"position\":1,\"name\":\"In\u00edcio\",\"item\":\"https:\\\/\\\/regiaonews.net.br\\\/2022\\\/\"},{\"@type\":\"ListItem\",\"position\":2,\"name\":\"Importa\u00e7\u00f5es cresceram 9% em todo o pa\u00eds no ano passado, enquanto \u00edndice de exporta\u00e7\u00f5es se manteve est\u00e1vel, segundo MDIC\"}]},{\"@type\":\"WebSite\",\"@id\":\"https:\\\/\\\/regiaonews.net.br\\\/2022\\\/#website\",\"url\":\"https:\\\/\\\/regiaonews.net.br\\\/2022\\\/\",\"name\":\"Regi\u00e3o News\",\"description\":\"Site de Not\u00edcias de Barretos e regi\u00e3o\",\"publisher\":{\"@id\":\"https:\\\/\\\/regiaonews.net.br\\\/2022\\\/#organization\"},\"potentialAction\":[{\"@type\":\"SearchAction\",\"target\":{\"@type\":\"EntryPoint\",\"urlTemplate\":\"https:\\\/\\\/regiaonews.net.br\\\/2022\\\/?s={search_term_string}\"},\"query-input\":{\"@type\":\"PropertyValueSpecification\",\"valueRequired\":true,\"valueName\":\"search_term_string\"}}],\"inLanguage\":\"pt-BR\"},{\"@type\":\"Organization\",\"@id\":\"https:\\\/\\\/regiaonews.net.br\\\/2022\\\/#organization\",\"name\":\"Regi\u00e3o News\",\"url\":\"https:\\\/\\\/regiaonews.net.br\\\/2022\\\/\",\"logo\":{\"@type\":\"ImageObject\",\"inLanguage\":\"pt-BR\",\"@id\":\"https:\\\/\\\/regiaonews.net.br\\\/2022\\\/#\\\/schema\\\/logo\\\/image\\\/\",\"url\":\"https:\\\/\\\/regiaonews.net.br\\\/2022\\\/wp-content\\\/uploads\\\/2026\\\/03\\\/regiao-13-anos-scaled.jpg\",\"contentUrl\":\"https:\\\/\\\/regiaonews.net.br\\\/2022\\\/wp-content\\\/uploads\\\/2026\\\/03\\\/regiao-13-anos-scaled.jpg\",\"width\":2560,\"height\":635,\"caption\":\"Regi\u00e3o News\"},\"image\":{\"@id\":\"https:\\\/\\\/regiaonews.net.br\\\/2022\\\/#\\\/schema\\\/logo\\\/image\\\/\"}},{\"@type\":\"Person\",\"@id\":\"https:\\\/\\\/regiaonews.net.br\\\/2022\\\/#\\\/schema\\\/person\\\/2d205a608a5aa97ac279d7a5e6d89ad8\",\"name\":\"Roberto\",\"image\":{\"@type\":\"ImageObject\",\"inLanguage\":\"pt-BR\",\"@id\":\"https:\\\/\\\/secure.gravatar.com\\\/avatar\\\/42749d8b712ff9d59ca93dc150494e5b55a44134482993f5baeb97e61b7ecc89?s=96&d=mm&r=g\",\"url\":\"https:\\\/\\\/secure.gravatar.com\\\/avatar\\\/42749d8b712ff9d59ca93dc150494e5b55a44134482993f5baeb97e61b7ecc89?s=96&d=mm&r=g\",\"contentUrl\":\"https:\\\/\\\/secure.gravatar.com\\\/avatar\\\/42749d8b712ff9d59ca93dc150494e5b55a44134482993f5baeb97e61b7ecc89?s=96&d=mm&r=g\",\"caption\":\"Roberto\"},\"url\":\"https:\\\/\\\/regiaonews.net.br\\\/2022\\\/author\\\/roberto\\\/\"}]}<\/script>\n<!-- \/ Yoast SEO plugin. -->","yoast_head_json":{"title":"Importa\u00e7\u00f5es cresceram 9% em todo o pa\u00eds no ano passado, enquanto \u00edndice de exporta\u00e7\u00f5es se manteve est\u00e1vel, segundo MDIC - Regi\u00e3o News","robots":{"index":"index","follow":"follow","max-snippet":"max-snippet:-1","max-image-preview":"max-image-preview:large","max-video-preview":"max-video-preview:-1"},"canonical":"https:\/\/regiaonews.net.br\/2022\/2025\/01\/17\/importacoes-cresceram-9-em-todo-o-pais-no-ano-passado-enquanto-indice-de-exportacoes-se-manteve-estavel-segundo-mdic\/","og_locale":"pt_BR","og_type":"article","og_title":"Importa\u00e7\u00f5es cresceram 9% em todo o pa\u00eds no ano passado, enquanto \u00edndice de exporta\u00e7\u00f5es se manteve est\u00e1vel, segundo MDIC - Regi\u00e3o News","og_description":"No Estado de S\u00e3o Paulo, destaque vai para o a\u00e7\u00facar,","og_url":"https:\/\/regiaonews.net.br\/2022\/2025\/01\/17\/importacoes-cresceram-9-em-todo-o-pais-no-ano-passado-enquanto-indice-de-exportacoes-se-manteve-estavel-segundo-mdic\/","og_site_name":"Regi\u00e3o News","article_published_time":"2025-01-17T16:11:32+00:00","og_image":[{"width":740,"height":494,"url":"https:\/\/regiaonews.net.br\/2022\/wp-content\/uploads\/2025\/01\/Imagem-do-WhatsApp-de-2025-01-17-as-09.24.15_d0827449.jpg","type":"image\/jpeg"}],"author":"Roberto","twitter_card":"summary_large_image","twitter_misc":{"Escrito por":"Roberto","Est. tempo de leitura":"2 minutos"},"schema":{"@context":"https:\/\/schema.org","@graph":[{"@type":"Article","@id":"https:\/\/regiaonews.net.br\/2022\/2025\/01\/17\/importacoes-cresceram-9-em-todo-o-pais-no-ano-passado-enquanto-indice-de-exportacoes-se-manteve-estavel-segundo-mdic\/#article","isPartOf":{"@id":"https:\/\/regiaonews.net.br\/2022\/2025\/01\/17\/importacoes-cresceram-9-em-todo-o-pais-no-ano-passado-enquanto-indice-de-exportacoes-se-manteve-estavel-segundo-mdic\/"},"author":{"name":"Roberto","@id":"https:\/\/regiaonews.net.br\/2022\/#\/schema\/person\/2d205a608a5aa97ac279d7a5e6d89ad8"},"headline":"Importa\u00e7\u00f5es cresceram 9% em todo o pa\u00eds no ano passado, enquanto \u00edndice de exporta\u00e7\u00f5es se manteve est\u00e1vel, segundo MDIC","datePublished":"2025-01-17T16:11:32+00:00","mainEntityOfPage":{"@id":"https:\/\/regiaonews.net.br\/2022\/2025\/01\/17\/importacoes-cresceram-9-em-todo-o-pais-no-ano-passado-enquanto-indice-de-exportacoes-se-manteve-estavel-segundo-mdic\/"},"wordCount":356,"commentCount":0,"publisher":{"@id":"https:\/\/regiaonews.net.br\/2022\/#organization"},"image":{"@id":"https:\/\/regiaonews.net.br\/2022\/2025\/01\/17\/importacoes-cresceram-9-em-todo-o-pais-no-ano-passado-enquanto-indice-de-exportacoes-se-manteve-estavel-segundo-mdic\/#primaryimage"},"thumbnailUrl":"https:\/\/regiaonews.net.br\/2022\/wp-content\/uploads\/2025\/01\/Imagem-do-WhatsApp-de-2025-01-17-as-09.24.15_d0827449.jpg","articleSection":["Brasil","Geral"],"inLanguage":"pt-BR","potentialAction":[{"@type":"CommentAction","name":"Comment","target":["https:\/\/regiaonews.net.br\/2022\/2025\/01\/17\/importacoes-cresceram-9-em-todo-o-pais-no-ano-passado-enquanto-indice-de-exportacoes-se-manteve-estavel-segundo-mdic\/#respond"]}]},{"@type":"WebPage","@id":"https:\/\/regiaonews.net.br\/2022\/2025\/01\/17\/importacoes-cresceram-9-em-todo-o-pais-no-ano-passado-enquanto-indice-de-exportacoes-se-manteve-estavel-segundo-mdic\/","url":"https:\/\/regiaonews.net.br\/2022\/2025\/01\/17\/importacoes-cresceram-9-em-todo-o-pais-no-ano-passado-enquanto-indice-de-exportacoes-se-manteve-estavel-segundo-mdic\/","name":"Importa\u00e7\u00f5es cresceram 9% em todo o pa\u00eds no ano passado, enquanto \u00edndice de exporta\u00e7\u00f5es se manteve est\u00e1vel, segundo MDIC - Regi\u00e3o News","isPartOf":{"@id":"https:\/\/regiaonews.net.br\/2022\/#website"},"primaryImageOfPage":{"@id":"https:\/\/regiaonews.net.br\/2022\/2025\/01\/17\/importacoes-cresceram-9-em-todo-o-pais-no-ano-passado-enquanto-indice-de-exportacoes-se-manteve-estavel-segundo-mdic\/#primaryimage"},"image":{"@id":"https:\/\/regiaonews.net.br\/2022\/2025\/01\/17\/importacoes-cresceram-9-em-todo-o-pais-no-ano-passado-enquanto-indice-de-exportacoes-se-manteve-estavel-segundo-mdic\/#primaryimage"},"thumbnailUrl":"https:\/\/regiaonews.net.br\/2022\/wp-content\/uploads\/2025\/01\/Imagem-do-WhatsApp-de-2025-01-17-as-09.24.15_d0827449.jpg","datePublished":"2025-01-17T16:11:32+00:00","breadcrumb":{"@id":"https:\/\/regiaonews.net.br\/2022\/2025\/01\/17\/importacoes-cresceram-9-em-todo-o-pais-no-ano-passado-enquanto-indice-de-exportacoes-se-manteve-estavel-segundo-mdic\/#breadcrumb"},"inLanguage":"pt-BR","potentialAction":[{"@type":"ReadAction","target":["https:\/\/regiaonews.net.br\/2022\/2025\/01\/17\/importacoes-cresceram-9-em-todo-o-pais-no-ano-passado-enquanto-indice-de-exportacoes-se-manteve-estavel-segundo-mdic\/"]}]},{"@type":"ImageObject","inLanguage":"pt-BR","@id":"https:\/\/regiaonews.net.br\/2022\/2025\/01\/17\/importacoes-cresceram-9-em-todo-o-pais-no-ano-passado-enquanto-indice-de-exportacoes-se-manteve-estavel-segundo-mdic\/#primaryimage","url":"https:\/\/regiaonews.net.br\/2022\/wp-content\/uploads\/2025\/01\/Imagem-do-WhatsApp-de-2025-01-17-as-09.24.15_d0827449.jpg","contentUrl":"https:\/\/regiaonews.net.br\/2022\/wp-content\/uploads\/2025\/01\/Imagem-do-WhatsApp-de-2025-01-17-as-09.24.15_d0827449.jpg","width":740,"height":494},{"@type":"BreadcrumbList","@id":"https:\/\/regiaonews.net.br\/2022\/2025\/01\/17\/importacoes-cresceram-9-em-todo-o-pais-no-ano-passado-enquanto-indice-de-exportacoes-se-manteve-estavel-segundo-mdic\/#breadcrumb","itemListElement":[{"@type":"ListItem","position":1,"name":"In\u00edcio","item":"https:\/\/regiaonews.net.br\/2022\/"},{"@type":"ListItem","position":2,"name":"Importa\u00e7\u00f5es cresceram 9% em todo o pa\u00eds no ano passado, enquanto \u00edndice de exporta\u00e7\u00f5es se manteve est\u00e1vel, segundo MDIC"}]},{"@type":"WebSite","@id":"https:\/\/regiaonews.net.br\/2022\/#website","url":"https:\/\/regiaonews.net.br\/2022\/","name":"Regi\u00e3o News","description":"Site de Not\u00edcias de Barretos e regi\u00e3o","publisher":{"@id":"https:\/\/regiaonews.net.br\/2022\/#organization"},"potentialAction":[{"@type":"SearchAction","target":{"@type":"EntryPoint","urlTemplate":"https:\/\/regiaonews.net.br\/2022\/?s={search_term_string}"},"query-input":{"@type":"PropertyValueSpecification","valueRequired":true,"valueName":"search_term_string"}}],"inLanguage":"pt-BR"},{"@type":"Organization","@id":"https:\/\/regiaonews.net.br\/2022\/#organization","name":"Regi\u00e3o News","url":"https:\/\/regiaonews.net.br\/2022\/","logo":{"@type":"ImageObject","inLanguage":"pt-BR","@id":"https:\/\/regiaonews.net.br\/2022\/#\/schema\/logo\/image\/","url":"https:\/\/regiaonews.net.br\/2022\/wp-content\/uploads\/2026\/03\/regiao-13-anos-scaled.jpg","contentUrl":"https:\/\/regiaonews.net.br\/2022\/wp-content\/uploads\/2026\/03\/regiao-13-anos-scaled.jpg","width":2560,"height":635,"caption":"Regi\u00e3o News"},"image":{"@id":"https:\/\/regiaonews.net.br\/2022\/#\/schema\/logo\/image\/"}},{"@type":"Person","@id":"https:\/\/regiaonews.net.br\/2022\/#\/schema\/person\/2d205a608a5aa97ac279d7a5e6d89ad8","name":"Roberto","image":{"@type":"ImageObject","inLanguage":"pt-BR","@id":"https:\/\/secure.gravatar.com\/avatar\/42749d8b712ff9d59ca93dc150494e5b55a44134482993f5baeb97e61b7ecc89?s=96&d=mm&r=g","url":"https:\/\/secure.gravatar.com\/avatar\/42749d8b712ff9d59ca93dc150494e5b55a44134482993f5baeb97e61b7ecc89?s=96&d=mm&r=g","contentUrl":"https:\/\/secure.gravatar.com\/avatar\/42749d8b712ff9d59ca93dc150494e5b55a44134482993f5baeb97e61b7ecc89?s=96&d=mm&r=g","caption":"Roberto"},"url":"https:\/\/regiaonews.net.br\/2022\/author\/roberto\/"}]}},"publishpress_future_action":{"enabled":false,"date":"2026-05-02 05:21:41","action":"change-status","newStatus":"draft","terms":[],"taxonomy":"category","extraData":[]},"publishpress_future_workflow_manual_trigger":{"enabledWorkflows":[]},"_links":{"self":[{"href":"https:\/\/regiaonews.net.br\/2022\/wp-json\/wp\/v2\/posts\/113794","targetHints":{"allow":["GET"]}}],"collection":[{"href":"https:\/\/regiaonews.net.br\/2022\/wp-json\/wp\/v2\/posts"}],"about":[{"href":"https:\/\/regiaonews.net.br\/2022\/wp-json\/wp\/v2\/types\/post"}],"author":[{"embeddable":true,"href":"https:\/\/regiaonews.net.br\/2022\/wp-json\/wp\/v2\/users\/2"}],"replies":[{"embeddable":true,"href":"https:\/\/regiaonews.net.br\/2022\/wp-json\/wp\/v2\/comments?post=113794"}],"version-history":[{"count":1,"href":"https:\/\/regiaonews.net.br\/2022\/wp-json\/wp\/v2\/posts\/113794\/revisions"}],"predecessor-version":[{"id":113796,"href":"https:\/\/regiaonews.net.br\/2022\/wp-json\/wp\/v2\/posts\/113794\/revisions\/113796"}],"wp:featuredmedia":[{"embeddable":true,"href":"https:\/\/regiaonews.net.br\/2022\/wp-json\/wp\/v2\/media\/113795"}],"wp:attachment":[{"href":"https:\/\/regiaonews.net.br\/2022\/wp-json\/wp\/v2\/media?parent=113794"}],"wp:term":[{"taxonomy":"category","embeddable":true,"href":"https:\/\/regiaonews.net.br\/2022\/wp-json\/wp\/v2\/categories?post=113794"},{"taxonomy":"post_tag","embeddable":true,"href":"https:\/\/regiaonews.net.br\/2022\/wp-json\/wp\/v2\/tags?post=113794"}],"curies":[{"name":"wp","href":"https:\/\/api.w.org\/{rel}","templated":true}]}}