{"id":113684,"date":"2025-01-11T21:26:46","date_gmt":"2025-01-12T00:26:46","guid":{"rendered":"https:\/\/regiaonews.net.br\/2022\/?p=113684"},"modified":"2025-01-11T21:28:49","modified_gmt":"2025-01-12T00:28:49","slug":"nova-diretoria-toma-posse-no-rio-das-pedras","status":"publish","type":"post","link":"https:\/\/regiaonews.net.br\/2022\/2025\/01\/11\/nova-diretoria-toma-posse-no-rio-das-pedras\/","title":{"rendered":"Nova diretoria toma posse no Rio das Pedras"},"content":{"rendered":"<p>Fotos &#8211; J\u00e2nio Munhoz<\/p>\n<p>O sal\u00e3o da sede de campo do Rio das Pedras Country Clube, sediou na noite de 10 de janeiro, ter\u00e7a-feira, a Assembleia de Posse da nova diretoria, eleita em dezembro passado para comandar os destinos da institui\u00e7\u00e3o no bi\u00eanio 2025\/2026. C\u00e1ssio Murilo Siqueira assumiu a presid\u00eancia, Cristiano Ferraz Barcelos foi empossado como vice-presidente, Wellington Alves Moreira como tesoureiro e Claudine Roberto Pereira como secret\u00e1rio.<\/p>\n<p>A Assembleia de posse foi presidida por Adilson Bandeira J\u00fanior, o Juninho Bandeira, que \u00e9 o atual presidente do Conselho de Administra\u00e7\u00e3o, e contou com a presen\u00e7a de conselheiros, imprensa e autoridades, como o presidente o prefeito de Barretos, Odair Silva, o presidente da C\u00e2mara Municipal, Luis Paulo Vieira Lupa, o empres\u00e1rio e idealizador do Rio das Pedras \u00c1cqua Park, Rog\u00e9rio Cunha, o coordenador da Par\u00f3quia do Ros\u00e1rio, Padre Costante Gualdi, secret\u00e1rios municipais, vereadores, conselheiros e associados.<\/p>\n<p>Ao assumir oficialmente a presid\u00eancia, C\u00e1ssio Siqueira destacou que est\u00e1 no Rio das Pedras, como s\u00f3cio e ocupando diversos postos na diretoria e conselho, h\u00e1 mais de 28 anos. \u201cNessa nova etapa que ocupo, n\u00e3o estarei sozinho, al\u00e9m de muita f\u00e9 em Deus, tenho comigo companheiros, parceiros, muito dedicados para o sucesso do clube. Temos o objetivo de caminhar lado a lado com o governo municipal, com os outros clubes sociais, com outros atrativos tur\u00edsticos da cidade, para trabalhar em prol de Barretos, para que nossa cidade se torne uma refer\u00eancia no Brasil em turismo. Nosso turismo \u00e9 um pedra preciosa, que precisa ser lapidada, e vamos trabalhar para o lazer do cidad\u00e3o barretense, com prioridade para nossos s\u00f3cios e suas fam\u00edlia, oferecendo um lugar ideal para que todos se orgulhem do Rio das Pedras\u201d, disse ele.<\/p>\n<p>Em seu discurso, o prefeito Odair Silva, reiterou o apoio da Prefeitura de Barretos o clube, dizendo que \u201co Rio das Pedras \u00e9 uma grande contribui\u00e7\u00e3o para que a cidade de Barretos se consolide, de fato, como a Est\u00e2ncia Tur\u00edstica que \u00e9 no t\u00edtulo conquistado. Cumprimento o Weverson Moreira, o presidente que sai ap\u00f3s quatro anos, pelo trabalho que deixa para a posteridade, pela valoriza\u00e7\u00e3o dos associados e dos grandes nomes que por aqui passaram, e digo ao C\u00e1ssio e toda sua diretoria que estou \u00e0 disposi\u00e7\u00e3o para contribuir para que o Rio das Pedras Country Club, um lugar que eu sonhava conhecer quando crian\u00e7a, tenha sucesso nessa nova hist\u00f3ria que come\u00e7a hoje\u201d, ressaltou.<\/p>\n<p>A nova diretoria \u00e9 composta ainda por: Antonio Ol\u00edmpio de Souza Santos como segundo tesoureiro, Simone Bretanha Oliveira Ribeiro como segunda secret\u00e1ria, Weverson Alves Moreira como diretor de patrim\u00f4nio, Sinomar da Mata como diretor cultural, Scylla Ribeiro como diretora social, Eusebio Joaquim Pires J\u00fanior como segundo diretor social, Adriana Martins como diretora de esportes e Anderson de Souza Alves como segundo diretor de esportes.<\/p>\n<p><a href=\"https:\/\/regiaonews.net.br\/2022\/wp-content\/uploads\/2025\/01\/IMG-20250111-WA0188.jpg\"><img loading=\"lazy\" decoding=\"async\" class=\"alignnone size-medium wp-image-113687\" src=\"https:\/\/regiaonews.net.br\/2022\/wp-content\/uploads\/2025\/01\/IMG-20250111-WA0188-300x200.jpg\" alt=\"\" width=\"300\" height=\"200\" srcset=\"https:\/\/regiaonews.net.br\/2022\/wp-content\/uploads\/2025\/01\/IMG-20250111-WA0188-300x200.jpg 300w, https:\/\/regiaonews.net.br\/2022\/wp-content\/uploads\/2025\/01\/IMG-20250111-WA0188-1024x682.jpg 1024w, https:\/\/regiaonews.net.br\/2022\/wp-content\/uploads\/2025\/01\/IMG-20250111-WA0188-768x511.jpg 768w, https:\/\/regiaonews.net.br\/2022\/wp-content\/uploads\/2025\/01\/IMG-20250111-WA0188-250x166.jpg 250w, https:\/\/regiaonews.net.br\/2022\/wp-content\/uploads\/2025\/01\/IMG-20250111-WA0188-900x600.jpg 900w, https:\/\/regiaonews.net.br\/2022\/wp-content\/uploads\/2025\/01\/IMG-20250111-WA0188.jpg 1280w\" sizes=\"auto, (max-width: 300px) 100vw, 300px\" \/><\/a><\/p>\n<p>Inaugura\u00e7\u00e3o do Parque Aqu\u00e1tico<\/p>\n<p>Minutos antes da cerim\u00f4nia oficial de posse da nova diretoria, como \u00faltimo ato da diretoria que sai, aconteceu a inaugura\u00e7\u00e3o oficial do Rio das Pedras Acquapark, que passa a se chamar Parque Aqu\u00e1tico Weverson Alves Moreira, em homenagem ao presidente dos anos de 2021 a 2023, que adotou o projeto e executou o sonho do clube ter seu pr\u00f3prio parque aqu\u00e1tico, tornando-se um dos mais importantes atrativos tur\u00edsticos da regi\u00e3o.<\/p>\n<p>Ao descerrar a placa com seu nome, o presidente que deixou o cargo disse \u201cestou emocionado com essa homenagem dos companheiros de diretoria e digo que sei que fiz o que pude para que esse espa\u00e7o se tornasse realidade com a qualidade que tem, fui o melhor presidente que pude para o Rio das Pedras e tenho certeza que meu companheiro e amigo C\u00e1ssio ser\u00e1 um presidente ainda melhor!\u201d, ressaltou.<\/p>\n<p>Na inaugura\u00e7\u00e3o o Parque Aqu\u00e1tico recebeu tamb\u00e9m placas de homenagem. A piscina de ondas adulto passa a se chamar Rog\u00e9rio Cunha, em homenagem ao idealizador do projeto, a piscina de ondas infantil recebeu o nome de Ana Luiza Vigo Pereira, filha falecida do conselheiro vital\u00edcio e atual secret\u00e1rio Claudine Roberto Pereira; o rio lento passa a se chamar Edson Alves da Costa, conselheiro e diretor falecido em 2023, e o complexo de vesti\u00e1rios do parque recebeu o nome de Antonio Jo\u00e3o Guimar\u00e3es de Paula, todas as placas tamb\u00e9m inauguradas na noite de 10 de janeiro.<\/p>\n<p><a href=\"https:\/\/regiaonews.net.br\/2022\/wp-content\/uploads\/2025\/01\/IMG-20250111-WA0186.jpg\"><img loading=\"lazy\" decoding=\"async\" class=\"alignnone size-medium wp-image-113685\" src=\"https:\/\/regiaonews.net.br\/2022\/wp-content\/uploads\/2025\/01\/IMG-20250111-WA0186-300x186.jpg\" alt=\"\" width=\"300\" height=\"186\" srcset=\"https:\/\/regiaonews.net.br\/2022\/wp-content\/uploads\/2025\/01\/IMG-20250111-WA0186-300x186.jpg 300w, https:\/\/regiaonews.net.br\/2022\/wp-content\/uploads\/2025\/01\/IMG-20250111-WA0186-1024x634.jpg 1024w, https:\/\/regiaonews.net.br\/2022\/wp-content\/uploads\/2025\/01\/IMG-20250111-WA0186-768x476.jpg 768w, https:\/\/regiaonews.net.br\/2022\/wp-content\/uploads\/2025\/01\/IMG-20250111-WA0186-250x155.jpg 250w, https:\/\/regiaonews.net.br\/2022\/wp-content\/uploads\/2025\/01\/IMG-20250111-WA0186.jpg 1280w\" sizes=\"auto, (max-width: 300px) 100vw, 300px\" \/><\/a><\/p>\n","protected":false},"excerpt":{"rendered":"<p>Fotos &#8211; J\u00e2nio Munhoz O sal\u00e3o da sede de campo<\/p>\n","protected":false},"author":2,"featured_media":113686,"comment_status":"open","ping_status":"open","sticky":false,"template":"","format":"standard","meta":{"footnotes":""},"categories":[14,111],"tags":[209,279,278],"class_list":["post-113684","post","type-post","status-publish","format-standard","has-post-thumbnail","hentry","category-barretos","category-cotidiano","tag-barretos","tag-parque-aquatico","tag-rio-das-pedras"],"yoast_head":"<!-- This site is optimized with the Yoast SEO plugin v27.4 - https:\/\/yoast.com\/product\/yoast-seo-wordpress\/ -->\n<title>Nova diretoria toma posse no Rio das Pedras - Regi\u00e3o News<\/title>\n<meta name=\"robots\" content=\"index, follow, max-snippet:-1, max-image-preview:large, max-video-preview:-1\" \/>\n<link rel=\"canonical\" href=\"https:\/\/regiaonews.net.br\/2022\/2025\/01\/11\/nova-diretoria-toma-posse-no-rio-das-pedras\/\" \/>\n<meta property=\"og:locale\" content=\"pt_BR\" \/>\n<meta property=\"og:type\" content=\"article\" \/>\n<meta property=\"og:title\" content=\"Nova diretoria toma posse no Rio das Pedras - Regi\u00e3o News\" \/>\n<meta property=\"og:description\" content=\"Fotos &#8211; J\u00e2nio Munhoz O sal\u00e3o da sede de campo\" \/>\n<meta property=\"og:url\" content=\"https:\/\/regiaonews.net.br\/2022\/2025\/01\/11\/nova-diretoria-toma-posse-no-rio-das-pedras\/\" \/>\n<meta property=\"og:site_name\" content=\"Regi\u00e3o News\" \/>\n<meta property=\"article:published_time\" content=\"2025-01-12T00:26:46+00:00\" \/>\n<meta property=\"article:modified_time\" content=\"2025-01-12T00:28:49+00:00\" \/>\n<meta property=\"og:image\" content=\"https:\/\/regiaonews.net.br\/2022\/wp-content\/uploads\/2025\/01\/IMG-20250111-WA0189.jpg\" \/>\n\t<meta property=\"og:image:width\" content=\"1280\" \/>\n\t<meta property=\"og:image:height\" content=\"852\" \/>\n\t<meta property=\"og:image:type\" content=\"image\/jpeg\" \/>\n<meta name=\"author\" content=\"Roberto\" \/>\n<meta name=\"twitter:card\" content=\"summary_large_image\" \/>\n<meta name=\"twitter:label1\" content=\"Escrito por\" \/>\n\t<meta name=\"twitter:data1\" content=\"Roberto\" \/>\n\t<meta name=\"twitter:label2\" content=\"Est. tempo de leitura\" \/>\n\t<meta name=\"twitter:data2\" content=\"5 minutos\" \/>\n<script type=\"application\/ld+json\" class=\"yoast-schema-graph\">{\"@context\":\"https:\\\/\\\/schema.org\",\"@graph\":[{\"@type\":\"Article\",\"@id\":\"https:\\\/\\\/regiaonews.net.br\\\/2022\\\/2025\\\/01\\\/11\\\/nova-diretoria-toma-posse-no-rio-das-pedras\\\/#article\",\"isPartOf\":{\"@id\":\"https:\\\/\\\/regiaonews.net.br\\\/2022\\\/2025\\\/01\\\/11\\\/nova-diretoria-toma-posse-no-rio-das-pedras\\\/\"},\"author\":{\"name\":\"Roberto\",\"@id\":\"https:\\\/\\\/regiaonews.net.br\\\/2022\\\/#\\\/schema\\\/person\\\/2d205a608a5aa97ac279d7a5e6d89ad8\"},\"headline\":\"Nova diretoria toma posse no Rio das Pedras\",\"datePublished\":\"2025-01-12T00:26:46+00:00\",\"dateModified\":\"2025-01-12T00:28:49+00:00\",\"mainEntityOfPage\":{\"@id\":\"https:\\\/\\\/regiaonews.net.br\\\/2022\\\/2025\\\/01\\\/11\\\/nova-diretoria-toma-posse-no-rio-das-pedras\\\/\"},\"wordCount\":757,\"commentCount\":0,\"publisher\":{\"@id\":\"https:\\\/\\\/regiaonews.net.br\\\/2022\\\/#organization\"},\"image\":{\"@id\":\"https:\\\/\\\/regiaonews.net.br\\\/2022\\\/2025\\\/01\\\/11\\\/nova-diretoria-toma-posse-no-rio-das-pedras\\\/#primaryimage\"},\"thumbnailUrl\":\"https:\\\/\\\/regiaonews.net.br\\\/2022\\\/wp-content\\\/uploads\\\/2025\\\/01\\\/IMG-20250111-WA0189.jpg\",\"keywords\":[\"barretos\",\"Parque Aqu\u00e1tico\",\"Rio das Pedras\"],\"articleSection\":[\"Barretos\",\"Cotidiano\"],\"inLanguage\":\"pt-BR\",\"potentialAction\":[{\"@type\":\"CommentAction\",\"name\":\"Comment\",\"target\":[\"https:\\\/\\\/regiaonews.net.br\\\/2022\\\/2025\\\/01\\\/11\\\/nova-diretoria-toma-posse-no-rio-das-pedras\\\/#respond\"]}]},{\"@type\":\"WebPage\",\"@id\":\"https:\\\/\\\/regiaonews.net.br\\\/2022\\\/2025\\\/01\\\/11\\\/nova-diretoria-toma-posse-no-rio-das-pedras\\\/\",\"url\":\"https:\\\/\\\/regiaonews.net.br\\\/2022\\\/2025\\\/01\\\/11\\\/nova-diretoria-toma-posse-no-rio-das-pedras\\\/\",\"name\":\"Nova diretoria toma posse no Rio das Pedras - Regi\u00e3o News\",\"isPartOf\":{\"@id\":\"https:\\\/\\\/regiaonews.net.br\\\/2022\\\/#website\"},\"primaryImageOfPage\":{\"@id\":\"https:\\\/\\\/regiaonews.net.br\\\/2022\\\/2025\\\/01\\\/11\\\/nova-diretoria-toma-posse-no-rio-das-pedras\\\/#primaryimage\"},\"image\":{\"@id\":\"https:\\\/\\\/regiaonews.net.br\\\/2022\\\/2025\\\/01\\\/11\\\/nova-diretoria-toma-posse-no-rio-das-pedras\\\/#primaryimage\"},\"thumbnailUrl\":\"https:\\\/\\\/regiaonews.net.br\\\/2022\\\/wp-content\\\/uploads\\\/2025\\\/01\\\/IMG-20250111-WA0189.jpg\",\"datePublished\":\"2025-01-12T00:26:46+00:00\",\"dateModified\":\"2025-01-12T00:28:49+00:00\",\"breadcrumb\":{\"@id\":\"https:\\\/\\\/regiaonews.net.br\\\/2022\\\/2025\\\/01\\\/11\\\/nova-diretoria-toma-posse-no-rio-das-pedras\\\/#breadcrumb\"},\"inLanguage\":\"pt-BR\",\"potentialAction\":[{\"@type\":\"ReadAction\",\"target\":[\"https:\\\/\\\/regiaonews.net.br\\\/2022\\\/2025\\\/01\\\/11\\\/nova-diretoria-toma-posse-no-rio-das-pedras\\\/\"]}]},{\"@type\":\"ImageObject\",\"inLanguage\":\"pt-BR\",\"@id\":\"https:\\\/\\\/regiaonews.net.br\\\/2022\\\/2025\\\/01\\\/11\\\/nova-diretoria-toma-posse-no-rio-das-pedras\\\/#primaryimage\",\"url\":\"https:\\\/\\\/regiaonews.net.br\\\/2022\\\/wp-content\\\/uploads\\\/2025\\\/01\\\/IMG-20250111-WA0189.jpg\",\"contentUrl\":\"https:\\\/\\\/regiaonews.net.br\\\/2022\\\/wp-content\\\/uploads\\\/2025\\\/01\\\/IMG-20250111-WA0189.jpg\",\"width\":1280,\"height\":852},{\"@type\":\"BreadcrumbList\",\"@id\":\"https:\\\/\\\/regiaonews.net.br\\\/2022\\\/2025\\\/01\\\/11\\\/nova-diretoria-toma-posse-no-rio-das-pedras\\\/#breadcrumb\",\"itemListElement\":[{\"@type\":\"ListItem\",\"position\":1,\"name\":\"In\u00edcio\",\"item\":\"https:\\\/\\\/regiaonews.net.br\\\/2022\\\/\"},{\"@type\":\"ListItem\",\"position\":2,\"name\":\"Nova diretoria toma posse no Rio das Pedras\"}]},{\"@type\":\"WebSite\",\"@id\":\"https:\\\/\\\/regiaonews.net.br\\\/2022\\\/#website\",\"url\":\"https:\\\/\\\/regiaonews.net.br\\\/2022\\\/\",\"name\":\"Regi\u00e3o News\",\"description\":\"Site de Not\u00edcias de Barretos e regi\u00e3o\",\"publisher\":{\"@id\":\"https:\\\/\\\/regiaonews.net.br\\\/2022\\\/#organization\"},\"potentialAction\":[{\"@type\":\"SearchAction\",\"target\":{\"@type\":\"EntryPoint\",\"urlTemplate\":\"https:\\\/\\\/regiaonews.net.br\\\/2022\\\/?s={search_term_string}\"},\"query-input\":{\"@type\":\"PropertyValueSpecification\",\"valueRequired\":true,\"valueName\":\"search_term_string\"}}],\"inLanguage\":\"pt-BR\"},{\"@type\":\"Organization\",\"@id\":\"https:\\\/\\\/regiaonews.net.br\\\/2022\\\/#organization\",\"name\":\"Regi\u00e3o News\",\"url\":\"https:\\\/\\\/regiaonews.net.br\\\/2022\\\/\",\"logo\":{\"@type\":\"ImageObject\",\"inLanguage\":\"pt-BR\",\"@id\":\"https:\\\/\\\/regiaonews.net.br\\\/2022\\\/#\\\/schema\\\/logo\\\/image\\\/\",\"url\":\"https:\\\/\\\/regiaonews.net.br\\\/2022\\\/wp-content\\\/uploads\\\/2026\\\/03\\\/regiao-13-anos-scaled.jpg\",\"contentUrl\":\"https:\\\/\\\/regiaonews.net.br\\\/2022\\\/wp-content\\\/uploads\\\/2026\\\/03\\\/regiao-13-anos-scaled.jpg\",\"width\":2560,\"height\":635,\"caption\":\"Regi\u00e3o News\"},\"image\":{\"@id\":\"https:\\\/\\\/regiaonews.net.br\\\/2022\\\/#\\\/schema\\\/logo\\\/image\\\/\"}},{\"@type\":\"Person\",\"@id\":\"https:\\\/\\\/regiaonews.net.br\\\/2022\\\/#\\\/schema\\\/person\\\/2d205a608a5aa97ac279d7a5e6d89ad8\",\"name\":\"Roberto\",\"image\":{\"@type\":\"ImageObject\",\"inLanguage\":\"pt-BR\",\"@id\":\"https:\\\/\\\/secure.gravatar.com\\\/avatar\\\/42749d8b712ff9d59ca93dc150494e5b55a44134482993f5baeb97e61b7ecc89?s=96&d=mm&r=g\",\"url\":\"https:\\\/\\\/secure.gravatar.com\\\/avatar\\\/42749d8b712ff9d59ca93dc150494e5b55a44134482993f5baeb97e61b7ecc89?s=96&d=mm&r=g\",\"contentUrl\":\"https:\\\/\\\/secure.gravatar.com\\\/avatar\\\/42749d8b712ff9d59ca93dc150494e5b55a44134482993f5baeb97e61b7ecc89?s=96&d=mm&r=g\",\"caption\":\"Roberto\"},\"url\":\"https:\\\/\\\/regiaonews.net.br\\\/2022\\\/author\\\/roberto\\\/\"}]}<\/script>\n<!-- \/ Yoast SEO plugin. -->","yoast_head_json":{"title":"Nova diretoria toma posse no Rio das Pedras - Regi\u00e3o News","robots":{"index":"index","follow":"follow","max-snippet":"max-snippet:-1","max-image-preview":"max-image-preview:large","max-video-preview":"max-video-preview:-1"},"canonical":"https:\/\/regiaonews.net.br\/2022\/2025\/01\/11\/nova-diretoria-toma-posse-no-rio-das-pedras\/","og_locale":"pt_BR","og_type":"article","og_title":"Nova diretoria toma posse no Rio das Pedras - Regi\u00e3o News","og_description":"Fotos &#8211; J\u00e2nio Munhoz O sal\u00e3o da sede de campo","og_url":"https:\/\/regiaonews.net.br\/2022\/2025\/01\/11\/nova-diretoria-toma-posse-no-rio-das-pedras\/","og_site_name":"Regi\u00e3o News","article_published_time":"2025-01-12T00:26:46+00:00","article_modified_time":"2025-01-12T00:28:49+00:00","og_image":[{"width":1280,"height":852,"url":"https:\/\/regiaonews.net.br\/2022\/wp-content\/uploads\/2025\/01\/IMG-20250111-WA0189.jpg","type":"image\/jpeg"}],"author":"Roberto","twitter_card":"summary_large_image","twitter_misc":{"Escrito por":"Roberto","Est. tempo de leitura":"5 minutos"},"schema":{"@context":"https:\/\/schema.org","@graph":[{"@type":"Article","@id":"https:\/\/regiaonews.net.br\/2022\/2025\/01\/11\/nova-diretoria-toma-posse-no-rio-das-pedras\/#article","isPartOf":{"@id":"https:\/\/regiaonews.net.br\/2022\/2025\/01\/11\/nova-diretoria-toma-posse-no-rio-das-pedras\/"},"author":{"name":"Roberto","@id":"https:\/\/regiaonews.net.br\/2022\/#\/schema\/person\/2d205a608a5aa97ac279d7a5e6d89ad8"},"headline":"Nova diretoria toma posse no Rio das Pedras","datePublished":"2025-01-12T00:26:46+00:00","dateModified":"2025-01-12T00:28:49+00:00","mainEntityOfPage":{"@id":"https:\/\/regiaonews.net.br\/2022\/2025\/01\/11\/nova-diretoria-toma-posse-no-rio-das-pedras\/"},"wordCount":757,"commentCount":0,"publisher":{"@id":"https:\/\/regiaonews.net.br\/2022\/#organization"},"image":{"@id":"https:\/\/regiaonews.net.br\/2022\/2025\/01\/11\/nova-diretoria-toma-posse-no-rio-das-pedras\/#primaryimage"},"thumbnailUrl":"https:\/\/regiaonews.net.br\/2022\/wp-content\/uploads\/2025\/01\/IMG-20250111-WA0189.jpg","keywords":["barretos","Parque Aqu\u00e1tico","Rio das Pedras"],"articleSection":["Barretos","Cotidiano"],"inLanguage":"pt-BR","potentialAction":[{"@type":"CommentAction","name":"Comment","target":["https:\/\/regiaonews.net.br\/2022\/2025\/01\/11\/nova-diretoria-toma-posse-no-rio-das-pedras\/#respond"]}]},{"@type":"WebPage","@id":"https:\/\/regiaonews.net.br\/2022\/2025\/01\/11\/nova-diretoria-toma-posse-no-rio-das-pedras\/","url":"https:\/\/regiaonews.net.br\/2022\/2025\/01\/11\/nova-diretoria-toma-posse-no-rio-das-pedras\/","name":"Nova diretoria toma posse no Rio das Pedras - Regi\u00e3o News","isPartOf":{"@id":"https:\/\/regiaonews.net.br\/2022\/#website"},"primaryImageOfPage":{"@id":"https:\/\/regiaonews.net.br\/2022\/2025\/01\/11\/nova-diretoria-toma-posse-no-rio-das-pedras\/#primaryimage"},"image":{"@id":"https:\/\/regiaonews.net.br\/2022\/2025\/01\/11\/nova-diretoria-toma-posse-no-rio-das-pedras\/#primaryimage"},"thumbnailUrl":"https:\/\/regiaonews.net.br\/2022\/wp-content\/uploads\/2025\/01\/IMG-20250111-WA0189.jpg","datePublished":"2025-01-12T00:26:46+00:00","dateModified":"2025-01-12T00:28:49+00:00","breadcrumb":{"@id":"https:\/\/regiaonews.net.br\/2022\/2025\/01\/11\/nova-diretoria-toma-posse-no-rio-das-pedras\/#breadcrumb"},"inLanguage":"pt-BR","potentialAction":[{"@type":"ReadAction","target":["https:\/\/regiaonews.net.br\/2022\/2025\/01\/11\/nova-diretoria-toma-posse-no-rio-das-pedras\/"]}]},{"@type":"ImageObject","inLanguage":"pt-BR","@id":"https:\/\/regiaonews.net.br\/2022\/2025\/01\/11\/nova-diretoria-toma-posse-no-rio-das-pedras\/#primaryimage","url":"https:\/\/regiaonews.net.br\/2022\/wp-content\/uploads\/2025\/01\/IMG-20250111-WA0189.jpg","contentUrl":"https:\/\/regiaonews.net.br\/2022\/wp-content\/uploads\/2025\/01\/IMG-20250111-WA0189.jpg","width":1280,"height":852},{"@type":"BreadcrumbList","@id":"https:\/\/regiaonews.net.br\/2022\/2025\/01\/11\/nova-diretoria-toma-posse-no-rio-das-pedras\/#breadcrumb","itemListElement":[{"@type":"ListItem","position":1,"name":"In\u00edcio","item":"https:\/\/regiaonews.net.br\/2022\/"},{"@type":"ListItem","position":2,"name":"Nova diretoria toma posse no Rio das Pedras"}]},{"@type":"WebSite","@id":"https:\/\/regiaonews.net.br\/2022\/#website","url":"https:\/\/regiaonews.net.br\/2022\/","name":"Regi\u00e3o News","description":"Site de Not\u00edcias de Barretos e regi\u00e3o","publisher":{"@id":"https:\/\/regiaonews.net.br\/2022\/#organization"},"potentialAction":[{"@type":"SearchAction","target":{"@type":"EntryPoint","urlTemplate":"https:\/\/regiaonews.net.br\/2022\/?s={search_term_string}"},"query-input":{"@type":"PropertyValueSpecification","valueRequired":true,"valueName":"search_term_string"}}],"inLanguage":"pt-BR"},{"@type":"Organization","@id":"https:\/\/regiaonews.net.br\/2022\/#organization","name":"Regi\u00e3o News","url":"https:\/\/regiaonews.net.br\/2022\/","logo":{"@type":"ImageObject","inLanguage":"pt-BR","@id":"https:\/\/regiaonews.net.br\/2022\/#\/schema\/logo\/image\/","url":"https:\/\/regiaonews.net.br\/2022\/wp-content\/uploads\/2026\/03\/regiao-13-anos-scaled.jpg","contentUrl":"https:\/\/regiaonews.net.br\/2022\/wp-content\/uploads\/2026\/03\/regiao-13-anos-scaled.jpg","width":2560,"height":635,"caption":"Regi\u00e3o News"},"image":{"@id":"https:\/\/regiaonews.net.br\/2022\/#\/schema\/logo\/image\/"}},{"@type":"Person","@id":"https:\/\/regiaonews.net.br\/2022\/#\/schema\/person\/2d205a608a5aa97ac279d7a5e6d89ad8","name":"Roberto","image":{"@type":"ImageObject","inLanguage":"pt-BR","@id":"https:\/\/secure.gravatar.com\/avatar\/42749d8b712ff9d59ca93dc150494e5b55a44134482993f5baeb97e61b7ecc89?s=96&d=mm&r=g","url":"https:\/\/secure.gravatar.com\/avatar\/42749d8b712ff9d59ca93dc150494e5b55a44134482993f5baeb97e61b7ecc89?s=96&d=mm&r=g","contentUrl":"https:\/\/secure.gravatar.com\/avatar\/42749d8b712ff9d59ca93dc150494e5b55a44134482993f5baeb97e61b7ecc89?s=96&d=mm&r=g","caption":"Roberto"},"url":"https:\/\/regiaonews.net.br\/2022\/author\/roberto\/"}]}},"publishpress_future_action":{"enabled":false,"date":"2026-05-02 03:46:03","action":"change-status","newStatus":"draft","terms":[],"taxonomy":"category","extraData":[]},"publishpress_future_workflow_manual_trigger":{"enabledWorkflows":[]},"_links":{"self":[{"href":"https:\/\/regiaonews.net.br\/2022\/wp-json\/wp\/v2\/posts\/113684","targetHints":{"allow":["GET"]}}],"collection":[{"href":"https:\/\/regiaonews.net.br\/2022\/wp-json\/wp\/v2\/posts"}],"about":[{"href":"https:\/\/regiaonews.net.br\/2022\/wp-json\/wp\/v2\/types\/post"}],"author":[{"embeddable":true,"href":"https:\/\/regiaonews.net.br\/2022\/wp-json\/wp\/v2\/users\/2"}],"replies":[{"embeddable":true,"href":"https:\/\/regiaonews.net.br\/2022\/wp-json\/wp\/v2\/comments?post=113684"}],"version-history":[{"count":2,"href":"https:\/\/regiaonews.net.br\/2022\/wp-json\/wp\/v2\/posts\/113684\/revisions"}],"predecessor-version":[{"id":113689,"href":"https:\/\/regiaonews.net.br\/2022\/wp-json\/wp\/v2\/posts\/113684\/revisions\/113689"}],"wp:featuredmedia":[{"embeddable":true,"href":"https:\/\/regiaonews.net.br\/2022\/wp-json\/wp\/v2\/media\/113686"}],"wp:attachment":[{"href":"https:\/\/regiaonews.net.br\/2022\/wp-json\/wp\/v2\/media?parent=113684"}],"wp:term":[{"taxonomy":"category","embeddable":true,"href":"https:\/\/regiaonews.net.br\/2022\/wp-json\/wp\/v2\/categories?post=113684"},{"taxonomy":"post_tag","embeddable":true,"href":"https:\/\/regiaonews.net.br\/2022\/wp-json\/wp\/v2\/tags?post=113684"}],"curies":[{"name":"wp","href":"https:\/\/api.w.org\/{rel}","templated":true}]}}