{"id":113598,"date":"2025-01-08T17:43:30","date_gmt":"2025-01-08T20:43:30","guid":{"rendered":"https:\/\/regiaonews.net.br\/2022\/?p=113598"},"modified":"2025-01-08T17:43:30","modified_gmt":"2025-01-08T20:43:30","slug":"burnout-na-area-medica-durante-a-pandemia-do-covid-19-e-tema-de-livro-que-sera-lancado-no-north-shopping","status":"publish","type":"post","link":"https:\/\/regiaonews.net.br\/2022\/2025\/01\/08\/burnout-na-area-medica-durante-a-pandemia-do-covid-19-e-tema-de-livro-que-sera-lancado-no-north-shopping\/","title":{"rendered":"Burnout na \u00e1rea m\u00e9dica durante a pandemia do COVID-19 \u00e9 tema de livro que ser\u00e1 lan\u00e7ado no North Shopping"},"content":{"rendered":"<p>O escritor desenvolveu a obra liter\u00e1ria por meio das pesquisas sobre os fatores de risco do burnout<br \/>\nA obra liter\u00e1ria \u201cBurnout &#8211; Fatores de Risco\u201d, do barretense Dr. Samir Alfredo Saliba, ter\u00e1 lan\u00e7amento oficial na Pra\u00e7a de Eventos do North Shopping Barretos neste s\u00e1bado, 11 de janeiro, \u00e0s 19h.<br \/>\nO livro editado pela EDITORAS.COM poder\u00e1 ser adquirido junto ao escritor durante a noite de aut\u00f3grafos. Na ocasi\u00e3o, haver\u00e1 disponibilidade de 50 exemplares.<br \/>\nSegundo o autor, a s\u00edndrome de burnout \u00e9 uma psicopatologia que afeta profissionais em cargos estrat\u00e9gicos na sociedade, como ju\u00edzes, promotores, delegados, policiais, enfermeiros, m\u00e9dicos e empres\u00e1rios, que precisam tomar decis\u00f5es importantes em curtos espa\u00e7os de tempo. A s\u00edndrome tem uma alta incid\u00eancia em diversos pa\u00edses ao redor do mundo.<br \/>\n\u201cO objetivo do estudo desta obra foi investigar os fatores de risco para o desenvolvimento de burnout em m\u00e9dicos que atuaram nos atendimentos de urg\u00eancia e emerg\u00eancia durante a pandemia de COVID-19, nos anos de 2021 e 2022, na macrorregi\u00e3o de Ribeir\u00e3o Preto. A finalidade \u00e9 fornecer \u00e0s institui\u00e7\u00f5es informa\u00e7\u00f5es que possam embasar a implementa\u00e7\u00e3o de medidas preventivas, com o intuito de reduzir os fatores de risco e, assim, evitar que m\u00e9dicos desenvolvam a s\u00edndrome de burnout\u201d, afirmou o Dr. Samir.<br \/>\nAinda de acordo com o autor, o trabalho \u00e9 pioneiro por ser uma pesquisa in\u00e9dita focada em m\u00e9dicos.<br \/>\n\u201cAt\u00e9 o momento, n\u00e3o h\u00e1 estudos cient\u00edficos publicados que abordem a psicopatologia especificamente em m\u00e9dicos; os estudos dispon\u00edveis se concentram em outros profissionais. Portanto, esta pesquisa oferece uma contribui\u00e7\u00e3o significativa para que empresas p\u00fablicas e privadas adotem medidas preventivas eficazes, visando \u00e0 elimina\u00e7\u00e3o dos fatores de risco e \u00e0 preven\u00e7\u00e3o do desenvolvimento da s\u00edndrome de burnout em profissionais da \u00e1rea m\u00e9dica\u201d.<br \/>\nDr. Samir possui gradua\u00e7\u00f5es em Biologia e Biomedicina pelo Centro Universit\u00e1rio Bar\u00e3o de Mau\u00e1 e em Medicina pela Faculdade de Medicina de Mar\u00edlia. \u00c9 p\u00f3s-graduado pela Faculdade de Medicina de S\u00e3o Jos\u00e9 do Rio Preto em Per\u00edcia M\u00e9dica, Medicina do Trabalho e Auditoria em Sa\u00fade. O mestrado \u00e9 em Sa\u00fade e Educa\u00e7\u00e3o pela Universidade de Ribeir\u00e3o Preto. Tamb\u00e9m j\u00e1 lecionou a disciplina de Educa\u00e7\u00e3o Inclusiva no ISEB \u2013 Instituto Superior de Educa\u00e7\u00e3o de Barretos e atua como m\u00e9dico psiquiatra no Ambulat\u00f3rio de Sa\u00fade Mental de Barretos, al\u00e9m de exercer as fun\u00e7\u00f5es de M\u00e9dico Perito Federal e M\u00e9dico Perito no INSS de Barretos.<br \/>\nO m\u00e9dico \u00e9 membro das associa\u00e7\u00f5es ABMLPM (Associa\u00e7\u00e3o Brasileira de Per\u00edcia M\u00e9dica e Medicina Legal), ABP (Associa\u00e7\u00e3o Brasileira de Psiquiatria), ABMT (Associa\u00e7\u00e3o Brasileira de Medicina do Trabalho) e SBAM (Sociedade Brasileira de Auditoria M\u00e9dica) e \u00e9 pesquisador afiliado ao ORCID (Open Researcher and Contributor ID: 0000-0002-9483-3729).<br \/>\nO livro pode ser adquirido por meio dos sites Clube de Autores e Amazon: https:\/\/clubedeautores.com.br\/livro\/burnout-2 e https:\/\/www.amazon.com.br\/dp\/B0DKDRTPXM<\/p>\n","protected":false},"excerpt":{"rendered":"<p>O escritor desenvolveu a obra liter\u00e1ria por meio das pesquisas<\/p>\n","protected":false},"author":2,"featured_media":113599,"comment_status":"open","ping_status":"open","sticky":false,"template":"","format":"standard","meta":{"footnotes":""},"categories":[14,3],"tags":[],"class_list":["post-113598","post","type-post","status-publish","format-standard","has-post-thumbnail","hentry","category-barretos","category-geral"],"yoast_head":"<!-- This site is optimized with the Yoast SEO plugin v27.4 - https:\/\/yoast.com\/product\/yoast-seo-wordpress\/ -->\n<title>Burnout na \u00e1rea m\u00e9dica durante a pandemia do COVID-19 \u00e9 tema de livro que ser\u00e1 lan\u00e7ado no North Shopping - Regi\u00e3o News<\/title>\n<meta name=\"robots\" content=\"index, follow, max-snippet:-1, max-image-preview:large, max-video-preview:-1\" \/>\n<link rel=\"canonical\" href=\"https:\/\/regiaonews.net.br\/2022\/2025\/01\/08\/burnout-na-area-medica-durante-a-pandemia-do-covid-19-e-tema-de-livro-que-sera-lancado-no-north-shopping\/\" \/>\n<meta property=\"og:locale\" content=\"pt_BR\" \/>\n<meta property=\"og:type\" content=\"article\" \/>\n<meta property=\"og:title\" content=\"Burnout na \u00e1rea m\u00e9dica durante a pandemia do COVID-19 \u00e9 tema de livro que ser\u00e1 lan\u00e7ado no North Shopping - Regi\u00e3o News\" \/>\n<meta property=\"og:description\" content=\"O escritor desenvolveu a obra liter\u00e1ria por meio das pesquisas\" \/>\n<meta property=\"og:url\" content=\"https:\/\/regiaonews.net.br\/2022\/2025\/01\/08\/burnout-na-area-medica-durante-a-pandemia-do-covid-19-e-tema-de-livro-que-sera-lancado-no-north-shopping\/\" \/>\n<meta property=\"og:site_name\" content=\"Regi\u00e3o News\" \/>\n<meta property=\"article:published_time\" content=\"2025-01-08T20:43:30+00:00\" \/>\n<meta property=\"og:image\" content=\"https:\/\/regiaonews.net.br\/2022\/wp-content\/uploads\/2025\/01\/WhatsApp-Image-2025-01-08-at-17.12.06.jpeg\" \/>\n\t<meta property=\"og:image:width\" content=\"1600\" \/>\n\t<meta property=\"og:image:height\" content=\"1068\" \/>\n\t<meta property=\"og:image:type\" content=\"image\/jpeg\" \/>\n<meta name=\"author\" content=\"Roberto\" \/>\n<meta name=\"twitter:card\" content=\"summary_large_image\" \/>\n<meta name=\"twitter:label1\" content=\"Escrito por\" \/>\n\t<meta name=\"twitter:data1\" content=\"Roberto\" \/>\n\t<meta name=\"twitter:label2\" content=\"Est. tempo de leitura\" \/>\n\t<meta name=\"twitter:data2\" content=\"3 minutos\" \/>\n<script type=\"application\/ld+json\" class=\"yoast-schema-graph\">{\"@context\":\"https:\\\/\\\/schema.org\",\"@graph\":[{\"@type\":\"Article\",\"@id\":\"https:\\\/\\\/regiaonews.net.br\\\/2022\\\/2025\\\/01\\\/08\\\/burnout-na-area-medica-durante-a-pandemia-do-covid-19-e-tema-de-livro-que-sera-lancado-no-north-shopping\\\/#article\",\"isPartOf\":{\"@id\":\"https:\\\/\\\/regiaonews.net.br\\\/2022\\\/2025\\\/01\\\/08\\\/burnout-na-area-medica-durante-a-pandemia-do-covid-19-e-tema-de-livro-que-sera-lancado-no-north-shopping\\\/\"},\"author\":{\"name\":\"Roberto\",\"@id\":\"https:\\\/\\\/regiaonews.net.br\\\/2022\\\/#\\\/schema\\\/person\\\/2d205a608a5aa97ac279d7a5e6d89ad8\"},\"headline\":\"Burnout na \u00e1rea m\u00e9dica durante a pandemia do COVID-19 \u00e9 tema de livro que ser\u00e1 lan\u00e7ado no North Shopping\",\"datePublished\":\"2025-01-08T20:43:30+00:00\",\"mainEntityOfPage\":{\"@id\":\"https:\\\/\\\/regiaonews.net.br\\\/2022\\\/2025\\\/01\\\/08\\\/burnout-na-area-medica-durante-a-pandemia-do-covid-19-e-tema-de-livro-que-sera-lancado-no-north-shopping\\\/\"},\"wordCount\":537,\"commentCount\":0,\"publisher\":{\"@id\":\"https:\\\/\\\/regiaonews.net.br\\\/2022\\\/#organization\"},\"image\":{\"@id\":\"https:\\\/\\\/regiaonews.net.br\\\/2022\\\/2025\\\/01\\\/08\\\/burnout-na-area-medica-durante-a-pandemia-do-covid-19-e-tema-de-livro-que-sera-lancado-no-north-shopping\\\/#primaryimage\"},\"thumbnailUrl\":\"https:\\\/\\\/regiaonews.net.br\\\/2022\\\/wp-content\\\/uploads\\\/2025\\\/01\\\/WhatsApp-Image-2025-01-08-at-17.12.06.jpeg\",\"articleSection\":[\"Barretos\",\"Geral\"],\"inLanguage\":\"pt-BR\",\"potentialAction\":[{\"@type\":\"CommentAction\",\"name\":\"Comment\",\"target\":[\"https:\\\/\\\/regiaonews.net.br\\\/2022\\\/2025\\\/01\\\/08\\\/burnout-na-area-medica-durante-a-pandemia-do-covid-19-e-tema-de-livro-que-sera-lancado-no-north-shopping\\\/#respond\"]}]},{\"@type\":\"WebPage\",\"@id\":\"https:\\\/\\\/regiaonews.net.br\\\/2022\\\/2025\\\/01\\\/08\\\/burnout-na-area-medica-durante-a-pandemia-do-covid-19-e-tema-de-livro-que-sera-lancado-no-north-shopping\\\/\",\"url\":\"https:\\\/\\\/regiaonews.net.br\\\/2022\\\/2025\\\/01\\\/08\\\/burnout-na-area-medica-durante-a-pandemia-do-covid-19-e-tema-de-livro-que-sera-lancado-no-north-shopping\\\/\",\"name\":\"Burnout na \u00e1rea m\u00e9dica durante a pandemia do COVID-19 \u00e9 tema de livro que ser\u00e1 lan\u00e7ado no North Shopping - Regi\u00e3o News\",\"isPartOf\":{\"@id\":\"https:\\\/\\\/regiaonews.net.br\\\/2022\\\/#website\"},\"primaryImageOfPage\":{\"@id\":\"https:\\\/\\\/regiaonews.net.br\\\/2022\\\/2025\\\/01\\\/08\\\/burnout-na-area-medica-durante-a-pandemia-do-covid-19-e-tema-de-livro-que-sera-lancado-no-north-shopping\\\/#primaryimage\"},\"image\":{\"@id\":\"https:\\\/\\\/regiaonews.net.br\\\/2022\\\/2025\\\/01\\\/08\\\/burnout-na-area-medica-durante-a-pandemia-do-covid-19-e-tema-de-livro-que-sera-lancado-no-north-shopping\\\/#primaryimage\"},\"thumbnailUrl\":\"https:\\\/\\\/regiaonews.net.br\\\/2022\\\/wp-content\\\/uploads\\\/2025\\\/01\\\/WhatsApp-Image-2025-01-08-at-17.12.06.jpeg\",\"datePublished\":\"2025-01-08T20:43:30+00:00\",\"breadcrumb\":{\"@id\":\"https:\\\/\\\/regiaonews.net.br\\\/2022\\\/2025\\\/01\\\/08\\\/burnout-na-area-medica-durante-a-pandemia-do-covid-19-e-tema-de-livro-que-sera-lancado-no-north-shopping\\\/#breadcrumb\"},\"inLanguage\":\"pt-BR\",\"potentialAction\":[{\"@type\":\"ReadAction\",\"target\":[\"https:\\\/\\\/regiaonews.net.br\\\/2022\\\/2025\\\/01\\\/08\\\/burnout-na-area-medica-durante-a-pandemia-do-covid-19-e-tema-de-livro-que-sera-lancado-no-north-shopping\\\/\"]}]},{\"@type\":\"ImageObject\",\"inLanguage\":\"pt-BR\",\"@id\":\"https:\\\/\\\/regiaonews.net.br\\\/2022\\\/2025\\\/01\\\/08\\\/burnout-na-area-medica-durante-a-pandemia-do-covid-19-e-tema-de-livro-que-sera-lancado-no-north-shopping\\\/#primaryimage\",\"url\":\"https:\\\/\\\/regiaonews.net.br\\\/2022\\\/wp-content\\\/uploads\\\/2025\\\/01\\\/WhatsApp-Image-2025-01-08-at-17.12.06.jpeg\",\"contentUrl\":\"https:\\\/\\\/regiaonews.net.br\\\/2022\\\/wp-content\\\/uploads\\\/2025\\\/01\\\/WhatsApp-Image-2025-01-08-at-17.12.06.jpeg\",\"width\":1600,\"height\":1068},{\"@type\":\"BreadcrumbList\",\"@id\":\"https:\\\/\\\/regiaonews.net.br\\\/2022\\\/2025\\\/01\\\/08\\\/burnout-na-area-medica-durante-a-pandemia-do-covid-19-e-tema-de-livro-que-sera-lancado-no-north-shopping\\\/#breadcrumb\",\"itemListElement\":[{\"@type\":\"ListItem\",\"position\":1,\"name\":\"In\u00edcio\",\"item\":\"https:\\\/\\\/regiaonews.net.br\\\/2022\\\/\"},{\"@type\":\"ListItem\",\"position\":2,\"name\":\"Burnout na \u00e1rea m\u00e9dica durante a pandemia do COVID-19 \u00e9 tema de livro que ser\u00e1 lan\u00e7ado no North Shopping\"}]},{\"@type\":\"WebSite\",\"@id\":\"https:\\\/\\\/regiaonews.net.br\\\/2022\\\/#website\",\"url\":\"https:\\\/\\\/regiaonews.net.br\\\/2022\\\/\",\"name\":\"Regi\u00e3o News\",\"description\":\"Site de Not\u00edcias de Barretos e regi\u00e3o\",\"publisher\":{\"@id\":\"https:\\\/\\\/regiaonews.net.br\\\/2022\\\/#organization\"},\"potentialAction\":[{\"@type\":\"SearchAction\",\"target\":{\"@type\":\"EntryPoint\",\"urlTemplate\":\"https:\\\/\\\/regiaonews.net.br\\\/2022\\\/?s={search_term_string}\"},\"query-input\":{\"@type\":\"PropertyValueSpecification\",\"valueRequired\":true,\"valueName\":\"search_term_string\"}}],\"inLanguage\":\"pt-BR\"},{\"@type\":\"Organization\",\"@id\":\"https:\\\/\\\/regiaonews.net.br\\\/2022\\\/#organization\",\"name\":\"Regi\u00e3o News\",\"url\":\"https:\\\/\\\/regiaonews.net.br\\\/2022\\\/\",\"logo\":{\"@type\":\"ImageObject\",\"inLanguage\":\"pt-BR\",\"@id\":\"https:\\\/\\\/regiaonews.net.br\\\/2022\\\/#\\\/schema\\\/logo\\\/image\\\/\",\"url\":\"https:\\\/\\\/regiaonews.net.br\\\/2022\\\/wp-content\\\/uploads\\\/2026\\\/03\\\/regiao-13-anos-scaled.jpg\",\"contentUrl\":\"https:\\\/\\\/regiaonews.net.br\\\/2022\\\/wp-content\\\/uploads\\\/2026\\\/03\\\/regiao-13-anos-scaled.jpg\",\"width\":2560,\"height\":635,\"caption\":\"Regi\u00e3o News\"},\"image\":{\"@id\":\"https:\\\/\\\/regiaonews.net.br\\\/2022\\\/#\\\/schema\\\/logo\\\/image\\\/\"}},{\"@type\":\"Person\",\"@id\":\"https:\\\/\\\/regiaonews.net.br\\\/2022\\\/#\\\/schema\\\/person\\\/2d205a608a5aa97ac279d7a5e6d89ad8\",\"name\":\"Roberto\",\"image\":{\"@type\":\"ImageObject\",\"inLanguage\":\"pt-BR\",\"@id\":\"https:\\\/\\\/secure.gravatar.com\\\/avatar\\\/42749d8b712ff9d59ca93dc150494e5b55a44134482993f5baeb97e61b7ecc89?s=96&d=mm&r=g\",\"url\":\"https:\\\/\\\/secure.gravatar.com\\\/avatar\\\/42749d8b712ff9d59ca93dc150494e5b55a44134482993f5baeb97e61b7ecc89?s=96&d=mm&r=g\",\"contentUrl\":\"https:\\\/\\\/secure.gravatar.com\\\/avatar\\\/42749d8b712ff9d59ca93dc150494e5b55a44134482993f5baeb97e61b7ecc89?s=96&d=mm&r=g\",\"caption\":\"Roberto\"},\"url\":\"https:\\\/\\\/regiaonews.net.br\\\/2022\\\/author\\\/roberto\\\/\"}]}<\/script>\n<!-- \/ Yoast SEO plugin. -->","yoast_head_json":{"title":"Burnout na \u00e1rea m\u00e9dica durante a pandemia do COVID-19 \u00e9 tema de livro que ser\u00e1 lan\u00e7ado no North Shopping - Regi\u00e3o News","robots":{"index":"index","follow":"follow","max-snippet":"max-snippet:-1","max-image-preview":"max-image-preview:large","max-video-preview":"max-video-preview:-1"},"canonical":"https:\/\/regiaonews.net.br\/2022\/2025\/01\/08\/burnout-na-area-medica-durante-a-pandemia-do-covid-19-e-tema-de-livro-que-sera-lancado-no-north-shopping\/","og_locale":"pt_BR","og_type":"article","og_title":"Burnout na \u00e1rea m\u00e9dica durante a pandemia do COVID-19 \u00e9 tema de livro que ser\u00e1 lan\u00e7ado no North Shopping - Regi\u00e3o News","og_description":"O escritor desenvolveu a obra liter\u00e1ria por meio das pesquisas","og_url":"https:\/\/regiaonews.net.br\/2022\/2025\/01\/08\/burnout-na-area-medica-durante-a-pandemia-do-covid-19-e-tema-de-livro-que-sera-lancado-no-north-shopping\/","og_site_name":"Regi\u00e3o News","article_published_time":"2025-01-08T20:43:30+00:00","og_image":[{"width":1600,"height":1068,"url":"https:\/\/regiaonews.net.br\/2022\/wp-content\/uploads\/2025\/01\/WhatsApp-Image-2025-01-08-at-17.12.06.jpeg","type":"image\/jpeg"}],"author":"Roberto","twitter_card":"summary_large_image","twitter_misc":{"Escrito por":"Roberto","Est. tempo de leitura":"3 minutos"},"schema":{"@context":"https:\/\/schema.org","@graph":[{"@type":"Article","@id":"https:\/\/regiaonews.net.br\/2022\/2025\/01\/08\/burnout-na-area-medica-durante-a-pandemia-do-covid-19-e-tema-de-livro-que-sera-lancado-no-north-shopping\/#article","isPartOf":{"@id":"https:\/\/regiaonews.net.br\/2022\/2025\/01\/08\/burnout-na-area-medica-durante-a-pandemia-do-covid-19-e-tema-de-livro-que-sera-lancado-no-north-shopping\/"},"author":{"name":"Roberto","@id":"https:\/\/regiaonews.net.br\/2022\/#\/schema\/person\/2d205a608a5aa97ac279d7a5e6d89ad8"},"headline":"Burnout na \u00e1rea m\u00e9dica durante a pandemia do COVID-19 \u00e9 tema de livro que ser\u00e1 lan\u00e7ado no North Shopping","datePublished":"2025-01-08T20:43:30+00:00","mainEntityOfPage":{"@id":"https:\/\/regiaonews.net.br\/2022\/2025\/01\/08\/burnout-na-area-medica-durante-a-pandemia-do-covid-19-e-tema-de-livro-que-sera-lancado-no-north-shopping\/"},"wordCount":537,"commentCount":0,"publisher":{"@id":"https:\/\/regiaonews.net.br\/2022\/#organization"},"image":{"@id":"https:\/\/regiaonews.net.br\/2022\/2025\/01\/08\/burnout-na-area-medica-durante-a-pandemia-do-covid-19-e-tema-de-livro-que-sera-lancado-no-north-shopping\/#primaryimage"},"thumbnailUrl":"https:\/\/regiaonews.net.br\/2022\/wp-content\/uploads\/2025\/01\/WhatsApp-Image-2025-01-08-at-17.12.06.jpeg","articleSection":["Barretos","Geral"],"inLanguage":"pt-BR","potentialAction":[{"@type":"CommentAction","name":"Comment","target":["https:\/\/regiaonews.net.br\/2022\/2025\/01\/08\/burnout-na-area-medica-durante-a-pandemia-do-covid-19-e-tema-de-livro-que-sera-lancado-no-north-shopping\/#respond"]}]},{"@type":"WebPage","@id":"https:\/\/regiaonews.net.br\/2022\/2025\/01\/08\/burnout-na-area-medica-durante-a-pandemia-do-covid-19-e-tema-de-livro-que-sera-lancado-no-north-shopping\/","url":"https:\/\/regiaonews.net.br\/2022\/2025\/01\/08\/burnout-na-area-medica-durante-a-pandemia-do-covid-19-e-tema-de-livro-que-sera-lancado-no-north-shopping\/","name":"Burnout na \u00e1rea m\u00e9dica durante a pandemia do COVID-19 \u00e9 tema de livro que ser\u00e1 lan\u00e7ado no North Shopping - Regi\u00e3o News","isPartOf":{"@id":"https:\/\/regiaonews.net.br\/2022\/#website"},"primaryImageOfPage":{"@id":"https:\/\/regiaonews.net.br\/2022\/2025\/01\/08\/burnout-na-area-medica-durante-a-pandemia-do-covid-19-e-tema-de-livro-que-sera-lancado-no-north-shopping\/#primaryimage"},"image":{"@id":"https:\/\/regiaonews.net.br\/2022\/2025\/01\/08\/burnout-na-area-medica-durante-a-pandemia-do-covid-19-e-tema-de-livro-que-sera-lancado-no-north-shopping\/#primaryimage"},"thumbnailUrl":"https:\/\/regiaonews.net.br\/2022\/wp-content\/uploads\/2025\/01\/WhatsApp-Image-2025-01-08-at-17.12.06.jpeg","datePublished":"2025-01-08T20:43:30+00:00","breadcrumb":{"@id":"https:\/\/regiaonews.net.br\/2022\/2025\/01\/08\/burnout-na-area-medica-durante-a-pandemia-do-covid-19-e-tema-de-livro-que-sera-lancado-no-north-shopping\/#breadcrumb"},"inLanguage":"pt-BR","potentialAction":[{"@type":"ReadAction","target":["https:\/\/regiaonews.net.br\/2022\/2025\/01\/08\/burnout-na-area-medica-durante-a-pandemia-do-covid-19-e-tema-de-livro-que-sera-lancado-no-north-shopping\/"]}]},{"@type":"ImageObject","inLanguage":"pt-BR","@id":"https:\/\/regiaonews.net.br\/2022\/2025\/01\/08\/burnout-na-area-medica-durante-a-pandemia-do-covid-19-e-tema-de-livro-que-sera-lancado-no-north-shopping\/#primaryimage","url":"https:\/\/regiaonews.net.br\/2022\/wp-content\/uploads\/2025\/01\/WhatsApp-Image-2025-01-08-at-17.12.06.jpeg","contentUrl":"https:\/\/regiaonews.net.br\/2022\/wp-content\/uploads\/2025\/01\/WhatsApp-Image-2025-01-08-at-17.12.06.jpeg","width":1600,"height":1068},{"@type":"BreadcrumbList","@id":"https:\/\/regiaonews.net.br\/2022\/2025\/01\/08\/burnout-na-area-medica-durante-a-pandemia-do-covid-19-e-tema-de-livro-que-sera-lancado-no-north-shopping\/#breadcrumb","itemListElement":[{"@type":"ListItem","position":1,"name":"In\u00edcio","item":"https:\/\/regiaonews.net.br\/2022\/"},{"@type":"ListItem","position":2,"name":"Burnout na \u00e1rea m\u00e9dica durante a pandemia do COVID-19 \u00e9 tema de livro que ser\u00e1 lan\u00e7ado no North Shopping"}]},{"@type":"WebSite","@id":"https:\/\/regiaonews.net.br\/2022\/#website","url":"https:\/\/regiaonews.net.br\/2022\/","name":"Regi\u00e3o News","description":"Site de Not\u00edcias de Barretos e regi\u00e3o","publisher":{"@id":"https:\/\/regiaonews.net.br\/2022\/#organization"},"potentialAction":[{"@type":"SearchAction","target":{"@type":"EntryPoint","urlTemplate":"https:\/\/regiaonews.net.br\/2022\/?s={search_term_string}"},"query-input":{"@type":"PropertyValueSpecification","valueRequired":true,"valueName":"search_term_string"}}],"inLanguage":"pt-BR"},{"@type":"Organization","@id":"https:\/\/regiaonews.net.br\/2022\/#organization","name":"Regi\u00e3o News","url":"https:\/\/regiaonews.net.br\/2022\/","logo":{"@type":"ImageObject","inLanguage":"pt-BR","@id":"https:\/\/regiaonews.net.br\/2022\/#\/schema\/logo\/image\/","url":"https:\/\/regiaonews.net.br\/2022\/wp-content\/uploads\/2026\/03\/regiao-13-anos-scaled.jpg","contentUrl":"https:\/\/regiaonews.net.br\/2022\/wp-content\/uploads\/2026\/03\/regiao-13-anos-scaled.jpg","width":2560,"height":635,"caption":"Regi\u00e3o News"},"image":{"@id":"https:\/\/regiaonews.net.br\/2022\/#\/schema\/logo\/image\/"}},{"@type":"Person","@id":"https:\/\/regiaonews.net.br\/2022\/#\/schema\/person\/2d205a608a5aa97ac279d7a5e6d89ad8","name":"Roberto","image":{"@type":"ImageObject","inLanguage":"pt-BR","@id":"https:\/\/secure.gravatar.com\/avatar\/42749d8b712ff9d59ca93dc150494e5b55a44134482993f5baeb97e61b7ecc89?s=96&d=mm&r=g","url":"https:\/\/secure.gravatar.com\/avatar\/42749d8b712ff9d59ca93dc150494e5b55a44134482993f5baeb97e61b7ecc89?s=96&d=mm&r=g","contentUrl":"https:\/\/secure.gravatar.com\/avatar\/42749d8b712ff9d59ca93dc150494e5b55a44134482993f5baeb97e61b7ecc89?s=96&d=mm&r=g","caption":"Roberto"},"url":"https:\/\/regiaonews.net.br\/2022\/author\/roberto\/"}]}},"publishpress_future_action":{"enabled":false,"date":"2026-05-02 03:47:04","action":"change-status","newStatus":"draft","terms":[],"taxonomy":"category","extraData":[]},"publishpress_future_workflow_manual_trigger":{"enabledWorkflows":[]},"_links":{"self":[{"href":"https:\/\/regiaonews.net.br\/2022\/wp-json\/wp\/v2\/posts\/113598","targetHints":{"allow":["GET"]}}],"collection":[{"href":"https:\/\/regiaonews.net.br\/2022\/wp-json\/wp\/v2\/posts"}],"about":[{"href":"https:\/\/regiaonews.net.br\/2022\/wp-json\/wp\/v2\/types\/post"}],"author":[{"embeddable":true,"href":"https:\/\/regiaonews.net.br\/2022\/wp-json\/wp\/v2\/users\/2"}],"replies":[{"embeddable":true,"href":"https:\/\/regiaonews.net.br\/2022\/wp-json\/wp\/v2\/comments?post=113598"}],"version-history":[{"count":1,"href":"https:\/\/regiaonews.net.br\/2022\/wp-json\/wp\/v2\/posts\/113598\/revisions"}],"predecessor-version":[{"id":113600,"href":"https:\/\/regiaonews.net.br\/2022\/wp-json\/wp\/v2\/posts\/113598\/revisions\/113600"}],"wp:featuredmedia":[{"embeddable":true,"href":"https:\/\/regiaonews.net.br\/2022\/wp-json\/wp\/v2\/media\/113599"}],"wp:attachment":[{"href":"https:\/\/regiaonews.net.br\/2022\/wp-json\/wp\/v2\/media?parent=113598"}],"wp:term":[{"taxonomy":"category","embeddable":true,"href":"https:\/\/regiaonews.net.br\/2022\/wp-json\/wp\/v2\/categories?post=113598"},{"taxonomy":"post_tag","embeddable":true,"href":"https:\/\/regiaonews.net.br\/2022\/wp-json\/wp\/v2\/tags?post=113598"}],"curies":[{"name":"wp","href":"https:\/\/api.w.org\/{rel}","templated":true}]}}