{"id":113580,"date":"2025-01-07T18:55:47","date_gmt":"2025-01-07T21:55:47","guid":{"rendered":"https:\/\/regiaonews.net.br\/2022\/?p=113580"},"modified":"2025-01-07T18:55:47","modified_gmt":"2025-01-07T21:55:47","slug":"procon-barretos-realiza-mais-de-12-mil-atendimentos-em-2024","status":"publish","type":"post","link":"https:\/\/regiaonews.net.br\/2022\/2025\/01\/07\/procon-barretos-realiza-mais-de-12-mil-atendimentos-em-2024\/","title":{"rendered":"PROCON Barretos realiza mais de 12 mil atendimentos em 2024"},"content":{"rendered":"<p>Servi\u00e7os banc\u00e1rios lideram ranking de reclama\u00e7\u00f5es com 2.299 registros<\/p>\n<p>O PROCON Barretos, \u00f3rg\u00e3o de defesa do consumidor vinculado \u00e0 Secretaria Municipal de Neg\u00f3cios Jur\u00eddicos da Prefeitura, realizou 12.136 atendimentos entre os dias 2 de janeiro e 27 de dezembro de 2024. Isso representa 611 atendimentos a mais em compara\u00e7\u00e3o a 2023, quando houve o registro de 11.525 atendimentos.<br \/>\n\u201cPassamos por um salto tecnol\u00f3gico em nosso atendimento, que est\u00e1 mais \u00e1gil. Outra novidade que facilita a vida do barretense \u00e9 o atendimento online, implantado em abril de 2024. Apenas nesse per\u00edodo, foram 2.339 reclama\u00e7\u00f5es recebidas pelo WhatsApp\u201d, destacou Dela\u00edas Santos, coordenador do PROCON Barretos.<br \/>\nNo ranking de reclama\u00e7\u00f5es destacam-se o setor banc\u00e1rio, que lidera a lista com 2.299 registros, sendo 942 apenas por cr\u00e9dito consignado. J\u00e1 o setor de telefonia registrou 754 reclama\u00e7\u00f5es, seguidos de internet com 527, energia el\u00e9trica com 386 e planos de sa\u00fade com 302.<br \/>\n&#8220;Para al\u00e9m dos n\u00fameros consolidados de atendimentos, a Escola do Consumidor, que tamb\u00e9m \u00e9 vinculada ao PROCON Barretos, se envolveu em cerca de 40 atividades ao longo de 2024, impactando centenas de pessoas. O Centro de Estudos e Pesquisa realizou 53 pesquisas em nosso com\u00e9rcio. J\u00e1 o setor de Fiscaliza\u00e7\u00e3o realizou mais de 600 atos fiscalizat\u00f3rios&#8221;, completou o coordenador.<br \/>\nServi\u00e7o<br \/>\nO PROCON Barretos funciona de segunda a sexta-feira, das 9h \u00e0s 16h, na Avenida 23, entre 18 e 20, n\u00ba 720. O atendimento presencial \u00e9 realizado mediante agendamento. H\u00e1, tamb\u00e9m, o atendimento virtual, 24 horas, pelo WhatsApp (17) 3612-2810.<\/p>\n","protected":false},"excerpt":{"rendered":"<p>Servi\u00e7os banc\u00e1rios lideram ranking de reclama\u00e7\u00f5es com 2.299 registros O<\/p>\n","protected":false},"author":2,"featured_media":113581,"comment_status":"open","ping_status":"open","sticky":false,"template":"","format":"standard","meta":{"footnotes":""},"categories":[14,25],"tags":[],"class_list":["post-113580","post","type-post","status-publish","format-standard","has-post-thumbnail","hentry","category-barretos","category-cidades"],"yoast_head":"<!-- This site is optimized with the Yoast SEO plugin v27.4 - https:\/\/yoast.com\/product\/yoast-seo-wordpress\/ -->\n<title>PROCON Barretos realiza mais de 12 mil atendimentos em 2024 - Regi\u00e3o News<\/title>\n<meta name=\"robots\" content=\"index, follow, max-snippet:-1, max-image-preview:large, max-video-preview:-1\" \/>\n<link rel=\"canonical\" href=\"https:\/\/regiaonews.net.br\/2022\/2025\/01\/07\/procon-barretos-realiza-mais-de-12-mil-atendimentos-em-2024\/\" \/>\n<meta property=\"og:locale\" content=\"pt_BR\" \/>\n<meta property=\"og:type\" content=\"article\" \/>\n<meta property=\"og:title\" content=\"PROCON Barretos realiza mais de 12 mil atendimentos em 2024 - Regi\u00e3o News\" \/>\n<meta property=\"og:description\" content=\"Servi\u00e7os banc\u00e1rios lideram ranking de reclama\u00e7\u00f5es com 2.299 registros O\" \/>\n<meta property=\"og:url\" content=\"https:\/\/regiaonews.net.br\/2022\/2025\/01\/07\/procon-barretos-realiza-mais-de-12-mil-atendimentos-em-2024\/\" \/>\n<meta property=\"og:site_name\" content=\"Regi\u00e3o News\" \/>\n<meta property=\"article:published_time\" content=\"2025-01-07T21:55:47+00:00\" \/>\n<meta property=\"og:image\" content=\"https:\/\/regiaonews.net.br\/2022\/wp-content\/uploads\/2025\/01\/WhatsApp-Image-2025-01-07-at-17.56.13.jpeg\" \/>\n\t<meta property=\"og:image:width\" content=\"1600\" \/>\n\t<meta property=\"og:image:height\" content=\"1202\" \/>\n\t<meta property=\"og:image:type\" content=\"image\/jpeg\" \/>\n<meta name=\"author\" content=\"Roberto\" \/>\n<meta name=\"twitter:card\" content=\"summary_large_image\" \/>\n<meta name=\"twitter:label1\" content=\"Escrito por\" \/>\n\t<meta name=\"twitter:data1\" content=\"Roberto\" \/>\n\t<meta name=\"twitter:label2\" content=\"Est. tempo de leitura\" \/>\n\t<meta name=\"twitter:data2\" content=\"2 minutos\" \/>\n<script type=\"application\/ld+json\" class=\"yoast-schema-graph\">{\"@context\":\"https:\\\/\\\/schema.org\",\"@graph\":[{\"@type\":\"Article\",\"@id\":\"https:\\\/\\\/regiaonews.net.br\\\/2022\\\/2025\\\/01\\\/07\\\/procon-barretos-realiza-mais-de-12-mil-atendimentos-em-2024\\\/#article\",\"isPartOf\":{\"@id\":\"https:\\\/\\\/regiaonews.net.br\\\/2022\\\/2025\\\/01\\\/07\\\/procon-barretos-realiza-mais-de-12-mil-atendimentos-em-2024\\\/\"},\"author\":{\"name\":\"Roberto\",\"@id\":\"https:\\\/\\\/regiaonews.net.br\\\/2022\\\/#\\\/schema\\\/person\\\/2d205a608a5aa97ac279d7a5e6d89ad8\"},\"headline\":\"PROCON Barretos realiza mais de 12 mil atendimentos em 2024\",\"datePublished\":\"2025-01-07T21:55:47+00:00\",\"mainEntityOfPage\":{\"@id\":\"https:\\\/\\\/regiaonews.net.br\\\/2022\\\/2025\\\/01\\\/07\\\/procon-barretos-realiza-mais-de-12-mil-atendimentos-em-2024\\\/\"},\"wordCount\":249,\"commentCount\":0,\"publisher\":{\"@id\":\"https:\\\/\\\/regiaonews.net.br\\\/2022\\\/#organization\"},\"image\":{\"@id\":\"https:\\\/\\\/regiaonews.net.br\\\/2022\\\/2025\\\/01\\\/07\\\/procon-barretos-realiza-mais-de-12-mil-atendimentos-em-2024\\\/#primaryimage\"},\"thumbnailUrl\":\"https:\\\/\\\/regiaonews.net.br\\\/2022\\\/wp-content\\\/uploads\\\/2025\\\/01\\\/WhatsApp-Image-2025-01-07-at-17.56.13.jpeg\",\"articleSection\":[\"Barretos\",\"Cidades\"],\"inLanguage\":\"pt-BR\",\"potentialAction\":[{\"@type\":\"CommentAction\",\"name\":\"Comment\",\"target\":[\"https:\\\/\\\/regiaonews.net.br\\\/2022\\\/2025\\\/01\\\/07\\\/procon-barretos-realiza-mais-de-12-mil-atendimentos-em-2024\\\/#respond\"]}]},{\"@type\":\"WebPage\",\"@id\":\"https:\\\/\\\/regiaonews.net.br\\\/2022\\\/2025\\\/01\\\/07\\\/procon-barretos-realiza-mais-de-12-mil-atendimentos-em-2024\\\/\",\"url\":\"https:\\\/\\\/regiaonews.net.br\\\/2022\\\/2025\\\/01\\\/07\\\/procon-barretos-realiza-mais-de-12-mil-atendimentos-em-2024\\\/\",\"name\":\"PROCON Barretos realiza mais de 12 mil atendimentos em 2024 - Regi\u00e3o News\",\"isPartOf\":{\"@id\":\"https:\\\/\\\/regiaonews.net.br\\\/2022\\\/#website\"},\"primaryImageOfPage\":{\"@id\":\"https:\\\/\\\/regiaonews.net.br\\\/2022\\\/2025\\\/01\\\/07\\\/procon-barretos-realiza-mais-de-12-mil-atendimentos-em-2024\\\/#primaryimage\"},\"image\":{\"@id\":\"https:\\\/\\\/regiaonews.net.br\\\/2022\\\/2025\\\/01\\\/07\\\/procon-barretos-realiza-mais-de-12-mil-atendimentos-em-2024\\\/#primaryimage\"},\"thumbnailUrl\":\"https:\\\/\\\/regiaonews.net.br\\\/2022\\\/wp-content\\\/uploads\\\/2025\\\/01\\\/WhatsApp-Image-2025-01-07-at-17.56.13.jpeg\",\"datePublished\":\"2025-01-07T21:55:47+00:00\",\"breadcrumb\":{\"@id\":\"https:\\\/\\\/regiaonews.net.br\\\/2022\\\/2025\\\/01\\\/07\\\/procon-barretos-realiza-mais-de-12-mil-atendimentos-em-2024\\\/#breadcrumb\"},\"inLanguage\":\"pt-BR\",\"potentialAction\":[{\"@type\":\"ReadAction\",\"target\":[\"https:\\\/\\\/regiaonews.net.br\\\/2022\\\/2025\\\/01\\\/07\\\/procon-barretos-realiza-mais-de-12-mil-atendimentos-em-2024\\\/\"]}]},{\"@type\":\"ImageObject\",\"inLanguage\":\"pt-BR\",\"@id\":\"https:\\\/\\\/regiaonews.net.br\\\/2022\\\/2025\\\/01\\\/07\\\/procon-barretos-realiza-mais-de-12-mil-atendimentos-em-2024\\\/#primaryimage\",\"url\":\"https:\\\/\\\/regiaonews.net.br\\\/2022\\\/wp-content\\\/uploads\\\/2025\\\/01\\\/WhatsApp-Image-2025-01-07-at-17.56.13.jpeg\",\"contentUrl\":\"https:\\\/\\\/regiaonews.net.br\\\/2022\\\/wp-content\\\/uploads\\\/2025\\\/01\\\/WhatsApp-Image-2025-01-07-at-17.56.13.jpeg\",\"width\":1600,\"height\":1202},{\"@type\":\"BreadcrumbList\",\"@id\":\"https:\\\/\\\/regiaonews.net.br\\\/2022\\\/2025\\\/01\\\/07\\\/procon-barretos-realiza-mais-de-12-mil-atendimentos-em-2024\\\/#breadcrumb\",\"itemListElement\":[{\"@type\":\"ListItem\",\"position\":1,\"name\":\"In\u00edcio\",\"item\":\"https:\\\/\\\/regiaonews.net.br\\\/2022\\\/\"},{\"@type\":\"ListItem\",\"position\":2,\"name\":\"PROCON Barretos realiza mais de 12 mil atendimentos em 2024\"}]},{\"@type\":\"WebSite\",\"@id\":\"https:\\\/\\\/regiaonews.net.br\\\/2022\\\/#website\",\"url\":\"https:\\\/\\\/regiaonews.net.br\\\/2022\\\/\",\"name\":\"Regi\u00e3o News\",\"description\":\"Site de Not\u00edcias de Barretos e regi\u00e3o\",\"publisher\":{\"@id\":\"https:\\\/\\\/regiaonews.net.br\\\/2022\\\/#organization\"},\"potentialAction\":[{\"@type\":\"SearchAction\",\"target\":{\"@type\":\"EntryPoint\",\"urlTemplate\":\"https:\\\/\\\/regiaonews.net.br\\\/2022\\\/?s={search_term_string}\"},\"query-input\":{\"@type\":\"PropertyValueSpecification\",\"valueRequired\":true,\"valueName\":\"search_term_string\"}}],\"inLanguage\":\"pt-BR\"},{\"@type\":\"Organization\",\"@id\":\"https:\\\/\\\/regiaonews.net.br\\\/2022\\\/#organization\",\"name\":\"Regi\u00e3o News\",\"url\":\"https:\\\/\\\/regiaonews.net.br\\\/2022\\\/\",\"logo\":{\"@type\":\"ImageObject\",\"inLanguage\":\"pt-BR\",\"@id\":\"https:\\\/\\\/regiaonews.net.br\\\/2022\\\/#\\\/schema\\\/logo\\\/image\\\/\",\"url\":\"https:\\\/\\\/regiaonews.net.br\\\/2022\\\/wp-content\\\/uploads\\\/2026\\\/03\\\/regiao-13-anos-scaled.jpg\",\"contentUrl\":\"https:\\\/\\\/regiaonews.net.br\\\/2022\\\/wp-content\\\/uploads\\\/2026\\\/03\\\/regiao-13-anos-scaled.jpg\",\"width\":2560,\"height\":635,\"caption\":\"Regi\u00e3o News\"},\"image\":{\"@id\":\"https:\\\/\\\/regiaonews.net.br\\\/2022\\\/#\\\/schema\\\/logo\\\/image\\\/\"}},{\"@type\":\"Person\",\"@id\":\"https:\\\/\\\/regiaonews.net.br\\\/2022\\\/#\\\/schema\\\/person\\\/2d205a608a5aa97ac279d7a5e6d89ad8\",\"name\":\"Roberto\",\"image\":{\"@type\":\"ImageObject\",\"inLanguage\":\"pt-BR\",\"@id\":\"https:\\\/\\\/secure.gravatar.com\\\/avatar\\\/42749d8b712ff9d59ca93dc150494e5b55a44134482993f5baeb97e61b7ecc89?s=96&d=mm&r=g\",\"url\":\"https:\\\/\\\/secure.gravatar.com\\\/avatar\\\/42749d8b712ff9d59ca93dc150494e5b55a44134482993f5baeb97e61b7ecc89?s=96&d=mm&r=g\",\"contentUrl\":\"https:\\\/\\\/secure.gravatar.com\\\/avatar\\\/42749d8b712ff9d59ca93dc150494e5b55a44134482993f5baeb97e61b7ecc89?s=96&d=mm&r=g\",\"caption\":\"Roberto\"},\"url\":\"https:\\\/\\\/regiaonews.net.br\\\/2022\\\/author\\\/roberto\\\/\"}]}<\/script>\n<!-- \/ Yoast SEO plugin. -->","yoast_head_json":{"title":"PROCON Barretos realiza mais de 12 mil atendimentos em 2024 - Regi\u00e3o News","robots":{"index":"index","follow":"follow","max-snippet":"max-snippet:-1","max-image-preview":"max-image-preview:large","max-video-preview":"max-video-preview:-1"},"canonical":"https:\/\/regiaonews.net.br\/2022\/2025\/01\/07\/procon-barretos-realiza-mais-de-12-mil-atendimentos-em-2024\/","og_locale":"pt_BR","og_type":"article","og_title":"PROCON Barretos realiza mais de 12 mil atendimentos em 2024 - Regi\u00e3o News","og_description":"Servi\u00e7os banc\u00e1rios lideram ranking de reclama\u00e7\u00f5es com 2.299 registros O","og_url":"https:\/\/regiaonews.net.br\/2022\/2025\/01\/07\/procon-barretos-realiza-mais-de-12-mil-atendimentos-em-2024\/","og_site_name":"Regi\u00e3o News","article_published_time":"2025-01-07T21:55:47+00:00","og_image":[{"width":1600,"height":1202,"url":"https:\/\/regiaonews.net.br\/2022\/wp-content\/uploads\/2025\/01\/WhatsApp-Image-2025-01-07-at-17.56.13.jpeg","type":"image\/jpeg"}],"author":"Roberto","twitter_card":"summary_large_image","twitter_misc":{"Escrito por":"Roberto","Est. tempo de leitura":"2 minutos"},"schema":{"@context":"https:\/\/schema.org","@graph":[{"@type":"Article","@id":"https:\/\/regiaonews.net.br\/2022\/2025\/01\/07\/procon-barretos-realiza-mais-de-12-mil-atendimentos-em-2024\/#article","isPartOf":{"@id":"https:\/\/regiaonews.net.br\/2022\/2025\/01\/07\/procon-barretos-realiza-mais-de-12-mil-atendimentos-em-2024\/"},"author":{"name":"Roberto","@id":"https:\/\/regiaonews.net.br\/2022\/#\/schema\/person\/2d205a608a5aa97ac279d7a5e6d89ad8"},"headline":"PROCON Barretos realiza mais de 12 mil atendimentos em 2024","datePublished":"2025-01-07T21:55:47+00:00","mainEntityOfPage":{"@id":"https:\/\/regiaonews.net.br\/2022\/2025\/01\/07\/procon-barretos-realiza-mais-de-12-mil-atendimentos-em-2024\/"},"wordCount":249,"commentCount":0,"publisher":{"@id":"https:\/\/regiaonews.net.br\/2022\/#organization"},"image":{"@id":"https:\/\/regiaonews.net.br\/2022\/2025\/01\/07\/procon-barretos-realiza-mais-de-12-mil-atendimentos-em-2024\/#primaryimage"},"thumbnailUrl":"https:\/\/regiaonews.net.br\/2022\/wp-content\/uploads\/2025\/01\/WhatsApp-Image-2025-01-07-at-17.56.13.jpeg","articleSection":["Barretos","Cidades"],"inLanguage":"pt-BR","potentialAction":[{"@type":"CommentAction","name":"Comment","target":["https:\/\/regiaonews.net.br\/2022\/2025\/01\/07\/procon-barretos-realiza-mais-de-12-mil-atendimentos-em-2024\/#respond"]}]},{"@type":"WebPage","@id":"https:\/\/regiaonews.net.br\/2022\/2025\/01\/07\/procon-barretos-realiza-mais-de-12-mil-atendimentos-em-2024\/","url":"https:\/\/regiaonews.net.br\/2022\/2025\/01\/07\/procon-barretos-realiza-mais-de-12-mil-atendimentos-em-2024\/","name":"PROCON Barretos realiza mais de 12 mil atendimentos em 2024 - Regi\u00e3o News","isPartOf":{"@id":"https:\/\/regiaonews.net.br\/2022\/#website"},"primaryImageOfPage":{"@id":"https:\/\/regiaonews.net.br\/2022\/2025\/01\/07\/procon-barretos-realiza-mais-de-12-mil-atendimentos-em-2024\/#primaryimage"},"image":{"@id":"https:\/\/regiaonews.net.br\/2022\/2025\/01\/07\/procon-barretos-realiza-mais-de-12-mil-atendimentos-em-2024\/#primaryimage"},"thumbnailUrl":"https:\/\/regiaonews.net.br\/2022\/wp-content\/uploads\/2025\/01\/WhatsApp-Image-2025-01-07-at-17.56.13.jpeg","datePublished":"2025-01-07T21:55:47+00:00","breadcrumb":{"@id":"https:\/\/regiaonews.net.br\/2022\/2025\/01\/07\/procon-barretos-realiza-mais-de-12-mil-atendimentos-em-2024\/#breadcrumb"},"inLanguage":"pt-BR","potentialAction":[{"@type":"ReadAction","target":["https:\/\/regiaonews.net.br\/2022\/2025\/01\/07\/procon-barretos-realiza-mais-de-12-mil-atendimentos-em-2024\/"]}]},{"@type":"ImageObject","inLanguage":"pt-BR","@id":"https:\/\/regiaonews.net.br\/2022\/2025\/01\/07\/procon-barretos-realiza-mais-de-12-mil-atendimentos-em-2024\/#primaryimage","url":"https:\/\/regiaonews.net.br\/2022\/wp-content\/uploads\/2025\/01\/WhatsApp-Image-2025-01-07-at-17.56.13.jpeg","contentUrl":"https:\/\/regiaonews.net.br\/2022\/wp-content\/uploads\/2025\/01\/WhatsApp-Image-2025-01-07-at-17.56.13.jpeg","width":1600,"height":1202},{"@type":"BreadcrumbList","@id":"https:\/\/regiaonews.net.br\/2022\/2025\/01\/07\/procon-barretos-realiza-mais-de-12-mil-atendimentos-em-2024\/#breadcrumb","itemListElement":[{"@type":"ListItem","position":1,"name":"In\u00edcio","item":"https:\/\/regiaonews.net.br\/2022\/"},{"@type":"ListItem","position":2,"name":"PROCON Barretos realiza mais de 12 mil atendimentos em 2024"}]},{"@type":"WebSite","@id":"https:\/\/regiaonews.net.br\/2022\/#website","url":"https:\/\/regiaonews.net.br\/2022\/","name":"Regi\u00e3o News","description":"Site de Not\u00edcias de Barretos e regi\u00e3o","publisher":{"@id":"https:\/\/regiaonews.net.br\/2022\/#organization"},"potentialAction":[{"@type":"SearchAction","target":{"@type":"EntryPoint","urlTemplate":"https:\/\/regiaonews.net.br\/2022\/?s={search_term_string}"},"query-input":{"@type":"PropertyValueSpecification","valueRequired":true,"valueName":"search_term_string"}}],"inLanguage":"pt-BR"},{"@type":"Organization","@id":"https:\/\/regiaonews.net.br\/2022\/#organization","name":"Regi\u00e3o News","url":"https:\/\/regiaonews.net.br\/2022\/","logo":{"@type":"ImageObject","inLanguage":"pt-BR","@id":"https:\/\/regiaonews.net.br\/2022\/#\/schema\/logo\/image\/","url":"https:\/\/regiaonews.net.br\/2022\/wp-content\/uploads\/2026\/03\/regiao-13-anos-scaled.jpg","contentUrl":"https:\/\/regiaonews.net.br\/2022\/wp-content\/uploads\/2026\/03\/regiao-13-anos-scaled.jpg","width":2560,"height":635,"caption":"Regi\u00e3o News"},"image":{"@id":"https:\/\/regiaonews.net.br\/2022\/#\/schema\/logo\/image\/"}},{"@type":"Person","@id":"https:\/\/regiaonews.net.br\/2022\/#\/schema\/person\/2d205a608a5aa97ac279d7a5e6d89ad8","name":"Roberto","image":{"@type":"ImageObject","inLanguage":"pt-BR","@id":"https:\/\/secure.gravatar.com\/avatar\/42749d8b712ff9d59ca93dc150494e5b55a44134482993f5baeb97e61b7ecc89?s=96&d=mm&r=g","url":"https:\/\/secure.gravatar.com\/avatar\/42749d8b712ff9d59ca93dc150494e5b55a44134482993f5baeb97e61b7ecc89?s=96&d=mm&r=g","contentUrl":"https:\/\/secure.gravatar.com\/avatar\/42749d8b712ff9d59ca93dc150494e5b55a44134482993f5baeb97e61b7ecc89?s=96&d=mm&r=g","caption":"Roberto"},"url":"https:\/\/regiaonews.net.br\/2022\/author\/roberto\/"}]}},"publishpress_future_action":{"enabled":false,"date":"2026-05-03 18:25:04","action":"change-status","newStatus":"draft","terms":[],"taxonomy":"category","extraData":[]},"publishpress_future_workflow_manual_trigger":{"enabledWorkflows":[]},"_links":{"self":[{"href":"https:\/\/regiaonews.net.br\/2022\/wp-json\/wp\/v2\/posts\/113580","targetHints":{"allow":["GET"]}}],"collection":[{"href":"https:\/\/regiaonews.net.br\/2022\/wp-json\/wp\/v2\/posts"}],"about":[{"href":"https:\/\/regiaonews.net.br\/2022\/wp-json\/wp\/v2\/types\/post"}],"author":[{"embeddable":true,"href":"https:\/\/regiaonews.net.br\/2022\/wp-json\/wp\/v2\/users\/2"}],"replies":[{"embeddable":true,"href":"https:\/\/regiaonews.net.br\/2022\/wp-json\/wp\/v2\/comments?post=113580"}],"version-history":[{"count":1,"href":"https:\/\/regiaonews.net.br\/2022\/wp-json\/wp\/v2\/posts\/113580\/revisions"}],"predecessor-version":[{"id":113582,"href":"https:\/\/regiaonews.net.br\/2022\/wp-json\/wp\/v2\/posts\/113580\/revisions\/113582"}],"wp:featuredmedia":[{"embeddable":true,"href":"https:\/\/regiaonews.net.br\/2022\/wp-json\/wp\/v2\/media\/113581"}],"wp:attachment":[{"href":"https:\/\/regiaonews.net.br\/2022\/wp-json\/wp\/v2\/media?parent=113580"}],"wp:term":[{"taxonomy":"category","embeddable":true,"href":"https:\/\/regiaonews.net.br\/2022\/wp-json\/wp\/v2\/categories?post=113580"},{"taxonomy":"post_tag","embeddable":true,"href":"https:\/\/regiaonews.net.br\/2022\/wp-json\/wp\/v2\/tags?post=113580"}],"curies":[{"name":"wp","href":"https:\/\/api.w.org\/{rel}","templated":true}]}}