{"id":113577,"date":"2025-01-07T18:52:47","date_gmt":"2025-01-07T21:52:47","guid":{"rendered":"https:\/\/regiaonews.net.br\/2022\/?p=113577"},"modified":"2025-01-07T18:52:47","modified_gmt":"2025-01-07T21:52:47","slug":"prefeito-vice-primeira-dama-e-secretarios-visitam-o-complexo-administrativo-dr-melek-zaiden-geraige","status":"publish","type":"post","link":"https:\/\/regiaonews.net.br\/2022\/2025\/01\/07\/prefeito-vice-primeira-dama-e-secretarios-visitam-o-complexo-administrativo-dr-melek-zaiden-geraige\/","title":{"rendered":"Prefeito, vice, primeira-dama e secret\u00e1rios visitam o Complexo Administrativo \u201cDr. M\u00e9lek Zaiden Geraige&#8221;"},"content":{"rendered":"<p>Espa\u00e7o, que j\u00e1 foi sede da Prefeitura de Barretos, hoje abriga diversas secretarias e servi\u00e7os para a popula\u00e7\u00e3o<\/p>\n<p>O prefeito da Est\u00e2ncia Tur\u00edstica de Barretos, Odair Silva, acompanhado da primeira-dama, Roselaine Guimar\u00e3es, do vice, Mussa Calil Neto, e de secret\u00e1rios municipais, visitou na manh\u00e3 desta ter\u00e7a-feira, 7 de janeiro, o Complexo Administrativo \u201cDr. M\u00e9lek Zaiden Geraige&#8221;.<br \/>\nNa oportunidade, o chefe do executivo conversou com servidores que trabalham no local e com mun\u00edcipes presentes. \u201cDisse em meu discurso de posse que os servidores p\u00fablicos desejam um prefeito que seja um l\u00edder, capaz de gerar seguran\u00e7a, motiva\u00e7\u00e3o, de avan\u00e7ar, mas que tamb\u00e9m os olhem com carinho e respeito e entenda a import\u00e2ncia de cada um deles em seus departamentos. Essa visita \u00e9 para demonstrar tudo isso\u201d, destacou.<br \/>\nO Complexo Administrativo, que no passado j\u00e1 foi sede do Pa\u00e7o Municipal, hoje abriga as Secretarias Municipais de Ind\u00fastria e Com\u00e9rcio, de Desenvolvimento Econ\u00f4mico &amp; Inova\u00e7\u00e3o, de Ordem P\u00fablica e Defesa Civil e de Habita\u00e7\u00e3o de Interesse Social, al\u00e9m de servi\u00e7os essenciais para a cidade como a ag\u00eancia da Companhia Ambiental do Estado de S\u00e3o Paulo (CETESB), o Servi\u00e7o Especializado em Engenharia de Seguran\u00e7a e em Medicina do Trabalho (SEESMT), o Conecta Barretos, a Coordenadoria da Pessoa com Defici\u00eancia, o Cadastro \u00danico e o Centro de Refer\u00eancia de Atendimento \u00e0 Mulher V\u00edtima de Viol\u00eancia (CRAM).<\/p>\n","protected":false},"excerpt":{"rendered":"<p>Espa\u00e7o, que j\u00e1 foi sede da Prefeitura de Barretos, hoje<\/p>\n","protected":false},"author":2,"featured_media":113578,"comment_status":"open","ping_status":"open","sticky":false,"template":"","format":"standard","meta":{"footnotes":""},"categories":[14],"tags":[],"class_list":["post-113577","post","type-post","status-publish","format-standard","has-post-thumbnail","hentry","category-barretos"],"yoast_head":"<!-- This site is optimized with the Yoast SEO plugin v27.4 - https:\/\/yoast.com\/product\/yoast-seo-wordpress\/ -->\n<title>Prefeito, vice, primeira-dama e secret\u00e1rios visitam o Complexo Administrativo \u201cDr. M\u00e9lek Zaiden Geraige&quot; - Regi\u00e3o News<\/title>\n<meta name=\"robots\" content=\"index, follow, max-snippet:-1, max-image-preview:large, max-video-preview:-1\" \/>\n<link rel=\"canonical\" href=\"https:\/\/regiaonews.net.br\/2022\/2025\/01\/07\/prefeito-vice-primeira-dama-e-secretarios-visitam-o-complexo-administrativo-dr-melek-zaiden-geraige\/\" \/>\n<meta property=\"og:locale\" content=\"pt_BR\" \/>\n<meta property=\"og:type\" content=\"article\" \/>\n<meta property=\"og:title\" content=\"Prefeito, vice, primeira-dama e secret\u00e1rios visitam o Complexo Administrativo \u201cDr. M\u00e9lek Zaiden Geraige&quot; - Regi\u00e3o News\" \/>\n<meta property=\"og:description\" content=\"Espa\u00e7o, que j\u00e1 foi sede da Prefeitura de Barretos, hoje\" \/>\n<meta property=\"og:url\" content=\"https:\/\/regiaonews.net.br\/2022\/2025\/01\/07\/prefeito-vice-primeira-dama-e-secretarios-visitam-o-complexo-administrativo-dr-melek-zaiden-geraige\/\" \/>\n<meta property=\"og:site_name\" content=\"Regi\u00e3o News\" \/>\n<meta property=\"article:published_time\" content=\"2025-01-07T21:52:47+00:00\" \/>\n<meta property=\"og:image\" content=\"https:\/\/regiaonews.net.br\/2022\/wp-content\/uploads\/2025\/01\/WhatsApp-Image-2025-01-07-at-17.56.11.jpeg\" \/>\n\t<meta property=\"og:image:width\" content=\"1600\" \/>\n\t<meta property=\"og:image:height\" content=\"1067\" \/>\n\t<meta property=\"og:image:type\" content=\"image\/jpeg\" \/>\n<meta name=\"author\" content=\"Roberto\" \/>\n<meta name=\"twitter:card\" content=\"summary_large_image\" \/>\n<meta name=\"twitter:label1\" content=\"Escrito por\" \/>\n\t<meta name=\"twitter:data1\" content=\"Roberto\" \/>\n\t<meta name=\"twitter:label2\" content=\"Est. tempo de leitura\" \/>\n\t<meta name=\"twitter:data2\" content=\"2 minutos\" \/>\n<script type=\"application\/ld+json\" class=\"yoast-schema-graph\">{\"@context\":\"https:\\\/\\\/schema.org\",\"@graph\":[{\"@type\":\"Article\",\"@id\":\"https:\\\/\\\/regiaonews.net.br\\\/2022\\\/2025\\\/01\\\/07\\\/prefeito-vice-primeira-dama-e-secretarios-visitam-o-complexo-administrativo-dr-melek-zaiden-geraige\\\/#article\",\"isPartOf\":{\"@id\":\"https:\\\/\\\/regiaonews.net.br\\\/2022\\\/2025\\\/01\\\/07\\\/prefeito-vice-primeira-dama-e-secretarios-visitam-o-complexo-administrativo-dr-melek-zaiden-geraige\\\/\"},\"author\":{\"name\":\"Roberto\",\"@id\":\"https:\\\/\\\/regiaonews.net.br\\\/2022\\\/#\\\/schema\\\/person\\\/2d205a608a5aa97ac279d7a5e6d89ad8\"},\"headline\":\"Prefeito, vice, primeira-dama e secret\u00e1rios visitam o Complexo Administrativo \u201cDr. M\u00e9lek Zaiden Geraige&#8221;\",\"datePublished\":\"2025-01-07T21:52:47+00:00\",\"mainEntityOfPage\":{\"@id\":\"https:\\\/\\\/regiaonews.net.br\\\/2022\\\/2025\\\/01\\\/07\\\/prefeito-vice-primeira-dama-e-secretarios-visitam-o-complexo-administrativo-dr-melek-zaiden-geraige\\\/\"},\"wordCount\":266,\"commentCount\":0,\"publisher\":{\"@id\":\"https:\\\/\\\/regiaonews.net.br\\\/2022\\\/#organization\"},\"image\":{\"@id\":\"https:\\\/\\\/regiaonews.net.br\\\/2022\\\/2025\\\/01\\\/07\\\/prefeito-vice-primeira-dama-e-secretarios-visitam-o-complexo-administrativo-dr-melek-zaiden-geraige\\\/#primaryimage\"},\"thumbnailUrl\":\"https:\\\/\\\/regiaonews.net.br\\\/2022\\\/wp-content\\\/uploads\\\/2025\\\/01\\\/WhatsApp-Image-2025-01-07-at-17.56.11.jpeg\",\"articleSection\":[\"Barretos\"],\"inLanguage\":\"pt-BR\",\"potentialAction\":[{\"@type\":\"CommentAction\",\"name\":\"Comment\",\"target\":[\"https:\\\/\\\/regiaonews.net.br\\\/2022\\\/2025\\\/01\\\/07\\\/prefeito-vice-primeira-dama-e-secretarios-visitam-o-complexo-administrativo-dr-melek-zaiden-geraige\\\/#respond\"]}]},{\"@type\":\"WebPage\",\"@id\":\"https:\\\/\\\/regiaonews.net.br\\\/2022\\\/2025\\\/01\\\/07\\\/prefeito-vice-primeira-dama-e-secretarios-visitam-o-complexo-administrativo-dr-melek-zaiden-geraige\\\/\",\"url\":\"https:\\\/\\\/regiaonews.net.br\\\/2022\\\/2025\\\/01\\\/07\\\/prefeito-vice-primeira-dama-e-secretarios-visitam-o-complexo-administrativo-dr-melek-zaiden-geraige\\\/\",\"name\":\"Prefeito, vice, primeira-dama e secret\u00e1rios visitam o Complexo Administrativo \u201cDr. M\u00e9lek Zaiden Geraige\\\" - Regi\u00e3o News\",\"isPartOf\":{\"@id\":\"https:\\\/\\\/regiaonews.net.br\\\/2022\\\/#website\"},\"primaryImageOfPage\":{\"@id\":\"https:\\\/\\\/regiaonews.net.br\\\/2022\\\/2025\\\/01\\\/07\\\/prefeito-vice-primeira-dama-e-secretarios-visitam-o-complexo-administrativo-dr-melek-zaiden-geraige\\\/#primaryimage\"},\"image\":{\"@id\":\"https:\\\/\\\/regiaonews.net.br\\\/2022\\\/2025\\\/01\\\/07\\\/prefeito-vice-primeira-dama-e-secretarios-visitam-o-complexo-administrativo-dr-melek-zaiden-geraige\\\/#primaryimage\"},\"thumbnailUrl\":\"https:\\\/\\\/regiaonews.net.br\\\/2022\\\/wp-content\\\/uploads\\\/2025\\\/01\\\/WhatsApp-Image-2025-01-07-at-17.56.11.jpeg\",\"datePublished\":\"2025-01-07T21:52:47+00:00\",\"breadcrumb\":{\"@id\":\"https:\\\/\\\/regiaonews.net.br\\\/2022\\\/2025\\\/01\\\/07\\\/prefeito-vice-primeira-dama-e-secretarios-visitam-o-complexo-administrativo-dr-melek-zaiden-geraige\\\/#breadcrumb\"},\"inLanguage\":\"pt-BR\",\"potentialAction\":[{\"@type\":\"ReadAction\",\"target\":[\"https:\\\/\\\/regiaonews.net.br\\\/2022\\\/2025\\\/01\\\/07\\\/prefeito-vice-primeira-dama-e-secretarios-visitam-o-complexo-administrativo-dr-melek-zaiden-geraige\\\/\"]}]},{\"@type\":\"ImageObject\",\"inLanguage\":\"pt-BR\",\"@id\":\"https:\\\/\\\/regiaonews.net.br\\\/2022\\\/2025\\\/01\\\/07\\\/prefeito-vice-primeira-dama-e-secretarios-visitam-o-complexo-administrativo-dr-melek-zaiden-geraige\\\/#primaryimage\",\"url\":\"https:\\\/\\\/regiaonews.net.br\\\/2022\\\/wp-content\\\/uploads\\\/2025\\\/01\\\/WhatsApp-Image-2025-01-07-at-17.56.11.jpeg\",\"contentUrl\":\"https:\\\/\\\/regiaonews.net.br\\\/2022\\\/wp-content\\\/uploads\\\/2025\\\/01\\\/WhatsApp-Image-2025-01-07-at-17.56.11.jpeg\",\"width\":1600,\"height\":1067},{\"@type\":\"BreadcrumbList\",\"@id\":\"https:\\\/\\\/regiaonews.net.br\\\/2022\\\/2025\\\/01\\\/07\\\/prefeito-vice-primeira-dama-e-secretarios-visitam-o-complexo-administrativo-dr-melek-zaiden-geraige\\\/#breadcrumb\",\"itemListElement\":[{\"@type\":\"ListItem\",\"position\":1,\"name\":\"In\u00edcio\",\"item\":\"https:\\\/\\\/regiaonews.net.br\\\/2022\\\/\"},{\"@type\":\"ListItem\",\"position\":2,\"name\":\"Prefeito, vice, primeira-dama e secret\u00e1rios visitam o Complexo Administrativo \u201cDr. M\u00e9lek Zaiden Geraige&#8221;\"}]},{\"@type\":\"WebSite\",\"@id\":\"https:\\\/\\\/regiaonews.net.br\\\/2022\\\/#website\",\"url\":\"https:\\\/\\\/regiaonews.net.br\\\/2022\\\/\",\"name\":\"Regi\u00e3o News\",\"description\":\"Site de Not\u00edcias de Barretos e regi\u00e3o\",\"publisher\":{\"@id\":\"https:\\\/\\\/regiaonews.net.br\\\/2022\\\/#organization\"},\"potentialAction\":[{\"@type\":\"SearchAction\",\"target\":{\"@type\":\"EntryPoint\",\"urlTemplate\":\"https:\\\/\\\/regiaonews.net.br\\\/2022\\\/?s={search_term_string}\"},\"query-input\":{\"@type\":\"PropertyValueSpecification\",\"valueRequired\":true,\"valueName\":\"search_term_string\"}}],\"inLanguage\":\"pt-BR\"},{\"@type\":\"Organization\",\"@id\":\"https:\\\/\\\/regiaonews.net.br\\\/2022\\\/#organization\",\"name\":\"Regi\u00e3o News\",\"url\":\"https:\\\/\\\/regiaonews.net.br\\\/2022\\\/\",\"logo\":{\"@type\":\"ImageObject\",\"inLanguage\":\"pt-BR\",\"@id\":\"https:\\\/\\\/regiaonews.net.br\\\/2022\\\/#\\\/schema\\\/logo\\\/image\\\/\",\"url\":\"https:\\\/\\\/regiaonews.net.br\\\/2022\\\/wp-content\\\/uploads\\\/2026\\\/03\\\/regiao-13-anos-scaled.jpg\",\"contentUrl\":\"https:\\\/\\\/regiaonews.net.br\\\/2022\\\/wp-content\\\/uploads\\\/2026\\\/03\\\/regiao-13-anos-scaled.jpg\",\"width\":2560,\"height\":635,\"caption\":\"Regi\u00e3o News\"},\"image\":{\"@id\":\"https:\\\/\\\/regiaonews.net.br\\\/2022\\\/#\\\/schema\\\/logo\\\/image\\\/\"}},{\"@type\":\"Person\",\"@id\":\"https:\\\/\\\/regiaonews.net.br\\\/2022\\\/#\\\/schema\\\/person\\\/2d205a608a5aa97ac279d7a5e6d89ad8\",\"name\":\"Roberto\",\"image\":{\"@type\":\"ImageObject\",\"inLanguage\":\"pt-BR\",\"@id\":\"https:\\\/\\\/secure.gravatar.com\\\/avatar\\\/42749d8b712ff9d59ca93dc150494e5b55a44134482993f5baeb97e61b7ecc89?s=96&d=mm&r=g\",\"url\":\"https:\\\/\\\/secure.gravatar.com\\\/avatar\\\/42749d8b712ff9d59ca93dc150494e5b55a44134482993f5baeb97e61b7ecc89?s=96&d=mm&r=g\",\"contentUrl\":\"https:\\\/\\\/secure.gravatar.com\\\/avatar\\\/42749d8b712ff9d59ca93dc150494e5b55a44134482993f5baeb97e61b7ecc89?s=96&d=mm&r=g\",\"caption\":\"Roberto\"},\"url\":\"https:\\\/\\\/regiaonews.net.br\\\/2022\\\/author\\\/roberto\\\/\"}]}<\/script>\n<!-- \/ Yoast SEO plugin. -->","yoast_head_json":{"title":"Prefeito, vice, primeira-dama e secret\u00e1rios visitam o Complexo Administrativo \u201cDr. M\u00e9lek Zaiden Geraige\" - Regi\u00e3o News","robots":{"index":"index","follow":"follow","max-snippet":"max-snippet:-1","max-image-preview":"max-image-preview:large","max-video-preview":"max-video-preview:-1"},"canonical":"https:\/\/regiaonews.net.br\/2022\/2025\/01\/07\/prefeito-vice-primeira-dama-e-secretarios-visitam-o-complexo-administrativo-dr-melek-zaiden-geraige\/","og_locale":"pt_BR","og_type":"article","og_title":"Prefeito, vice, primeira-dama e secret\u00e1rios visitam o Complexo Administrativo \u201cDr. M\u00e9lek Zaiden Geraige\" - Regi\u00e3o News","og_description":"Espa\u00e7o, que j\u00e1 foi sede da Prefeitura de Barretos, hoje","og_url":"https:\/\/regiaonews.net.br\/2022\/2025\/01\/07\/prefeito-vice-primeira-dama-e-secretarios-visitam-o-complexo-administrativo-dr-melek-zaiden-geraige\/","og_site_name":"Regi\u00e3o News","article_published_time":"2025-01-07T21:52:47+00:00","og_image":[{"width":1600,"height":1067,"url":"https:\/\/regiaonews.net.br\/2022\/wp-content\/uploads\/2025\/01\/WhatsApp-Image-2025-01-07-at-17.56.11.jpeg","type":"image\/jpeg"}],"author":"Roberto","twitter_card":"summary_large_image","twitter_misc":{"Escrito por":"Roberto","Est. tempo de leitura":"2 minutos"},"schema":{"@context":"https:\/\/schema.org","@graph":[{"@type":"Article","@id":"https:\/\/regiaonews.net.br\/2022\/2025\/01\/07\/prefeito-vice-primeira-dama-e-secretarios-visitam-o-complexo-administrativo-dr-melek-zaiden-geraige\/#article","isPartOf":{"@id":"https:\/\/regiaonews.net.br\/2022\/2025\/01\/07\/prefeito-vice-primeira-dama-e-secretarios-visitam-o-complexo-administrativo-dr-melek-zaiden-geraige\/"},"author":{"name":"Roberto","@id":"https:\/\/regiaonews.net.br\/2022\/#\/schema\/person\/2d205a608a5aa97ac279d7a5e6d89ad8"},"headline":"Prefeito, vice, primeira-dama e secret\u00e1rios visitam o Complexo Administrativo \u201cDr. M\u00e9lek Zaiden Geraige&#8221;","datePublished":"2025-01-07T21:52:47+00:00","mainEntityOfPage":{"@id":"https:\/\/regiaonews.net.br\/2022\/2025\/01\/07\/prefeito-vice-primeira-dama-e-secretarios-visitam-o-complexo-administrativo-dr-melek-zaiden-geraige\/"},"wordCount":266,"commentCount":0,"publisher":{"@id":"https:\/\/regiaonews.net.br\/2022\/#organization"},"image":{"@id":"https:\/\/regiaonews.net.br\/2022\/2025\/01\/07\/prefeito-vice-primeira-dama-e-secretarios-visitam-o-complexo-administrativo-dr-melek-zaiden-geraige\/#primaryimage"},"thumbnailUrl":"https:\/\/regiaonews.net.br\/2022\/wp-content\/uploads\/2025\/01\/WhatsApp-Image-2025-01-07-at-17.56.11.jpeg","articleSection":["Barretos"],"inLanguage":"pt-BR","potentialAction":[{"@type":"CommentAction","name":"Comment","target":["https:\/\/regiaonews.net.br\/2022\/2025\/01\/07\/prefeito-vice-primeira-dama-e-secretarios-visitam-o-complexo-administrativo-dr-melek-zaiden-geraige\/#respond"]}]},{"@type":"WebPage","@id":"https:\/\/regiaonews.net.br\/2022\/2025\/01\/07\/prefeito-vice-primeira-dama-e-secretarios-visitam-o-complexo-administrativo-dr-melek-zaiden-geraige\/","url":"https:\/\/regiaonews.net.br\/2022\/2025\/01\/07\/prefeito-vice-primeira-dama-e-secretarios-visitam-o-complexo-administrativo-dr-melek-zaiden-geraige\/","name":"Prefeito, vice, primeira-dama e secret\u00e1rios visitam o Complexo Administrativo \u201cDr. M\u00e9lek Zaiden Geraige\" - Regi\u00e3o News","isPartOf":{"@id":"https:\/\/regiaonews.net.br\/2022\/#website"},"primaryImageOfPage":{"@id":"https:\/\/regiaonews.net.br\/2022\/2025\/01\/07\/prefeito-vice-primeira-dama-e-secretarios-visitam-o-complexo-administrativo-dr-melek-zaiden-geraige\/#primaryimage"},"image":{"@id":"https:\/\/regiaonews.net.br\/2022\/2025\/01\/07\/prefeito-vice-primeira-dama-e-secretarios-visitam-o-complexo-administrativo-dr-melek-zaiden-geraige\/#primaryimage"},"thumbnailUrl":"https:\/\/regiaonews.net.br\/2022\/wp-content\/uploads\/2025\/01\/WhatsApp-Image-2025-01-07-at-17.56.11.jpeg","datePublished":"2025-01-07T21:52:47+00:00","breadcrumb":{"@id":"https:\/\/regiaonews.net.br\/2022\/2025\/01\/07\/prefeito-vice-primeira-dama-e-secretarios-visitam-o-complexo-administrativo-dr-melek-zaiden-geraige\/#breadcrumb"},"inLanguage":"pt-BR","potentialAction":[{"@type":"ReadAction","target":["https:\/\/regiaonews.net.br\/2022\/2025\/01\/07\/prefeito-vice-primeira-dama-e-secretarios-visitam-o-complexo-administrativo-dr-melek-zaiden-geraige\/"]}]},{"@type":"ImageObject","inLanguage":"pt-BR","@id":"https:\/\/regiaonews.net.br\/2022\/2025\/01\/07\/prefeito-vice-primeira-dama-e-secretarios-visitam-o-complexo-administrativo-dr-melek-zaiden-geraige\/#primaryimage","url":"https:\/\/regiaonews.net.br\/2022\/wp-content\/uploads\/2025\/01\/WhatsApp-Image-2025-01-07-at-17.56.11.jpeg","contentUrl":"https:\/\/regiaonews.net.br\/2022\/wp-content\/uploads\/2025\/01\/WhatsApp-Image-2025-01-07-at-17.56.11.jpeg","width":1600,"height":1067},{"@type":"BreadcrumbList","@id":"https:\/\/regiaonews.net.br\/2022\/2025\/01\/07\/prefeito-vice-primeira-dama-e-secretarios-visitam-o-complexo-administrativo-dr-melek-zaiden-geraige\/#breadcrumb","itemListElement":[{"@type":"ListItem","position":1,"name":"In\u00edcio","item":"https:\/\/regiaonews.net.br\/2022\/"},{"@type":"ListItem","position":2,"name":"Prefeito, vice, primeira-dama e secret\u00e1rios visitam o Complexo Administrativo \u201cDr. M\u00e9lek Zaiden Geraige&#8221;"}]},{"@type":"WebSite","@id":"https:\/\/regiaonews.net.br\/2022\/#website","url":"https:\/\/regiaonews.net.br\/2022\/","name":"Regi\u00e3o News","description":"Site de Not\u00edcias de Barretos e regi\u00e3o","publisher":{"@id":"https:\/\/regiaonews.net.br\/2022\/#organization"},"potentialAction":[{"@type":"SearchAction","target":{"@type":"EntryPoint","urlTemplate":"https:\/\/regiaonews.net.br\/2022\/?s={search_term_string}"},"query-input":{"@type":"PropertyValueSpecification","valueRequired":true,"valueName":"search_term_string"}}],"inLanguage":"pt-BR"},{"@type":"Organization","@id":"https:\/\/regiaonews.net.br\/2022\/#organization","name":"Regi\u00e3o News","url":"https:\/\/regiaonews.net.br\/2022\/","logo":{"@type":"ImageObject","inLanguage":"pt-BR","@id":"https:\/\/regiaonews.net.br\/2022\/#\/schema\/logo\/image\/","url":"https:\/\/regiaonews.net.br\/2022\/wp-content\/uploads\/2026\/03\/regiao-13-anos-scaled.jpg","contentUrl":"https:\/\/regiaonews.net.br\/2022\/wp-content\/uploads\/2026\/03\/regiao-13-anos-scaled.jpg","width":2560,"height":635,"caption":"Regi\u00e3o News"},"image":{"@id":"https:\/\/regiaonews.net.br\/2022\/#\/schema\/logo\/image\/"}},{"@type":"Person","@id":"https:\/\/regiaonews.net.br\/2022\/#\/schema\/person\/2d205a608a5aa97ac279d7a5e6d89ad8","name":"Roberto","image":{"@type":"ImageObject","inLanguage":"pt-BR","@id":"https:\/\/secure.gravatar.com\/avatar\/42749d8b712ff9d59ca93dc150494e5b55a44134482993f5baeb97e61b7ecc89?s=96&d=mm&r=g","url":"https:\/\/secure.gravatar.com\/avatar\/42749d8b712ff9d59ca93dc150494e5b55a44134482993f5baeb97e61b7ecc89?s=96&d=mm&r=g","contentUrl":"https:\/\/secure.gravatar.com\/avatar\/42749d8b712ff9d59ca93dc150494e5b55a44134482993f5baeb97e61b7ecc89?s=96&d=mm&r=g","caption":"Roberto"},"url":"https:\/\/regiaonews.net.br\/2022\/author\/roberto\/"}]}},"publishpress_future_action":{"enabled":false,"date":"2026-05-03 16:43:08","action":"change-status","newStatus":"draft","terms":[],"taxonomy":"category","extraData":[]},"publishpress_future_workflow_manual_trigger":{"enabledWorkflows":[]},"_links":{"self":[{"href":"https:\/\/regiaonews.net.br\/2022\/wp-json\/wp\/v2\/posts\/113577","targetHints":{"allow":["GET"]}}],"collection":[{"href":"https:\/\/regiaonews.net.br\/2022\/wp-json\/wp\/v2\/posts"}],"about":[{"href":"https:\/\/regiaonews.net.br\/2022\/wp-json\/wp\/v2\/types\/post"}],"author":[{"embeddable":true,"href":"https:\/\/regiaonews.net.br\/2022\/wp-json\/wp\/v2\/users\/2"}],"replies":[{"embeddable":true,"href":"https:\/\/regiaonews.net.br\/2022\/wp-json\/wp\/v2\/comments?post=113577"}],"version-history":[{"count":1,"href":"https:\/\/regiaonews.net.br\/2022\/wp-json\/wp\/v2\/posts\/113577\/revisions"}],"predecessor-version":[{"id":113579,"href":"https:\/\/regiaonews.net.br\/2022\/wp-json\/wp\/v2\/posts\/113577\/revisions\/113579"}],"wp:featuredmedia":[{"embeddable":true,"href":"https:\/\/regiaonews.net.br\/2022\/wp-json\/wp\/v2\/media\/113578"}],"wp:attachment":[{"href":"https:\/\/regiaonews.net.br\/2022\/wp-json\/wp\/v2\/media?parent=113577"}],"wp:term":[{"taxonomy":"category","embeddable":true,"href":"https:\/\/regiaonews.net.br\/2022\/wp-json\/wp\/v2\/categories?post=113577"},{"taxonomy":"post_tag","embeddable":true,"href":"https:\/\/regiaonews.net.br\/2022\/wp-json\/wp\/v2\/tags?post=113577"}],"curies":[{"name":"wp","href":"https:\/\/api.w.org\/{rel}","templated":true}]}}