{"id":113557,"date":"2025-01-06T17:12:20","date_gmt":"2025-01-06T20:12:20","guid":{"rendered":"https:\/\/regiaonews.net.br\/2022\/?p=113557"},"modified":"2025-01-06T17:12:20","modified_gmt":"2025-01-06T20:12:20","slug":"meio-ambiente-inicia-plantio-de-90-mudas-em-area-verde-no-city-barretos","status":"publish","type":"post","link":"https:\/\/regiaonews.net.br\/2022\/2025\/01\/06\/meio-ambiente-inicia-plantio-de-90-mudas-em-area-verde-no-city-barretos\/","title":{"rendered":"Meio Ambiente inicia plantio de 90 mudas em \u00e1rea verde no City Barretos"},"content":{"rendered":"<p>&nbsp;<\/p>\n<p>Equipes vinculadas \u00e0 pasta fizeram tamb\u00e9m poda de \u00e1rvores no pr\u00e9dio da Fatec e manuten\u00e7\u00e3o no Antigo Vocacional nesta segunda-feira, dia 6<\/p>\n<p>A Secretaria Municipal de Agricultura, Meio Ambiente e Sustentabilidade iniciou nesta segunda-feira, 6, o plantio de 90 mudas em \u00e1rea verde da Alameda Isl\u00e2ndia, no City Barretos. O local est\u00e1 recebendo esp\u00e9cies nativas e frut\u00edferas, entre elas ip\u00eas, jacarand\u00e1s, p\u00e9s de acerola e de amoras.<\/p>\n<p>Outra equipe realizou manuten\u00e7\u00f5es no pr\u00e9dio da Fatec, localizado na regi\u00e3o central. Foi feita a poda de \u00e1rvores e a retirada de um tronco, que estava dentro da unidade.<\/p>\n<p>Ainda nesta segunda-feira, 6, foi realizada ro\u00e7agem e limpeza no Antigo Vocacional, onde est\u00e1 localizada a Farm\u00e1cia de Alto Custo, entre outros servi\u00e7os da Secretaria Municipal de Sa\u00fade.<\/p>\n<p>Viveiro de Mudas<br \/>\nAs esp\u00e9cies plantadas na Alameda Isl\u00e2ndia s\u00e3o provenientes do Viveiro de Mudas do munic\u00edpio. Localizado na Fazenda Municipal, sede da Secretaria Municipal de Agricultura, Meio Ambiente e Sustentabilidade, o Viveiro abriga mudas produzidas na pr\u00f3pria Fazenda e esp\u00e9cies doadas pelas concession\u00e1rias, uma vez que a legisla\u00e7\u00e3o barretense determina que seja doada uma muda a cada carro zero km vendido no munic\u00edpio.<\/p>\n<p>Cada morador de Barretos pode retirar gratuitamente no Viveiro at\u00e9 duas mudas por ano. Interessados devem comparecer com documento pessoal e comprovante de endere\u00e7o na Secretaria, que fica na Estrada da Fazenda Burac\u00e3o s\/n., pr\u00f3xima ao Frigor\u00edfico Minerva. O atendimento \u00e9 de segunda a sexta-feira, das 7 \u00e0s 10h30 e das 12 \u00e0s 16h30. O morador que realiza o plantio de muda em frente de seu im\u00f3vel pode solicitar junto \u00e0 Prefeitura desconto no IPTU.<\/p>\n","protected":false},"excerpt":{"rendered":"<p>&nbsp; Equipes vinculadas \u00e0 pasta fizeram tamb\u00e9m poda de \u00e1rvores<\/p>\n","protected":false},"author":2,"featured_media":113558,"comment_status":"open","ping_status":"open","sticky":false,"template":"","format":"standard","meta":{"footnotes":""},"categories":[14,3],"tags":[],"class_list":["post-113557","post","type-post","status-publish","format-standard","has-post-thumbnail","hentry","category-barretos","category-geral"],"yoast_head":"<!-- This site is optimized with the Yoast SEO plugin v27.4 - https:\/\/yoast.com\/product\/yoast-seo-wordpress\/ -->\n<title>Meio Ambiente inicia plantio de 90 mudas em \u00e1rea verde no City Barretos - Regi\u00e3o News<\/title>\n<meta name=\"robots\" content=\"index, follow, max-snippet:-1, max-image-preview:large, max-video-preview:-1\" \/>\n<link rel=\"canonical\" href=\"https:\/\/regiaonews.net.br\/2022\/2025\/01\/06\/meio-ambiente-inicia-plantio-de-90-mudas-em-area-verde-no-city-barretos\/\" \/>\n<meta property=\"og:locale\" content=\"pt_BR\" \/>\n<meta property=\"og:type\" content=\"article\" \/>\n<meta property=\"og:title\" content=\"Meio Ambiente inicia plantio de 90 mudas em \u00e1rea verde no City Barretos - Regi\u00e3o News\" \/>\n<meta property=\"og:description\" content=\"&nbsp; Equipes vinculadas \u00e0 pasta fizeram tamb\u00e9m poda de \u00e1rvores\" \/>\n<meta property=\"og:url\" content=\"https:\/\/regiaonews.net.br\/2022\/2025\/01\/06\/meio-ambiente-inicia-plantio-de-90-mudas-em-area-verde-no-city-barretos\/\" \/>\n<meta property=\"og:site_name\" content=\"Regi\u00e3o News\" \/>\n<meta property=\"article:published_time\" content=\"2025-01-06T20:12:20+00:00\" \/>\n<meta property=\"og:image\" content=\"https:\/\/regiaonews.net.br\/2022\/wp-content\/uploads\/2025\/01\/WhatsApp-Image-2025-01-06-at-17.02.16-1.jpeg\" \/>\n\t<meta property=\"og:image:width\" content=\"720\" \/>\n\t<meta property=\"og:image:height\" content=\"720\" \/>\n\t<meta property=\"og:image:type\" content=\"image\/jpeg\" \/>\n<meta name=\"author\" content=\"Roberto\" \/>\n<meta name=\"twitter:card\" content=\"summary_large_image\" \/>\n<meta name=\"twitter:label1\" content=\"Escrito por\" \/>\n\t<meta name=\"twitter:data1\" content=\"Roberto\" \/>\n\t<meta name=\"twitter:label2\" content=\"Est. tempo de leitura\" \/>\n\t<meta name=\"twitter:data2\" content=\"2 minutos\" \/>\n<script type=\"application\/ld+json\" class=\"yoast-schema-graph\">{\"@context\":\"https:\\\/\\\/schema.org\",\"@graph\":[{\"@type\":\"Article\",\"@id\":\"https:\\\/\\\/regiaonews.net.br\\\/2022\\\/2025\\\/01\\\/06\\\/meio-ambiente-inicia-plantio-de-90-mudas-em-area-verde-no-city-barretos\\\/#article\",\"isPartOf\":{\"@id\":\"https:\\\/\\\/regiaonews.net.br\\\/2022\\\/2025\\\/01\\\/06\\\/meio-ambiente-inicia-plantio-de-90-mudas-em-area-verde-no-city-barretos\\\/\"},\"author\":{\"name\":\"Roberto\",\"@id\":\"https:\\\/\\\/regiaonews.net.br\\\/2022\\\/#\\\/schema\\\/person\\\/2d205a608a5aa97ac279d7a5e6d89ad8\"},\"headline\":\"Meio Ambiente inicia plantio de 90 mudas em \u00e1rea verde no City Barretos\",\"datePublished\":\"2025-01-06T20:12:20+00:00\",\"mainEntityOfPage\":{\"@id\":\"https:\\\/\\\/regiaonews.net.br\\\/2022\\\/2025\\\/01\\\/06\\\/meio-ambiente-inicia-plantio-de-90-mudas-em-area-verde-no-city-barretos\\\/\"},\"wordCount\":298,\"commentCount\":0,\"publisher\":{\"@id\":\"https:\\\/\\\/regiaonews.net.br\\\/2022\\\/#organization\"},\"image\":{\"@id\":\"https:\\\/\\\/regiaonews.net.br\\\/2022\\\/2025\\\/01\\\/06\\\/meio-ambiente-inicia-plantio-de-90-mudas-em-area-verde-no-city-barretos\\\/#primaryimage\"},\"thumbnailUrl\":\"https:\\\/\\\/regiaonews.net.br\\\/2022\\\/wp-content\\\/uploads\\\/2025\\\/01\\\/WhatsApp-Image-2025-01-06-at-17.02.16-1.jpeg\",\"articleSection\":[\"Barretos\",\"Geral\"],\"inLanguage\":\"pt-BR\",\"potentialAction\":[{\"@type\":\"CommentAction\",\"name\":\"Comment\",\"target\":[\"https:\\\/\\\/regiaonews.net.br\\\/2022\\\/2025\\\/01\\\/06\\\/meio-ambiente-inicia-plantio-de-90-mudas-em-area-verde-no-city-barretos\\\/#respond\"]}]},{\"@type\":\"WebPage\",\"@id\":\"https:\\\/\\\/regiaonews.net.br\\\/2022\\\/2025\\\/01\\\/06\\\/meio-ambiente-inicia-plantio-de-90-mudas-em-area-verde-no-city-barretos\\\/\",\"url\":\"https:\\\/\\\/regiaonews.net.br\\\/2022\\\/2025\\\/01\\\/06\\\/meio-ambiente-inicia-plantio-de-90-mudas-em-area-verde-no-city-barretos\\\/\",\"name\":\"Meio Ambiente inicia plantio de 90 mudas em \u00e1rea verde no City Barretos - Regi\u00e3o News\",\"isPartOf\":{\"@id\":\"https:\\\/\\\/regiaonews.net.br\\\/2022\\\/#website\"},\"primaryImageOfPage\":{\"@id\":\"https:\\\/\\\/regiaonews.net.br\\\/2022\\\/2025\\\/01\\\/06\\\/meio-ambiente-inicia-plantio-de-90-mudas-em-area-verde-no-city-barretos\\\/#primaryimage\"},\"image\":{\"@id\":\"https:\\\/\\\/regiaonews.net.br\\\/2022\\\/2025\\\/01\\\/06\\\/meio-ambiente-inicia-plantio-de-90-mudas-em-area-verde-no-city-barretos\\\/#primaryimage\"},\"thumbnailUrl\":\"https:\\\/\\\/regiaonews.net.br\\\/2022\\\/wp-content\\\/uploads\\\/2025\\\/01\\\/WhatsApp-Image-2025-01-06-at-17.02.16-1.jpeg\",\"datePublished\":\"2025-01-06T20:12:20+00:00\",\"breadcrumb\":{\"@id\":\"https:\\\/\\\/regiaonews.net.br\\\/2022\\\/2025\\\/01\\\/06\\\/meio-ambiente-inicia-plantio-de-90-mudas-em-area-verde-no-city-barretos\\\/#breadcrumb\"},\"inLanguage\":\"pt-BR\",\"potentialAction\":[{\"@type\":\"ReadAction\",\"target\":[\"https:\\\/\\\/regiaonews.net.br\\\/2022\\\/2025\\\/01\\\/06\\\/meio-ambiente-inicia-plantio-de-90-mudas-em-area-verde-no-city-barretos\\\/\"]}]},{\"@type\":\"ImageObject\",\"inLanguage\":\"pt-BR\",\"@id\":\"https:\\\/\\\/regiaonews.net.br\\\/2022\\\/2025\\\/01\\\/06\\\/meio-ambiente-inicia-plantio-de-90-mudas-em-area-verde-no-city-barretos\\\/#primaryimage\",\"url\":\"https:\\\/\\\/regiaonews.net.br\\\/2022\\\/wp-content\\\/uploads\\\/2025\\\/01\\\/WhatsApp-Image-2025-01-06-at-17.02.16-1.jpeg\",\"contentUrl\":\"https:\\\/\\\/regiaonews.net.br\\\/2022\\\/wp-content\\\/uploads\\\/2025\\\/01\\\/WhatsApp-Image-2025-01-06-at-17.02.16-1.jpeg\",\"width\":720,\"height\":720},{\"@type\":\"BreadcrumbList\",\"@id\":\"https:\\\/\\\/regiaonews.net.br\\\/2022\\\/2025\\\/01\\\/06\\\/meio-ambiente-inicia-plantio-de-90-mudas-em-area-verde-no-city-barretos\\\/#breadcrumb\",\"itemListElement\":[{\"@type\":\"ListItem\",\"position\":1,\"name\":\"In\u00edcio\",\"item\":\"https:\\\/\\\/regiaonews.net.br\\\/2022\\\/\"},{\"@type\":\"ListItem\",\"position\":2,\"name\":\"Meio Ambiente inicia plantio de 90 mudas em \u00e1rea verde no City Barretos\"}]},{\"@type\":\"WebSite\",\"@id\":\"https:\\\/\\\/regiaonews.net.br\\\/2022\\\/#website\",\"url\":\"https:\\\/\\\/regiaonews.net.br\\\/2022\\\/\",\"name\":\"Regi\u00e3o News\",\"description\":\"Site de Not\u00edcias de Barretos e regi\u00e3o\",\"publisher\":{\"@id\":\"https:\\\/\\\/regiaonews.net.br\\\/2022\\\/#organization\"},\"potentialAction\":[{\"@type\":\"SearchAction\",\"target\":{\"@type\":\"EntryPoint\",\"urlTemplate\":\"https:\\\/\\\/regiaonews.net.br\\\/2022\\\/?s={search_term_string}\"},\"query-input\":{\"@type\":\"PropertyValueSpecification\",\"valueRequired\":true,\"valueName\":\"search_term_string\"}}],\"inLanguage\":\"pt-BR\"},{\"@type\":\"Organization\",\"@id\":\"https:\\\/\\\/regiaonews.net.br\\\/2022\\\/#organization\",\"name\":\"Regi\u00e3o News\",\"url\":\"https:\\\/\\\/regiaonews.net.br\\\/2022\\\/\",\"logo\":{\"@type\":\"ImageObject\",\"inLanguage\":\"pt-BR\",\"@id\":\"https:\\\/\\\/regiaonews.net.br\\\/2022\\\/#\\\/schema\\\/logo\\\/image\\\/\",\"url\":\"https:\\\/\\\/regiaonews.net.br\\\/2022\\\/wp-content\\\/uploads\\\/2026\\\/03\\\/regiao-13-anos-scaled.jpg\",\"contentUrl\":\"https:\\\/\\\/regiaonews.net.br\\\/2022\\\/wp-content\\\/uploads\\\/2026\\\/03\\\/regiao-13-anos-scaled.jpg\",\"width\":2560,\"height\":635,\"caption\":\"Regi\u00e3o News\"},\"image\":{\"@id\":\"https:\\\/\\\/regiaonews.net.br\\\/2022\\\/#\\\/schema\\\/logo\\\/image\\\/\"}},{\"@type\":\"Person\",\"@id\":\"https:\\\/\\\/regiaonews.net.br\\\/2022\\\/#\\\/schema\\\/person\\\/2d205a608a5aa97ac279d7a5e6d89ad8\",\"name\":\"Roberto\",\"image\":{\"@type\":\"ImageObject\",\"inLanguage\":\"pt-BR\",\"@id\":\"https:\\\/\\\/secure.gravatar.com\\\/avatar\\\/42749d8b712ff9d59ca93dc150494e5b55a44134482993f5baeb97e61b7ecc89?s=96&d=mm&r=g\",\"url\":\"https:\\\/\\\/secure.gravatar.com\\\/avatar\\\/42749d8b712ff9d59ca93dc150494e5b55a44134482993f5baeb97e61b7ecc89?s=96&d=mm&r=g\",\"contentUrl\":\"https:\\\/\\\/secure.gravatar.com\\\/avatar\\\/42749d8b712ff9d59ca93dc150494e5b55a44134482993f5baeb97e61b7ecc89?s=96&d=mm&r=g\",\"caption\":\"Roberto\"},\"url\":\"https:\\\/\\\/regiaonews.net.br\\\/2022\\\/author\\\/roberto\\\/\"}]}<\/script>\n<!-- \/ Yoast SEO plugin. -->","yoast_head_json":{"title":"Meio Ambiente inicia plantio de 90 mudas em \u00e1rea verde no City Barretos - Regi\u00e3o News","robots":{"index":"index","follow":"follow","max-snippet":"max-snippet:-1","max-image-preview":"max-image-preview:large","max-video-preview":"max-video-preview:-1"},"canonical":"https:\/\/regiaonews.net.br\/2022\/2025\/01\/06\/meio-ambiente-inicia-plantio-de-90-mudas-em-area-verde-no-city-barretos\/","og_locale":"pt_BR","og_type":"article","og_title":"Meio Ambiente inicia plantio de 90 mudas em \u00e1rea verde no City Barretos - Regi\u00e3o News","og_description":"&nbsp; Equipes vinculadas \u00e0 pasta fizeram tamb\u00e9m poda de \u00e1rvores","og_url":"https:\/\/regiaonews.net.br\/2022\/2025\/01\/06\/meio-ambiente-inicia-plantio-de-90-mudas-em-area-verde-no-city-barretos\/","og_site_name":"Regi\u00e3o News","article_published_time":"2025-01-06T20:12:20+00:00","og_image":[{"width":720,"height":720,"url":"https:\/\/regiaonews.net.br\/2022\/wp-content\/uploads\/2025\/01\/WhatsApp-Image-2025-01-06-at-17.02.16-1.jpeg","type":"image\/jpeg"}],"author":"Roberto","twitter_card":"summary_large_image","twitter_misc":{"Escrito por":"Roberto","Est. tempo de leitura":"2 minutos"},"schema":{"@context":"https:\/\/schema.org","@graph":[{"@type":"Article","@id":"https:\/\/regiaonews.net.br\/2022\/2025\/01\/06\/meio-ambiente-inicia-plantio-de-90-mudas-em-area-verde-no-city-barretos\/#article","isPartOf":{"@id":"https:\/\/regiaonews.net.br\/2022\/2025\/01\/06\/meio-ambiente-inicia-plantio-de-90-mudas-em-area-verde-no-city-barretos\/"},"author":{"name":"Roberto","@id":"https:\/\/regiaonews.net.br\/2022\/#\/schema\/person\/2d205a608a5aa97ac279d7a5e6d89ad8"},"headline":"Meio Ambiente inicia plantio de 90 mudas em \u00e1rea verde no City Barretos","datePublished":"2025-01-06T20:12:20+00:00","mainEntityOfPage":{"@id":"https:\/\/regiaonews.net.br\/2022\/2025\/01\/06\/meio-ambiente-inicia-plantio-de-90-mudas-em-area-verde-no-city-barretos\/"},"wordCount":298,"commentCount":0,"publisher":{"@id":"https:\/\/regiaonews.net.br\/2022\/#organization"},"image":{"@id":"https:\/\/regiaonews.net.br\/2022\/2025\/01\/06\/meio-ambiente-inicia-plantio-de-90-mudas-em-area-verde-no-city-barretos\/#primaryimage"},"thumbnailUrl":"https:\/\/regiaonews.net.br\/2022\/wp-content\/uploads\/2025\/01\/WhatsApp-Image-2025-01-06-at-17.02.16-1.jpeg","articleSection":["Barretos","Geral"],"inLanguage":"pt-BR","potentialAction":[{"@type":"CommentAction","name":"Comment","target":["https:\/\/regiaonews.net.br\/2022\/2025\/01\/06\/meio-ambiente-inicia-plantio-de-90-mudas-em-area-verde-no-city-barretos\/#respond"]}]},{"@type":"WebPage","@id":"https:\/\/regiaonews.net.br\/2022\/2025\/01\/06\/meio-ambiente-inicia-plantio-de-90-mudas-em-area-verde-no-city-barretos\/","url":"https:\/\/regiaonews.net.br\/2022\/2025\/01\/06\/meio-ambiente-inicia-plantio-de-90-mudas-em-area-verde-no-city-barretos\/","name":"Meio Ambiente inicia plantio de 90 mudas em \u00e1rea verde no City Barretos - Regi\u00e3o News","isPartOf":{"@id":"https:\/\/regiaonews.net.br\/2022\/#website"},"primaryImageOfPage":{"@id":"https:\/\/regiaonews.net.br\/2022\/2025\/01\/06\/meio-ambiente-inicia-plantio-de-90-mudas-em-area-verde-no-city-barretos\/#primaryimage"},"image":{"@id":"https:\/\/regiaonews.net.br\/2022\/2025\/01\/06\/meio-ambiente-inicia-plantio-de-90-mudas-em-area-verde-no-city-barretos\/#primaryimage"},"thumbnailUrl":"https:\/\/regiaonews.net.br\/2022\/wp-content\/uploads\/2025\/01\/WhatsApp-Image-2025-01-06-at-17.02.16-1.jpeg","datePublished":"2025-01-06T20:12:20+00:00","breadcrumb":{"@id":"https:\/\/regiaonews.net.br\/2022\/2025\/01\/06\/meio-ambiente-inicia-plantio-de-90-mudas-em-area-verde-no-city-barretos\/#breadcrumb"},"inLanguage":"pt-BR","potentialAction":[{"@type":"ReadAction","target":["https:\/\/regiaonews.net.br\/2022\/2025\/01\/06\/meio-ambiente-inicia-plantio-de-90-mudas-em-area-verde-no-city-barretos\/"]}]},{"@type":"ImageObject","inLanguage":"pt-BR","@id":"https:\/\/regiaonews.net.br\/2022\/2025\/01\/06\/meio-ambiente-inicia-plantio-de-90-mudas-em-area-verde-no-city-barretos\/#primaryimage","url":"https:\/\/regiaonews.net.br\/2022\/wp-content\/uploads\/2025\/01\/WhatsApp-Image-2025-01-06-at-17.02.16-1.jpeg","contentUrl":"https:\/\/regiaonews.net.br\/2022\/wp-content\/uploads\/2025\/01\/WhatsApp-Image-2025-01-06-at-17.02.16-1.jpeg","width":720,"height":720},{"@type":"BreadcrumbList","@id":"https:\/\/regiaonews.net.br\/2022\/2025\/01\/06\/meio-ambiente-inicia-plantio-de-90-mudas-em-area-verde-no-city-barretos\/#breadcrumb","itemListElement":[{"@type":"ListItem","position":1,"name":"In\u00edcio","item":"https:\/\/regiaonews.net.br\/2022\/"},{"@type":"ListItem","position":2,"name":"Meio Ambiente inicia plantio de 90 mudas em \u00e1rea verde no City Barretos"}]},{"@type":"WebSite","@id":"https:\/\/regiaonews.net.br\/2022\/#website","url":"https:\/\/regiaonews.net.br\/2022\/","name":"Regi\u00e3o News","description":"Site de Not\u00edcias de Barretos e regi\u00e3o","publisher":{"@id":"https:\/\/regiaonews.net.br\/2022\/#organization"},"potentialAction":[{"@type":"SearchAction","target":{"@type":"EntryPoint","urlTemplate":"https:\/\/regiaonews.net.br\/2022\/?s={search_term_string}"},"query-input":{"@type":"PropertyValueSpecification","valueRequired":true,"valueName":"search_term_string"}}],"inLanguage":"pt-BR"},{"@type":"Organization","@id":"https:\/\/regiaonews.net.br\/2022\/#organization","name":"Regi\u00e3o News","url":"https:\/\/regiaonews.net.br\/2022\/","logo":{"@type":"ImageObject","inLanguage":"pt-BR","@id":"https:\/\/regiaonews.net.br\/2022\/#\/schema\/logo\/image\/","url":"https:\/\/regiaonews.net.br\/2022\/wp-content\/uploads\/2026\/03\/regiao-13-anos-scaled.jpg","contentUrl":"https:\/\/regiaonews.net.br\/2022\/wp-content\/uploads\/2026\/03\/regiao-13-anos-scaled.jpg","width":2560,"height":635,"caption":"Regi\u00e3o News"},"image":{"@id":"https:\/\/regiaonews.net.br\/2022\/#\/schema\/logo\/image\/"}},{"@type":"Person","@id":"https:\/\/regiaonews.net.br\/2022\/#\/schema\/person\/2d205a608a5aa97ac279d7a5e6d89ad8","name":"Roberto","image":{"@type":"ImageObject","inLanguage":"pt-BR","@id":"https:\/\/secure.gravatar.com\/avatar\/42749d8b712ff9d59ca93dc150494e5b55a44134482993f5baeb97e61b7ecc89?s=96&d=mm&r=g","url":"https:\/\/secure.gravatar.com\/avatar\/42749d8b712ff9d59ca93dc150494e5b55a44134482993f5baeb97e61b7ecc89?s=96&d=mm&r=g","contentUrl":"https:\/\/secure.gravatar.com\/avatar\/42749d8b712ff9d59ca93dc150494e5b55a44134482993f5baeb97e61b7ecc89?s=96&d=mm&r=g","caption":"Roberto"},"url":"https:\/\/regiaonews.net.br\/2022\/author\/roberto\/"}]}},"publishpress_future_action":{"enabled":false,"date":"2026-05-03 07:00:25","action":"change-status","newStatus":"draft","terms":[],"taxonomy":"category","extraData":[]},"publishpress_future_workflow_manual_trigger":{"enabledWorkflows":[]},"_links":{"self":[{"href":"https:\/\/regiaonews.net.br\/2022\/wp-json\/wp\/v2\/posts\/113557","targetHints":{"allow":["GET"]}}],"collection":[{"href":"https:\/\/regiaonews.net.br\/2022\/wp-json\/wp\/v2\/posts"}],"about":[{"href":"https:\/\/regiaonews.net.br\/2022\/wp-json\/wp\/v2\/types\/post"}],"author":[{"embeddable":true,"href":"https:\/\/regiaonews.net.br\/2022\/wp-json\/wp\/v2\/users\/2"}],"replies":[{"embeddable":true,"href":"https:\/\/regiaonews.net.br\/2022\/wp-json\/wp\/v2\/comments?post=113557"}],"version-history":[{"count":1,"href":"https:\/\/regiaonews.net.br\/2022\/wp-json\/wp\/v2\/posts\/113557\/revisions"}],"predecessor-version":[{"id":113559,"href":"https:\/\/regiaonews.net.br\/2022\/wp-json\/wp\/v2\/posts\/113557\/revisions\/113559"}],"wp:featuredmedia":[{"embeddable":true,"href":"https:\/\/regiaonews.net.br\/2022\/wp-json\/wp\/v2\/media\/113558"}],"wp:attachment":[{"href":"https:\/\/regiaonews.net.br\/2022\/wp-json\/wp\/v2\/media?parent=113557"}],"wp:term":[{"taxonomy":"category","embeddable":true,"href":"https:\/\/regiaonews.net.br\/2022\/wp-json\/wp\/v2\/categories?post=113557"},{"taxonomy":"post_tag","embeddable":true,"href":"https:\/\/regiaonews.net.br\/2022\/wp-json\/wp\/v2\/tags?post=113557"}],"curies":[{"name":"wp","href":"https:\/\/api.w.org\/{rel}","templated":true}]}}