{"id":113363,"date":"2024-12-28T17:39:29","date_gmt":"2024-12-28T20:39:29","guid":{"rendered":"https:\/\/regiaonews.net.br\/2022\/?p=113363"},"modified":"2024-12-28T17:39:29","modified_gmt":"2024-12-28T20:39:29","slug":"prefeita-paula-lemos-entrega-ampliacao-da-area-coberta-no-cras-iii","status":"publish","type":"post","link":"https:\/\/regiaonews.net.br\/2022\/2024\/12\/28\/prefeita-paula-lemos-entrega-ampliacao-da-area-coberta-no-cras-iii\/","title":{"rendered":"Prefeita Paula Lemos entrega amplia\u00e7\u00e3o da \u00e1rea coberta no CRAS III"},"content":{"rendered":"<p>&nbsp;<\/p>\n<p>A prefeita Paula Lemos entregou a extens\u00e3o da cobertura na \u00e1rea externa do CRAS III, no Zequinha Am\u00eandola, nesta sexta-feira, dia 27. Na mesma solenidade, o CRAS III recebeu a denomina\u00e7\u00e3o \u201cOlivia Maria Paganini\u201d.<\/p>\n<p>Paula celebrou as conquistas obtidas na Assist\u00eancia Social ao longo de sua gest\u00e3o, refor\u00e7ou o agradecimento \u00e0 secretaria Vit\u00f3ria Saretta e ao vereador presente, Raphael Silv\u00e9rio, autor do projeto de denomina\u00e7\u00e3o da unidade. \u201cTer como nome deste local uma professora que marcou a vida das pessoas \u00e9 muito gratificante. E vir aqui hoje ao Barretos II, ver ali o Centro de Esporte e Lazer Racibe Rezek funcionando perfeitamente e todo o bairro com asfalto novo, \u00e9 como se a gente olhasse os quatro anos e conclu\u00edsse: combati o bom combate, guardei a f\u00e9, e contribu\u00edmos para a melhoria da vida das pessoas. Que Deus aben\u00e7oe muito esse espa\u00e7o e que a gente tenha um ano novo repleto de b\u00ean\u00e7\u00e3os e felicidades\u201d, ressaltou a prefeita.<\/p>\n<p>A secret\u00e1ria Vit\u00f3ria Saretta tamb\u00e9m expressou agradecimentos \u00e0 prefeita, ao vereador e \u00e0 equipe do CRAS III. \u201c\u00c9 gratificante encerrarmos a gest\u00e3o com a entrega da extens\u00e3o dessa cobertura, t\u00e3o importante para a popula\u00e7\u00e3o que usufrui desse espa\u00e7o. A mulher tem um diferencial, olha para todos os lados, dire\u00e7\u00f5es e foi assim que a Paula atuou ao longo desses quatro anos, gra\u00e7as ao empenho dessa mulher hoje Barretos \u00e9 uma Est\u00e2ncia Tur\u00edstica e teve tantas conquistas nesses quatro anos\u201d, afirmou.<\/p>\n<p>Autor do projeto de denomina\u00e7\u00e3o da unidade, o vereador Silv\u00e9rio expressou \u00e0 fam\u00edlia de Ol\u00edvia a alegria em poder homenage\u00e1-la e parabenizou Paula pela sua atua\u00e7\u00e3o \u00e0 frente do Executivo. \u201cTenho certeza que voc\u00ea teve muito mais feitos do que falhas. Sei o quanto voc\u00ea se dedicou a esta cidade\u201d, destacou. O parlamentar agradeceu tamb\u00e9m \u00e0 secret\u00e1ria Vit\u00f3ria pelo trabalho frente \u00e0 pasta nesses quatro anos.<\/p>\n<p>Familiares de Olivia estiveram presentes na solenidade, destacando a trajet\u00f3ria da professora de Matem\u00e1tica, que atuou por quase 30 anos na rede p\u00fablica e no SESI, esbanjando bom humor e cativando seus alunos.<\/p>\n<p>Participantes do Grupo de Fortalecimento de V\u00ednculos destinado a pessoas a partir de 60 anos compareceram no evento, comemorando a nova \u00e1rea coberta. Foi o caso da aposentada M\u00e1rcia Maria da Costa, que agradeceu a prefeita Paula pela dedica\u00e7\u00e3o e parabenizou os integrantes da equipe do CRAS III por serem t\u00e3o empenhados. \u201cCom essa cobertura, vai ficar mais fresco para a gente. \u00c9 um espa\u00e7o mais amplo, mais aconchegante. Ficou muito bom, permitindo-nos desenvolver mais atividades\u201d, ressaltou M\u00e1rcia.<\/p>\n<p><a href=\"https:\/\/regiaonews.net.br\/2022\/wp-content\/uploads\/2024\/12\/IMG-20241228-WA0245-1.jpg\"><img loading=\"lazy\" decoding=\"async\" class=\"alignnone size-medium wp-image-113365\" src=\"https:\/\/regiaonews.net.br\/2022\/wp-content\/uploads\/2024\/12\/IMG-20241228-WA0245-1-300x206.jpg\" alt=\"\" width=\"300\" height=\"206\" srcset=\"https:\/\/regiaonews.net.br\/2022\/wp-content\/uploads\/2024\/12\/IMG-20241228-WA0245-1-300x206.jpg 300w, https:\/\/regiaonews.net.br\/2022\/wp-content\/uploads\/2024\/12\/IMG-20241228-WA0245-1-1024x703.jpg 1024w, https:\/\/regiaonews.net.br\/2022\/wp-content\/uploads\/2024\/12\/IMG-20241228-WA0245-1-768x527.jpg 768w, https:\/\/regiaonews.net.br\/2022\/wp-content\/uploads\/2024\/12\/IMG-20241228-WA0245-1-1536x1054.jpg 1536w, https:\/\/regiaonews.net.br\/2022\/wp-content\/uploads\/2024\/12\/IMG-20241228-WA0245-1-250x172.jpg 250w, https:\/\/regiaonews.net.br\/2022\/wp-content\/uploads\/2024\/12\/IMG-20241228-WA0245-1.jpg 1600w\" sizes=\"auto, (max-width: 300px) 100vw, 300px\" \/><\/a><\/p>\n","protected":false},"excerpt":{"rendered":"<p>&nbsp; A prefeita Paula Lemos entregou a extens\u00e3o da cobertura<\/p>\n","protected":false},"author":2,"featured_media":113366,"comment_status":"open","ping_status":"open","sticky":false,"template":"","format":"standard","meta":{"footnotes":""},"categories":[14,25],"tags":[],"class_list":["post-113363","post","type-post","status-publish","format-standard","has-post-thumbnail","hentry","category-barretos","category-cidades"],"yoast_head":"<!-- This site is optimized with the Yoast SEO plugin v27.4 - https:\/\/yoast.com\/product\/yoast-seo-wordpress\/ -->\n<title>Prefeita Paula Lemos entrega amplia\u00e7\u00e3o da \u00e1rea coberta no CRAS III - Regi\u00e3o News<\/title>\n<meta name=\"robots\" content=\"index, follow, max-snippet:-1, max-image-preview:large, max-video-preview:-1\" \/>\n<link rel=\"canonical\" href=\"https:\/\/regiaonews.net.br\/2022\/2024\/12\/28\/prefeita-paula-lemos-entrega-ampliacao-da-area-coberta-no-cras-iii\/\" \/>\n<meta property=\"og:locale\" content=\"pt_BR\" \/>\n<meta property=\"og:type\" content=\"article\" \/>\n<meta property=\"og:title\" content=\"Prefeita Paula Lemos entrega amplia\u00e7\u00e3o da \u00e1rea coberta no CRAS III - Regi\u00e3o News\" \/>\n<meta property=\"og:description\" content=\"&nbsp; A prefeita Paula Lemos entregou a extens\u00e3o da cobertura\" \/>\n<meta property=\"og:url\" content=\"https:\/\/regiaonews.net.br\/2022\/2024\/12\/28\/prefeita-paula-lemos-entrega-ampliacao-da-area-coberta-no-cras-iii\/\" \/>\n<meta property=\"og:site_name\" content=\"Regi\u00e3o News\" \/>\n<meta property=\"article:published_time\" content=\"2024-12-28T20:39:29+00:00\" \/>\n<meta property=\"og:image\" content=\"https:\/\/regiaonews.net.br\/2022\/wp-content\/uploads\/2024\/12\/IMG-20241228-WA02431.jpg\" \/>\n\t<meta property=\"og:image:width\" content=\"1600\" \/>\n\t<meta property=\"og:image:height\" content=\"1069\" \/>\n\t<meta property=\"og:image:type\" content=\"image\/jpeg\" \/>\n<meta name=\"author\" content=\"Roberto\" \/>\n<meta name=\"twitter:card\" content=\"summary_large_image\" \/>\n<meta name=\"twitter:label1\" content=\"Escrito por\" \/>\n\t<meta name=\"twitter:data1\" content=\"Roberto\" \/>\n\t<meta name=\"twitter:label2\" content=\"Est. tempo de leitura\" \/>\n\t<meta name=\"twitter:data2\" content=\"3 minutos\" \/>\n<script type=\"application\/ld+json\" class=\"yoast-schema-graph\">{\"@context\":\"https:\\\/\\\/schema.org\",\"@graph\":[{\"@type\":\"Article\",\"@id\":\"https:\\\/\\\/regiaonews.net.br\\\/2022\\\/2024\\\/12\\\/28\\\/prefeita-paula-lemos-entrega-ampliacao-da-area-coberta-no-cras-iii\\\/#article\",\"isPartOf\":{\"@id\":\"https:\\\/\\\/regiaonews.net.br\\\/2022\\\/2024\\\/12\\\/28\\\/prefeita-paula-lemos-entrega-ampliacao-da-area-coberta-no-cras-iii\\\/\"},\"author\":{\"name\":\"Roberto\",\"@id\":\"https:\\\/\\\/regiaonews.net.br\\\/2022\\\/#\\\/schema\\\/person\\\/2d205a608a5aa97ac279d7a5e6d89ad8\"},\"headline\":\"Prefeita Paula Lemos entrega amplia\u00e7\u00e3o da \u00e1rea coberta no CRAS III\",\"datePublished\":\"2024-12-28T20:39:29+00:00\",\"mainEntityOfPage\":{\"@id\":\"https:\\\/\\\/regiaonews.net.br\\\/2022\\\/2024\\\/12\\\/28\\\/prefeita-paula-lemos-entrega-ampliacao-da-area-coberta-no-cras-iii\\\/\"},\"wordCount\":458,\"commentCount\":0,\"publisher\":{\"@id\":\"https:\\\/\\\/regiaonews.net.br\\\/2022\\\/#organization\"},\"image\":{\"@id\":\"https:\\\/\\\/regiaonews.net.br\\\/2022\\\/2024\\\/12\\\/28\\\/prefeita-paula-lemos-entrega-ampliacao-da-area-coberta-no-cras-iii\\\/#primaryimage\"},\"thumbnailUrl\":\"https:\\\/\\\/regiaonews.net.br\\\/2022\\\/wp-content\\\/uploads\\\/2024\\\/12\\\/IMG-20241228-WA02431.jpg\",\"articleSection\":[\"Barretos\",\"Cidades\"],\"inLanguage\":\"pt-BR\",\"potentialAction\":[{\"@type\":\"CommentAction\",\"name\":\"Comment\",\"target\":[\"https:\\\/\\\/regiaonews.net.br\\\/2022\\\/2024\\\/12\\\/28\\\/prefeita-paula-lemos-entrega-ampliacao-da-area-coberta-no-cras-iii\\\/#respond\"]}]},{\"@type\":\"WebPage\",\"@id\":\"https:\\\/\\\/regiaonews.net.br\\\/2022\\\/2024\\\/12\\\/28\\\/prefeita-paula-lemos-entrega-ampliacao-da-area-coberta-no-cras-iii\\\/\",\"url\":\"https:\\\/\\\/regiaonews.net.br\\\/2022\\\/2024\\\/12\\\/28\\\/prefeita-paula-lemos-entrega-ampliacao-da-area-coberta-no-cras-iii\\\/\",\"name\":\"Prefeita Paula Lemos entrega amplia\u00e7\u00e3o da \u00e1rea coberta no CRAS III - Regi\u00e3o News\",\"isPartOf\":{\"@id\":\"https:\\\/\\\/regiaonews.net.br\\\/2022\\\/#website\"},\"primaryImageOfPage\":{\"@id\":\"https:\\\/\\\/regiaonews.net.br\\\/2022\\\/2024\\\/12\\\/28\\\/prefeita-paula-lemos-entrega-ampliacao-da-area-coberta-no-cras-iii\\\/#primaryimage\"},\"image\":{\"@id\":\"https:\\\/\\\/regiaonews.net.br\\\/2022\\\/2024\\\/12\\\/28\\\/prefeita-paula-lemos-entrega-ampliacao-da-area-coberta-no-cras-iii\\\/#primaryimage\"},\"thumbnailUrl\":\"https:\\\/\\\/regiaonews.net.br\\\/2022\\\/wp-content\\\/uploads\\\/2024\\\/12\\\/IMG-20241228-WA02431.jpg\",\"datePublished\":\"2024-12-28T20:39:29+00:00\",\"breadcrumb\":{\"@id\":\"https:\\\/\\\/regiaonews.net.br\\\/2022\\\/2024\\\/12\\\/28\\\/prefeita-paula-lemos-entrega-ampliacao-da-area-coberta-no-cras-iii\\\/#breadcrumb\"},\"inLanguage\":\"pt-BR\",\"potentialAction\":[{\"@type\":\"ReadAction\",\"target\":[\"https:\\\/\\\/regiaonews.net.br\\\/2022\\\/2024\\\/12\\\/28\\\/prefeita-paula-lemos-entrega-ampliacao-da-area-coberta-no-cras-iii\\\/\"]}]},{\"@type\":\"ImageObject\",\"inLanguage\":\"pt-BR\",\"@id\":\"https:\\\/\\\/regiaonews.net.br\\\/2022\\\/2024\\\/12\\\/28\\\/prefeita-paula-lemos-entrega-ampliacao-da-area-coberta-no-cras-iii\\\/#primaryimage\",\"url\":\"https:\\\/\\\/regiaonews.net.br\\\/2022\\\/wp-content\\\/uploads\\\/2024\\\/12\\\/IMG-20241228-WA02431.jpg\",\"contentUrl\":\"https:\\\/\\\/regiaonews.net.br\\\/2022\\\/wp-content\\\/uploads\\\/2024\\\/12\\\/IMG-20241228-WA02431.jpg\",\"width\":1600,\"height\":1069},{\"@type\":\"BreadcrumbList\",\"@id\":\"https:\\\/\\\/regiaonews.net.br\\\/2022\\\/2024\\\/12\\\/28\\\/prefeita-paula-lemos-entrega-ampliacao-da-area-coberta-no-cras-iii\\\/#breadcrumb\",\"itemListElement\":[{\"@type\":\"ListItem\",\"position\":1,\"name\":\"In\u00edcio\",\"item\":\"https:\\\/\\\/regiaonews.net.br\\\/2022\\\/\"},{\"@type\":\"ListItem\",\"position\":2,\"name\":\"Prefeita Paula Lemos entrega amplia\u00e7\u00e3o da \u00e1rea coberta no CRAS III\"}]},{\"@type\":\"WebSite\",\"@id\":\"https:\\\/\\\/regiaonews.net.br\\\/2022\\\/#website\",\"url\":\"https:\\\/\\\/regiaonews.net.br\\\/2022\\\/\",\"name\":\"Regi\u00e3o News\",\"description\":\"Site de Not\u00edcias de Barretos e regi\u00e3o\",\"publisher\":{\"@id\":\"https:\\\/\\\/regiaonews.net.br\\\/2022\\\/#organization\"},\"potentialAction\":[{\"@type\":\"SearchAction\",\"target\":{\"@type\":\"EntryPoint\",\"urlTemplate\":\"https:\\\/\\\/regiaonews.net.br\\\/2022\\\/?s={search_term_string}\"},\"query-input\":{\"@type\":\"PropertyValueSpecification\",\"valueRequired\":true,\"valueName\":\"search_term_string\"}}],\"inLanguage\":\"pt-BR\"},{\"@type\":\"Organization\",\"@id\":\"https:\\\/\\\/regiaonews.net.br\\\/2022\\\/#organization\",\"name\":\"Regi\u00e3o News\",\"url\":\"https:\\\/\\\/regiaonews.net.br\\\/2022\\\/\",\"logo\":{\"@type\":\"ImageObject\",\"inLanguage\":\"pt-BR\",\"@id\":\"https:\\\/\\\/regiaonews.net.br\\\/2022\\\/#\\\/schema\\\/logo\\\/image\\\/\",\"url\":\"https:\\\/\\\/regiaonews.net.br\\\/2022\\\/wp-content\\\/uploads\\\/2026\\\/03\\\/regiao-13-anos-scaled.jpg\",\"contentUrl\":\"https:\\\/\\\/regiaonews.net.br\\\/2022\\\/wp-content\\\/uploads\\\/2026\\\/03\\\/regiao-13-anos-scaled.jpg\",\"width\":2560,\"height\":635,\"caption\":\"Regi\u00e3o News\"},\"image\":{\"@id\":\"https:\\\/\\\/regiaonews.net.br\\\/2022\\\/#\\\/schema\\\/logo\\\/image\\\/\"}},{\"@type\":\"Person\",\"@id\":\"https:\\\/\\\/regiaonews.net.br\\\/2022\\\/#\\\/schema\\\/person\\\/2d205a608a5aa97ac279d7a5e6d89ad8\",\"name\":\"Roberto\",\"image\":{\"@type\":\"ImageObject\",\"inLanguage\":\"pt-BR\",\"@id\":\"https:\\\/\\\/secure.gravatar.com\\\/avatar\\\/42749d8b712ff9d59ca93dc150494e5b55a44134482993f5baeb97e61b7ecc89?s=96&d=mm&r=g\",\"url\":\"https:\\\/\\\/secure.gravatar.com\\\/avatar\\\/42749d8b712ff9d59ca93dc150494e5b55a44134482993f5baeb97e61b7ecc89?s=96&d=mm&r=g\",\"contentUrl\":\"https:\\\/\\\/secure.gravatar.com\\\/avatar\\\/42749d8b712ff9d59ca93dc150494e5b55a44134482993f5baeb97e61b7ecc89?s=96&d=mm&r=g\",\"caption\":\"Roberto\"},\"url\":\"https:\\\/\\\/regiaonews.net.br\\\/2022\\\/author\\\/roberto\\\/\"}]}<\/script>\n<!-- \/ Yoast SEO plugin. -->","yoast_head_json":{"title":"Prefeita Paula Lemos entrega amplia\u00e7\u00e3o da \u00e1rea coberta no CRAS III - Regi\u00e3o News","robots":{"index":"index","follow":"follow","max-snippet":"max-snippet:-1","max-image-preview":"max-image-preview:large","max-video-preview":"max-video-preview:-1"},"canonical":"https:\/\/regiaonews.net.br\/2022\/2024\/12\/28\/prefeita-paula-lemos-entrega-ampliacao-da-area-coberta-no-cras-iii\/","og_locale":"pt_BR","og_type":"article","og_title":"Prefeita Paula Lemos entrega amplia\u00e7\u00e3o da \u00e1rea coberta no CRAS III - Regi\u00e3o News","og_description":"&nbsp; A prefeita Paula Lemos entregou a extens\u00e3o da cobertura","og_url":"https:\/\/regiaonews.net.br\/2022\/2024\/12\/28\/prefeita-paula-lemos-entrega-ampliacao-da-area-coberta-no-cras-iii\/","og_site_name":"Regi\u00e3o News","article_published_time":"2024-12-28T20:39:29+00:00","og_image":[{"width":1600,"height":1069,"url":"https:\/\/regiaonews.net.br\/2022\/wp-content\/uploads\/2024\/12\/IMG-20241228-WA02431.jpg","type":"image\/jpeg"}],"author":"Roberto","twitter_card":"summary_large_image","twitter_misc":{"Escrito por":"Roberto","Est. tempo de leitura":"3 minutos"},"schema":{"@context":"https:\/\/schema.org","@graph":[{"@type":"Article","@id":"https:\/\/regiaonews.net.br\/2022\/2024\/12\/28\/prefeita-paula-lemos-entrega-ampliacao-da-area-coberta-no-cras-iii\/#article","isPartOf":{"@id":"https:\/\/regiaonews.net.br\/2022\/2024\/12\/28\/prefeita-paula-lemos-entrega-ampliacao-da-area-coberta-no-cras-iii\/"},"author":{"name":"Roberto","@id":"https:\/\/regiaonews.net.br\/2022\/#\/schema\/person\/2d205a608a5aa97ac279d7a5e6d89ad8"},"headline":"Prefeita Paula Lemos entrega amplia\u00e7\u00e3o da \u00e1rea coberta no CRAS III","datePublished":"2024-12-28T20:39:29+00:00","mainEntityOfPage":{"@id":"https:\/\/regiaonews.net.br\/2022\/2024\/12\/28\/prefeita-paula-lemos-entrega-ampliacao-da-area-coberta-no-cras-iii\/"},"wordCount":458,"commentCount":0,"publisher":{"@id":"https:\/\/regiaonews.net.br\/2022\/#organization"},"image":{"@id":"https:\/\/regiaonews.net.br\/2022\/2024\/12\/28\/prefeita-paula-lemos-entrega-ampliacao-da-area-coberta-no-cras-iii\/#primaryimage"},"thumbnailUrl":"https:\/\/regiaonews.net.br\/2022\/wp-content\/uploads\/2024\/12\/IMG-20241228-WA02431.jpg","articleSection":["Barretos","Cidades"],"inLanguage":"pt-BR","potentialAction":[{"@type":"CommentAction","name":"Comment","target":["https:\/\/regiaonews.net.br\/2022\/2024\/12\/28\/prefeita-paula-lemos-entrega-ampliacao-da-area-coberta-no-cras-iii\/#respond"]}]},{"@type":"WebPage","@id":"https:\/\/regiaonews.net.br\/2022\/2024\/12\/28\/prefeita-paula-lemos-entrega-ampliacao-da-area-coberta-no-cras-iii\/","url":"https:\/\/regiaonews.net.br\/2022\/2024\/12\/28\/prefeita-paula-lemos-entrega-ampliacao-da-area-coberta-no-cras-iii\/","name":"Prefeita Paula Lemos entrega amplia\u00e7\u00e3o da \u00e1rea coberta no CRAS III - Regi\u00e3o News","isPartOf":{"@id":"https:\/\/regiaonews.net.br\/2022\/#website"},"primaryImageOfPage":{"@id":"https:\/\/regiaonews.net.br\/2022\/2024\/12\/28\/prefeita-paula-lemos-entrega-ampliacao-da-area-coberta-no-cras-iii\/#primaryimage"},"image":{"@id":"https:\/\/regiaonews.net.br\/2022\/2024\/12\/28\/prefeita-paula-lemos-entrega-ampliacao-da-area-coberta-no-cras-iii\/#primaryimage"},"thumbnailUrl":"https:\/\/regiaonews.net.br\/2022\/wp-content\/uploads\/2024\/12\/IMG-20241228-WA02431.jpg","datePublished":"2024-12-28T20:39:29+00:00","breadcrumb":{"@id":"https:\/\/regiaonews.net.br\/2022\/2024\/12\/28\/prefeita-paula-lemos-entrega-ampliacao-da-area-coberta-no-cras-iii\/#breadcrumb"},"inLanguage":"pt-BR","potentialAction":[{"@type":"ReadAction","target":["https:\/\/regiaonews.net.br\/2022\/2024\/12\/28\/prefeita-paula-lemos-entrega-ampliacao-da-area-coberta-no-cras-iii\/"]}]},{"@type":"ImageObject","inLanguage":"pt-BR","@id":"https:\/\/regiaonews.net.br\/2022\/2024\/12\/28\/prefeita-paula-lemos-entrega-ampliacao-da-area-coberta-no-cras-iii\/#primaryimage","url":"https:\/\/regiaonews.net.br\/2022\/wp-content\/uploads\/2024\/12\/IMG-20241228-WA02431.jpg","contentUrl":"https:\/\/regiaonews.net.br\/2022\/wp-content\/uploads\/2024\/12\/IMG-20241228-WA02431.jpg","width":1600,"height":1069},{"@type":"BreadcrumbList","@id":"https:\/\/regiaonews.net.br\/2022\/2024\/12\/28\/prefeita-paula-lemos-entrega-ampliacao-da-area-coberta-no-cras-iii\/#breadcrumb","itemListElement":[{"@type":"ListItem","position":1,"name":"In\u00edcio","item":"https:\/\/regiaonews.net.br\/2022\/"},{"@type":"ListItem","position":2,"name":"Prefeita Paula Lemos entrega amplia\u00e7\u00e3o da \u00e1rea coberta no CRAS III"}]},{"@type":"WebSite","@id":"https:\/\/regiaonews.net.br\/2022\/#website","url":"https:\/\/regiaonews.net.br\/2022\/","name":"Regi\u00e3o News","description":"Site de Not\u00edcias de Barretos e regi\u00e3o","publisher":{"@id":"https:\/\/regiaonews.net.br\/2022\/#organization"},"potentialAction":[{"@type":"SearchAction","target":{"@type":"EntryPoint","urlTemplate":"https:\/\/regiaonews.net.br\/2022\/?s={search_term_string}"},"query-input":{"@type":"PropertyValueSpecification","valueRequired":true,"valueName":"search_term_string"}}],"inLanguage":"pt-BR"},{"@type":"Organization","@id":"https:\/\/regiaonews.net.br\/2022\/#organization","name":"Regi\u00e3o News","url":"https:\/\/regiaonews.net.br\/2022\/","logo":{"@type":"ImageObject","inLanguage":"pt-BR","@id":"https:\/\/regiaonews.net.br\/2022\/#\/schema\/logo\/image\/","url":"https:\/\/regiaonews.net.br\/2022\/wp-content\/uploads\/2026\/03\/regiao-13-anos-scaled.jpg","contentUrl":"https:\/\/regiaonews.net.br\/2022\/wp-content\/uploads\/2026\/03\/regiao-13-anos-scaled.jpg","width":2560,"height":635,"caption":"Regi\u00e3o News"},"image":{"@id":"https:\/\/regiaonews.net.br\/2022\/#\/schema\/logo\/image\/"}},{"@type":"Person","@id":"https:\/\/regiaonews.net.br\/2022\/#\/schema\/person\/2d205a608a5aa97ac279d7a5e6d89ad8","name":"Roberto","image":{"@type":"ImageObject","inLanguage":"pt-BR","@id":"https:\/\/secure.gravatar.com\/avatar\/42749d8b712ff9d59ca93dc150494e5b55a44134482993f5baeb97e61b7ecc89?s=96&d=mm&r=g","url":"https:\/\/secure.gravatar.com\/avatar\/42749d8b712ff9d59ca93dc150494e5b55a44134482993f5baeb97e61b7ecc89?s=96&d=mm&r=g","contentUrl":"https:\/\/secure.gravatar.com\/avatar\/42749d8b712ff9d59ca93dc150494e5b55a44134482993f5baeb97e61b7ecc89?s=96&d=mm&r=g","caption":"Roberto"},"url":"https:\/\/regiaonews.net.br\/2022\/author\/roberto\/"}]}},"publishpress_future_action":{"enabled":false,"date":"2026-05-03 02:11:31","action":"change-status","newStatus":"draft","terms":[],"taxonomy":"category","extraData":[]},"publishpress_future_workflow_manual_trigger":{"enabledWorkflows":[]},"_links":{"self":[{"href":"https:\/\/regiaonews.net.br\/2022\/wp-json\/wp\/v2\/posts\/113363","targetHints":{"allow":["GET"]}}],"collection":[{"href":"https:\/\/regiaonews.net.br\/2022\/wp-json\/wp\/v2\/posts"}],"about":[{"href":"https:\/\/regiaonews.net.br\/2022\/wp-json\/wp\/v2\/types\/post"}],"author":[{"embeddable":true,"href":"https:\/\/regiaonews.net.br\/2022\/wp-json\/wp\/v2\/users\/2"}],"replies":[{"embeddable":true,"href":"https:\/\/regiaonews.net.br\/2022\/wp-json\/wp\/v2\/comments?post=113363"}],"version-history":[{"count":1,"href":"https:\/\/regiaonews.net.br\/2022\/wp-json\/wp\/v2\/posts\/113363\/revisions"}],"predecessor-version":[{"id":113367,"href":"https:\/\/regiaonews.net.br\/2022\/wp-json\/wp\/v2\/posts\/113363\/revisions\/113367"}],"wp:featuredmedia":[{"embeddable":true,"href":"https:\/\/regiaonews.net.br\/2022\/wp-json\/wp\/v2\/media\/113366"}],"wp:attachment":[{"href":"https:\/\/regiaonews.net.br\/2022\/wp-json\/wp\/v2\/media?parent=113363"}],"wp:term":[{"taxonomy":"category","embeddable":true,"href":"https:\/\/regiaonews.net.br\/2022\/wp-json\/wp\/v2\/categories?post=113363"},{"taxonomy":"post_tag","embeddable":true,"href":"https:\/\/regiaonews.net.br\/2022\/wp-json\/wp\/v2\/tags?post=113363"}],"curies":[{"name":"wp","href":"https:\/\/api.w.org\/{rel}","templated":true}]}}