{"id":113065,"date":"2024-12-17T17:12:00","date_gmt":"2024-12-17T20:12:00","guid":{"rendered":"https:\/\/regiaonews.net.br\/2022\/?p=113065"},"modified":"2024-12-17T17:12:00","modified_gmt":"2024-12-17T20:12:00","slug":"vinicius-junior-e-eleito-o-melhor-jogador-do-mundo-pela-fifa","status":"publish","type":"post","link":"https:\/\/regiaonews.net.br\/2022\/2024\/12\/17\/vinicius-junior-e-eleito-o-melhor-jogador-do-mundo-pela-fifa\/","title":{"rendered":"Vinicius J\u00fanior \u00e9 eleito o melhor jogador do mundo pela Fifa"},"content":{"rendered":"<p>inicius Junior fez hist\u00f3ria nesta ter\u00e7a-feira (17). Ele ganhou o t\u00edtulo de melhor jogador do mundo pela primeira vez. Em Doha, o atacante brasileiro recebeu a principal honraria individual das m\u00e3os do presidente da Fifa, Gianni Infantino, e destacou a dificuldade de chegar ao lugar mais alto do futebol mundial.<\/p>\n<p>&#8220;Eu n\u00e3o sei nem por onde eu posso come\u00e7ar (o discurso), porque era t\u00e3o distante que parecia imposs\u00edvel chegar at\u00e9 aqui. Eu era uma crian\u00e7a que s\u00f3 jogava bola descal\u00e7o nas ruas de S\u00e3o Gon\u00e7alo, perto da pobreza e do crime, e poder chegar aqui \u00e9 algo muito importante para mim. Estou fazendo por muitas crian\u00e7as que acham que tudo \u00e9 imposs\u00edvel e que eles n\u00e3o podem chegar at\u00e9 aqui&#8221;, disse o melhor jogador do mundo, que tamb\u00e9m est\u00e1 Sele\u00e7\u00e3o do Ano do Futebol Masculino.<\/p>\n<h3>PRESIDENTE DA CBF PARABENIZA VINI JR<\/h3>\n<p>Logo ap\u00f3s o an\u00fancio oficial da Fifa, o presidente da CBF, Ednaldo Rodrigues, parabenizou o jogador da Sele\u00e7\u00e3o pela conquista.\u00a0O brasileiro foi eleito por treinadores e capit\u00e3es das sele\u00e7\u00f5es, al\u00e9m de jornalistas e\u00a0torcedores.<\/p>\n<p>&#8220;Parab\u00e9ns ao Vini Jr, aos seus familiares e amigos pela conquista hist\u00f3rica. Ele merecia o t\u00edtulo de melhor jogador do mundo mais que qualquer outro atleta por tudo que fez dentro e fora dos gramados&#8221;, afirmou o presidente da CBF, Ednaldo Rodrigues.<\/p>\n<p>&#8220;Com seus dribles e gols, o Vini deu alegria aos f\u00e3s do futebol e tamb\u00e9m \u00e9 um grande personagem na luta contra o racismo no futebol. A CBF se orgulha de ser parceira deste craque tamb\u00e9m no combate a qualquer tipo de preconceito&#8221;, acrescentou.<\/p>\n<p>Os vencedores do The Best FIFA Football Awards de 2024 foram\u00a0revelados nesta durante um jantar de gala em comemora\u00e7\u00e3o aos 20 anos da Aspire Academy, no Catar.A cerim\u00f4nia aconteceu na v\u00e9spera da final da Copa Intercontinental da FIFA Qatar 2024 entre Real Madrid e Pachuca.<\/p>\n<h3>Vini agradece tamb\u00e9m aos jogadores da sele\u00e7\u00e3o<\/h3>\n<p>No seu discurso, o atacante de 24 anos fez quest\u00e3o de agradecer \u00e0 fam\u00edlia, ao Real Madrid, ao Flamengo e aos colegas de Sele\u00e7\u00e3o Brasileira.<\/p>\n<p>&#8220;N\u00e3o poderia deixar de agradecer \u00e0 minha fam\u00edlia, que deixou de viver o sonho deles para viver o meu, e fez de tudo para que eu pudesse chegar at\u00e9 aqui, e ao presidente Florentino P\u00e9rez, ao mister Carlo Ancelotti que sempre me ajudou muito, e ao meu time, que me fez chegar at\u00e9 aqui e acreditar que eu poderia fazer a diferen\u00e7a e grandes coisas junto com eles na temporada. Quero seguir por muito tempo jogando no Real Madrid, que \u00e9 o maior clube do mundo&#8221;, afirmou o jogador.<\/p>\n<p>&#8220;N\u00e3o poderia deixar de agradecer ao Flamengo, clube que me botou no campo, nas ruas. Cheguei aqui at\u00e9 hoje aqui grato ao Flamengo e tamb\u00e9m agradecer a todos os jogadores da Sele\u00e7\u00e3o Brasileira e ao meu pa\u00eds, que sempre v\u00eam torcendo por mim e me dando muita muita for\u00e7a para seguir na minha luta&#8221;, disse o jogador.<\/p>\n","protected":false},"excerpt":{"rendered":"<p>inicius Junior fez hist\u00f3ria nesta ter\u00e7a-feira (17). Ele ganhou o<\/p>\n","protected":false},"author":2,"featured_media":113066,"comment_status":"open","ping_status":"open","sticky":false,"template":"","format":"standard","meta":{"footnotes":""},"categories":[21,3],"tags":[],"class_list":["post-113065","post","type-post","status-publish","format-standard","has-post-thumbnail","hentry","category-esporte","category-geral"],"yoast_head":"<!-- This site is optimized with the Yoast SEO plugin v27.4 - https:\/\/yoast.com\/product\/yoast-seo-wordpress\/ -->\n<title>Vinicius J\u00fanior \u00e9 eleito o melhor jogador do mundo pela Fifa - Regi\u00e3o News<\/title>\n<meta name=\"robots\" content=\"index, follow, max-snippet:-1, max-image-preview:large, max-video-preview:-1\" \/>\n<link rel=\"canonical\" href=\"https:\/\/regiaonews.net.br\/2022\/2024\/12\/17\/vinicius-junior-e-eleito-o-melhor-jogador-do-mundo-pela-fifa\/\" \/>\n<meta property=\"og:locale\" content=\"pt_BR\" \/>\n<meta property=\"og:type\" content=\"article\" \/>\n<meta property=\"og:title\" content=\"Vinicius J\u00fanior \u00e9 eleito o melhor jogador do mundo pela Fifa - Regi\u00e3o News\" \/>\n<meta property=\"og:description\" content=\"inicius Junior fez hist\u00f3ria nesta ter\u00e7a-feira (17). Ele ganhou o\" \/>\n<meta property=\"og:url\" content=\"https:\/\/regiaonews.net.br\/2022\/2024\/12\/17\/vinicius-junior-e-eleito-o-melhor-jogador-do-mundo-pela-fifa\/\" \/>\n<meta property=\"og:site_name\" content=\"Regi\u00e3o News\" \/>\n<meta property=\"article:published_time\" content=\"2024-12-17T20:12:00+00:00\" \/>\n<meta property=\"og:image\" content=\"https:\/\/regiaonews.net.br\/2022\/wp-content\/uploads\/2024\/12\/Snapinsta.app_470804462_18484060765045483_3616957648710775385_n_1080.jpg\" \/>\n\t<meta property=\"og:image:width\" content=\"1080\" \/>\n\t<meta property=\"og:image:height\" content=\"719\" \/>\n\t<meta property=\"og:image:type\" content=\"image\/jpeg\" \/>\n<meta name=\"author\" content=\"Roberto\" \/>\n<meta name=\"twitter:card\" content=\"summary_large_image\" \/>\n<meta name=\"twitter:label1\" content=\"Escrito por\" \/>\n\t<meta name=\"twitter:data1\" content=\"Roberto\" \/>\n\t<meta name=\"twitter:label2\" content=\"Est. tempo de leitura\" \/>\n\t<meta name=\"twitter:data2\" content=\"3 minutos\" \/>\n<script type=\"application\/ld+json\" class=\"yoast-schema-graph\">{\"@context\":\"https:\\\/\\\/schema.org\",\"@graph\":[{\"@type\":\"Article\",\"@id\":\"https:\\\/\\\/regiaonews.net.br\\\/2022\\\/2024\\\/12\\\/17\\\/vinicius-junior-e-eleito-o-melhor-jogador-do-mundo-pela-fifa\\\/#article\",\"isPartOf\":{\"@id\":\"https:\\\/\\\/regiaonews.net.br\\\/2022\\\/2024\\\/12\\\/17\\\/vinicius-junior-e-eleito-o-melhor-jogador-do-mundo-pela-fifa\\\/\"},\"author\":{\"name\":\"Roberto\",\"@id\":\"https:\\\/\\\/regiaonews.net.br\\\/2022\\\/#\\\/schema\\\/person\\\/2d205a608a5aa97ac279d7a5e6d89ad8\"},\"headline\":\"Vinicius J\u00fanior \u00e9 eleito o melhor jogador do mundo pela Fifa\",\"datePublished\":\"2024-12-17T20:12:00+00:00\",\"mainEntityOfPage\":{\"@id\":\"https:\\\/\\\/regiaonews.net.br\\\/2022\\\/2024\\\/12\\\/17\\\/vinicius-junior-e-eleito-o-melhor-jogador-do-mundo-pela-fifa\\\/\"},\"wordCount\":534,\"commentCount\":0,\"publisher\":{\"@id\":\"https:\\\/\\\/regiaonews.net.br\\\/2022\\\/#organization\"},\"image\":{\"@id\":\"https:\\\/\\\/regiaonews.net.br\\\/2022\\\/2024\\\/12\\\/17\\\/vinicius-junior-e-eleito-o-melhor-jogador-do-mundo-pela-fifa\\\/#primaryimage\"},\"thumbnailUrl\":\"https:\\\/\\\/regiaonews.net.br\\\/2022\\\/wp-content\\\/uploads\\\/2024\\\/12\\\/Snapinsta.app_470804462_18484060765045483_3616957648710775385_n_1080.jpg\",\"articleSection\":[\"Esporte\",\"Geral\"],\"inLanguage\":\"pt-BR\",\"potentialAction\":[{\"@type\":\"CommentAction\",\"name\":\"Comment\",\"target\":[\"https:\\\/\\\/regiaonews.net.br\\\/2022\\\/2024\\\/12\\\/17\\\/vinicius-junior-e-eleito-o-melhor-jogador-do-mundo-pela-fifa\\\/#respond\"]}]},{\"@type\":\"WebPage\",\"@id\":\"https:\\\/\\\/regiaonews.net.br\\\/2022\\\/2024\\\/12\\\/17\\\/vinicius-junior-e-eleito-o-melhor-jogador-do-mundo-pela-fifa\\\/\",\"url\":\"https:\\\/\\\/regiaonews.net.br\\\/2022\\\/2024\\\/12\\\/17\\\/vinicius-junior-e-eleito-o-melhor-jogador-do-mundo-pela-fifa\\\/\",\"name\":\"Vinicius J\u00fanior \u00e9 eleito o melhor jogador do mundo pela Fifa - Regi\u00e3o News\",\"isPartOf\":{\"@id\":\"https:\\\/\\\/regiaonews.net.br\\\/2022\\\/#website\"},\"primaryImageOfPage\":{\"@id\":\"https:\\\/\\\/regiaonews.net.br\\\/2022\\\/2024\\\/12\\\/17\\\/vinicius-junior-e-eleito-o-melhor-jogador-do-mundo-pela-fifa\\\/#primaryimage\"},\"image\":{\"@id\":\"https:\\\/\\\/regiaonews.net.br\\\/2022\\\/2024\\\/12\\\/17\\\/vinicius-junior-e-eleito-o-melhor-jogador-do-mundo-pela-fifa\\\/#primaryimage\"},\"thumbnailUrl\":\"https:\\\/\\\/regiaonews.net.br\\\/2022\\\/wp-content\\\/uploads\\\/2024\\\/12\\\/Snapinsta.app_470804462_18484060765045483_3616957648710775385_n_1080.jpg\",\"datePublished\":\"2024-12-17T20:12:00+00:00\",\"breadcrumb\":{\"@id\":\"https:\\\/\\\/regiaonews.net.br\\\/2022\\\/2024\\\/12\\\/17\\\/vinicius-junior-e-eleito-o-melhor-jogador-do-mundo-pela-fifa\\\/#breadcrumb\"},\"inLanguage\":\"pt-BR\",\"potentialAction\":[{\"@type\":\"ReadAction\",\"target\":[\"https:\\\/\\\/regiaonews.net.br\\\/2022\\\/2024\\\/12\\\/17\\\/vinicius-junior-e-eleito-o-melhor-jogador-do-mundo-pela-fifa\\\/\"]}]},{\"@type\":\"ImageObject\",\"inLanguage\":\"pt-BR\",\"@id\":\"https:\\\/\\\/regiaonews.net.br\\\/2022\\\/2024\\\/12\\\/17\\\/vinicius-junior-e-eleito-o-melhor-jogador-do-mundo-pela-fifa\\\/#primaryimage\",\"url\":\"https:\\\/\\\/regiaonews.net.br\\\/2022\\\/wp-content\\\/uploads\\\/2024\\\/12\\\/Snapinsta.app_470804462_18484060765045483_3616957648710775385_n_1080.jpg\",\"contentUrl\":\"https:\\\/\\\/regiaonews.net.br\\\/2022\\\/wp-content\\\/uploads\\\/2024\\\/12\\\/Snapinsta.app_470804462_18484060765045483_3616957648710775385_n_1080.jpg\",\"width\":1080,\"height\":719},{\"@type\":\"BreadcrumbList\",\"@id\":\"https:\\\/\\\/regiaonews.net.br\\\/2022\\\/2024\\\/12\\\/17\\\/vinicius-junior-e-eleito-o-melhor-jogador-do-mundo-pela-fifa\\\/#breadcrumb\",\"itemListElement\":[{\"@type\":\"ListItem\",\"position\":1,\"name\":\"In\u00edcio\",\"item\":\"https:\\\/\\\/regiaonews.net.br\\\/2022\\\/\"},{\"@type\":\"ListItem\",\"position\":2,\"name\":\"Vinicius J\u00fanior \u00e9 eleito o melhor jogador do mundo pela Fifa\"}]},{\"@type\":\"WebSite\",\"@id\":\"https:\\\/\\\/regiaonews.net.br\\\/2022\\\/#website\",\"url\":\"https:\\\/\\\/regiaonews.net.br\\\/2022\\\/\",\"name\":\"Regi\u00e3o News\",\"description\":\"Site de Not\u00edcias de Barretos e regi\u00e3o\",\"publisher\":{\"@id\":\"https:\\\/\\\/regiaonews.net.br\\\/2022\\\/#organization\"},\"potentialAction\":[{\"@type\":\"SearchAction\",\"target\":{\"@type\":\"EntryPoint\",\"urlTemplate\":\"https:\\\/\\\/regiaonews.net.br\\\/2022\\\/?s={search_term_string}\"},\"query-input\":{\"@type\":\"PropertyValueSpecification\",\"valueRequired\":true,\"valueName\":\"search_term_string\"}}],\"inLanguage\":\"pt-BR\"},{\"@type\":\"Organization\",\"@id\":\"https:\\\/\\\/regiaonews.net.br\\\/2022\\\/#organization\",\"name\":\"Regi\u00e3o News\",\"url\":\"https:\\\/\\\/regiaonews.net.br\\\/2022\\\/\",\"logo\":{\"@type\":\"ImageObject\",\"inLanguage\":\"pt-BR\",\"@id\":\"https:\\\/\\\/regiaonews.net.br\\\/2022\\\/#\\\/schema\\\/logo\\\/image\\\/\",\"url\":\"https:\\\/\\\/regiaonews.net.br\\\/2022\\\/wp-content\\\/uploads\\\/2026\\\/03\\\/regiao-13-anos-scaled.jpg\",\"contentUrl\":\"https:\\\/\\\/regiaonews.net.br\\\/2022\\\/wp-content\\\/uploads\\\/2026\\\/03\\\/regiao-13-anos-scaled.jpg\",\"width\":2560,\"height\":635,\"caption\":\"Regi\u00e3o News\"},\"image\":{\"@id\":\"https:\\\/\\\/regiaonews.net.br\\\/2022\\\/#\\\/schema\\\/logo\\\/image\\\/\"}},{\"@type\":\"Person\",\"@id\":\"https:\\\/\\\/regiaonews.net.br\\\/2022\\\/#\\\/schema\\\/person\\\/2d205a608a5aa97ac279d7a5e6d89ad8\",\"name\":\"Roberto\",\"image\":{\"@type\":\"ImageObject\",\"inLanguage\":\"pt-BR\",\"@id\":\"https:\\\/\\\/secure.gravatar.com\\\/avatar\\\/42749d8b712ff9d59ca93dc150494e5b55a44134482993f5baeb97e61b7ecc89?s=96&d=mm&r=g\",\"url\":\"https:\\\/\\\/secure.gravatar.com\\\/avatar\\\/42749d8b712ff9d59ca93dc150494e5b55a44134482993f5baeb97e61b7ecc89?s=96&d=mm&r=g\",\"contentUrl\":\"https:\\\/\\\/secure.gravatar.com\\\/avatar\\\/42749d8b712ff9d59ca93dc150494e5b55a44134482993f5baeb97e61b7ecc89?s=96&d=mm&r=g\",\"caption\":\"Roberto\"},\"url\":\"https:\\\/\\\/regiaonews.net.br\\\/2022\\\/author\\\/roberto\\\/\"}]}<\/script>\n<!-- \/ Yoast SEO plugin. -->","yoast_head_json":{"title":"Vinicius J\u00fanior \u00e9 eleito o melhor jogador do mundo pela Fifa - Regi\u00e3o News","robots":{"index":"index","follow":"follow","max-snippet":"max-snippet:-1","max-image-preview":"max-image-preview:large","max-video-preview":"max-video-preview:-1"},"canonical":"https:\/\/regiaonews.net.br\/2022\/2024\/12\/17\/vinicius-junior-e-eleito-o-melhor-jogador-do-mundo-pela-fifa\/","og_locale":"pt_BR","og_type":"article","og_title":"Vinicius J\u00fanior \u00e9 eleito o melhor jogador do mundo pela Fifa - Regi\u00e3o News","og_description":"inicius Junior fez hist\u00f3ria nesta ter\u00e7a-feira (17). Ele ganhou o","og_url":"https:\/\/regiaonews.net.br\/2022\/2024\/12\/17\/vinicius-junior-e-eleito-o-melhor-jogador-do-mundo-pela-fifa\/","og_site_name":"Regi\u00e3o News","article_published_time":"2024-12-17T20:12:00+00:00","og_image":[{"width":1080,"height":719,"url":"https:\/\/regiaonews.net.br\/2022\/wp-content\/uploads\/2024\/12\/Snapinsta.app_470804462_18484060765045483_3616957648710775385_n_1080.jpg","type":"image\/jpeg"}],"author":"Roberto","twitter_card":"summary_large_image","twitter_misc":{"Escrito por":"Roberto","Est. tempo de leitura":"3 minutos"},"schema":{"@context":"https:\/\/schema.org","@graph":[{"@type":"Article","@id":"https:\/\/regiaonews.net.br\/2022\/2024\/12\/17\/vinicius-junior-e-eleito-o-melhor-jogador-do-mundo-pela-fifa\/#article","isPartOf":{"@id":"https:\/\/regiaonews.net.br\/2022\/2024\/12\/17\/vinicius-junior-e-eleito-o-melhor-jogador-do-mundo-pela-fifa\/"},"author":{"name":"Roberto","@id":"https:\/\/regiaonews.net.br\/2022\/#\/schema\/person\/2d205a608a5aa97ac279d7a5e6d89ad8"},"headline":"Vinicius J\u00fanior \u00e9 eleito o melhor jogador do mundo pela Fifa","datePublished":"2024-12-17T20:12:00+00:00","mainEntityOfPage":{"@id":"https:\/\/regiaonews.net.br\/2022\/2024\/12\/17\/vinicius-junior-e-eleito-o-melhor-jogador-do-mundo-pela-fifa\/"},"wordCount":534,"commentCount":0,"publisher":{"@id":"https:\/\/regiaonews.net.br\/2022\/#organization"},"image":{"@id":"https:\/\/regiaonews.net.br\/2022\/2024\/12\/17\/vinicius-junior-e-eleito-o-melhor-jogador-do-mundo-pela-fifa\/#primaryimage"},"thumbnailUrl":"https:\/\/regiaonews.net.br\/2022\/wp-content\/uploads\/2024\/12\/Snapinsta.app_470804462_18484060765045483_3616957648710775385_n_1080.jpg","articleSection":["Esporte","Geral"],"inLanguage":"pt-BR","potentialAction":[{"@type":"CommentAction","name":"Comment","target":["https:\/\/regiaonews.net.br\/2022\/2024\/12\/17\/vinicius-junior-e-eleito-o-melhor-jogador-do-mundo-pela-fifa\/#respond"]}]},{"@type":"WebPage","@id":"https:\/\/regiaonews.net.br\/2022\/2024\/12\/17\/vinicius-junior-e-eleito-o-melhor-jogador-do-mundo-pela-fifa\/","url":"https:\/\/regiaonews.net.br\/2022\/2024\/12\/17\/vinicius-junior-e-eleito-o-melhor-jogador-do-mundo-pela-fifa\/","name":"Vinicius J\u00fanior \u00e9 eleito o melhor jogador do mundo pela Fifa - Regi\u00e3o News","isPartOf":{"@id":"https:\/\/regiaonews.net.br\/2022\/#website"},"primaryImageOfPage":{"@id":"https:\/\/regiaonews.net.br\/2022\/2024\/12\/17\/vinicius-junior-e-eleito-o-melhor-jogador-do-mundo-pela-fifa\/#primaryimage"},"image":{"@id":"https:\/\/regiaonews.net.br\/2022\/2024\/12\/17\/vinicius-junior-e-eleito-o-melhor-jogador-do-mundo-pela-fifa\/#primaryimage"},"thumbnailUrl":"https:\/\/regiaonews.net.br\/2022\/wp-content\/uploads\/2024\/12\/Snapinsta.app_470804462_18484060765045483_3616957648710775385_n_1080.jpg","datePublished":"2024-12-17T20:12:00+00:00","breadcrumb":{"@id":"https:\/\/regiaonews.net.br\/2022\/2024\/12\/17\/vinicius-junior-e-eleito-o-melhor-jogador-do-mundo-pela-fifa\/#breadcrumb"},"inLanguage":"pt-BR","potentialAction":[{"@type":"ReadAction","target":["https:\/\/regiaonews.net.br\/2022\/2024\/12\/17\/vinicius-junior-e-eleito-o-melhor-jogador-do-mundo-pela-fifa\/"]}]},{"@type":"ImageObject","inLanguage":"pt-BR","@id":"https:\/\/regiaonews.net.br\/2022\/2024\/12\/17\/vinicius-junior-e-eleito-o-melhor-jogador-do-mundo-pela-fifa\/#primaryimage","url":"https:\/\/regiaonews.net.br\/2022\/wp-content\/uploads\/2024\/12\/Snapinsta.app_470804462_18484060765045483_3616957648710775385_n_1080.jpg","contentUrl":"https:\/\/regiaonews.net.br\/2022\/wp-content\/uploads\/2024\/12\/Snapinsta.app_470804462_18484060765045483_3616957648710775385_n_1080.jpg","width":1080,"height":719},{"@type":"BreadcrumbList","@id":"https:\/\/regiaonews.net.br\/2022\/2024\/12\/17\/vinicius-junior-e-eleito-o-melhor-jogador-do-mundo-pela-fifa\/#breadcrumb","itemListElement":[{"@type":"ListItem","position":1,"name":"In\u00edcio","item":"https:\/\/regiaonews.net.br\/2022\/"},{"@type":"ListItem","position":2,"name":"Vinicius J\u00fanior \u00e9 eleito o melhor jogador do mundo pela Fifa"}]},{"@type":"WebSite","@id":"https:\/\/regiaonews.net.br\/2022\/#website","url":"https:\/\/regiaonews.net.br\/2022\/","name":"Regi\u00e3o News","description":"Site de Not\u00edcias de Barretos e regi\u00e3o","publisher":{"@id":"https:\/\/regiaonews.net.br\/2022\/#organization"},"potentialAction":[{"@type":"SearchAction","target":{"@type":"EntryPoint","urlTemplate":"https:\/\/regiaonews.net.br\/2022\/?s={search_term_string}"},"query-input":{"@type":"PropertyValueSpecification","valueRequired":true,"valueName":"search_term_string"}}],"inLanguage":"pt-BR"},{"@type":"Organization","@id":"https:\/\/regiaonews.net.br\/2022\/#organization","name":"Regi\u00e3o News","url":"https:\/\/regiaonews.net.br\/2022\/","logo":{"@type":"ImageObject","inLanguage":"pt-BR","@id":"https:\/\/regiaonews.net.br\/2022\/#\/schema\/logo\/image\/","url":"https:\/\/regiaonews.net.br\/2022\/wp-content\/uploads\/2026\/03\/regiao-13-anos-scaled.jpg","contentUrl":"https:\/\/regiaonews.net.br\/2022\/wp-content\/uploads\/2026\/03\/regiao-13-anos-scaled.jpg","width":2560,"height":635,"caption":"Regi\u00e3o News"},"image":{"@id":"https:\/\/regiaonews.net.br\/2022\/#\/schema\/logo\/image\/"}},{"@type":"Person","@id":"https:\/\/regiaonews.net.br\/2022\/#\/schema\/person\/2d205a608a5aa97ac279d7a5e6d89ad8","name":"Roberto","image":{"@type":"ImageObject","inLanguage":"pt-BR","@id":"https:\/\/secure.gravatar.com\/avatar\/42749d8b712ff9d59ca93dc150494e5b55a44134482993f5baeb97e61b7ecc89?s=96&d=mm&r=g","url":"https:\/\/secure.gravatar.com\/avatar\/42749d8b712ff9d59ca93dc150494e5b55a44134482993f5baeb97e61b7ecc89?s=96&d=mm&r=g","contentUrl":"https:\/\/secure.gravatar.com\/avatar\/42749d8b712ff9d59ca93dc150494e5b55a44134482993f5baeb97e61b7ecc89?s=96&d=mm&r=g","caption":"Roberto"},"url":"https:\/\/regiaonews.net.br\/2022\/author\/roberto\/"}]}},"publishpress_future_action":{"enabled":false,"date":"2026-05-02 02:35:38","action":"change-status","newStatus":"draft","terms":[],"taxonomy":"category","extraData":[]},"publishpress_future_workflow_manual_trigger":{"enabledWorkflows":[]},"_links":{"self":[{"href":"https:\/\/regiaonews.net.br\/2022\/wp-json\/wp\/v2\/posts\/113065","targetHints":{"allow":["GET"]}}],"collection":[{"href":"https:\/\/regiaonews.net.br\/2022\/wp-json\/wp\/v2\/posts"}],"about":[{"href":"https:\/\/regiaonews.net.br\/2022\/wp-json\/wp\/v2\/types\/post"}],"author":[{"embeddable":true,"href":"https:\/\/regiaonews.net.br\/2022\/wp-json\/wp\/v2\/users\/2"}],"replies":[{"embeddable":true,"href":"https:\/\/regiaonews.net.br\/2022\/wp-json\/wp\/v2\/comments?post=113065"}],"version-history":[{"count":1,"href":"https:\/\/regiaonews.net.br\/2022\/wp-json\/wp\/v2\/posts\/113065\/revisions"}],"predecessor-version":[{"id":113067,"href":"https:\/\/regiaonews.net.br\/2022\/wp-json\/wp\/v2\/posts\/113065\/revisions\/113067"}],"wp:featuredmedia":[{"embeddable":true,"href":"https:\/\/regiaonews.net.br\/2022\/wp-json\/wp\/v2\/media\/113066"}],"wp:attachment":[{"href":"https:\/\/regiaonews.net.br\/2022\/wp-json\/wp\/v2\/media?parent=113065"}],"wp:term":[{"taxonomy":"category","embeddable":true,"href":"https:\/\/regiaonews.net.br\/2022\/wp-json\/wp\/v2\/categories?post=113065"},{"taxonomy":"post_tag","embeddable":true,"href":"https:\/\/regiaonews.net.br\/2022\/wp-json\/wp\/v2\/tags?post=113065"}],"curies":[{"name":"wp","href":"https:\/\/api.w.org\/{rel}","templated":true}]}}