{"id":113044,"date":"2024-12-16T20:01:23","date_gmt":"2024-12-16T23:01:23","guid":{"rendered":"https:\/\/regiaonews.net.br\/2022\/?p=113044"},"modified":"2024-12-16T22:05:36","modified_gmt":"2024-12-17T01:05:36","slug":"investigacao-da-corregedoria-da-pm-desarticula-quadrilha-que-extorquia-comerciantes-no-bras","status":"publish","type":"post","link":"https:\/\/regiaonews.net.br\/2022\/2024\/12\/16\/investigacao-da-corregedoria-da-pm-desarticula-quadrilha-que-extorquia-comerciantes-no-bras\/","title":{"rendered":"Investiga\u00e7\u00e3o da Corregedoria da PM desarticula quadrilha que extorquia comerciantes no Br\u00e1s"},"content":{"rendered":"<p>As pol\u00edcias Militar e Civil, em conjunto com o\u00a0<a role=\"link\" href=\"https:\/\/www.agenciasp.sp.gov.br\/policia-e-gaeco-realizam-operacao-contra-integrantes-de-faccao-criminosa-em-campinas\/\">Grupo de Atua\u00e7\u00e3o Especial de Combate ao Crime Organizado (Gaeco)<\/a>, do Minist\u00e9rio P\u00fablico, deflagraram na manh\u00e3 desta segunda-feira (16) a Opera\u00e7\u00e3o Aurora, com o objetivo de desarticular um grupo criminoso que extorquia comerciantes na regi\u00e3o do Br\u00e1s.<\/p>\n<p>Foram cumpridos 15 mandados de pris\u00e3o preventiva e 20 de busca e apreens\u00e3o. Entre os presos est\u00e3o cinco policiais militares. Um sexto PM e uma policial civil tamb\u00e9m tiveram mandado de pris\u00e3o preventiva decretado e s\u00e3o procurados. 8 empresas e 21 pessoas tiveram sigilos banc\u00e1rio e fiscal quebrados.<\/p>\n<p>As investiga\u00e7\u00f5es come\u00e7aram em mar\u00e7o deste ano, ap\u00f3s ambulantes procurarem a Corregedoria da PM para denunciar que estavam sendo extorquidos por policiais militares.<\/p>\n<p>\u201cAssim que recebemos o relato grav\u00edssimo das v\u00edtimas instauramos um inqu\u00e9rito para apurar as den\u00fancias. Foi realizado um trabalho intenso que comprovou as pr\u00e1ticas. Pedimos a quebra dos sigilo dos pol\u00edcias e conseguimos as todas as provas para em embasar o inqu\u00e9rito\u201d, explica o cel. F\u00e1bio S\u00e9rgio do Amaral, corregedor da PM.<\/p>\n<p>Segundo as investiga\u00e7\u00f5es, a\u00a0<a role=\"link\" href=\"https:\/\/www.agenciasp.sp.gov.br\/operacao-conjunta-cumpre-mandados-contra-quadrilha\/\">quadrilha<\/a>\u00a0cobrava uma taxa anual para permitir que comerciantes se instalassem na regi\u00e3o, al\u00e9m de uma mensalidade para que eles continuassem no local.<\/p>\n<p>Al\u00e9m disso, eles atuavam para cobrar d\u00edvidas que os ambulantes contra\u00edam com agiotas justamente para fazer o pagamento da propina.<\/p>\n<p>Na casa de um dos presos, que atuava como agiota, foram apreendidos R$ 145 mil em dinheiro, al\u00e9m de documentos e planilhas.<\/p>\n<p>\u201cEles atuavam como uma verdadeira organiza\u00e7\u00e3o criminosa, com planilhas de controle sobre o pagamento das propinas, tudo muito detalhado e organizado\u201d, relata o promotor Carlos Gaya, do Gaeco.<\/p>\n<p>At\u00e9 o momento foram identificadas quatro v\u00edtimas, mas a pol\u00edcia acredita que o esquema criminoso afetasse v\u00e1rios comerciantes, que n\u00e3o denunciavam a situa\u00e7\u00e3o por medo.<\/p>\n<p>\u201cEssa opera\u00e7\u00e3o decorre de um trabalho implac\u00e1vel de apura\u00e7\u00e3o interna. N\u00f3s atuamos de forma discreta, mas implac\u00e1vel. Somos intolerantes a qualquer desvio de conduta. N\u00f3s valorizamos os bons policiais, e lutamos para que os maus policiais sejam extirpados da corpora\u00e7\u00e3o\u201d, finaliza o corregedor\u00a0da\u00a0PM.<\/p>\n","protected":false},"excerpt":{"rendered":"<p>As pol\u00edcias Militar e Civil, em conjunto com o\u00a0Grupo de<\/p>\n","protected":false},"author":2,"featured_media":113045,"comment_status":"open","ping_status":"open","sticky":false,"template":"","format":"standard","meta":{"footnotes":""},"categories":[7,23],"tags":[],"class_list":["post-113044","post","type-post","status-publish","format-standard","has-post-thumbnail","hentry","category-estado-de-sao-paulo","category-policia"],"yoast_head":"<!-- This site is optimized with the Yoast SEO plugin v27.4 - https:\/\/yoast.com\/product\/yoast-seo-wordpress\/ -->\n<title>Investiga\u00e7\u00e3o da Corregedoria da PM desarticula quadrilha que extorquia comerciantes no Br\u00e1s - Regi\u00e3o News<\/title>\n<meta name=\"robots\" content=\"index, follow, max-snippet:-1, max-image-preview:large, max-video-preview:-1\" \/>\n<link rel=\"canonical\" href=\"https:\/\/regiaonews.net.br\/2022\/2024\/12\/16\/investigacao-da-corregedoria-da-pm-desarticula-quadrilha-que-extorquia-comerciantes-no-bras\/\" \/>\n<meta property=\"og:locale\" content=\"pt_BR\" \/>\n<meta property=\"og:type\" content=\"article\" \/>\n<meta property=\"og:title\" content=\"Investiga\u00e7\u00e3o da Corregedoria da PM desarticula quadrilha que extorquia comerciantes no Br\u00e1s - Regi\u00e3o News\" \/>\n<meta property=\"og:description\" content=\"As pol\u00edcias Militar e Civil, em conjunto com o\u00a0Grupo de\" \/>\n<meta property=\"og:url\" content=\"https:\/\/regiaonews.net.br\/2022\/2024\/12\/16\/investigacao-da-corregedoria-da-pm-desarticula-quadrilha-que-extorquia-comerciantes-no-bras\/\" \/>\n<meta property=\"og:site_name\" content=\"Regi\u00e3o News\" \/>\n<meta property=\"article:published_time\" content=\"2024-12-16T23:01:23+00:00\" \/>\n<meta property=\"article:modified_time\" content=\"2024-12-17T01:05:36+00:00\" \/>\n<meta property=\"og:image\" content=\"https:\/\/regiaonews.net.br\/2022\/wp-content\/uploads\/2024\/12\/operacao-aurora-1024x576-1.jpg\" \/>\n\t<meta property=\"og:image:width\" content=\"1024\" \/>\n\t<meta property=\"og:image:height\" content=\"576\" \/>\n\t<meta property=\"og:image:type\" content=\"image\/jpeg\" \/>\n<meta name=\"author\" content=\"Roberto\" \/>\n<meta name=\"twitter:card\" content=\"summary_large_image\" \/>\n<meta name=\"twitter:label1\" content=\"Escrito por\" \/>\n\t<meta name=\"twitter:data1\" content=\"Roberto\" \/>\n\t<meta name=\"twitter:label2\" content=\"Est. tempo de leitura\" \/>\n\t<meta name=\"twitter:data2\" content=\"3 minutos\" \/>\n<script type=\"application\/ld+json\" class=\"yoast-schema-graph\">{\"@context\":\"https:\\\/\\\/schema.org\",\"@graph\":[{\"@type\":\"Article\",\"@id\":\"https:\\\/\\\/regiaonews.net.br\\\/2022\\\/2024\\\/12\\\/16\\\/investigacao-da-corregedoria-da-pm-desarticula-quadrilha-que-extorquia-comerciantes-no-bras\\\/#article\",\"isPartOf\":{\"@id\":\"https:\\\/\\\/regiaonews.net.br\\\/2022\\\/2024\\\/12\\\/16\\\/investigacao-da-corregedoria-da-pm-desarticula-quadrilha-que-extorquia-comerciantes-no-bras\\\/\"},\"author\":{\"name\":\"Roberto\",\"@id\":\"https:\\\/\\\/regiaonews.net.br\\\/2022\\\/#\\\/schema\\\/person\\\/2d205a608a5aa97ac279d7a5e6d89ad8\"},\"headline\":\"Investiga\u00e7\u00e3o da Corregedoria da PM desarticula quadrilha que extorquia comerciantes no Br\u00e1s\",\"datePublished\":\"2024-12-16T23:01:23+00:00\",\"dateModified\":\"2024-12-17T01:05:36+00:00\",\"mainEntityOfPage\":{\"@id\":\"https:\\\/\\\/regiaonews.net.br\\\/2022\\\/2024\\\/12\\\/16\\\/investigacao-da-corregedoria-da-pm-desarticula-quadrilha-que-extorquia-comerciantes-no-bras\\\/\"},\"wordCount\":391,\"commentCount\":0,\"publisher\":{\"@id\":\"https:\\\/\\\/regiaonews.net.br\\\/2022\\\/#organization\"},\"image\":{\"@id\":\"https:\\\/\\\/regiaonews.net.br\\\/2022\\\/2024\\\/12\\\/16\\\/investigacao-da-corregedoria-da-pm-desarticula-quadrilha-que-extorquia-comerciantes-no-bras\\\/#primaryimage\"},\"thumbnailUrl\":\"https:\\\/\\\/regiaonews.net.br\\\/2022\\\/wp-content\\\/uploads\\\/2024\\\/12\\\/operacao-aurora-1024x576-1.jpg\",\"articleSection\":[\"Estado de S\u00e3o Paulo\",\"Policia\"],\"inLanguage\":\"pt-BR\",\"potentialAction\":[{\"@type\":\"CommentAction\",\"name\":\"Comment\",\"target\":[\"https:\\\/\\\/regiaonews.net.br\\\/2022\\\/2024\\\/12\\\/16\\\/investigacao-da-corregedoria-da-pm-desarticula-quadrilha-que-extorquia-comerciantes-no-bras\\\/#respond\"]}]},{\"@type\":\"WebPage\",\"@id\":\"https:\\\/\\\/regiaonews.net.br\\\/2022\\\/2024\\\/12\\\/16\\\/investigacao-da-corregedoria-da-pm-desarticula-quadrilha-que-extorquia-comerciantes-no-bras\\\/\",\"url\":\"https:\\\/\\\/regiaonews.net.br\\\/2022\\\/2024\\\/12\\\/16\\\/investigacao-da-corregedoria-da-pm-desarticula-quadrilha-que-extorquia-comerciantes-no-bras\\\/\",\"name\":\"Investiga\u00e7\u00e3o da Corregedoria da PM desarticula quadrilha que extorquia comerciantes no Br\u00e1s - Regi\u00e3o News\",\"isPartOf\":{\"@id\":\"https:\\\/\\\/regiaonews.net.br\\\/2022\\\/#website\"},\"primaryImageOfPage\":{\"@id\":\"https:\\\/\\\/regiaonews.net.br\\\/2022\\\/2024\\\/12\\\/16\\\/investigacao-da-corregedoria-da-pm-desarticula-quadrilha-que-extorquia-comerciantes-no-bras\\\/#primaryimage\"},\"image\":{\"@id\":\"https:\\\/\\\/regiaonews.net.br\\\/2022\\\/2024\\\/12\\\/16\\\/investigacao-da-corregedoria-da-pm-desarticula-quadrilha-que-extorquia-comerciantes-no-bras\\\/#primaryimage\"},\"thumbnailUrl\":\"https:\\\/\\\/regiaonews.net.br\\\/2022\\\/wp-content\\\/uploads\\\/2024\\\/12\\\/operacao-aurora-1024x576-1.jpg\",\"datePublished\":\"2024-12-16T23:01:23+00:00\",\"dateModified\":\"2024-12-17T01:05:36+00:00\",\"breadcrumb\":{\"@id\":\"https:\\\/\\\/regiaonews.net.br\\\/2022\\\/2024\\\/12\\\/16\\\/investigacao-da-corregedoria-da-pm-desarticula-quadrilha-que-extorquia-comerciantes-no-bras\\\/#breadcrumb\"},\"inLanguage\":\"pt-BR\",\"potentialAction\":[{\"@type\":\"ReadAction\",\"target\":[\"https:\\\/\\\/regiaonews.net.br\\\/2022\\\/2024\\\/12\\\/16\\\/investigacao-da-corregedoria-da-pm-desarticula-quadrilha-que-extorquia-comerciantes-no-bras\\\/\"]}]},{\"@type\":\"ImageObject\",\"inLanguage\":\"pt-BR\",\"@id\":\"https:\\\/\\\/regiaonews.net.br\\\/2022\\\/2024\\\/12\\\/16\\\/investigacao-da-corregedoria-da-pm-desarticula-quadrilha-que-extorquia-comerciantes-no-bras\\\/#primaryimage\",\"url\":\"https:\\\/\\\/regiaonews.net.br\\\/2022\\\/wp-content\\\/uploads\\\/2024\\\/12\\\/operacao-aurora-1024x576-1.jpg\",\"contentUrl\":\"https:\\\/\\\/regiaonews.net.br\\\/2022\\\/wp-content\\\/uploads\\\/2024\\\/12\\\/operacao-aurora-1024x576-1.jpg\",\"width\":1024,\"height\":576},{\"@type\":\"BreadcrumbList\",\"@id\":\"https:\\\/\\\/regiaonews.net.br\\\/2022\\\/2024\\\/12\\\/16\\\/investigacao-da-corregedoria-da-pm-desarticula-quadrilha-que-extorquia-comerciantes-no-bras\\\/#breadcrumb\",\"itemListElement\":[{\"@type\":\"ListItem\",\"position\":1,\"name\":\"In\u00edcio\",\"item\":\"https:\\\/\\\/regiaonews.net.br\\\/2022\\\/\"},{\"@type\":\"ListItem\",\"position\":2,\"name\":\"Investiga\u00e7\u00e3o da Corregedoria da PM desarticula quadrilha que extorquia comerciantes no Br\u00e1s\"}]},{\"@type\":\"WebSite\",\"@id\":\"https:\\\/\\\/regiaonews.net.br\\\/2022\\\/#website\",\"url\":\"https:\\\/\\\/regiaonews.net.br\\\/2022\\\/\",\"name\":\"Regi\u00e3o News\",\"description\":\"Site de Not\u00edcias de Barretos e regi\u00e3o\",\"publisher\":{\"@id\":\"https:\\\/\\\/regiaonews.net.br\\\/2022\\\/#organization\"},\"potentialAction\":[{\"@type\":\"SearchAction\",\"target\":{\"@type\":\"EntryPoint\",\"urlTemplate\":\"https:\\\/\\\/regiaonews.net.br\\\/2022\\\/?s={search_term_string}\"},\"query-input\":{\"@type\":\"PropertyValueSpecification\",\"valueRequired\":true,\"valueName\":\"search_term_string\"}}],\"inLanguage\":\"pt-BR\"},{\"@type\":\"Organization\",\"@id\":\"https:\\\/\\\/regiaonews.net.br\\\/2022\\\/#organization\",\"name\":\"Regi\u00e3o News\",\"url\":\"https:\\\/\\\/regiaonews.net.br\\\/2022\\\/\",\"logo\":{\"@type\":\"ImageObject\",\"inLanguage\":\"pt-BR\",\"@id\":\"https:\\\/\\\/regiaonews.net.br\\\/2022\\\/#\\\/schema\\\/logo\\\/image\\\/\",\"url\":\"https:\\\/\\\/regiaonews.net.br\\\/2022\\\/wp-content\\\/uploads\\\/2026\\\/03\\\/regiao-13-anos-scaled.jpg\",\"contentUrl\":\"https:\\\/\\\/regiaonews.net.br\\\/2022\\\/wp-content\\\/uploads\\\/2026\\\/03\\\/regiao-13-anos-scaled.jpg\",\"width\":2560,\"height\":635,\"caption\":\"Regi\u00e3o News\"},\"image\":{\"@id\":\"https:\\\/\\\/regiaonews.net.br\\\/2022\\\/#\\\/schema\\\/logo\\\/image\\\/\"}},{\"@type\":\"Person\",\"@id\":\"https:\\\/\\\/regiaonews.net.br\\\/2022\\\/#\\\/schema\\\/person\\\/2d205a608a5aa97ac279d7a5e6d89ad8\",\"name\":\"Roberto\",\"image\":{\"@type\":\"ImageObject\",\"inLanguage\":\"pt-BR\",\"@id\":\"https:\\\/\\\/secure.gravatar.com\\\/avatar\\\/42749d8b712ff9d59ca93dc150494e5b55a44134482993f5baeb97e61b7ecc89?s=96&d=mm&r=g\",\"url\":\"https:\\\/\\\/secure.gravatar.com\\\/avatar\\\/42749d8b712ff9d59ca93dc150494e5b55a44134482993f5baeb97e61b7ecc89?s=96&d=mm&r=g\",\"contentUrl\":\"https:\\\/\\\/secure.gravatar.com\\\/avatar\\\/42749d8b712ff9d59ca93dc150494e5b55a44134482993f5baeb97e61b7ecc89?s=96&d=mm&r=g\",\"caption\":\"Roberto\"},\"url\":\"https:\\\/\\\/regiaonews.net.br\\\/2022\\\/author\\\/roberto\\\/\"}]}<\/script>\n<!-- \/ Yoast SEO plugin. -->","yoast_head_json":{"title":"Investiga\u00e7\u00e3o da Corregedoria da PM desarticula quadrilha que extorquia comerciantes no Br\u00e1s - Regi\u00e3o News","robots":{"index":"index","follow":"follow","max-snippet":"max-snippet:-1","max-image-preview":"max-image-preview:large","max-video-preview":"max-video-preview:-1"},"canonical":"https:\/\/regiaonews.net.br\/2022\/2024\/12\/16\/investigacao-da-corregedoria-da-pm-desarticula-quadrilha-que-extorquia-comerciantes-no-bras\/","og_locale":"pt_BR","og_type":"article","og_title":"Investiga\u00e7\u00e3o da Corregedoria da PM desarticula quadrilha que extorquia comerciantes no Br\u00e1s - Regi\u00e3o News","og_description":"As pol\u00edcias Militar e Civil, em conjunto com o\u00a0Grupo de","og_url":"https:\/\/regiaonews.net.br\/2022\/2024\/12\/16\/investigacao-da-corregedoria-da-pm-desarticula-quadrilha-que-extorquia-comerciantes-no-bras\/","og_site_name":"Regi\u00e3o News","article_published_time":"2024-12-16T23:01:23+00:00","article_modified_time":"2024-12-17T01:05:36+00:00","og_image":[{"width":1024,"height":576,"url":"https:\/\/regiaonews.net.br\/2022\/wp-content\/uploads\/2024\/12\/operacao-aurora-1024x576-1.jpg","type":"image\/jpeg"}],"author":"Roberto","twitter_card":"summary_large_image","twitter_misc":{"Escrito por":"Roberto","Est. tempo de leitura":"3 minutos"},"schema":{"@context":"https:\/\/schema.org","@graph":[{"@type":"Article","@id":"https:\/\/regiaonews.net.br\/2022\/2024\/12\/16\/investigacao-da-corregedoria-da-pm-desarticula-quadrilha-que-extorquia-comerciantes-no-bras\/#article","isPartOf":{"@id":"https:\/\/regiaonews.net.br\/2022\/2024\/12\/16\/investigacao-da-corregedoria-da-pm-desarticula-quadrilha-que-extorquia-comerciantes-no-bras\/"},"author":{"name":"Roberto","@id":"https:\/\/regiaonews.net.br\/2022\/#\/schema\/person\/2d205a608a5aa97ac279d7a5e6d89ad8"},"headline":"Investiga\u00e7\u00e3o da Corregedoria da PM desarticula quadrilha que extorquia comerciantes no Br\u00e1s","datePublished":"2024-12-16T23:01:23+00:00","dateModified":"2024-12-17T01:05:36+00:00","mainEntityOfPage":{"@id":"https:\/\/regiaonews.net.br\/2022\/2024\/12\/16\/investigacao-da-corregedoria-da-pm-desarticula-quadrilha-que-extorquia-comerciantes-no-bras\/"},"wordCount":391,"commentCount":0,"publisher":{"@id":"https:\/\/regiaonews.net.br\/2022\/#organization"},"image":{"@id":"https:\/\/regiaonews.net.br\/2022\/2024\/12\/16\/investigacao-da-corregedoria-da-pm-desarticula-quadrilha-que-extorquia-comerciantes-no-bras\/#primaryimage"},"thumbnailUrl":"https:\/\/regiaonews.net.br\/2022\/wp-content\/uploads\/2024\/12\/operacao-aurora-1024x576-1.jpg","articleSection":["Estado de S\u00e3o Paulo","Policia"],"inLanguage":"pt-BR","potentialAction":[{"@type":"CommentAction","name":"Comment","target":["https:\/\/regiaonews.net.br\/2022\/2024\/12\/16\/investigacao-da-corregedoria-da-pm-desarticula-quadrilha-que-extorquia-comerciantes-no-bras\/#respond"]}]},{"@type":"WebPage","@id":"https:\/\/regiaonews.net.br\/2022\/2024\/12\/16\/investigacao-da-corregedoria-da-pm-desarticula-quadrilha-que-extorquia-comerciantes-no-bras\/","url":"https:\/\/regiaonews.net.br\/2022\/2024\/12\/16\/investigacao-da-corregedoria-da-pm-desarticula-quadrilha-que-extorquia-comerciantes-no-bras\/","name":"Investiga\u00e7\u00e3o da Corregedoria da PM desarticula quadrilha que extorquia comerciantes no Br\u00e1s - Regi\u00e3o News","isPartOf":{"@id":"https:\/\/regiaonews.net.br\/2022\/#website"},"primaryImageOfPage":{"@id":"https:\/\/regiaonews.net.br\/2022\/2024\/12\/16\/investigacao-da-corregedoria-da-pm-desarticula-quadrilha-que-extorquia-comerciantes-no-bras\/#primaryimage"},"image":{"@id":"https:\/\/regiaonews.net.br\/2022\/2024\/12\/16\/investigacao-da-corregedoria-da-pm-desarticula-quadrilha-que-extorquia-comerciantes-no-bras\/#primaryimage"},"thumbnailUrl":"https:\/\/regiaonews.net.br\/2022\/wp-content\/uploads\/2024\/12\/operacao-aurora-1024x576-1.jpg","datePublished":"2024-12-16T23:01:23+00:00","dateModified":"2024-12-17T01:05:36+00:00","breadcrumb":{"@id":"https:\/\/regiaonews.net.br\/2022\/2024\/12\/16\/investigacao-da-corregedoria-da-pm-desarticula-quadrilha-que-extorquia-comerciantes-no-bras\/#breadcrumb"},"inLanguage":"pt-BR","potentialAction":[{"@type":"ReadAction","target":["https:\/\/regiaonews.net.br\/2022\/2024\/12\/16\/investigacao-da-corregedoria-da-pm-desarticula-quadrilha-que-extorquia-comerciantes-no-bras\/"]}]},{"@type":"ImageObject","inLanguage":"pt-BR","@id":"https:\/\/regiaonews.net.br\/2022\/2024\/12\/16\/investigacao-da-corregedoria-da-pm-desarticula-quadrilha-que-extorquia-comerciantes-no-bras\/#primaryimage","url":"https:\/\/regiaonews.net.br\/2022\/wp-content\/uploads\/2024\/12\/operacao-aurora-1024x576-1.jpg","contentUrl":"https:\/\/regiaonews.net.br\/2022\/wp-content\/uploads\/2024\/12\/operacao-aurora-1024x576-1.jpg","width":1024,"height":576},{"@type":"BreadcrumbList","@id":"https:\/\/regiaonews.net.br\/2022\/2024\/12\/16\/investigacao-da-corregedoria-da-pm-desarticula-quadrilha-que-extorquia-comerciantes-no-bras\/#breadcrumb","itemListElement":[{"@type":"ListItem","position":1,"name":"In\u00edcio","item":"https:\/\/regiaonews.net.br\/2022\/"},{"@type":"ListItem","position":2,"name":"Investiga\u00e7\u00e3o da Corregedoria da PM desarticula quadrilha que extorquia comerciantes no Br\u00e1s"}]},{"@type":"WebSite","@id":"https:\/\/regiaonews.net.br\/2022\/#website","url":"https:\/\/regiaonews.net.br\/2022\/","name":"Regi\u00e3o News","description":"Site de Not\u00edcias de Barretos e regi\u00e3o","publisher":{"@id":"https:\/\/regiaonews.net.br\/2022\/#organization"},"potentialAction":[{"@type":"SearchAction","target":{"@type":"EntryPoint","urlTemplate":"https:\/\/regiaonews.net.br\/2022\/?s={search_term_string}"},"query-input":{"@type":"PropertyValueSpecification","valueRequired":true,"valueName":"search_term_string"}}],"inLanguage":"pt-BR"},{"@type":"Organization","@id":"https:\/\/regiaonews.net.br\/2022\/#organization","name":"Regi\u00e3o News","url":"https:\/\/regiaonews.net.br\/2022\/","logo":{"@type":"ImageObject","inLanguage":"pt-BR","@id":"https:\/\/regiaonews.net.br\/2022\/#\/schema\/logo\/image\/","url":"https:\/\/regiaonews.net.br\/2022\/wp-content\/uploads\/2026\/03\/regiao-13-anos-scaled.jpg","contentUrl":"https:\/\/regiaonews.net.br\/2022\/wp-content\/uploads\/2026\/03\/regiao-13-anos-scaled.jpg","width":2560,"height":635,"caption":"Regi\u00e3o News"},"image":{"@id":"https:\/\/regiaonews.net.br\/2022\/#\/schema\/logo\/image\/"}},{"@type":"Person","@id":"https:\/\/regiaonews.net.br\/2022\/#\/schema\/person\/2d205a608a5aa97ac279d7a5e6d89ad8","name":"Roberto","image":{"@type":"ImageObject","inLanguage":"pt-BR","@id":"https:\/\/secure.gravatar.com\/avatar\/42749d8b712ff9d59ca93dc150494e5b55a44134482993f5baeb97e61b7ecc89?s=96&d=mm&r=g","url":"https:\/\/secure.gravatar.com\/avatar\/42749d8b712ff9d59ca93dc150494e5b55a44134482993f5baeb97e61b7ecc89?s=96&d=mm&r=g","contentUrl":"https:\/\/secure.gravatar.com\/avatar\/42749d8b712ff9d59ca93dc150494e5b55a44134482993f5baeb97e61b7ecc89?s=96&d=mm&r=g","caption":"Roberto"},"url":"https:\/\/regiaonews.net.br\/2022\/author\/roberto\/"}]}},"publishpress_future_action":{"enabled":false,"date":"2026-05-02 04:13:59","action":"change-status","newStatus":"draft","terms":[],"taxonomy":"category","extraData":[]},"publishpress_future_workflow_manual_trigger":{"enabledWorkflows":[]},"_links":{"self":[{"href":"https:\/\/regiaonews.net.br\/2022\/wp-json\/wp\/v2\/posts\/113044","targetHints":{"allow":["GET"]}}],"collection":[{"href":"https:\/\/regiaonews.net.br\/2022\/wp-json\/wp\/v2\/posts"}],"about":[{"href":"https:\/\/regiaonews.net.br\/2022\/wp-json\/wp\/v2\/types\/post"}],"author":[{"embeddable":true,"href":"https:\/\/regiaonews.net.br\/2022\/wp-json\/wp\/v2\/users\/2"}],"replies":[{"embeddable":true,"href":"https:\/\/regiaonews.net.br\/2022\/wp-json\/wp\/v2\/comments?post=113044"}],"version-history":[{"count":1,"href":"https:\/\/regiaonews.net.br\/2022\/wp-json\/wp\/v2\/posts\/113044\/revisions"}],"predecessor-version":[{"id":113046,"href":"https:\/\/regiaonews.net.br\/2022\/wp-json\/wp\/v2\/posts\/113044\/revisions\/113046"}],"wp:featuredmedia":[{"embeddable":true,"href":"https:\/\/regiaonews.net.br\/2022\/wp-json\/wp\/v2\/media\/113045"}],"wp:attachment":[{"href":"https:\/\/regiaonews.net.br\/2022\/wp-json\/wp\/v2\/media?parent=113044"}],"wp:term":[{"taxonomy":"category","embeddable":true,"href":"https:\/\/regiaonews.net.br\/2022\/wp-json\/wp\/v2\/categories?post=113044"},{"taxonomy":"post_tag","embeddable":true,"href":"https:\/\/regiaonews.net.br\/2022\/wp-json\/wp\/v2\/tags?post=113044"}],"curies":[{"name":"wp","href":"https:\/\/api.w.org\/{rel}","templated":true}]}}