{"id":113041,"date":"2024-12-16T19:58:06","date_gmt":"2024-12-16T22:58:06","guid":{"rendered":"https:\/\/regiaonews.net.br\/2022\/?p=113041"},"modified":"2024-12-16T22:08:26","modified_gmt":"2024-12-17T01:08:26","slug":"prefeito-eleito-de-barretos-reune-se-com-eduardo-bolsonaro-para-discutir-o-futuro-da-cidade","status":"publish","type":"post","link":"https:\/\/regiaonews.net.br\/2022\/2024\/12\/16\/prefeito-eleito-de-barretos-reune-se-com-eduardo-bolsonaro-para-discutir-o-futuro-da-cidade\/","title":{"rendered":"Prefeito eleito de Barretos re\u00fane-se com Eduardo Bolsonaro para discutir o futuro da cidade"},"content":{"rendered":"<p>&nbsp;<\/p>\n<p>Nesta segunda-feira (16), na capital paulista, o Prefeito Eleito de Barretos Odair Silva teve um encontro importante com o Deputado Federal Eduardo Bolsonaro (PL-SP). A reuni\u00e3o, marcada por discuss\u00f5es sobre o futuro da cidade, teve como foco principal a sa\u00fade p\u00fablica, um dos pilares da gest\u00e3o que se inicia.<br \/>\nDurante o encontro, Eduardo Bolsonaro destacou a import\u00e2ncia do teste do pezinho avan\u00e7ado, uma iniciativa que amplia a capacidade de diagn\u00f3stico precoce de doen\u00e7as raras em rec\u00e9m-nascidos. \u201c Essa tecnologia pode salvar vidas e reduzir os impactos de doen\u00e7as raras que, quando detectadas cedo, t\u00eam maiores chances de tratamento efetivo\u201d, afirmou o deputado.<br \/>\nOdair Silva refor\u00e7ou o compromisso de Barretos em buscar parcerias para fortalecer a sa\u00fade local. \u201cNosso objetivo \u00e9 trazer mais avan\u00e7os para a popula\u00e7\u00e3o. O teste do pezinho avan\u00e7ado, por exemplo, \u00e9 uma medida que queremos viabilizar, garantindo mais qualidade de vida e esperan\u00e7a para nossas fam\u00edlias\u201d, declarou.<br \/>\nA reuni\u00e3o tamb\u00e9m abriu espa\u00e7o para outros debates sobre a infraestrutura da sa\u00fade em Barretos e poss\u00edveis investimentos estaduais e federais na regi\u00e3o. Eduardo Bolsonaro se comprometeu a apoiar iniciativas que possam beneficiar o munic\u00edpio.<br \/>\nCom uma popula\u00e7\u00e3o de mais de 120 mil habitantes e reconhecida como refer\u00eancia em sa\u00fade por abrigar o Hospital de Amor, Barretos busca manter sua lideran\u00e7a na \u00e1rea, agora mirando tamb\u00e9m em tecnologias inovadoras e pol\u00edticas p\u00fablicas mais inclusivas.<\/p>\n","protected":false},"excerpt":{"rendered":"<p>&nbsp; Nesta segunda-feira (16), na capital paulista, o Prefeito Eleito<\/p>\n","protected":false},"author":2,"featured_media":113042,"comment_status":"open","ping_status":"open","sticky":false,"template":"","format":"standard","meta":{"footnotes":""},"categories":[14],"tags":[209,260,259,258],"class_list":["post-113041","post","type-post","status-publish","format-standard","has-post-thumbnail","hentry","category-barretos","tag-barretos","tag-eduardo-bolsonaro","tag-odair-silva","tag-prefeito-eleito"],"yoast_head":"<!-- This site is optimized with the Yoast SEO plugin v27.4 - https:\/\/yoast.com\/product\/yoast-seo-wordpress\/ -->\n<title>Prefeito eleito de Barretos re\u00fane-se com Eduardo Bolsonaro para discutir o futuro da cidade - Regi\u00e3o News<\/title>\n<meta name=\"robots\" content=\"index, follow, max-snippet:-1, max-image-preview:large, max-video-preview:-1\" \/>\n<link rel=\"canonical\" href=\"https:\/\/regiaonews.net.br\/2022\/2024\/12\/16\/prefeito-eleito-de-barretos-reune-se-com-eduardo-bolsonaro-para-discutir-o-futuro-da-cidade\/\" \/>\n<meta property=\"og:locale\" content=\"pt_BR\" \/>\n<meta property=\"og:type\" content=\"article\" \/>\n<meta property=\"og:title\" content=\"Prefeito eleito de Barretos re\u00fane-se com Eduardo Bolsonaro para discutir o futuro da cidade - Regi\u00e3o News\" \/>\n<meta property=\"og:description\" content=\"&nbsp; Nesta segunda-feira (16), na capital paulista, o Prefeito Eleito\" \/>\n<meta property=\"og:url\" content=\"https:\/\/regiaonews.net.br\/2022\/2024\/12\/16\/prefeito-eleito-de-barretos-reune-se-com-eduardo-bolsonaro-para-discutir-o-futuro-da-cidade\/\" \/>\n<meta property=\"og:site_name\" content=\"Regi\u00e3o News\" \/>\n<meta property=\"article:published_time\" content=\"2024-12-16T22:58:06+00:00\" \/>\n<meta property=\"article:modified_time\" content=\"2024-12-17T01:08:26+00:00\" \/>\n<meta property=\"og:image\" content=\"https:\/\/regiaonews.net.br\/2022\/wp-content\/uploads\/2024\/12\/WhatsApp-Image-2024-12-16-at-16.58.10.jpeg\" \/>\n\t<meta property=\"og:image:width\" content=\"900\" \/>\n\t<meta property=\"og:image:height\" content=\"1600\" \/>\n\t<meta property=\"og:image:type\" content=\"image\/jpeg\" \/>\n<meta name=\"author\" content=\"Roberto\" \/>\n<meta name=\"twitter:card\" content=\"summary_large_image\" \/>\n<meta name=\"twitter:label1\" content=\"Escrito por\" \/>\n\t<meta name=\"twitter:data1\" content=\"Roberto\" \/>\n\t<meta name=\"twitter:label2\" content=\"Est. tempo de leitura\" \/>\n\t<meta name=\"twitter:data2\" content=\"2 minutos\" \/>\n<script type=\"application\/ld+json\" class=\"yoast-schema-graph\">{\"@context\":\"https:\\\/\\\/schema.org\",\"@graph\":[{\"@type\":\"Article\",\"@id\":\"https:\\\/\\\/regiaonews.net.br\\\/2022\\\/2024\\\/12\\\/16\\\/prefeito-eleito-de-barretos-reune-se-com-eduardo-bolsonaro-para-discutir-o-futuro-da-cidade\\\/#article\",\"isPartOf\":{\"@id\":\"https:\\\/\\\/regiaonews.net.br\\\/2022\\\/2024\\\/12\\\/16\\\/prefeito-eleito-de-barretos-reune-se-com-eduardo-bolsonaro-para-discutir-o-futuro-da-cidade\\\/\"},\"author\":{\"name\":\"Roberto\",\"@id\":\"https:\\\/\\\/regiaonews.net.br\\\/2022\\\/#\\\/schema\\\/person\\\/2d205a608a5aa97ac279d7a5e6d89ad8\"},\"headline\":\"Prefeito eleito de Barretos re\u00fane-se com Eduardo Bolsonaro para discutir o futuro da cidade\",\"datePublished\":\"2024-12-16T22:58:06+00:00\",\"dateModified\":\"2024-12-17T01:08:26+00:00\",\"mainEntityOfPage\":{\"@id\":\"https:\\\/\\\/regiaonews.net.br\\\/2022\\\/2024\\\/12\\\/16\\\/prefeito-eleito-de-barretos-reune-se-com-eduardo-bolsonaro-para-discutir-o-futuro-da-cidade\\\/\"},\"wordCount\":268,\"commentCount\":0,\"publisher\":{\"@id\":\"https:\\\/\\\/regiaonews.net.br\\\/2022\\\/#organization\"},\"image\":{\"@id\":\"https:\\\/\\\/regiaonews.net.br\\\/2022\\\/2024\\\/12\\\/16\\\/prefeito-eleito-de-barretos-reune-se-com-eduardo-bolsonaro-para-discutir-o-futuro-da-cidade\\\/#primaryimage\"},\"thumbnailUrl\":\"https:\\\/\\\/regiaonews.net.br\\\/2022\\\/wp-content\\\/uploads\\\/2024\\\/12\\\/WhatsApp-Image-2024-12-16-at-16.58.10.jpeg\",\"keywords\":[\"barretos\",\"Eduardo Bolsonaro\",\"ODAIR Silva\",\"Prefeito eleito\"],\"articleSection\":[\"Barretos\"],\"inLanguage\":\"pt-BR\",\"potentialAction\":[{\"@type\":\"CommentAction\",\"name\":\"Comment\",\"target\":[\"https:\\\/\\\/regiaonews.net.br\\\/2022\\\/2024\\\/12\\\/16\\\/prefeito-eleito-de-barretos-reune-se-com-eduardo-bolsonaro-para-discutir-o-futuro-da-cidade\\\/#respond\"]}]},{\"@type\":\"WebPage\",\"@id\":\"https:\\\/\\\/regiaonews.net.br\\\/2022\\\/2024\\\/12\\\/16\\\/prefeito-eleito-de-barretos-reune-se-com-eduardo-bolsonaro-para-discutir-o-futuro-da-cidade\\\/\",\"url\":\"https:\\\/\\\/regiaonews.net.br\\\/2022\\\/2024\\\/12\\\/16\\\/prefeito-eleito-de-barretos-reune-se-com-eduardo-bolsonaro-para-discutir-o-futuro-da-cidade\\\/\",\"name\":\"Prefeito eleito de Barretos re\u00fane-se com Eduardo Bolsonaro para discutir o futuro da cidade - Regi\u00e3o News\",\"isPartOf\":{\"@id\":\"https:\\\/\\\/regiaonews.net.br\\\/2022\\\/#website\"},\"primaryImageOfPage\":{\"@id\":\"https:\\\/\\\/regiaonews.net.br\\\/2022\\\/2024\\\/12\\\/16\\\/prefeito-eleito-de-barretos-reune-se-com-eduardo-bolsonaro-para-discutir-o-futuro-da-cidade\\\/#primaryimage\"},\"image\":{\"@id\":\"https:\\\/\\\/regiaonews.net.br\\\/2022\\\/2024\\\/12\\\/16\\\/prefeito-eleito-de-barretos-reune-se-com-eduardo-bolsonaro-para-discutir-o-futuro-da-cidade\\\/#primaryimage\"},\"thumbnailUrl\":\"https:\\\/\\\/regiaonews.net.br\\\/2022\\\/wp-content\\\/uploads\\\/2024\\\/12\\\/WhatsApp-Image-2024-12-16-at-16.58.10.jpeg\",\"datePublished\":\"2024-12-16T22:58:06+00:00\",\"dateModified\":\"2024-12-17T01:08:26+00:00\",\"breadcrumb\":{\"@id\":\"https:\\\/\\\/regiaonews.net.br\\\/2022\\\/2024\\\/12\\\/16\\\/prefeito-eleito-de-barretos-reune-se-com-eduardo-bolsonaro-para-discutir-o-futuro-da-cidade\\\/#breadcrumb\"},\"inLanguage\":\"pt-BR\",\"potentialAction\":[{\"@type\":\"ReadAction\",\"target\":[\"https:\\\/\\\/regiaonews.net.br\\\/2022\\\/2024\\\/12\\\/16\\\/prefeito-eleito-de-barretos-reune-se-com-eduardo-bolsonaro-para-discutir-o-futuro-da-cidade\\\/\"]}]},{\"@type\":\"ImageObject\",\"inLanguage\":\"pt-BR\",\"@id\":\"https:\\\/\\\/regiaonews.net.br\\\/2022\\\/2024\\\/12\\\/16\\\/prefeito-eleito-de-barretos-reune-se-com-eduardo-bolsonaro-para-discutir-o-futuro-da-cidade\\\/#primaryimage\",\"url\":\"https:\\\/\\\/regiaonews.net.br\\\/2022\\\/wp-content\\\/uploads\\\/2024\\\/12\\\/WhatsApp-Image-2024-12-16-at-16.58.10.jpeg\",\"contentUrl\":\"https:\\\/\\\/regiaonews.net.br\\\/2022\\\/wp-content\\\/uploads\\\/2024\\\/12\\\/WhatsApp-Image-2024-12-16-at-16.58.10.jpeg\",\"width\":900,\"height\":1600},{\"@type\":\"BreadcrumbList\",\"@id\":\"https:\\\/\\\/regiaonews.net.br\\\/2022\\\/2024\\\/12\\\/16\\\/prefeito-eleito-de-barretos-reune-se-com-eduardo-bolsonaro-para-discutir-o-futuro-da-cidade\\\/#breadcrumb\",\"itemListElement\":[{\"@type\":\"ListItem\",\"position\":1,\"name\":\"In\u00edcio\",\"item\":\"https:\\\/\\\/regiaonews.net.br\\\/2022\\\/\"},{\"@type\":\"ListItem\",\"position\":2,\"name\":\"Prefeito eleito de Barretos re\u00fane-se com Eduardo Bolsonaro para discutir o futuro da cidade\"}]},{\"@type\":\"WebSite\",\"@id\":\"https:\\\/\\\/regiaonews.net.br\\\/2022\\\/#website\",\"url\":\"https:\\\/\\\/regiaonews.net.br\\\/2022\\\/\",\"name\":\"Regi\u00e3o News\",\"description\":\"Site de Not\u00edcias de Barretos e regi\u00e3o\",\"publisher\":{\"@id\":\"https:\\\/\\\/regiaonews.net.br\\\/2022\\\/#organization\"},\"potentialAction\":[{\"@type\":\"SearchAction\",\"target\":{\"@type\":\"EntryPoint\",\"urlTemplate\":\"https:\\\/\\\/regiaonews.net.br\\\/2022\\\/?s={search_term_string}\"},\"query-input\":{\"@type\":\"PropertyValueSpecification\",\"valueRequired\":true,\"valueName\":\"search_term_string\"}}],\"inLanguage\":\"pt-BR\"},{\"@type\":\"Organization\",\"@id\":\"https:\\\/\\\/regiaonews.net.br\\\/2022\\\/#organization\",\"name\":\"Regi\u00e3o News\",\"url\":\"https:\\\/\\\/regiaonews.net.br\\\/2022\\\/\",\"logo\":{\"@type\":\"ImageObject\",\"inLanguage\":\"pt-BR\",\"@id\":\"https:\\\/\\\/regiaonews.net.br\\\/2022\\\/#\\\/schema\\\/logo\\\/image\\\/\",\"url\":\"https:\\\/\\\/regiaonews.net.br\\\/2022\\\/wp-content\\\/uploads\\\/2026\\\/03\\\/regiao-13-anos-scaled.jpg\",\"contentUrl\":\"https:\\\/\\\/regiaonews.net.br\\\/2022\\\/wp-content\\\/uploads\\\/2026\\\/03\\\/regiao-13-anos-scaled.jpg\",\"width\":2560,\"height\":635,\"caption\":\"Regi\u00e3o News\"},\"image\":{\"@id\":\"https:\\\/\\\/regiaonews.net.br\\\/2022\\\/#\\\/schema\\\/logo\\\/image\\\/\"}},{\"@type\":\"Person\",\"@id\":\"https:\\\/\\\/regiaonews.net.br\\\/2022\\\/#\\\/schema\\\/person\\\/2d205a608a5aa97ac279d7a5e6d89ad8\",\"name\":\"Roberto\",\"image\":{\"@type\":\"ImageObject\",\"inLanguage\":\"pt-BR\",\"@id\":\"https:\\\/\\\/secure.gravatar.com\\\/avatar\\\/42749d8b712ff9d59ca93dc150494e5b55a44134482993f5baeb97e61b7ecc89?s=96&d=mm&r=g\",\"url\":\"https:\\\/\\\/secure.gravatar.com\\\/avatar\\\/42749d8b712ff9d59ca93dc150494e5b55a44134482993f5baeb97e61b7ecc89?s=96&d=mm&r=g\",\"contentUrl\":\"https:\\\/\\\/secure.gravatar.com\\\/avatar\\\/42749d8b712ff9d59ca93dc150494e5b55a44134482993f5baeb97e61b7ecc89?s=96&d=mm&r=g\",\"caption\":\"Roberto\"},\"url\":\"https:\\\/\\\/regiaonews.net.br\\\/2022\\\/author\\\/roberto\\\/\"}]}<\/script>\n<!-- \/ Yoast SEO plugin. -->","yoast_head_json":{"title":"Prefeito eleito de Barretos re\u00fane-se com Eduardo Bolsonaro para discutir o futuro da cidade - Regi\u00e3o News","robots":{"index":"index","follow":"follow","max-snippet":"max-snippet:-1","max-image-preview":"max-image-preview:large","max-video-preview":"max-video-preview:-1"},"canonical":"https:\/\/regiaonews.net.br\/2022\/2024\/12\/16\/prefeito-eleito-de-barretos-reune-se-com-eduardo-bolsonaro-para-discutir-o-futuro-da-cidade\/","og_locale":"pt_BR","og_type":"article","og_title":"Prefeito eleito de Barretos re\u00fane-se com Eduardo Bolsonaro para discutir o futuro da cidade - Regi\u00e3o News","og_description":"&nbsp; Nesta segunda-feira (16), na capital paulista, o Prefeito Eleito","og_url":"https:\/\/regiaonews.net.br\/2022\/2024\/12\/16\/prefeito-eleito-de-barretos-reune-se-com-eduardo-bolsonaro-para-discutir-o-futuro-da-cidade\/","og_site_name":"Regi\u00e3o News","article_published_time":"2024-12-16T22:58:06+00:00","article_modified_time":"2024-12-17T01:08:26+00:00","og_image":[{"width":900,"height":1600,"url":"https:\/\/regiaonews.net.br\/2022\/wp-content\/uploads\/2024\/12\/WhatsApp-Image-2024-12-16-at-16.58.10.jpeg","type":"image\/jpeg"}],"author":"Roberto","twitter_card":"summary_large_image","twitter_misc":{"Escrito por":"Roberto","Est. tempo de leitura":"2 minutos"},"schema":{"@context":"https:\/\/schema.org","@graph":[{"@type":"Article","@id":"https:\/\/regiaonews.net.br\/2022\/2024\/12\/16\/prefeito-eleito-de-barretos-reune-se-com-eduardo-bolsonaro-para-discutir-o-futuro-da-cidade\/#article","isPartOf":{"@id":"https:\/\/regiaonews.net.br\/2022\/2024\/12\/16\/prefeito-eleito-de-barretos-reune-se-com-eduardo-bolsonaro-para-discutir-o-futuro-da-cidade\/"},"author":{"name":"Roberto","@id":"https:\/\/regiaonews.net.br\/2022\/#\/schema\/person\/2d205a608a5aa97ac279d7a5e6d89ad8"},"headline":"Prefeito eleito de Barretos re\u00fane-se com Eduardo Bolsonaro para discutir o futuro da cidade","datePublished":"2024-12-16T22:58:06+00:00","dateModified":"2024-12-17T01:08:26+00:00","mainEntityOfPage":{"@id":"https:\/\/regiaonews.net.br\/2022\/2024\/12\/16\/prefeito-eleito-de-barretos-reune-se-com-eduardo-bolsonaro-para-discutir-o-futuro-da-cidade\/"},"wordCount":268,"commentCount":0,"publisher":{"@id":"https:\/\/regiaonews.net.br\/2022\/#organization"},"image":{"@id":"https:\/\/regiaonews.net.br\/2022\/2024\/12\/16\/prefeito-eleito-de-barretos-reune-se-com-eduardo-bolsonaro-para-discutir-o-futuro-da-cidade\/#primaryimage"},"thumbnailUrl":"https:\/\/regiaonews.net.br\/2022\/wp-content\/uploads\/2024\/12\/WhatsApp-Image-2024-12-16-at-16.58.10.jpeg","keywords":["barretos","Eduardo Bolsonaro","ODAIR Silva","Prefeito eleito"],"articleSection":["Barretos"],"inLanguage":"pt-BR","potentialAction":[{"@type":"CommentAction","name":"Comment","target":["https:\/\/regiaonews.net.br\/2022\/2024\/12\/16\/prefeito-eleito-de-barretos-reune-se-com-eduardo-bolsonaro-para-discutir-o-futuro-da-cidade\/#respond"]}]},{"@type":"WebPage","@id":"https:\/\/regiaonews.net.br\/2022\/2024\/12\/16\/prefeito-eleito-de-barretos-reune-se-com-eduardo-bolsonaro-para-discutir-o-futuro-da-cidade\/","url":"https:\/\/regiaonews.net.br\/2022\/2024\/12\/16\/prefeito-eleito-de-barretos-reune-se-com-eduardo-bolsonaro-para-discutir-o-futuro-da-cidade\/","name":"Prefeito eleito de Barretos re\u00fane-se com Eduardo Bolsonaro para discutir o futuro da cidade - Regi\u00e3o News","isPartOf":{"@id":"https:\/\/regiaonews.net.br\/2022\/#website"},"primaryImageOfPage":{"@id":"https:\/\/regiaonews.net.br\/2022\/2024\/12\/16\/prefeito-eleito-de-barretos-reune-se-com-eduardo-bolsonaro-para-discutir-o-futuro-da-cidade\/#primaryimage"},"image":{"@id":"https:\/\/regiaonews.net.br\/2022\/2024\/12\/16\/prefeito-eleito-de-barretos-reune-se-com-eduardo-bolsonaro-para-discutir-o-futuro-da-cidade\/#primaryimage"},"thumbnailUrl":"https:\/\/regiaonews.net.br\/2022\/wp-content\/uploads\/2024\/12\/WhatsApp-Image-2024-12-16-at-16.58.10.jpeg","datePublished":"2024-12-16T22:58:06+00:00","dateModified":"2024-12-17T01:08:26+00:00","breadcrumb":{"@id":"https:\/\/regiaonews.net.br\/2022\/2024\/12\/16\/prefeito-eleito-de-barretos-reune-se-com-eduardo-bolsonaro-para-discutir-o-futuro-da-cidade\/#breadcrumb"},"inLanguage":"pt-BR","potentialAction":[{"@type":"ReadAction","target":["https:\/\/regiaonews.net.br\/2022\/2024\/12\/16\/prefeito-eleito-de-barretos-reune-se-com-eduardo-bolsonaro-para-discutir-o-futuro-da-cidade\/"]}]},{"@type":"ImageObject","inLanguage":"pt-BR","@id":"https:\/\/regiaonews.net.br\/2022\/2024\/12\/16\/prefeito-eleito-de-barretos-reune-se-com-eduardo-bolsonaro-para-discutir-o-futuro-da-cidade\/#primaryimage","url":"https:\/\/regiaonews.net.br\/2022\/wp-content\/uploads\/2024\/12\/WhatsApp-Image-2024-12-16-at-16.58.10.jpeg","contentUrl":"https:\/\/regiaonews.net.br\/2022\/wp-content\/uploads\/2024\/12\/WhatsApp-Image-2024-12-16-at-16.58.10.jpeg","width":900,"height":1600},{"@type":"BreadcrumbList","@id":"https:\/\/regiaonews.net.br\/2022\/2024\/12\/16\/prefeito-eleito-de-barretos-reune-se-com-eduardo-bolsonaro-para-discutir-o-futuro-da-cidade\/#breadcrumb","itemListElement":[{"@type":"ListItem","position":1,"name":"In\u00edcio","item":"https:\/\/regiaonews.net.br\/2022\/"},{"@type":"ListItem","position":2,"name":"Prefeito eleito de Barretos re\u00fane-se com Eduardo Bolsonaro para discutir o futuro da cidade"}]},{"@type":"WebSite","@id":"https:\/\/regiaonews.net.br\/2022\/#website","url":"https:\/\/regiaonews.net.br\/2022\/","name":"Regi\u00e3o News","description":"Site de Not\u00edcias de Barretos e regi\u00e3o","publisher":{"@id":"https:\/\/regiaonews.net.br\/2022\/#organization"},"potentialAction":[{"@type":"SearchAction","target":{"@type":"EntryPoint","urlTemplate":"https:\/\/regiaonews.net.br\/2022\/?s={search_term_string}"},"query-input":{"@type":"PropertyValueSpecification","valueRequired":true,"valueName":"search_term_string"}}],"inLanguage":"pt-BR"},{"@type":"Organization","@id":"https:\/\/regiaonews.net.br\/2022\/#organization","name":"Regi\u00e3o News","url":"https:\/\/regiaonews.net.br\/2022\/","logo":{"@type":"ImageObject","inLanguage":"pt-BR","@id":"https:\/\/regiaonews.net.br\/2022\/#\/schema\/logo\/image\/","url":"https:\/\/regiaonews.net.br\/2022\/wp-content\/uploads\/2026\/03\/regiao-13-anos-scaled.jpg","contentUrl":"https:\/\/regiaonews.net.br\/2022\/wp-content\/uploads\/2026\/03\/regiao-13-anos-scaled.jpg","width":2560,"height":635,"caption":"Regi\u00e3o News"},"image":{"@id":"https:\/\/regiaonews.net.br\/2022\/#\/schema\/logo\/image\/"}},{"@type":"Person","@id":"https:\/\/regiaonews.net.br\/2022\/#\/schema\/person\/2d205a608a5aa97ac279d7a5e6d89ad8","name":"Roberto","image":{"@type":"ImageObject","inLanguage":"pt-BR","@id":"https:\/\/secure.gravatar.com\/avatar\/42749d8b712ff9d59ca93dc150494e5b55a44134482993f5baeb97e61b7ecc89?s=96&d=mm&r=g","url":"https:\/\/secure.gravatar.com\/avatar\/42749d8b712ff9d59ca93dc150494e5b55a44134482993f5baeb97e61b7ecc89?s=96&d=mm&r=g","contentUrl":"https:\/\/secure.gravatar.com\/avatar\/42749d8b712ff9d59ca93dc150494e5b55a44134482993f5baeb97e61b7ecc89?s=96&d=mm&r=g","caption":"Roberto"},"url":"https:\/\/regiaonews.net.br\/2022\/author\/roberto\/"}]}},"publishpress_future_action":{"enabled":false,"date":"2026-05-03 07:42:05","action":"change-status","newStatus":"draft","terms":[],"taxonomy":"category","extraData":[]},"publishpress_future_workflow_manual_trigger":{"enabledWorkflows":[]},"_links":{"self":[{"href":"https:\/\/regiaonews.net.br\/2022\/wp-json\/wp\/v2\/posts\/113041","targetHints":{"allow":["GET"]}}],"collection":[{"href":"https:\/\/regiaonews.net.br\/2022\/wp-json\/wp\/v2\/posts"}],"about":[{"href":"https:\/\/regiaonews.net.br\/2022\/wp-json\/wp\/v2\/types\/post"}],"author":[{"embeddable":true,"href":"https:\/\/regiaonews.net.br\/2022\/wp-json\/wp\/v2\/users\/2"}],"replies":[{"embeddable":true,"href":"https:\/\/regiaonews.net.br\/2022\/wp-json\/wp\/v2\/comments?post=113041"}],"version-history":[{"count":2,"href":"https:\/\/regiaonews.net.br\/2022\/wp-json\/wp\/v2\/posts\/113041\/revisions"}],"predecessor-version":[{"id":113050,"href":"https:\/\/regiaonews.net.br\/2022\/wp-json\/wp\/v2\/posts\/113041\/revisions\/113050"}],"wp:featuredmedia":[{"embeddable":true,"href":"https:\/\/regiaonews.net.br\/2022\/wp-json\/wp\/v2\/media\/113042"}],"wp:attachment":[{"href":"https:\/\/regiaonews.net.br\/2022\/wp-json\/wp\/v2\/media?parent=113041"}],"wp:term":[{"taxonomy":"category","embeddable":true,"href":"https:\/\/regiaonews.net.br\/2022\/wp-json\/wp\/v2\/categories?post=113041"},{"taxonomy":"post_tag","embeddable":true,"href":"https:\/\/regiaonews.net.br\/2022\/wp-json\/wp\/v2\/tags?post=113041"}],"curies":[{"name":"wp","href":"https:\/\/api.w.org\/{rel}","templated":true}]}}