{"id":113038,"date":"2024-12-16T19:54:38","date_gmt":"2024-12-16T22:54:38","guid":{"rendered":"https:\/\/regiaonews.net.br\/2022\/?p=113038"},"modified":"2024-12-16T22:13:32","modified_gmt":"2024-12-17T01:13:32","slug":"instituto-butantan-pede-a-anvisa-registro-de-vacina-contra-a-dengue","status":"publish","type":"post","link":"https:\/\/regiaonews.net.br\/2022\/2024\/12\/16\/instituto-butantan-pede-a-anvisa-registro-de-vacina-contra-a-dengue\/","title":{"rendered":"Instituto Butantan pede \u00e0 Anvisa registro de vacina contra a dengue"},"content":{"rendered":"<p>O imunizante \u00e9 o 1\u00ba do mundo em dose \u00fanica; em caso de aprova\u00e7\u00e3o, cerca de 100 milh\u00f5es de doses poder\u00e3o ser entregues ao Minist\u00e9rio da Sa\u00fade nos pr\u00f3ximos tr\u00eas anos<\/p>\n<p>O Instituto Butantan, \u00f3rg\u00e3o ligado \u00e0 Secretaria de Estado da Sa\u00fade, concluiu nesta segunda-feira (16) o pedido de registro \u00e0 Anvisa de sua candidata \u00e0 vacina contra a dengue, a Butantan-DV. Para isso, entregou a \u00faltima leva de documentos necess\u00e1rios para a submiss\u00e3o do registro, concluindo o envio de tr\u00eas pacotes de informa\u00e7\u00f5es sobre o imunizante. A Butantan-DV, se aprovada, ser\u00e1 a primeira vacina do mundo em dose \u00fanica contra a dengue.<\/p>\n<p>O procedimento de submiss\u00e3o cont\u00ednua permitiu o encaminhamento dos dados \u00e0 medida em que foram gerados. A avalia\u00e7\u00e3o em fases tende a acelerar o processo de libera\u00e7\u00e3o do registro. A candidata \u00e0 vacina contra a dengue desenvolvida pelo Instituto Butantan \u00e9 um imunizante tetravalente de dose \u00fanica.<\/p>\n<p>Os\u00a0<a role=\"link\" href=\"https:\/\/www.agenciasp.sp.gov.br\/butantan-publica-estudo-de-fase-3-da-primeira-vacina-do-mundo-contra-a-chikungunya\/\" target=\"_blank\" rel=\"noreferrer noopener\">ensaios cl\u00ednicos do imunizante foram encerrados em junho deste ano<\/a>, quando o \u00faltimo participante completou 5 anos de acompanhamento. Recentemente, a candidata \u00e0 vacina teve seus dados de seguran\u00e7a e efic\u00e1cia divulgados no\u00a0<em>New England Journal of Medicine<\/em>, que mostram 79,6% de efic\u00e1cia geral para prevenir casos de dengue sintom\u00e1tica. Resultados da fase 3 do ensaio cl\u00ednico publicados na\u00a0<em><a role=\"link\" href=\"https:\/\/www.sciencedirect.com\/science\/article\/abs\/pii\/S1473309924003761?via%3Dihub\" target=\"_blank\" rel=\"noreferrer noopener\">The Lancet Infectious Diseases<\/a><\/em>\u00a0mostraram, ainda, uma prote\u00e7\u00e3o de 89% contra dengue grave e dengue com sinais de alarme, al\u00e9m de efic\u00e1cia e seguran\u00e7a prolongadas por at\u00e9 cinco anos.<\/p>\n<p>\u201c\u00c9 um dos maiores avan\u00e7os da sa\u00fade e da ci\u00eancia na hist\u00f3ria do pa\u00eds e uma enorme conquista em n\u00edvel internacional. Que o Instituto Butantan possa contribuir com a primeira vacina do mundo em dose \u00fanica contra a dengue mostra que vale a pena investir na pesquisa feita no Brasil e no desenvolvimento interno de imunobiol\u00f3gicos. Vamos aguardar e respeitar todos os procedimentos da Anvisa, um \u00f3rg\u00e3o de alt\u00edssima compet\u00eancia. Mas estamos confiantes nos resultados que vir\u00e3o\u201d, afirma Esper Kall\u00e1s, diretor do Instituto Butantan.<\/p>\n<p><strong>LEIA TAMB\u00c9M:\u00a0<a role=\"link\" href=\"https:\/\/www.agenciasp.sp.gov.br\/dengue-coronavirus-influenza-chikungunya-de-onde-vem-os-nomes-dos-virus-e-das-doencas\/\" target=\"_blank\" rel=\"noreferrer noopener\">Dengue, coronav\u00edrus, influenza, chikungunya: de onde v\u00eam os nomes dos v\u00edrus e das doen\u00e7as?<\/a><\/strong><\/p>\n<p>A Anvisa \u00e9 o \u00f3rg\u00e3o respons\u00e1vel por autorizar o registro de rem\u00e9dios e vacinas no pa\u00eds e avalia a efic\u00e1cia, seguran\u00e7a, qualidade e as condi\u00e7\u00f5es de fabrica\u00e7\u00e3o de imunobiol\u00f3gicos que podem futuramente ser comercializados e oferecidos pelo Sistema \u00danico de Sa\u00fade (SUS) \u2013 como \u00e9 o caso da vacina da dengue do Butantan.<\/p>\n<p>Em caso de aprova\u00e7\u00e3o pela Anvisa, o Instituto Butantan, poder\u00e1 disponibilizar cerca de 100 milh\u00f5es de doses ao Minist\u00e9rio da Sa\u00fade nos pr\u00f3ximos tr\u00eas anos. Um milh\u00e3o de doses da vacina poder\u00e3o ser entregues j\u00e1 em 2025, em caso de aprova\u00e7\u00e3o. As outras cerca de 100 milh\u00f5es de doses poder\u00e3o ser entregues nos anos de 2026 e 2027. A defini\u00e7\u00e3o dos crit\u00e9rios de vacina\u00e7\u00e3o da popula\u00e7\u00e3o dever\u00e1 ser feito pelo Minist\u00e9rio da Sa\u00fade, por meio do PNI.<\/p>\n<p>As informa\u00e7\u00f5es finais encaminhadas pelo Instituto detalham o processo de fabrica\u00e7\u00e3o das doses da vacina, isto \u00e9, demonstram como os testes de formula\u00e7\u00e3o e envase cumprem os requisitos da Anvisa. A ag\u00eancia regulat\u00f3ria exige a fabrica\u00e7\u00e3o de tr\u00eas lotes consecutivos do imunizante feitos de forma consistente e robusta e cumprindo todos os requisitos de qualidade.<\/p>\n<p>A f\u00e1brica da vacina da dengue, localizada no Centro Bioindustrial do Butantan, j\u00e1 foi inspecionada e considerada adequada pela Anvisa, que emitiu um certificado de Boas Pr\u00e1ticas de Fabrica\u00e7\u00e3o (BPF).<\/p>\n<h2 class=\"wp-block-heading\"><strong>Pr\u00f3ximos passos<\/strong><\/h2>\n<p>Ap\u00f3s a submiss\u00e3o, a Anvisa deve avaliar a documenta\u00e7\u00e3o e fazer poss\u00edveis questionamentos ao Butantan, que dever\u00e3o ser esclarecidos pelo Instituto durante o processo. Depois disso, com a poss\u00edvel aprova\u00e7\u00e3o por parte da Anvisa, o Instituto dever\u00e1 enviar uma solicita\u00e7\u00e3o de autoriza\u00e7\u00e3o de pre\u00e7o \u00e0 C\u00e2mara de Regula\u00e7\u00e3o de Mercado de Medicamentos (CMED).<\/p>\n<p><strong>LEIA TAMB\u00c9M:\u00a0<a role=\"link\" href=\"https:\/\/www.agenciasp.sp.gov.br\/por-que-a-dengue-e-transmitida-pelo-aedes-aegypti-entenda-como-os-virus-podem-se-adaptar-a-diferentes-mosquitos\/\" target=\"_blank\" rel=\"noreferrer noopener\">Por que a dengue \u00e9 transmitida pelo Aedes aegypti? Entenda como os v\u00edrus podem se adaptar a diferentes mosquitos<\/a><\/strong><\/p>\n<p>Ap\u00f3s essa avalia\u00e7\u00e3o, a Comiss\u00e3o Nacional de Incorpora\u00e7\u00e3o de Tecnologias no Sistema \u00danico de Sa\u00fade (CONITEC) ir\u00e1 estudar a poss\u00edvel incorpora\u00e7\u00e3o da vacina ao SUS. Essa an\u00e1lise t\u00e9cnica leva em considera\u00e7\u00e3o uma s\u00e9rie de pontos, entre os quais os resultados clinicamente relevantes, como a redu\u00e7\u00e3o de interna\u00e7\u00f5es e de absente\u00edsmo ao trabalho; benef\u00edcios e riscos no longo prazo para a popula\u00e7\u00e3o brasileira; al\u00e9m do potencial de inova\u00e7\u00e3o tecnol\u00f3gica que a incorpora\u00e7\u00e3o introduzir\u00e1 no sistema.<\/p>\n<h2 class=\"wp-block-heading\"><strong>Preven\u00e7\u00e3o<\/strong><\/h2>\n<p>O\u00a0<em>Aedes aegypti<\/em>\u00a0\u00e9 o principal transmissor do v\u00edrus da dengue no Brasil. Conhecido por se desenvolver em ambientes de \u00e1gua parada, \u00e9 durante o ver\u00e3o que a popula\u00e7\u00e3o do mosquito cresce, principalmente devido ao maior volume de chuvas e das altas temperaturas t\u00edpicas da esta\u00e7\u00e3o. Por isso, evitar o ac\u00famulo de \u00e1gua ainda \u00e9 a melhor maneira de interromper a cadeia de transmiss\u00e3o. \u00c9 fundamental que a popula\u00e7\u00e3o siga engajada no trabalho de preven\u00e7\u00e3o neste Ver\u00e3o.<\/p>\n<p><strong>Os cuidados essenciais s\u00e3o:<\/strong><\/p>\n<ul class=\"wp-block-list\">\n<li>manter caixas d\u2019\u00e1gua totalmente limpas e vedadas;<\/li>\n<li>fechar bem sacos de lixo e lixeiras;<\/li>\n<li>dispensar o uso ou preencher com areia os \u201cpratinhos\u201d de plantas;<\/li>\n<li>manter as calhas limpas e livres para o total escoamento da chuva;<\/li>\n<li>esfregar o fundo e as laterais dos potes de \u00e1gua oferecidos a animais;<\/li>\n<li>manter em dia a manuten\u00e7\u00e3o de piscinas.<\/li>\n<\/ul>\n<p>&nbsp;<\/p>\n<p>A fim de refor\u00e7ar os cuidados, vale instalar telas nas janelas e portas, e mosquiteiros em cima de camas e ber\u00e7os. Tamb\u00e9m \u00e9 recomendado aplicar repelente na parte da pele exposta e por cima da pr\u00f3pria roupa.<\/p>\n","protected":false},"excerpt":{"rendered":"<p>O imunizante \u00e9 o 1\u00ba do mundo em dose \u00fanica;<\/p>\n","protected":false},"author":2,"featured_media":113039,"comment_status":"open","ping_status":"open","sticky":false,"template":"","format":"standard","meta":{"footnotes":""},"categories":[7],"tags":[271,269,239,270],"class_list":["post-113038","post","type-post","status-publish","format-standard","has-post-thumbnail","hentry","category-estado-de-sao-paulo","tag-butanta","tag-dengue","tag-sao-paulo","tag-vacina"],"yoast_head":"<!-- This site is optimized with the Yoast SEO plugin v27.4 - https:\/\/yoast.com\/product\/yoast-seo-wordpress\/ -->\n<title>Instituto Butantan pede \u00e0 Anvisa registro de vacina contra a dengue - Regi\u00e3o News<\/title>\n<meta name=\"robots\" content=\"index, follow, max-snippet:-1, max-image-preview:large, max-video-preview:-1\" \/>\n<link rel=\"canonical\" href=\"https:\/\/regiaonews.net.br\/2022\/2024\/12\/16\/instituto-butantan-pede-a-anvisa-registro-de-vacina-contra-a-dengue\/\" \/>\n<meta property=\"og:locale\" content=\"pt_BR\" \/>\n<meta property=\"og:type\" content=\"article\" \/>\n<meta property=\"og:title\" content=\"Instituto Butantan pede \u00e0 Anvisa registro de vacina contra a dengue - Regi\u00e3o News\" \/>\n<meta property=\"og:description\" content=\"O imunizante \u00e9 o 1\u00ba do mundo em dose \u00fanica;\" \/>\n<meta property=\"og:url\" content=\"https:\/\/regiaonews.net.br\/2022\/2024\/12\/16\/instituto-butantan-pede-a-anvisa-registro-de-vacina-contra-a-dengue\/\" \/>\n<meta property=\"og:site_name\" content=\"Regi\u00e3o News\" \/>\n<meta property=\"article:published_time\" content=\"2024-12-16T22:54:38+00:00\" \/>\n<meta property=\"article:modified_time\" content=\"2024-12-17T01:13:32+00:00\" \/>\n<meta property=\"og:image\" content=\"https:\/\/regiaonews.net.br\/2022\/wp-content\/uploads\/2024\/12\/Vacinadengue_interna-1.jpg\" \/>\n\t<meta property=\"og:image:width\" content=\"750\" \/>\n\t<meta property=\"og:image:height\" content=\"500\" \/>\n\t<meta property=\"og:image:type\" content=\"image\/jpeg\" \/>\n<meta name=\"author\" content=\"Roberto\" \/>\n<meta name=\"twitter:card\" content=\"summary_large_image\" \/>\n<meta name=\"twitter:label1\" content=\"Escrito por\" \/>\n\t<meta name=\"twitter:data1\" content=\"Roberto\" \/>\n\t<meta name=\"twitter:label2\" content=\"Est. tempo de leitura\" \/>\n\t<meta name=\"twitter:data2\" content=\"6 minutos\" \/>\n<script type=\"application\/ld+json\" class=\"yoast-schema-graph\">{\"@context\":\"https:\\\/\\\/schema.org\",\"@graph\":[{\"@type\":\"Article\",\"@id\":\"https:\\\/\\\/regiaonews.net.br\\\/2022\\\/2024\\\/12\\\/16\\\/instituto-butantan-pede-a-anvisa-registro-de-vacina-contra-a-dengue\\\/#article\",\"isPartOf\":{\"@id\":\"https:\\\/\\\/regiaonews.net.br\\\/2022\\\/2024\\\/12\\\/16\\\/instituto-butantan-pede-a-anvisa-registro-de-vacina-contra-a-dengue\\\/\"},\"author\":{\"name\":\"Roberto\",\"@id\":\"https:\\\/\\\/regiaonews.net.br\\\/2022\\\/#\\\/schema\\\/person\\\/2d205a608a5aa97ac279d7a5e6d89ad8\"},\"headline\":\"Instituto Butantan pede \u00e0 Anvisa registro de vacina contra a dengue\",\"datePublished\":\"2024-12-16T22:54:38+00:00\",\"dateModified\":\"2024-12-17T01:13:32+00:00\",\"mainEntityOfPage\":{\"@id\":\"https:\\\/\\\/regiaonews.net.br\\\/2022\\\/2024\\\/12\\\/16\\\/instituto-butantan-pede-a-anvisa-registro-de-vacina-contra-a-dengue\\\/\"},\"wordCount\":993,\"commentCount\":0,\"publisher\":{\"@id\":\"https:\\\/\\\/regiaonews.net.br\\\/2022\\\/#organization\"},\"image\":{\"@id\":\"https:\\\/\\\/regiaonews.net.br\\\/2022\\\/2024\\\/12\\\/16\\\/instituto-butantan-pede-a-anvisa-registro-de-vacina-contra-a-dengue\\\/#primaryimage\"},\"thumbnailUrl\":\"https:\\\/\\\/regiaonews.net.br\\\/2022\\\/wp-content\\\/uploads\\\/2024\\\/12\\\/Vacinadengue_interna-1.jpg\",\"keywords\":[\"Butant\u00e3\",\"Dengue\",\"s\u00e3o paulo\",\"Vacina\"],\"articleSection\":[\"Estado de S\u00e3o Paulo\"],\"inLanguage\":\"pt-BR\",\"potentialAction\":[{\"@type\":\"CommentAction\",\"name\":\"Comment\",\"target\":[\"https:\\\/\\\/regiaonews.net.br\\\/2022\\\/2024\\\/12\\\/16\\\/instituto-butantan-pede-a-anvisa-registro-de-vacina-contra-a-dengue\\\/#respond\"]}]},{\"@type\":\"WebPage\",\"@id\":\"https:\\\/\\\/regiaonews.net.br\\\/2022\\\/2024\\\/12\\\/16\\\/instituto-butantan-pede-a-anvisa-registro-de-vacina-contra-a-dengue\\\/\",\"url\":\"https:\\\/\\\/regiaonews.net.br\\\/2022\\\/2024\\\/12\\\/16\\\/instituto-butantan-pede-a-anvisa-registro-de-vacina-contra-a-dengue\\\/\",\"name\":\"Instituto Butantan pede \u00e0 Anvisa registro de vacina contra a dengue - Regi\u00e3o News\",\"isPartOf\":{\"@id\":\"https:\\\/\\\/regiaonews.net.br\\\/2022\\\/#website\"},\"primaryImageOfPage\":{\"@id\":\"https:\\\/\\\/regiaonews.net.br\\\/2022\\\/2024\\\/12\\\/16\\\/instituto-butantan-pede-a-anvisa-registro-de-vacina-contra-a-dengue\\\/#primaryimage\"},\"image\":{\"@id\":\"https:\\\/\\\/regiaonews.net.br\\\/2022\\\/2024\\\/12\\\/16\\\/instituto-butantan-pede-a-anvisa-registro-de-vacina-contra-a-dengue\\\/#primaryimage\"},\"thumbnailUrl\":\"https:\\\/\\\/regiaonews.net.br\\\/2022\\\/wp-content\\\/uploads\\\/2024\\\/12\\\/Vacinadengue_interna-1.jpg\",\"datePublished\":\"2024-12-16T22:54:38+00:00\",\"dateModified\":\"2024-12-17T01:13:32+00:00\",\"breadcrumb\":{\"@id\":\"https:\\\/\\\/regiaonews.net.br\\\/2022\\\/2024\\\/12\\\/16\\\/instituto-butantan-pede-a-anvisa-registro-de-vacina-contra-a-dengue\\\/#breadcrumb\"},\"inLanguage\":\"pt-BR\",\"potentialAction\":[{\"@type\":\"ReadAction\",\"target\":[\"https:\\\/\\\/regiaonews.net.br\\\/2022\\\/2024\\\/12\\\/16\\\/instituto-butantan-pede-a-anvisa-registro-de-vacina-contra-a-dengue\\\/\"]}]},{\"@type\":\"ImageObject\",\"inLanguage\":\"pt-BR\",\"@id\":\"https:\\\/\\\/regiaonews.net.br\\\/2022\\\/2024\\\/12\\\/16\\\/instituto-butantan-pede-a-anvisa-registro-de-vacina-contra-a-dengue\\\/#primaryimage\",\"url\":\"https:\\\/\\\/regiaonews.net.br\\\/2022\\\/wp-content\\\/uploads\\\/2024\\\/12\\\/Vacinadengue_interna-1.jpg\",\"contentUrl\":\"https:\\\/\\\/regiaonews.net.br\\\/2022\\\/wp-content\\\/uploads\\\/2024\\\/12\\\/Vacinadengue_interna-1.jpg\",\"width\":750,\"height\":500},{\"@type\":\"BreadcrumbList\",\"@id\":\"https:\\\/\\\/regiaonews.net.br\\\/2022\\\/2024\\\/12\\\/16\\\/instituto-butantan-pede-a-anvisa-registro-de-vacina-contra-a-dengue\\\/#breadcrumb\",\"itemListElement\":[{\"@type\":\"ListItem\",\"position\":1,\"name\":\"In\u00edcio\",\"item\":\"https:\\\/\\\/regiaonews.net.br\\\/2022\\\/\"},{\"@type\":\"ListItem\",\"position\":2,\"name\":\"Instituto Butantan pede \u00e0 Anvisa registro de vacina contra a dengue\"}]},{\"@type\":\"WebSite\",\"@id\":\"https:\\\/\\\/regiaonews.net.br\\\/2022\\\/#website\",\"url\":\"https:\\\/\\\/regiaonews.net.br\\\/2022\\\/\",\"name\":\"Regi\u00e3o News\",\"description\":\"Site de Not\u00edcias de Barretos e regi\u00e3o\",\"publisher\":{\"@id\":\"https:\\\/\\\/regiaonews.net.br\\\/2022\\\/#organization\"},\"potentialAction\":[{\"@type\":\"SearchAction\",\"target\":{\"@type\":\"EntryPoint\",\"urlTemplate\":\"https:\\\/\\\/regiaonews.net.br\\\/2022\\\/?s={search_term_string}\"},\"query-input\":{\"@type\":\"PropertyValueSpecification\",\"valueRequired\":true,\"valueName\":\"search_term_string\"}}],\"inLanguage\":\"pt-BR\"},{\"@type\":\"Organization\",\"@id\":\"https:\\\/\\\/regiaonews.net.br\\\/2022\\\/#organization\",\"name\":\"Regi\u00e3o News\",\"url\":\"https:\\\/\\\/regiaonews.net.br\\\/2022\\\/\",\"logo\":{\"@type\":\"ImageObject\",\"inLanguage\":\"pt-BR\",\"@id\":\"https:\\\/\\\/regiaonews.net.br\\\/2022\\\/#\\\/schema\\\/logo\\\/image\\\/\",\"url\":\"https:\\\/\\\/regiaonews.net.br\\\/2022\\\/wp-content\\\/uploads\\\/2026\\\/03\\\/regiao-13-anos-scaled.jpg\",\"contentUrl\":\"https:\\\/\\\/regiaonews.net.br\\\/2022\\\/wp-content\\\/uploads\\\/2026\\\/03\\\/regiao-13-anos-scaled.jpg\",\"width\":2560,\"height\":635,\"caption\":\"Regi\u00e3o News\"},\"image\":{\"@id\":\"https:\\\/\\\/regiaonews.net.br\\\/2022\\\/#\\\/schema\\\/logo\\\/image\\\/\"}},{\"@type\":\"Person\",\"@id\":\"https:\\\/\\\/regiaonews.net.br\\\/2022\\\/#\\\/schema\\\/person\\\/2d205a608a5aa97ac279d7a5e6d89ad8\",\"name\":\"Roberto\",\"image\":{\"@type\":\"ImageObject\",\"inLanguage\":\"pt-BR\",\"@id\":\"https:\\\/\\\/secure.gravatar.com\\\/avatar\\\/42749d8b712ff9d59ca93dc150494e5b55a44134482993f5baeb97e61b7ecc89?s=96&d=mm&r=g\",\"url\":\"https:\\\/\\\/secure.gravatar.com\\\/avatar\\\/42749d8b712ff9d59ca93dc150494e5b55a44134482993f5baeb97e61b7ecc89?s=96&d=mm&r=g\",\"contentUrl\":\"https:\\\/\\\/secure.gravatar.com\\\/avatar\\\/42749d8b712ff9d59ca93dc150494e5b55a44134482993f5baeb97e61b7ecc89?s=96&d=mm&r=g\",\"caption\":\"Roberto\"},\"url\":\"https:\\\/\\\/regiaonews.net.br\\\/2022\\\/author\\\/roberto\\\/\"}]}<\/script>\n<!-- \/ Yoast SEO plugin. -->","yoast_head_json":{"title":"Instituto Butantan pede \u00e0 Anvisa registro de vacina contra a dengue - Regi\u00e3o News","robots":{"index":"index","follow":"follow","max-snippet":"max-snippet:-1","max-image-preview":"max-image-preview:large","max-video-preview":"max-video-preview:-1"},"canonical":"https:\/\/regiaonews.net.br\/2022\/2024\/12\/16\/instituto-butantan-pede-a-anvisa-registro-de-vacina-contra-a-dengue\/","og_locale":"pt_BR","og_type":"article","og_title":"Instituto Butantan pede \u00e0 Anvisa registro de vacina contra a dengue - Regi\u00e3o News","og_description":"O imunizante \u00e9 o 1\u00ba do mundo em dose \u00fanica;","og_url":"https:\/\/regiaonews.net.br\/2022\/2024\/12\/16\/instituto-butantan-pede-a-anvisa-registro-de-vacina-contra-a-dengue\/","og_site_name":"Regi\u00e3o News","article_published_time":"2024-12-16T22:54:38+00:00","article_modified_time":"2024-12-17T01:13:32+00:00","og_image":[{"width":750,"height":500,"url":"https:\/\/regiaonews.net.br\/2022\/wp-content\/uploads\/2024\/12\/Vacinadengue_interna-1.jpg","type":"image\/jpeg"}],"author":"Roberto","twitter_card":"summary_large_image","twitter_misc":{"Escrito por":"Roberto","Est. tempo de leitura":"6 minutos"},"schema":{"@context":"https:\/\/schema.org","@graph":[{"@type":"Article","@id":"https:\/\/regiaonews.net.br\/2022\/2024\/12\/16\/instituto-butantan-pede-a-anvisa-registro-de-vacina-contra-a-dengue\/#article","isPartOf":{"@id":"https:\/\/regiaonews.net.br\/2022\/2024\/12\/16\/instituto-butantan-pede-a-anvisa-registro-de-vacina-contra-a-dengue\/"},"author":{"name":"Roberto","@id":"https:\/\/regiaonews.net.br\/2022\/#\/schema\/person\/2d205a608a5aa97ac279d7a5e6d89ad8"},"headline":"Instituto Butantan pede \u00e0 Anvisa registro de vacina contra a dengue","datePublished":"2024-12-16T22:54:38+00:00","dateModified":"2024-12-17T01:13:32+00:00","mainEntityOfPage":{"@id":"https:\/\/regiaonews.net.br\/2022\/2024\/12\/16\/instituto-butantan-pede-a-anvisa-registro-de-vacina-contra-a-dengue\/"},"wordCount":993,"commentCount":0,"publisher":{"@id":"https:\/\/regiaonews.net.br\/2022\/#organization"},"image":{"@id":"https:\/\/regiaonews.net.br\/2022\/2024\/12\/16\/instituto-butantan-pede-a-anvisa-registro-de-vacina-contra-a-dengue\/#primaryimage"},"thumbnailUrl":"https:\/\/regiaonews.net.br\/2022\/wp-content\/uploads\/2024\/12\/Vacinadengue_interna-1.jpg","keywords":["Butant\u00e3","Dengue","s\u00e3o paulo","Vacina"],"articleSection":["Estado de S\u00e3o Paulo"],"inLanguage":"pt-BR","potentialAction":[{"@type":"CommentAction","name":"Comment","target":["https:\/\/regiaonews.net.br\/2022\/2024\/12\/16\/instituto-butantan-pede-a-anvisa-registro-de-vacina-contra-a-dengue\/#respond"]}]},{"@type":"WebPage","@id":"https:\/\/regiaonews.net.br\/2022\/2024\/12\/16\/instituto-butantan-pede-a-anvisa-registro-de-vacina-contra-a-dengue\/","url":"https:\/\/regiaonews.net.br\/2022\/2024\/12\/16\/instituto-butantan-pede-a-anvisa-registro-de-vacina-contra-a-dengue\/","name":"Instituto Butantan pede \u00e0 Anvisa registro de vacina contra a dengue - Regi\u00e3o News","isPartOf":{"@id":"https:\/\/regiaonews.net.br\/2022\/#website"},"primaryImageOfPage":{"@id":"https:\/\/regiaonews.net.br\/2022\/2024\/12\/16\/instituto-butantan-pede-a-anvisa-registro-de-vacina-contra-a-dengue\/#primaryimage"},"image":{"@id":"https:\/\/regiaonews.net.br\/2022\/2024\/12\/16\/instituto-butantan-pede-a-anvisa-registro-de-vacina-contra-a-dengue\/#primaryimage"},"thumbnailUrl":"https:\/\/regiaonews.net.br\/2022\/wp-content\/uploads\/2024\/12\/Vacinadengue_interna-1.jpg","datePublished":"2024-12-16T22:54:38+00:00","dateModified":"2024-12-17T01:13:32+00:00","breadcrumb":{"@id":"https:\/\/regiaonews.net.br\/2022\/2024\/12\/16\/instituto-butantan-pede-a-anvisa-registro-de-vacina-contra-a-dengue\/#breadcrumb"},"inLanguage":"pt-BR","potentialAction":[{"@type":"ReadAction","target":["https:\/\/regiaonews.net.br\/2022\/2024\/12\/16\/instituto-butantan-pede-a-anvisa-registro-de-vacina-contra-a-dengue\/"]}]},{"@type":"ImageObject","inLanguage":"pt-BR","@id":"https:\/\/regiaonews.net.br\/2022\/2024\/12\/16\/instituto-butantan-pede-a-anvisa-registro-de-vacina-contra-a-dengue\/#primaryimage","url":"https:\/\/regiaonews.net.br\/2022\/wp-content\/uploads\/2024\/12\/Vacinadengue_interna-1.jpg","contentUrl":"https:\/\/regiaonews.net.br\/2022\/wp-content\/uploads\/2024\/12\/Vacinadengue_interna-1.jpg","width":750,"height":500},{"@type":"BreadcrumbList","@id":"https:\/\/regiaonews.net.br\/2022\/2024\/12\/16\/instituto-butantan-pede-a-anvisa-registro-de-vacina-contra-a-dengue\/#breadcrumb","itemListElement":[{"@type":"ListItem","position":1,"name":"In\u00edcio","item":"https:\/\/regiaonews.net.br\/2022\/"},{"@type":"ListItem","position":2,"name":"Instituto Butantan pede \u00e0 Anvisa registro de vacina contra a dengue"}]},{"@type":"WebSite","@id":"https:\/\/regiaonews.net.br\/2022\/#website","url":"https:\/\/regiaonews.net.br\/2022\/","name":"Regi\u00e3o News","description":"Site de Not\u00edcias de Barretos e regi\u00e3o","publisher":{"@id":"https:\/\/regiaonews.net.br\/2022\/#organization"},"potentialAction":[{"@type":"SearchAction","target":{"@type":"EntryPoint","urlTemplate":"https:\/\/regiaonews.net.br\/2022\/?s={search_term_string}"},"query-input":{"@type":"PropertyValueSpecification","valueRequired":true,"valueName":"search_term_string"}}],"inLanguage":"pt-BR"},{"@type":"Organization","@id":"https:\/\/regiaonews.net.br\/2022\/#organization","name":"Regi\u00e3o News","url":"https:\/\/regiaonews.net.br\/2022\/","logo":{"@type":"ImageObject","inLanguage":"pt-BR","@id":"https:\/\/regiaonews.net.br\/2022\/#\/schema\/logo\/image\/","url":"https:\/\/regiaonews.net.br\/2022\/wp-content\/uploads\/2026\/03\/regiao-13-anos-scaled.jpg","contentUrl":"https:\/\/regiaonews.net.br\/2022\/wp-content\/uploads\/2026\/03\/regiao-13-anos-scaled.jpg","width":2560,"height":635,"caption":"Regi\u00e3o News"},"image":{"@id":"https:\/\/regiaonews.net.br\/2022\/#\/schema\/logo\/image\/"}},{"@type":"Person","@id":"https:\/\/regiaonews.net.br\/2022\/#\/schema\/person\/2d205a608a5aa97ac279d7a5e6d89ad8","name":"Roberto","image":{"@type":"ImageObject","inLanguage":"pt-BR","@id":"https:\/\/secure.gravatar.com\/avatar\/42749d8b712ff9d59ca93dc150494e5b55a44134482993f5baeb97e61b7ecc89?s=96&d=mm&r=g","url":"https:\/\/secure.gravatar.com\/avatar\/42749d8b712ff9d59ca93dc150494e5b55a44134482993f5baeb97e61b7ecc89?s=96&d=mm&r=g","contentUrl":"https:\/\/secure.gravatar.com\/avatar\/42749d8b712ff9d59ca93dc150494e5b55a44134482993f5baeb97e61b7ecc89?s=96&d=mm&r=g","caption":"Roberto"},"url":"https:\/\/regiaonews.net.br\/2022\/author\/roberto\/"}]}},"publishpress_future_action":{"enabled":false,"date":"2026-05-03 07:28:24","action":"change-status","newStatus":"draft","terms":[],"taxonomy":"category","extraData":[]},"publishpress_future_workflow_manual_trigger":{"enabledWorkflows":[]},"_links":{"self":[{"href":"https:\/\/regiaonews.net.br\/2022\/wp-json\/wp\/v2\/posts\/113038","targetHints":{"allow":["GET"]}}],"collection":[{"href":"https:\/\/regiaonews.net.br\/2022\/wp-json\/wp\/v2\/posts"}],"about":[{"href":"https:\/\/regiaonews.net.br\/2022\/wp-json\/wp\/v2\/types\/post"}],"author":[{"embeddable":true,"href":"https:\/\/regiaonews.net.br\/2022\/wp-json\/wp\/v2\/users\/2"}],"replies":[{"embeddable":true,"href":"https:\/\/regiaonews.net.br\/2022\/wp-json\/wp\/v2\/comments?post=113038"}],"version-history":[{"count":1,"href":"https:\/\/regiaonews.net.br\/2022\/wp-json\/wp\/v2\/posts\/113038\/revisions"}],"predecessor-version":[{"id":113040,"href":"https:\/\/regiaonews.net.br\/2022\/wp-json\/wp\/v2\/posts\/113038\/revisions\/113040"}],"wp:featuredmedia":[{"embeddable":true,"href":"https:\/\/regiaonews.net.br\/2022\/wp-json\/wp\/v2\/media\/113039"}],"wp:attachment":[{"href":"https:\/\/regiaonews.net.br\/2022\/wp-json\/wp\/v2\/media?parent=113038"}],"wp:term":[{"taxonomy":"category","embeddable":true,"href":"https:\/\/regiaonews.net.br\/2022\/wp-json\/wp\/v2\/categories?post=113038"},{"taxonomy":"post_tag","embeddable":true,"href":"https:\/\/regiaonews.net.br\/2022\/wp-json\/wp\/v2\/tags?post=113038"}],"curies":[{"name":"wp","href":"https:\/\/api.w.org\/{rel}","templated":true}]}}