{"id":113031,"date":"2024-12-16T13:48:52","date_gmt":"2024-12-16T16:48:52","guid":{"rendered":"https:\/\/regiaonews.net.br\/2022\/?p=113031"},"modified":"2024-12-16T13:48:52","modified_gmt":"2024-12-16T16:48:52","slug":"escola-municipal-matilde-gitay-de-mello-reinaugura-sala-de-leitura-e-brinquedoteca","status":"publish","type":"post","link":"https:\/\/regiaonews.net.br\/2022\/2024\/12\/16\/escola-municipal-matilde-gitay-de-mello-reinaugura-sala-de-leitura-e-brinquedoteca\/","title":{"rendered":"Escola Municipal Matilde Gitay de Mello reinaugura Sala de Leitura e Brinquedoteca"},"content":{"rendered":"<h3 style=\"text-align: center;\">Espa\u00e7o recebeu o nome da educadora Sandra Salvi Lima Almado, que faleceu em junho deste ano<\/h3>\n<p>A Escola Municipal Matilde Gitay de Mello reinaugurou no s\u00e1bado, 14 de dezembro, a sala de leitura e brinquedoteca da unidade. O espa\u00e7o recebeu o nome da educadora Sandra Salvi Lima Almado, falecida em junho deste ano.<br \/>\n\u201cA Sandra vem de uma fam\u00edlia de pessoas que amam a educa\u00e7\u00e3o, que amam fazer as pessoas crescerem. Ela teve a miss\u00e3o de transformar, de mostrar a import\u00e2ncia da Educa\u00e7\u00e3o Infantil, do amor e do carinho, e que a crian\u00e7a, desde o momento em que nasce, \u00e9 um ser em forma\u00e7\u00e3o. Quero agradecer a Roseli por essa homenagem que \u00e9 a primeira de muitas que a Sandra vai receber\u201d, destacou a Prefeita Paula Lemos.<br \/>\nDe acordo com a diretora Roseli Cristina, este \u00e9 um importante espa\u00e7o dentro da institui\u00e7\u00e3o, n\u00e3o apenas no hor\u00e1rio do recreio, mas tamb\u00e9m para atividades extraclasse, exibi\u00e7\u00e3o de filmes ou simplesmente para momentos de ludicidade. \u201cPercebendo a import\u00e2ncia do espa\u00e7o nos propomos a revitaliz\u00e1-lo, substituindo as antigas estantes met\u00e1licas por estantes planejadas e pintura tem\u00e1tica, alegrando o local e incentivando ainda mais a pr\u00e1tica da leitura\u201d, comentou.<br \/>\nA solenidade contou com a presen\u00e7a dos tr\u00eas filhos de Sandra, Caio, Camila e Bruna, da secret\u00e1ria municipal de Educa\u00e7\u00e3o, J\u00e9ssica Maria dos Santos, e comunidade escolar.<\/p>\n<p>Fotos:\u00a0Nivaldo\u00a0Jr.<\/p>\n","protected":false},"excerpt":{"rendered":"<p>Espa\u00e7o recebeu o nome da educadora Sandra Salvi Lima Almado,<\/p>\n","protected":false},"author":2,"featured_media":113032,"comment_status":"open","ping_status":"open","sticky":false,"template":"","format":"standard","meta":{"footnotes":""},"categories":[14,3],"tags":[],"class_list":["post-113031","post","type-post","status-publish","format-standard","has-post-thumbnail","hentry","category-barretos","category-geral"],"yoast_head":"<!-- This site is optimized with the Yoast SEO plugin v27.4 - https:\/\/yoast.com\/product\/yoast-seo-wordpress\/ -->\n<title>Escola Municipal Matilde Gitay de Mello reinaugura Sala de Leitura e Brinquedoteca - Regi\u00e3o News<\/title>\n<meta name=\"robots\" content=\"index, follow, max-snippet:-1, max-image-preview:large, max-video-preview:-1\" \/>\n<link rel=\"canonical\" href=\"https:\/\/regiaonews.net.br\/2022\/2024\/12\/16\/escola-municipal-matilde-gitay-de-mello-reinaugura-sala-de-leitura-e-brinquedoteca\/\" \/>\n<meta property=\"og:locale\" content=\"pt_BR\" \/>\n<meta property=\"og:type\" content=\"article\" \/>\n<meta property=\"og:title\" content=\"Escola Municipal Matilde Gitay de Mello reinaugura Sala de Leitura e Brinquedoteca - Regi\u00e3o News\" \/>\n<meta property=\"og:description\" content=\"Espa\u00e7o recebeu o nome da educadora Sandra Salvi Lima Almado,\" \/>\n<meta property=\"og:url\" content=\"https:\/\/regiaonews.net.br\/2022\/2024\/12\/16\/escola-municipal-matilde-gitay-de-mello-reinaugura-sala-de-leitura-e-brinquedoteca\/\" \/>\n<meta property=\"og:site_name\" content=\"Regi\u00e3o News\" \/>\n<meta property=\"article:published_time\" content=\"2024-12-16T16:48:52+00:00\" \/>\n<meta property=\"og:image\" content=\"https:\/\/regiaonews.net.br\/2022\/wp-content\/uploads\/2024\/12\/Imagem-do-WhatsApp-de-2024-12-16-as-13.44.45_f37ba294.jpg\" \/>\n\t<meta property=\"og:image:width\" content=\"1600\" \/>\n\t<meta property=\"og:image:height\" content=\"1067\" \/>\n\t<meta property=\"og:image:type\" content=\"image\/jpeg\" \/>\n<meta name=\"author\" content=\"Roberto\" \/>\n<meta name=\"twitter:card\" content=\"summary_large_image\" \/>\n<meta name=\"twitter:label1\" content=\"Escrito por\" \/>\n\t<meta name=\"twitter:data1\" content=\"Roberto\" \/>\n\t<meta name=\"twitter:label2\" content=\"Est. tempo de leitura\" \/>\n\t<meta name=\"twitter:data2\" content=\"2 minutos\" \/>\n<script type=\"application\/ld+json\" class=\"yoast-schema-graph\">{\"@context\":\"https:\\\/\\\/schema.org\",\"@graph\":[{\"@type\":\"Article\",\"@id\":\"https:\\\/\\\/regiaonews.net.br\\\/2022\\\/2024\\\/12\\\/16\\\/escola-municipal-matilde-gitay-de-mello-reinaugura-sala-de-leitura-e-brinquedoteca\\\/#article\",\"isPartOf\":{\"@id\":\"https:\\\/\\\/regiaonews.net.br\\\/2022\\\/2024\\\/12\\\/16\\\/escola-municipal-matilde-gitay-de-mello-reinaugura-sala-de-leitura-e-brinquedoteca\\\/\"},\"author\":{\"name\":\"Roberto\",\"@id\":\"https:\\\/\\\/regiaonews.net.br\\\/2022\\\/#\\\/schema\\\/person\\\/2d205a608a5aa97ac279d7a5e6d89ad8\"},\"headline\":\"Escola Municipal Matilde Gitay de Mello reinaugura Sala de Leitura e Brinquedoteca\",\"datePublished\":\"2024-12-16T16:48:52+00:00\",\"mainEntityOfPage\":{\"@id\":\"https:\\\/\\\/regiaonews.net.br\\\/2022\\\/2024\\\/12\\\/16\\\/escola-municipal-matilde-gitay-de-mello-reinaugura-sala-de-leitura-e-brinquedoteca\\\/\"},\"wordCount\":259,\"commentCount\":0,\"publisher\":{\"@id\":\"https:\\\/\\\/regiaonews.net.br\\\/2022\\\/#organization\"},\"image\":{\"@id\":\"https:\\\/\\\/regiaonews.net.br\\\/2022\\\/2024\\\/12\\\/16\\\/escola-municipal-matilde-gitay-de-mello-reinaugura-sala-de-leitura-e-brinquedoteca\\\/#primaryimage\"},\"thumbnailUrl\":\"https:\\\/\\\/regiaonews.net.br\\\/2022\\\/wp-content\\\/uploads\\\/2024\\\/12\\\/Imagem-do-WhatsApp-de-2024-12-16-as-13.44.45_f37ba294.jpg\",\"articleSection\":[\"Barretos\",\"Geral\"],\"inLanguage\":\"pt-BR\",\"potentialAction\":[{\"@type\":\"CommentAction\",\"name\":\"Comment\",\"target\":[\"https:\\\/\\\/regiaonews.net.br\\\/2022\\\/2024\\\/12\\\/16\\\/escola-municipal-matilde-gitay-de-mello-reinaugura-sala-de-leitura-e-brinquedoteca\\\/#respond\"]}]},{\"@type\":\"WebPage\",\"@id\":\"https:\\\/\\\/regiaonews.net.br\\\/2022\\\/2024\\\/12\\\/16\\\/escola-municipal-matilde-gitay-de-mello-reinaugura-sala-de-leitura-e-brinquedoteca\\\/\",\"url\":\"https:\\\/\\\/regiaonews.net.br\\\/2022\\\/2024\\\/12\\\/16\\\/escola-municipal-matilde-gitay-de-mello-reinaugura-sala-de-leitura-e-brinquedoteca\\\/\",\"name\":\"Escola Municipal Matilde Gitay de Mello reinaugura Sala de Leitura e Brinquedoteca - Regi\u00e3o News\",\"isPartOf\":{\"@id\":\"https:\\\/\\\/regiaonews.net.br\\\/2022\\\/#website\"},\"primaryImageOfPage\":{\"@id\":\"https:\\\/\\\/regiaonews.net.br\\\/2022\\\/2024\\\/12\\\/16\\\/escola-municipal-matilde-gitay-de-mello-reinaugura-sala-de-leitura-e-brinquedoteca\\\/#primaryimage\"},\"image\":{\"@id\":\"https:\\\/\\\/regiaonews.net.br\\\/2022\\\/2024\\\/12\\\/16\\\/escola-municipal-matilde-gitay-de-mello-reinaugura-sala-de-leitura-e-brinquedoteca\\\/#primaryimage\"},\"thumbnailUrl\":\"https:\\\/\\\/regiaonews.net.br\\\/2022\\\/wp-content\\\/uploads\\\/2024\\\/12\\\/Imagem-do-WhatsApp-de-2024-12-16-as-13.44.45_f37ba294.jpg\",\"datePublished\":\"2024-12-16T16:48:52+00:00\",\"breadcrumb\":{\"@id\":\"https:\\\/\\\/regiaonews.net.br\\\/2022\\\/2024\\\/12\\\/16\\\/escola-municipal-matilde-gitay-de-mello-reinaugura-sala-de-leitura-e-brinquedoteca\\\/#breadcrumb\"},\"inLanguage\":\"pt-BR\",\"potentialAction\":[{\"@type\":\"ReadAction\",\"target\":[\"https:\\\/\\\/regiaonews.net.br\\\/2022\\\/2024\\\/12\\\/16\\\/escola-municipal-matilde-gitay-de-mello-reinaugura-sala-de-leitura-e-brinquedoteca\\\/\"]}]},{\"@type\":\"ImageObject\",\"inLanguage\":\"pt-BR\",\"@id\":\"https:\\\/\\\/regiaonews.net.br\\\/2022\\\/2024\\\/12\\\/16\\\/escola-municipal-matilde-gitay-de-mello-reinaugura-sala-de-leitura-e-brinquedoteca\\\/#primaryimage\",\"url\":\"https:\\\/\\\/regiaonews.net.br\\\/2022\\\/wp-content\\\/uploads\\\/2024\\\/12\\\/Imagem-do-WhatsApp-de-2024-12-16-as-13.44.45_f37ba294.jpg\",\"contentUrl\":\"https:\\\/\\\/regiaonews.net.br\\\/2022\\\/wp-content\\\/uploads\\\/2024\\\/12\\\/Imagem-do-WhatsApp-de-2024-12-16-as-13.44.45_f37ba294.jpg\",\"width\":1600,\"height\":1067},{\"@type\":\"BreadcrumbList\",\"@id\":\"https:\\\/\\\/regiaonews.net.br\\\/2022\\\/2024\\\/12\\\/16\\\/escola-municipal-matilde-gitay-de-mello-reinaugura-sala-de-leitura-e-brinquedoteca\\\/#breadcrumb\",\"itemListElement\":[{\"@type\":\"ListItem\",\"position\":1,\"name\":\"In\u00edcio\",\"item\":\"https:\\\/\\\/regiaonews.net.br\\\/2022\\\/\"},{\"@type\":\"ListItem\",\"position\":2,\"name\":\"Escola Municipal Matilde Gitay de Mello reinaugura Sala de Leitura e Brinquedoteca\"}]},{\"@type\":\"WebSite\",\"@id\":\"https:\\\/\\\/regiaonews.net.br\\\/2022\\\/#website\",\"url\":\"https:\\\/\\\/regiaonews.net.br\\\/2022\\\/\",\"name\":\"Regi\u00e3o News\",\"description\":\"Site de Not\u00edcias de Barretos e regi\u00e3o\",\"publisher\":{\"@id\":\"https:\\\/\\\/regiaonews.net.br\\\/2022\\\/#organization\"},\"potentialAction\":[{\"@type\":\"SearchAction\",\"target\":{\"@type\":\"EntryPoint\",\"urlTemplate\":\"https:\\\/\\\/regiaonews.net.br\\\/2022\\\/?s={search_term_string}\"},\"query-input\":{\"@type\":\"PropertyValueSpecification\",\"valueRequired\":true,\"valueName\":\"search_term_string\"}}],\"inLanguage\":\"pt-BR\"},{\"@type\":\"Organization\",\"@id\":\"https:\\\/\\\/regiaonews.net.br\\\/2022\\\/#organization\",\"name\":\"Regi\u00e3o News\",\"url\":\"https:\\\/\\\/regiaonews.net.br\\\/2022\\\/\",\"logo\":{\"@type\":\"ImageObject\",\"inLanguage\":\"pt-BR\",\"@id\":\"https:\\\/\\\/regiaonews.net.br\\\/2022\\\/#\\\/schema\\\/logo\\\/image\\\/\",\"url\":\"https:\\\/\\\/regiaonews.net.br\\\/2022\\\/wp-content\\\/uploads\\\/2026\\\/03\\\/regiao-13-anos-scaled.jpg\",\"contentUrl\":\"https:\\\/\\\/regiaonews.net.br\\\/2022\\\/wp-content\\\/uploads\\\/2026\\\/03\\\/regiao-13-anos-scaled.jpg\",\"width\":2560,\"height\":635,\"caption\":\"Regi\u00e3o News\"},\"image\":{\"@id\":\"https:\\\/\\\/regiaonews.net.br\\\/2022\\\/#\\\/schema\\\/logo\\\/image\\\/\"}},{\"@type\":\"Person\",\"@id\":\"https:\\\/\\\/regiaonews.net.br\\\/2022\\\/#\\\/schema\\\/person\\\/2d205a608a5aa97ac279d7a5e6d89ad8\",\"name\":\"Roberto\",\"image\":{\"@type\":\"ImageObject\",\"inLanguage\":\"pt-BR\",\"@id\":\"https:\\\/\\\/secure.gravatar.com\\\/avatar\\\/42749d8b712ff9d59ca93dc150494e5b55a44134482993f5baeb97e61b7ecc89?s=96&d=mm&r=g\",\"url\":\"https:\\\/\\\/secure.gravatar.com\\\/avatar\\\/42749d8b712ff9d59ca93dc150494e5b55a44134482993f5baeb97e61b7ecc89?s=96&d=mm&r=g\",\"contentUrl\":\"https:\\\/\\\/secure.gravatar.com\\\/avatar\\\/42749d8b712ff9d59ca93dc150494e5b55a44134482993f5baeb97e61b7ecc89?s=96&d=mm&r=g\",\"caption\":\"Roberto\"},\"url\":\"https:\\\/\\\/regiaonews.net.br\\\/2022\\\/author\\\/roberto\\\/\"}]}<\/script>\n<!-- \/ Yoast SEO plugin. -->","yoast_head_json":{"title":"Escola Municipal Matilde Gitay de Mello reinaugura Sala de Leitura e Brinquedoteca - Regi\u00e3o News","robots":{"index":"index","follow":"follow","max-snippet":"max-snippet:-1","max-image-preview":"max-image-preview:large","max-video-preview":"max-video-preview:-1"},"canonical":"https:\/\/regiaonews.net.br\/2022\/2024\/12\/16\/escola-municipal-matilde-gitay-de-mello-reinaugura-sala-de-leitura-e-brinquedoteca\/","og_locale":"pt_BR","og_type":"article","og_title":"Escola Municipal Matilde Gitay de Mello reinaugura Sala de Leitura e Brinquedoteca - Regi\u00e3o News","og_description":"Espa\u00e7o recebeu o nome da educadora Sandra Salvi Lima Almado,","og_url":"https:\/\/regiaonews.net.br\/2022\/2024\/12\/16\/escola-municipal-matilde-gitay-de-mello-reinaugura-sala-de-leitura-e-brinquedoteca\/","og_site_name":"Regi\u00e3o News","article_published_time":"2024-12-16T16:48:52+00:00","og_image":[{"width":1600,"height":1067,"url":"https:\/\/regiaonews.net.br\/2022\/wp-content\/uploads\/2024\/12\/Imagem-do-WhatsApp-de-2024-12-16-as-13.44.45_f37ba294.jpg","type":"image\/jpeg"}],"author":"Roberto","twitter_card":"summary_large_image","twitter_misc":{"Escrito por":"Roberto","Est. tempo de leitura":"2 minutos"},"schema":{"@context":"https:\/\/schema.org","@graph":[{"@type":"Article","@id":"https:\/\/regiaonews.net.br\/2022\/2024\/12\/16\/escola-municipal-matilde-gitay-de-mello-reinaugura-sala-de-leitura-e-brinquedoteca\/#article","isPartOf":{"@id":"https:\/\/regiaonews.net.br\/2022\/2024\/12\/16\/escola-municipal-matilde-gitay-de-mello-reinaugura-sala-de-leitura-e-brinquedoteca\/"},"author":{"name":"Roberto","@id":"https:\/\/regiaonews.net.br\/2022\/#\/schema\/person\/2d205a608a5aa97ac279d7a5e6d89ad8"},"headline":"Escola Municipal Matilde Gitay de Mello reinaugura Sala de Leitura e Brinquedoteca","datePublished":"2024-12-16T16:48:52+00:00","mainEntityOfPage":{"@id":"https:\/\/regiaonews.net.br\/2022\/2024\/12\/16\/escola-municipal-matilde-gitay-de-mello-reinaugura-sala-de-leitura-e-brinquedoteca\/"},"wordCount":259,"commentCount":0,"publisher":{"@id":"https:\/\/regiaonews.net.br\/2022\/#organization"},"image":{"@id":"https:\/\/regiaonews.net.br\/2022\/2024\/12\/16\/escola-municipal-matilde-gitay-de-mello-reinaugura-sala-de-leitura-e-brinquedoteca\/#primaryimage"},"thumbnailUrl":"https:\/\/regiaonews.net.br\/2022\/wp-content\/uploads\/2024\/12\/Imagem-do-WhatsApp-de-2024-12-16-as-13.44.45_f37ba294.jpg","articleSection":["Barretos","Geral"],"inLanguage":"pt-BR","potentialAction":[{"@type":"CommentAction","name":"Comment","target":["https:\/\/regiaonews.net.br\/2022\/2024\/12\/16\/escola-municipal-matilde-gitay-de-mello-reinaugura-sala-de-leitura-e-brinquedoteca\/#respond"]}]},{"@type":"WebPage","@id":"https:\/\/regiaonews.net.br\/2022\/2024\/12\/16\/escola-municipal-matilde-gitay-de-mello-reinaugura-sala-de-leitura-e-brinquedoteca\/","url":"https:\/\/regiaonews.net.br\/2022\/2024\/12\/16\/escola-municipal-matilde-gitay-de-mello-reinaugura-sala-de-leitura-e-brinquedoteca\/","name":"Escola Municipal Matilde Gitay de Mello reinaugura Sala de Leitura e Brinquedoteca - Regi\u00e3o News","isPartOf":{"@id":"https:\/\/regiaonews.net.br\/2022\/#website"},"primaryImageOfPage":{"@id":"https:\/\/regiaonews.net.br\/2022\/2024\/12\/16\/escola-municipal-matilde-gitay-de-mello-reinaugura-sala-de-leitura-e-brinquedoteca\/#primaryimage"},"image":{"@id":"https:\/\/regiaonews.net.br\/2022\/2024\/12\/16\/escola-municipal-matilde-gitay-de-mello-reinaugura-sala-de-leitura-e-brinquedoteca\/#primaryimage"},"thumbnailUrl":"https:\/\/regiaonews.net.br\/2022\/wp-content\/uploads\/2024\/12\/Imagem-do-WhatsApp-de-2024-12-16-as-13.44.45_f37ba294.jpg","datePublished":"2024-12-16T16:48:52+00:00","breadcrumb":{"@id":"https:\/\/regiaonews.net.br\/2022\/2024\/12\/16\/escola-municipal-matilde-gitay-de-mello-reinaugura-sala-de-leitura-e-brinquedoteca\/#breadcrumb"},"inLanguage":"pt-BR","potentialAction":[{"@type":"ReadAction","target":["https:\/\/regiaonews.net.br\/2022\/2024\/12\/16\/escola-municipal-matilde-gitay-de-mello-reinaugura-sala-de-leitura-e-brinquedoteca\/"]}]},{"@type":"ImageObject","inLanguage":"pt-BR","@id":"https:\/\/regiaonews.net.br\/2022\/2024\/12\/16\/escola-municipal-matilde-gitay-de-mello-reinaugura-sala-de-leitura-e-brinquedoteca\/#primaryimage","url":"https:\/\/regiaonews.net.br\/2022\/wp-content\/uploads\/2024\/12\/Imagem-do-WhatsApp-de-2024-12-16-as-13.44.45_f37ba294.jpg","contentUrl":"https:\/\/regiaonews.net.br\/2022\/wp-content\/uploads\/2024\/12\/Imagem-do-WhatsApp-de-2024-12-16-as-13.44.45_f37ba294.jpg","width":1600,"height":1067},{"@type":"BreadcrumbList","@id":"https:\/\/regiaonews.net.br\/2022\/2024\/12\/16\/escola-municipal-matilde-gitay-de-mello-reinaugura-sala-de-leitura-e-brinquedoteca\/#breadcrumb","itemListElement":[{"@type":"ListItem","position":1,"name":"In\u00edcio","item":"https:\/\/regiaonews.net.br\/2022\/"},{"@type":"ListItem","position":2,"name":"Escola Municipal Matilde Gitay de Mello reinaugura Sala de Leitura e Brinquedoteca"}]},{"@type":"WebSite","@id":"https:\/\/regiaonews.net.br\/2022\/#website","url":"https:\/\/regiaonews.net.br\/2022\/","name":"Regi\u00e3o News","description":"Site de Not\u00edcias de Barretos e regi\u00e3o","publisher":{"@id":"https:\/\/regiaonews.net.br\/2022\/#organization"},"potentialAction":[{"@type":"SearchAction","target":{"@type":"EntryPoint","urlTemplate":"https:\/\/regiaonews.net.br\/2022\/?s={search_term_string}"},"query-input":{"@type":"PropertyValueSpecification","valueRequired":true,"valueName":"search_term_string"}}],"inLanguage":"pt-BR"},{"@type":"Organization","@id":"https:\/\/regiaonews.net.br\/2022\/#organization","name":"Regi\u00e3o News","url":"https:\/\/regiaonews.net.br\/2022\/","logo":{"@type":"ImageObject","inLanguage":"pt-BR","@id":"https:\/\/regiaonews.net.br\/2022\/#\/schema\/logo\/image\/","url":"https:\/\/regiaonews.net.br\/2022\/wp-content\/uploads\/2026\/03\/regiao-13-anos-scaled.jpg","contentUrl":"https:\/\/regiaonews.net.br\/2022\/wp-content\/uploads\/2026\/03\/regiao-13-anos-scaled.jpg","width":2560,"height":635,"caption":"Regi\u00e3o News"},"image":{"@id":"https:\/\/regiaonews.net.br\/2022\/#\/schema\/logo\/image\/"}},{"@type":"Person","@id":"https:\/\/regiaonews.net.br\/2022\/#\/schema\/person\/2d205a608a5aa97ac279d7a5e6d89ad8","name":"Roberto","image":{"@type":"ImageObject","inLanguage":"pt-BR","@id":"https:\/\/secure.gravatar.com\/avatar\/42749d8b712ff9d59ca93dc150494e5b55a44134482993f5baeb97e61b7ecc89?s=96&d=mm&r=g","url":"https:\/\/secure.gravatar.com\/avatar\/42749d8b712ff9d59ca93dc150494e5b55a44134482993f5baeb97e61b7ecc89?s=96&d=mm&r=g","contentUrl":"https:\/\/secure.gravatar.com\/avatar\/42749d8b712ff9d59ca93dc150494e5b55a44134482993f5baeb97e61b7ecc89?s=96&d=mm&r=g","caption":"Roberto"},"url":"https:\/\/regiaonews.net.br\/2022\/author\/roberto\/"}]}},"publishpress_future_action":{"enabled":false,"date":"2026-05-03 02:32:00","action":"change-status","newStatus":"draft","terms":[],"taxonomy":"category","extraData":[]},"publishpress_future_workflow_manual_trigger":{"enabledWorkflows":[]},"_links":{"self":[{"href":"https:\/\/regiaonews.net.br\/2022\/wp-json\/wp\/v2\/posts\/113031","targetHints":{"allow":["GET"]}}],"collection":[{"href":"https:\/\/regiaonews.net.br\/2022\/wp-json\/wp\/v2\/posts"}],"about":[{"href":"https:\/\/regiaonews.net.br\/2022\/wp-json\/wp\/v2\/types\/post"}],"author":[{"embeddable":true,"href":"https:\/\/regiaonews.net.br\/2022\/wp-json\/wp\/v2\/users\/2"}],"replies":[{"embeddable":true,"href":"https:\/\/regiaonews.net.br\/2022\/wp-json\/wp\/v2\/comments?post=113031"}],"version-history":[{"count":1,"href":"https:\/\/regiaonews.net.br\/2022\/wp-json\/wp\/v2\/posts\/113031\/revisions"}],"predecessor-version":[{"id":113033,"href":"https:\/\/regiaonews.net.br\/2022\/wp-json\/wp\/v2\/posts\/113031\/revisions\/113033"}],"wp:featuredmedia":[{"embeddable":true,"href":"https:\/\/regiaonews.net.br\/2022\/wp-json\/wp\/v2\/media\/113032"}],"wp:attachment":[{"href":"https:\/\/regiaonews.net.br\/2022\/wp-json\/wp\/v2\/media?parent=113031"}],"wp:term":[{"taxonomy":"category","embeddable":true,"href":"https:\/\/regiaonews.net.br\/2022\/wp-json\/wp\/v2\/categories?post=113031"},{"taxonomy":"post_tag","embeddable":true,"href":"https:\/\/regiaonews.net.br\/2022\/wp-json\/wp\/v2\/tags?post=113031"}],"curies":[{"name":"wp","href":"https:\/\/api.w.org\/{rel}","templated":true}]}}