{"id":112699,"date":"2024-12-05T13:09:45","date_gmt":"2024-12-05T16:09:45","guid":{"rendered":"https:\/\/regiaonews.net.br\/2022\/?p=112699"},"modified":"2024-12-05T13:09:45","modified_gmt":"2024-12-05T16:09:45","slug":"abertas-as-inscricoes-para-eleicao-de-novos-membros-do-conselho-curador-da-feb","status":"publish","type":"post","link":"https:\/\/regiaonews.net.br\/2022\/2024\/12\/05\/abertas-as-inscricoes-para-eleicao-de-novos-membros-do-conselho-curador-da-feb\/","title":{"rendered":"Abertas as inscri\u00e7\u00f5es para elei\u00e7\u00e3o de novos membros do Conselho Curador da FEB"},"content":{"rendered":"<h3 style=\"text-align: center;\">Ser\u00e3o preenchidas cinco vagas destinadas aos seguintes conselhos profissionais: Administra\u00e7\u00e3o (CRA-SP), Advocacia (OAB-SP), Contabilidade (CRC-SP), Engenharia ou Arquitetura (CREA-SP) e Odontologia (CRO-SP).<\/h3>\n<p>A FEB (Funda\u00e7\u00e3o Educacional de Barretos) divulgou o edital de convoca\u00e7\u00e3o para a elei\u00e7\u00e3o de novos conselheiros do Conselho Curador. As inscri\u00e7\u00f5es, abertas a profissionais inscritos nos conselhos regionais indicados, come\u00e7aram no dia 28 de novembro e seguem at\u00e9 o pr\u00f3ximo dia 5 de dezembro.<br \/>\nAo todo, ser\u00e3o preenchidas cinco vagas destinadas aos seguintes conselhos profissionais: Administra\u00e7\u00e3o (CRA-SP), Advocacia (OAB-SP), Contabilidade (CRC-SP), Engenharia ou Arquitetura (CREA-SP) e Odontologia (CRO-SP). Os interessados devem enviar a ficha de inscri\u00e7\u00e3o e o curr\u00edculo em formato PDF para o e-mail conselhocurador@feb.br, indicando no assunto o conselho profissional de sua candidatura.<br \/>\nConforme estipulado no edital, os requisitos b\u00e1sicos incluem resid\u00eancia em Barretos, forma\u00e7\u00e3o superior e registro ativo no conselho profissional correspondente \u00e0 vaga. Os eleitos n\u00e3o receber\u00e3o remunera\u00e7\u00e3o ou qualquer benef\u00edcio em raz\u00e3o do cargo, que ter\u00e1 mandato de quatro anos, de 1\u00ba de janeiro de 2025 a 31 de dezembro de 2028.<br \/>\nCALEND\u00c1RIO ELEITORAL<br \/>\n\u2022 Inscri\u00e7\u00e3o: at\u00e9 5 de dezembro de 2024;<br \/>\n\u2022 Pr\u00e9-sele\u00e7\u00e3o e divulga\u00e7\u00e3o dos candidatos: 9 de dezembro de 2024;<br \/>\n\u2022 Entrevistas: 10 e, se necess\u00e1rio, 11 de dezembro de 2024;<br \/>\n\u2022 Vota\u00e7\u00e3o: 12 de dezembro (primeiro turno) e, se necess\u00e1rio, 13 de dezembro (segundo turno);<br \/>\n\u2022 Resultado final: 20 de dezembro de 2024.<br \/>\nA vota\u00e7\u00e3o ser\u00e1 realizada presencialmente na Sala do Conselho Curador da FEB, instalada no campus do UNIFEB (Centro Universit\u00e1rio da Funda\u00e7\u00e3o Educacional de Barretos), e a apura\u00e7\u00e3o ocorrer\u00e1 imediatamente ap\u00f3s o encerramento.<br \/>\nPara mais informa\u00e7\u00f5es, os interessados podem acessar o edital completo e o regulamento eleitoral no site oficial da institui\u00e7\u00e3o: www.unifeb.edu.br\/institucional\/conselho-curador.<br \/>\nO processo eleitoral est\u00e1 sendo conduzido pela Comiss\u00e3o Eleitoral, sob a presid\u00eancia do Administrador Matheus de Menezes Mazelli, atual Secret\u00e1rio do Conselho\u00a0Curador.<\/p>\n","protected":false},"excerpt":{"rendered":"<p>Ser\u00e3o preenchidas cinco vagas destinadas aos seguintes conselhos profissionais: Administra\u00e7\u00e3o<\/p>\n","protected":false},"author":2,"featured_media":112700,"comment_status":"open","ping_status":"open","sticky":false,"template":"","format":"standard","meta":{"footnotes":""},"categories":[14,3],"tags":[],"class_list":["post-112699","post","type-post","status-publish","format-standard","has-post-thumbnail","hentry","category-barretos","category-geral"],"yoast_head":"<!-- This site is optimized with the Yoast SEO plugin v27.4 - https:\/\/yoast.com\/product\/yoast-seo-wordpress\/ -->\n<title>Abertas as inscri\u00e7\u00f5es para elei\u00e7\u00e3o de novos membros do Conselho Curador da FEB - Regi\u00e3o News<\/title>\n<meta name=\"robots\" content=\"index, follow, max-snippet:-1, max-image-preview:large, max-video-preview:-1\" \/>\n<link rel=\"canonical\" href=\"https:\/\/regiaonews.net.br\/2022\/2024\/12\/05\/abertas-as-inscricoes-para-eleicao-de-novos-membros-do-conselho-curador-da-feb\/\" \/>\n<meta property=\"og:locale\" content=\"pt_BR\" \/>\n<meta property=\"og:type\" content=\"article\" \/>\n<meta property=\"og:title\" content=\"Abertas as inscri\u00e7\u00f5es para elei\u00e7\u00e3o de novos membros do Conselho Curador da FEB - Regi\u00e3o News\" \/>\n<meta property=\"og:description\" content=\"Ser\u00e3o preenchidas cinco vagas destinadas aos seguintes conselhos profissionais: Administra\u00e7\u00e3o\" \/>\n<meta property=\"og:url\" content=\"https:\/\/regiaonews.net.br\/2022\/2024\/12\/05\/abertas-as-inscricoes-para-eleicao-de-novos-membros-do-conselho-curador-da-feb\/\" \/>\n<meta property=\"og:site_name\" content=\"Regi\u00e3o News\" \/>\n<meta property=\"article:published_time\" content=\"2024-12-05T16:09:45+00:00\" \/>\n<meta property=\"og:image\" content=\"https:\/\/regiaonews.net.br\/2022\/wp-content\/uploads\/2024\/12\/Imagem-do-WhatsApp-de-2024-12-05-as-11.25.26_72851128.jpg\" \/>\n\t<meta property=\"og:image:width\" content=\"1280\" \/>\n\t<meta property=\"og:image:height\" content=\"960\" \/>\n\t<meta property=\"og:image:type\" content=\"image\/jpeg\" \/>\n<meta name=\"author\" content=\"Roberto\" \/>\n<meta name=\"twitter:card\" content=\"summary_large_image\" \/>\n<meta name=\"twitter:label1\" content=\"Escrito por\" \/>\n\t<meta name=\"twitter:data1\" content=\"Roberto\" \/>\n\t<meta name=\"twitter:label2\" content=\"Est. tempo de leitura\" \/>\n\t<meta name=\"twitter:data2\" content=\"2 minutos\" \/>\n<script type=\"application\/ld+json\" class=\"yoast-schema-graph\">{\"@context\":\"https:\\\/\\\/schema.org\",\"@graph\":[{\"@type\":\"Article\",\"@id\":\"https:\\\/\\\/regiaonews.net.br\\\/2022\\\/2024\\\/12\\\/05\\\/abertas-as-inscricoes-para-eleicao-de-novos-membros-do-conselho-curador-da-feb\\\/#article\",\"isPartOf\":{\"@id\":\"https:\\\/\\\/regiaonews.net.br\\\/2022\\\/2024\\\/12\\\/05\\\/abertas-as-inscricoes-para-eleicao-de-novos-membros-do-conselho-curador-da-feb\\\/\"},\"author\":{\"name\":\"Roberto\",\"@id\":\"https:\\\/\\\/regiaonews.net.br\\\/2022\\\/#\\\/schema\\\/person\\\/2d205a608a5aa97ac279d7a5e6d89ad8\"},\"headline\":\"Abertas as inscri\u00e7\u00f5es para elei\u00e7\u00e3o de novos membros do Conselho Curador da FEB\",\"datePublished\":\"2024-12-05T16:09:45+00:00\",\"mainEntityOfPage\":{\"@id\":\"https:\\\/\\\/regiaonews.net.br\\\/2022\\\/2024\\\/12\\\/05\\\/abertas-as-inscricoes-para-eleicao-de-novos-membros-do-conselho-curador-da-feb\\\/\"},\"wordCount\":337,\"commentCount\":0,\"publisher\":{\"@id\":\"https:\\\/\\\/regiaonews.net.br\\\/2022\\\/#organization\"},\"image\":{\"@id\":\"https:\\\/\\\/regiaonews.net.br\\\/2022\\\/2024\\\/12\\\/05\\\/abertas-as-inscricoes-para-eleicao-de-novos-membros-do-conselho-curador-da-feb\\\/#primaryimage\"},\"thumbnailUrl\":\"https:\\\/\\\/regiaonews.net.br\\\/2022\\\/wp-content\\\/uploads\\\/2024\\\/12\\\/Imagem-do-WhatsApp-de-2024-12-05-as-11.25.26_72851128.jpg\",\"articleSection\":[\"Barretos\",\"Geral\"],\"inLanguage\":\"pt-BR\",\"potentialAction\":[{\"@type\":\"CommentAction\",\"name\":\"Comment\",\"target\":[\"https:\\\/\\\/regiaonews.net.br\\\/2022\\\/2024\\\/12\\\/05\\\/abertas-as-inscricoes-para-eleicao-de-novos-membros-do-conselho-curador-da-feb\\\/#respond\"]}]},{\"@type\":\"WebPage\",\"@id\":\"https:\\\/\\\/regiaonews.net.br\\\/2022\\\/2024\\\/12\\\/05\\\/abertas-as-inscricoes-para-eleicao-de-novos-membros-do-conselho-curador-da-feb\\\/\",\"url\":\"https:\\\/\\\/regiaonews.net.br\\\/2022\\\/2024\\\/12\\\/05\\\/abertas-as-inscricoes-para-eleicao-de-novos-membros-do-conselho-curador-da-feb\\\/\",\"name\":\"Abertas as inscri\u00e7\u00f5es para elei\u00e7\u00e3o de novos membros do Conselho Curador da FEB - Regi\u00e3o News\",\"isPartOf\":{\"@id\":\"https:\\\/\\\/regiaonews.net.br\\\/2022\\\/#website\"},\"primaryImageOfPage\":{\"@id\":\"https:\\\/\\\/regiaonews.net.br\\\/2022\\\/2024\\\/12\\\/05\\\/abertas-as-inscricoes-para-eleicao-de-novos-membros-do-conselho-curador-da-feb\\\/#primaryimage\"},\"image\":{\"@id\":\"https:\\\/\\\/regiaonews.net.br\\\/2022\\\/2024\\\/12\\\/05\\\/abertas-as-inscricoes-para-eleicao-de-novos-membros-do-conselho-curador-da-feb\\\/#primaryimage\"},\"thumbnailUrl\":\"https:\\\/\\\/regiaonews.net.br\\\/2022\\\/wp-content\\\/uploads\\\/2024\\\/12\\\/Imagem-do-WhatsApp-de-2024-12-05-as-11.25.26_72851128.jpg\",\"datePublished\":\"2024-12-05T16:09:45+00:00\",\"breadcrumb\":{\"@id\":\"https:\\\/\\\/regiaonews.net.br\\\/2022\\\/2024\\\/12\\\/05\\\/abertas-as-inscricoes-para-eleicao-de-novos-membros-do-conselho-curador-da-feb\\\/#breadcrumb\"},\"inLanguage\":\"pt-BR\",\"potentialAction\":[{\"@type\":\"ReadAction\",\"target\":[\"https:\\\/\\\/regiaonews.net.br\\\/2022\\\/2024\\\/12\\\/05\\\/abertas-as-inscricoes-para-eleicao-de-novos-membros-do-conselho-curador-da-feb\\\/\"]}]},{\"@type\":\"ImageObject\",\"inLanguage\":\"pt-BR\",\"@id\":\"https:\\\/\\\/regiaonews.net.br\\\/2022\\\/2024\\\/12\\\/05\\\/abertas-as-inscricoes-para-eleicao-de-novos-membros-do-conselho-curador-da-feb\\\/#primaryimage\",\"url\":\"https:\\\/\\\/regiaonews.net.br\\\/2022\\\/wp-content\\\/uploads\\\/2024\\\/12\\\/Imagem-do-WhatsApp-de-2024-12-05-as-11.25.26_72851128.jpg\",\"contentUrl\":\"https:\\\/\\\/regiaonews.net.br\\\/2022\\\/wp-content\\\/uploads\\\/2024\\\/12\\\/Imagem-do-WhatsApp-de-2024-12-05-as-11.25.26_72851128.jpg\",\"width\":1280,\"height\":960},{\"@type\":\"BreadcrumbList\",\"@id\":\"https:\\\/\\\/regiaonews.net.br\\\/2022\\\/2024\\\/12\\\/05\\\/abertas-as-inscricoes-para-eleicao-de-novos-membros-do-conselho-curador-da-feb\\\/#breadcrumb\",\"itemListElement\":[{\"@type\":\"ListItem\",\"position\":1,\"name\":\"In\u00edcio\",\"item\":\"https:\\\/\\\/regiaonews.net.br\\\/2022\\\/\"},{\"@type\":\"ListItem\",\"position\":2,\"name\":\"Abertas as inscri\u00e7\u00f5es para elei\u00e7\u00e3o de novos membros do Conselho Curador da FEB\"}]},{\"@type\":\"WebSite\",\"@id\":\"https:\\\/\\\/regiaonews.net.br\\\/2022\\\/#website\",\"url\":\"https:\\\/\\\/regiaonews.net.br\\\/2022\\\/\",\"name\":\"Regi\u00e3o News\",\"description\":\"Site de Not\u00edcias de Barretos e regi\u00e3o\",\"publisher\":{\"@id\":\"https:\\\/\\\/regiaonews.net.br\\\/2022\\\/#organization\"},\"potentialAction\":[{\"@type\":\"SearchAction\",\"target\":{\"@type\":\"EntryPoint\",\"urlTemplate\":\"https:\\\/\\\/regiaonews.net.br\\\/2022\\\/?s={search_term_string}\"},\"query-input\":{\"@type\":\"PropertyValueSpecification\",\"valueRequired\":true,\"valueName\":\"search_term_string\"}}],\"inLanguage\":\"pt-BR\"},{\"@type\":\"Organization\",\"@id\":\"https:\\\/\\\/regiaonews.net.br\\\/2022\\\/#organization\",\"name\":\"Regi\u00e3o News\",\"url\":\"https:\\\/\\\/regiaonews.net.br\\\/2022\\\/\",\"logo\":{\"@type\":\"ImageObject\",\"inLanguage\":\"pt-BR\",\"@id\":\"https:\\\/\\\/regiaonews.net.br\\\/2022\\\/#\\\/schema\\\/logo\\\/image\\\/\",\"url\":\"https:\\\/\\\/regiaonews.net.br\\\/2022\\\/wp-content\\\/uploads\\\/2026\\\/03\\\/regiao-13-anos-scaled.jpg\",\"contentUrl\":\"https:\\\/\\\/regiaonews.net.br\\\/2022\\\/wp-content\\\/uploads\\\/2026\\\/03\\\/regiao-13-anos-scaled.jpg\",\"width\":2560,\"height\":635,\"caption\":\"Regi\u00e3o News\"},\"image\":{\"@id\":\"https:\\\/\\\/regiaonews.net.br\\\/2022\\\/#\\\/schema\\\/logo\\\/image\\\/\"}},{\"@type\":\"Person\",\"@id\":\"https:\\\/\\\/regiaonews.net.br\\\/2022\\\/#\\\/schema\\\/person\\\/2d205a608a5aa97ac279d7a5e6d89ad8\",\"name\":\"Roberto\",\"image\":{\"@type\":\"ImageObject\",\"inLanguage\":\"pt-BR\",\"@id\":\"https:\\\/\\\/secure.gravatar.com\\\/avatar\\\/42749d8b712ff9d59ca93dc150494e5b55a44134482993f5baeb97e61b7ecc89?s=96&d=mm&r=g\",\"url\":\"https:\\\/\\\/secure.gravatar.com\\\/avatar\\\/42749d8b712ff9d59ca93dc150494e5b55a44134482993f5baeb97e61b7ecc89?s=96&d=mm&r=g\",\"contentUrl\":\"https:\\\/\\\/secure.gravatar.com\\\/avatar\\\/42749d8b712ff9d59ca93dc150494e5b55a44134482993f5baeb97e61b7ecc89?s=96&d=mm&r=g\",\"caption\":\"Roberto\"},\"url\":\"https:\\\/\\\/regiaonews.net.br\\\/2022\\\/author\\\/roberto\\\/\"}]}<\/script>\n<!-- \/ Yoast SEO plugin. -->","yoast_head_json":{"title":"Abertas as inscri\u00e7\u00f5es para elei\u00e7\u00e3o de novos membros do Conselho Curador da FEB - Regi\u00e3o News","robots":{"index":"index","follow":"follow","max-snippet":"max-snippet:-1","max-image-preview":"max-image-preview:large","max-video-preview":"max-video-preview:-1"},"canonical":"https:\/\/regiaonews.net.br\/2022\/2024\/12\/05\/abertas-as-inscricoes-para-eleicao-de-novos-membros-do-conselho-curador-da-feb\/","og_locale":"pt_BR","og_type":"article","og_title":"Abertas as inscri\u00e7\u00f5es para elei\u00e7\u00e3o de novos membros do Conselho Curador da FEB - Regi\u00e3o News","og_description":"Ser\u00e3o preenchidas cinco vagas destinadas aos seguintes conselhos profissionais: Administra\u00e7\u00e3o","og_url":"https:\/\/regiaonews.net.br\/2022\/2024\/12\/05\/abertas-as-inscricoes-para-eleicao-de-novos-membros-do-conselho-curador-da-feb\/","og_site_name":"Regi\u00e3o News","article_published_time":"2024-12-05T16:09:45+00:00","og_image":[{"width":1280,"height":960,"url":"https:\/\/regiaonews.net.br\/2022\/wp-content\/uploads\/2024\/12\/Imagem-do-WhatsApp-de-2024-12-05-as-11.25.26_72851128.jpg","type":"image\/jpeg"}],"author":"Roberto","twitter_card":"summary_large_image","twitter_misc":{"Escrito por":"Roberto","Est. tempo de leitura":"2 minutos"},"schema":{"@context":"https:\/\/schema.org","@graph":[{"@type":"Article","@id":"https:\/\/regiaonews.net.br\/2022\/2024\/12\/05\/abertas-as-inscricoes-para-eleicao-de-novos-membros-do-conselho-curador-da-feb\/#article","isPartOf":{"@id":"https:\/\/regiaonews.net.br\/2022\/2024\/12\/05\/abertas-as-inscricoes-para-eleicao-de-novos-membros-do-conselho-curador-da-feb\/"},"author":{"name":"Roberto","@id":"https:\/\/regiaonews.net.br\/2022\/#\/schema\/person\/2d205a608a5aa97ac279d7a5e6d89ad8"},"headline":"Abertas as inscri\u00e7\u00f5es para elei\u00e7\u00e3o de novos membros do Conselho Curador da FEB","datePublished":"2024-12-05T16:09:45+00:00","mainEntityOfPage":{"@id":"https:\/\/regiaonews.net.br\/2022\/2024\/12\/05\/abertas-as-inscricoes-para-eleicao-de-novos-membros-do-conselho-curador-da-feb\/"},"wordCount":337,"commentCount":0,"publisher":{"@id":"https:\/\/regiaonews.net.br\/2022\/#organization"},"image":{"@id":"https:\/\/regiaonews.net.br\/2022\/2024\/12\/05\/abertas-as-inscricoes-para-eleicao-de-novos-membros-do-conselho-curador-da-feb\/#primaryimage"},"thumbnailUrl":"https:\/\/regiaonews.net.br\/2022\/wp-content\/uploads\/2024\/12\/Imagem-do-WhatsApp-de-2024-12-05-as-11.25.26_72851128.jpg","articleSection":["Barretos","Geral"],"inLanguage":"pt-BR","potentialAction":[{"@type":"CommentAction","name":"Comment","target":["https:\/\/regiaonews.net.br\/2022\/2024\/12\/05\/abertas-as-inscricoes-para-eleicao-de-novos-membros-do-conselho-curador-da-feb\/#respond"]}]},{"@type":"WebPage","@id":"https:\/\/regiaonews.net.br\/2022\/2024\/12\/05\/abertas-as-inscricoes-para-eleicao-de-novos-membros-do-conselho-curador-da-feb\/","url":"https:\/\/regiaonews.net.br\/2022\/2024\/12\/05\/abertas-as-inscricoes-para-eleicao-de-novos-membros-do-conselho-curador-da-feb\/","name":"Abertas as inscri\u00e7\u00f5es para elei\u00e7\u00e3o de novos membros do Conselho Curador da FEB - Regi\u00e3o News","isPartOf":{"@id":"https:\/\/regiaonews.net.br\/2022\/#website"},"primaryImageOfPage":{"@id":"https:\/\/regiaonews.net.br\/2022\/2024\/12\/05\/abertas-as-inscricoes-para-eleicao-de-novos-membros-do-conselho-curador-da-feb\/#primaryimage"},"image":{"@id":"https:\/\/regiaonews.net.br\/2022\/2024\/12\/05\/abertas-as-inscricoes-para-eleicao-de-novos-membros-do-conselho-curador-da-feb\/#primaryimage"},"thumbnailUrl":"https:\/\/regiaonews.net.br\/2022\/wp-content\/uploads\/2024\/12\/Imagem-do-WhatsApp-de-2024-12-05-as-11.25.26_72851128.jpg","datePublished":"2024-12-05T16:09:45+00:00","breadcrumb":{"@id":"https:\/\/regiaonews.net.br\/2022\/2024\/12\/05\/abertas-as-inscricoes-para-eleicao-de-novos-membros-do-conselho-curador-da-feb\/#breadcrumb"},"inLanguage":"pt-BR","potentialAction":[{"@type":"ReadAction","target":["https:\/\/regiaonews.net.br\/2022\/2024\/12\/05\/abertas-as-inscricoes-para-eleicao-de-novos-membros-do-conselho-curador-da-feb\/"]}]},{"@type":"ImageObject","inLanguage":"pt-BR","@id":"https:\/\/regiaonews.net.br\/2022\/2024\/12\/05\/abertas-as-inscricoes-para-eleicao-de-novos-membros-do-conselho-curador-da-feb\/#primaryimage","url":"https:\/\/regiaonews.net.br\/2022\/wp-content\/uploads\/2024\/12\/Imagem-do-WhatsApp-de-2024-12-05-as-11.25.26_72851128.jpg","contentUrl":"https:\/\/regiaonews.net.br\/2022\/wp-content\/uploads\/2024\/12\/Imagem-do-WhatsApp-de-2024-12-05-as-11.25.26_72851128.jpg","width":1280,"height":960},{"@type":"BreadcrumbList","@id":"https:\/\/regiaonews.net.br\/2022\/2024\/12\/05\/abertas-as-inscricoes-para-eleicao-de-novos-membros-do-conselho-curador-da-feb\/#breadcrumb","itemListElement":[{"@type":"ListItem","position":1,"name":"In\u00edcio","item":"https:\/\/regiaonews.net.br\/2022\/"},{"@type":"ListItem","position":2,"name":"Abertas as inscri\u00e7\u00f5es para elei\u00e7\u00e3o de novos membros do Conselho Curador da FEB"}]},{"@type":"WebSite","@id":"https:\/\/regiaonews.net.br\/2022\/#website","url":"https:\/\/regiaonews.net.br\/2022\/","name":"Regi\u00e3o News","description":"Site de Not\u00edcias de Barretos e regi\u00e3o","publisher":{"@id":"https:\/\/regiaonews.net.br\/2022\/#organization"},"potentialAction":[{"@type":"SearchAction","target":{"@type":"EntryPoint","urlTemplate":"https:\/\/regiaonews.net.br\/2022\/?s={search_term_string}"},"query-input":{"@type":"PropertyValueSpecification","valueRequired":true,"valueName":"search_term_string"}}],"inLanguage":"pt-BR"},{"@type":"Organization","@id":"https:\/\/regiaonews.net.br\/2022\/#organization","name":"Regi\u00e3o News","url":"https:\/\/regiaonews.net.br\/2022\/","logo":{"@type":"ImageObject","inLanguage":"pt-BR","@id":"https:\/\/regiaonews.net.br\/2022\/#\/schema\/logo\/image\/","url":"https:\/\/regiaonews.net.br\/2022\/wp-content\/uploads\/2026\/03\/regiao-13-anos-scaled.jpg","contentUrl":"https:\/\/regiaonews.net.br\/2022\/wp-content\/uploads\/2026\/03\/regiao-13-anos-scaled.jpg","width":2560,"height":635,"caption":"Regi\u00e3o News"},"image":{"@id":"https:\/\/regiaonews.net.br\/2022\/#\/schema\/logo\/image\/"}},{"@type":"Person","@id":"https:\/\/regiaonews.net.br\/2022\/#\/schema\/person\/2d205a608a5aa97ac279d7a5e6d89ad8","name":"Roberto","image":{"@type":"ImageObject","inLanguage":"pt-BR","@id":"https:\/\/secure.gravatar.com\/avatar\/42749d8b712ff9d59ca93dc150494e5b55a44134482993f5baeb97e61b7ecc89?s=96&d=mm&r=g","url":"https:\/\/secure.gravatar.com\/avatar\/42749d8b712ff9d59ca93dc150494e5b55a44134482993f5baeb97e61b7ecc89?s=96&d=mm&r=g","contentUrl":"https:\/\/secure.gravatar.com\/avatar\/42749d8b712ff9d59ca93dc150494e5b55a44134482993f5baeb97e61b7ecc89?s=96&d=mm&r=g","caption":"Roberto"},"url":"https:\/\/regiaonews.net.br\/2022\/author\/roberto\/"}]}},"publishpress_future_action":{"enabled":false,"date":"2026-05-02 03:45:41","action":"change-status","newStatus":"draft","terms":[],"taxonomy":"category","extraData":[]},"publishpress_future_workflow_manual_trigger":{"enabledWorkflows":[]},"_links":{"self":[{"href":"https:\/\/regiaonews.net.br\/2022\/wp-json\/wp\/v2\/posts\/112699","targetHints":{"allow":["GET"]}}],"collection":[{"href":"https:\/\/regiaonews.net.br\/2022\/wp-json\/wp\/v2\/posts"}],"about":[{"href":"https:\/\/regiaonews.net.br\/2022\/wp-json\/wp\/v2\/types\/post"}],"author":[{"embeddable":true,"href":"https:\/\/regiaonews.net.br\/2022\/wp-json\/wp\/v2\/users\/2"}],"replies":[{"embeddable":true,"href":"https:\/\/regiaonews.net.br\/2022\/wp-json\/wp\/v2\/comments?post=112699"}],"version-history":[{"count":1,"href":"https:\/\/regiaonews.net.br\/2022\/wp-json\/wp\/v2\/posts\/112699\/revisions"}],"predecessor-version":[{"id":112701,"href":"https:\/\/regiaonews.net.br\/2022\/wp-json\/wp\/v2\/posts\/112699\/revisions\/112701"}],"wp:featuredmedia":[{"embeddable":true,"href":"https:\/\/regiaonews.net.br\/2022\/wp-json\/wp\/v2\/media\/112700"}],"wp:attachment":[{"href":"https:\/\/regiaonews.net.br\/2022\/wp-json\/wp\/v2\/media?parent=112699"}],"wp:term":[{"taxonomy":"category","embeddable":true,"href":"https:\/\/regiaonews.net.br\/2022\/wp-json\/wp\/v2\/categories?post=112699"},{"taxonomy":"post_tag","embeddable":true,"href":"https:\/\/regiaonews.net.br\/2022\/wp-json\/wp\/v2\/tags?post=112699"}],"curies":[{"name":"wp","href":"https:\/\/api.w.org\/{rel}","templated":true}]}}