{"id":112676,"date":"2024-12-04T16:01:43","date_gmt":"2024-12-04T19:01:43","guid":{"rendered":"https:\/\/regiaonews.net.br\/2022\/?p=112676"},"modified":"2024-12-04T16:01:43","modified_gmt":"2024-12-04T19:01:43","slug":"ministerio-de-minas-e-energia-aprova-estudo-para-construcao-de-nova-ponte-entre-colombia-e-planura","status":"publish","type":"post","link":"https:\/\/regiaonews.net.br\/2022\/2024\/12\/04\/ministerio-de-minas-e-energia-aprova-estudo-para-construcao-de-nova-ponte-entre-colombia-e-planura\/","title":{"rendered":"Minist\u00e9rio de Minas e Energia aprova estudo para constru\u00e7\u00e3o de nova ponte entre Col\u00f4mbia e Planura"},"content":{"rendered":"<p>O Minist\u00e9rio de Minas e Energia (MME) anunciou a aprova\u00e7\u00e3o de um estudo para o alteamento ou constru\u00e7\u00e3o de uma nova ponte sobre o rio Grande, na BR-364, substituindo a ponte &#8220;Gumercindo Penteado&#8221;, que conecta Col\u00f4mbia-SP a Planura-MG. A medida est\u00e1 relacionada \u00e0s restri\u00e7\u00f5es operacionais do reservat\u00f3rio da Usina Hidrel\u00e9trica de Marimbondo.<\/p>\n<p>O contrato para a execu\u00e7\u00e3o do projeto foi assinado em novembro de 2024, no valor de R$ 3.032.842,96, e o in\u00edcio das atividades est\u00e1 previsto para dezembro. A Eletrobras \u00e9 respons\u00e1vel pelo desenvolvimento dos estudos e detalhamentos necess\u00e1rios para a execu\u00e7\u00e3o do empreendimento.<\/p>\n<p>A ponte atual limita a opera\u00e7\u00e3o do reservat\u00f3rio ao exigir que o n\u00edvel da \u00e1gua seja mantido 50 cm abaixo da cota inferior do tabuleiro, comprometendo a capacidade m\u00e1xima do reservat\u00f3rio. Durante per\u00edodos chuvosos, como em 2023, o aprisionamento de plantas aqu\u00e1ticas no tabuleiro intensificou essas restri\u00e7\u00f5es.<\/p>\n<p>O alteamento ou a constru\u00e7\u00e3o de uma nova ponte permitir\u00e1 um aumento de at\u00e9 1.155 hm\u00b3 no volume \u00fatil do reservat\u00f3rio, equivalente \u00e0 cerca de 22% de sua capacidade. A a\u00e7\u00e3o est\u00e1 inserida no Plano de Recupera\u00e7\u00e3o de Reservat\u00f3rios (PRR), coordenado pelo MME, com foco na seguran\u00e7a h\u00eddrica e energ\u00e9tica do pa\u00eds.<\/p>\n<blockquote><p>&#8220;Guardei informa\u00e7\u00f5es por seis meses, rezando para dar certo, e hoje recebemos a grande not\u00edcia que pode alavancar nossa regi\u00e3o. Estou feliz e realizada, pois venho lutando h\u00e1 dez anos pela constru\u00e7\u00e3o de uma nova ponte ou alteamento da atual, Gumercindo Penteado, j\u00e1 que ela est\u00e1 comprometida por estar na cota de inunda\u00e7\u00e3o do Reservat\u00f3rio da Usina Hidrel\u00e9trica de Marimbondo. Em todo per\u00edodo chuvoso e de cheias, ficamos preocupados, com medo de que essa estrutura n\u00e3o resista ao peso da \u00e1gua&#8221;, destacou a coordenadora da Defesa Civil, Maria In\u00e1cia Macedo Freitas.<\/p><\/blockquote>\n<p>A ponte de 600 metros de comprimento pertence ao Departamento Nacional de Infraestrutura de Transportes (DNIT), uma autarquia vinculada ao Minist\u00e9rio da Infraestrutura do Governo Federal, com unidade em Prata-MG. A estrutura passou por diversas reformas, incluindo a substitui\u00e7\u00e3o das juntas de dilata\u00e7\u00e3o em abril deste ano.<\/p>\n","protected":false},"excerpt":{"rendered":"<p>O Minist\u00e9rio de Minas e Energia (MME) anunciou a aprova\u00e7\u00e3o<\/p>\n","protected":false},"author":2,"featured_media":112677,"comment_status":"open","ping_status":"open","sticky":false,"template":"","format":"standard","meta":{"footnotes":""},"categories":[6,3],"tags":[],"class_list":["post-112676","post","type-post","status-publish","format-standard","has-post-thumbnail","hentry","category-colombia","category-geral"],"yoast_head":"<!-- This site is optimized with the Yoast SEO plugin v27.4 - https:\/\/yoast.com\/product\/yoast-seo-wordpress\/ -->\n<title>Minist\u00e9rio de Minas e Energia aprova estudo para constru\u00e7\u00e3o de nova ponte entre Col\u00f4mbia e Planura - Regi\u00e3o News<\/title>\n<meta name=\"robots\" content=\"index, follow, max-snippet:-1, max-image-preview:large, max-video-preview:-1\" \/>\n<link rel=\"canonical\" href=\"https:\/\/regiaonews.net.br\/2022\/2024\/12\/04\/ministerio-de-minas-e-energia-aprova-estudo-para-construcao-de-nova-ponte-entre-colombia-e-planura\/\" \/>\n<meta property=\"og:locale\" content=\"pt_BR\" \/>\n<meta property=\"og:type\" content=\"article\" \/>\n<meta property=\"og:title\" content=\"Minist\u00e9rio de Minas e Energia aprova estudo para constru\u00e7\u00e3o de nova ponte entre Col\u00f4mbia e Planura - Regi\u00e3o News\" \/>\n<meta property=\"og:description\" content=\"O Minist\u00e9rio de Minas e Energia (MME) anunciou a aprova\u00e7\u00e3o\" \/>\n<meta property=\"og:url\" content=\"https:\/\/regiaonews.net.br\/2022\/2024\/12\/04\/ministerio-de-minas-e-energia-aprova-estudo-para-construcao-de-nova-ponte-entre-colombia-e-planura\/\" \/>\n<meta property=\"og:site_name\" content=\"Regi\u00e3o News\" \/>\n<meta property=\"article:published_time\" content=\"2024-12-04T19:01:43+00:00\" \/>\n<meta property=\"og:image\" content=\"https:\/\/regiaonews.net.br\/2022\/wp-content\/uploads\/2024\/12\/3275_qjyl6269-jpeg.jpeg\" \/>\n\t<meta property=\"og:image:width\" content=\"1600\" \/>\n\t<meta property=\"og:image:height\" content=\"900\" \/>\n\t<meta property=\"og:image:type\" content=\"image\/jpeg\" \/>\n<meta name=\"author\" content=\"Roberto\" \/>\n<meta name=\"twitter:card\" content=\"summary_large_image\" \/>\n<meta name=\"twitter:label1\" content=\"Escrito por\" \/>\n\t<meta name=\"twitter:data1\" content=\"Roberto\" \/>\n\t<meta name=\"twitter:label2\" content=\"Est. tempo de leitura\" \/>\n\t<meta name=\"twitter:data2\" content=\"2 minutos\" \/>\n<script type=\"application\/ld+json\" class=\"yoast-schema-graph\">{\"@context\":\"https:\\\/\\\/schema.org\",\"@graph\":[{\"@type\":\"Article\",\"@id\":\"https:\\\/\\\/regiaonews.net.br\\\/2022\\\/2024\\\/12\\\/04\\\/ministerio-de-minas-e-energia-aprova-estudo-para-construcao-de-nova-ponte-entre-colombia-e-planura\\\/#article\",\"isPartOf\":{\"@id\":\"https:\\\/\\\/regiaonews.net.br\\\/2022\\\/2024\\\/12\\\/04\\\/ministerio-de-minas-e-energia-aprova-estudo-para-construcao-de-nova-ponte-entre-colombia-e-planura\\\/\"},\"author\":{\"name\":\"Roberto\",\"@id\":\"https:\\\/\\\/regiaonews.net.br\\\/2022\\\/#\\\/schema\\\/person\\\/2d205a608a5aa97ac279d7a5e6d89ad8\"},\"headline\":\"Minist\u00e9rio de Minas e Energia aprova estudo para constru\u00e7\u00e3o de nova ponte entre Col\u00f4mbia e Planura\",\"datePublished\":\"2024-12-04T19:01:43+00:00\",\"mainEntityOfPage\":{\"@id\":\"https:\\\/\\\/regiaonews.net.br\\\/2022\\\/2024\\\/12\\\/04\\\/ministerio-de-minas-e-energia-aprova-estudo-para-construcao-de-nova-ponte-entre-colombia-e-planura\\\/\"},\"wordCount\":384,\"commentCount\":0,\"publisher\":{\"@id\":\"https:\\\/\\\/regiaonews.net.br\\\/2022\\\/#organization\"},\"image\":{\"@id\":\"https:\\\/\\\/regiaonews.net.br\\\/2022\\\/2024\\\/12\\\/04\\\/ministerio-de-minas-e-energia-aprova-estudo-para-construcao-de-nova-ponte-entre-colombia-e-planura\\\/#primaryimage\"},\"thumbnailUrl\":\"https:\\\/\\\/regiaonews.net.br\\\/2022\\\/wp-content\\\/uploads\\\/2024\\\/12\\\/3275_qjyl6269-jpeg.jpeg\",\"articleSection\":[\"Col\u00f4mbia\",\"Geral\"],\"inLanguage\":\"pt-BR\",\"potentialAction\":[{\"@type\":\"CommentAction\",\"name\":\"Comment\",\"target\":[\"https:\\\/\\\/regiaonews.net.br\\\/2022\\\/2024\\\/12\\\/04\\\/ministerio-de-minas-e-energia-aprova-estudo-para-construcao-de-nova-ponte-entre-colombia-e-planura\\\/#respond\"]}]},{\"@type\":\"WebPage\",\"@id\":\"https:\\\/\\\/regiaonews.net.br\\\/2022\\\/2024\\\/12\\\/04\\\/ministerio-de-minas-e-energia-aprova-estudo-para-construcao-de-nova-ponte-entre-colombia-e-planura\\\/\",\"url\":\"https:\\\/\\\/regiaonews.net.br\\\/2022\\\/2024\\\/12\\\/04\\\/ministerio-de-minas-e-energia-aprova-estudo-para-construcao-de-nova-ponte-entre-colombia-e-planura\\\/\",\"name\":\"Minist\u00e9rio de Minas e Energia aprova estudo para constru\u00e7\u00e3o de nova ponte entre Col\u00f4mbia e Planura - Regi\u00e3o News\",\"isPartOf\":{\"@id\":\"https:\\\/\\\/regiaonews.net.br\\\/2022\\\/#website\"},\"primaryImageOfPage\":{\"@id\":\"https:\\\/\\\/regiaonews.net.br\\\/2022\\\/2024\\\/12\\\/04\\\/ministerio-de-minas-e-energia-aprova-estudo-para-construcao-de-nova-ponte-entre-colombia-e-planura\\\/#primaryimage\"},\"image\":{\"@id\":\"https:\\\/\\\/regiaonews.net.br\\\/2022\\\/2024\\\/12\\\/04\\\/ministerio-de-minas-e-energia-aprova-estudo-para-construcao-de-nova-ponte-entre-colombia-e-planura\\\/#primaryimage\"},\"thumbnailUrl\":\"https:\\\/\\\/regiaonews.net.br\\\/2022\\\/wp-content\\\/uploads\\\/2024\\\/12\\\/3275_qjyl6269-jpeg.jpeg\",\"datePublished\":\"2024-12-04T19:01:43+00:00\",\"breadcrumb\":{\"@id\":\"https:\\\/\\\/regiaonews.net.br\\\/2022\\\/2024\\\/12\\\/04\\\/ministerio-de-minas-e-energia-aprova-estudo-para-construcao-de-nova-ponte-entre-colombia-e-planura\\\/#breadcrumb\"},\"inLanguage\":\"pt-BR\",\"potentialAction\":[{\"@type\":\"ReadAction\",\"target\":[\"https:\\\/\\\/regiaonews.net.br\\\/2022\\\/2024\\\/12\\\/04\\\/ministerio-de-minas-e-energia-aprova-estudo-para-construcao-de-nova-ponte-entre-colombia-e-planura\\\/\"]}]},{\"@type\":\"ImageObject\",\"inLanguage\":\"pt-BR\",\"@id\":\"https:\\\/\\\/regiaonews.net.br\\\/2022\\\/2024\\\/12\\\/04\\\/ministerio-de-minas-e-energia-aprova-estudo-para-construcao-de-nova-ponte-entre-colombia-e-planura\\\/#primaryimage\",\"url\":\"https:\\\/\\\/regiaonews.net.br\\\/2022\\\/wp-content\\\/uploads\\\/2024\\\/12\\\/3275_qjyl6269-jpeg.jpeg\",\"contentUrl\":\"https:\\\/\\\/regiaonews.net.br\\\/2022\\\/wp-content\\\/uploads\\\/2024\\\/12\\\/3275_qjyl6269-jpeg.jpeg\",\"width\":1600,\"height\":900},{\"@type\":\"BreadcrumbList\",\"@id\":\"https:\\\/\\\/regiaonews.net.br\\\/2022\\\/2024\\\/12\\\/04\\\/ministerio-de-minas-e-energia-aprova-estudo-para-construcao-de-nova-ponte-entre-colombia-e-planura\\\/#breadcrumb\",\"itemListElement\":[{\"@type\":\"ListItem\",\"position\":1,\"name\":\"In\u00edcio\",\"item\":\"https:\\\/\\\/regiaonews.net.br\\\/2022\\\/\"},{\"@type\":\"ListItem\",\"position\":2,\"name\":\"Minist\u00e9rio de Minas e Energia aprova estudo para constru\u00e7\u00e3o de nova ponte entre Col\u00f4mbia e Planura\"}]},{\"@type\":\"WebSite\",\"@id\":\"https:\\\/\\\/regiaonews.net.br\\\/2022\\\/#website\",\"url\":\"https:\\\/\\\/regiaonews.net.br\\\/2022\\\/\",\"name\":\"Regi\u00e3o News\",\"description\":\"Site de Not\u00edcias de Barretos e regi\u00e3o\",\"publisher\":{\"@id\":\"https:\\\/\\\/regiaonews.net.br\\\/2022\\\/#organization\"},\"potentialAction\":[{\"@type\":\"SearchAction\",\"target\":{\"@type\":\"EntryPoint\",\"urlTemplate\":\"https:\\\/\\\/regiaonews.net.br\\\/2022\\\/?s={search_term_string}\"},\"query-input\":{\"@type\":\"PropertyValueSpecification\",\"valueRequired\":true,\"valueName\":\"search_term_string\"}}],\"inLanguage\":\"pt-BR\"},{\"@type\":\"Organization\",\"@id\":\"https:\\\/\\\/regiaonews.net.br\\\/2022\\\/#organization\",\"name\":\"Regi\u00e3o News\",\"url\":\"https:\\\/\\\/regiaonews.net.br\\\/2022\\\/\",\"logo\":{\"@type\":\"ImageObject\",\"inLanguage\":\"pt-BR\",\"@id\":\"https:\\\/\\\/regiaonews.net.br\\\/2022\\\/#\\\/schema\\\/logo\\\/image\\\/\",\"url\":\"https:\\\/\\\/regiaonews.net.br\\\/2022\\\/wp-content\\\/uploads\\\/2026\\\/03\\\/regiao-13-anos-scaled.jpg\",\"contentUrl\":\"https:\\\/\\\/regiaonews.net.br\\\/2022\\\/wp-content\\\/uploads\\\/2026\\\/03\\\/regiao-13-anos-scaled.jpg\",\"width\":2560,\"height\":635,\"caption\":\"Regi\u00e3o News\"},\"image\":{\"@id\":\"https:\\\/\\\/regiaonews.net.br\\\/2022\\\/#\\\/schema\\\/logo\\\/image\\\/\"}},{\"@type\":\"Person\",\"@id\":\"https:\\\/\\\/regiaonews.net.br\\\/2022\\\/#\\\/schema\\\/person\\\/2d205a608a5aa97ac279d7a5e6d89ad8\",\"name\":\"Roberto\",\"image\":{\"@type\":\"ImageObject\",\"inLanguage\":\"pt-BR\",\"@id\":\"https:\\\/\\\/secure.gravatar.com\\\/avatar\\\/42749d8b712ff9d59ca93dc150494e5b55a44134482993f5baeb97e61b7ecc89?s=96&d=mm&r=g\",\"url\":\"https:\\\/\\\/secure.gravatar.com\\\/avatar\\\/42749d8b712ff9d59ca93dc150494e5b55a44134482993f5baeb97e61b7ecc89?s=96&d=mm&r=g\",\"contentUrl\":\"https:\\\/\\\/secure.gravatar.com\\\/avatar\\\/42749d8b712ff9d59ca93dc150494e5b55a44134482993f5baeb97e61b7ecc89?s=96&d=mm&r=g\",\"caption\":\"Roberto\"},\"url\":\"https:\\\/\\\/regiaonews.net.br\\\/2022\\\/author\\\/roberto\\\/\"}]}<\/script>\n<!-- \/ Yoast SEO plugin. -->","yoast_head_json":{"title":"Minist\u00e9rio de Minas e Energia aprova estudo para constru\u00e7\u00e3o de nova ponte entre Col\u00f4mbia e Planura - Regi\u00e3o News","robots":{"index":"index","follow":"follow","max-snippet":"max-snippet:-1","max-image-preview":"max-image-preview:large","max-video-preview":"max-video-preview:-1"},"canonical":"https:\/\/regiaonews.net.br\/2022\/2024\/12\/04\/ministerio-de-minas-e-energia-aprova-estudo-para-construcao-de-nova-ponte-entre-colombia-e-planura\/","og_locale":"pt_BR","og_type":"article","og_title":"Minist\u00e9rio de Minas e Energia aprova estudo para constru\u00e7\u00e3o de nova ponte entre Col\u00f4mbia e Planura - Regi\u00e3o News","og_description":"O Minist\u00e9rio de Minas e Energia (MME) anunciou a aprova\u00e7\u00e3o","og_url":"https:\/\/regiaonews.net.br\/2022\/2024\/12\/04\/ministerio-de-minas-e-energia-aprova-estudo-para-construcao-de-nova-ponte-entre-colombia-e-planura\/","og_site_name":"Regi\u00e3o News","article_published_time":"2024-12-04T19:01:43+00:00","og_image":[{"width":1600,"height":900,"url":"https:\/\/regiaonews.net.br\/2022\/wp-content\/uploads\/2024\/12\/3275_qjyl6269-jpeg.jpeg","type":"image\/jpeg"}],"author":"Roberto","twitter_card":"summary_large_image","twitter_misc":{"Escrito por":"Roberto","Est. tempo de leitura":"2 minutos"},"schema":{"@context":"https:\/\/schema.org","@graph":[{"@type":"Article","@id":"https:\/\/regiaonews.net.br\/2022\/2024\/12\/04\/ministerio-de-minas-e-energia-aprova-estudo-para-construcao-de-nova-ponte-entre-colombia-e-planura\/#article","isPartOf":{"@id":"https:\/\/regiaonews.net.br\/2022\/2024\/12\/04\/ministerio-de-minas-e-energia-aprova-estudo-para-construcao-de-nova-ponte-entre-colombia-e-planura\/"},"author":{"name":"Roberto","@id":"https:\/\/regiaonews.net.br\/2022\/#\/schema\/person\/2d205a608a5aa97ac279d7a5e6d89ad8"},"headline":"Minist\u00e9rio de Minas e Energia aprova estudo para constru\u00e7\u00e3o de nova ponte entre Col\u00f4mbia e Planura","datePublished":"2024-12-04T19:01:43+00:00","mainEntityOfPage":{"@id":"https:\/\/regiaonews.net.br\/2022\/2024\/12\/04\/ministerio-de-minas-e-energia-aprova-estudo-para-construcao-de-nova-ponte-entre-colombia-e-planura\/"},"wordCount":384,"commentCount":0,"publisher":{"@id":"https:\/\/regiaonews.net.br\/2022\/#organization"},"image":{"@id":"https:\/\/regiaonews.net.br\/2022\/2024\/12\/04\/ministerio-de-minas-e-energia-aprova-estudo-para-construcao-de-nova-ponte-entre-colombia-e-planura\/#primaryimage"},"thumbnailUrl":"https:\/\/regiaonews.net.br\/2022\/wp-content\/uploads\/2024\/12\/3275_qjyl6269-jpeg.jpeg","articleSection":["Col\u00f4mbia","Geral"],"inLanguage":"pt-BR","potentialAction":[{"@type":"CommentAction","name":"Comment","target":["https:\/\/regiaonews.net.br\/2022\/2024\/12\/04\/ministerio-de-minas-e-energia-aprova-estudo-para-construcao-de-nova-ponte-entre-colombia-e-planura\/#respond"]}]},{"@type":"WebPage","@id":"https:\/\/regiaonews.net.br\/2022\/2024\/12\/04\/ministerio-de-minas-e-energia-aprova-estudo-para-construcao-de-nova-ponte-entre-colombia-e-planura\/","url":"https:\/\/regiaonews.net.br\/2022\/2024\/12\/04\/ministerio-de-minas-e-energia-aprova-estudo-para-construcao-de-nova-ponte-entre-colombia-e-planura\/","name":"Minist\u00e9rio de Minas e Energia aprova estudo para constru\u00e7\u00e3o de nova ponte entre Col\u00f4mbia e Planura - Regi\u00e3o News","isPartOf":{"@id":"https:\/\/regiaonews.net.br\/2022\/#website"},"primaryImageOfPage":{"@id":"https:\/\/regiaonews.net.br\/2022\/2024\/12\/04\/ministerio-de-minas-e-energia-aprova-estudo-para-construcao-de-nova-ponte-entre-colombia-e-planura\/#primaryimage"},"image":{"@id":"https:\/\/regiaonews.net.br\/2022\/2024\/12\/04\/ministerio-de-minas-e-energia-aprova-estudo-para-construcao-de-nova-ponte-entre-colombia-e-planura\/#primaryimage"},"thumbnailUrl":"https:\/\/regiaonews.net.br\/2022\/wp-content\/uploads\/2024\/12\/3275_qjyl6269-jpeg.jpeg","datePublished":"2024-12-04T19:01:43+00:00","breadcrumb":{"@id":"https:\/\/regiaonews.net.br\/2022\/2024\/12\/04\/ministerio-de-minas-e-energia-aprova-estudo-para-construcao-de-nova-ponte-entre-colombia-e-planura\/#breadcrumb"},"inLanguage":"pt-BR","potentialAction":[{"@type":"ReadAction","target":["https:\/\/regiaonews.net.br\/2022\/2024\/12\/04\/ministerio-de-minas-e-energia-aprova-estudo-para-construcao-de-nova-ponte-entre-colombia-e-planura\/"]}]},{"@type":"ImageObject","inLanguage":"pt-BR","@id":"https:\/\/regiaonews.net.br\/2022\/2024\/12\/04\/ministerio-de-minas-e-energia-aprova-estudo-para-construcao-de-nova-ponte-entre-colombia-e-planura\/#primaryimage","url":"https:\/\/regiaonews.net.br\/2022\/wp-content\/uploads\/2024\/12\/3275_qjyl6269-jpeg.jpeg","contentUrl":"https:\/\/regiaonews.net.br\/2022\/wp-content\/uploads\/2024\/12\/3275_qjyl6269-jpeg.jpeg","width":1600,"height":900},{"@type":"BreadcrumbList","@id":"https:\/\/regiaonews.net.br\/2022\/2024\/12\/04\/ministerio-de-minas-e-energia-aprova-estudo-para-construcao-de-nova-ponte-entre-colombia-e-planura\/#breadcrumb","itemListElement":[{"@type":"ListItem","position":1,"name":"In\u00edcio","item":"https:\/\/regiaonews.net.br\/2022\/"},{"@type":"ListItem","position":2,"name":"Minist\u00e9rio de Minas e Energia aprova estudo para constru\u00e7\u00e3o de nova ponte entre Col\u00f4mbia e Planura"}]},{"@type":"WebSite","@id":"https:\/\/regiaonews.net.br\/2022\/#website","url":"https:\/\/regiaonews.net.br\/2022\/","name":"Regi\u00e3o News","description":"Site de Not\u00edcias de Barretos e regi\u00e3o","publisher":{"@id":"https:\/\/regiaonews.net.br\/2022\/#organization"},"potentialAction":[{"@type":"SearchAction","target":{"@type":"EntryPoint","urlTemplate":"https:\/\/regiaonews.net.br\/2022\/?s={search_term_string}"},"query-input":{"@type":"PropertyValueSpecification","valueRequired":true,"valueName":"search_term_string"}}],"inLanguage":"pt-BR"},{"@type":"Organization","@id":"https:\/\/regiaonews.net.br\/2022\/#organization","name":"Regi\u00e3o News","url":"https:\/\/regiaonews.net.br\/2022\/","logo":{"@type":"ImageObject","inLanguage":"pt-BR","@id":"https:\/\/regiaonews.net.br\/2022\/#\/schema\/logo\/image\/","url":"https:\/\/regiaonews.net.br\/2022\/wp-content\/uploads\/2026\/03\/regiao-13-anos-scaled.jpg","contentUrl":"https:\/\/regiaonews.net.br\/2022\/wp-content\/uploads\/2026\/03\/regiao-13-anos-scaled.jpg","width":2560,"height":635,"caption":"Regi\u00e3o News"},"image":{"@id":"https:\/\/regiaonews.net.br\/2022\/#\/schema\/logo\/image\/"}},{"@type":"Person","@id":"https:\/\/regiaonews.net.br\/2022\/#\/schema\/person\/2d205a608a5aa97ac279d7a5e6d89ad8","name":"Roberto","image":{"@type":"ImageObject","inLanguage":"pt-BR","@id":"https:\/\/secure.gravatar.com\/avatar\/42749d8b712ff9d59ca93dc150494e5b55a44134482993f5baeb97e61b7ecc89?s=96&d=mm&r=g","url":"https:\/\/secure.gravatar.com\/avatar\/42749d8b712ff9d59ca93dc150494e5b55a44134482993f5baeb97e61b7ecc89?s=96&d=mm&r=g","contentUrl":"https:\/\/secure.gravatar.com\/avatar\/42749d8b712ff9d59ca93dc150494e5b55a44134482993f5baeb97e61b7ecc89?s=96&d=mm&r=g","caption":"Roberto"},"url":"https:\/\/regiaonews.net.br\/2022\/author\/roberto\/"}]}},"publishpress_future_action":{"enabled":false,"date":"2026-05-02 05:32:10","action":"change-status","newStatus":"draft","terms":[],"taxonomy":"category","extraData":[]},"publishpress_future_workflow_manual_trigger":{"enabledWorkflows":[]},"_links":{"self":[{"href":"https:\/\/regiaonews.net.br\/2022\/wp-json\/wp\/v2\/posts\/112676","targetHints":{"allow":["GET"]}}],"collection":[{"href":"https:\/\/regiaonews.net.br\/2022\/wp-json\/wp\/v2\/posts"}],"about":[{"href":"https:\/\/regiaonews.net.br\/2022\/wp-json\/wp\/v2\/types\/post"}],"author":[{"embeddable":true,"href":"https:\/\/regiaonews.net.br\/2022\/wp-json\/wp\/v2\/users\/2"}],"replies":[{"embeddable":true,"href":"https:\/\/regiaonews.net.br\/2022\/wp-json\/wp\/v2\/comments?post=112676"}],"version-history":[{"count":1,"href":"https:\/\/regiaonews.net.br\/2022\/wp-json\/wp\/v2\/posts\/112676\/revisions"}],"predecessor-version":[{"id":112678,"href":"https:\/\/regiaonews.net.br\/2022\/wp-json\/wp\/v2\/posts\/112676\/revisions\/112678"}],"wp:featuredmedia":[{"embeddable":true,"href":"https:\/\/regiaonews.net.br\/2022\/wp-json\/wp\/v2\/media\/112677"}],"wp:attachment":[{"href":"https:\/\/regiaonews.net.br\/2022\/wp-json\/wp\/v2\/media?parent=112676"}],"wp:term":[{"taxonomy":"category","embeddable":true,"href":"https:\/\/regiaonews.net.br\/2022\/wp-json\/wp\/v2\/categories?post=112676"},{"taxonomy":"post_tag","embeddable":true,"href":"https:\/\/regiaonews.net.br\/2022\/wp-json\/wp\/v2\/tags?post=112676"}],"curies":[{"name":"wp","href":"https:\/\/api.w.org\/{rel}","templated":true}]}}