{"id":112659,"date":"2024-12-03T19:22:54","date_gmt":"2024-12-03T22:22:54","guid":{"rendered":"https:\/\/regiaonews.net.br\/2022\/?p=112659"},"modified":"2024-12-03T19:22:54","modified_gmt":"2024-12-03T22:22:54","slug":"governo-de-sp-disponibiliza-linha-de-credito-no-valor-de-r-200-mi-que-incentiva-o-setor-de-radio-e-tv","status":"publish","type":"post","link":"https:\/\/regiaonews.net.br\/2022\/2024\/12\/03\/governo-de-sp-disponibiliza-linha-de-credito-no-valor-de-r-200-mi-que-incentiva-o-setor-de-radio-e-tv\/","title":{"rendered":"Governo de SP disponibiliza linha de cr\u00e9dito no valor de R$ 200 mi que incentiva o setor de R\u00e1dio e TV"},"content":{"rendered":"<p>O governador Tarc\u00edsio de Freitas anunciou, nesta ter\u00e7a-feira (03), na capital, a cria\u00e7\u00e3o da Desenvolve Radiodifus\u00e3o, linha de cr\u00e9dito especial destinada a incentivar o setor no estado de S\u00e3o Paulo. A iniciativa vai impulsionar a moderniza\u00e7\u00e3o de emissoras de r\u00e1dio e televis\u00e3o por meio da aquisi\u00e7\u00e3o de equipamentos, investimentos e inova\u00e7\u00e3o com opera\u00e7\u00f5es de at\u00e9 R$ 30 milh\u00f5es por projeto. No total, a Desenvolve SP, respons\u00e1vel pela medida, vai empregar R$ 200 milh\u00f5es nessa linha de cr\u00e9dito.<\/p>\n<p>\u201cAcredito que as linhas da Desenvolve SP podem ajudar no esfor\u00e7o da radiodifus\u00e3o no ingresso da TV digital 3.0, na convers\u00e3o das r\u00e1dios AM para FM, na quest\u00e3o da sustentabilidade, por meio dos investimentos em energia fotovoltaica. Nossa ideia \u00e9 facilitar nesse per\u00edodo de transi\u00e7\u00e3o tecnol\u00f3gica\u201d, disse o governador Tarc\u00edsio de Freitas.<\/p>\n<p>O an\u00fancio, realizado durante inaugura\u00e7\u00e3o do Est\u00fadio AESP (Associa\u00e7\u00e3o das Emissoras de R\u00e1dio e Televis\u00e3o do Estado S\u00e3o Paulo), contou ainda com o presen\u00e7a do secret\u00e1rio de Desenvolvimento Econ\u00f4mico, Jorge Lima, da secret\u00e1ria de Comunica\u00e7\u00e3o, Lais Vita e com o presidente da Desenvolve SP, Ricardo Brito, al\u00e9m do presidente da AESP, Luiz Arthur Valverde Rodrigues Abi Chedid e outros representantes da entidade.<\/p>\n","protected":false},"excerpt":{"rendered":"<p>O governador Tarc\u00edsio de Freitas anunciou, nesta ter\u00e7a-feira (03), na<\/p>\n","protected":false},"author":2,"featured_media":112660,"comment_status":"open","ping_status":"open","sticky":false,"template":"","format":"standard","meta":{"footnotes":""},"categories":[7],"tags":[],"class_list":["post-112659","post","type-post","status-publish","format-standard","has-post-thumbnail","hentry","category-estado-de-sao-paulo"],"yoast_head":"<!-- This site is optimized with the Yoast SEO plugin v27.4 - https:\/\/yoast.com\/product\/yoast-seo-wordpress\/ -->\n<title>Governo de SP disponibiliza linha de cr\u00e9dito no valor de R$ 200 mi que incentiva o setor de R\u00e1dio e TV - Regi\u00e3o News<\/title>\n<meta name=\"robots\" content=\"index, follow, max-snippet:-1, max-image-preview:large, max-video-preview:-1\" \/>\n<link rel=\"canonical\" href=\"https:\/\/regiaonews.net.br\/2022\/2024\/12\/03\/governo-de-sp-disponibiliza-linha-de-credito-no-valor-de-r-200-mi-que-incentiva-o-setor-de-radio-e-tv\/\" \/>\n<meta property=\"og:locale\" content=\"pt_BR\" \/>\n<meta property=\"og:type\" content=\"article\" \/>\n<meta property=\"og:title\" content=\"Governo de SP disponibiliza linha de cr\u00e9dito no valor de R$ 200 mi que incentiva o setor de R\u00e1dio e TV - Regi\u00e3o News\" \/>\n<meta property=\"og:description\" content=\"O governador Tarc\u00edsio de Freitas anunciou, nesta ter\u00e7a-feira (03), na\" \/>\n<meta property=\"og:url\" content=\"https:\/\/regiaonews.net.br\/2022\/2024\/12\/03\/governo-de-sp-disponibiliza-linha-de-credito-no-valor-de-r-200-mi-que-incentiva-o-setor-de-radio-e-tv\/\" \/>\n<meta property=\"og:site_name\" content=\"Regi\u00e3o News\" \/>\n<meta property=\"article:published_time\" content=\"2024-12-03T22:22:54+00:00\" \/>\n<meta property=\"og:image\" content=\"https:\/\/regiaonews.net.br\/2022\/wp-content\/uploads\/2024\/12\/Linha-de-credito-Desenvolve-Radiodifusao-no-Estudio-AESP-1024x683-1.jpg\" \/>\n\t<meta property=\"og:image:width\" content=\"1024\" \/>\n\t<meta property=\"og:image:height\" content=\"683\" \/>\n\t<meta property=\"og:image:type\" content=\"image\/jpeg\" \/>\n<meta name=\"author\" content=\"Roberto\" \/>\n<meta name=\"twitter:card\" content=\"summary_large_image\" \/>\n<meta name=\"twitter:label1\" content=\"Escrito por\" \/>\n\t<meta name=\"twitter:data1\" content=\"Roberto\" \/>\n\t<meta name=\"twitter:label2\" content=\"Est. tempo de leitura\" \/>\n\t<meta name=\"twitter:data2\" content=\"2 minutos\" \/>\n<script type=\"application\/ld+json\" class=\"yoast-schema-graph\">{\"@context\":\"https:\\\/\\\/schema.org\",\"@graph\":[{\"@type\":\"Article\",\"@id\":\"https:\\\/\\\/regiaonews.net.br\\\/2022\\\/2024\\\/12\\\/03\\\/governo-de-sp-disponibiliza-linha-de-credito-no-valor-de-r-200-mi-que-incentiva-o-setor-de-radio-e-tv\\\/#article\",\"isPartOf\":{\"@id\":\"https:\\\/\\\/regiaonews.net.br\\\/2022\\\/2024\\\/12\\\/03\\\/governo-de-sp-disponibiliza-linha-de-credito-no-valor-de-r-200-mi-que-incentiva-o-setor-de-radio-e-tv\\\/\"},\"author\":{\"name\":\"Roberto\",\"@id\":\"https:\\\/\\\/regiaonews.net.br\\\/2022\\\/#\\\/schema\\\/person\\\/2d205a608a5aa97ac279d7a5e6d89ad8\"},\"headline\":\"Governo de SP disponibiliza linha de cr\u00e9dito no valor de R$ 200 mi que incentiva o setor de R\u00e1dio e TV\",\"datePublished\":\"2024-12-03T22:22:54+00:00\",\"mainEntityOfPage\":{\"@id\":\"https:\\\/\\\/regiaonews.net.br\\\/2022\\\/2024\\\/12\\\/03\\\/governo-de-sp-disponibiliza-linha-de-credito-no-valor-de-r-200-mi-que-incentiva-o-setor-de-radio-e-tv\\\/\"},\"wordCount\":246,\"commentCount\":0,\"publisher\":{\"@id\":\"https:\\\/\\\/regiaonews.net.br\\\/2022\\\/#organization\"},\"image\":{\"@id\":\"https:\\\/\\\/regiaonews.net.br\\\/2022\\\/2024\\\/12\\\/03\\\/governo-de-sp-disponibiliza-linha-de-credito-no-valor-de-r-200-mi-que-incentiva-o-setor-de-radio-e-tv\\\/#primaryimage\"},\"thumbnailUrl\":\"https:\\\/\\\/regiaonews.net.br\\\/2022\\\/wp-content\\\/uploads\\\/2024\\\/12\\\/Linha-de-credito-Desenvolve-Radiodifusao-no-Estudio-AESP-1024x683-1.jpg\",\"articleSection\":[\"Estado de S\u00e3o Paulo\"],\"inLanguage\":\"pt-BR\",\"potentialAction\":[{\"@type\":\"CommentAction\",\"name\":\"Comment\",\"target\":[\"https:\\\/\\\/regiaonews.net.br\\\/2022\\\/2024\\\/12\\\/03\\\/governo-de-sp-disponibiliza-linha-de-credito-no-valor-de-r-200-mi-que-incentiva-o-setor-de-radio-e-tv\\\/#respond\"]}]},{\"@type\":\"WebPage\",\"@id\":\"https:\\\/\\\/regiaonews.net.br\\\/2022\\\/2024\\\/12\\\/03\\\/governo-de-sp-disponibiliza-linha-de-credito-no-valor-de-r-200-mi-que-incentiva-o-setor-de-radio-e-tv\\\/\",\"url\":\"https:\\\/\\\/regiaonews.net.br\\\/2022\\\/2024\\\/12\\\/03\\\/governo-de-sp-disponibiliza-linha-de-credito-no-valor-de-r-200-mi-que-incentiva-o-setor-de-radio-e-tv\\\/\",\"name\":\"Governo de SP disponibiliza linha de cr\u00e9dito no valor de R$ 200 mi que incentiva o setor de R\u00e1dio e TV - Regi\u00e3o News\",\"isPartOf\":{\"@id\":\"https:\\\/\\\/regiaonews.net.br\\\/2022\\\/#website\"},\"primaryImageOfPage\":{\"@id\":\"https:\\\/\\\/regiaonews.net.br\\\/2022\\\/2024\\\/12\\\/03\\\/governo-de-sp-disponibiliza-linha-de-credito-no-valor-de-r-200-mi-que-incentiva-o-setor-de-radio-e-tv\\\/#primaryimage\"},\"image\":{\"@id\":\"https:\\\/\\\/regiaonews.net.br\\\/2022\\\/2024\\\/12\\\/03\\\/governo-de-sp-disponibiliza-linha-de-credito-no-valor-de-r-200-mi-que-incentiva-o-setor-de-radio-e-tv\\\/#primaryimage\"},\"thumbnailUrl\":\"https:\\\/\\\/regiaonews.net.br\\\/2022\\\/wp-content\\\/uploads\\\/2024\\\/12\\\/Linha-de-credito-Desenvolve-Radiodifusao-no-Estudio-AESP-1024x683-1.jpg\",\"datePublished\":\"2024-12-03T22:22:54+00:00\",\"breadcrumb\":{\"@id\":\"https:\\\/\\\/regiaonews.net.br\\\/2022\\\/2024\\\/12\\\/03\\\/governo-de-sp-disponibiliza-linha-de-credito-no-valor-de-r-200-mi-que-incentiva-o-setor-de-radio-e-tv\\\/#breadcrumb\"},\"inLanguage\":\"pt-BR\",\"potentialAction\":[{\"@type\":\"ReadAction\",\"target\":[\"https:\\\/\\\/regiaonews.net.br\\\/2022\\\/2024\\\/12\\\/03\\\/governo-de-sp-disponibiliza-linha-de-credito-no-valor-de-r-200-mi-que-incentiva-o-setor-de-radio-e-tv\\\/\"]}]},{\"@type\":\"ImageObject\",\"inLanguage\":\"pt-BR\",\"@id\":\"https:\\\/\\\/regiaonews.net.br\\\/2022\\\/2024\\\/12\\\/03\\\/governo-de-sp-disponibiliza-linha-de-credito-no-valor-de-r-200-mi-que-incentiva-o-setor-de-radio-e-tv\\\/#primaryimage\",\"url\":\"https:\\\/\\\/regiaonews.net.br\\\/2022\\\/wp-content\\\/uploads\\\/2024\\\/12\\\/Linha-de-credito-Desenvolve-Radiodifusao-no-Estudio-AESP-1024x683-1.jpg\",\"contentUrl\":\"https:\\\/\\\/regiaonews.net.br\\\/2022\\\/wp-content\\\/uploads\\\/2024\\\/12\\\/Linha-de-credito-Desenvolve-Radiodifusao-no-Estudio-AESP-1024x683-1.jpg\",\"width\":1024,\"height\":683},{\"@type\":\"BreadcrumbList\",\"@id\":\"https:\\\/\\\/regiaonews.net.br\\\/2022\\\/2024\\\/12\\\/03\\\/governo-de-sp-disponibiliza-linha-de-credito-no-valor-de-r-200-mi-que-incentiva-o-setor-de-radio-e-tv\\\/#breadcrumb\",\"itemListElement\":[{\"@type\":\"ListItem\",\"position\":1,\"name\":\"In\u00edcio\",\"item\":\"https:\\\/\\\/regiaonews.net.br\\\/2022\\\/\"},{\"@type\":\"ListItem\",\"position\":2,\"name\":\"Governo de SP disponibiliza linha de cr\u00e9dito no valor de R$ 200 mi que incentiva o setor de R\u00e1dio e TV\"}]},{\"@type\":\"WebSite\",\"@id\":\"https:\\\/\\\/regiaonews.net.br\\\/2022\\\/#website\",\"url\":\"https:\\\/\\\/regiaonews.net.br\\\/2022\\\/\",\"name\":\"Regi\u00e3o News\",\"description\":\"Site de Not\u00edcias de Barretos e regi\u00e3o\",\"publisher\":{\"@id\":\"https:\\\/\\\/regiaonews.net.br\\\/2022\\\/#organization\"},\"potentialAction\":[{\"@type\":\"SearchAction\",\"target\":{\"@type\":\"EntryPoint\",\"urlTemplate\":\"https:\\\/\\\/regiaonews.net.br\\\/2022\\\/?s={search_term_string}\"},\"query-input\":{\"@type\":\"PropertyValueSpecification\",\"valueRequired\":true,\"valueName\":\"search_term_string\"}}],\"inLanguage\":\"pt-BR\"},{\"@type\":\"Organization\",\"@id\":\"https:\\\/\\\/regiaonews.net.br\\\/2022\\\/#organization\",\"name\":\"Regi\u00e3o News\",\"url\":\"https:\\\/\\\/regiaonews.net.br\\\/2022\\\/\",\"logo\":{\"@type\":\"ImageObject\",\"inLanguage\":\"pt-BR\",\"@id\":\"https:\\\/\\\/regiaonews.net.br\\\/2022\\\/#\\\/schema\\\/logo\\\/image\\\/\",\"url\":\"https:\\\/\\\/regiaonews.net.br\\\/2022\\\/wp-content\\\/uploads\\\/2026\\\/03\\\/regiao-13-anos-scaled.jpg\",\"contentUrl\":\"https:\\\/\\\/regiaonews.net.br\\\/2022\\\/wp-content\\\/uploads\\\/2026\\\/03\\\/regiao-13-anos-scaled.jpg\",\"width\":2560,\"height\":635,\"caption\":\"Regi\u00e3o News\"},\"image\":{\"@id\":\"https:\\\/\\\/regiaonews.net.br\\\/2022\\\/#\\\/schema\\\/logo\\\/image\\\/\"}},{\"@type\":\"Person\",\"@id\":\"https:\\\/\\\/regiaonews.net.br\\\/2022\\\/#\\\/schema\\\/person\\\/2d205a608a5aa97ac279d7a5e6d89ad8\",\"name\":\"Roberto\",\"image\":{\"@type\":\"ImageObject\",\"inLanguage\":\"pt-BR\",\"@id\":\"https:\\\/\\\/secure.gravatar.com\\\/avatar\\\/42749d8b712ff9d59ca93dc150494e5b55a44134482993f5baeb97e61b7ecc89?s=96&d=mm&r=g\",\"url\":\"https:\\\/\\\/secure.gravatar.com\\\/avatar\\\/42749d8b712ff9d59ca93dc150494e5b55a44134482993f5baeb97e61b7ecc89?s=96&d=mm&r=g\",\"contentUrl\":\"https:\\\/\\\/secure.gravatar.com\\\/avatar\\\/42749d8b712ff9d59ca93dc150494e5b55a44134482993f5baeb97e61b7ecc89?s=96&d=mm&r=g\",\"caption\":\"Roberto\"},\"url\":\"https:\\\/\\\/regiaonews.net.br\\\/2022\\\/author\\\/roberto\\\/\"}]}<\/script>\n<!-- \/ Yoast SEO plugin. -->","yoast_head_json":{"title":"Governo de SP disponibiliza linha de cr\u00e9dito no valor de R$ 200 mi que incentiva o setor de R\u00e1dio e TV - Regi\u00e3o News","robots":{"index":"index","follow":"follow","max-snippet":"max-snippet:-1","max-image-preview":"max-image-preview:large","max-video-preview":"max-video-preview:-1"},"canonical":"https:\/\/regiaonews.net.br\/2022\/2024\/12\/03\/governo-de-sp-disponibiliza-linha-de-credito-no-valor-de-r-200-mi-que-incentiva-o-setor-de-radio-e-tv\/","og_locale":"pt_BR","og_type":"article","og_title":"Governo de SP disponibiliza linha de cr\u00e9dito no valor de R$ 200 mi que incentiva o setor de R\u00e1dio e TV - Regi\u00e3o News","og_description":"O governador Tarc\u00edsio de Freitas anunciou, nesta ter\u00e7a-feira (03), na","og_url":"https:\/\/regiaonews.net.br\/2022\/2024\/12\/03\/governo-de-sp-disponibiliza-linha-de-credito-no-valor-de-r-200-mi-que-incentiva-o-setor-de-radio-e-tv\/","og_site_name":"Regi\u00e3o News","article_published_time":"2024-12-03T22:22:54+00:00","og_image":[{"width":1024,"height":683,"url":"https:\/\/regiaonews.net.br\/2022\/wp-content\/uploads\/2024\/12\/Linha-de-credito-Desenvolve-Radiodifusao-no-Estudio-AESP-1024x683-1.jpg","type":"image\/jpeg"}],"author":"Roberto","twitter_card":"summary_large_image","twitter_misc":{"Escrito por":"Roberto","Est. tempo de leitura":"2 minutos"},"schema":{"@context":"https:\/\/schema.org","@graph":[{"@type":"Article","@id":"https:\/\/regiaonews.net.br\/2022\/2024\/12\/03\/governo-de-sp-disponibiliza-linha-de-credito-no-valor-de-r-200-mi-que-incentiva-o-setor-de-radio-e-tv\/#article","isPartOf":{"@id":"https:\/\/regiaonews.net.br\/2022\/2024\/12\/03\/governo-de-sp-disponibiliza-linha-de-credito-no-valor-de-r-200-mi-que-incentiva-o-setor-de-radio-e-tv\/"},"author":{"name":"Roberto","@id":"https:\/\/regiaonews.net.br\/2022\/#\/schema\/person\/2d205a608a5aa97ac279d7a5e6d89ad8"},"headline":"Governo de SP disponibiliza linha de cr\u00e9dito no valor de R$ 200 mi que incentiva o setor de R\u00e1dio e TV","datePublished":"2024-12-03T22:22:54+00:00","mainEntityOfPage":{"@id":"https:\/\/regiaonews.net.br\/2022\/2024\/12\/03\/governo-de-sp-disponibiliza-linha-de-credito-no-valor-de-r-200-mi-que-incentiva-o-setor-de-radio-e-tv\/"},"wordCount":246,"commentCount":0,"publisher":{"@id":"https:\/\/regiaonews.net.br\/2022\/#organization"},"image":{"@id":"https:\/\/regiaonews.net.br\/2022\/2024\/12\/03\/governo-de-sp-disponibiliza-linha-de-credito-no-valor-de-r-200-mi-que-incentiva-o-setor-de-radio-e-tv\/#primaryimage"},"thumbnailUrl":"https:\/\/regiaonews.net.br\/2022\/wp-content\/uploads\/2024\/12\/Linha-de-credito-Desenvolve-Radiodifusao-no-Estudio-AESP-1024x683-1.jpg","articleSection":["Estado de S\u00e3o Paulo"],"inLanguage":"pt-BR","potentialAction":[{"@type":"CommentAction","name":"Comment","target":["https:\/\/regiaonews.net.br\/2022\/2024\/12\/03\/governo-de-sp-disponibiliza-linha-de-credito-no-valor-de-r-200-mi-que-incentiva-o-setor-de-radio-e-tv\/#respond"]}]},{"@type":"WebPage","@id":"https:\/\/regiaonews.net.br\/2022\/2024\/12\/03\/governo-de-sp-disponibiliza-linha-de-credito-no-valor-de-r-200-mi-que-incentiva-o-setor-de-radio-e-tv\/","url":"https:\/\/regiaonews.net.br\/2022\/2024\/12\/03\/governo-de-sp-disponibiliza-linha-de-credito-no-valor-de-r-200-mi-que-incentiva-o-setor-de-radio-e-tv\/","name":"Governo de SP disponibiliza linha de cr\u00e9dito no valor de R$ 200 mi que incentiva o setor de R\u00e1dio e TV - Regi\u00e3o News","isPartOf":{"@id":"https:\/\/regiaonews.net.br\/2022\/#website"},"primaryImageOfPage":{"@id":"https:\/\/regiaonews.net.br\/2022\/2024\/12\/03\/governo-de-sp-disponibiliza-linha-de-credito-no-valor-de-r-200-mi-que-incentiva-o-setor-de-radio-e-tv\/#primaryimage"},"image":{"@id":"https:\/\/regiaonews.net.br\/2022\/2024\/12\/03\/governo-de-sp-disponibiliza-linha-de-credito-no-valor-de-r-200-mi-que-incentiva-o-setor-de-radio-e-tv\/#primaryimage"},"thumbnailUrl":"https:\/\/regiaonews.net.br\/2022\/wp-content\/uploads\/2024\/12\/Linha-de-credito-Desenvolve-Radiodifusao-no-Estudio-AESP-1024x683-1.jpg","datePublished":"2024-12-03T22:22:54+00:00","breadcrumb":{"@id":"https:\/\/regiaonews.net.br\/2022\/2024\/12\/03\/governo-de-sp-disponibiliza-linha-de-credito-no-valor-de-r-200-mi-que-incentiva-o-setor-de-radio-e-tv\/#breadcrumb"},"inLanguage":"pt-BR","potentialAction":[{"@type":"ReadAction","target":["https:\/\/regiaonews.net.br\/2022\/2024\/12\/03\/governo-de-sp-disponibiliza-linha-de-credito-no-valor-de-r-200-mi-que-incentiva-o-setor-de-radio-e-tv\/"]}]},{"@type":"ImageObject","inLanguage":"pt-BR","@id":"https:\/\/regiaonews.net.br\/2022\/2024\/12\/03\/governo-de-sp-disponibiliza-linha-de-credito-no-valor-de-r-200-mi-que-incentiva-o-setor-de-radio-e-tv\/#primaryimage","url":"https:\/\/regiaonews.net.br\/2022\/wp-content\/uploads\/2024\/12\/Linha-de-credito-Desenvolve-Radiodifusao-no-Estudio-AESP-1024x683-1.jpg","contentUrl":"https:\/\/regiaonews.net.br\/2022\/wp-content\/uploads\/2024\/12\/Linha-de-credito-Desenvolve-Radiodifusao-no-Estudio-AESP-1024x683-1.jpg","width":1024,"height":683},{"@type":"BreadcrumbList","@id":"https:\/\/regiaonews.net.br\/2022\/2024\/12\/03\/governo-de-sp-disponibiliza-linha-de-credito-no-valor-de-r-200-mi-que-incentiva-o-setor-de-radio-e-tv\/#breadcrumb","itemListElement":[{"@type":"ListItem","position":1,"name":"In\u00edcio","item":"https:\/\/regiaonews.net.br\/2022\/"},{"@type":"ListItem","position":2,"name":"Governo de SP disponibiliza linha de cr\u00e9dito no valor de R$ 200 mi que incentiva o setor de R\u00e1dio e TV"}]},{"@type":"WebSite","@id":"https:\/\/regiaonews.net.br\/2022\/#website","url":"https:\/\/regiaonews.net.br\/2022\/","name":"Regi\u00e3o News","description":"Site de Not\u00edcias de Barretos e regi\u00e3o","publisher":{"@id":"https:\/\/regiaonews.net.br\/2022\/#organization"},"potentialAction":[{"@type":"SearchAction","target":{"@type":"EntryPoint","urlTemplate":"https:\/\/regiaonews.net.br\/2022\/?s={search_term_string}"},"query-input":{"@type":"PropertyValueSpecification","valueRequired":true,"valueName":"search_term_string"}}],"inLanguage":"pt-BR"},{"@type":"Organization","@id":"https:\/\/regiaonews.net.br\/2022\/#organization","name":"Regi\u00e3o News","url":"https:\/\/regiaonews.net.br\/2022\/","logo":{"@type":"ImageObject","inLanguage":"pt-BR","@id":"https:\/\/regiaonews.net.br\/2022\/#\/schema\/logo\/image\/","url":"https:\/\/regiaonews.net.br\/2022\/wp-content\/uploads\/2026\/03\/regiao-13-anos-scaled.jpg","contentUrl":"https:\/\/regiaonews.net.br\/2022\/wp-content\/uploads\/2026\/03\/regiao-13-anos-scaled.jpg","width":2560,"height":635,"caption":"Regi\u00e3o News"},"image":{"@id":"https:\/\/regiaonews.net.br\/2022\/#\/schema\/logo\/image\/"}},{"@type":"Person","@id":"https:\/\/regiaonews.net.br\/2022\/#\/schema\/person\/2d205a608a5aa97ac279d7a5e6d89ad8","name":"Roberto","image":{"@type":"ImageObject","inLanguage":"pt-BR","@id":"https:\/\/secure.gravatar.com\/avatar\/42749d8b712ff9d59ca93dc150494e5b55a44134482993f5baeb97e61b7ecc89?s=96&d=mm&r=g","url":"https:\/\/secure.gravatar.com\/avatar\/42749d8b712ff9d59ca93dc150494e5b55a44134482993f5baeb97e61b7ecc89?s=96&d=mm&r=g","contentUrl":"https:\/\/secure.gravatar.com\/avatar\/42749d8b712ff9d59ca93dc150494e5b55a44134482993f5baeb97e61b7ecc89?s=96&d=mm&r=g","caption":"Roberto"},"url":"https:\/\/regiaonews.net.br\/2022\/author\/roberto\/"}]}},"publishpress_future_action":{"enabled":false,"date":"2026-05-02 05:32:10","action":"change-status","newStatus":"draft","terms":[],"taxonomy":"category","extraData":[]},"publishpress_future_workflow_manual_trigger":{"enabledWorkflows":[]},"_links":{"self":[{"href":"https:\/\/regiaonews.net.br\/2022\/wp-json\/wp\/v2\/posts\/112659","targetHints":{"allow":["GET"]}}],"collection":[{"href":"https:\/\/regiaonews.net.br\/2022\/wp-json\/wp\/v2\/posts"}],"about":[{"href":"https:\/\/regiaonews.net.br\/2022\/wp-json\/wp\/v2\/types\/post"}],"author":[{"embeddable":true,"href":"https:\/\/regiaonews.net.br\/2022\/wp-json\/wp\/v2\/users\/2"}],"replies":[{"embeddable":true,"href":"https:\/\/regiaonews.net.br\/2022\/wp-json\/wp\/v2\/comments?post=112659"}],"version-history":[{"count":1,"href":"https:\/\/regiaonews.net.br\/2022\/wp-json\/wp\/v2\/posts\/112659\/revisions"}],"predecessor-version":[{"id":112661,"href":"https:\/\/regiaonews.net.br\/2022\/wp-json\/wp\/v2\/posts\/112659\/revisions\/112661"}],"wp:featuredmedia":[{"embeddable":true,"href":"https:\/\/regiaonews.net.br\/2022\/wp-json\/wp\/v2\/media\/112660"}],"wp:attachment":[{"href":"https:\/\/regiaonews.net.br\/2022\/wp-json\/wp\/v2\/media?parent=112659"}],"wp:term":[{"taxonomy":"category","embeddable":true,"href":"https:\/\/regiaonews.net.br\/2022\/wp-json\/wp\/v2\/categories?post=112659"},{"taxonomy":"post_tag","embeddable":true,"href":"https:\/\/regiaonews.net.br\/2022\/wp-json\/wp\/v2\/tags?post=112659"}],"curies":[{"name":"wp","href":"https:\/\/api.w.org\/{rel}","templated":true}]}}