{"id":112656,"date":"2024-12-03T19:17:41","date_gmt":"2024-12-03T22:17:41","guid":{"rendered":"https:\/\/regiaonews.net.br\/2022\/?p=112656"},"modified":"2024-12-03T19:17:41","modified_gmt":"2024-12-03T22:17:41","slug":"rede-municipal-de-ensino-inicia-periodo-de-matriculas-para-a-eja-2025","status":"publish","type":"post","link":"https:\/\/regiaonews.net.br\/2022\/2024\/12\/03\/rede-municipal-de-ensino-inicia-periodo-de-matriculas-para-a-eja-2025\/","title":{"rendered":"Rede Municipal de Ensino inicia per\u00edodo de matr\u00edculas para a EJA 2025"},"content":{"rendered":"<p>Modalidade \u00e9 oferecida \u00e0s pessoas a partir de 15 anos que n\u00e3o conclu\u00edram o Ensino Fundamental I (1\u00b0 ao 5\u00b0 ano) na idade adequada<\/p>\n<p>A Prefeitura da Est\u00e2ncia Tur\u00edstica de Barretos, por meio da Secretaria Municipal de Educa\u00e7\u00e3o, informa que j\u00e1 foi iniciado o per\u00edodo de matr\u00edculas para a Educa\u00e7\u00e3o de Jovens e Adultos (EJA) para o ano letivo de 2025.<br \/>\nA modalidade \u00e9 oferecida \u00e0s pessoas a partir de 15 anos que n\u00e3o conclu\u00edram o Ensino Fundamental I, do 1\u00b0 ao 5\u00b0 ano, na idade adequada. \u201cNunca \u00e9 tarde para estudar e a EJA \u00e9 uma \u00f3tima oportunidade para aqueles que, por diversos motivos, n\u00e3o puderam concluir esta etapa t\u00e3o importante que \u00e9 o Ensino Fundamental\u201d, disse a coordenadora pedag\u00f3gica Eliane Vizicato.<br \/>\nAs aulas ser\u00e3o ministradas nas Escolas Municipais \u201cProf. Doroth\u00f3vio do Nascimento\u201d, no bairro Zequinha Am\u00eandola, \u201cDr. Jo\u00e3o Ferreira Lopes\u201d, no bairro Rios, e \u201cMaria Alves Barcellos Oliveira\u201d, no S\u00e3o Francisco, no per\u00edodo noturno.<br \/>\nPara efetuar a matr\u00edcula \u00e9 necess\u00e1rio apresentar Certid\u00e3o de Nascimento ou Casamento, comprovante de resid\u00eancia, CPF e RG, Hist\u00f3rico Escolar (caso possua) e declara\u00e7\u00e3o de vacina. Mais informa\u00e7\u00f5es podem ser obtidas nas Unidades Escolares ou pelos telefones abaixo.<\/p>\n","protected":false},"excerpt":{"rendered":"<p>Modalidade \u00e9 oferecida \u00e0s pessoas a partir de 15 anos<\/p>\n","protected":false},"author":2,"featured_media":112657,"comment_status":"open","ping_status":"open","sticky":false,"template":"","format":"standard","meta":{"footnotes":""},"categories":[14,98],"tags":[],"class_list":["post-112656","post","type-post","status-publish","format-standard","has-post-thumbnail","hentry","category-barretos","category-educacao-educacao"],"yoast_head":"<!-- This site is optimized with the Yoast SEO plugin v27.4 - https:\/\/yoast.com\/product\/yoast-seo-wordpress\/ -->\n<title>Rede Municipal de Ensino inicia per\u00edodo de matr\u00edculas para a EJA 2025 - Regi\u00e3o News<\/title>\n<meta name=\"robots\" content=\"index, follow, max-snippet:-1, max-image-preview:large, max-video-preview:-1\" \/>\n<link rel=\"canonical\" href=\"https:\/\/regiaonews.net.br\/2022\/2024\/12\/03\/rede-municipal-de-ensino-inicia-periodo-de-matriculas-para-a-eja-2025\/\" \/>\n<meta property=\"og:locale\" content=\"pt_BR\" \/>\n<meta property=\"og:type\" content=\"article\" \/>\n<meta property=\"og:title\" content=\"Rede Municipal de Ensino inicia per\u00edodo de matr\u00edculas para a EJA 2025 - Regi\u00e3o News\" \/>\n<meta property=\"og:description\" content=\"Modalidade \u00e9 oferecida \u00e0s pessoas a partir de 15 anos\" \/>\n<meta property=\"og:url\" content=\"https:\/\/regiaonews.net.br\/2022\/2024\/12\/03\/rede-municipal-de-ensino-inicia-periodo-de-matriculas-para-a-eja-2025\/\" \/>\n<meta property=\"og:site_name\" content=\"Regi\u00e3o News\" \/>\n<meta property=\"article:published_time\" content=\"2024-12-03T22:17:41+00:00\" \/>\n<meta property=\"og:image\" content=\"https:\/\/regiaonews.net.br\/2022\/wp-content\/uploads\/2024\/12\/WhatsApp-Image-2024-12-03-at-16.50.21.jpeg\" \/>\n\t<meta property=\"og:image:width\" content=\"1084\" \/>\n\t<meta property=\"og:image:height\" content=\"1083\" \/>\n\t<meta property=\"og:image:type\" content=\"image\/jpeg\" \/>\n<meta name=\"author\" content=\"Roberto\" \/>\n<meta name=\"twitter:card\" content=\"summary_large_image\" \/>\n<meta name=\"twitter:label1\" content=\"Escrito por\" \/>\n\t<meta name=\"twitter:data1\" content=\"Roberto\" \/>\n\t<meta name=\"twitter:label2\" content=\"Est. tempo de leitura\" \/>\n\t<meta name=\"twitter:data2\" content=\"2 minutos\" \/>\n<script type=\"application\/ld+json\" class=\"yoast-schema-graph\">{\"@context\":\"https:\\\/\\\/schema.org\",\"@graph\":[{\"@type\":\"Article\",\"@id\":\"https:\\\/\\\/regiaonews.net.br\\\/2022\\\/2024\\\/12\\\/03\\\/rede-municipal-de-ensino-inicia-periodo-de-matriculas-para-a-eja-2025\\\/#article\",\"isPartOf\":{\"@id\":\"https:\\\/\\\/regiaonews.net.br\\\/2022\\\/2024\\\/12\\\/03\\\/rede-municipal-de-ensino-inicia-periodo-de-matriculas-para-a-eja-2025\\\/\"},\"author\":{\"name\":\"Roberto\",\"@id\":\"https:\\\/\\\/regiaonews.net.br\\\/2022\\\/#\\\/schema\\\/person\\\/2d205a608a5aa97ac279d7a5e6d89ad8\"},\"headline\":\"Rede Municipal de Ensino inicia per\u00edodo de matr\u00edculas para a EJA 2025\",\"datePublished\":\"2024-12-03T22:17:41+00:00\",\"mainEntityOfPage\":{\"@id\":\"https:\\\/\\\/regiaonews.net.br\\\/2022\\\/2024\\\/12\\\/03\\\/rede-municipal-de-ensino-inicia-periodo-de-matriculas-para-a-eja-2025\\\/\"},\"wordCount\":220,\"commentCount\":0,\"publisher\":{\"@id\":\"https:\\\/\\\/regiaonews.net.br\\\/2022\\\/#organization\"},\"image\":{\"@id\":\"https:\\\/\\\/regiaonews.net.br\\\/2022\\\/2024\\\/12\\\/03\\\/rede-municipal-de-ensino-inicia-periodo-de-matriculas-para-a-eja-2025\\\/#primaryimage\"},\"thumbnailUrl\":\"https:\\\/\\\/regiaonews.net.br\\\/2022\\\/wp-content\\\/uploads\\\/2024\\\/12\\\/WhatsApp-Image-2024-12-03-at-16.50.21.jpeg\",\"articleSection\":[\"Barretos\",\"Educa\u00e7\u00e3o\"],\"inLanguage\":\"pt-BR\",\"potentialAction\":[{\"@type\":\"CommentAction\",\"name\":\"Comment\",\"target\":[\"https:\\\/\\\/regiaonews.net.br\\\/2022\\\/2024\\\/12\\\/03\\\/rede-municipal-de-ensino-inicia-periodo-de-matriculas-para-a-eja-2025\\\/#respond\"]}]},{\"@type\":\"WebPage\",\"@id\":\"https:\\\/\\\/regiaonews.net.br\\\/2022\\\/2024\\\/12\\\/03\\\/rede-municipal-de-ensino-inicia-periodo-de-matriculas-para-a-eja-2025\\\/\",\"url\":\"https:\\\/\\\/regiaonews.net.br\\\/2022\\\/2024\\\/12\\\/03\\\/rede-municipal-de-ensino-inicia-periodo-de-matriculas-para-a-eja-2025\\\/\",\"name\":\"Rede Municipal de Ensino inicia per\u00edodo de matr\u00edculas para a EJA 2025 - Regi\u00e3o News\",\"isPartOf\":{\"@id\":\"https:\\\/\\\/regiaonews.net.br\\\/2022\\\/#website\"},\"primaryImageOfPage\":{\"@id\":\"https:\\\/\\\/regiaonews.net.br\\\/2022\\\/2024\\\/12\\\/03\\\/rede-municipal-de-ensino-inicia-periodo-de-matriculas-para-a-eja-2025\\\/#primaryimage\"},\"image\":{\"@id\":\"https:\\\/\\\/regiaonews.net.br\\\/2022\\\/2024\\\/12\\\/03\\\/rede-municipal-de-ensino-inicia-periodo-de-matriculas-para-a-eja-2025\\\/#primaryimage\"},\"thumbnailUrl\":\"https:\\\/\\\/regiaonews.net.br\\\/2022\\\/wp-content\\\/uploads\\\/2024\\\/12\\\/WhatsApp-Image-2024-12-03-at-16.50.21.jpeg\",\"datePublished\":\"2024-12-03T22:17:41+00:00\",\"breadcrumb\":{\"@id\":\"https:\\\/\\\/regiaonews.net.br\\\/2022\\\/2024\\\/12\\\/03\\\/rede-municipal-de-ensino-inicia-periodo-de-matriculas-para-a-eja-2025\\\/#breadcrumb\"},\"inLanguage\":\"pt-BR\",\"potentialAction\":[{\"@type\":\"ReadAction\",\"target\":[\"https:\\\/\\\/regiaonews.net.br\\\/2022\\\/2024\\\/12\\\/03\\\/rede-municipal-de-ensino-inicia-periodo-de-matriculas-para-a-eja-2025\\\/\"]}]},{\"@type\":\"ImageObject\",\"inLanguage\":\"pt-BR\",\"@id\":\"https:\\\/\\\/regiaonews.net.br\\\/2022\\\/2024\\\/12\\\/03\\\/rede-municipal-de-ensino-inicia-periodo-de-matriculas-para-a-eja-2025\\\/#primaryimage\",\"url\":\"https:\\\/\\\/regiaonews.net.br\\\/2022\\\/wp-content\\\/uploads\\\/2024\\\/12\\\/WhatsApp-Image-2024-12-03-at-16.50.21.jpeg\",\"contentUrl\":\"https:\\\/\\\/regiaonews.net.br\\\/2022\\\/wp-content\\\/uploads\\\/2024\\\/12\\\/WhatsApp-Image-2024-12-03-at-16.50.21.jpeg\",\"width\":1084,\"height\":1083},{\"@type\":\"BreadcrumbList\",\"@id\":\"https:\\\/\\\/regiaonews.net.br\\\/2022\\\/2024\\\/12\\\/03\\\/rede-municipal-de-ensino-inicia-periodo-de-matriculas-para-a-eja-2025\\\/#breadcrumb\",\"itemListElement\":[{\"@type\":\"ListItem\",\"position\":1,\"name\":\"In\u00edcio\",\"item\":\"https:\\\/\\\/regiaonews.net.br\\\/2022\\\/\"},{\"@type\":\"ListItem\",\"position\":2,\"name\":\"Rede Municipal de Ensino inicia per\u00edodo de matr\u00edculas para a EJA 2025\"}]},{\"@type\":\"WebSite\",\"@id\":\"https:\\\/\\\/regiaonews.net.br\\\/2022\\\/#website\",\"url\":\"https:\\\/\\\/regiaonews.net.br\\\/2022\\\/\",\"name\":\"Regi\u00e3o News\",\"description\":\"Site de Not\u00edcias de Barretos e regi\u00e3o\",\"publisher\":{\"@id\":\"https:\\\/\\\/regiaonews.net.br\\\/2022\\\/#organization\"},\"potentialAction\":[{\"@type\":\"SearchAction\",\"target\":{\"@type\":\"EntryPoint\",\"urlTemplate\":\"https:\\\/\\\/regiaonews.net.br\\\/2022\\\/?s={search_term_string}\"},\"query-input\":{\"@type\":\"PropertyValueSpecification\",\"valueRequired\":true,\"valueName\":\"search_term_string\"}}],\"inLanguage\":\"pt-BR\"},{\"@type\":\"Organization\",\"@id\":\"https:\\\/\\\/regiaonews.net.br\\\/2022\\\/#organization\",\"name\":\"Regi\u00e3o News\",\"url\":\"https:\\\/\\\/regiaonews.net.br\\\/2022\\\/\",\"logo\":{\"@type\":\"ImageObject\",\"inLanguage\":\"pt-BR\",\"@id\":\"https:\\\/\\\/regiaonews.net.br\\\/2022\\\/#\\\/schema\\\/logo\\\/image\\\/\",\"url\":\"https:\\\/\\\/regiaonews.net.br\\\/2022\\\/wp-content\\\/uploads\\\/2026\\\/03\\\/regiao-13-anos-scaled.jpg\",\"contentUrl\":\"https:\\\/\\\/regiaonews.net.br\\\/2022\\\/wp-content\\\/uploads\\\/2026\\\/03\\\/regiao-13-anos-scaled.jpg\",\"width\":2560,\"height\":635,\"caption\":\"Regi\u00e3o News\"},\"image\":{\"@id\":\"https:\\\/\\\/regiaonews.net.br\\\/2022\\\/#\\\/schema\\\/logo\\\/image\\\/\"}},{\"@type\":\"Person\",\"@id\":\"https:\\\/\\\/regiaonews.net.br\\\/2022\\\/#\\\/schema\\\/person\\\/2d205a608a5aa97ac279d7a5e6d89ad8\",\"name\":\"Roberto\",\"image\":{\"@type\":\"ImageObject\",\"inLanguage\":\"pt-BR\",\"@id\":\"https:\\\/\\\/secure.gravatar.com\\\/avatar\\\/42749d8b712ff9d59ca93dc150494e5b55a44134482993f5baeb97e61b7ecc89?s=96&d=mm&r=g\",\"url\":\"https:\\\/\\\/secure.gravatar.com\\\/avatar\\\/42749d8b712ff9d59ca93dc150494e5b55a44134482993f5baeb97e61b7ecc89?s=96&d=mm&r=g\",\"contentUrl\":\"https:\\\/\\\/secure.gravatar.com\\\/avatar\\\/42749d8b712ff9d59ca93dc150494e5b55a44134482993f5baeb97e61b7ecc89?s=96&d=mm&r=g\",\"caption\":\"Roberto\"},\"url\":\"https:\\\/\\\/regiaonews.net.br\\\/2022\\\/author\\\/roberto\\\/\"}]}<\/script>\n<!-- \/ Yoast SEO plugin. -->","yoast_head_json":{"title":"Rede Municipal de Ensino inicia per\u00edodo de matr\u00edculas para a EJA 2025 - Regi\u00e3o News","robots":{"index":"index","follow":"follow","max-snippet":"max-snippet:-1","max-image-preview":"max-image-preview:large","max-video-preview":"max-video-preview:-1"},"canonical":"https:\/\/regiaonews.net.br\/2022\/2024\/12\/03\/rede-municipal-de-ensino-inicia-periodo-de-matriculas-para-a-eja-2025\/","og_locale":"pt_BR","og_type":"article","og_title":"Rede Municipal de Ensino inicia per\u00edodo de matr\u00edculas para a EJA 2025 - Regi\u00e3o News","og_description":"Modalidade \u00e9 oferecida \u00e0s pessoas a partir de 15 anos","og_url":"https:\/\/regiaonews.net.br\/2022\/2024\/12\/03\/rede-municipal-de-ensino-inicia-periodo-de-matriculas-para-a-eja-2025\/","og_site_name":"Regi\u00e3o News","article_published_time":"2024-12-03T22:17:41+00:00","og_image":[{"width":1084,"height":1083,"url":"https:\/\/regiaonews.net.br\/2022\/wp-content\/uploads\/2024\/12\/WhatsApp-Image-2024-12-03-at-16.50.21.jpeg","type":"image\/jpeg"}],"author":"Roberto","twitter_card":"summary_large_image","twitter_misc":{"Escrito por":"Roberto","Est. tempo de leitura":"2 minutos"},"schema":{"@context":"https:\/\/schema.org","@graph":[{"@type":"Article","@id":"https:\/\/regiaonews.net.br\/2022\/2024\/12\/03\/rede-municipal-de-ensino-inicia-periodo-de-matriculas-para-a-eja-2025\/#article","isPartOf":{"@id":"https:\/\/regiaonews.net.br\/2022\/2024\/12\/03\/rede-municipal-de-ensino-inicia-periodo-de-matriculas-para-a-eja-2025\/"},"author":{"name":"Roberto","@id":"https:\/\/regiaonews.net.br\/2022\/#\/schema\/person\/2d205a608a5aa97ac279d7a5e6d89ad8"},"headline":"Rede Municipal de Ensino inicia per\u00edodo de matr\u00edculas para a EJA 2025","datePublished":"2024-12-03T22:17:41+00:00","mainEntityOfPage":{"@id":"https:\/\/regiaonews.net.br\/2022\/2024\/12\/03\/rede-municipal-de-ensino-inicia-periodo-de-matriculas-para-a-eja-2025\/"},"wordCount":220,"commentCount":0,"publisher":{"@id":"https:\/\/regiaonews.net.br\/2022\/#organization"},"image":{"@id":"https:\/\/regiaonews.net.br\/2022\/2024\/12\/03\/rede-municipal-de-ensino-inicia-periodo-de-matriculas-para-a-eja-2025\/#primaryimage"},"thumbnailUrl":"https:\/\/regiaonews.net.br\/2022\/wp-content\/uploads\/2024\/12\/WhatsApp-Image-2024-12-03-at-16.50.21.jpeg","articleSection":["Barretos","Educa\u00e7\u00e3o"],"inLanguage":"pt-BR","potentialAction":[{"@type":"CommentAction","name":"Comment","target":["https:\/\/regiaonews.net.br\/2022\/2024\/12\/03\/rede-municipal-de-ensino-inicia-periodo-de-matriculas-para-a-eja-2025\/#respond"]}]},{"@type":"WebPage","@id":"https:\/\/regiaonews.net.br\/2022\/2024\/12\/03\/rede-municipal-de-ensino-inicia-periodo-de-matriculas-para-a-eja-2025\/","url":"https:\/\/regiaonews.net.br\/2022\/2024\/12\/03\/rede-municipal-de-ensino-inicia-periodo-de-matriculas-para-a-eja-2025\/","name":"Rede Municipal de Ensino inicia per\u00edodo de matr\u00edculas para a EJA 2025 - Regi\u00e3o News","isPartOf":{"@id":"https:\/\/regiaonews.net.br\/2022\/#website"},"primaryImageOfPage":{"@id":"https:\/\/regiaonews.net.br\/2022\/2024\/12\/03\/rede-municipal-de-ensino-inicia-periodo-de-matriculas-para-a-eja-2025\/#primaryimage"},"image":{"@id":"https:\/\/regiaonews.net.br\/2022\/2024\/12\/03\/rede-municipal-de-ensino-inicia-periodo-de-matriculas-para-a-eja-2025\/#primaryimage"},"thumbnailUrl":"https:\/\/regiaonews.net.br\/2022\/wp-content\/uploads\/2024\/12\/WhatsApp-Image-2024-12-03-at-16.50.21.jpeg","datePublished":"2024-12-03T22:17:41+00:00","breadcrumb":{"@id":"https:\/\/regiaonews.net.br\/2022\/2024\/12\/03\/rede-municipal-de-ensino-inicia-periodo-de-matriculas-para-a-eja-2025\/#breadcrumb"},"inLanguage":"pt-BR","potentialAction":[{"@type":"ReadAction","target":["https:\/\/regiaonews.net.br\/2022\/2024\/12\/03\/rede-municipal-de-ensino-inicia-periodo-de-matriculas-para-a-eja-2025\/"]}]},{"@type":"ImageObject","inLanguage":"pt-BR","@id":"https:\/\/regiaonews.net.br\/2022\/2024\/12\/03\/rede-municipal-de-ensino-inicia-periodo-de-matriculas-para-a-eja-2025\/#primaryimage","url":"https:\/\/regiaonews.net.br\/2022\/wp-content\/uploads\/2024\/12\/WhatsApp-Image-2024-12-03-at-16.50.21.jpeg","contentUrl":"https:\/\/regiaonews.net.br\/2022\/wp-content\/uploads\/2024\/12\/WhatsApp-Image-2024-12-03-at-16.50.21.jpeg","width":1084,"height":1083},{"@type":"BreadcrumbList","@id":"https:\/\/regiaonews.net.br\/2022\/2024\/12\/03\/rede-municipal-de-ensino-inicia-periodo-de-matriculas-para-a-eja-2025\/#breadcrumb","itemListElement":[{"@type":"ListItem","position":1,"name":"In\u00edcio","item":"https:\/\/regiaonews.net.br\/2022\/"},{"@type":"ListItem","position":2,"name":"Rede Municipal de Ensino inicia per\u00edodo de matr\u00edculas para a EJA 2025"}]},{"@type":"WebSite","@id":"https:\/\/regiaonews.net.br\/2022\/#website","url":"https:\/\/regiaonews.net.br\/2022\/","name":"Regi\u00e3o News","description":"Site de Not\u00edcias de Barretos e regi\u00e3o","publisher":{"@id":"https:\/\/regiaonews.net.br\/2022\/#organization"},"potentialAction":[{"@type":"SearchAction","target":{"@type":"EntryPoint","urlTemplate":"https:\/\/regiaonews.net.br\/2022\/?s={search_term_string}"},"query-input":{"@type":"PropertyValueSpecification","valueRequired":true,"valueName":"search_term_string"}}],"inLanguage":"pt-BR"},{"@type":"Organization","@id":"https:\/\/regiaonews.net.br\/2022\/#organization","name":"Regi\u00e3o News","url":"https:\/\/regiaonews.net.br\/2022\/","logo":{"@type":"ImageObject","inLanguage":"pt-BR","@id":"https:\/\/regiaonews.net.br\/2022\/#\/schema\/logo\/image\/","url":"https:\/\/regiaonews.net.br\/2022\/wp-content\/uploads\/2026\/03\/regiao-13-anos-scaled.jpg","contentUrl":"https:\/\/regiaonews.net.br\/2022\/wp-content\/uploads\/2026\/03\/regiao-13-anos-scaled.jpg","width":2560,"height":635,"caption":"Regi\u00e3o News"},"image":{"@id":"https:\/\/regiaonews.net.br\/2022\/#\/schema\/logo\/image\/"}},{"@type":"Person","@id":"https:\/\/regiaonews.net.br\/2022\/#\/schema\/person\/2d205a608a5aa97ac279d7a5e6d89ad8","name":"Roberto","image":{"@type":"ImageObject","inLanguage":"pt-BR","@id":"https:\/\/secure.gravatar.com\/avatar\/42749d8b712ff9d59ca93dc150494e5b55a44134482993f5baeb97e61b7ecc89?s=96&d=mm&r=g","url":"https:\/\/secure.gravatar.com\/avatar\/42749d8b712ff9d59ca93dc150494e5b55a44134482993f5baeb97e61b7ecc89?s=96&d=mm&r=g","contentUrl":"https:\/\/secure.gravatar.com\/avatar\/42749d8b712ff9d59ca93dc150494e5b55a44134482993f5baeb97e61b7ecc89?s=96&d=mm&r=g","caption":"Roberto"},"url":"https:\/\/regiaonews.net.br\/2022\/author\/roberto\/"}]}},"publishpress_future_action":{"enabled":false,"date":"2026-05-02 07:13:56","action":"change-status","newStatus":"draft","terms":[],"taxonomy":"category","extraData":[]},"publishpress_future_workflow_manual_trigger":{"enabledWorkflows":[]},"_links":{"self":[{"href":"https:\/\/regiaonews.net.br\/2022\/wp-json\/wp\/v2\/posts\/112656","targetHints":{"allow":["GET"]}}],"collection":[{"href":"https:\/\/regiaonews.net.br\/2022\/wp-json\/wp\/v2\/posts"}],"about":[{"href":"https:\/\/regiaonews.net.br\/2022\/wp-json\/wp\/v2\/types\/post"}],"author":[{"embeddable":true,"href":"https:\/\/regiaonews.net.br\/2022\/wp-json\/wp\/v2\/users\/2"}],"replies":[{"embeddable":true,"href":"https:\/\/regiaonews.net.br\/2022\/wp-json\/wp\/v2\/comments?post=112656"}],"version-history":[{"count":1,"href":"https:\/\/regiaonews.net.br\/2022\/wp-json\/wp\/v2\/posts\/112656\/revisions"}],"predecessor-version":[{"id":112658,"href":"https:\/\/regiaonews.net.br\/2022\/wp-json\/wp\/v2\/posts\/112656\/revisions\/112658"}],"wp:featuredmedia":[{"embeddable":true,"href":"https:\/\/regiaonews.net.br\/2022\/wp-json\/wp\/v2\/media\/112657"}],"wp:attachment":[{"href":"https:\/\/regiaonews.net.br\/2022\/wp-json\/wp\/v2\/media?parent=112656"}],"wp:term":[{"taxonomy":"category","embeddable":true,"href":"https:\/\/regiaonews.net.br\/2022\/wp-json\/wp\/v2\/categories?post=112656"},{"taxonomy":"post_tag","embeddable":true,"href":"https:\/\/regiaonews.net.br\/2022\/wp-json\/wp\/v2\/tags?post=112656"}],"curies":[{"name":"wp","href":"https:\/\/api.w.org\/{rel}","templated":true}]}}