{"id":112638,"date":"2024-12-03T15:54:43","date_gmt":"2024-12-03T18:54:43","guid":{"rendered":"https:\/\/regiaonews.net.br\/2022\/?p=112638"},"modified":"2024-12-03T15:54:43","modified_gmt":"2024-12-03T18:54:43","slug":"camara-agenda-sessao-solene-para-a-entrega-do-diploma-profissional-de-educacao-fisica-2024","status":"publish","type":"post","link":"https:\/\/regiaonews.net.br\/2022\/2024\/12\/03\/camara-agenda-sessao-solene-para-a-entrega-do-diploma-profissional-de-educacao-fisica-2024\/","title":{"rendered":"C\u00e2mara agenda Sess\u00e3o Solene para a entrega do diploma Profissional de Educa\u00e7\u00e3o F\u00edsica 2024"},"content":{"rendered":"<h3 class=\"mb-4\" style=\"text-align: center;\">Ao todo, 16 educadores f\u00edsicos ser\u00e3o homenageados<\/h3>\n<p>A C\u00e2mara de Barretos realiza no dia\u00a0<strong>11 de dezembro<\/strong>\u00a0(quarta-feira), \u00e0s\u00a0<strong>19h<\/strong>,\u00a0<strong>Sess\u00e3o Solene\u00a0<\/strong>para a entrega do<strong>\u00a0Diploma &#8220;Profissional de Educa\u00e7\u00e3o F\u00edsica&#8221; 2024.<\/strong><\/p>\n<p>A homenagem aos educadores f\u00edsicos acontece em cumprimento \u00e0<a href=\"http:\/\/consulta.camarabarretos.sp.gov.br\/Documentos\/Documento\/276533\" target=\"_blank\" rel=\"noopener\">\u00a0Lei Municipal n\u00ba 4.592\/2011 e altera\u00e7\u00f5es<\/a>, de autoria dos ex-vereadores Euripinho e Sargento Cipriano, que\u00a0<strong>institui a data de\u00a0\u00a01\u00ba de setembro o dia dedicado \u00e0 categoria<\/strong>.\u00a0 Posteriormente, a\u00a0<a href=\"http:\/\/consulta.camarabarretos.sp.gov.br\/Documentos\/Documento\/397516\" target=\"_blank\" rel=\"noopener\">Lei Municipal n\u00ba 6.678\/2023<\/a>, de autoria do vereador Prof. Raphael Silv\u00e9rio (PSD), permitiu que<strong>\u00a0cada vereador pudesse fazer\u00a0a entrega de um Diploma\u00a0a\u00a0um\u00a0profissional da \u00e1rea.<\/strong><\/p>\n<p>Em 2024,\u00a0<strong>16 profissionais\u00a0<\/strong>foram indicados para receber a honraria. S\u00e3o eles:\u00a0<strong>Ana Carolina Balduino Marques, Anderson Mori Paulino, Andr\u00e9 Basilio Arantes da Silva, Andr\u00e9 Lu\u00eds Rodrigues Gomes, Antonio Carlos Santos de Almeida, Bruno Henrique Dantas Comes, Camila Aparecida da Rocha Souza, Camila Mar\u00e7al Vieira de Souto, Elton Cesar Sacchi, Erimar Cesar Camargo Ferreira, Evandro Gon\u00e7alves Silva, Jo\u00e3o Vitor Magoga dos Santos, Kelly Cristina de Oliveira, Kerolayne Nikaido Barbosa, Leandro Ricardo de Souza Braz e Rodrigo Marques Mucci.<\/strong><\/p>\n<p><strong>Os detalhes com o resumo da biografia dos homenageados constam no\u00a0<a title=\"PROJETO DE DECRETO LEGISLATIVO N\u00ba 17\/2024\" href=\"https:\/\/consulta.camarabarretos.sp.gov.br\/Documentos\/Documento\/416751\" target=\"_self\">PROJETO DE DECRETO LEGISLATIVO N\u00ba 17\/2024<\/a><\/strong><\/p>\n<p>Durante a solenidade, o CREF-4 (Conselho Regional de Educa\u00e7\u00e3o F\u00edsica da 4\u00aa regi\u00e3o) aproveita para entregar a &#8220;Medalha de M\u00e9rito da Educa\u00e7\u00e3o F\u00edsica&#8221; e o &#8220;T\u00edtulo Benem\u00e9rito da Educa\u00e7\u00e3o F\u00edsica&#8221; aos profissionais com a certid\u00e3o de regularidade junto ao conselho de classe.<\/p>\n<p>A solenidade ter\u00e1 transmiss\u00e3o ao vivo pela TV C\u00e2mara no\u00a0<strong>canal 31.3, Facebook, Youtube e site.<\/strong><\/p>\n<div class=\"news-btn d-flex justify-content-between mb-5 py-2 px-3 rounded\">\n<div class=\"share\">\n<div class=\"a2a_kit a2a_kit_size_32 a2a_default_style\"><\/div>\n<\/div>\n<\/div>\n","protected":false},"excerpt":{"rendered":"<p>Ao todo, 16 educadores f\u00edsicos ser\u00e3o homenageados A C\u00e2mara de<\/p>\n","protected":false},"author":2,"featured_media":112639,"comment_status":"open","ping_status":"open","sticky":false,"template":"","format":"standard","meta":{"footnotes":""},"categories":[14,22],"tags":[],"class_list":["post-112638","post","type-post","status-publish","format-standard","has-post-thumbnail","hentry","category-barretos","category-politica"],"yoast_head":"<!-- This site is optimized with the Yoast SEO plugin v27.4 - https:\/\/yoast.com\/product\/yoast-seo-wordpress\/ -->\n<title>C\u00e2mara agenda Sess\u00e3o Solene para a entrega do diploma Profissional de Educa\u00e7\u00e3o F\u00edsica 2024 - Regi\u00e3o News<\/title>\n<meta name=\"robots\" content=\"index, follow, max-snippet:-1, max-image-preview:large, max-video-preview:-1\" \/>\n<link rel=\"canonical\" href=\"https:\/\/regiaonews.net.br\/2022\/2024\/12\/03\/camara-agenda-sessao-solene-para-a-entrega-do-diploma-profissional-de-educacao-fisica-2024\/\" \/>\n<meta property=\"og:locale\" content=\"pt_BR\" \/>\n<meta property=\"og:type\" content=\"article\" \/>\n<meta property=\"og:title\" content=\"C\u00e2mara agenda Sess\u00e3o Solene para a entrega do diploma Profissional de Educa\u00e7\u00e3o F\u00edsica 2024 - Regi\u00e3o News\" \/>\n<meta property=\"og:description\" content=\"Ao todo, 16 educadores f\u00edsicos ser\u00e3o homenageados A C\u00e2mara de\" \/>\n<meta property=\"og:url\" content=\"https:\/\/regiaonews.net.br\/2022\/2024\/12\/03\/camara-agenda-sessao-solene-para-a-entrega-do-diploma-profissional-de-educacao-fisica-2024\/\" \/>\n<meta property=\"og:site_name\" content=\"Regi\u00e3o News\" \/>\n<meta property=\"article:published_time\" content=\"2024-12-03T18:54:43+00:00\" \/>\n<meta property=\"og:image\" content=\"https:\/\/regiaonews.net.br\/2022\/wp-content\/uploads\/2024\/12\/alta_1733238515674f1ef3680ac.jpg\" \/>\n\t<meta property=\"og:image:width\" content=\"1920\" \/>\n\t<meta property=\"og:image:height\" content=\"1080\" \/>\n\t<meta property=\"og:image:type\" content=\"image\/jpeg\" \/>\n<meta name=\"author\" content=\"Roberto\" \/>\n<meta name=\"twitter:card\" content=\"summary_large_image\" \/>\n<meta name=\"twitter:label1\" content=\"Escrito por\" \/>\n\t<meta name=\"twitter:data1\" content=\"Roberto\" \/>\n\t<meta name=\"twitter:label2\" content=\"Est. tempo de leitura\" \/>\n\t<meta name=\"twitter:data2\" content=\"2 minutos\" \/>\n<script type=\"application\/ld+json\" class=\"yoast-schema-graph\">{\"@context\":\"https:\\\/\\\/schema.org\",\"@graph\":[{\"@type\":\"Article\",\"@id\":\"https:\\\/\\\/regiaonews.net.br\\\/2022\\\/2024\\\/12\\\/03\\\/camara-agenda-sessao-solene-para-a-entrega-do-diploma-profissional-de-educacao-fisica-2024\\\/#article\",\"isPartOf\":{\"@id\":\"https:\\\/\\\/regiaonews.net.br\\\/2022\\\/2024\\\/12\\\/03\\\/camara-agenda-sessao-solene-para-a-entrega-do-diploma-profissional-de-educacao-fisica-2024\\\/\"},\"author\":{\"name\":\"Roberto\",\"@id\":\"https:\\\/\\\/regiaonews.net.br\\\/2022\\\/#\\\/schema\\\/person\\\/2d205a608a5aa97ac279d7a5e6d89ad8\"},\"headline\":\"C\u00e2mara agenda Sess\u00e3o Solene para a entrega do diploma Profissional de Educa\u00e7\u00e3o F\u00edsica 2024\",\"datePublished\":\"2024-12-03T18:54:43+00:00\",\"mainEntityOfPage\":{\"@id\":\"https:\\\/\\\/regiaonews.net.br\\\/2022\\\/2024\\\/12\\\/03\\\/camara-agenda-sessao-solene-para-a-entrega-do-diploma-profissional-de-educacao-fisica-2024\\\/\"},\"wordCount\":282,\"commentCount\":0,\"publisher\":{\"@id\":\"https:\\\/\\\/regiaonews.net.br\\\/2022\\\/#organization\"},\"image\":{\"@id\":\"https:\\\/\\\/regiaonews.net.br\\\/2022\\\/2024\\\/12\\\/03\\\/camara-agenda-sessao-solene-para-a-entrega-do-diploma-profissional-de-educacao-fisica-2024\\\/#primaryimage\"},\"thumbnailUrl\":\"https:\\\/\\\/regiaonews.net.br\\\/2022\\\/wp-content\\\/uploads\\\/2024\\\/12\\\/alta_1733238515674f1ef3680ac.jpg\",\"articleSection\":[\"Barretos\",\"Pol\u00edtica\"],\"inLanguage\":\"pt-BR\",\"potentialAction\":[{\"@type\":\"CommentAction\",\"name\":\"Comment\",\"target\":[\"https:\\\/\\\/regiaonews.net.br\\\/2022\\\/2024\\\/12\\\/03\\\/camara-agenda-sessao-solene-para-a-entrega-do-diploma-profissional-de-educacao-fisica-2024\\\/#respond\"]}]},{\"@type\":\"WebPage\",\"@id\":\"https:\\\/\\\/regiaonews.net.br\\\/2022\\\/2024\\\/12\\\/03\\\/camara-agenda-sessao-solene-para-a-entrega-do-diploma-profissional-de-educacao-fisica-2024\\\/\",\"url\":\"https:\\\/\\\/regiaonews.net.br\\\/2022\\\/2024\\\/12\\\/03\\\/camara-agenda-sessao-solene-para-a-entrega-do-diploma-profissional-de-educacao-fisica-2024\\\/\",\"name\":\"C\u00e2mara agenda Sess\u00e3o Solene para a entrega do diploma Profissional de Educa\u00e7\u00e3o F\u00edsica 2024 - Regi\u00e3o News\",\"isPartOf\":{\"@id\":\"https:\\\/\\\/regiaonews.net.br\\\/2022\\\/#website\"},\"primaryImageOfPage\":{\"@id\":\"https:\\\/\\\/regiaonews.net.br\\\/2022\\\/2024\\\/12\\\/03\\\/camara-agenda-sessao-solene-para-a-entrega-do-diploma-profissional-de-educacao-fisica-2024\\\/#primaryimage\"},\"image\":{\"@id\":\"https:\\\/\\\/regiaonews.net.br\\\/2022\\\/2024\\\/12\\\/03\\\/camara-agenda-sessao-solene-para-a-entrega-do-diploma-profissional-de-educacao-fisica-2024\\\/#primaryimage\"},\"thumbnailUrl\":\"https:\\\/\\\/regiaonews.net.br\\\/2022\\\/wp-content\\\/uploads\\\/2024\\\/12\\\/alta_1733238515674f1ef3680ac.jpg\",\"datePublished\":\"2024-12-03T18:54:43+00:00\",\"breadcrumb\":{\"@id\":\"https:\\\/\\\/regiaonews.net.br\\\/2022\\\/2024\\\/12\\\/03\\\/camara-agenda-sessao-solene-para-a-entrega-do-diploma-profissional-de-educacao-fisica-2024\\\/#breadcrumb\"},\"inLanguage\":\"pt-BR\",\"potentialAction\":[{\"@type\":\"ReadAction\",\"target\":[\"https:\\\/\\\/regiaonews.net.br\\\/2022\\\/2024\\\/12\\\/03\\\/camara-agenda-sessao-solene-para-a-entrega-do-diploma-profissional-de-educacao-fisica-2024\\\/\"]}]},{\"@type\":\"ImageObject\",\"inLanguage\":\"pt-BR\",\"@id\":\"https:\\\/\\\/regiaonews.net.br\\\/2022\\\/2024\\\/12\\\/03\\\/camara-agenda-sessao-solene-para-a-entrega-do-diploma-profissional-de-educacao-fisica-2024\\\/#primaryimage\",\"url\":\"https:\\\/\\\/regiaonews.net.br\\\/2022\\\/wp-content\\\/uploads\\\/2024\\\/12\\\/alta_1733238515674f1ef3680ac.jpg\",\"contentUrl\":\"https:\\\/\\\/regiaonews.net.br\\\/2022\\\/wp-content\\\/uploads\\\/2024\\\/12\\\/alta_1733238515674f1ef3680ac.jpg\",\"width\":1920,\"height\":1080},{\"@type\":\"BreadcrumbList\",\"@id\":\"https:\\\/\\\/regiaonews.net.br\\\/2022\\\/2024\\\/12\\\/03\\\/camara-agenda-sessao-solene-para-a-entrega-do-diploma-profissional-de-educacao-fisica-2024\\\/#breadcrumb\",\"itemListElement\":[{\"@type\":\"ListItem\",\"position\":1,\"name\":\"In\u00edcio\",\"item\":\"https:\\\/\\\/regiaonews.net.br\\\/2022\\\/\"},{\"@type\":\"ListItem\",\"position\":2,\"name\":\"C\u00e2mara agenda Sess\u00e3o Solene para a entrega do diploma Profissional de Educa\u00e7\u00e3o F\u00edsica 2024\"}]},{\"@type\":\"WebSite\",\"@id\":\"https:\\\/\\\/regiaonews.net.br\\\/2022\\\/#website\",\"url\":\"https:\\\/\\\/regiaonews.net.br\\\/2022\\\/\",\"name\":\"Regi\u00e3o News\",\"description\":\"Site de Not\u00edcias de Barretos e regi\u00e3o\",\"publisher\":{\"@id\":\"https:\\\/\\\/regiaonews.net.br\\\/2022\\\/#organization\"},\"potentialAction\":[{\"@type\":\"SearchAction\",\"target\":{\"@type\":\"EntryPoint\",\"urlTemplate\":\"https:\\\/\\\/regiaonews.net.br\\\/2022\\\/?s={search_term_string}\"},\"query-input\":{\"@type\":\"PropertyValueSpecification\",\"valueRequired\":true,\"valueName\":\"search_term_string\"}}],\"inLanguage\":\"pt-BR\"},{\"@type\":\"Organization\",\"@id\":\"https:\\\/\\\/regiaonews.net.br\\\/2022\\\/#organization\",\"name\":\"Regi\u00e3o News\",\"url\":\"https:\\\/\\\/regiaonews.net.br\\\/2022\\\/\",\"logo\":{\"@type\":\"ImageObject\",\"inLanguage\":\"pt-BR\",\"@id\":\"https:\\\/\\\/regiaonews.net.br\\\/2022\\\/#\\\/schema\\\/logo\\\/image\\\/\",\"url\":\"https:\\\/\\\/regiaonews.net.br\\\/2022\\\/wp-content\\\/uploads\\\/2026\\\/03\\\/regiao-13-anos-scaled.jpg\",\"contentUrl\":\"https:\\\/\\\/regiaonews.net.br\\\/2022\\\/wp-content\\\/uploads\\\/2026\\\/03\\\/regiao-13-anos-scaled.jpg\",\"width\":2560,\"height\":635,\"caption\":\"Regi\u00e3o News\"},\"image\":{\"@id\":\"https:\\\/\\\/regiaonews.net.br\\\/2022\\\/#\\\/schema\\\/logo\\\/image\\\/\"}},{\"@type\":\"Person\",\"@id\":\"https:\\\/\\\/regiaonews.net.br\\\/2022\\\/#\\\/schema\\\/person\\\/2d205a608a5aa97ac279d7a5e6d89ad8\",\"name\":\"Roberto\",\"image\":{\"@type\":\"ImageObject\",\"inLanguage\":\"pt-BR\",\"@id\":\"https:\\\/\\\/secure.gravatar.com\\\/avatar\\\/42749d8b712ff9d59ca93dc150494e5b55a44134482993f5baeb97e61b7ecc89?s=96&d=mm&r=g\",\"url\":\"https:\\\/\\\/secure.gravatar.com\\\/avatar\\\/42749d8b712ff9d59ca93dc150494e5b55a44134482993f5baeb97e61b7ecc89?s=96&d=mm&r=g\",\"contentUrl\":\"https:\\\/\\\/secure.gravatar.com\\\/avatar\\\/42749d8b712ff9d59ca93dc150494e5b55a44134482993f5baeb97e61b7ecc89?s=96&d=mm&r=g\",\"caption\":\"Roberto\"},\"url\":\"https:\\\/\\\/regiaonews.net.br\\\/2022\\\/author\\\/roberto\\\/\"}]}<\/script>\n<!-- \/ Yoast SEO plugin. -->","yoast_head_json":{"title":"C\u00e2mara agenda Sess\u00e3o Solene para a entrega do diploma Profissional de Educa\u00e7\u00e3o F\u00edsica 2024 - Regi\u00e3o News","robots":{"index":"index","follow":"follow","max-snippet":"max-snippet:-1","max-image-preview":"max-image-preview:large","max-video-preview":"max-video-preview:-1"},"canonical":"https:\/\/regiaonews.net.br\/2022\/2024\/12\/03\/camara-agenda-sessao-solene-para-a-entrega-do-diploma-profissional-de-educacao-fisica-2024\/","og_locale":"pt_BR","og_type":"article","og_title":"C\u00e2mara agenda Sess\u00e3o Solene para a entrega do diploma Profissional de Educa\u00e7\u00e3o F\u00edsica 2024 - Regi\u00e3o News","og_description":"Ao todo, 16 educadores f\u00edsicos ser\u00e3o homenageados A C\u00e2mara de","og_url":"https:\/\/regiaonews.net.br\/2022\/2024\/12\/03\/camara-agenda-sessao-solene-para-a-entrega-do-diploma-profissional-de-educacao-fisica-2024\/","og_site_name":"Regi\u00e3o News","article_published_time":"2024-12-03T18:54:43+00:00","og_image":[{"width":1920,"height":1080,"url":"https:\/\/regiaonews.net.br\/2022\/wp-content\/uploads\/2024\/12\/alta_1733238515674f1ef3680ac.jpg","type":"image\/jpeg"}],"author":"Roberto","twitter_card":"summary_large_image","twitter_misc":{"Escrito por":"Roberto","Est. tempo de leitura":"2 minutos"},"schema":{"@context":"https:\/\/schema.org","@graph":[{"@type":"Article","@id":"https:\/\/regiaonews.net.br\/2022\/2024\/12\/03\/camara-agenda-sessao-solene-para-a-entrega-do-diploma-profissional-de-educacao-fisica-2024\/#article","isPartOf":{"@id":"https:\/\/regiaonews.net.br\/2022\/2024\/12\/03\/camara-agenda-sessao-solene-para-a-entrega-do-diploma-profissional-de-educacao-fisica-2024\/"},"author":{"name":"Roberto","@id":"https:\/\/regiaonews.net.br\/2022\/#\/schema\/person\/2d205a608a5aa97ac279d7a5e6d89ad8"},"headline":"C\u00e2mara agenda Sess\u00e3o Solene para a entrega do diploma Profissional de Educa\u00e7\u00e3o F\u00edsica 2024","datePublished":"2024-12-03T18:54:43+00:00","mainEntityOfPage":{"@id":"https:\/\/regiaonews.net.br\/2022\/2024\/12\/03\/camara-agenda-sessao-solene-para-a-entrega-do-diploma-profissional-de-educacao-fisica-2024\/"},"wordCount":282,"commentCount":0,"publisher":{"@id":"https:\/\/regiaonews.net.br\/2022\/#organization"},"image":{"@id":"https:\/\/regiaonews.net.br\/2022\/2024\/12\/03\/camara-agenda-sessao-solene-para-a-entrega-do-diploma-profissional-de-educacao-fisica-2024\/#primaryimage"},"thumbnailUrl":"https:\/\/regiaonews.net.br\/2022\/wp-content\/uploads\/2024\/12\/alta_1733238515674f1ef3680ac.jpg","articleSection":["Barretos","Pol\u00edtica"],"inLanguage":"pt-BR","potentialAction":[{"@type":"CommentAction","name":"Comment","target":["https:\/\/regiaonews.net.br\/2022\/2024\/12\/03\/camara-agenda-sessao-solene-para-a-entrega-do-diploma-profissional-de-educacao-fisica-2024\/#respond"]}]},{"@type":"WebPage","@id":"https:\/\/regiaonews.net.br\/2022\/2024\/12\/03\/camara-agenda-sessao-solene-para-a-entrega-do-diploma-profissional-de-educacao-fisica-2024\/","url":"https:\/\/regiaonews.net.br\/2022\/2024\/12\/03\/camara-agenda-sessao-solene-para-a-entrega-do-diploma-profissional-de-educacao-fisica-2024\/","name":"C\u00e2mara agenda Sess\u00e3o Solene para a entrega do diploma Profissional de Educa\u00e7\u00e3o F\u00edsica 2024 - Regi\u00e3o News","isPartOf":{"@id":"https:\/\/regiaonews.net.br\/2022\/#website"},"primaryImageOfPage":{"@id":"https:\/\/regiaonews.net.br\/2022\/2024\/12\/03\/camara-agenda-sessao-solene-para-a-entrega-do-diploma-profissional-de-educacao-fisica-2024\/#primaryimage"},"image":{"@id":"https:\/\/regiaonews.net.br\/2022\/2024\/12\/03\/camara-agenda-sessao-solene-para-a-entrega-do-diploma-profissional-de-educacao-fisica-2024\/#primaryimage"},"thumbnailUrl":"https:\/\/regiaonews.net.br\/2022\/wp-content\/uploads\/2024\/12\/alta_1733238515674f1ef3680ac.jpg","datePublished":"2024-12-03T18:54:43+00:00","breadcrumb":{"@id":"https:\/\/regiaonews.net.br\/2022\/2024\/12\/03\/camara-agenda-sessao-solene-para-a-entrega-do-diploma-profissional-de-educacao-fisica-2024\/#breadcrumb"},"inLanguage":"pt-BR","potentialAction":[{"@type":"ReadAction","target":["https:\/\/regiaonews.net.br\/2022\/2024\/12\/03\/camara-agenda-sessao-solene-para-a-entrega-do-diploma-profissional-de-educacao-fisica-2024\/"]}]},{"@type":"ImageObject","inLanguage":"pt-BR","@id":"https:\/\/regiaonews.net.br\/2022\/2024\/12\/03\/camara-agenda-sessao-solene-para-a-entrega-do-diploma-profissional-de-educacao-fisica-2024\/#primaryimage","url":"https:\/\/regiaonews.net.br\/2022\/wp-content\/uploads\/2024\/12\/alta_1733238515674f1ef3680ac.jpg","contentUrl":"https:\/\/regiaonews.net.br\/2022\/wp-content\/uploads\/2024\/12\/alta_1733238515674f1ef3680ac.jpg","width":1920,"height":1080},{"@type":"BreadcrumbList","@id":"https:\/\/regiaonews.net.br\/2022\/2024\/12\/03\/camara-agenda-sessao-solene-para-a-entrega-do-diploma-profissional-de-educacao-fisica-2024\/#breadcrumb","itemListElement":[{"@type":"ListItem","position":1,"name":"In\u00edcio","item":"https:\/\/regiaonews.net.br\/2022\/"},{"@type":"ListItem","position":2,"name":"C\u00e2mara agenda Sess\u00e3o Solene para a entrega do diploma Profissional de Educa\u00e7\u00e3o F\u00edsica 2024"}]},{"@type":"WebSite","@id":"https:\/\/regiaonews.net.br\/2022\/#website","url":"https:\/\/regiaonews.net.br\/2022\/","name":"Regi\u00e3o News","description":"Site de Not\u00edcias de Barretos e regi\u00e3o","publisher":{"@id":"https:\/\/regiaonews.net.br\/2022\/#organization"},"potentialAction":[{"@type":"SearchAction","target":{"@type":"EntryPoint","urlTemplate":"https:\/\/regiaonews.net.br\/2022\/?s={search_term_string}"},"query-input":{"@type":"PropertyValueSpecification","valueRequired":true,"valueName":"search_term_string"}}],"inLanguage":"pt-BR"},{"@type":"Organization","@id":"https:\/\/regiaonews.net.br\/2022\/#organization","name":"Regi\u00e3o News","url":"https:\/\/regiaonews.net.br\/2022\/","logo":{"@type":"ImageObject","inLanguage":"pt-BR","@id":"https:\/\/regiaonews.net.br\/2022\/#\/schema\/logo\/image\/","url":"https:\/\/regiaonews.net.br\/2022\/wp-content\/uploads\/2026\/03\/regiao-13-anos-scaled.jpg","contentUrl":"https:\/\/regiaonews.net.br\/2022\/wp-content\/uploads\/2026\/03\/regiao-13-anos-scaled.jpg","width":2560,"height":635,"caption":"Regi\u00e3o News"},"image":{"@id":"https:\/\/regiaonews.net.br\/2022\/#\/schema\/logo\/image\/"}},{"@type":"Person","@id":"https:\/\/regiaonews.net.br\/2022\/#\/schema\/person\/2d205a608a5aa97ac279d7a5e6d89ad8","name":"Roberto","image":{"@type":"ImageObject","inLanguage":"pt-BR","@id":"https:\/\/secure.gravatar.com\/avatar\/42749d8b712ff9d59ca93dc150494e5b55a44134482993f5baeb97e61b7ecc89?s=96&d=mm&r=g","url":"https:\/\/secure.gravatar.com\/avatar\/42749d8b712ff9d59ca93dc150494e5b55a44134482993f5baeb97e61b7ecc89?s=96&d=mm&r=g","contentUrl":"https:\/\/secure.gravatar.com\/avatar\/42749d8b712ff9d59ca93dc150494e5b55a44134482993f5baeb97e61b7ecc89?s=96&d=mm&r=g","caption":"Roberto"},"url":"https:\/\/regiaonews.net.br\/2022\/author\/roberto\/"}]}},"publishpress_future_action":{"enabled":false,"date":"2026-05-02 07:15:26","action":"change-status","newStatus":"draft","terms":[],"taxonomy":"category","extraData":[]},"publishpress_future_workflow_manual_trigger":{"enabledWorkflows":[]},"_links":{"self":[{"href":"https:\/\/regiaonews.net.br\/2022\/wp-json\/wp\/v2\/posts\/112638","targetHints":{"allow":["GET"]}}],"collection":[{"href":"https:\/\/regiaonews.net.br\/2022\/wp-json\/wp\/v2\/posts"}],"about":[{"href":"https:\/\/regiaonews.net.br\/2022\/wp-json\/wp\/v2\/types\/post"}],"author":[{"embeddable":true,"href":"https:\/\/regiaonews.net.br\/2022\/wp-json\/wp\/v2\/users\/2"}],"replies":[{"embeddable":true,"href":"https:\/\/regiaonews.net.br\/2022\/wp-json\/wp\/v2\/comments?post=112638"}],"version-history":[{"count":1,"href":"https:\/\/regiaonews.net.br\/2022\/wp-json\/wp\/v2\/posts\/112638\/revisions"}],"predecessor-version":[{"id":112640,"href":"https:\/\/regiaonews.net.br\/2022\/wp-json\/wp\/v2\/posts\/112638\/revisions\/112640"}],"wp:featuredmedia":[{"embeddable":true,"href":"https:\/\/regiaonews.net.br\/2022\/wp-json\/wp\/v2\/media\/112639"}],"wp:attachment":[{"href":"https:\/\/regiaonews.net.br\/2022\/wp-json\/wp\/v2\/media?parent=112638"}],"wp:term":[{"taxonomy":"category","embeddable":true,"href":"https:\/\/regiaonews.net.br\/2022\/wp-json\/wp\/v2\/categories?post=112638"},{"taxonomy":"post_tag","embeddable":true,"href":"https:\/\/regiaonews.net.br\/2022\/wp-json\/wp\/v2\/tags?post=112638"}],"curies":[{"name":"wp","href":"https:\/\/api.w.org\/{rel}","templated":true}]}}