{"id":112569,"date":"2024-12-01T21:23:02","date_gmt":"2024-12-02T00:23:02","guid":{"rendered":"https:\/\/regiaonews.net.br\/2022\/?p=112569"},"modified":"2024-12-01T21:23:02","modified_gmt":"2024-12-02T00:23:02","slug":"unifeb-e-minerva-foods-promovem-apresentacao-sobre-experiencias-praticas-de-estagio","status":"publish","type":"post","link":"https:\/\/regiaonews.net.br\/2022\/2024\/12\/01\/unifeb-e-minerva-foods-promovem-apresentacao-sobre-experiencias-praticas-de-estagio\/","title":{"rendered":"UNIFEB e Minerva Foods promovem apresenta\u00e7\u00e3o sobre experi\u00eancias pr\u00e1ticas de est\u00e1gio"},"content":{"rendered":"<div class=\"x_elementToProof\" data-olk-copy-source=\"MessageBody\">No \u00faltimo dia 11 de novembro, o UNIFEB (Centro Universit\u00e1rio da Funda\u00e7\u00e3o Educacional de Barretos), em parceria com a Minerva Foods, realizou a atividade &#8220;Apresenta\u00e7\u00e3o sobre Experi\u00eancias Pr\u00e1ticas de Est\u00e1gio na Minerva Foods&#8221;. O evento foi desenvolvido pelo NEU (N\u00facleo de Empregabilidade do UNIFEB), com apoio do coordenador dos cursos de Engenharia Mec\u00e2nica, Qu\u00edmica e de Produ\u00e7\u00e3o, Prof. Me. Gabriel In\u00e1cio Pontin, em conjunto com o RH da multinacional e teve como objetivo fortalecer a rela\u00e7\u00e3o da institui\u00e7\u00e3o e da empresa, al\u00e9m de identificar novos talentos entre os estudantes.<\/div>\n<div>&#8220;A parceria com empresas como a Minerva Foods \u00e9 essencial para conectar nossos alunos ao mercado de trabalho. Isso demonstra nosso compromisso com a forma\u00e7\u00e3o de profissionais preparados e alinhados \u00e0s demandas atuais&#8221;, destacou a coordenadora do NEU, Profa. Ana Paula Dias.<\/div>\n<div>A apresenta\u00e7\u00e3o aconteceu nas salas dos 1\u00ba ao 4\u00ba anos dos cursos de Engenharia do UNIFEB. Os estagi\u00e1rios Eduardo Augusto dos Santos Sanches (4\u00ba ano de Engenharia Mec\u00e2nica), Pedro Paulo Rocha da Silva (2\u00ba ano de Engenharia El\u00e9trica) e Sthefane Gabrielle da Silva (3\u00ba ano de Engenharia de Produ\u00e7\u00e3o) compartilharam suas experi\u00eancias pr\u00e1ticas nas \u00e1reas de Engenharia de Projetos e Obras. &#8220;Foi uma oportunidade incr\u00edvel para nossos alunos enxergarem o que h\u00e1 al\u00e9m da sala de aula e entenderem como suas habilidades podem ser aplicadas no dia a dia profissional&#8221;, acrescentou a Ana Paula.<\/div>\n<div>Os coordenadores da Minerva Foods Bruno Costa Corr\u00eaa (Engenharia de Projetos e Obras), Heber Santos Filetto Junior (Gest\u00e3o de Engenharia Corporativa) e \u00c2ngelo M\u00e1rcio Caminha Lempek (Especialista em Refrigera\u00e7\u00e3o) tamb\u00e9m participaram, contribuindo com suas vis\u00f5es sobre o desenvolvimento profissional e o mercado.<\/div>\n<div>&#8220;Acreditamos que essas trocas s\u00e3o fundamentais para impulsionar o crescimento dos nossos estudantes, preparando-os para serem os profissionais que o mercado exige&#8221;, concluiu a coordenadora do NEU.<\/div>\n<div aria-hidden=\"true\"><\/div>\n","protected":false},"excerpt":{"rendered":"<p>No \u00faltimo dia 11 de novembro, o UNIFEB (Centro Universit\u00e1rio<\/p>\n","protected":false},"author":2,"featured_media":112570,"comment_status":"open","ping_status":"open","sticky":false,"template":"","format":"standard","meta":{"footnotes":""},"categories":[14,25],"tags":[],"class_list":["post-112569","post","type-post","status-publish","format-standard","has-post-thumbnail","hentry","category-barretos","category-cidades"],"yoast_head":"<!-- This site is optimized with the Yoast SEO plugin v27.4 - https:\/\/yoast.com\/product\/yoast-seo-wordpress\/ -->\n<title>UNIFEB e Minerva Foods promovem apresenta\u00e7\u00e3o sobre experi\u00eancias pr\u00e1ticas de est\u00e1gio - Regi\u00e3o News<\/title>\n<meta name=\"robots\" content=\"index, follow, max-snippet:-1, max-image-preview:large, max-video-preview:-1\" \/>\n<link rel=\"canonical\" href=\"https:\/\/regiaonews.net.br\/2022\/2024\/12\/01\/unifeb-e-minerva-foods-promovem-apresentacao-sobre-experiencias-praticas-de-estagio\/\" \/>\n<meta property=\"og:locale\" content=\"pt_BR\" \/>\n<meta property=\"og:type\" content=\"article\" \/>\n<meta property=\"og:title\" content=\"UNIFEB e Minerva Foods promovem apresenta\u00e7\u00e3o sobre experi\u00eancias pr\u00e1ticas de est\u00e1gio - Regi\u00e3o News\" \/>\n<meta property=\"og:description\" content=\"No \u00faltimo dia 11 de novembro, o UNIFEB (Centro Universit\u00e1rio\" \/>\n<meta property=\"og:url\" content=\"https:\/\/regiaonews.net.br\/2022\/2024\/12\/01\/unifeb-e-minerva-foods-promovem-apresentacao-sobre-experiencias-praticas-de-estagio\/\" \/>\n<meta property=\"og:site_name\" content=\"Regi\u00e3o News\" \/>\n<meta property=\"article:published_time\" content=\"2024-12-02T00:23:02+00:00\" \/>\n<meta property=\"og:image\" content=\"https:\/\/regiaonews.net.br\/2022\/wp-content\/uploads\/2024\/12\/Acao_NEU_01.jpeg\" \/>\n\t<meta property=\"og:image:width\" content=\"1200\" \/>\n\t<meta property=\"og:image:height\" content=\"958\" \/>\n\t<meta property=\"og:image:type\" content=\"image\/jpeg\" \/>\n<meta name=\"author\" content=\"Roberto\" \/>\n<meta name=\"twitter:card\" content=\"summary_large_image\" \/>\n<meta name=\"twitter:label1\" content=\"Escrito por\" \/>\n\t<meta name=\"twitter:data1\" content=\"Roberto\" \/>\n\t<meta name=\"twitter:label2\" content=\"Est. tempo de leitura\" \/>\n\t<meta name=\"twitter:data2\" content=\"2 minutos\" \/>\n<script type=\"application\/ld+json\" class=\"yoast-schema-graph\">{\"@context\":\"https:\\\/\\\/schema.org\",\"@graph\":[{\"@type\":\"Article\",\"@id\":\"https:\\\/\\\/regiaonews.net.br\\\/2022\\\/2024\\\/12\\\/01\\\/unifeb-e-minerva-foods-promovem-apresentacao-sobre-experiencias-praticas-de-estagio\\\/#article\",\"isPartOf\":{\"@id\":\"https:\\\/\\\/regiaonews.net.br\\\/2022\\\/2024\\\/12\\\/01\\\/unifeb-e-minerva-foods-promovem-apresentacao-sobre-experiencias-praticas-de-estagio\\\/\"},\"author\":{\"name\":\"Roberto\",\"@id\":\"https:\\\/\\\/regiaonews.net.br\\\/2022\\\/#\\\/schema\\\/person\\\/2d205a608a5aa97ac279d7a5e6d89ad8\"},\"headline\":\"UNIFEB e Minerva Foods promovem apresenta\u00e7\u00e3o sobre experi\u00eancias pr\u00e1ticas de est\u00e1gio\",\"datePublished\":\"2024-12-02T00:23:02+00:00\",\"mainEntityOfPage\":{\"@id\":\"https:\\\/\\\/regiaonews.net.br\\\/2022\\\/2024\\\/12\\\/01\\\/unifeb-e-minerva-foods-promovem-apresentacao-sobre-experiencias-praticas-de-estagio\\\/\"},\"wordCount\":333,\"commentCount\":0,\"publisher\":{\"@id\":\"https:\\\/\\\/regiaonews.net.br\\\/2022\\\/#organization\"},\"image\":{\"@id\":\"https:\\\/\\\/regiaonews.net.br\\\/2022\\\/2024\\\/12\\\/01\\\/unifeb-e-minerva-foods-promovem-apresentacao-sobre-experiencias-praticas-de-estagio\\\/#primaryimage\"},\"thumbnailUrl\":\"https:\\\/\\\/regiaonews.net.br\\\/2022\\\/wp-content\\\/uploads\\\/2024\\\/12\\\/Acao_NEU_01.jpeg\",\"articleSection\":[\"Barretos\",\"Cidades\"],\"inLanguage\":\"pt-BR\",\"potentialAction\":[{\"@type\":\"CommentAction\",\"name\":\"Comment\",\"target\":[\"https:\\\/\\\/regiaonews.net.br\\\/2022\\\/2024\\\/12\\\/01\\\/unifeb-e-minerva-foods-promovem-apresentacao-sobre-experiencias-praticas-de-estagio\\\/#respond\"]}]},{\"@type\":\"WebPage\",\"@id\":\"https:\\\/\\\/regiaonews.net.br\\\/2022\\\/2024\\\/12\\\/01\\\/unifeb-e-minerva-foods-promovem-apresentacao-sobre-experiencias-praticas-de-estagio\\\/\",\"url\":\"https:\\\/\\\/regiaonews.net.br\\\/2022\\\/2024\\\/12\\\/01\\\/unifeb-e-minerva-foods-promovem-apresentacao-sobre-experiencias-praticas-de-estagio\\\/\",\"name\":\"UNIFEB e Minerva Foods promovem apresenta\u00e7\u00e3o sobre experi\u00eancias pr\u00e1ticas de est\u00e1gio - Regi\u00e3o News\",\"isPartOf\":{\"@id\":\"https:\\\/\\\/regiaonews.net.br\\\/2022\\\/#website\"},\"primaryImageOfPage\":{\"@id\":\"https:\\\/\\\/regiaonews.net.br\\\/2022\\\/2024\\\/12\\\/01\\\/unifeb-e-minerva-foods-promovem-apresentacao-sobre-experiencias-praticas-de-estagio\\\/#primaryimage\"},\"image\":{\"@id\":\"https:\\\/\\\/regiaonews.net.br\\\/2022\\\/2024\\\/12\\\/01\\\/unifeb-e-minerva-foods-promovem-apresentacao-sobre-experiencias-praticas-de-estagio\\\/#primaryimage\"},\"thumbnailUrl\":\"https:\\\/\\\/regiaonews.net.br\\\/2022\\\/wp-content\\\/uploads\\\/2024\\\/12\\\/Acao_NEU_01.jpeg\",\"datePublished\":\"2024-12-02T00:23:02+00:00\",\"breadcrumb\":{\"@id\":\"https:\\\/\\\/regiaonews.net.br\\\/2022\\\/2024\\\/12\\\/01\\\/unifeb-e-minerva-foods-promovem-apresentacao-sobre-experiencias-praticas-de-estagio\\\/#breadcrumb\"},\"inLanguage\":\"pt-BR\",\"potentialAction\":[{\"@type\":\"ReadAction\",\"target\":[\"https:\\\/\\\/regiaonews.net.br\\\/2022\\\/2024\\\/12\\\/01\\\/unifeb-e-minerva-foods-promovem-apresentacao-sobre-experiencias-praticas-de-estagio\\\/\"]}]},{\"@type\":\"ImageObject\",\"inLanguage\":\"pt-BR\",\"@id\":\"https:\\\/\\\/regiaonews.net.br\\\/2022\\\/2024\\\/12\\\/01\\\/unifeb-e-minerva-foods-promovem-apresentacao-sobre-experiencias-praticas-de-estagio\\\/#primaryimage\",\"url\":\"https:\\\/\\\/regiaonews.net.br\\\/2022\\\/wp-content\\\/uploads\\\/2024\\\/12\\\/Acao_NEU_01.jpeg\",\"contentUrl\":\"https:\\\/\\\/regiaonews.net.br\\\/2022\\\/wp-content\\\/uploads\\\/2024\\\/12\\\/Acao_NEU_01.jpeg\",\"width\":1200,\"height\":958},{\"@type\":\"BreadcrumbList\",\"@id\":\"https:\\\/\\\/regiaonews.net.br\\\/2022\\\/2024\\\/12\\\/01\\\/unifeb-e-minerva-foods-promovem-apresentacao-sobre-experiencias-praticas-de-estagio\\\/#breadcrumb\",\"itemListElement\":[{\"@type\":\"ListItem\",\"position\":1,\"name\":\"In\u00edcio\",\"item\":\"https:\\\/\\\/regiaonews.net.br\\\/2022\\\/\"},{\"@type\":\"ListItem\",\"position\":2,\"name\":\"UNIFEB e Minerva Foods promovem apresenta\u00e7\u00e3o sobre experi\u00eancias pr\u00e1ticas de est\u00e1gio\"}]},{\"@type\":\"WebSite\",\"@id\":\"https:\\\/\\\/regiaonews.net.br\\\/2022\\\/#website\",\"url\":\"https:\\\/\\\/regiaonews.net.br\\\/2022\\\/\",\"name\":\"Regi\u00e3o News\",\"description\":\"Site de Not\u00edcias de Barretos e regi\u00e3o\",\"publisher\":{\"@id\":\"https:\\\/\\\/regiaonews.net.br\\\/2022\\\/#organization\"},\"potentialAction\":[{\"@type\":\"SearchAction\",\"target\":{\"@type\":\"EntryPoint\",\"urlTemplate\":\"https:\\\/\\\/regiaonews.net.br\\\/2022\\\/?s={search_term_string}\"},\"query-input\":{\"@type\":\"PropertyValueSpecification\",\"valueRequired\":true,\"valueName\":\"search_term_string\"}}],\"inLanguage\":\"pt-BR\"},{\"@type\":\"Organization\",\"@id\":\"https:\\\/\\\/regiaonews.net.br\\\/2022\\\/#organization\",\"name\":\"Regi\u00e3o News\",\"url\":\"https:\\\/\\\/regiaonews.net.br\\\/2022\\\/\",\"logo\":{\"@type\":\"ImageObject\",\"inLanguage\":\"pt-BR\",\"@id\":\"https:\\\/\\\/regiaonews.net.br\\\/2022\\\/#\\\/schema\\\/logo\\\/image\\\/\",\"url\":\"https:\\\/\\\/regiaonews.net.br\\\/2022\\\/wp-content\\\/uploads\\\/2026\\\/03\\\/regiao-13-anos-scaled.jpg\",\"contentUrl\":\"https:\\\/\\\/regiaonews.net.br\\\/2022\\\/wp-content\\\/uploads\\\/2026\\\/03\\\/regiao-13-anos-scaled.jpg\",\"width\":2560,\"height\":635,\"caption\":\"Regi\u00e3o News\"},\"image\":{\"@id\":\"https:\\\/\\\/regiaonews.net.br\\\/2022\\\/#\\\/schema\\\/logo\\\/image\\\/\"}},{\"@type\":\"Person\",\"@id\":\"https:\\\/\\\/regiaonews.net.br\\\/2022\\\/#\\\/schema\\\/person\\\/2d205a608a5aa97ac279d7a5e6d89ad8\",\"name\":\"Roberto\",\"image\":{\"@type\":\"ImageObject\",\"inLanguage\":\"pt-BR\",\"@id\":\"https:\\\/\\\/secure.gravatar.com\\\/avatar\\\/42749d8b712ff9d59ca93dc150494e5b55a44134482993f5baeb97e61b7ecc89?s=96&d=mm&r=g\",\"url\":\"https:\\\/\\\/secure.gravatar.com\\\/avatar\\\/42749d8b712ff9d59ca93dc150494e5b55a44134482993f5baeb97e61b7ecc89?s=96&d=mm&r=g\",\"contentUrl\":\"https:\\\/\\\/secure.gravatar.com\\\/avatar\\\/42749d8b712ff9d59ca93dc150494e5b55a44134482993f5baeb97e61b7ecc89?s=96&d=mm&r=g\",\"caption\":\"Roberto\"},\"url\":\"https:\\\/\\\/regiaonews.net.br\\\/2022\\\/author\\\/roberto\\\/\"}]}<\/script>\n<!-- \/ Yoast SEO plugin. -->","yoast_head_json":{"title":"UNIFEB e Minerva Foods promovem apresenta\u00e7\u00e3o sobre experi\u00eancias pr\u00e1ticas de est\u00e1gio - Regi\u00e3o News","robots":{"index":"index","follow":"follow","max-snippet":"max-snippet:-1","max-image-preview":"max-image-preview:large","max-video-preview":"max-video-preview:-1"},"canonical":"https:\/\/regiaonews.net.br\/2022\/2024\/12\/01\/unifeb-e-minerva-foods-promovem-apresentacao-sobre-experiencias-praticas-de-estagio\/","og_locale":"pt_BR","og_type":"article","og_title":"UNIFEB e Minerva Foods promovem apresenta\u00e7\u00e3o sobre experi\u00eancias pr\u00e1ticas de est\u00e1gio - Regi\u00e3o News","og_description":"No \u00faltimo dia 11 de novembro, o UNIFEB (Centro Universit\u00e1rio","og_url":"https:\/\/regiaonews.net.br\/2022\/2024\/12\/01\/unifeb-e-minerva-foods-promovem-apresentacao-sobre-experiencias-praticas-de-estagio\/","og_site_name":"Regi\u00e3o News","article_published_time":"2024-12-02T00:23:02+00:00","og_image":[{"width":1200,"height":958,"url":"https:\/\/regiaonews.net.br\/2022\/wp-content\/uploads\/2024\/12\/Acao_NEU_01.jpeg","type":"image\/jpeg"}],"author":"Roberto","twitter_card":"summary_large_image","twitter_misc":{"Escrito por":"Roberto","Est. tempo de leitura":"2 minutos"},"schema":{"@context":"https:\/\/schema.org","@graph":[{"@type":"Article","@id":"https:\/\/regiaonews.net.br\/2022\/2024\/12\/01\/unifeb-e-minerva-foods-promovem-apresentacao-sobre-experiencias-praticas-de-estagio\/#article","isPartOf":{"@id":"https:\/\/regiaonews.net.br\/2022\/2024\/12\/01\/unifeb-e-minerva-foods-promovem-apresentacao-sobre-experiencias-praticas-de-estagio\/"},"author":{"name":"Roberto","@id":"https:\/\/regiaonews.net.br\/2022\/#\/schema\/person\/2d205a608a5aa97ac279d7a5e6d89ad8"},"headline":"UNIFEB e Minerva Foods promovem apresenta\u00e7\u00e3o sobre experi\u00eancias pr\u00e1ticas de est\u00e1gio","datePublished":"2024-12-02T00:23:02+00:00","mainEntityOfPage":{"@id":"https:\/\/regiaonews.net.br\/2022\/2024\/12\/01\/unifeb-e-minerva-foods-promovem-apresentacao-sobre-experiencias-praticas-de-estagio\/"},"wordCount":333,"commentCount":0,"publisher":{"@id":"https:\/\/regiaonews.net.br\/2022\/#organization"},"image":{"@id":"https:\/\/regiaonews.net.br\/2022\/2024\/12\/01\/unifeb-e-minerva-foods-promovem-apresentacao-sobre-experiencias-praticas-de-estagio\/#primaryimage"},"thumbnailUrl":"https:\/\/regiaonews.net.br\/2022\/wp-content\/uploads\/2024\/12\/Acao_NEU_01.jpeg","articleSection":["Barretos","Cidades"],"inLanguage":"pt-BR","potentialAction":[{"@type":"CommentAction","name":"Comment","target":["https:\/\/regiaonews.net.br\/2022\/2024\/12\/01\/unifeb-e-minerva-foods-promovem-apresentacao-sobre-experiencias-praticas-de-estagio\/#respond"]}]},{"@type":"WebPage","@id":"https:\/\/regiaonews.net.br\/2022\/2024\/12\/01\/unifeb-e-minerva-foods-promovem-apresentacao-sobre-experiencias-praticas-de-estagio\/","url":"https:\/\/regiaonews.net.br\/2022\/2024\/12\/01\/unifeb-e-minerva-foods-promovem-apresentacao-sobre-experiencias-praticas-de-estagio\/","name":"UNIFEB e Minerva Foods promovem apresenta\u00e7\u00e3o sobre experi\u00eancias pr\u00e1ticas de est\u00e1gio - Regi\u00e3o News","isPartOf":{"@id":"https:\/\/regiaonews.net.br\/2022\/#website"},"primaryImageOfPage":{"@id":"https:\/\/regiaonews.net.br\/2022\/2024\/12\/01\/unifeb-e-minerva-foods-promovem-apresentacao-sobre-experiencias-praticas-de-estagio\/#primaryimage"},"image":{"@id":"https:\/\/regiaonews.net.br\/2022\/2024\/12\/01\/unifeb-e-minerva-foods-promovem-apresentacao-sobre-experiencias-praticas-de-estagio\/#primaryimage"},"thumbnailUrl":"https:\/\/regiaonews.net.br\/2022\/wp-content\/uploads\/2024\/12\/Acao_NEU_01.jpeg","datePublished":"2024-12-02T00:23:02+00:00","breadcrumb":{"@id":"https:\/\/regiaonews.net.br\/2022\/2024\/12\/01\/unifeb-e-minerva-foods-promovem-apresentacao-sobre-experiencias-praticas-de-estagio\/#breadcrumb"},"inLanguage":"pt-BR","potentialAction":[{"@type":"ReadAction","target":["https:\/\/regiaonews.net.br\/2022\/2024\/12\/01\/unifeb-e-minerva-foods-promovem-apresentacao-sobre-experiencias-praticas-de-estagio\/"]}]},{"@type":"ImageObject","inLanguage":"pt-BR","@id":"https:\/\/regiaonews.net.br\/2022\/2024\/12\/01\/unifeb-e-minerva-foods-promovem-apresentacao-sobre-experiencias-praticas-de-estagio\/#primaryimage","url":"https:\/\/regiaonews.net.br\/2022\/wp-content\/uploads\/2024\/12\/Acao_NEU_01.jpeg","contentUrl":"https:\/\/regiaonews.net.br\/2022\/wp-content\/uploads\/2024\/12\/Acao_NEU_01.jpeg","width":1200,"height":958},{"@type":"BreadcrumbList","@id":"https:\/\/regiaonews.net.br\/2022\/2024\/12\/01\/unifeb-e-minerva-foods-promovem-apresentacao-sobre-experiencias-praticas-de-estagio\/#breadcrumb","itemListElement":[{"@type":"ListItem","position":1,"name":"In\u00edcio","item":"https:\/\/regiaonews.net.br\/2022\/"},{"@type":"ListItem","position":2,"name":"UNIFEB e Minerva Foods promovem apresenta\u00e7\u00e3o sobre experi\u00eancias pr\u00e1ticas de est\u00e1gio"}]},{"@type":"WebSite","@id":"https:\/\/regiaonews.net.br\/2022\/#website","url":"https:\/\/regiaonews.net.br\/2022\/","name":"Regi\u00e3o News","description":"Site de Not\u00edcias de Barretos e regi\u00e3o","publisher":{"@id":"https:\/\/regiaonews.net.br\/2022\/#organization"},"potentialAction":[{"@type":"SearchAction","target":{"@type":"EntryPoint","urlTemplate":"https:\/\/regiaonews.net.br\/2022\/?s={search_term_string}"},"query-input":{"@type":"PropertyValueSpecification","valueRequired":true,"valueName":"search_term_string"}}],"inLanguage":"pt-BR"},{"@type":"Organization","@id":"https:\/\/regiaonews.net.br\/2022\/#organization","name":"Regi\u00e3o News","url":"https:\/\/regiaonews.net.br\/2022\/","logo":{"@type":"ImageObject","inLanguage":"pt-BR","@id":"https:\/\/regiaonews.net.br\/2022\/#\/schema\/logo\/image\/","url":"https:\/\/regiaonews.net.br\/2022\/wp-content\/uploads\/2026\/03\/regiao-13-anos-scaled.jpg","contentUrl":"https:\/\/regiaonews.net.br\/2022\/wp-content\/uploads\/2026\/03\/regiao-13-anos-scaled.jpg","width":2560,"height":635,"caption":"Regi\u00e3o News"},"image":{"@id":"https:\/\/regiaonews.net.br\/2022\/#\/schema\/logo\/image\/"}},{"@type":"Person","@id":"https:\/\/regiaonews.net.br\/2022\/#\/schema\/person\/2d205a608a5aa97ac279d7a5e6d89ad8","name":"Roberto","image":{"@type":"ImageObject","inLanguage":"pt-BR","@id":"https:\/\/secure.gravatar.com\/avatar\/42749d8b712ff9d59ca93dc150494e5b55a44134482993f5baeb97e61b7ecc89?s=96&d=mm&r=g","url":"https:\/\/secure.gravatar.com\/avatar\/42749d8b712ff9d59ca93dc150494e5b55a44134482993f5baeb97e61b7ecc89?s=96&d=mm&r=g","contentUrl":"https:\/\/secure.gravatar.com\/avatar\/42749d8b712ff9d59ca93dc150494e5b55a44134482993f5baeb97e61b7ecc89?s=96&d=mm&r=g","caption":"Roberto"},"url":"https:\/\/regiaonews.net.br\/2022\/author\/roberto\/"}]}},"publishpress_future_action":{"enabled":false,"date":"2026-05-02 07:15:50","action":"change-status","newStatus":"draft","terms":[],"taxonomy":"category","extraData":[]},"publishpress_future_workflow_manual_trigger":{"enabledWorkflows":[]},"_links":{"self":[{"href":"https:\/\/regiaonews.net.br\/2022\/wp-json\/wp\/v2\/posts\/112569","targetHints":{"allow":["GET"]}}],"collection":[{"href":"https:\/\/regiaonews.net.br\/2022\/wp-json\/wp\/v2\/posts"}],"about":[{"href":"https:\/\/regiaonews.net.br\/2022\/wp-json\/wp\/v2\/types\/post"}],"author":[{"embeddable":true,"href":"https:\/\/regiaonews.net.br\/2022\/wp-json\/wp\/v2\/users\/2"}],"replies":[{"embeddable":true,"href":"https:\/\/regiaonews.net.br\/2022\/wp-json\/wp\/v2\/comments?post=112569"}],"version-history":[{"count":1,"href":"https:\/\/regiaonews.net.br\/2022\/wp-json\/wp\/v2\/posts\/112569\/revisions"}],"predecessor-version":[{"id":112571,"href":"https:\/\/regiaonews.net.br\/2022\/wp-json\/wp\/v2\/posts\/112569\/revisions\/112571"}],"wp:featuredmedia":[{"embeddable":true,"href":"https:\/\/regiaonews.net.br\/2022\/wp-json\/wp\/v2\/media\/112570"}],"wp:attachment":[{"href":"https:\/\/regiaonews.net.br\/2022\/wp-json\/wp\/v2\/media?parent=112569"}],"wp:term":[{"taxonomy":"category","embeddable":true,"href":"https:\/\/regiaonews.net.br\/2022\/wp-json\/wp\/v2\/categories?post=112569"},{"taxonomy":"post_tag","embeddable":true,"href":"https:\/\/regiaonews.net.br\/2022\/wp-json\/wp\/v2\/tags?post=112569"}],"curies":[{"name":"wp","href":"https:\/\/api.w.org\/{rel}","templated":true}]}}