{"id":112558,"date":"2024-11-30T21:27:24","date_gmt":"2024-12-01T00:27:24","guid":{"rendered":"https:\/\/regiaonews.net.br\/2022\/?p=112558"},"modified":"2024-11-30T22:51:11","modified_gmt":"2024-12-01T01:51:11","slug":"botafogo-conquista-titulo-inedito-na-libertadores","status":"publish","type":"post","link":"https:\/\/regiaonews.net.br\/2022\/2024\/11\/30\/botafogo-conquista-titulo-inedito-na-libertadores\/","title":{"rendered":"Botafogo conquista t\u00edtulo in\u00e9dito na Libertadores"},"content":{"rendered":"<div class=\"header-noticia full-width\">\n<h1 class=\"titulo-materia\" style=\"text-align: center;\"><span style=\"font-size: 16px;\">Foto &#8211;\u00a0 Vitor Silva\/Botafogo<\/span><\/h1>\n<\/div>\n<div id=\"block-tts-block-tts\" class=\"block block-tts\">\n<div class=\"content\">\n<div id=\"tts-container\" class=\"container-audio rel-position\">\n<div class=\"title abs-position\"><\/div>\n<\/div>\n<\/div>\n<\/div>\n<div class=\"conteudo-noticia\">\n<p>O futebol da Am\u00e9rica do Sul est\u00e1 oficialmente rendido ao Botafogo. Neste s\u00e1bado (30), o Glorioso alcan\u00e7ou a maior conquista em 120 anos de hist\u00f3ria. Mesmo perdendo o volante Gregore expulso com menos de um minuto de jogo, a equipe carioca venceu o Atl\u00e9tico-MG por 3\u00a0a 1, no Est\u00e1dio Monumental de Nu\u00f1ez, em Buenos Aires, na Argentina, garantindo o t\u00edtulo in\u00e9dito da Libertadores.<img decoding=\"async\" src=\"https:\/\/agenciabrasil.ebc.com.br\/ebc.png?id=1621958&amp;o=node\" \/><img decoding=\"async\" src=\"https:\/\/agenciabrasil.ebc.com.br\/ebc.gif?id=1621958&amp;o=node\" \/><\/p>\n<p>A conquista marca o fim de um longo jejum de t\u00edtulos para al\u00e9m do \u00e2mbito carioca ou regional. O \u00faltimo grande trof\u00e9u erguido pelo Botafogo era a do Campeonato Brasileiro de 1995, liderado pelo artilheiro T\u00falio Maravilha. De l\u00e1 para c\u00e1, o Alvinegro at\u00e9 venceu cinco Estaduais (1997, 2006, 2010, 2013 e 2018) e um Torneio Rio S\u00e3o-Paulo em 1998, mas acumulou tr\u00eas rebaixamentos \u00e0 S\u00e9rie B em menos de 20 anos.<\/p>\n<p><a href=\"https:\/\/regiaonews.net.br\/2022\/wp-content\/uploads\/2024\/11\/54175053055_5baa1b2e74_o.webp\"><img loading=\"lazy\" decoding=\"async\" class=\"alignnone size-medium wp-image-112559\" src=\"https:\/\/regiaonews.net.br\/2022\/wp-content\/uploads\/2024\/11\/54175053055_5baa1b2e74_o-300x179.webp\" alt=\"\" width=\"300\" height=\"179\" srcset=\"https:\/\/regiaonews.net.br\/2022\/wp-content\/uploads\/2024\/11\/54175053055_5baa1b2e74_o-300x179.webp 300w, https:\/\/regiaonews.net.br\/2022\/wp-content\/uploads\/2024\/11\/54175053055_5baa1b2e74_o-1024x613.webp 1024w, https:\/\/regiaonews.net.br\/2022\/wp-content\/uploads\/2024\/11\/54175053055_5baa1b2e74_o-768x459.webp 768w, https:\/\/regiaonews.net.br\/2022\/wp-content\/uploads\/2024\/11\/54175053055_5baa1b2e74_o-250x150.webp 250w, https:\/\/regiaonews.net.br\/2022\/wp-content\/uploads\/2024\/11\/54175053055_5baa1b2e74_o.webp 1170w\" sizes=\"auto, (max-width: 300px) 100vw, 300px\" \/><\/a><\/p>\n<\/div>\n","protected":false},"excerpt":{"rendered":"<p>Foto &#8211;\u00a0 Vitor Silva\/Botafogo O futebol da Am\u00e9rica do Sul<\/p>\n","protected":false},"author":2,"featured_media":112564,"comment_status":"open","ping_status":"open","sticky":false,"template":"","format":"standard","meta":{"footnotes":""},"categories":[21,133],"tags":[],"class_list":["post-112558","post","type-post","status-publish","format-standard","has-post-thumbnail","hentry","category-esporte","category-libertadores"],"yoast_head":"<!-- This site is optimized with the Yoast SEO plugin v27.4 - https:\/\/yoast.com\/product\/yoast-seo-wordpress\/ -->\n<title>Botafogo conquista t\u00edtulo in\u00e9dito na Libertadores - Regi\u00e3o News<\/title>\n<meta name=\"robots\" content=\"index, follow, max-snippet:-1, max-image-preview:large, max-video-preview:-1\" \/>\n<link rel=\"canonical\" href=\"https:\/\/regiaonews.net.br\/2022\/2024\/11\/30\/botafogo-conquista-titulo-inedito-na-libertadores\/\" \/>\n<meta property=\"og:locale\" content=\"pt_BR\" \/>\n<meta property=\"og:type\" content=\"article\" \/>\n<meta property=\"og:title\" content=\"Botafogo conquista t\u00edtulo in\u00e9dito na Libertadores - Regi\u00e3o News\" \/>\n<meta property=\"og:description\" content=\"Foto &#8211;\u00a0 Vitor Silva\/Botafogo O futebol da Am\u00e9rica do Sul\" \/>\n<meta property=\"og:url\" content=\"https:\/\/regiaonews.net.br\/2022\/2024\/11\/30\/botafogo-conquista-titulo-inedito-na-libertadores\/\" \/>\n<meta property=\"og:site_name\" content=\"Regi\u00e3o News\" \/>\n<meta property=\"article:published_time\" content=\"2024-12-01T00:27:24+00:00\" \/>\n<meta property=\"article:modified_time\" content=\"2024-12-01T01:51:11+00:00\" \/>\n<meta property=\"og:image\" content=\"https:\/\/regiaonews.net.br\/2022\/wp-content\/uploads\/2024\/11\/54175153919_8c11fef518_c.jpg\" \/>\n\t<meta property=\"og:image:width\" content=\"799\" \/>\n\t<meta property=\"og:image:height\" content=\"533\" \/>\n\t<meta property=\"og:image:type\" content=\"image\/jpeg\" \/>\n<meta name=\"author\" content=\"Roberto\" \/>\n<meta name=\"twitter:card\" content=\"summary_large_image\" \/>\n<meta name=\"twitter:label1\" content=\"Escrito por\" \/>\n\t<meta name=\"twitter:data1\" content=\"Roberto\" \/>\n\t<meta name=\"twitter:label2\" content=\"Est. tempo de leitura\" \/>\n\t<meta name=\"twitter:data2\" content=\"2 minutos\" \/>\n<script type=\"application\/ld+json\" class=\"yoast-schema-graph\">{\"@context\":\"https:\\\/\\\/schema.org\",\"@graph\":[{\"@type\":\"Article\",\"@id\":\"https:\\\/\\\/regiaonews.net.br\\\/2022\\\/2024\\\/11\\\/30\\\/botafogo-conquista-titulo-inedito-na-libertadores\\\/#article\",\"isPartOf\":{\"@id\":\"https:\\\/\\\/regiaonews.net.br\\\/2022\\\/2024\\\/11\\\/30\\\/botafogo-conquista-titulo-inedito-na-libertadores\\\/\"},\"author\":{\"name\":\"Roberto\",\"@id\":\"https:\\\/\\\/regiaonews.net.br\\\/2022\\\/#\\\/schema\\\/person\\\/2d205a608a5aa97ac279d7a5e6d89ad8\"},\"headline\":\"Botafogo conquista t\u00edtulo in\u00e9dito na Libertadores\",\"datePublished\":\"2024-12-01T00:27:24+00:00\",\"dateModified\":\"2024-12-01T01:51:11+00:00\",\"mainEntityOfPage\":{\"@id\":\"https:\\\/\\\/regiaonews.net.br\\\/2022\\\/2024\\\/11\\\/30\\\/botafogo-conquista-titulo-inedito-na-libertadores\\\/\"},\"wordCount\":152,\"commentCount\":0,\"publisher\":{\"@id\":\"https:\\\/\\\/regiaonews.net.br\\\/2022\\\/#organization\"},\"image\":{\"@id\":\"https:\\\/\\\/regiaonews.net.br\\\/2022\\\/2024\\\/11\\\/30\\\/botafogo-conquista-titulo-inedito-na-libertadores\\\/#primaryimage\"},\"thumbnailUrl\":\"https:\\\/\\\/regiaonews.net.br\\\/2022\\\/wp-content\\\/uploads\\\/2024\\\/11\\\/54175153919_8c11fef518_c.jpg\",\"articleSection\":[\"Esporte\",\"Libertadores\"],\"inLanguage\":\"pt-BR\",\"potentialAction\":[{\"@type\":\"CommentAction\",\"name\":\"Comment\",\"target\":[\"https:\\\/\\\/regiaonews.net.br\\\/2022\\\/2024\\\/11\\\/30\\\/botafogo-conquista-titulo-inedito-na-libertadores\\\/#respond\"]}]},{\"@type\":\"WebPage\",\"@id\":\"https:\\\/\\\/regiaonews.net.br\\\/2022\\\/2024\\\/11\\\/30\\\/botafogo-conquista-titulo-inedito-na-libertadores\\\/\",\"url\":\"https:\\\/\\\/regiaonews.net.br\\\/2022\\\/2024\\\/11\\\/30\\\/botafogo-conquista-titulo-inedito-na-libertadores\\\/\",\"name\":\"Botafogo conquista t\u00edtulo in\u00e9dito na Libertadores - Regi\u00e3o News\",\"isPartOf\":{\"@id\":\"https:\\\/\\\/regiaonews.net.br\\\/2022\\\/#website\"},\"primaryImageOfPage\":{\"@id\":\"https:\\\/\\\/regiaonews.net.br\\\/2022\\\/2024\\\/11\\\/30\\\/botafogo-conquista-titulo-inedito-na-libertadores\\\/#primaryimage\"},\"image\":{\"@id\":\"https:\\\/\\\/regiaonews.net.br\\\/2022\\\/2024\\\/11\\\/30\\\/botafogo-conquista-titulo-inedito-na-libertadores\\\/#primaryimage\"},\"thumbnailUrl\":\"https:\\\/\\\/regiaonews.net.br\\\/2022\\\/wp-content\\\/uploads\\\/2024\\\/11\\\/54175153919_8c11fef518_c.jpg\",\"datePublished\":\"2024-12-01T00:27:24+00:00\",\"dateModified\":\"2024-12-01T01:51:11+00:00\",\"breadcrumb\":{\"@id\":\"https:\\\/\\\/regiaonews.net.br\\\/2022\\\/2024\\\/11\\\/30\\\/botafogo-conquista-titulo-inedito-na-libertadores\\\/#breadcrumb\"},\"inLanguage\":\"pt-BR\",\"potentialAction\":[{\"@type\":\"ReadAction\",\"target\":[\"https:\\\/\\\/regiaonews.net.br\\\/2022\\\/2024\\\/11\\\/30\\\/botafogo-conquista-titulo-inedito-na-libertadores\\\/\"]}]},{\"@type\":\"ImageObject\",\"inLanguage\":\"pt-BR\",\"@id\":\"https:\\\/\\\/regiaonews.net.br\\\/2022\\\/2024\\\/11\\\/30\\\/botafogo-conquista-titulo-inedito-na-libertadores\\\/#primaryimage\",\"url\":\"https:\\\/\\\/regiaonews.net.br\\\/2022\\\/wp-content\\\/uploads\\\/2024\\\/11\\\/54175153919_8c11fef518_c.jpg\",\"contentUrl\":\"https:\\\/\\\/regiaonews.net.br\\\/2022\\\/wp-content\\\/uploads\\\/2024\\\/11\\\/54175153919_8c11fef518_c.jpg\",\"width\":799,\"height\":533},{\"@type\":\"BreadcrumbList\",\"@id\":\"https:\\\/\\\/regiaonews.net.br\\\/2022\\\/2024\\\/11\\\/30\\\/botafogo-conquista-titulo-inedito-na-libertadores\\\/#breadcrumb\",\"itemListElement\":[{\"@type\":\"ListItem\",\"position\":1,\"name\":\"In\u00edcio\",\"item\":\"https:\\\/\\\/regiaonews.net.br\\\/2022\\\/\"},{\"@type\":\"ListItem\",\"position\":2,\"name\":\"Botafogo conquista t\u00edtulo in\u00e9dito na Libertadores\"}]},{\"@type\":\"WebSite\",\"@id\":\"https:\\\/\\\/regiaonews.net.br\\\/2022\\\/#website\",\"url\":\"https:\\\/\\\/regiaonews.net.br\\\/2022\\\/\",\"name\":\"Regi\u00e3o News\",\"description\":\"Site de Not\u00edcias de Barretos e regi\u00e3o\",\"publisher\":{\"@id\":\"https:\\\/\\\/regiaonews.net.br\\\/2022\\\/#organization\"},\"potentialAction\":[{\"@type\":\"SearchAction\",\"target\":{\"@type\":\"EntryPoint\",\"urlTemplate\":\"https:\\\/\\\/regiaonews.net.br\\\/2022\\\/?s={search_term_string}\"},\"query-input\":{\"@type\":\"PropertyValueSpecification\",\"valueRequired\":true,\"valueName\":\"search_term_string\"}}],\"inLanguage\":\"pt-BR\"},{\"@type\":\"Organization\",\"@id\":\"https:\\\/\\\/regiaonews.net.br\\\/2022\\\/#organization\",\"name\":\"Regi\u00e3o News\",\"url\":\"https:\\\/\\\/regiaonews.net.br\\\/2022\\\/\",\"logo\":{\"@type\":\"ImageObject\",\"inLanguage\":\"pt-BR\",\"@id\":\"https:\\\/\\\/regiaonews.net.br\\\/2022\\\/#\\\/schema\\\/logo\\\/image\\\/\",\"url\":\"https:\\\/\\\/regiaonews.net.br\\\/2022\\\/wp-content\\\/uploads\\\/2026\\\/03\\\/regiao-13-anos-scaled.jpg\",\"contentUrl\":\"https:\\\/\\\/regiaonews.net.br\\\/2022\\\/wp-content\\\/uploads\\\/2026\\\/03\\\/regiao-13-anos-scaled.jpg\",\"width\":2560,\"height\":635,\"caption\":\"Regi\u00e3o News\"},\"image\":{\"@id\":\"https:\\\/\\\/regiaonews.net.br\\\/2022\\\/#\\\/schema\\\/logo\\\/image\\\/\"}},{\"@type\":\"Person\",\"@id\":\"https:\\\/\\\/regiaonews.net.br\\\/2022\\\/#\\\/schema\\\/person\\\/2d205a608a5aa97ac279d7a5e6d89ad8\",\"name\":\"Roberto\",\"image\":{\"@type\":\"ImageObject\",\"inLanguage\":\"pt-BR\",\"@id\":\"https:\\\/\\\/secure.gravatar.com\\\/avatar\\\/42749d8b712ff9d59ca93dc150494e5b55a44134482993f5baeb97e61b7ecc89?s=96&d=mm&r=g\",\"url\":\"https:\\\/\\\/secure.gravatar.com\\\/avatar\\\/42749d8b712ff9d59ca93dc150494e5b55a44134482993f5baeb97e61b7ecc89?s=96&d=mm&r=g\",\"contentUrl\":\"https:\\\/\\\/secure.gravatar.com\\\/avatar\\\/42749d8b712ff9d59ca93dc150494e5b55a44134482993f5baeb97e61b7ecc89?s=96&d=mm&r=g\",\"caption\":\"Roberto\"},\"url\":\"https:\\\/\\\/regiaonews.net.br\\\/2022\\\/author\\\/roberto\\\/\"}]}<\/script>\n<!-- \/ Yoast SEO plugin. -->","yoast_head_json":{"title":"Botafogo conquista t\u00edtulo in\u00e9dito na Libertadores - Regi\u00e3o News","robots":{"index":"index","follow":"follow","max-snippet":"max-snippet:-1","max-image-preview":"max-image-preview:large","max-video-preview":"max-video-preview:-1"},"canonical":"https:\/\/regiaonews.net.br\/2022\/2024\/11\/30\/botafogo-conquista-titulo-inedito-na-libertadores\/","og_locale":"pt_BR","og_type":"article","og_title":"Botafogo conquista t\u00edtulo in\u00e9dito na Libertadores - Regi\u00e3o News","og_description":"Foto &#8211;\u00a0 Vitor Silva\/Botafogo O futebol da Am\u00e9rica do Sul","og_url":"https:\/\/regiaonews.net.br\/2022\/2024\/11\/30\/botafogo-conquista-titulo-inedito-na-libertadores\/","og_site_name":"Regi\u00e3o News","article_published_time":"2024-12-01T00:27:24+00:00","article_modified_time":"2024-12-01T01:51:11+00:00","og_image":[{"width":799,"height":533,"url":"https:\/\/regiaonews.net.br\/2022\/wp-content\/uploads\/2024\/11\/54175153919_8c11fef518_c.jpg","type":"image\/jpeg"}],"author":"Roberto","twitter_card":"summary_large_image","twitter_misc":{"Escrito por":"Roberto","Est. tempo de leitura":"2 minutos"},"schema":{"@context":"https:\/\/schema.org","@graph":[{"@type":"Article","@id":"https:\/\/regiaonews.net.br\/2022\/2024\/11\/30\/botafogo-conquista-titulo-inedito-na-libertadores\/#article","isPartOf":{"@id":"https:\/\/regiaonews.net.br\/2022\/2024\/11\/30\/botafogo-conquista-titulo-inedito-na-libertadores\/"},"author":{"name":"Roberto","@id":"https:\/\/regiaonews.net.br\/2022\/#\/schema\/person\/2d205a608a5aa97ac279d7a5e6d89ad8"},"headline":"Botafogo conquista t\u00edtulo in\u00e9dito na Libertadores","datePublished":"2024-12-01T00:27:24+00:00","dateModified":"2024-12-01T01:51:11+00:00","mainEntityOfPage":{"@id":"https:\/\/regiaonews.net.br\/2022\/2024\/11\/30\/botafogo-conquista-titulo-inedito-na-libertadores\/"},"wordCount":152,"commentCount":0,"publisher":{"@id":"https:\/\/regiaonews.net.br\/2022\/#organization"},"image":{"@id":"https:\/\/regiaonews.net.br\/2022\/2024\/11\/30\/botafogo-conquista-titulo-inedito-na-libertadores\/#primaryimage"},"thumbnailUrl":"https:\/\/regiaonews.net.br\/2022\/wp-content\/uploads\/2024\/11\/54175153919_8c11fef518_c.jpg","articleSection":["Esporte","Libertadores"],"inLanguage":"pt-BR","potentialAction":[{"@type":"CommentAction","name":"Comment","target":["https:\/\/regiaonews.net.br\/2022\/2024\/11\/30\/botafogo-conquista-titulo-inedito-na-libertadores\/#respond"]}]},{"@type":"WebPage","@id":"https:\/\/regiaonews.net.br\/2022\/2024\/11\/30\/botafogo-conquista-titulo-inedito-na-libertadores\/","url":"https:\/\/regiaonews.net.br\/2022\/2024\/11\/30\/botafogo-conquista-titulo-inedito-na-libertadores\/","name":"Botafogo conquista t\u00edtulo in\u00e9dito na Libertadores - Regi\u00e3o News","isPartOf":{"@id":"https:\/\/regiaonews.net.br\/2022\/#website"},"primaryImageOfPage":{"@id":"https:\/\/regiaonews.net.br\/2022\/2024\/11\/30\/botafogo-conquista-titulo-inedito-na-libertadores\/#primaryimage"},"image":{"@id":"https:\/\/regiaonews.net.br\/2022\/2024\/11\/30\/botafogo-conquista-titulo-inedito-na-libertadores\/#primaryimage"},"thumbnailUrl":"https:\/\/regiaonews.net.br\/2022\/wp-content\/uploads\/2024\/11\/54175153919_8c11fef518_c.jpg","datePublished":"2024-12-01T00:27:24+00:00","dateModified":"2024-12-01T01:51:11+00:00","breadcrumb":{"@id":"https:\/\/regiaonews.net.br\/2022\/2024\/11\/30\/botafogo-conquista-titulo-inedito-na-libertadores\/#breadcrumb"},"inLanguage":"pt-BR","potentialAction":[{"@type":"ReadAction","target":["https:\/\/regiaonews.net.br\/2022\/2024\/11\/30\/botafogo-conquista-titulo-inedito-na-libertadores\/"]}]},{"@type":"ImageObject","inLanguage":"pt-BR","@id":"https:\/\/regiaonews.net.br\/2022\/2024\/11\/30\/botafogo-conquista-titulo-inedito-na-libertadores\/#primaryimage","url":"https:\/\/regiaonews.net.br\/2022\/wp-content\/uploads\/2024\/11\/54175153919_8c11fef518_c.jpg","contentUrl":"https:\/\/regiaonews.net.br\/2022\/wp-content\/uploads\/2024\/11\/54175153919_8c11fef518_c.jpg","width":799,"height":533},{"@type":"BreadcrumbList","@id":"https:\/\/regiaonews.net.br\/2022\/2024\/11\/30\/botafogo-conquista-titulo-inedito-na-libertadores\/#breadcrumb","itemListElement":[{"@type":"ListItem","position":1,"name":"In\u00edcio","item":"https:\/\/regiaonews.net.br\/2022\/"},{"@type":"ListItem","position":2,"name":"Botafogo conquista t\u00edtulo in\u00e9dito na Libertadores"}]},{"@type":"WebSite","@id":"https:\/\/regiaonews.net.br\/2022\/#website","url":"https:\/\/regiaonews.net.br\/2022\/","name":"Regi\u00e3o News","description":"Site de Not\u00edcias de Barretos e regi\u00e3o","publisher":{"@id":"https:\/\/regiaonews.net.br\/2022\/#organization"},"potentialAction":[{"@type":"SearchAction","target":{"@type":"EntryPoint","urlTemplate":"https:\/\/regiaonews.net.br\/2022\/?s={search_term_string}"},"query-input":{"@type":"PropertyValueSpecification","valueRequired":true,"valueName":"search_term_string"}}],"inLanguage":"pt-BR"},{"@type":"Organization","@id":"https:\/\/regiaonews.net.br\/2022\/#organization","name":"Regi\u00e3o News","url":"https:\/\/regiaonews.net.br\/2022\/","logo":{"@type":"ImageObject","inLanguage":"pt-BR","@id":"https:\/\/regiaonews.net.br\/2022\/#\/schema\/logo\/image\/","url":"https:\/\/regiaonews.net.br\/2022\/wp-content\/uploads\/2026\/03\/regiao-13-anos-scaled.jpg","contentUrl":"https:\/\/regiaonews.net.br\/2022\/wp-content\/uploads\/2026\/03\/regiao-13-anos-scaled.jpg","width":2560,"height":635,"caption":"Regi\u00e3o News"},"image":{"@id":"https:\/\/regiaonews.net.br\/2022\/#\/schema\/logo\/image\/"}},{"@type":"Person","@id":"https:\/\/regiaonews.net.br\/2022\/#\/schema\/person\/2d205a608a5aa97ac279d7a5e6d89ad8","name":"Roberto","image":{"@type":"ImageObject","inLanguage":"pt-BR","@id":"https:\/\/secure.gravatar.com\/avatar\/42749d8b712ff9d59ca93dc150494e5b55a44134482993f5baeb97e61b7ecc89?s=96&d=mm&r=g","url":"https:\/\/secure.gravatar.com\/avatar\/42749d8b712ff9d59ca93dc150494e5b55a44134482993f5baeb97e61b7ecc89?s=96&d=mm&r=g","contentUrl":"https:\/\/secure.gravatar.com\/avatar\/42749d8b712ff9d59ca93dc150494e5b55a44134482993f5baeb97e61b7ecc89?s=96&d=mm&r=g","caption":"Roberto"},"url":"https:\/\/regiaonews.net.br\/2022\/author\/roberto\/"}]}},"publishpress_future_action":{"enabled":false,"date":"2026-05-02 02:34:04","action":"change-status","newStatus":"draft","terms":[],"taxonomy":"category","extraData":[]},"publishpress_future_workflow_manual_trigger":{"enabledWorkflows":[]},"_links":{"self":[{"href":"https:\/\/regiaonews.net.br\/2022\/wp-json\/wp\/v2\/posts\/112558","targetHints":{"allow":["GET"]}}],"collection":[{"href":"https:\/\/regiaonews.net.br\/2022\/wp-json\/wp\/v2\/posts"}],"about":[{"href":"https:\/\/regiaonews.net.br\/2022\/wp-json\/wp\/v2\/types\/post"}],"author":[{"embeddable":true,"href":"https:\/\/regiaonews.net.br\/2022\/wp-json\/wp\/v2\/users\/2"}],"replies":[{"embeddable":true,"href":"https:\/\/regiaonews.net.br\/2022\/wp-json\/wp\/v2\/comments?post=112558"}],"version-history":[{"count":2,"href":"https:\/\/regiaonews.net.br\/2022\/wp-json\/wp\/v2\/posts\/112558\/revisions"}],"predecessor-version":[{"id":112565,"href":"https:\/\/regiaonews.net.br\/2022\/wp-json\/wp\/v2\/posts\/112558\/revisions\/112565"}],"wp:featuredmedia":[{"embeddable":true,"href":"https:\/\/regiaonews.net.br\/2022\/wp-json\/wp\/v2\/media\/112564"}],"wp:attachment":[{"href":"https:\/\/regiaonews.net.br\/2022\/wp-json\/wp\/v2\/media?parent=112558"}],"wp:term":[{"taxonomy":"category","embeddable":true,"href":"https:\/\/regiaonews.net.br\/2022\/wp-json\/wp\/v2\/categories?post=112558"},{"taxonomy":"post_tag","embeddable":true,"href":"https:\/\/regiaonews.net.br\/2022\/wp-json\/wp\/v2\/tags?post=112558"}],"curies":[{"name":"wp","href":"https:\/\/api.w.org\/{rel}","templated":true}]}}