{"id":112554,"date":"2024-11-30T15:26:36","date_gmt":"2024-11-30T18:26:36","guid":{"rendered":"https:\/\/regiaonews.net.br\/2022\/?p=112554"},"modified":"2024-11-30T15:28:45","modified_gmt":"2024-11-30T18:28:45","slug":"vereadora-danubia-alves-participa-de-reuniao-com-ministro-do-emprendedorismo-marcio-franca","status":"publish","type":"post","link":"https:\/\/regiaonews.net.br\/2022\/2024\/11\/30\/vereadora-danubia-alves-participa-de-reuniao-com-ministro-do-emprendedorismo-marcio-franca\/","title":{"rendered":"Vereadora Dan\u00fabia Alves participa de reuni\u00e3o com ministro do Emprendedorismo M\u00e1rcio Fran\u00e7a"},"content":{"rendered":"<p>&nbsp;<\/p>\n<p>Nesta semana, a vereadora eleita Dan\u00fabia Alves cumpriu uma agenda importante em Bras\u00edlia, onde se reuniu com o ministro do Empreendedorismo, da Microempresa e da Empresa de Pequeno Porte, M\u00e1rcio Fran\u00e7a. Este encontro marcou um passo significativo para o fortalecimento do empreendedorismo em Barretos, promovendo iniciativas que beneficiar\u00e3o diretamente pequenos empreendedores na cidade.<\/p>\n<p>Durante a reuni\u00e3o, M\u00e1rcio Fran\u00e7a se comprometeu a abrir as portas do minist\u00e9rio para que a vereadora Dan\u00fabia Alves pudesse implementar programas de cr\u00e9dito que visam facilitar a renegocia\u00e7\u00e3o de d\u00edvidas. Essa a\u00e7\u00e3o \u00e9 crucial, pois muitos pequenos empres\u00e1rios enfrentam desafios financeiros e a possibilidade de obter cr\u00e9dito com taxas diferenciadas pode ser um divisor de \u00e1guas em suas atividades comerciais. A cria\u00e7\u00e3o de condi\u00e7\u00f5es mais acess\u00edveis para esses empreendedores \u00e9 essencial para o fomento da economia local, especialmente em tempos de crise.<\/p>\n<p>Outra iniciativa discutida foi a realiza\u00e7\u00e3o da primeira Feira do Empreendedorismo na cidade, um evento que promete n\u00e3o apenas visibilidade, mas tamb\u00e9m a libera\u00e7\u00e3o de recursos para cerca de 900 Microempreendedores Individuais (MEIs) que participar\u00e3o da feira. Essa feira ser\u00e1 uma plataforma vital para a troca de experi\u00eancias, a promo\u00e7\u00e3o de produtos locais e a gera\u00e7\u00e3o de networking entre os empres\u00e1rios, contribuindo assim para o fortalecimento da economia regional.<\/p>\n<p>Al\u00e9m das iniciativas j\u00e1 mencionadas, o ministro Fran\u00e7a se mostrou disposto a viabilizar recursos de outros minist\u00e9rios para Barretos, demonstrando seu compromisso com o desenvolvimento local. Conhecido por seu carinho pela cidade desde sua \u00e9poca como governador do Estado de S\u00e3o Paulo, Fran\u00e7a entende a import\u00e2ncia de investir nas pequenas empresas, que s\u00e3o a espinha dorsal da economia.<\/p>\n<p>Em suma, a agenda cumprida pela vereadora Dan\u00fabia Alves em Bras\u00edlia representa um avan\u00e7o significativo para o empreendedorismo em Barretos. Com o apoio do ministro M\u00e1rcio Fran\u00e7a, espera-se que essas iniciativas n\u00e3o s\u00f3 ajudem a aliviar as dificuldades enfrentadas pelos pequenos empreendedores, mas tamb\u00e9m impulsionem o crescimento econ\u00f4mico da cidade. A parceria entre a vereadora e o minist\u00e9rio \u00e9 um exemplo de como a colabora\u00e7\u00e3o entre diferentes n\u00edveis de governo e a iniciativa privada pode gerar resultados positivos para a popula\u00e7\u00e3o.<\/p>\n","protected":false},"excerpt":{"rendered":"<p>&nbsp; Nesta semana, a vereadora eleita Dan\u00fabia Alves cumpriu uma<\/p>\n","protected":false},"author":2,"featured_media":112555,"comment_status":"open","ping_status":"open","sticky":false,"template":"","format":"standard","meta":{"footnotes":""},"categories":[61,25],"tags":[],"class_list":["post-112554","post","type-post","status-publish","format-standard","has-post-thumbnail","hentry","category-brasilia","category-cidades"],"yoast_head":"<!-- This site is optimized with the Yoast SEO plugin v27.4 - https:\/\/yoast.com\/product\/yoast-seo-wordpress\/ -->\n<title>Vereadora Dan\u00fabia Alves participa de reuni\u00e3o com ministro do Emprendedorismo M\u00e1rcio Fran\u00e7a - Regi\u00e3o News<\/title>\n<meta name=\"robots\" content=\"index, follow, max-snippet:-1, max-image-preview:large, max-video-preview:-1\" \/>\n<link rel=\"canonical\" href=\"https:\/\/regiaonews.net.br\/2022\/2024\/11\/30\/vereadora-danubia-alves-participa-de-reuniao-com-ministro-do-emprendedorismo-marcio-franca\/\" \/>\n<meta property=\"og:locale\" content=\"pt_BR\" \/>\n<meta property=\"og:type\" content=\"article\" \/>\n<meta property=\"og:title\" content=\"Vereadora Dan\u00fabia Alves participa de reuni\u00e3o com ministro do Emprendedorismo M\u00e1rcio Fran\u00e7a - Regi\u00e3o News\" \/>\n<meta property=\"og:description\" content=\"&nbsp; Nesta semana, a vereadora eleita Dan\u00fabia Alves cumpriu uma\" \/>\n<meta property=\"og:url\" content=\"https:\/\/regiaonews.net.br\/2022\/2024\/11\/30\/vereadora-danubia-alves-participa-de-reuniao-com-ministro-do-emprendedorismo-marcio-franca\/\" \/>\n<meta property=\"og:site_name\" content=\"Regi\u00e3o News\" \/>\n<meta property=\"article:published_time\" content=\"2024-11-30T18:26:36+00:00\" \/>\n<meta property=\"article:modified_time\" content=\"2024-11-30T18:28:45+00:00\" \/>\n<meta property=\"og:image\" content=\"https:\/\/regiaonews.net.br\/2022\/wp-content\/uploads\/2024\/11\/IMG-20241128-WA0428.jpg\" \/>\n\t<meta property=\"og:image:width\" content=\"2560\" \/>\n\t<meta property=\"og:image:height\" content=\"1706\" \/>\n\t<meta property=\"og:image:type\" content=\"image\/jpeg\" \/>\n<meta name=\"author\" content=\"Roberto\" \/>\n<meta name=\"twitter:card\" content=\"summary_large_image\" \/>\n<meta name=\"twitter:label1\" content=\"Escrito por\" \/>\n\t<meta name=\"twitter:data1\" content=\"Roberto\" \/>\n\t<meta name=\"twitter:label2\" content=\"Est. tempo de leitura\" \/>\n\t<meta name=\"twitter:data2\" content=\"3 minutos\" \/>\n<script type=\"application\/ld+json\" class=\"yoast-schema-graph\">{\"@context\":\"https:\\\/\\\/schema.org\",\"@graph\":[{\"@type\":\"Article\",\"@id\":\"https:\\\/\\\/regiaonews.net.br\\\/2022\\\/2024\\\/11\\\/30\\\/vereadora-danubia-alves-participa-de-reuniao-com-ministro-do-emprendedorismo-marcio-franca\\\/#article\",\"isPartOf\":{\"@id\":\"https:\\\/\\\/regiaonews.net.br\\\/2022\\\/2024\\\/11\\\/30\\\/vereadora-danubia-alves-participa-de-reuniao-com-ministro-do-emprendedorismo-marcio-franca\\\/\"},\"author\":{\"name\":\"Roberto\",\"@id\":\"https:\\\/\\\/regiaonews.net.br\\\/2022\\\/#\\\/schema\\\/person\\\/2d205a608a5aa97ac279d7a5e6d89ad8\"},\"headline\":\"Vereadora Dan\u00fabia Alves participa de reuni\u00e3o com ministro do Emprendedorismo M\u00e1rcio Fran\u00e7a\",\"datePublished\":\"2024-11-30T18:26:36+00:00\",\"dateModified\":\"2024-11-30T18:28:45+00:00\",\"mainEntityOfPage\":{\"@id\":\"https:\\\/\\\/regiaonews.net.br\\\/2022\\\/2024\\\/11\\\/30\\\/vereadora-danubia-alves-participa-de-reuniao-com-ministro-do-emprendedorismo-marcio-franca\\\/\"},\"wordCount\":404,\"commentCount\":0,\"publisher\":{\"@id\":\"https:\\\/\\\/regiaonews.net.br\\\/2022\\\/#organization\"},\"image\":{\"@id\":\"https:\\\/\\\/regiaonews.net.br\\\/2022\\\/2024\\\/11\\\/30\\\/vereadora-danubia-alves-participa-de-reuniao-com-ministro-do-emprendedorismo-marcio-franca\\\/#primaryimage\"},\"thumbnailUrl\":\"https:\\\/\\\/regiaonews.net.br\\\/2022\\\/wp-content\\\/uploads\\\/2024\\\/11\\\/IMG-20241128-WA0428.jpg\",\"articleSection\":[\"Bras\u00edlia\",\"Cidades\"],\"inLanguage\":\"pt-BR\",\"potentialAction\":[{\"@type\":\"CommentAction\",\"name\":\"Comment\",\"target\":[\"https:\\\/\\\/regiaonews.net.br\\\/2022\\\/2024\\\/11\\\/30\\\/vereadora-danubia-alves-participa-de-reuniao-com-ministro-do-emprendedorismo-marcio-franca\\\/#respond\"]}]},{\"@type\":\"WebPage\",\"@id\":\"https:\\\/\\\/regiaonews.net.br\\\/2022\\\/2024\\\/11\\\/30\\\/vereadora-danubia-alves-participa-de-reuniao-com-ministro-do-emprendedorismo-marcio-franca\\\/\",\"url\":\"https:\\\/\\\/regiaonews.net.br\\\/2022\\\/2024\\\/11\\\/30\\\/vereadora-danubia-alves-participa-de-reuniao-com-ministro-do-emprendedorismo-marcio-franca\\\/\",\"name\":\"Vereadora Dan\u00fabia Alves participa de reuni\u00e3o com ministro do Emprendedorismo M\u00e1rcio Fran\u00e7a - Regi\u00e3o News\",\"isPartOf\":{\"@id\":\"https:\\\/\\\/regiaonews.net.br\\\/2022\\\/#website\"},\"primaryImageOfPage\":{\"@id\":\"https:\\\/\\\/regiaonews.net.br\\\/2022\\\/2024\\\/11\\\/30\\\/vereadora-danubia-alves-participa-de-reuniao-com-ministro-do-emprendedorismo-marcio-franca\\\/#primaryimage\"},\"image\":{\"@id\":\"https:\\\/\\\/regiaonews.net.br\\\/2022\\\/2024\\\/11\\\/30\\\/vereadora-danubia-alves-participa-de-reuniao-com-ministro-do-emprendedorismo-marcio-franca\\\/#primaryimage\"},\"thumbnailUrl\":\"https:\\\/\\\/regiaonews.net.br\\\/2022\\\/wp-content\\\/uploads\\\/2024\\\/11\\\/IMG-20241128-WA0428.jpg\",\"datePublished\":\"2024-11-30T18:26:36+00:00\",\"dateModified\":\"2024-11-30T18:28:45+00:00\",\"breadcrumb\":{\"@id\":\"https:\\\/\\\/regiaonews.net.br\\\/2022\\\/2024\\\/11\\\/30\\\/vereadora-danubia-alves-participa-de-reuniao-com-ministro-do-emprendedorismo-marcio-franca\\\/#breadcrumb\"},\"inLanguage\":\"pt-BR\",\"potentialAction\":[{\"@type\":\"ReadAction\",\"target\":[\"https:\\\/\\\/regiaonews.net.br\\\/2022\\\/2024\\\/11\\\/30\\\/vereadora-danubia-alves-participa-de-reuniao-com-ministro-do-emprendedorismo-marcio-franca\\\/\"]}]},{\"@type\":\"ImageObject\",\"inLanguage\":\"pt-BR\",\"@id\":\"https:\\\/\\\/regiaonews.net.br\\\/2022\\\/2024\\\/11\\\/30\\\/vereadora-danubia-alves-participa-de-reuniao-com-ministro-do-emprendedorismo-marcio-franca\\\/#primaryimage\",\"url\":\"https:\\\/\\\/regiaonews.net.br\\\/2022\\\/wp-content\\\/uploads\\\/2024\\\/11\\\/IMG-20241128-WA0428.jpg\",\"contentUrl\":\"https:\\\/\\\/regiaonews.net.br\\\/2022\\\/wp-content\\\/uploads\\\/2024\\\/11\\\/IMG-20241128-WA0428.jpg\",\"width\":2560,\"height\":1706},{\"@type\":\"BreadcrumbList\",\"@id\":\"https:\\\/\\\/regiaonews.net.br\\\/2022\\\/2024\\\/11\\\/30\\\/vereadora-danubia-alves-participa-de-reuniao-com-ministro-do-emprendedorismo-marcio-franca\\\/#breadcrumb\",\"itemListElement\":[{\"@type\":\"ListItem\",\"position\":1,\"name\":\"In\u00edcio\",\"item\":\"https:\\\/\\\/regiaonews.net.br\\\/2022\\\/\"},{\"@type\":\"ListItem\",\"position\":2,\"name\":\"Vereadora Dan\u00fabia Alves participa de reuni\u00e3o com ministro do Emprendedorismo M\u00e1rcio Fran\u00e7a\"}]},{\"@type\":\"WebSite\",\"@id\":\"https:\\\/\\\/regiaonews.net.br\\\/2022\\\/#website\",\"url\":\"https:\\\/\\\/regiaonews.net.br\\\/2022\\\/\",\"name\":\"Regi\u00e3o News\",\"description\":\"Site de Not\u00edcias de Barretos e regi\u00e3o\",\"publisher\":{\"@id\":\"https:\\\/\\\/regiaonews.net.br\\\/2022\\\/#organization\"},\"potentialAction\":[{\"@type\":\"SearchAction\",\"target\":{\"@type\":\"EntryPoint\",\"urlTemplate\":\"https:\\\/\\\/regiaonews.net.br\\\/2022\\\/?s={search_term_string}\"},\"query-input\":{\"@type\":\"PropertyValueSpecification\",\"valueRequired\":true,\"valueName\":\"search_term_string\"}}],\"inLanguage\":\"pt-BR\"},{\"@type\":\"Organization\",\"@id\":\"https:\\\/\\\/regiaonews.net.br\\\/2022\\\/#organization\",\"name\":\"Regi\u00e3o News\",\"url\":\"https:\\\/\\\/regiaonews.net.br\\\/2022\\\/\",\"logo\":{\"@type\":\"ImageObject\",\"inLanguage\":\"pt-BR\",\"@id\":\"https:\\\/\\\/regiaonews.net.br\\\/2022\\\/#\\\/schema\\\/logo\\\/image\\\/\",\"url\":\"https:\\\/\\\/regiaonews.net.br\\\/2022\\\/wp-content\\\/uploads\\\/2026\\\/03\\\/regiao-13-anos-scaled.jpg\",\"contentUrl\":\"https:\\\/\\\/regiaonews.net.br\\\/2022\\\/wp-content\\\/uploads\\\/2026\\\/03\\\/regiao-13-anos-scaled.jpg\",\"width\":2560,\"height\":635,\"caption\":\"Regi\u00e3o News\"},\"image\":{\"@id\":\"https:\\\/\\\/regiaonews.net.br\\\/2022\\\/#\\\/schema\\\/logo\\\/image\\\/\"}},{\"@type\":\"Person\",\"@id\":\"https:\\\/\\\/regiaonews.net.br\\\/2022\\\/#\\\/schema\\\/person\\\/2d205a608a5aa97ac279d7a5e6d89ad8\",\"name\":\"Roberto\",\"image\":{\"@type\":\"ImageObject\",\"inLanguage\":\"pt-BR\",\"@id\":\"https:\\\/\\\/secure.gravatar.com\\\/avatar\\\/42749d8b712ff9d59ca93dc150494e5b55a44134482993f5baeb97e61b7ecc89?s=96&d=mm&r=g\",\"url\":\"https:\\\/\\\/secure.gravatar.com\\\/avatar\\\/42749d8b712ff9d59ca93dc150494e5b55a44134482993f5baeb97e61b7ecc89?s=96&d=mm&r=g\",\"contentUrl\":\"https:\\\/\\\/secure.gravatar.com\\\/avatar\\\/42749d8b712ff9d59ca93dc150494e5b55a44134482993f5baeb97e61b7ecc89?s=96&d=mm&r=g\",\"caption\":\"Roberto\"},\"url\":\"https:\\\/\\\/regiaonews.net.br\\\/2022\\\/author\\\/roberto\\\/\"}]}<\/script>\n<!-- \/ Yoast SEO plugin. -->","yoast_head_json":{"title":"Vereadora Dan\u00fabia Alves participa de reuni\u00e3o com ministro do Emprendedorismo M\u00e1rcio Fran\u00e7a - Regi\u00e3o News","robots":{"index":"index","follow":"follow","max-snippet":"max-snippet:-1","max-image-preview":"max-image-preview:large","max-video-preview":"max-video-preview:-1"},"canonical":"https:\/\/regiaonews.net.br\/2022\/2024\/11\/30\/vereadora-danubia-alves-participa-de-reuniao-com-ministro-do-emprendedorismo-marcio-franca\/","og_locale":"pt_BR","og_type":"article","og_title":"Vereadora Dan\u00fabia Alves participa de reuni\u00e3o com ministro do Emprendedorismo M\u00e1rcio Fran\u00e7a - Regi\u00e3o News","og_description":"&nbsp; Nesta semana, a vereadora eleita Dan\u00fabia Alves cumpriu uma","og_url":"https:\/\/regiaonews.net.br\/2022\/2024\/11\/30\/vereadora-danubia-alves-participa-de-reuniao-com-ministro-do-emprendedorismo-marcio-franca\/","og_site_name":"Regi\u00e3o News","article_published_time":"2024-11-30T18:26:36+00:00","article_modified_time":"2024-11-30T18:28:45+00:00","og_image":[{"width":2560,"height":1706,"url":"https:\/\/regiaonews.net.br\/2022\/wp-content\/uploads\/2024\/11\/IMG-20241128-WA0428.jpg","type":"image\/jpeg"}],"author":"Roberto","twitter_card":"summary_large_image","twitter_misc":{"Escrito por":"Roberto","Est. tempo de leitura":"3 minutos"},"schema":{"@context":"https:\/\/schema.org","@graph":[{"@type":"Article","@id":"https:\/\/regiaonews.net.br\/2022\/2024\/11\/30\/vereadora-danubia-alves-participa-de-reuniao-com-ministro-do-emprendedorismo-marcio-franca\/#article","isPartOf":{"@id":"https:\/\/regiaonews.net.br\/2022\/2024\/11\/30\/vereadora-danubia-alves-participa-de-reuniao-com-ministro-do-emprendedorismo-marcio-franca\/"},"author":{"name":"Roberto","@id":"https:\/\/regiaonews.net.br\/2022\/#\/schema\/person\/2d205a608a5aa97ac279d7a5e6d89ad8"},"headline":"Vereadora Dan\u00fabia Alves participa de reuni\u00e3o com ministro do Emprendedorismo M\u00e1rcio Fran\u00e7a","datePublished":"2024-11-30T18:26:36+00:00","dateModified":"2024-11-30T18:28:45+00:00","mainEntityOfPage":{"@id":"https:\/\/regiaonews.net.br\/2022\/2024\/11\/30\/vereadora-danubia-alves-participa-de-reuniao-com-ministro-do-emprendedorismo-marcio-franca\/"},"wordCount":404,"commentCount":0,"publisher":{"@id":"https:\/\/regiaonews.net.br\/2022\/#organization"},"image":{"@id":"https:\/\/regiaonews.net.br\/2022\/2024\/11\/30\/vereadora-danubia-alves-participa-de-reuniao-com-ministro-do-emprendedorismo-marcio-franca\/#primaryimage"},"thumbnailUrl":"https:\/\/regiaonews.net.br\/2022\/wp-content\/uploads\/2024\/11\/IMG-20241128-WA0428.jpg","articleSection":["Bras\u00edlia","Cidades"],"inLanguage":"pt-BR","potentialAction":[{"@type":"CommentAction","name":"Comment","target":["https:\/\/regiaonews.net.br\/2022\/2024\/11\/30\/vereadora-danubia-alves-participa-de-reuniao-com-ministro-do-emprendedorismo-marcio-franca\/#respond"]}]},{"@type":"WebPage","@id":"https:\/\/regiaonews.net.br\/2022\/2024\/11\/30\/vereadora-danubia-alves-participa-de-reuniao-com-ministro-do-emprendedorismo-marcio-franca\/","url":"https:\/\/regiaonews.net.br\/2022\/2024\/11\/30\/vereadora-danubia-alves-participa-de-reuniao-com-ministro-do-emprendedorismo-marcio-franca\/","name":"Vereadora Dan\u00fabia Alves participa de reuni\u00e3o com ministro do Emprendedorismo M\u00e1rcio Fran\u00e7a - Regi\u00e3o News","isPartOf":{"@id":"https:\/\/regiaonews.net.br\/2022\/#website"},"primaryImageOfPage":{"@id":"https:\/\/regiaonews.net.br\/2022\/2024\/11\/30\/vereadora-danubia-alves-participa-de-reuniao-com-ministro-do-emprendedorismo-marcio-franca\/#primaryimage"},"image":{"@id":"https:\/\/regiaonews.net.br\/2022\/2024\/11\/30\/vereadora-danubia-alves-participa-de-reuniao-com-ministro-do-emprendedorismo-marcio-franca\/#primaryimage"},"thumbnailUrl":"https:\/\/regiaonews.net.br\/2022\/wp-content\/uploads\/2024\/11\/IMG-20241128-WA0428.jpg","datePublished":"2024-11-30T18:26:36+00:00","dateModified":"2024-11-30T18:28:45+00:00","breadcrumb":{"@id":"https:\/\/regiaonews.net.br\/2022\/2024\/11\/30\/vereadora-danubia-alves-participa-de-reuniao-com-ministro-do-emprendedorismo-marcio-franca\/#breadcrumb"},"inLanguage":"pt-BR","potentialAction":[{"@type":"ReadAction","target":["https:\/\/regiaonews.net.br\/2022\/2024\/11\/30\/vereadora-danubia-alves-participa-de-reuniao-com-ministro-do-emprendedorismo-marcio-franca\/"]}]},{"@type":"ImageObject","inLanguage":"pt-BR","@id":"https:\/\/regiaonews.net.br\/2022\/2024\/11\/30\/vereadora-danubia-alves-participa-de-reuniao-com-ministro-do-emprendedorismo-marcio-franca\/#primaryimage","url":"https:\/\/regiaonews.net.br\/2022\/wp-content\/uploads\/2024\/11\/IMG-20241128-WA0428.jpg","contentUrl":"https:\/\/regiaonews.net.br\/2022\/wp-content\/uploads\/2024\/11\/IMG-20241128-WA0428.jpg","width":2560,"height":1706},{"@type":"BreadcrumbList","@id":"https:\/\/regiaonews.net.br\/2022\/2024\/11\/30\/vereadora-danubia-alves-participa-de-reuniao-com-ministro-do-emprendedorismo-marcio-franca\/#breadcrumb","itemListElement":[{"@type":"ListItem","position":1,"name":"In\u00edcio","item":"https:\/\/regiaonews.net.br\/2022\/"},{"@type":"ListItem","position":2,"name":"Vereadora Dan\u00fabia Alves participa de reuni\u00e3o com ministro do Emprendedorismo M\u00e1rcio Fran\u00e7a"}]},{"@type":"WebSite","@id":"https:\/\/regiaonews.net.br\/2022\/#website","url":"https:\/\/regiaonews.net.br\/2022\/","name":"Regi\u00e3o News","description":"Site de Not\u00edcias de Barretos e regi\u00e3o","publisher":{"@id":"https:\/\/regiaonews.net.br\/2022\/#organization"},"potentialAction":[{"@type":"SearchAction","target":{"@type":"EntryPoint","urlTemplate":"https:\/\/regiaonews.net.br\/2022\/?s={search_term_string}"},"query-input":{"@type":"PropertyValueSpecification","valueRequired":true,"valueName":"search_term_string"}}],"inLanguage":"pt-BR"},{"@type":"Organization","@id":"https:\/\/regiaonews.net.br\/2022\/#organization","name":"Regi\u00e3o News","url":"https:\/\/regiaonews.net.br\/2022\/","logo":{"@type":"ImageObject","inLanguage":"pt-BR","@id":"https:\/\/regiaonews.net.br\/2022\/#\/schema\/logo\/image\/","url":"https:\/\/regiaonews.net.br\/2022\/wp-content\/uploads\/2026\/03\/regiao-13-anos-scaled.jpg","contentUrl":"https:\/\/regiaonews.net.br\/2022\/wp-content\/uploads\/2026\/03\/regiao-13-anos-scaled.jpg","width":2560,"height":635,"caption":"Regi\u00e3o News"},"image":{"@id":"https:\/\/regiaonews.net.br\/2022\/#\/schema\/logo\/image\/"}},{"@type":"Person","@id":"https:\/\/regiaonews.net.br\/2022\/#\/schema\/person\/2d205a608a5aa97ac279d7a5e6d89ad8","name":"Roberto","image":{"@type":"ImageObject","inLanguage":"pt-BR","@id":"https:\/\/secure.gravatar.com\/avatar\/42749d8b712ff9d59ca93dc150494e5b55a44134482993f5baeb97e61b7ecc89?s=96&d=mm&r=g","url":"https:\/\/secure.gravatar.com\/avatar\/42749d8b712ff9d59ca93dc150494e5b55a44134482993f5baeb97e61b7ecc89?s=96&d=mm&r=g","contentUrl":"https:\/\/secure.gravatar.com\/avatar\/42749d8b712ff9d59ca93dc150494e5b55a44134482993f5baeb97e61b7ecc89?s=96&d=mm&r=g","caption":"Roberto"},"url":"https:\/\/regiaonews.net.br\/2022\/author\/roberto\/"}]}},"publishpress_future_action":{"enabled":false,"date":"2026-05-02 04:04:25","action":"change-status","newStatus":"draft","terms":[],"taxonomy":"category","extraData":[]},"publishpress_future_workflow_manual_trigger":{"enabledWorkflows":[]},"_links":{"self":[{"href":"https:\/\/regiaonews.net.br\/2022\/wp-json\/wp\/v2\/posts\/112554","targetHints":{"allow":["GET"]}}],"collection":[{"href":"https:\/\/regiaonews.net.br\/2022\/wp-json\/wp\/v2\/posts"}],"about":[{"href":"https:\/\/regiaonews.net.br\/2022\/wp-json\/wp\/v2\/types\/post"}],"author":[{"embeddable":true,"href":"https:\/\/regiaonews.net.br\/2022\/wp-json\/wp\/v2\/users\/2"}],"replies":[{"embeddable":true,"href":"https:\/\/regiaonews.net.br\/2022\/wp-json\/wp\/v2\/comments?post=112554"}],"version-history":[{"count":1,"href":"https:\/\/regiaonews.net.br\/2022\/wp-json\/wp\/v2\/posts\/112554\/revisions"}],"predecessor-version":[{"id":112556,"href":"https:\/\/regiaonews.net.br\/2022\/wp-json\/wp\/v2\/posts\/112554\/revisions\/112556"}],"wp:featuredmedia":[{"embeddable":true,"href":"https:\/\/regiaonews.net.br\/2022\/wp-json\/wp\/v2\/media\/112555"}],"wp:attachment":[{"href":"https:\/\/regiaonews.net.br\/2022\/wp-json\/wp\/v2\/media?parent=112554"}],"wp:term":[{"taxonomy":"category","embeddable":true,"href":"https:\/\/regiaonews.net.br\/2022\/wp-json\/wp\/v2\/categories?post=112554"},{"taxonomy":"post_tag","embeddable":true,"href":"https:\/\/regiaonews.net.br\/2022\/wp-json\/wp\/v2\/tags?post=112554"}],"curies":[{"name":"wp","href":"https:\/\/api.w.org\/{rel}","templated":true}]}}