{"id":112540,"date":"2024-11-30T13:28:15","date_gmt":"2024-11-30T16:28:15","guid":{"rendered":"https:\/\/regiaonews.net.br\/2022\/?p=112540"},"modified":"2024-11-30T13:28:15","modified_gmt":"2024-11-30T16:28:15","slug":"pec-da-saude-e-aprovada-na-assembleia-legislativa-de-sao-paulo","status":"publish","type":"post","link":"https:\/\/regiaonews.net.br\/2022\/2024\/11\/30\/pec-da-saude-e-aprovada-na-assembleia-legislativa-de-sao-paulo\/","title":{"rendered":"PEC da Sa\u00fade \u00e9 aprovada na Assembleia Legislativa de S\u00e3o Paulo"},"content":{"rendered":"<div class=\"elementor-element elementor-element-5a922b4 conteudo-post elementor-widget elementor-widget-theme-post-content\" data-id=\"5a922b4\" data-element_type=\"widget\" data-widget_type=\"theme-post-content.default\">\n<div class=\"elementor-widget-container\">\n<p>A\u00a0<a role=\"link\" href=\"https:\/\/www.agenciasp.sp.gov.br\/pec-da-saude-entenda-cinco-pontos-da-proposta-de-desvincular-receita-da-educacao\/\">Proposta de Emenda Constitucional (PEC) do Governo de S\u00e3o Paulo que flexibiliza o repasse de at\u00e9 5% da receita estadual da Educa\u00e7\u00e3o para a Sa\u00fade\u00a0<\/a>foi aprovada nesta quinta-feira (27) pela Assembleia Legislativa de S\u00e3o Paulo (Alesp). A PEC recebeu apoio de 59 deputados.<\/p>\n<p>A Constitui\u00e7\u00e3o Federal prev\u00ea a vincula\u00e7\u00e3o de 25% da receita para a Educa\u00e7\u00e3o. A lei estadual excedia a determina\u00e7\u00e3o ao estipular m\u00ednimo de 30% para a \u00e1rea. A PEC aprovada pela Alesp permite que esses 5% excedentes sejam compartilhados, no todo ou em parte, com a Sa\u00fade. Ficar\u00e1 a cargo do Executivo decidir a cada ano qual das duas secretarias dever\u00e1 receber o valor, de acordo com a necessidade de cada uma.<\/p>\n<p>\u201cO que estamos criando \u00e9 uma esp\u00e9cie de seguro para anos de alta receita, onde n\u00e3o ser\u00e1 necess\u00e1rio mobilizar a parcela prevista no or\u00e7amento para a fun\u00e7\u00e3o Educa\u00e7\u00e3o. Agora, eu ganho mais flexibilidade para enviar recursos para a Sa\u00fade, que tem precisado cada vez mais de financiamento devido ao envelhecimento da popula\u00e7\u00e3o. Precisamos adaptar nossos or\u00e7amentos. Isso \u00e9 moderno\u201d, afirma o governador Tarc\u00edsio de Freitas.<\/p>\n<p>N\u00e3o haver\u00e1 redu\u00e7\u00e3o de custeio ou investimentos para as escolas estaduais administradas pela Secretaria de Educa\u00e7\u00e3o (Seduc), nem das unidades de Etecs e Fatecs ou das universidades estaduais (USP, Unicamp e Unesp). Ao contr\u00e1rio, o Governo de S\u00e3o Paulo aumentou em R$ 3 bilh\u00f5es os investimentos para a pasta entre 2023 e 2024, um acr\u00e9scimo de 8% em recursos.<\/p>\n<p>O secret\u00e1rio da Educa\u00e7\u00e3o, Renato Feder, explica que a medida n\u00e3o resultar\u00e1 em cortes no or\u00e7amento da Educa\u00e7\u00e3o. De acordo com Feder, os 25% estipulados pela Constitui\u00e7\u00e3o Federal continuam garantidos e \u00e1reas como infraestrutura, equipamentos, sal\u00e1rios de professores e alimenta\u00e7\u00e3o escolar n\u00e3o ser\u00e3o afetadas.<\/p>\n<p>\u201cA previs\u00e3o \u00e9 que em 2025 o or\u00e7amento da pasta seja ainda maior do que desse ano, com a constru\u00e7\u00e3o de novas escolas, amplia\u00e7\u00e3o do ensino integral e pagamento de bolsas de est\u00e1gio e alunos monitores. A PEC n\u00e3o vai afetar o investimento pesado que estamos fazendo para transformar a Educa\u00e7\u00e3o de S\u00e3o Paulo\u201d, destacou o secret\u00e1rio da Educa\u00e7\u00e3o.<\/p>\n<h2 class=\"wp-block-heading\"><strong>Diminui\u00e7\u00e3o das matr\u00edculas<\/strong><\/h2>\n<p>A\u00a0<a role=\"link\" href=\"https:\/\/www.al.sp.gov.br\/spl\/2023\/10\/Propositura\/1000505239_1000641963_Propositura.pdf\">PEC da Sa\u00fade se justifica pela necessidade de o Estado se adaptar \u00e0s mudan\u00e7as demogr\u00e1ficas<\/a>. Nos \u00faltimos anos, houve diminui\u00e7\u00e3o gradativa do n\u00famero de matr\u00edculas de crian\u00e7as na rede. Em janeiro de 2015, cerca de 3,8 milh\u00f5es de alunos se matricularam na rede estadual. Em janeiro de 2024, foram 3,3 milh\u00f5es, uma diminui\u00e7\u00e3o de quase 15% nos matriculados.<\/p>\n<p>\u201cHoje, as fam\u00edlias s\u00e3o menores e isso reflete no n\u00famero de matr\u00edculas. Um exemplo \u00e9 uma escola da nossa rede que j\u00e1 teve 1,8 mil alunos matriculados. Hoje, ela tem apenas 140 alunos\u201d, relata Neiva.<\/p>\n<p>Nos \u00faltimos 35 anos, o Estado de S\u00e3o Paulo passou pela diminui\u00e7\u00e3o da taxa de fertilidade e natalidade. Segundo a Funda\u00e7\u00e3o Seade, a expectativa de vida apresentou um aumento de 3,1 anos entre as crian\u00e7as nascidas de 2021 e 2022.<\/p>\n<\/div>\n<\/div>\n<div class=\"elementor-element elementor-element-44f38c2 compartilhe e-con-full e-flex e-con e-child\" data-id=\"44f38c2\" data-element_type=\"container\" data-settings=\"{&quot;_ha_eqh_enable&quot;:false}\">\n<div class=\"elementor-element elementor-element-48ef040 elementor-widget elementor-widget-image\" data-id=\"48ef040\" data-element_type=\"widget\" data-widget_type=\"image.default\"><\/div>\n<\/div>\n","protected":false},"excerpt":{"rendered":"<p>A\u00a0Proposta de Emenda Constitucional (PEC) do Governo de S\u00e3o Paulo<\/p>\n","protected":false},"author":2,"featured_media":112541,"comment_status":"open","ping_status":"open","sticky":false,"template":"","format":"standard","meta":{"footnotes":""},"categories":[25,7],"tags":[],"class_list":["post-112540","post","type-post","status-publish","format-standard","has-post-thumbnail","hentry","category-cidades","category-estado-de-sao-paulo"],"yoast_head":"<!-- This site is optimized with the Yoast SEO plugin v27.4 - https:\/\/yoast.com\/product\/yoast-seo-wordpress\/ -->\n<title>PEC da Sa\u00fade \u00e9 aprovada na Assembleia Legislativa de S\u00e3o Paulo - Regi\u00e3o News<\/title>\n<meta name=\"robots\" content=\"index, follow, max-snippet:-1, max-image-preview:large, max-video-preview:-1\" \/>\n<link rel=\"canonical\" href=\"https:\/\/regiaonews.net.br\/2022\/2024\/11\/30\/pec-da-saude-e-aprovada-na-assembleia-legislativa-de-sao-paulo\/\" \/>\n<meta property=\"og:locale\" content=\"pt_BR\" \/>\n<meta property=\"og:type\" content=\"article\" \/>\n<meta property=\"og:title\" content=\"PEC da Sa\u00fade \u00e9 aprovada na Assembleia Legislativa de S\u00e3o Paulo - Regi\u00e3o News\" \/>\n<meta property=\"og:description\" content=\"A\u00a0Proposta de Emenda Constitucional (PEC) do Governo de S\u00e3o Paulo\" \/>\n<meta property=\"og:url\" content=\"https:\/\/regiaonews.net.br\/2022\/2024\/11\/30\/pec-da-saude-e-aprovada-na-assembleia-legislativa-de-sao-paulo\/\" \/>\n<meta property=\"og:site_name\" content=\"Regi\u00e3o News\" \/>\n<meta property=\"article:published_time\" content=\"2024-11-30T16:28:15+00:00\" \/>\n<meta property=\"og:image\" content=\"https:\/\/regiaonews.net.br\/2022\/wp-content\/uploads\/2024\/11\/Saude-e1730905573972-1024x651-1.jpg\" \/>\n\t<meta property=\"og:image:width\" content=\"1024\" \/>\n\t<meta property=\"og:image:height\" content=\"651\" \/>\n\t<meta property=\"og:image:type\" content=\"image\/jpeg\" \/>\n<meta name=\"author\" content=\"Roberto\" \/>\n<meta name=\"twitter:card\" content=\"summary_large_image\" \/>\n<meta name=\"twitter:label1\" content=\"Escrito por\" \/>\n\t<meta name=\"twitter:data1\" content=\"Roberto\" \/>\n\t<meta name=\"twitter:label2\" content=\"Est. tempo de leitura\" \/>\n\t<meta name=\"twitter:data2\" content=\"3 minutos\" \/>\n<script type=\"application\/ld+json\" class=\"yoast-schema-graph\">{\"@context\":\"https:\\\/\\\/schema.org\",\"@graph\":[{\"@type\":\"Article\",\"@id\":\"https:\\\/\\\/regiaonews.net.br\\\/2022\\\/2024\\\/11\\\/30\\\/pec-da-saude-e-aprovada-na-assembleia-legislativa-de-sao-paulo\\\/#article\",\"isPartOf\":{\"@id\":\"https:\\\/\\\/regiaonews.net.br\\\/2022\\\/2024\\\/11\\\/30\\\/pec-da-saude-e-aprovada-na-assembleia-legislativa-de-sao-paulo\\\/\"},\"author\":{\"name\":\"Roberto\",\"@id\":\"https:\\\/\\\/regiaonews.net.br\\\/2022\\\/#\\\/schema\\\/person\\\/2d205a608a5aa97ac279d7a5e6d89ad8\"},\"headline\":\"PEC da Sa\u00fade \u00e9 aprovada na Assembleia Legislativa de S\u00e3o Paulo\",\"datePublished\":\"2024-11-30T16:28:15+00:00\",\"mainEntityOfPage\":{\"@id\":\"https:\\\/\\\/regiaonews.net.br\\\/2022\\\/2024\\\/11\\\/30\\\/pec-da-saude-e-aprovada-na-assembleia-legislativa-de-sao-paulo\\\/\"},\"wordCount\":533,\"commentCount\":0,\"publisher\":{\"@id\":\"https:\\\/\\\/regiaonews.net.br\\\/2022\\\/#organization\"},\"image\":{\"@id\":\"https:\\\/\\\/regiaonews.net.br\\\/2022\\\/2024\\\/11\\\/30\\\/pec-da-saude-e-aprovada-na-assembleia-legislativa-de-sao-paulo\\\/#primaryimage\"},\"thumbnailUrl\":\"https:\\\/\\\/regiaonews.net.br\\\/2022\\\/wp-content\\\/uploads\\\/2024\\\/11\\\/Saude-e1730905573972-1024x651-1.jpg\",\"articleSection\":[\"Cidades\",\"Estado de S\u00e3o Paulo\"],\"inLanguage\":\"pt-BR\",\"potentialAction\":[{\"@type\":\"CommentAction\",\"name\":\"Comment\",\"target\":[\"https:\\\/\\\/regiaonews.net.br\\\/2022\\\/2024\\\/11\\\/30\\\/pec-da-saude-e-aprovada-na-assembleia-legislativa-de-sao-paulo\\\/#respond\"]}]},{\"@type\":\"WebPage\",\"@id\":\"https:\\\/\\\/regiaonews.net.br\\\/2022\\\/2024\\\/11\\\/30\\\/pec-da-saude-e-aprovada-na-assembleia-legislativa-de-sao-paulo\\\/\",\"url\":\"https:\\\/\\\/regiaonews.net.br\\\/2022\\\/2024\\\/11\\\/30\\\/pec-da-saude-e-aprovada-na-assembleia-legislativa-de-sao-paulo\\\/\",\"name\":\"PEC da Sa\u00fade \u00e9 aprovada na Assembleia Legislativa de S\u00e3o Paulo - Regi\u00e3o News\",\"isPartOf\":{\"@id\":\"https:\\\/\\\/regiaonews.net.br\\\/2022\\\/#website\"},\"primaryImageOfPage\":{\"@id\":\"https:\\\/\\\/regiaonews.net.br\\\/2022\\\/2024\\\/11\\\/30\\\/pec-da-saude-e-aprovada-na-assembleia-legislativa-de-sao-paulo\\\/#primaryimage\"},\"image\":{\"@id\":\"https:\\\/\\\/regiaonews.net.br\\\/2022\\\/2024\\\/11\\\/30\\\/pec-da-saude-e-aprovada-na-assembleia-legislativa-de-sao-paulo\\\/#primaryimage\"},\"thumbnailUrl\":\"https:\\\/\\\/regiaonews.net.br\\\/2022\\\/wp-content\\\/uploads\\\/2024\\\/11\\\/Saude-e1730905573972-1024x651-1.jpg\",\"datePublished\":\"2024-11-30T16:28:15+00:00\",\"breadcrumb\":{\"@id\":\"https:\\\/\\\/regiaonews.net.br\\\/2022\\\/2024\\\/11\\\/30\\\/pec-da-saude-e-aprovada-na-assembleia-legislativa-de-sao-paulo\\\/#breadcrumb\"},\"inLanguage\":\"pt-BR\",\"potentialAction\":[{\"@type\":\"ReadAction\",\"target\":[\"https:\\\/\\\/regiaonews.net.br\\\/2022\\\/2024\\\/11\\\/30\\\/pec-da-saude-e-aprovada-na-assembleia-legislativa-de-sao-paulo\\\/\"]}]},{\"@type\":\"ImageObject\",\"inLanguage\":\"pt-BR\",\"@id\":\"https:\\\/\\\/regiaonews.net.br\\\/2022\\\/2024\\\/11\\\/30\\\/pec-da-saude-e-aprovada-na-assembleia-legislativa-de-sao-paulo\\\/#primaryimage\",\"url\":\"https:\\\/\\\/regiaonews.net.br\\\/2022\\\/wp-content\\\/uploads\\\/2024\\\/11\\\/Saude-e1730905573972-1024x651-1.jpg\",\"contentUrl\":\"https:\\\/\\\/regiaonews.net.br\\\/2022\\\/wp-content\\\/uploads\\\/2024\\\/11\\\/Saude-e1730905573972-1024x651-1.jpg\",\"width\":1024,\"height\":651},{\"@type\":\"BreadcrumbList\",\"@id\":\"https:\\\/\\\/regiaonews.net.br\\\/2022\\\/2024\\\/11\\\/30\\\/pec-da-saude-e-aprovada-na-assembleia-legislativa-de-sao-paulo\\\/#breadcrumb\",\"itemListElement\":[{\"@type\":\"ListItem\",\"position\":1,\"name\":\"In\u00edcio\",\"item\":\"https:\\\/\\\/regiaonews.net.br\\\/2022\\\/\"},{\"@type\":\"ListItem\",\"position\":2,\"name\":\"PEC da Sa\u00fade \u00e9 aprovada na Assembleia Legislativa de S\u00e3o Paulo\"}]},{\"@type\":\"WebSite\",\"@id\":\"https:\\\/\\\/regiaonews.net.br\\\/2022\\\/#website\",\"url\":\"https:\\\/\\\/regiaonews.net.br\\\/2022\\\/\",\"name\":\"Regi\u00e3o News\",\"description\":\"Site de Not\u00edcias de Barretos e regi\u00e3o\",\"publisher\":{\"@id\":\"https:\\\/\\\/regiaonews.net.br\\\/2022\\\/#organization\"},\"potentialAction\":[{\"@type\":\"SearchAction\",\"target\":{\"@type\":\"EntryPoint\",\"urlTemplate\":\"https:\\\/\\\/regiaonews.net.br\\\/2022\\\/?s={search_term_string}\"},\"query-input\":{\"@type\":\"PropertyValueSpecification\",\"valueRequired\":true,\"valueName\":\"search_term_string\"}}],\"inLanguage\":\"pt-BR\"},{\"@type\":\"Organization\",\"@id\":\"https:\\\/\\\/regiaonews.net.br\\\/2022\\\/#organization\",\"name\":\"Regi\u00e3o News\",\"url\":\"https:\\\/\\\/regiaonews.net.br\\\/2022\\\/\",\"logo\":{\"@type\":\"ImageObject\",\"inLanguage\":\"pt-BR\",\"@id\":\"https:\\\/\\\/regiaonews.net.br\\\/2022\\\/#\\\/schema\\\/logo\\\/image\\\/\",\"url\":\"https:\\\/\\\/regiaonews.net.br\\\/2022\\\/wp-content\\\/uploads\\\/2026\\\/03\\\/regiao-13-anos-scaled.jpg\",\"contentUrl\":\"https:\\\/\\\/regiaonews.net.br\\\/2022\\\/wp-content\\\/uploads\\\/2026\\\/03\\\/regiao-13-anos-scaled.jpg\",\"width\":2560,\"height\":635,\"caption\":\"Regi\u00e3o News\"},\"image\":{\"@id\":\"https:\\\/\\\/regiaonews.net.br\\\/2022\\\/#\\\/schema\\\/logo\\\/image\\\/\"}},{\"@type\":\"Person\",\"@id\":\"https:\\\/\\\/regiaonews.net.br\\\/2022\\\/#\\\/schema\\\/person\\\/2d205a608a5aa97ac279d7a5e6d89ad8\",\"name\":\"Roberto\",\"image\":{\"@type\":\"ImageObject\",\"inLanguage\":\"pt-BR\",\"@id\":\"https:\\\/\\\/secure.gravatar.com\\\/avatar\\\/42749d8b712ff9d59ca93dc150494e5b55a44134482993f5baeb97e61b7ecc89?s=96&d=mm&r=g\",\"url\":\"https:\\\/\\\/secure.gravatar.com\\\/avatar\\\/42749d8b712ff9d59ca93dc150494e5b55a44134482993f5baeb97e61b7ecc89?s=96&d=mm&r=g\",\"contentUrl\":\"https:\\\/\\\/secure.gravatar.com\\\/avatar\\\/42749d8b712ff9d59ca93dc150494e5b55a44134482993f5baeb97e61b7ecc89?s=96&d=mm&r=g\",\"caption\":\"Roberto\"},\"url\":\"https:\\\/\\\/regiaonews.net.br\\\/2022\\\/author\\\/roberto\\\/\"}]}<\/script>\n<!-- \/ Yoast SEO plugin. -->","yoast_head_json":{"title":"PEC da Sa\u00fade \u00e9 aprovada na Assembleia Legislativa de S\u00e3o Paulo - Regi\u00e3o News","robots":{"index":"index","follow":"follow","max-snippet":"max-snippet:-1","max-image-preview":"max-image-preview:large","max-video-preview":"max-video-preview:-1"},"canonical":"https:\/\/regiaonews.net.br\/2022\/2024\/11\/30\/pec-da-saude-e-aprovada-na-assembleia-legislativa-de-sao-paulo\/","og_locale":"pt_BR","og_type":"article","og_title":"PEC da Sa\u00fade \u00e9 aprovada na Assembleia Legislativa de S\u00e3o Paulo - Regi\u00e3o News","og_description":"A\u00a0Proposta de Emenda Constitucional (PEC) do Governo de S\u00e3o Paulo","og_url":"https:\/\/regiaonews.net.br\/2022\/2024\/11\/30\/pec-da-saude-e-aprovada-na-assembleia-legislativa-de-sao-paulo\/","og_site_name":"Regi\u00e3o News","article_published_time":"2024-11-30T16:28:15+00:00","og_image":[{"width":1024,"height":651,"url":"https:\/\/regiaonews.net.br\/2022\/wp-content\/uploads\/2024\/11\/Saude-e1730905573972-1024x651-1.jpg","type":"image\/jpeg"}],"author":"Roberto","twitter_card":"summary_large_image","twitter_misc":{"Escrito por":"Roberto","Est. tempo de leitura":"3 minutos"},"schema":{"@context":"https:\/\/schema.org","@graph":[{"@type":"Article","@id":"https:\/\/regiaonews.net.br\/2022\/2024\/11\/30\/pec-da-saude-e-aprovada-na-assembleia-legislativa-de-sao-paulo\/#article","isPartOf":{"@id":"https:\/\/regiaonews.net.br\/2022\/2024\/11\/30\/pec-da-saude-e-aprovada-na-assembleia-legislativa-de-sao-paulo\/"},"author":{"name":"Roberto","@id":"https:\/\/regiaonews.net.br\/2022\/#\/schema\/person\/2d205a608a5aa97ac279d7a5e6d89ad8"},"headline":"PEC da Sa\u00fade \u00e9 aprovada na Assembleia Legislativa de S\u00e3o Paulo","datePublished":"2024-11-30T16:28:15+00:00","mainEntityOfPage":{"@id":"https:\/\/regiaonews.net.br\/2022\/2024\/11\/30\/pec-da-saude-e-aprovada-na-assembleia-legislativa-de-sao-paulo\/"},"wordCount":533,"commentCount":0,"publisher":{"@id":"https:\/\/regiaonews.net.br\/2022\/#organization"},"image":{"@id":"https:\/\/regiaonews.net.br\/2022\/2024\/11\/30\/pec-da-saude-e-aprovada-na-assembleia-legislativa-de-sao-paulo\/#primaryimage"},"thumbnailUrl":"https:\/\/regiaonews.net.br\/2022\/wp-content\/uploads\/2024\/11\/Saude-e1730905573972-1024x651-1.jpg","articleSection":["Cidades","Estado de S\u00e3o Paulo"],"inLanguage":"pt-BR","potentialAction":[{"@type":"CommentAction","name":"Comment","target":["https:\/\/regiaonews.net.br\/2022\/2024\/11\/30\/pec-da-saude-e-aprovada-na-assembleia-legislativa-de-sao-paulo\/#respond"]}]},{"@type":"WebPage","@id":"https:\/\/regiaonews.net.br\/2022\/2024\/11\/30\/pec-da-saude-e-aprovada-na-assembleia-legislativa-de-sao-paulo\/","url":"https:\/\/regiaonews.net.br\/2022\/2024\/11\/30\/pec-da-saude-e-aprovada-na-assembleia-legislativa-de-sao-paulo\/","name":"PEC da Sa\u00fade \u00e9 aprovada na Assembleia Legislativa de S\u00e3o Paulo - Regi\u00e3o News","isPartOf":{"@id":"https:\/\/regiaonews.net.br\/2022\/#website"},"primaryImageOfPage":{"@id":"https:\/\/regiaonews.net.br\/2022\/2024\/11\/30\/pec-da-saude-e-aprovada-na-assembleia-legislativa-de-sao-paulo\/#primaryimage"},"image":{"@id":"https:\/\/regiaonews.net.br\/2022\/2024\/11\/30\/pec-da-saude-e-aprovada-na-assembleia-legislativa-de-sao-paulo\/#primaryimage"},"thumbnailUrl":"https:\/\/regiaonews.net.br\/2022\/wp-content\/uploads\/2024\/11\/Saude-e1730905573972-1024x651-1.jpg","datePublished":"2024-11-30T16:28:15+00:00","breadcrumb":{"@id":"https:\/\/regiaonews.net.br\/2022\/2024\/11\/30\/pec-da-saude-e-aprovada-na-assembleia-legislativa-de-sao-paulo\/#breadcrumb"},"inLanguage":"pt-BR","potentialAction":[{"@type":"ReadAction","target":["https:\/\/regiaonews.net.br\/2022\/2024\/11\/30\/pec-da-saude-e-aprovada-na-assembleia-legislativa-de-sao-paulo\/"]}]},{"@type":"ImageObject","inLanguage":"pt-BR","@id":"https:\/\/regiaonews.net.br\/2022\/2024\/11\/30\/pec-da-saude-e-aprovada-na-assembleia-legislativa-de-sao-paulo\/#primaryimage","url":"https:\/\/regiaonews.net.br\/2022\/wp-content\/uploads\/2024\/11\/Saude-e1730905573972-1024x651-1.jpg","contentUrl":"https:\/\/regiaonews.net.br\/2022\/wp-content\/uploads\/2024\/11\/Saude-e1730905573972-1024x651-1.jpg","width":1024,"height":651},{"@type":"BreadcrumbList","@id":"https:\/\/regiaonews.net.br\/2022\/2024\/11\/30\/pec-da-saude-e-aprovada-na-assembleia-legislativa-de-sao-paulo\/#breadcrumb","itemListElement":[{"@type":"ListItem","position":1,"name":"In\u00edcio","item":"https:\/\/regiaonews.net.br\/2022\/"},{"@type":"ListItem","position":2,"name":"PEC da Sa\u00fade \u00e9 aprovada na Assembleia Legislativa de S\u00e3o Paulo"}]},{"@type":"WebSite","@id":"https:\/\/regiaonews.net.br\/2022\/#website","url":"https:\/\/regiaonews.net.br\/2022\/","name":"Regi\u00e3o News","description":"Site de Not\u00edcias de Barretos e regi\u00e3o","publisher":{"@id":"https:\/\/regiaonews.net.br\/2022\/#organization"},"potentialAction":[{"@type":"SearchAction","target":{"@type":"EntryPoint","urlTemplate":"https:\/\/regiaonews.net.br\/2022\/?s={search_term_string}"},"query-input":{"@type":"PropertyValueSpecification","valueRequired":true,"valueName":"search_term_string"}}],"inLanguage":"pt-BR"},{"@type":"Organization","@id":"https:\/\/regiaonews.net.br\/2022\/#organization","name":"Regi\u00e3o News","url":"https:\/\/regiaonews.net.br\/2022\/","logo":{"@type":"ImageObject","inLanguage":"pt-BR","@id":"https:\/\/regiaonews.net.br\/2022\/#\/schema\/logo\/image\/","url":"https:\/\/regiaonews.net.br\/2022\/wp-content\/uploads\/2026\/03\/regiao-13-anos-scaled.jpg","contentUrl":"https:\/\/regiaonews.net.br\/2022\/wp-content\/uploads\/2026\/03\/regiao-13-anos-scaled.jpg","width":2560,"height":635,"caption":"Regi\u00e3o News"},"image":{"@id":"https:\/\/regiaonews.net.br\/2022\/#\/schema\/logo\/image\/"}},{"@type":"Person","@id":"https:\/\/regiaonews.net.br\/2022\/#\/schema\/person\/2d205a608a5aa97ac279d7a5e6d89ad8","name":"Roberto","image":{"@type":"ImageObject","inLanguage":"pt-BR","@id":"https:\/\/secure.gravatar.com\/avatar\/42749d8b712ff9d59ca93dc150494e5b55a44134482993f5baeb97e61b7ecc89?s=96&d=mm&r=g","url":"https:\/\/secure.gravatar.com\/avatar\/42749d8b712ff9d59ca93dc150494e5b55a44134482993f5baeb97e61b7ecc89?s=96&d=mm&r=g","contentUrl":"https:\/\/secure.gravatar.com\/avatar\/42749d8b712ff9d59ca93dc150494e5b55a44134482993f5baeb97e61b7ecc89?s=96&d=mm&r=g","caption":"Roberto"},"url":"https:\/\/regiaonews.net.br\/2022\/author\/roberto\/"}]}},"publishpress_future_action":{"enabled":false,"date":"2026-05-02 05:35:00","action":"change-status","newStatus":"draft","terms":[],"taxonomy":"category","extraData":[]},"publishpress_future_workflow_manual_trigger":{"enabledWorkflows":[]},"_links":{"self":[{"href":"https:\/\/regiaonews.net.br\/2022\/wp-json\/wp\/v2\/posts\/112540","targetHints":{"allow":["GET"]}}],"collection":[{"href":"https:\/\/regiaonews.net.br\/2022\/wp-json\/wp\/v2\/posts"}],"about":[{"href":"https:\/\/regiaonews.net.br\/2022\/wp-json\/wp\/v2\/types\/post"}],"author":[{"embeddable":true,"href":"https:\/\/regiaonews.net.br\/2022\/wp-json\/wp\/v2\/users\/2"}],"replies":[{"embeddable":true,"href":"https:\/\/regiaonews.net.br\/2022\/wp-json\/wp\/v2\/comments?post=112540"}],"version-history":[{"count":1,"href":"https:\/\/regiaonews.net.br\/2022\/wp-json\/wp\/v2\/posts\/112540\/revisions"}],"predecessor-version":[{"id":112542,"href":"https:\/\/regiaonews.net.br\/2022\/wp-json\/wp\/v2\/posts\/112540\/revisions\/112542"}],"wp:featuredmedia":[{"embeddable":true,"href":"https:\/\/regiaonews.net.br\/2022\/wp-json\/wp\/v2\/media\/112541"}],"wp:attachment":[{"href":"https:\/\/regiaonews.net.br\/2022\/wp-json\/wp\/v2\/media?parent=112540"}],"wp:term":[{"taxonomy":"category","embeddable":true,"href":"https:\/\/regiaonews.net.br\/2022\/wp-json\/wp\/v2\/categories?post=112540"},{"taxonomy":"post_tag","embeddable":true,"href":"https:\/\/regiaonews.net.br\/2022\/wp-json\/wp\/v2\/tags?post=112540"}],"curies":[{"name":"wp","href":"https:\/\/api.w.org\/{rel}","templated":true}]}}