{"id":112442,"date":"2024-11-27T13:27:11","date_gmt":"2024-11-27T16:27:11","guid":{"rendered":"https:\/\/regiaonews.net.br\/2022\/?p=112442"},"modified":"2024-11-27T13:27:11","modified_gmt":"2024-11-27T16:27:11","slug":"novembro-azul-ubs-san-diego-realiza-palestra-nesta-quarta-feira-27","status":"publish","type":"post","link":"https:\/\/regiaonews.net.br\/2022\/2024\/11\/27\/novembro-azul-ubs-san-diego-realiza-palestra-nesta-quarta-feira-27\/","title":{"rendered":"Novembro Azul: UBS San Diego realiza palestra nesta quarta-feira, 27"},"content":{"rendered":"<h3 style=\"text-align: center;\">Deste o in\u00edcio do m\u00eas, \u00e9 refor\u00e7ada nas unidades a conscientiza\u00e7\u00e3o sobre a import\u00e2ncia de os homens manterem em dia os cuidados com a sa\u00fade<\/h3>\n<p>A Unidade B\u00e1sica de Sa\u00fade (UBS) do bairro San Diego realiza \u00e0s 17h desta quarta-feira, 27, palestra de conscientiza\u00e7\u00e3o sobre a import\u00e2ncia dos cuidados com a sa\u00fade masculina. A a\u00e7\u00e3o integra a \u201cCampanha Novembro Azul\u201d e toda a popula\u00e7\u00e3o est\u00e1 convidada a participar, em especial os homens. Na palestra, a popula\u00e7\u00e3o receber\u00e1 orienta\u00e7\u00f5es do dermatologista e m\u00e9dico da fam\u00edlia Dr. Gustavo da Silva Pasquini e da m\u00e9dica da fam\u00edlia Dra. Gabriela Fernanda Dini de Freitas. Na unidade, ao longo de todo o dia, tamb\u00e9m ser\u00e1 poss\u00edvel responder a um question\u00e1rio para avalia\u00e7\u00e3o de sa\u00fade.<\/p>\n<p>Na unidade Dr. Luiz Spina, na quinta-feira, 28, o enfermeiro Wagner de Souza refor\u00e7ar\u00e1 a conscientiza\u00e7\u00e3o para quem estiver na sala de espera. Ao longo de todo este m\u00eas, profissionais das unidades de sa\u00fade est\u00e3o engajados em lembrar que a popula\u00e7\u00e3o masculina tamb\u00e9m deve manter regulares os cuidados com a sa\u00fade, procurando a UBS para consulta e fazendo os exames prescritos pelos m\u00e9dicos, prevenindo o c\u00e2ncer de pr\u00f3stata e outras doen\u00e7as.<\/p>\n<p>Na cidade, a \u201cCampanha Novembro Azul\u201d tamb\u00e9m envolve ilumina\u00e7\u00e3o especial em pr\u00e9dios p\u00fablicos, como o Pa\u00e7o Municipal. Embora haja o refor\u00e7o da mensagem neste m\u00eas, as consultas podem ser marcadas o ano todo, sendo importante que o paciente fa\u00e7a isso de forma peri\u00f3dica.<\/p>\n<p><strong>Conscientiza\u00e7\u00e3o e caminhada<\/strong><br \/>\nNa UBS Ibirapuera, a principal a\u00e7\u00e3o de conscientiza\u00e7\u00e3o foi na quarta-feira, dia 6. Teve um caf\u00e9 da manh\u00e3 especial e alunos do curso de medicina da Facisb fizeram uma roda de conversa com o grupo da pr\u00e1tica de atividade f\u00edsica. Em seguida, o grupo realizou uma caminhada nas proximidades.<\/p>\n<p>Na unidade, de segunda a quinta-feira s\u00e3o oferecidas atividades f\u00edsicas, abertas a toda a popula\u00e7\u00e3o. Atualmente participam do grupo pessoas de 40 a 83 anos. A pr\u00e1tica regular de atividade f\u00edsica e a alimenta\u00e7\u00e3o saud\u00e1vel s\u00e3o fatores importantes para a preven\u00e7\u00e3o da sa\u00fade, al\u00e9m de realiza\u00e7\u00e3o de consultas peri\u00f3dicas e dos exames que os m\u00e9dicos indicarem.<\/p>\n","protected":false},"excerpt":{"rendered":"<p>Deste o in\u00edcio do m\u00eas, \u00e9 refor\u00e7ada nas unidades a<\/p>\n","protected":false},"author":2,"featured_media":112443,"comment_status":"open","ping_status":"open","sticky":false,"template":"","format":"standard","meta":{"footnotes":""},"categories":[14,3],"tags":[],"class_list":["post-112442","post","type-post","status-publish","format-standard","has-post-thumbnail","hentry","category-barretos","category-geral"],"yoast_head":"<!-- This site is optimized with the Yoast SEO plugin v27.4 - https:\/\/yoast.com\/product\/yoast-seo-wordpress\/ -->\n<title>Novembro Azul: UBS San Diego realiza palestra nesta quarta-feira, 27 - Regi\u00e3o News<\/title>\n<meta name=\"robots\" content=\"index, follow, max-snippet:-1, max-image-preview:large, max-video-preview:-1\" \/>\n<link rel=\"canonical\" href=\"https:\/\/regiaonews.net.br\/2022\/2024\/11\/27\/novembro-azul-ubs-san-diego-realiza-palestra-nesta-quarta-feira-27\/\" \/>\n<meta property=\"og:locale\" content=\"pt_BR\" \/>\n<meta property=\"og:type\" content=\"article\" \/>\n<meta property=\"og:title\" content=\"Novembro Azul: UBS San Diego realiza palestra nesta quarta-feira, 27 - Regi\u00e3o News\" \/>\n<meta property=\"og:description\" content=\"Deste o in\u00edcio do m\u00eas, \u00e9 refor\u00e7ada nas unidades a\" \/>\n<meta property=\"og:url\" content=\"https:\/\/regiaonews.net.br\/2022\/2024\/11\/27\/novembro-azul-ubs-san-diego-realiza-palestra-nesta-quarta-feira-27\/\" \/>\n<meta property=\"og:site_name\" content=\"Regi\u00e3o News\" \/>\n<meta property=\"article:published_time\" content=\"2024-11-27T16:27:11+00:00\" \/>\n<meta property=\"og:image\" content=\"https:\/\/regiaonews.net.br\/2022\/wp-content\/uploads\/2024\/11\/Imagem-do-WhatsApp-de-2024-11-27-as-13.16.54_ae9fba1a.jpg\" \/>\n\t<meta property=\"og:image:width\" content=\"1600\" \/>\n\t<meta property=\"og:image:height\" content=\"1201\" \/>\n\t<meta property=\"og:image:type\" content=\"image\/jpeg\" \/>\n<meta name=\"author\" content=\"Roberto\" \/>\n<meta name=\"twitter:card\" content=\"summary_large_image\" \/>\n<meta name=\"twitter:label1\" content=\"Escrito por\" \/>\n\t<meta name=\"twitter:data1\" content=\"Roberto\" \/>\n\t<meta name=\"twitter:label2\" content=\"Est. tempo de leitura\" \/>\n\t<meta name=\"twitter:data2\" content=\"2 minutos\" \/>\n<script type=\"application\/ld+json\" class=\"yoast-schema-graph\">{\"@context\":\"https:\\\/\\\/schema.org\",\"@graph\":[{\"@type\":\"Article\",\"@id\":\"https:\\\/\\\/regiaonews.net.br\\\/2022\\\/2024\\\/11\\\/27\\\/novembro-azul-ubs-san-diego-realiza-palestra-nesta-quarta-feira-27\\\/#article\",\"isPartOf\":{\"@id\":\"https:\\\/\\\/regiaonews.net.br\\\/2022\\\/2024\\\/11\\\/27\\\/novembro-azul-ubs-san-diego-realiza-palestra-nesta-quarta-feira-27\\\/\"},\"author\":{\"name\":\"Roberto\",\"@id\":\"https:\\\/\\\/regiaonews.net.br\\\/2022\\\/#\\\/schema\\\/person\\\/2d205a608a5aa97ac279d7a5e6d89ad8\"},\"headline\":\"Novembro Azul: UBS San Diego realiza palestra nesta quarta-feira, 27\",\"datePublished\":\"2024-11-27T16:27:11+00:00\",\"mainEntityOfPage\":{\"@id\":\"https:\\\/\\\/regiaonews.net.br\\\/2022\\\/2024\\\/11\\\/27\\\/novembro-azul-ubs-san-diego-realiza-palestra-nesta-quarta-feira-27\\\/\"},\"wordCount\":408,\"commentCount\":0,\"publisher\":{\"@id\":\"https:\\\/\\\/regiaonews.net.br\\\/2022\\\/#organization\"},\"image\":{\"@id\":\"https:\\\/\\\/regiaonews.net.br\\\/2022\\\/2024\\\/11\\\/27\\\/novembro-azul-ubs-san-diego-realiza-palestra-nesta-quarta-feira-27\\\/#primaryimage\"},\"thumbnailUrl\":\"https:\\\/\\\/regiaonews.net.br\\\/2022\\\/wp-content\\\/uploads\\\/2024\\\/11\\\/Imagem-do-WhatsApp-de-2024-11-27-as-13.16.54_ae9fba1a.jpg\",\"articleSection\":[\"Barretos\",\"Geral\"],\"inLanguage\":\"pt-BR\",\"potentialAction\":[{\"@type\":\"CommentAction\",\"name\":\"Comment\",\"target\":[\"https:\\\/\\\/regiaonews.net.br\\\/2022\\\/2024\\\/11\\\/27\\\/novembro-azul-ubs-san-diego-realiza-palestra-nesta-quarta-feira-27\\\/#respond\"]}]},{\"@type\":\"WebPage\",\"@id\":\"https:\\\/\\\/regiaonews.net.br\\\/2022\\\/2024\\\/11\\\/27\\\/novembro-azul-ubs-san-diego-realiza-palestra-nesta-quarta-feira-27\\\/\",\"url\":\"https:\\\/\\\/regiaonews.net.br\\\/2022\\\/2024\\\/11\\\/27\\\/novembro-azul-ubs-san-diego-realiza-palestra-nesta-quarta-feira-27\\\/\",\"name\":\"Novembro Azul: UBS San Diego realiza palestra nesta quarta-feira, 27 - Regi\u00e3o News\",\"isPartOf\":{\"@id\":\"https:\\\/\\\/regiaonews.net.br\\\/2022\\\/#website\"},\"primaryImageOfPage\":{\"@id\":\"https:\\\/\\\/regiaonews.net.br\\\/2022\\\/2024\\\/11\\\/27\\\/novembro-azul-ubs-san-diego-realiza-palestra-nesta-quarta-feira-27\\\/#primaryimage\"},\"image\":{\"@id\":\"https:\\\/\\\/regiaonews.net.br\\\/2022\\\/2024\\\/11\\\/27\\\/novembro-azul-ubs-san-diego-realiza-palestra-nesta-quarta-feira-27\\\/#primaryimage\"},\"thumbnailUrl\":\"https:\\\/\\\/regiaonews.net.br\\\/2022\\\/wp-content\\\/uploads\\\/2024\\\/11\\\/Imagem-do-WhatsApp-de-2024-11-27-as-13.16.54_ae9fba1a.jpg\",\"datePublished\":\"2024-11-27T16:27:11+00:00\",\"breadcrumb\":{\"@id\":\"https:\\\/\\\/regiaonews.net.br\\\/2022\\\/2024\\\/11\\\/27\\\/novembro-azul-ubs-san-diego-realiza-palestra-nesta-quarta-feira-27\\\/#breadcrumb\"},\"inLanguage\":\"pt-BR\",\"potentialAction\":[{\"@type\":\"ReadAction\",\"target\":[\"https:\\\/\\\/regiaonews.net.br\\\/2022\\\/2024\\\/11\\\/27\\\/novembro-azul-ubs-san-diego-realiza-palestra-nesta-quarta-feira-27\\\/\"]}]},{\"@type\":\"ImageObject\",\"inLanguage\":\"pt-BR\",\"@id\":\"https:\\\/\\\/regiaonews.net.br\\\/2022\\\/2024\\\/11\\\/27\\\/novembro-azul-ubs-san-diego-realiza-palestra-nesta-quarta-feira-27\\\/#primaryimage\",\"url\":\"https:\\\/\\\/regiaonews.net.br\\\/2022\\\/wp-content\\\/uploads\\\/2024\\\/11\\\/Imagem-do-WhatsApp-de-2024-11-27-as-13.16.54_ae9fba1a.jpg\",\"contentUrl\":\"https:\\\/\\\/regiaonews.net.br\\\/2022\\\/wp-content\\\/uploads\\\/2024\\\/11\\\/Imagem-do-WhatsApp-de-2024-11-27-as-13.16.54_ae9fba1a.jpg\",\"width\":1600,\"height\":1201},{\"@type\":\"BreadcrumbList\",\"@id\":\"https:\\\/\\\/regiaonews.net.br\\\/2022\\\/2024\\\/11\\\/27\\\/novembro-azul-ubs-san-diego-realiza-palestra-nesta-quarta-feira-27\\\/#breadcrumb\",\"itemListElement\":[{\"@type\":\"ListItem\",\"position\":1,\"name\":\"In\u00edcio\",\"item\":\"https:\\\/\\\/regiaonews.net.br\\\/2022\\\/\"},{\"@type\":\"ListItem\",\"position\":2,\"name\":\"Novembro Azul: UBS San Diego realiza palestra nesta quarta-feira, 27\"}]},{\"@type\":\"WebSite\",\"@id\":\"https:\\\/\\\/regiaonews.net.br\\\/2022\\\/#website\",\"url\":\"https:\\\/\\\/regiaonews.net.br\\\/2022\\\/\",\"name\":\"Regi\u00e3o News\",\"description\":\"Site de Not\u00edcias de Barretos e regi\u00e3o\",\"publisher\":{\"@id\":\"https:\\\/\\\/regiaonews.net.br\\\/2022\\\/#organization\"},\"potentialAction\":[{\"@type\":\"SearchAction\",\"target\":{\"@type\":\"EntryPoint\",\"urlTemplate\":\"https:\\\/\\\/regiaonews.net.br\\\/2022\\\/?s={search_term_string}\"},\"query-input\":{\"@type\":\"PropertyValueSpecification\",\"valueRequired\":true,\"valueName\":\"search_term_string\"}}],\"inLanguage\":\"pt-BR\"},{\"@type\":\"Organization\",\"@id\":\"https:\\\/\\\/regiaonews.net.br\\\/2022\\\/#organization\",\"name\":\"Regi\u00e3o News\",\"url\":\"https:\\\/\\\/regiaonews.net.br\\\/2022\\\/\",\"logo\":{\"@type\":\"ImageObject\",\"inLanguage\":\"pt-BR\",\"@id\":\"https:\\\/\\\/regiaonews.net.br\\\/2022\\\/#\\\/schema\\\/logo\\\/image\\\/\",\"url\":\"https:\\\/\\\/regiaonews.net.br\\\/2022\\\/wp-content\\\/uploads\\\/2026\\\/03\\\/regiao-13-anos-scaled.jpg\",\"contentUrl\":\"https:\\\/\\\/regiaonews.net.br\\\/2022\\\/wp-content\\\/uploads\\\/2026\\\/03\\\/regiao-13-anos-scaled.jpg\",\"width\":2560,\"height\":635,\"caption\":\"Regi\u00e3o News\"},\"image\":{\"@id\":\"https:\\\/\\\/regiaonews.net.br\\\/2022\\\/#\\\/schema\\\/logo\\\/image\\\/\"}},{\"@type\":\"Person\",\"@id\":\"https:\\\/\\\/regiaonews.net.br\\\/2022\\\/#\\\/schema\\\/person\\\/2d205a608a5aa97ac279d7a5e6d89ad8\",\"name\":\"Roberto\",\"image\":{\"@type\":\"ImageObject\",\"inLanguage\":\"pt-BR\",\"@id\":\"https:\\\/\\\/secure.gravatar.com\\\/avatar\\\/42749d8b712ff9d59ca93dc150494e5b55a44134482993f5baeb97e61b7ecc89?s=96&d=mm&r=g\",\"url\":\"https:\\\/\\\/secure.gravatar.com\\\/avatar\\\/42749d8b712ff9d59ca93dc150494e5b55a44134482993f5baeb97e61b7ecc89?s=96&d=mm&r=g\",\"contentUrl\":\"https:\\\/\\\/secure.gravatar.com\\\/avatar\\\/42749d8b712ff9d59ca93dc150494e5b55a44134482993f5baeb97e61b7ecc89?s=96&d=mm&r=g\",\"caption\":\"Roberto\"},\"url\":\"https:\\\/\\\/regiaonews.net.br\\\/2022\\\/author\\\/roberto\\\/\"}]}<\/script>\n<!-- \/ Yoast SEO plugin. -->","yoast_head_json":{"title":"Novembro Azul: UBS San Diego realiza palestra nesta quarta-feira, 27 - Regi\u00e3o News","robots":{"index":"index","follow":"follow","max-snippet":"max-snippet:-1","max-image-preview":"max-image-preview:large","max-video-preview":"max-video-preview:-1"},"canonical":"https:\/\/regiaonews.net.br\/2022\/2024\/11\/27\/novembro-azul-ubs-san-diego-realiza-palestra-nesta-quarta-feira-27\/","og_locale":"pt_BR","og_type":"article","og_title":"Novembro Azul: UBS San Diego realiza palestra nesta quarta-feira, 27 - Regi\u00e3o News","og_description":"Deste o in\u00edcio do m\u00eas, \u00e9 refor\u00e7ada nas unidades a","og_url":"https:\/\/regiaonews.net.br\/2022\/2024\/11\/27\/novembro-azul-ubs-san-diego-realiza-palestra-nesta-quarta-feira-27\/","og_site_name":"Regi\u00e3o News","article_published_time":"2024-11-27T16:27:11+00:00","og_image":[{"width":1600,"height":1201,"url":"https:\/\/regiaonews.net.br\/2022\/wp-content\/uploads\/2024\/11\/Imagem-do-WhatsApp-de-2024-11-27-as-13.16.54_ae9fba1a.jpg","type":"image\/jpeg"}],"author":"Roberto","twitter_card":"summary_large_image","twitter_misc":{"Escrito por":"Roberto","Est. tempo de leitura":"2 minutos"},"schema":{"@context":"https:\/\/schema.org","@graph":[{"@type":"Article","@id":"https:\/\/regiaonews.net.br\/2022\/2024\/11\/27\/novembro-azul-ubs-san-diego-realiza-palestra-nesta-quarta-feira-27\/#article","isPartOf":{"@id":"https:\/\/regiaonews.net.br\/2022\/2024\/11\/27\/novembro-azul-ubs-san-diego-realiza-palestra-nesta-quarta-feira-27\/"},"author":{"name":"Roberto","@id":"https:\/\/regiaonews.net.br\/2022\/#\/schema\/person\/2d205a608a5aa97ac279d7a5e6d89ad8"},"headline":"Novembro Azul: UBS San Diego realiza palestra nesta quarta-feira, 27","datePublished":"2024-11-27T16:27:11+00:00","mainEntityOfPage":{"@id":"https:\/\/regiaonews.net.br\/2022\/2024\/11\/27\/novembro-azul-ubs-san-diego-realiza-palestra-nesta-quarta-feira-27\/"},"wordCount":408,"commentCount":0,"publisher":{"@id":"https:\/\/regiaonews.net.br\/2022\/#organization"},"image":{"@id":"https:\/\/regiaonews.net.br\/2022\/2024\/11\/27\/novembro-azul-ubs-san-diego-realiza-palestra-nesta-quarta-feira-27\/#primaryimage"},"thumbnailUrl":"https:\/\/regiaonews.net.br\/2022\/wp-content\/uploads\/2024\/11\/Imagem-do-WhatsApp-de-2024-11-27-as-13.16.54_ae9fba1a.jpg","articleSection":["Barretos","Geral"],"inLanguage":"pt-BR","potentialAction":[{"@type":"CommentAction","name":"Comment","target":["https:\/\/regiaonews.net.br\/2022\/2024\/11\/27\/novembro-azul-ubs-san-diego-realiza-palestra-nesta-quarta-feira-27\/#respond"]}]},{"@type":"WebPage","@id":"https:\/\/regiaonews.net.br\/2022\/2024\/11\/27\/novembro-azul-ubs-san-diego-realiza-palestra-nesta-quarta-feira-27\/","url":"https:\/\/regiaonews.net.br\/2022\/2024\/11\/27\/novembro-azul-ubs-san-diego-realiza-palestra-nesta-quarta-feira-27\/","name":"Novembro Azul: UBS San Diego realiza palestra nesta quarta-feira, 27 - Regi\u00e3o News","isPartOf":{"@id":"https:\/\/regiaonews.net.br\/2022\/#website"},"primaryImageOfPage":{"@id":"https:\/\/regiaonews.net.br\/2022\/2024\/11\/27\/novembro-azul-ubs-san-diego-realiza-palestra-nesta-quarta-feira-27\/#primaryimage"},"image":{"@id":"https:\/\/regiaonews.net.br\/2022\/2024\/11\/27\/novembro-azul-ubs-san-diego-realiza-palestra-nesta-quarta-feira-27\/#primaryimage"},"thumbnailUrl":"https:\/\/regiaonews.net.br\/2022\/wp-content\/uploads\/2024\/11\/Imagem-do-WhatsApp-de-2024-11-27-as-13.16.54_ae9fba1a.jpg","datePublished":"2024-11-27T16:27:11+00:00","breadcrumb":{"@id":"https:\/\/regiaonews.net.br\/2022\/2024\/11\/27\/novembro-azul-ubs-san-diego-realiza-palestra-nesta-quarta-feira-27\/#breadcrumb"},"inLanguage":"pt-BR","potentialAction":[{"@type":"ReadAction","target":["https:\/\/regiaonews.net.br\/2022\/2024\/11\/27\/novembro-azul-ubs-san-diego-realiza-palestra-nesta-quarta-feira-27\/"]}]},{"@type":"ImageObject","inLanguage":"pt-BR","@id":"https:\/\/regiaonews.net.br\/2022\/2024\/11\/27\/novembro-azul-ubs-san-diego-realiza-palestra-nesta-quarta-feira-27\/#primaryimage","url":"https:\/\/regiaonews.net.br\/2022\/wp-content\/uploads\/2024\/11\/Imagem-do-WhatsApp-de-2024-11-27-as-13.16.54_ae9fba1a.jpg","contentUrl":"https:\/\/regiaonews.net.br\/2022\/wp-content\/uploads\/2024\/11\/Imagem-do-WhatsApp-de-2024-11-27-as-13.16.54_ae9fba1a.jpg","width":1600,"height":1201},{"@type":"BreadcrumbList","@id":"https:\/\/regiaonews.net.br\/2022\/2024\/11\/27\/novembro-azul-ubs-san-diego-realiza-palestra-nesta-quarta-feira-27\/#breadcrumb","itemListElement":[{"@type":"ListItem","position":1,"name":"In\u00edcio","item":"https:\/\/regiaonews.net.br\/2022\/"},{"@type":"ListItem","position":2,"name":"Novembro Azul: UBS San Diego realiza palestra nesta quarta-feira, 27"}]},{"@type":"WebSite","@id":"https:\/\/regiaonews.net.br\/2022\/#website","url":"https:\/\/regiaonews.net.br\/2022\/","name":"Regi\u00e3o News","description":"Site de Not\u00edcias de Barretos e regi\u00e3o","publisher":{"@id":"https:\/\/regiaonews.net.br\/2022\/#organization"},"potentialAction":[{"@type":"SearchAction","target":{"@type":"EntryPoint","urlTemplate":"https:\/\/regiaonews.net.br\/2022\/?s={search_term_string}"},"query-input":{"@type":"PropertyValueSpecification","valueRequired":true,"valueName":"search_term_string"}}],"inLanguage":"pt-BR"},{"@type":"Organization","@id":"https:\/\/regiaonews.net.br\/2022\/#organization","name":"Regi\u00e3o News","url":"https:\/\/regiaonews.net.br\/2022\/","logo":{"@type":"ImageObject","inLanguage":"pt-BR","@id":"https:\/\/regiaonews.net.br\/2022\/#\/schema\/logo\/image\/","url":"https:\/\/regiaonews.net.br\/2022\/wp-content\/uploads\/2026\/03\/regiao-13-anos-scaled.jpg","contentUrl":"https:\/\/regiaonews.net.br\/2022\/wp-content\/uploads\/2026\/03\/regiao-13-anos-scaled.jpg","width":2560,"height":635,"caption":"Regi\u00e3o News"},"image":{"@id":"https:\/\/regiaonews.net.br\/2022\/#\/schema\/logo\/image\/"}},{"@type":"Person","@id":"https:\/\/regiaonews.net.br\/2022\/#\/schema\/person\/2d205a608a5aa97ac279d7a5e6d89ad8","name":"Roberto","image":{"@type":"ImageObject","inLanguage":"pt-BR","@id":"https:\/\/secure.gravatar.com\/avatar\/42749d8b712ff9d59ca93dc150494e5b55a44134482993f5baeb97e61b7ecc89?s=96&d=mm&r=g","url":"https:\/\/secure.gravatar.com\/avatar\/42749d8b712ff9d59ca93dc150494e5b55a44134482993f5baeb97e61b7ecc89?s=96&d=mm&r=g","contentUrl":"https:\/\/secure.gravatar.com\/avatar\/42749d8b712ff9d59ca93dc150494e5b55a44134482993f5baeb97e61b7ecc89?s=96&d=mm&r=g","caption":"Roberto"},"url":"https:\/\/regiaonews.net.br\/2022\/author\/roberto\/"}]}},"publishpress_future_action":{"enabled":false,"date":"2026-05-02 04:12:40","action":"change-status","newStatus":"draft","terms":[],"taxonomy":"category","extraData":[]},"publishpress_future_workflow_manual_trigger":{"enabledWorkflows":[]},"_links":{"self":[{"href":"https:\/\/regiaonews.net.br\/2022\/wp-json\/wp\/v2\/posts\/112442","targetHints":{"allow":["GET"]}}],"collection":[{"href":"https:\/\/regiaonews.net.br\/2022\/wp-json\/wp\/v2\/posts"}],"about":[{"href":"https:\/\/regiaonews.net.br\/2022\/wp-json\/wp\/v2\/types\/post"}],"author":[{"embeddable":true,"href":"https:\/\/regiaonews.net.br\/2022\/wp-json\/wp\/v2\/users\/2"}],"replies":[{"embeddable":true,"href":"https:\/\/regiaonews.net.br\/2022\/wp-json\/wp\/v2\/comments?post=112442"}],"version-history":[{"count":1,"href":"https:\/\/regiaonews.net.br\/2022\/wp-json\/wp\/v2\/posts\/112442\/revisions"}],"predecessor-version":[{"id":112444,"href":"https:\/\/regiaonews.net.br\/2022\/wp-json\/wp\/v2\/posts\/112442\/revisions\/112444"}],"wp:featuredmedia":[{"embeddable":true,"href":"https:\/\/regiaonews.net.br\/2022\/wp-json\/wp\/v2\/media\/112443"}],"wp:attachment":[{"href":"https:\/\/regiaonews.net.br\/2022\/wp-json\/wp\/v2\/media?parent=112442"}],"wp:term":[{"taxonomy":"category","embeddable":true,"href":"https:\/\/regiaonews.net.br\/2022\/wp-json\/wp\/v2\/categories?post=112442"},{"taxonomy":"post_tag","embeddable":true,"href":"https:\/\/regiaonews.net.br\/2022\/wp-json\/wp\/v2\/tags?post=112442"}],"curies":[{"name":"wp","href":"https:\/\/api.w.org\/{rel}","templated":true}]}}