{"id":112426,"date":"2024-11-27T13:03:53","date_gmt":"2024-11-27T16:03:53","guid":{"rendered":"https:\/\/regiaonews.net.br\/2022\/?p=112426"},"modified":"2024-11-27T13:03:53","modified_gmt":"2024-11-27T16:03:53","slug":"unifeb-lanca-inscricoes-de-processo-seletivo-para-contratacao-de-novos-docentes","status":"publish","type":"post","link":"https:\/\/regiaonews.net.br\/2022\/2024\/11\/27\/unifeb-lanca-inscricoes-de-processo-seletivo-para-contratacao-de-novos-docentes\/","title":{"rendered":"UNIFEB lan\u00e7a inscri\u00e7\u00f5es de processo seletivo para contrata\u00e7\u00e3o de novos docentes"},"content":{"rendered":"<div class=\"elementToProof\" data-ogsc=\"rgb(0, 0, 0)\"><span data-ogsc=\"rgb(0, 0, 0)\">\u00a0O UNIFEB (Centro Universit\u00e1rio da Funda\u00e7\u00e3o Educacional de Barretos) abriu as inscri\u00e7\u00f5es para o processo seletivo de contrata\u00e7\u00e3o de professores por tempo indeterminado. As inscri\u00e7\u00f5es devem ser realizadas de 26 de novembro a 3 de dezembro de 2024, at\u00e9 \u00e0s 19h, por meio do site oficial do UNIFEB, na op\u00e7\u00e3o TRABALHE CONOSCO (<\/span><span data-ogsc=\"blue\"><u><a id=\"OWAca76777a-bb4a-3427-03ee-8ddc23909b6f\" class=\"OWAAutoLink\" href=\"http:\/\/www.unifeb.edu.br\/\" target=\"_new\" data-ogsc=\"blue\" data-linkindex=\"0\">www.unifeb.edu.br<\/a><\/u><\/span><span data-ogsc=\"rgb(0, 0, 0)\">).<\/span><\/div>\n<div data-ogsc=\"rgb(0, 0, 0)\">Os interessados devem anexar, obrigatoriamente, o Curr\u00edculo Lattes e a comprova\u00e7\u00e3o de escolaridade em formato PDF no momento da inscri\u00e7\u00e3o.<\/div>\n<div data-ogsc=\"rgb(0, 0, 0)\">As oportunidades dispon\u00edveis s\u00e3o para os cursos de Agronomia (2 vagas), Arquitetura e Urbanismo (1 vaga), Biomedicina (3 vagas), Ci\u00eancias Cont\u00e1beis (1 vaga), Col\u00e9gio FEB (1 vaga), Direito (2 vagas), Engenharia Civil (1 vaga), Farm\u00e1cia (1 vaga), Fisioterapia (2 vagas), Medicina Veterin\u00e1ria (2 vagas), Odontologia (2 vagas), Psicologia (5 vagas), Sistema de Informa\u00e7\u00e3o (1 vaga) e NEAD (N\u00facleo de Educa\u00e7\u00e3o a Dist\u00e2ncia) (1 vaga).<\/div>\n<div data-ogsc=\"rgb(0, 0, 0)\">Os candidatos passar\u00e3o por uma avalia\u00e7\u00e3o individual que ser\u00e1 conduzida por uma comiss\u00e3o avaliadora. Os profissionais aprovados no processo seletivo iniciar\u00e3o as atividades no primeiro semestre de 2025.<\/div>\n<div data-ogsc=\"rgb(0, 0, 0)\"><a href=\"https:\/\/regiaonews.net.br\/2022\/wp-content\/uploads\/2024\/11\/26.11_-_VAGA_DOCENTE_FEED.png\"><img loading=\"lazy\" decoding=\"async\" class=\"alignnone size-medium wp-image-112427\" src=\"https:\/\/regiaonews.net.br\/2022\/wp-content\/uploads\/2024\/11\/26.11_-_VAGA_DOCENTE_FEED-300x300.png\" alt=\"\" width=\"300\" height=\"300\" srcset=\"https:\/\/regiaonews.net.br\/2022\/wp-content\/uploads\/2024\/11\/26.11_-_VAGA_DOCENTE_FEED-300x300.png 300w, https:\/\/regiaonews.net.br\/2022\/wp-content\/uploads\/2024\/11\/26.11_-_VAGA_DOCENTE_FEED-1024x1024.png 1024w, https:\/\/regiaonews.net.br\/2022\/wp-content\/uploads\/2024\/11\/26.11_-_VAGA_DOCENTE_FEED-150x150.png 150w, https:\/\/regiaonews.net.br\/2022\/wp-content\/uploads\/2024\/11\/26.11_-_VAGA_DOCENTE_FEED-768x768.png 768w, https:\/\/regiaonews.net.br\/2022\/wp-content\/uploads\/2024\/11\/26.11_-_VAGA_DOCENTE_FEED-250x250.png 250w, https:\/\/regiaonews.net.br\/2022\/wp-content\/uploads\/2024\/11\/26.11_-_VAGA_DOCENTE_FEED.png 1080w\" sizes=\"auto, (max-width: 300px) 100vw, 300px\" \/><\/a><\/div>\n","protected":false},"excerpt":{"rendered":"<p>\u00a0O UNIFEB (Centro Universit\u00e1rio da Funda\u00e7\u00e3o Educacional de Barretos) abriu<\/p>\n","protected":false},"author":2,"featured_media":112428,"comment_status":"open","ping_status":"open","sticky":false,"template":"","format":"standard","meta":{"footnotes":""},"categories":[14,25,64],"tags":[],"class_list":["post-112426","post","type-post","status-publish","format-standard","has-post-thumbnail","hentry","category-barretos","category-cidades","category-emprego"],"yoast_head":"<!-- This site is optimized with the Yoast SEO plugin v27.4 - https:\/\/yoast.com\/product\/yoast-seo-wordpress\/ -->\n<title>UNIFEB lan\u00e7a inscri\u00e7\u00f5es de processo seletivo para contrata\u00e7\u00e3o de novos docentes - Regi\u00e3o News<\/title>\n<meta name=\"robots\" content=\"index, follow, max-snippet:-1, max-image-preview:large, max-video-preview:-1\" \/>\n<link rel=\"canonical\" href=\"https:\/\/regiaonews.net.br\/2022\/2024\/11\/27\/unifeb-lanca-inscricoes-de-processo-seletivo-para-contratacao-de-novos-docentes\/\" \/>\n<meta property=\"og:locale\" content=\"pt_BR\" \/>\n<meta property=\"og:type\" content=\"article\" \/>\n<meta property=\"og:title\" content=\"UNIFEB lan\u00e7a inscri\u00e7\u00f5es de processo seletivo para contrata\u00e7\u00e3o de novos docentes - Regi\u00e3o News\" \/>\n<meta property=\"og:description\" content=\"\u00a0O UNIFEB (Centro Universit\u00e1rio da Funda\u00e7\u00e3o Educacional de Barretos) abriu\" \/>\n<meta property=\"og:url\" content=\"https:\/\/regiaonews.net.br\/2022\/2024\/11\/27\/unifeb-lanca-inscricoes-de-processo-seletivo-para-contratacao-de-novos-docentes\/\" \/>\n<meta property=\"og:site_name\" content=\"Regi\u00e3o News\" \/>\n<meta property=\"article:published_time\" content=\"2024-11-27T16:03:53+00:00\" \/>\n<meta property=\"og:image\" content=\"https:\/\/regiaonews.net.br\/2022\/wp-content\/uploads\/2024\/11\/UNIFEB.jpg\" \/>\n\t<meta property=\"og:image:width\" content=\"1280\" \/>\n\t<meta property=\"og:image:height\" content=\"960\" \/>\n\t<meta property=\"og:image:type\" content=\"image\/jpeg\" \/>\n<meta name=\"author\" content=\"Roberto\" \/>\n<meta name=\"twitter:card\" content=\"summary_large_image\" \/>\n<meta name=\"twitter:label1\" content=\"Escrito por\" \/>\n\t<meta name=\"twitter:data1\" content=\"Roberto\" \/>\n\t<meta name=\"twitter:label2\" content=\"Est. tempo de leitura\" \/>\n\t<meta name=\"twitter:data2\" content=\"2 minutos\" \/>\n<script type=\"application\/ld+json\" class=\"yoast-schema-graph\">{\"@context\":\"https:\\\/\\\/schema.org\",\"@graph\":[{\"@type\":\"Article\",\"@id\":\"https:\\\/\\\/regiaonews.net.br\\\/2022\\\/2024\\\/11\\\/27\\\/unifeb-lanca-inscricoes-de-processo-seletivo-para-contratacao-de-novos-docentes\\\/#article\",\"isPartOf\":{\"@id\":\"https:\\\/\\\/regiaonews.net.br\\\/2022\\\/2024\\\/11\\\/27\\\/unifeb-lanca-inscricoes-de-processo-seletivo-para-contratacao-de-novos-docentes\\\/\"},\"author\":{\"name\":\"Roberto\",\"@id\":\"https:\\\/\\\/regiaonews.net.br\\\/2022\\\/#\\\/schema\\\/person\\\/2d205a608a5aa97ac279d7a5e6d89ad8\"},\"headline\":\"UNIFEB lan\u00e7a inscri\u00e7\u00f5es de processo seletivo para contrata\u00e7\u00e3o de novos docentes\",\"datePublished\":\"2024-11-27T16:03:53+00:00\",\"mainEntityOfPage\":{\"@id\":\"https:\\\/\\\/regiaonews.net.br\\\/2022\\\/2024\\\/11\\\/27\\\/unifeb-lanca-inscricoes-de-processo-seletivo-para-contratacao-de-novos-docentes\\\/\"},\"wordCount\":188,\"commentCount\":0,\"publisher\":{\"@id\":\"https:\\\/\\\/regiaonews.net.br\\\/2022\\\/#organization\"},\"image\":{\"@id\":\"https:\\\/\\\/regiaonews.net.br\\\/2022\\\/2024\\\/11\\\/27\\\/unifeb-lanca-inscricoes-de-processo-seletivo-para-contratacao-de-novos-docentes\\\/#primaryimage\"},\"thumbnailUrl\":\"https:\\\/\\\/regiaonews.net.br\\\/2022\\\/wp-content\\\/uploads\\\/2024\\\/11\\\/UNIFEB.jpg\",\"articleSection\":[\"Barretos\",\"Cidades\",\"Emprego\"],\"inLanguage\":\"pt-BR\",\"potentialAction\":[{\"@type\":\"CommentAction\",\"name\":\"Comment\",\"target\":[\"https:\\\/\\\/regiaonews.net.br\\\/2022\\\/2024\\\/11\\\/27\\\/unifeb-lanca-inscricoes-de-processo-seletivo-para-contratacao-de-novos-docentes\\\/#respond\"]}]},{\"@type\":\"WebPage\",\"@id\":\"https:\\\/\\\/regiaonews.net.br\\\/2022\\\/2024\\\/11\\\/27\\\/unifeb-lanca-inscricoes-de-processo-seletivo-para-contratacao-de-novos-docentes\\\/\",\"url\":\"https:\\\/\\\/regiaonews.net.br\\\/2022\\\/2024\\\/11\\\/27\\\/unifeb-lanca-inscricoes-de-processo-seletivo-para-contratacao-de-novos-docentes\\\/\",\"name\":\"UNIFEB lan\u00e7a inscri\u00e7\u00f5es de processo seletivo para contrata\u00e7\u00e3o de novos docentes - Regi\u00e3o News\",\"isPartOf\":{\"@id\":\"https:\\\/\\\/regiaonews.net.br\\\/2022\\\/#website\"},\"primaryImageOfPage\":{\"@id\":\"https:\\\/\\\/regiaonews.net.br\\\/2022\\\/2024\\\/11\\\/27\\\/unifeb-lanca-inscricoes-de-processo-seletivo-para-contratacao-de-novos-docentes\\\/#primaryimage\"},\"image\":{\"@id\":\"https:\\\/\\\/regiaonews.net.br\\\/2022\\\/2024\\\/11\\\/27\\\/unifeb-lanca-inscricoes-de-processo-seletivo-para-contratacao-de-novos-docentes\\\/#primaryimage\"},\"thumbnailUrl\":\"https:\\\/\\\/regiaonews.net.br\\\/2022\\\/wp-content\\\/uploads\\\/2024\\\/11\\\/UNIFEB.jpg\",\"datePublished\":\"2024-11-27T16:03:53+00:00\",\"breadcrumb\":{\"@id\":\"https:\\\/\\\/regiaonews.net.br\\\/2022\\\/2024\\\/11\\\/27\\\/unifeb-lanca-inscricoes-de-processo-seletivo-para-contratacao-de-novos-docentes\\\/#breadcrumb\"},\"inLanguage\":\"pt-BR\",\"potentialAction\":[{\"@type\":\"ReadAction\",\"target\":[\"https:\\\/\\\/regiaonews.net.br\\\/2022\\\/2024\\\/11\\\/27\\\/unifeb-lanca-inscricoes-de-processo-seletivo-para-contratacao-de-novos-docentes\\\/\"]}]},{\"@type\":\"ImageObject\",\"inLanguage\":\"pt-BR\",\"@id\":\"https:\\\/\\\/regiaonews.net.br\\\/2022\\\/2024\\\/11\\\/27\\\/unifeb-lanca-inscricoes-de-processo-seletivo-para-contratacao-de-novos-docentes\\\/#primaryimage\",\"url\":\"https:\\\/\\\/regiaonews.net.br\\\/2022\\\/wp-content\\\/uploads\\\/2024\\\/11\\\/UNIFEB.jpg\",\"contentUrl\":\"https:\\\/\\\/regiaonews.net.br\\\/2022\\\/wp-content\\\/uploads\\\/2024\\\/11\\\/UNIFEB.jpg\",\"width\":1280,\"height\":960},{\"@type\":\"BreadcrumbList\",\"@id\":\"https:\\\/\\\/regiaonews.net.br\\\/2022\\\/2024\\\/11\\\/27\\\/unifeb-lanca-inscricoes-de-processo-seletivo-para-contratacao-de-novos-docentes\\\/#breadcrumb\",\"itemListElement\":[{\"@type\":\"ListItem\",\"position\":1,\"name\":\"In\u00edcio\",\"item\":\"https:\\\/\\\/regiaonews.net.br\\\/2022\\\/\"},{\"@type\":\"ListItem\",\"position\":2,\"name\":\"UNIFEB lan\u00e7a inscri\u00e7\u00f5es de processo seletivo para contrata\u00e7\u00e3o de novos docentes\"}]},{\"@type\":\"WebSite\",\"@id\":\"https:\\\/\\\/regiaonews.net.br\\\/2022\\\/#website\",\"url\":\"https:\\\/\\\/regiaonews.net.br\\\/2022\\\/\",\"name\":\"Regi\u00e3o News\",\"description\":\"Site de Not\u00edcias de Barretos e regi\u00e3o\",\"publisher\":{\"@id\":\"https:\\\/\\\/regiaonews.net.br\\\/2022\\\/#organization\"},\"potentialAction\":[{\"@type\":\"SearchAction\",\"target\":{\"@type\":\"EntryPoint\",\"urlTemplate\":\"https:\\\/\\\/regiaonews.net.br\\\/2022\\\/?s={search_term_string}\"},\"query-input\":{\"@type\":\"PropertyValueSpecification\",\"valueRequired\":true,\"valueName\":\"search_term_string\"}}],\"inLanguage\":\"pt-BR\"},{\"@type\":\"Organization\",\"@id\":\"https:\\\/\\\/regiaonews.net.br\\\/2022\\\/#organization\",\"name\":\"Regi\u00e3o News\",\"url\":\"https:\\\/\\\/regiaonews.net.br\\\/2022\\\/\",\"logo\":{\"@type\":\"ImageObject\",\"inLanguage\":\"pt-BR\",\"@id\":\"https:\\\/\\\/regiaonews.net.br\\\/2022\\\/#\\\/schema\\\/logo\\\/image\\\/\",\"url\":\"https:\\\/\\\/regiaonews.net.br\\\/2022\\\/wp-content\\\/uploads\\\/2026\\\/03\\\/regiao-13-anos-scaled.jpg\",\"contentUrl\":\"https:\\\/\\\/regiaonews.net.br\\\/2022\\\/wp-content\\\/uploads\\\/2026\\\/03\\\/regiao-13-anos-scaled.jpg\",\"width\":2560,\"height\":635,\"caption\":\"Regi\u00e3o News\"},\"image\":{\"@id\":\"https:\\\/\\\/regiaonews.net.br\\\/2022\\\/#\\\/schema\\\/logo\\\/image\\\/\"}},{\"@type\":\"Person\",\"@id\":\"https:\\\/\\\/regiaonews.net.br\\\/2022\\\/#\\\/schema\\\/person\\\/2d205a608a5aa97ac279d7a5e6d89ad8\",\"name\":\"Roberto\",\"image\":{\"@type\":\"ImageObject\",\"inLanguage\":\"pt-BR\",\"@id\":\"https:\\\/\\\/secure.gravatar.com\\\/avatar\\\/42749d8b712ff9d59ca93dc150494e5b55a44134482993f5baeb97e61b7ecc89?s=96&d=mm&r=g\",\"url\":\"https:\\\/\\\/secure.gravatar.com\\\/avatar\\\/42749d8b712ff9d59ca93dc150494e5b55a44134482993f5baeb97e61b7ecc89?s=96&d=mm&r=g\",\"contentUrl\":\"https:\\\/\\\/secure.gravatar.com\\\/avatar\\\/42749d8b712ff9d59ca93dc150494e5b55a44134482993f5baeb97e61b7ecc89?s=96&d=mm&r=g\",\"caption\":\"Roberto\"},\"url\":\"https:\\\/\\\/regiaonews.net.br\\\/2022\\\/author\\\/roberto\\\/\"}]}<\/script>\n<!-- \/ Yoast SEO plugin. -->","yoast_head_json":{"title":"UNIFEB lan\u00e7a inscri\u00e7\u00f5es de processo seletivo para contrata\u00e7\u00e3o de novos docentes - Regi\u00e3o News","robots":{"index":"index","follow":"follow","max-snippet":"max-snippet:-1","max-image-preview":"max-image-preview:large","max-video-preview":"max-video-preview:-1"},"canonical":"https:\/\/regiaonews.net.br\/2022\/2024\/11\/27\/unifeb-lanca-inscricoes-de-processo-seletivo-para-contratacao-de-novos-docentes\/","og_locale":"pt_BR","og_type":"article","og_title":"UNIFEB lan\u00e7a inscri\u00e7\u00f5es de processo seletivo para contrata\u00e7\u00e3o de novos docentes - Regi\u00e3o News","og_description":"\u00a0O UNIFEB (Centro Universit\u00e1rio da Funda\u00e7\u00e3o Educacional de Barretos) abriu","og_url":"https:\/\/regiaonews.net.br\/2022\/2024\/11\/27\/unifeb-lanca-inscricoes-de-processo-seletivo-para-contratacao-de-novos-docentes\/","og_site_name":"Regi\u00e3o News","article_published_time":"2024-11-27T16:03:53+00:00","og_image":[{"width":1280,"height":960,"url":"https:\/\/regiaonews.net.br\/2022\/wp-content\/uploads\/2024\/11\/UNIFEB.jpg","type":"image\/jpeg"}],"author":"Roberto","twitter_card":"summary_large_image","twitter_misc":{"Escrito por":"Roberto","Est. tempo de leitura":"2 minutos"},"schema":{"@context":"https:\/\/schema.org","@graph":[{"@type":"Article","@id":"https:\/\/regiaonews.net.br\/2022\/2024\/11\/27\/unifeb-lanca-inscricoes-de-processo-seletivo-para-contratacao-de-novos-docentes\/#article","isPartOf":{"@id":"https:\/\/regiaonews.net.br\/2022\/2024\/11\/27\/unifeb-lanca-inscricoes-de-processo-seletivo-para-contratacao-de-novos-docentes\/"},"author":{"name":"Roberto","@id":"https:\/\/regiaonews.net.br\/2022\/#\/schema\/person\/2d205a608a5aa97ac279d7a5e6d89ad8"},"headline":"UNIFEB lan\u00e7a inscri\u00e7\u00f5es de processo seletivo para contrata\u00e7\u00e3o de novos docentes","datePublished":"2024-11-27T16:03:53+00:00","mainEntityOfPage":{"@id":"https:\/\/regiaonews.net.br\/2022\/2024\/11\/27\/unifeb-lanca-inscricoes-de-processo-seletivo-para-contratacao-de-novos-docentes\/"},"wordCount":188,"commentCount":0,"publisher":{"@id":"https:\/\/regiaonews.net.br\/2022\/#organization"},"image":{"@id":"https:\/\/regiaonews.net.br\/2022\/2024\/11\/27\/unifeb-lanca-inscricoes-de-processo-seletivo-para-contratacao-de-novos-docentes\/#primaryimage"},"thumbnailUrl":"https:\/\/regiaonews.net.br\/2022\/wp-content\/uploads\/2024\/11\/UNIFEB.jpg","articleSection":["Barretos","Cidades","Emprego"],"inLanguage":"pt-BR","potentialAction":[{"@type":"CommentAction","name":"Comment","target":["https:\/\/regiaonews.net.br\/2022\/2024\/11\/27\/unifeb-lanca-inscricoes-de-processo-seletivo-para-contratacao-de-novos-docentes\/#respond"]}]},{"@type":"WebPage","@id":"https:\/\/regiaonews.net.br\/2022\/2024\/11\/27\/unifeb-lanca-inscricoes-de-processo-seletivo-para-contratacao-de-novos-docentes\/","url":"https:\/\/regiaonews.net.br\/2022\/2024\/11\/27\/unifeb-lanca-inscricoes-de-processo-seletivo-para-contratacao-de-novos-docentes\/","name":"UNIFEB lan\u00e7a inscri\u00e7\u00f5es de processo seletivo para contrata\u00e7\u00e3o de novos docentes - Regi\u00e3o News","isPartOf":{"@id":"https:\/\/regiaonews.net.br\/2022\/#website"},"primaryImageOfPage":{"@id":"https:\/\/regiaonews.net.br\/2022\/2024\/11\/27\/unifeb-lanca-inscricoes-de-processo-seletivo-para-contratacao-de-novos-docentes\/#primaryimage"},"image":{"@id":"https:\/\/regiaonews.net.br\/2022\/2024\/11\/27\/unifeb-lanca-inscricoes-de-processo-seletivo-para-contratacao-de-novos-docentes\/#primaryimage"},"thumbnailUrl":"https:\/\/regiaonews.net.br\/2022\/wp-content\/uploads\/2024\/11\/UNIFEB.jpg","datePublished":"2024-11-27T16:03:53+00:00","breadcrumb":{"@id":"https:\/\/regiaonews.net.br\/2022\/2024\/11\/27\/unifeb-lanca-inscricoes-de-processo-seletivo-para-contratacao-de-novos-docentes\/#breadcrumb"},"inLanguage":"pt-BR","potentialAction":[{"@type":"ReadAction","target":["https:\/\/regiaonews.net.br\/2022\/2024\/11\/27\/unifeb-lanca-inscricoes-de-processo-seletivo-para-contratacao-de-novos-docentes\/"]}]},{"@type":"ImageObject","inLanguage":"pt-BR","@id":"https:\/\/regiaonews.net.br\/2022\/2024\/11\/27\/unifeb-lanca-inscricoes-de-processo-seletivo-para-contratacao-de-novos-docentes\/#primaryimage","url":"https:\/\/regiaonews.net.br\/2022\/wp-content\/uploads\/2024\/11\/UNIFEB.jpg","contentUrl":"https:\/\/regiaonews.net.br\/2022\/wp-content\/uploads\/2024\/11\/UNIFEB.jpg","width":1280,"height":960},{"@type":"BreadcrumbList","@id":"https:\/\/regiaonews.net.br\/2022\/2024\/11\/27\/unifeb-lanca-inscricoes-de-processo-seletivo-para-contratacao-de-novos-docentes\/#breadcrumb","itemListElement":[{"@type":"ListItem","position":1,"name":"In\u00edcio","item":"https:\/\/regiaonews.net.br\/2022\/"},{"@type":"ListItem","position":2,"name":"UNIFEB lan\u00e7a inscri\u00e7\u00f5es de processo seletivo para contrata\u00e7\u00e3o de novos docentes"}]},{"@type":"WebSite","@id":"https:\/\/regiaonews.net.br\/2022\/#website","url":"https:\/\/regiaonews.net.br\/2022\/","name":"Regi\u00e3o News","description":"Site de Not\u00edcias de Barretos e regi\u00e3o","publisher":{"@id":"https:\/\/regiaonews.net.br\/2022\/#organization"},"potentialAction":[{"@type":"SearchAction","target":{"@type":"EntryPoint","urlTemplate":"https:\/\/regiaonews.net.br\/2022\/?s={search_term_string}"},"query-input":{"@type":"PropertyValueSpecification","valueRequired":true,"valueName":"search_term_string"}}],"inLanguage":"pt-BR"},{"@type":"Organization","@id":"https:\/\/regiaonews.net.br\/2022\/#organization","name":"Regi\u00e3o News","url":"https:\/\/regiaonews.net.br\/2022\/","logo":{"@type":"ImageObject","inLanguage":"pt-BR","@id":"https:\/\/regiaonews.net.br\/2022\/#\/schema\/logo\/image\/","url":"https:\/\/regiaonews.net.br\/2022\/wp-content\/uploads\/2026\/03\/regiao-13-anos-scaled.jpg","contentUrl":"https:\/\/regiaonews.net.br\/2022\/wp-content\/uploads\/2026\/03\/regiao-13-anos-scaled.jpg","width":2560,"height":635,"caption":"Regi\u00e3o News"},"image":{"@id":"https:\/\/regiaonews.net.br\/2022\/#\/schema\/logo\/image\/"}},{"@type":"Person","@id":"https:\/\/regiaonews.net.br\/2022\/#\/schema\/person\/2d205a608a5aa97ac279d7a5e6d89ad8","name":"Roberto","image":{"@type":"ImageObject","inLanguage":"pt-BR","@id":"https:\/\/secure.gravatar.com\/avatar\/42749d8b712ff9d59ca93dc150494e5b55a44134482993f5baeb97e61b7ecc89?s=96&d=mm&r=g","url":"https:\/\/secure.gravatar.com\/avatar\/42749d8b712ff9d59ca93dc150494e5b55a44134482993f5baeb97e61b7ecc89?s=96&d=mm&r=g","contentUrl":"https:\/\/secure.gravatar.com\/avatar\/42749d8b712ff9d59ca93dc150494e5b55a44134482993f5baeb97e61b7ecc89?s=96&d=mm&r=g","caption":"Roberto"},"url":"https:\/\/regiaonews.net.br\/2022\/author\/roberto\/"}]}},"publishpress_future_action":{"enabled":false,"date":"2026-05-02 06:50:14","action":"change-status","newStatus":"draft","terms":[],"taxonomy":"category","extraData":[]},"publishpress_future_workflow_manual_trigger":{"enabledWorkflows":[]},"_links":{"self":[{"href":"https:\/\/regiaonews.net.br\/2022\/wp-json\/wp\/v2\/posts\/112426","targetHints":{"allow":["GET"]}}],"collection":[{"href":"https:\/\/regiaonews.net.br\/2022\/wp-json\/wp\/v2\/posts"}],"about":[{"href":"https:\/\/regiaonews.net.br\/2022\/wp-json\/wp\/v2\/types\/post"}],"author":[{"embeddable":true,"href":"https:\/\/regiaonews.net.br\/2022\/wp-json\/wp\/v2\/users\/2"}],"replies":[{"embeddable":true,"href":"https:\/\/regiaonews.net.br\/2022\/wp-json\/wp\/v2\/comments?post=112426"}],"version-history":[{"count":1,"href":"https:\/\/regiaonews.net.br\/2022\/wp-json\/wp\/v2\/posts\/112426\/revisions"}],"predecessor-version":[{"id":112429,"href":"https:\/\/regiaonews.net.br\/2022\/wp-json\/wp\/v2\/posts\/112426\/revisions\/112429"}],"wp:featuredmedia":[{"embeddable":true,"href":"https:\/\/regiaonews.net.br\/2022\/wp-json\/wp\/v2\/media\/112428"}],"wp:attachment":[{"href":"https:\/\/regiaonews.net.br\/2022\/wp-json\/wp\/v2\/media?parent=112426"}],"wp:term":[{"taxonomy":"category","embeddable":true,"href":"https:\/\/regiaonews.net.br\/2022\/wp-json\/wp\/v2\/categories?post=112426"},{"taxonomy":"post_tag","embeddable":true,"href":"https:\/\/regiaonews.net.br\/2022\/wp-json\/wp\/v2\/tags?post=112426"}],"curies":[{"name":"wp","href":"https:\/\/api.w.org\/{rel}","templated":true}]}}