{"id":112419,"date":"2024-11-26T22:17:48","date_gmt":"2024-11-27T01:17:48","guid":{"rendered":"https:\/\/regiaonews.net.br\/2022\/?p=112419"},"modified":"2024-11-26T22:17:48","modified_gmt":"2024-11-27T01:17:48","slug":"bolsonaro-atuou-de-forma-direta-e-efetiva-para-tentar-golpe-aponta-relatorio-da-pf","status":"publish","type":"post","link":"https:\/\/regiaonews.net.br\/2022\/2024\/11\/26\/bolsonaro-atuou-de-forma-direta-e-efetiva-para-tentar-golpe-aponta-relatorio-da-pf\/","title":{"rendered":"Bolsonaro atuou de forma &#8220;direta e efetiva&#8221; para tentar golpe, aponta relat\u00f3rio da  PF"},"content":{"rendered":"<header id=\"header-site\" class=\"header-site full-width rel-position\">\n<div class=\"header-veiculo full-width\">\n<aside id=\"nav-menu-mobile\" class=\"nav-menu-mobile\">\n<div class=\"search-container full-width\"><\/div>\n<\/aside>\n<\/div>\n<\/header>\n<p><main class=\"main-site\"><\/p>\n<div class=\"region region-content\">\n<div id=\"block-system-main\" class=\"block block-system\">\n<div class=\"content\">\n<div id=\"panel\" class=\"container-noticia rel-position\">\n<div id=\"node-1621307\" class=\"node node-conteudo clearfix\">\n<div class=\"conteudo-noticia\">\n<p>A Pol\u00edcia Federal (PF) concluiu que o ex-presidente Jair Bolsonaro atuou de &#8220;forma direta e efetiva&#8221; nos atos execut\u00f3rios para tentar um golpe de Estado em 2022.<img decoding=\"async\" src=\"https:\/\/agenciabrasil.ebc.com.br\/ebc.png?id=1621307&amp;o=node\" \/><img decoding=\"async\" src=\"https:\/\/agenciabrasil.ebc.com.br\/ebc.gif?id=1621307&amp;o=node\" \/><\/p>\n<p>A informa\u00e7\u00e3o est\u00e1 no relat\u00f3rio no qual a PF\u00a0<a href=\"https:\/\/agenciabrasil.ebc.com.br\/justica\/noticia\/2024-11\/pf-conclui-inquerito-sobre-tentativa-de-golpe-e-indicia-37-pessoas\" target=\"_blank\" rel=\"noopener\">indiciou Bolsonaro e mais 36 acusados<\/a>\u00a0por golpe de Estado e aboli\u00e7\u00e3o violenta do Estado Democr\u00e1tico de Direito. O<a href=\"https:\/\/agenciabrasil.ebc.com.br\/justica\/noticia\/2024-11\/moraes-retira-sigilo-de-inquerito-de-tentativa-de-golpe\" target=\"_blank\" rel=\"noopener\">\u00a0sigilo foi derrubado nesta ter\u00e7a-feira (26)<\/a>\u00a0pelo ministro do Supremo Tribunal Federal (STF) Alexandre de Moraes, relator do chamado inqu\u00e9rito do golpe.<\/p>\n<p>De acordo com a PF, Bolsonaro tinha conhecimento sobre o planejamento das a\u00e7\u00f5es para atentar contra a democracia brasileira.<\/p>\n<p>&#8220;Os elementos de prova obtidos ao longo da investiga\u00e7\u00e3o demonstram de forma inequ\u00edvoca que o ent\u00e3o presidente da Rep\u00fablica, Jair Messias Bolsonaro, planejou, atuou e teve o dom\u00ednio de forma direta e efetiva dos atos execut\u00f3rios realizados pela organiza\u00e7\u00e3o criminosa que objetivava a concretiza\u00e7\u00e3o de um golpe de estado e da aboli\u00e7\u00e3o do estado democr\u00e1tico de Direito, fato que n\u00e3o se consumou em raz\u00e3o de circunst\u00e2ncias alheias \u00e0 sua vontade&#8221;, diz o relat\u00f3rio.<\/p>\n<p>No documento, os investigadores tamb\u00e9m afirmam que Bolsonaro tinha conhecimento do chamado Punhal Verde e Amarelo, plano que, segundo a PF, foi elaborado pelos indiciados para sequestro ou homic\u00eddio do ministro Alexandre de Moraes, e do presidente Luiz In\u00e1cio Lula da Silva e do vice-presidente\u00a0Geraldo Alckmin.<\/p>\n<p>&#8220;H\u00e1 tamb\u00e9m nos autos relevantes e robustos elementos de prova que demonstram que o planejamento e o andamento dos atos eram reportados a Jair Bolsonaro, diretamente ou por interm\u00e9dio de Mauro Cid. As evid\u00eancias colhidas, tais como os registros de entrada e sa\u00edda de visitantes do Pal\u00e1cio do Alvorada, conte\u00fado de di\u00e1logos entre interlocutores de seu n\u00facleo pr\u00f3ximo, an\u00e1lise de ERBs [torres de celular], datas e locais de reuni\u00f5es, indicam que Jair Bolsonaro tinha pleno conhecimento do planejamento operacional (Punhal Verde e Amarelo), bem como das a\u00e7\u00f5es clandestinas praticadas sob o codinome Copa 2022&#8221;, diz a PF.<\/p>\n<p>Ainda segundo a corpora\u00e7\u00e3o,\u00a0o ex-presidente Jair Bolsonaro\u00a0<a href=\"https:\/\/agenciabrasil.ebc.com.br\/justica\/noticia\/2024-11\/pf-bolsonaro-deixou-pais-para-evitar-prisao-e-esperar-desfecho-do-81\" target=\"_blank\" rel=\"noopener\">deixou o Brasil no final de 2022 para evitar eventual pris\u00e3o<\/a>\u00a0e aguardar o desfecho dos atos golpistas de 8 de janeiro de 2023.\u00a0Em dezembro de 2022, nos \u00faltimos dias de seu mandato, Bolsonaro embarcou para os Estados Unidos e retornou somente em mar\u00e7o de 2023.<\/p>\n<p>A Pol\u00edcia Federal finalizou as investiga\u00e7\u00f5es afirmando que, apesar dos atos para implementa\u00e7\u00e3o, o golpe de Estado n\u00e3o ocorreu porque o alto comando das For\u00e7as Armadas n\u00e3o aderiu ao movimento golpista.<\/p>\n<p>&#8220;Destaca-se a resist\u00eancia dos comandantes da Aeron\u00e1utica, tenente-brigadeiro Baptista Junior, e do Ex\u00e9rcito, general Freire Gomes e da maioria do alto comando que permaneceram fi\u00e9is \u00e0 defesa do Estado Democr\u00e1tico de Direito, n\u00e3o dando o suporte armado para que o ent\u00e3o presidente da Rep\u00fablica consumasse o golpe de Estado&#8221;, concluiu a PF.<\/p>\n<p>A\u00a0<strong>Ag\u00eancia Brasil<\/strong>\u00a0busca contato com a defesa de Bolsonaro e est\u00e1 aberta para incluir seu posicionamento no texto.\u00a0Ontem (25), em coletiva de imprensa, ele declarou que &#8220;nunca discutiu golpe com ningu\u00e9m&#8221;. Segundo o ex-presidente, todas as medidas tomadas durante seu governo foram feitas &#8220;dentro das quatro linhas da Constitui\u00e7\u00e3o&#8221;.<\/p>\n<\/div>\n<\/div>\n<\/div>\n<\/div>\n<\/div>\n<\/div>\n<p><\/main><\/p>\n","protected":false},"excerpt":{"rendered":"<p>A Pol\u00edcia Federal (PF) concluiu que o ex-presidente Jair Bolsonaro<\/p>\n","protected":false},"author":2,"featured_media":70756,"comment_status":"open","ping_status":"open","sticky":false,"template":"","format":"standard","meta":{"footnotes":""},"categories":[24,111],"tags":[],"class_list":["post-112419","post","type-post","status-publish","format-standard","has-post-thumbnail","hentry","category-brasil","category-cotidiano"],"yoast_head":"<!-- This site is optimized with the Yoast SEO plugin v27.4 - https:\/\/yoast.com\/product\/yoast-seo-wordpress\/ -->\n<title>Bolsonaro atuou de forma &quot;direta e efetiva&quot; para tentar golpe, aponta relat\u00f3rio da PF - Regi\u00e3o News<\/title>\n<meta name=\"robots\" content=\"index, follow, max-snippet:-1, max-image-preview:large, max-video-preview:-1\" \/>\n<link rel=\"canonical\" href=\"https:\/\/regiaonews.net.br\/2022\/2024\/11\/26\/bolsonaro-atuou-de-forma-direta-e-efetiva-para-tentar-golpe-aponta-relatorio-da-pf\/\" \/>\n<meta property=\"og:locale\" content=\"pt_BR\" \/>\n<meta property=\"og:type\" content=\"article\" \/>\n<meta property=\"og:title\" content=\"Bolsonaro atuou de forma &quot;direta e efetiva&quot; para tentar golpe, aponta relat\u00f3rio da PF - Regi\u00e3o News\" \/>\n<meta property=\"og:description\" content=\"A Pol\u00edcia Federal (PF) concluiu que o ex-presidente Jair Bolsonaro\" \/>\n<meta property=\"og:url\" content=\"https:\/\/regiaonews.net.br\/2022\/2024\/11\/26\/bolsonaro-atuou-de-forma-direta-e-efetiva-para-tentar-golpe-aponta-relatorio-da-pf\/\" \/>\n<meta property=\"og:site_name\" content=\"Regi\u00e3o News\" \/>\n<meta property=\"article:published_time\" content=\"2024-11-27T01:17:48+00:00\" \/>\n<meta property=\"og:image\" content=\"https:\/\/regiaonews.net.br\/2022\/wp-content\/uploads\/2022\/05\/lancamento-canal-libras1_mcamgo_abr_260420221818-18.jpg\" \/>\n\t<meta property=\"og:image:width\" content=\"1170\" \/>\n\t<meta property=\"og:image:height\" content=\"700\" \/>\n\t<meta property=\"og:image:type\" content=\"image\/jpeg\" \/>\n<meta name=\"author\" content=\"Roberto\" \/>\n<meta name=\"twitter:card\" content=\"summary_large_image\" \/>\n<meta name=\"twitter:label1\" content=\"Escrito por\" \/>\n\t<meta name=\"twitter:data1\" content=\"Roberto\" \/>\n\t<meta name=\"twitter:label2\" content=\"Est. tempo de leitura\" \/>\n\t<meta name=\"twitter:data2\" content=\"4 minutos\" \/>\n<script type=\"application\/ld+json\" class=\"yoast-schema-graph\">{\"@context\":\"https:\\\/\\\/schema.org\",\"@graph\":[{\"@type\":\"Article\",\"@id\":\"https:\\\/\\\/regiaonews.net.br\\\/2022\\\/2024\\\/11\\\/26\\\/bolsonaro-atuou-de-forma-direta-e-efetiva-para-tentar-golpe-aponta-relatorio-da-pf\\\/#article\",\"isPartOf\":{\"@id\":\"https:\\\/\\\/regiaonews.net.br\\\/2022\\\/2024\\\/11\\\/26\\\/bolsonaro-atuou-de-forma-direta-e-efetiva-para-tentar-golpe-aponta-relatorio-da-pf\\\/\"},\"author\":{\"name\":\"Roberto\",\"@id\":\"https:\\\/\\\/regiaonews.net.br\\\/2022\\\/#\\\/schema\\\/person\\\/2d205a608a5aa97ac279d7a5e6d89ad8\"},\"headline\":\"Bolsonaro atuou de forma &#8220;direta e efetiva&#8221; para tentar golpe, aponta relat\u00f3rio da PF\",\"datePublished\":\"2024-11-27T01:17:48+00:00\",\"mainEntityOfPage\":{\"@id\":\"https:\\\/\\\/regiaonews.net.br\\\/2022\\\/2024\\\/11\\\/26\\\/bolsonaro-atuou-de-forma-direta-e-efetiva-para-tentar-golpe-aponta-relatorio-da-pf\\\/\"},\"wordCount\":563,\"commentCount\":0,\"publisher\":{\"@id\":\"https:\\\/\\\/regiaonews.net.br\\\/2022\\\/#organization\"},\"image\":{\"@id\":\"https:\\\/\\\/regiaonews.net.br\\\/2022\\\/2024\\\/11\\\/26\\\/bolsonaro-atuou-de-forma-direta-e-efetiva-para-tentar-golpe-aponta-relatorio-da-pf\\\/#primaryimage\"},\"thumbnailUrl\":\"https:\\\/\\\/regiaonews.net.br\\\/2022\\\/wp-content\\\/uploads\\\/2022\\\/05\\\/lancamento-canal-libras1_mcamgo_abr_260420221818-18.jpg\",\"articleSection\":[\"Brasil\",\"Cotidiano\"],\"inLanguage\":\"pt-BR\",\"potentialAction\":[{\"@type\":\"CommentAction\",\"name\":\"Comment\",\"target\":[\"https:\\\/\\\/regiaonews.net.br\\\/2022\\\/2024\\\/11\\\/26\\\/bolsonaro-atuou-de-forma-direta-e-efetiva-para-tentar-golpe-aponta-relatorio-da-pf\\\/#respond\"]}]},{\"@type\":\"WebPage\",\"@id\":\"https:\\\/\\\/regiaonews.net.br\\\/2022\\\/2024\\\/11\\\/26\\\/bolsonaro-atuou-de-forma-direta-e-efetiva-para-tentar-golpe-aponta-relatorio-da-pf\\\/\",\"url\":\"https:\\\/\\\/regiaonews.net.br\\\/2022\\\/2024\\\/11\\\/26\\\/bolsonaro-atuou-de-forma-direta-e-efetiva-para-tentar-golpe-aponta-relatorio-da-pf\\\/\",\"name\":\"Bolsonaro atuou de forma \\\"direta e efetiva\\\" para tentar golpe, aponta relat\u00f3rio da PF - Regi\u00e3o News\",\"isPartOf\":{\"@id\":\"https:\\\/\\\/regiaonews.net.br\\\/2022\\\/#website\"},\"primaryImageOfPage\":{\"@id\":\"https:\\\/\\\/regiaonews.net.br\\\/2022\\\/2024\\\/11\\\/26\\\/bolsonaro-atuou-de-forma-direta-e-efetiva-para-tentar-golpe-aponta-relatorio-da-pf\\\/#primaryimage\"},\"image\":{\"@id\":\"https:\\\/\\\/regiaonews.net.br\\\/2022\\\/2024\\\/11\\\/26\\\/bolsonaro-atuou-de-forma-direta-e-efetiva-para-tentar-golpe-aponta-relatorio-da-pf\\\/#primaryimage\"},\"thumbnailUrl\":\"https:\\\/\\\/regiaonews.net.br\\\/2022\\\/wp-content\\\/uploads\\\/2022\\\/05\\\/lancamento-canal-libras1_mcamgo_abr_260420221818-18.jpg\",\"datePublished\":\"2024-11-27T01:17:48+00:00\",\"breadcrumb\":{\"@id\":\"https:\\\/\\\/regiaonews.net.br\\\/2022\\\/2024\\\/11\\\/26\\\/bolsonaro-atuou-de-forma-direta-e-efetiva-para-tentar-golpe-aponta-relatorio-da-pf\\\/#breadcrumb\"},\"inLanguage\":\"pt-BR\",\"potentialAction\":[{\"@type\":\"ReadAction\",\"target\":[\"https:\\\/\\\/regiaonews.net.br\\\/2022\\\/2024\\\/11\\\/26\\\/bolsonaro-atuou-de-forma-direta-e-efetiva-para-tentar-golpe-aponta-relatorio-da-pf\\\/\"]}]},{\"@type\":\"ImageObject\",\"inLanguage\":\"pt-BR\",\"@id\":\"https:\\\/\\\/regiaonews.net.br\\\/2022\\\/2024\\\/11\\\/26\\\/bolsonaro-atuou-de-forma-direta-e-efetiva-para-tentar-golpe-aponta-relatorio-da-pf\\\/#primaryimage\",\"url\":\"https:\\\/\\\/regiaonews.net.br\\\/2022\\\/wp-content\\\/uploads\\\/2022\\\/05\\\/lancamento-canal-libras1_mcamgo_abr_260420221818-18.jpg\",\"contentUrl\":\"https:\\\/\\\/regiaonews.net.br\\\/2022\\\/wp-content\\\/uploads\\\/2022\\\/05\\\/lancamento-canal-libras1_mcamgo_abr_260420221818-18.jpg\",\"width\":1170,\"height\":700,\"caption\":\"O presidente Jair Bolsonaro durante o lan\u00e7amento do Canal Educa\u00e7\u00e3o e do Canal Libras, no Pal\u00e1cio do Planalto.\"},{\"@type\":\"BreadcrumbList\",\"@id\":\"https:\\\/\\\/regiaonews.net.br\\\/2022\\\/2024\\\/11\\\/26\\\/bolsonaro-atuou-de-forma-direta-e-efetiva-para-tentar-golpe-aponta-relatorio-da-pf\\\/#breadcrumb\",\"itemListElement\":[{\"@type\":\"ListItem\",\"position\":1,\"name\":\"In\u00edcio\",\"item\":\"https:\\\/\\\/regiaonews.net.br\\\/2022\\\/\"},{\"@type\":\"ListItem\",\"position\":2,\"name\":\"Bolsonaro atuou de forma &#8220;direta e efetiva&#8221; para tentar golpe, aponta relat\u00f3rio da PF\"}]},{\"@type\":\"WebSite\",\"@id\":\"https:\\\/\\\/regiaonews.net.br\\\/2022\\\/#website\",\"url\":\"https:\\\/\\\/regiaonews.net.br\\\/2022\\\/\",\"name\":\"Regi\u00e3o News\",\"description\":\"Site de Not\u00edcias de Barretos e regi\u00e3o\",\"publisher\":{\"@id\":\"https:\\\/\\\/regiaonews.net.br\\\/2022\\\/#organization\"},\"potentialAction\":[{\"@type\":\"SearchAction\",\"target\":{\"@type\":\"EntryPoint\",\"urlTemplate\":\"https:\\\/\\\/regiaonews.net.br\\\/2022\\\/?s={search_term_string}\"},\"query-input\":{\"@type\":\"PropertyValueSpecification\",\"valueRequired\":true,\"valueName\":\"search_term_string\"}}],\"inLanguage\":\"pt-BR\"},{\"@type\":\"Organization\",\"@id\":\"https:\\\/\\\/regiaonews.net.br\\\/2022\\\/#organization\",\"name\":\"Regi\u00e3o News\",\"url\":\"https:\\\/\\\/regiaonews.net.br\\\/2022\\\/\",\"logo\":{\"@type\":\"ImageObject\",\"inLanguage\":\"pt-BR\",\"@id\":\"https:\\\/\\\/regiaonews.net.br\\\/2022\\\/#\\\/schema\\\/logo\\\/image\\\/\",\"url\":\"https:\\\/\\\/regiaonews.net.br\\\/2022\\\/wp-content\\\/uploads\\\/2026\\\/03\\\/regiao-13-anos-scaled.jpg\",\"contentUrl\":\"https:\\\/\\\/regiaonews.net.br\\\/2022\\\/wp-content\\\/uploads\\\/2026\\\/03\\\/regiao-13-anos-scaled.jpg\",\"width\":2560,\"height\":635,\"caption\":\"Regi\u00e3o News\"},\"image\":{\"@id\":\"https:\\\/\\\/regiaonews.net.br\\\/2022\\\/#\\\/schema\\\/logo\\\/image\\\/\"}},{\"@type\":\"Person\",\"@id\":\"https:\\\/\\\/regiaonews.net.br\\\/2022\\\/#\\\/schema\\\/person\\\/2d205a608a5aa97ac279d7a5e6d89ad8\",\"name\":\"Roberto\",\"image\":{\"@type\":\"ImageObject\",\"inLanguage\":\"pt-BR\",\"@id\":\"https:\\\/\\\/secure.gravatar.com\\\/avatar\\\/42749d8b712ff9d59ca93dc150494e5b55a44134482993f5baeb97e61b7ecc89?s=96&d=mm&r=g\",\"url\":\"https:\\\/\\\/secure.gravatar.com\\\/avatar\\\/42749d8b712ff9d59ca93dc150494e5b55a44134482993f5baeb97e61b7ecc89?s=96&d=mm&r=g\",\"contentUrl\":\"https:\\\/\\\/secure.gravatar.com\\\/avatar\\\/42749d8b712ff9d59ca93dc150494e5b55a44134482993f5baeb97e61b7ecc89?s=96&d=mm&r=g\",\"caption\":\"Roberto\"},\"url\":\"https:\\\/\\\/regiaonews.net.br\\\/2022\\\/author\\\/roberto\\\/\"}]}<\/script>\n<!-- \/ Yoast SEO plugin. -->","yoast_head_json":{"title":"Bolsonaro atuou de forma \"direta e efetiva\" para tentar golpe, aponta relat\u00f3rio da PF - Regi\u00e3o News","robots":{"index":"index","follow":"follow","max-snippet":"max-snippet:-1","max-image-preview":"max-image-preview:large","max-video-preview":"max-video-preview:-1"},"canonical":"https:\/\/regiaonews.net.br\/2022\/2024\/11\/26\/bolsonaro-atuou-de-forma-direta-e-efetiva-para-tentar-golpe-aponta-relatorio-da-pf\/","og_locale":"pt_BR","og_type":"article","og_title":"Bolsonaro atuou de forma \"direta e efetiva\" para tentar golpe, aponta relat\u00f3rio da PF - Regi\u00e3o News","og_description":"A Pol\u00edcia Federal (PF) concluiu que o ex-presidente Jair Bolsonaro","og_url":"https:\/\/regiaonews.net.br\/2022\/2024\/11\/26\/bolsonaro-atuou-de-forma-direta-e-efetiva-para-tentar-golpe-aponta-relatorio-da-pf\/","og_site_name":"Regi\u00e3o News","article_published_time":"2024-11-27T01:17:48+00:00","og_image":[{"width":1170,"height":700,"url":"https:\/\/regiaonews.net.br\/2022\/wp-content\/uploads\/2022\/05\/lancamento-canal-libras1_mcamgo_abr_260420221818-18.jpg","type":"image\/jpeg"}],"author":"Roberto","twitter_card":"summary_large_image","twitter_misc":{"Escrito por":"Roberto","Est. tempo de leitura":"4 minutos"},"schema":{"@context":"https:\/\/schema.org","@graph":[{"@type":"Article","@id":"https:\/\/regiaonews.net.br\/2022\/2024\/11\/26\/bolsonaro-atuou-de-forma-direta-e-efetiva-para-tentar-golpe-aponta-relatorio-da-pf\/#article","isPartOf":{"@id":"https:\/\/regiaonews.net.br\/2022\/2024\/11\/26\/bolsonaro-atuou-de-forma-direta-e-efetiva-para-tentar-golpe-aponta-relatorio-da-pf\/"},"author":{"name":"Roberto","@id":"https:\/\/regiaonews.net.br\/2022\/#\/schema\/person\/2d205a608a5aa97ac279d7a5e6d89ad8"},"headline":"Bolsonaro atuou de forma &#8220;direta e efetiva&#8221; para tentar golpe, aponta relat\u00f3rio da PF","datePublished":"2024-11-27T01:17:48+00:00","mainEntityOfPage":{"@id":"https:\/\/regiaonews.net.br\/2022\/2024\/11\/26\/bolsonaro-atuou-de-forma-direta-e-efetiva-para-tentar-golpe-aponta-relatorio-da-pf\/"},"wordCount":563,"commentCount":0,"publisher":{"@id":"https:\/\/regiaonews.net.br\/2022\/#organization"},"image":{"@id":"https:\/\/regiaonews.net.br\/2022\/2024\/11\/26\/bolsonaro-atuou-de-forma-direta-e-efetiva-para-tentar-golpe-aponta-relatorio-da-pf\/#primaryimage"},"thumbnailUrl":"https:\/\/regiaonews.net.br\/2022\/wp-content\/uploads\/2022\/05\/lancamento-canal-libras1_mcamgo_abr_260420221818-18.jpg","articleSection":["Brasil","Cotidiano"],"inLanguage":"pt-BR","potentialAction":[{"@type":"CommentAction","name":"Comment","target":["https:\/\/regiaonews.net.br\/2022\/2024\/11\/26\/bolsonaro-atuou-de-forma-direta-e-efetiva-para-tentar-golpe-aponta-relatorio-da-pf\/#respond"]}]},{"@type":"WebPage","@id":"https:\/\/regiaonews.net.br\/2022\/2024\/11\/26\/bolsonaro-atuou-de-forma-direta-e-efetiva-para-tentar-golpe-aponta-relatorio-da-pf\/","url":"https:\/\/regiaonews.net.br\/2022\/2024\/11\/26\/bolsonaro-atuou-de-forma-direta-e-efetiva-para-tentar-golpe-aponta-relatorio-da-pf\/","name":"Bolsonaro atuou de forma \"direta e efetiva\" para tentar golpe, aponta relat\u00f3rio da PF - Regi\u00e3o News","isPartOf":{"@id":"https:\/\/regiaonews.net.br\/2022\/#website"},"primaryImageOfPage":{"@id":"https:\/\/regiaonews.net.br\/2022\/2024\/11\/26\/bolsonaro-atuou-de-forma-direta-e-efetiva-para-tentar-golpe-aponta-relatorio-da-pf\/#primaryimage"},"image":{"@id":"https:\/\/regiaonews.net.br\/2022\/2024\/11\/26\/bolsonaro-atuou-de-forma-direta-e-efetiva-para-tentar-golpe-aponta-relatorio-da-pf\/#primaryimage"},"thumbnailUrl":"https:\/\/regiaonews.net.br\/2022\/wp-content\/uploads\/2022\/05\/lancamento-canal-libras1_mcamgo_abr_260420221818-18.jpg","datePublished":"2024-11-27T01:17:48+00:00","breadcrumb":{"@id":"https:\/\/regiaonews.net.br\/2022\/2024\/11\/26\/bolsonaro-atuou-de-forma-direta-e-efetiva-para-tentar-golpe-aponta-relatorio-da-pf\/#breadcrumb"},"inLanguage":"pt-BR","potentialAction":[{"@type":"ReadAction","target":["https:\/\/regiaonews.net.br\/2022\/2024\/11\/26\/bolsonaro-atuou-de-forma-direta-e-efetiva-para-tentar-golpe-aponta-relatorio-da-pf\/"]}]},{"@type":"ImageObject","inLanguage":"pt-BR","@id":"https:\/\/regiaonews.net.br\/2022\/2024\/11\/26\/bolsonaro-atuou-de-forma-direta-e-efetiva-para-tentar-golpe-aponta-relatorio-da-pf\/#primaryimage","url":"https:\/\/regiaonews.net.br\/2022\/wp-content\/uploads\/2022\/05\/lancamento-canal-libras1_mcamgo_abr_260420221818-18.jpg","contentUrl":"https:\/\/regiaonews.net.br\/2022\/wp-content\/uploads\/2022\/05\/lancamento-canal-libras1_mcamgo_abr_260420221818-18.jpg","width":1170,"height":700,"caption":"O presidente Jair Bolsonaro durante o lan\u00e7amento do Canal Educa\u00e7\u00e3o e do Canal Libras, no Pal\u00e1cio do Planalto."},{"@type":"BreadcrumbList","@id":"https:\/\/regiaonews.net.br\/2022\/2024\/11\/26\/bolsonaro-atuou-de-forma-direta-e-efetiva-para-tentar-golpe-aponta-relatorio-da-pf\/#breadcrumb","itemListElement":[{"@type":"ListItem","position":1,"name":"In\u00edcio","item":"https:\/\/regiaonews.net.br\/2022\/"},{"@type":"ListItem","position":2,"name":"Bolsonaro atuou de forma &#8220;direta e efetiva&#8221; para tentar golpe, aponta relat\u00f3rio da PF"}]},{"@type":"WebSite","@id":"https:\/\/regiaonews.net.br\/2022\/#website","url":"https:\/\/regiaonews.net.br\/2022\/","name":"Regi\u00e3o News","description":"Site de Not\u00edcias de Barretos e regi\u00e3o","publisher":{"@id":"https:\/\/regiaonews.net.br\/2022\/#organization"},"potentialAction":[{"@type":"SearchAction","target":{"@type":"EntryPoint","urlTemplate":"https:\/\/regiaonews.net.br\/2022\/?s={search_term_string}"},"query-input":{"@type":"PropertyValueSpecification","valueRequired":true,"valueName":"search_term_string"}}],"inLanguage":"pt-BR"},{"@type":"Organization","@id":"https:\/\/regiaonews.net.br\/2022\/#organization","name":"Regi\u00e3o News","url":"https:\/\/regiaonews.net.br\/2022\/","logo":{"@type":"ImageObject","inLanguage":"pt-BR","@id":"https:\/\/regiaonews.net.br\/2022\/#\/schema\/logo\/image\/","url":"https:\/\/regiaonews.net.br\/2022\/wp-content\/uploads\/2026\/03\/regiao-13-anos-scaled.jpg","contentUrl":"https:\/\/regiaonews.net.br\/2022\/wp-content\/uploads\/2026\/03\/regiao-13-anos-scaled.jpg","width":2560,"height":635,"caption":"Regi\u00e3o News"},"image":{"@id":"https:\/\/regiaonews.net.br\/2022\/#\/schema\/logo\/image\/"}},{"@type":"Person","@id":"https:\/\/regiaonews.net.br\/2022\/#\/schema\/person\/2d205a608a5aa97ac279d7a5e6d89ad8","name":"Roberto","image":{"@type":"ImageObject","inLanguage":"pt-BR","@id":"https:\/\/secure.gravatar.com\/avatar\/42749d8b712ff9d59ca93dc150494e5b55a44134482993f5baeb97e61b7ecc89?s=96&d=mm&r=g","url":"https:\/\/secure.gravatar.com\/avatar\/42749d8b712ff9d59ca93dc150494e5b55a44134482993f5baeb97e61b7ecc89?s=96&d=mm&r=g","contentUrl":"https:\/\/secure.gravatar.com\/avatar\/42749d8b712ff9d59ca93dc150494e5b55a44134482993f5baeb97e61b7ecc89?s=96&d=mm&r=g","caption":"Roberto"},"url":"https:\/\/regiaonews.net.br\/2022\/author\/roberto\/"}]}},"publishpress_future_action":{"enabled":false,"date":"2026-05-02 05:21:00","action":"change-status","newStatus":"draft","terms":[],"taxonomy":"category","extraData":[]},"publishpress_future_workflow_manual_trigger":{"enabledWorkflows":[]},"_links":{"self":[{"href":"https:\/\/regiaonews.net.br\/2022\/wp-json\/wp\/v2\/posts\/112419","targetHints":{"allow":["GET"]}}],"collection":[{"href":"https:\/\/regiaonews.net.br\/2022\/wp-json\/wp\/v2\/posts"}],"about":[{"href":"https:\/\/regiaonews.net.br\/2022\/wp-json\/wp\/v2\/types\/post"}],"author":[{"embeddable":true,"href":"https:\/\/regiaonews.net.br\/2022\/wp-json\/wp\/v2\/users\/2"}],"replies":[{"embeddable":true,"href":"https:\/\/regiaonews.net.br\/2022\/wp-json\/wp\/v2\/comments?post=112419"}],"version-history":[{"count":1,"href":"https:\/\/regiaonews.net.br\/2022\/wp-json\/wp\/v2\/posts\/112419\/revisions"}],"predecessor-version":[{"id":112420,"href":"https:\/\/regiaonews.net.br\/2022\/wp-json\/wp\/v2\/posts\/112419\/revisions\/112420"}],"wp:featuredmedia":[{"embeddable":true,"href":"https:\/\/regiaonews.net.br\/2022\/wp-json\/wp\/v2\/media\/70756"}],"wp:attachment":[{"href":"https:\/\/regiaonews.net.br\/2022\/wp-json\/wp\/v2\/media?parent=112419"}],"wp:term":[{"taxonomy":"category","embeddable":true,"href":"https:\/\/regiaonews.net.br\/2022\/wp-json\/wp\/v2\/categories?post=112419"},{"taxonomy":"post_tag","embeddable":true,"href":"https:\/\/regiaonews.net.br\/2022\/wp-json\/wp\/v2\/tags?post=112419"}],"curies":[{"name":"wp","href":"https:\/\/api.w.org\/{rel}","templated":true}]}}