{"id":112388,"date":"2024-11-26T11:08:03","date_gmt":"2024-11-26T14:08:03","guid":{"rendered":"https:\/\/regiaonews.net.br\/2022\/?p=112388"},"modified":"2024-11-26T11:08:03","modified_gmt":"2024-11-26T14:08:03","slug":"apab-e-vice-campea-estadual-de-basquete-feminino","status":"publish","type":"post","link":"https:\/\/regiaonews.net.br\/2022\/2024\/11\/26\/apab-e-vice-campea-estadual-de-basquete-feminino\/","title":{"rendered":"APAB \u00e9 vice-campe\u00e3 estadual de Basquete\u00a0Feminino"},"content":{"rendered":"<p>A APAB Barretos\/Col\u00e9gio FEB sagrou-se vice-campe\u00e3 estadual de Basquete Feminino, categoria Sub-13, durante a final realizada pela Federa\u00e7\u00e3o Paulista de Basquete realizada em Tup\u00e3, entre os dias 22 e 23 de novembro. As finais teve a presen\u00e7a da APAB Barretos, Centro Ol\u00edmpico de S\u00e3o Paulo, Tup\u00e3 e S\u00e3o Jos\u00e9 do dos Campos. Para obter o vice-campeonato, as barretenses comandadas pela t\u00e9cnica Cynthia Almeida, venceram S\u00e3o Jos\u00e9 dos Campos na sexta, dia 22, por 56 a 21 e na final realizada no s\u00e1bado (23), perderam por 55 a 33.<br \/>\nDe acordo com a presidente da APAB, Tha\u00eds Soares da Silva, a conquista obtida em Tup\u00e3, fecha o ano com um grande resultado.<br \/>\nPara o coordenador da APAB, Jesus Ant\u00f4nio de Oliveira o vice-campeonato foi uma grande conquista, j\u00e1 que o time barretense conta com 12 meninas todas de Barretos com idade entre 12, 13 e 14 anos. \u201c\u00c9 um trabalho novo que j\u00e1 est\u00e1 dando resultados\u201d,\u00a0afirmou.<\/p>\n","protected":false},"excerpt":{"rendered":"<p>A APAB Barretos\/Col\u00e9gio FEB sagrou-se vice-campe\u00e3 estadual de Basquete Feminino,<\/p>\n","protected":false},"author":2,"featured_media":112389,"comment_status":"open","ping_status":"open","sticky":false,"template":"","format":"standard","meta":{"footnotes":""},"categories":[14,21],"tags":[],"class_list":["post-112388","post","type-post","status-publish","format-standard","has-post-thumbnail","hentry","category-barretos","category-esporte"],"yoast_head":"<!-- This site is optimized with the Yoast SEO plugin v27.4 - https:\/\/yoast.com\/product\/yoast-seo-wordpress\/ -->\n<title>APAB \u00e9 vice-campe\u00e3 estadual de Basquete\u00a0Feminino - Regi\u00e3o News<\/title>\n<meta name=\"robots\" content=\"index, follow, max-snippet:-1, max-image-preview:large, max-video-preview:-1\" \/>\n<link rel=\"canonical\" href=\"https:\/\/regiaonews.net.br\/2022\/2024\/11\/26\/apab-e-vice-campea-estadual-de-basquete-feminino\/\" \/>\n<meta property=\"og:locale\" content=\"pt_BR\" \/>\n<meta property=\"og:type\" content=\"article\" \/>\n<meta property=\"og:title\" content=\"APAB \u00e9 vice-campe\u00e3 estadual de Basquete\u00a0Feminino - Regi\u00e3o News\" \/>\n<meta property=\"og:description\" content=\"A APAB Barretos\/Col\u00e9gio FEB sagrou-se vice-campe\u00e3 estadual de Basquete Feminino,\" \/>\n<meta property=\"og:url\" content=\"https:\/\/regiaonews.net.br\/2022\/2024\/11\/26\/apab-e-vice-campea-estadual-de-basquete-feminino\/\" \/>\n<meta property=\"og:site_name\" content=\"Regi\u00e3o News\" \/>\n<meta property=\"article:published_time\" content=\"2024-11-26T14:08:03+00:00\" \/>\n<meta property=\"og:image\" content=\"https:\/\/regiaonews.net.br\/2022\/wp-content\/uploads\/2024\/11\/Imagem-do-WhatsApp-de-2024-11-26-as-09.31.29_37cd5a1a.jpg\" \/>\n\t<meta property=\"og:image:width\" content=\"1280\" \/>\n\t<meta property=\"og:image:height\" content=\"908\" \/>\n\t<meta property=\"og:image:type\" content=\"image\/jpeg\" \/>\n<meta name=\"author\" content=\"Roberto\" \/>\n<meta name=\"twitter:card\" content=\"summary_large_image\" \/>\n<meta name=\"twitter:label1\" content=\"Escrito por\" \/>\n\t<meta name=\"twitter:data1\" content=\"Roberto\" \/>\n\t<meta name=\"twitter:label2\" content=\"Est. tempo de leitura\" \/>\n\t<meta name=\"twitter:data2\" content=\"2 minutos\" \/>\n<script type=\"application\/ld+json\" class=\"yoast-schema-graph\">{\"@context\":\"https:\\\/\\\/schema.org\",\"@graph\":[{\"@type\":\"Article\",\"@id\":\"https:\\\/\\\/regiaonews.net.br\\\/2022\\\/2024\\\/11\\\/26\\\/apab-e-vice-campea-estadual-de-basquete-feminino\\\/#article\",\"isPartOf\":{\"@id\":\"https:\\\/\\\/regiaonews.net.br\\\/2022\\\/2024\\\/11\\\/26\\\/apab-e-vice-campea-estadual-de-basquete-feminino\\\/\"},\"author\":{\"name\":\"Roberto\",\"@id\":\"https:\\\/\\\/regiaonews.net.br\\\/2022\\\/#\\\/schema\\\/person\\\/2d205a608a5aa97ac279d7a5e6d89ad8\"},\"headline\":\"APAB \u00e9 vice-campe\u00e3 estadual de Basquete\u00a0Feminino\",\"datePublished\":\"2024-11-26T14:08:03+00:00\",\"mainEntityOfPage\":{\"@id\":\"https:\\\/\\\/regiaonews.net.br\\\/2022\\\/2024\\\/11\\\/26\\\/apab-e-vice-campea-estadual-de-basquete-feminino\\\/\"},\"wordCount\":161,\"commentCount\":0,\"publisher\":{\"@id\":\"https:\\\/\\\/regiaonews.net.br\\\/2022\\\/#organization\"},\"image\":{\"@id\":\"https:\\\/\\\/regiaonews.net.br\\\/2022\\\/2024\\\/11\\\/26\\\/apab-e-vice-campea-estadual-de-basquete-feminino\\\/#primaryimage\"},\"thumbnailUrl\":\"https:\\\/\\\/regiaonews.net.br\\\/2022\\\/wp-content\\\/uploads\\\/2024\\\/11\\\/Imagem-do-WhatsApp-de-2024-11-26-as-09.31.29_37cd5a1a.jpg\",\"articleSection\":[\"Barretos\",\"Esporte\"],\"inLanguage\":\"pt-BR\",\"potentialAction\":[{\"@type\":\"CommentAction\",\"name\":\"Comment\",\"target\":[\"https:\\\/\\\/regiaonews.net.br\\\/2022\\\/2024\\\/11\\\/26\\\/apab-e-vice-campea-estadual-de-basquete-feminino\\\/#respond\"]}]},{\"@type\":\"WebPage\",\"@id\":\"https:\\\/\\\/regiaonews.net.br\\\/2022\\\/2024\\\/11\\\/26\\\/apab-e-vice-campea-estadual-de-basquete-feminino\\\/\",\"url\":\"https:\\\/\\\/regiaonews.net.br\\\/2022\\\/2024\\\/11\\\/26\\\/apab-e-vice-campea-estadual-de-basquete-feminino\\\/\",\"name\":\"APAB \u00e9 vice-campe\u00e3 estadual de Basquete\u00a0Feminino - Regi\u00e3o News\",\"isPartOf\":{\"@id\":\"https:\\\/\\\/regiaonews.net.br\\\/2022\\\/#website\"},\"primaryImageOfPage\":{\"@id\":\"https:\\\/\\\/regiaonews.net.br\\\/2022\\\/2024\\\/11\\\/26\\\/apab-e-vice-campea-estadual-de-basquete-feminino\\\/#primaryimage\"},\"image\":{\"@id\":\"https:\\\/\\\/regiaonews.net.br\\\/2022\\\/2024\\\/11\\\/26\\\/apab-e-vice-campea-estadual-de-basquete-feminino\\\/#primaryimage\"},\"thumbnailUrl\":\"https:\\\/\\\/regiaonews.net.br\\\/2022\\\/wp-content\\\/uploads\\\/2024\\\/11\\\/Imagem-do-WhatsApp-de-2024-11-26-as-09.31.29_37cd5a1a.jpg\",\"datePublished\":\"2024-11-26T14:08:03+00:00\",\"breadcrumb\":{\"@id\":\"https:\\\/\\\/regiaonews.net.br\\\/2022\\\/2024\\\/11\\\/26\\\/apab-e-vice-campea-estadual-de-basquete-feminino\\\/#breadcrumb\"},\"inLanguage\":\"pt-BR\",\"potentialAction\":[{\"@type\":\"ReadAction\",\"target\":[\"https:\\\/\\\/regiaonews.net.br\\\/2022\\\/2024\\\/11\\\/26\\\/apab-e-vice-campea-estadual-de-basquete-feminino\\\/\"]}]},{\"@type\":\"ImageObject\",\"inLanguage\":\"pt-BR\",\"@id\":\"https:\\\/\\\/regiaonews.net.br\\\/2022\\\/2024\\\/11\\\/26\\\/apab-e-vice-campea-estadual-de-basquete-feminino\\\/#primaryimage\",\"url\":\"https:\\\/\\\/regiaonews.net.br\\\/2022\\\/wp-content\\\/uploads\\\/2024\\\/11\\\/Imagem-do-WhatsApp-de-2024-11-26-as-09.31.29_37cd5a1a.jpg\",\"contentUrl\":\"https:\\\/\\\/regiaonews.net.br\\\/2022\\\/wp-content\\\/uploads\\\/2024\\\/11\\\/Imagem-do-WhatsApp-de-2024-11-26-as-09.31.29_37cd5a1a.jpg\",\"width\":1280,\"height\":908},{\"@type\":\"BreadcrumbList\",\"@id\":\"https:\\\/\\\/regiaonews.net.br\\\/2022\\\/2024\\\/11\\\/26\\\/apab-e-vice-campea-estadual-de-basquete-feminino\\\/#breadcrumb\",\"itemListElement\":[{\"@type\":\"ListItem\",\"position\":1,\"name\":\"In\u00edcio\",\"item\":\"https:\\\/\\\/regiaonews.net.br\\\/2022\\\/\"},{\"@type\":\"ListItem\",\"position\":2,\"name\":\"APAB \u00e9 vice-campe\u00e3 estadual de Basquete\u00a0Feminino\"}]},{\"@type\":\"WebSite\",\"@id\":\"https:\\\/\\\/regiaonews.net.br\\\/2022\\\/#website\",\"url\":\"https:\\\/\\\/regiaonews.net.br\\\/2022\\\/\",\"name\":\"Regi\u00e3o News\",\"description\":\"Site de Not\u00edcias de Barretos e regi\u00e3o\",\"publisher\":{\"@id\":\"https:\\\/\\\/regiaonews.net.br\\\/2022\\\/#organization\"},\"potentialAction\":[{\"@type\":\"SearchAction\",\"target\":{\"@type\":\"EntryPoint\",\"urlTemplate\":\"https:\\\/\\\/regiaonews.net.br\\\/2022\\\/?s={search_term_string}\"},\"query-input\":{\"@type\":\"PropertyValueSpecification\",\"valueRequired\":true,\"valueName\":\"search_term_string\"}}],\"inLanguage\":\"pt-BR\"},{\"@type\":\"Organization\",\"@id\":\"https:\\\/\\\/regiaonews.net.br\\\/2022\\\/#organization\",\"name\":\"Regi\u00e3o News\",\"url\":\"https:\\\/\\\/regiaonews.net.br\\\/2022\\\/\",\"logo\":{\"@type\":\"ImageObject\",\"inLanguage\":\"pt-BR\",\"@id\":\"https:\\\/\\\/regiaonews.net.br\\\/2022\\\/#\\\/schema\\\/logo\\\/image\\\/\",\"url\":\"https:\\\/\\\/regiaonews.net.br\\\/2022\\\/wp-content\\\/uploads\\\/2026\\\/03\\\/regiao-13-anos-scaled.jpg\",\"contentUrl\":\"https:\\\/\\\/regiaonews.net.br\\\/2022\\\/wp-content\\\/uploads\\\/2026\\\/03\\\/regiao-13-anos-scaled.jpg\",\"width\":2560,\"height\":635,\"caption\":\"Regi\u00e3o News\"},\"image\":{\"@id\":\"https:\\\/\\\/regiaonews.net.br\\\/2022\\\/#\\\/schema\\\/logo\\\/image\\\/\"}},{\"@type\":\"Person\",\"@id\":\"https:\\\/\\\/regiaonews.net.br\\\/2022\\\/#\\\/schema\\\/person\\\/2d205a608a5aa97ac279d7a5e6d89ad8\",\"name\":\"Roberto\",\"image\":{\"@type\":\"ImageObject\",\"inLanguage\":\"pt-BR\",\"@id\":\"https:\\\/\\\/secure.gravatar.com\\\/avatar\\\/42749d8b712ff9d59ca93dc150494e5b55a44134482993f5baeb97e61b7ecc89?s=96&d=mm&r=g\",\"url\":\"https:\\\/\\\/secure.gravatar.com\\\/avatar\\\/42749d8b712ff9d59ca93dc150494e5b55a44134482993f5baeb97e61b7ecc89?s=96&d=mm&r=g\",\"contentUrl\":\"https:\\\/\\\/secure.gravatar.com\\\/avatar\\\/42749d8b712ff9d59ca93dc150494e5b55a44134482993f5baeb97e61b7ecc89?s=96&d=mm&r=g\",\"caption\":\"Roberto\"},\"url\":\"https:\\\/\\\/regiaonews.net.br\\\/2022\\\/author\\\/roberto\\\/\"}]}<\/script>\n<!-- \/ Yoast SEO plugin. -->","yoast_head_json":{"title":"APAB \u00e9 vice-campe\u00e3 estadual de Basquete\u00a0Feminino - Regi\u00e3o News","robots":{"index":"index","follow":"follow","max-snippet":"max-snippet:-1","max-image-preview":"max-image-preview:large","max-video-preview":"max-video-preview:-1"},"canonical":"https:\/\/regiaonews.net.br\/2022\/2024\/11\/26\/apab-e-vice-campea-estadual-de-basquete-feminino\/","og_locale":"pt_BR","og_type":"article","og_title":"APAB \u00e9 vice-campe\u00e3 estadual de Basquete\u00a0Feminino - Regi\u00e3o News","og_description":"A APAB Barretos\/Col\u00e9gio FEB sagrou-se vice-campe\u00e3 estadual de Basquete Feminino,","og_url":"https:\/\/regiaonews.net.br\/2022\/2024\/11\/26\/apab-e-vice-campea-estadual-de-basquete-feminino\/","og_site_name":"Regi\u00e3o News","article_published_time":"2024-11-26T14:08:03+00:00","og_image":[{"width":1280,"height":908,"url":"https:\/\/regiaonews.net.br\/2022\/wp-content\/uploads\/2024\/11\/Imagem-do-WhatsApp-de-2024-11-26-as-09.31.29_37cd5a1a.jpg","type":"image\/jpeg"}],"author":"Roberto","twitter_card":"summary_large_image","twitter_misc":{"Escrito por":"Roberto","Est. tempo de leitura":"2 minutos"},"schema":{"@context":"https:\/\/schema.org","@graph":[{"@type":"Article","@id":"https:\/\/regiaonews.net.br\/2022\/2024\/11\/26\/apab-e-vice-campea-estadual-de-basquete-feminino\/#article","isPartOf":{"@id":"https:\/\/regiaonews.net.br\/2022\/2024\/11\/26\/apab-e-vice-campea-estadual-de-basquete-feminino\/"},"author":{"name":"Roberto","@id":"https:\/\/regiaonews.net.br\/2022\/#\/schema\/person\/2d205a608a5aa97ac279d7a5e6d89ad8"},"headline":"APAB \u00e9 vice-campe\u00e3 estadual de Basquete\u00a0Feminino","datePublished":"2024-11-26T14:08:03+00:00","mainEntityOfPage":{"@id":"https:\/\/regiaonews.net.br\/2022\/2024\/11\/26\/apab-e-vice-campea-estadual-de-basquete-feminino\/"},"wordCount":161,"commentCount":0,"publisher":{"@id":"https:\/\/regiaonews.net.br\/2022\/#organization"},"image":{"@id":"https:\/\/regiaonews.net.br\/2022\/2024\/11\/26\/apab-e-vice-campea-estadual-de-basquete-feminino\/#primaryimage"},"thumbnailUrl":"https:\/\/regiaonews.net.br\/2022\/wp-content\/uploads\/2024\/11\/Imagem-do-WhatsApp-de-2024-11-26-as-09.31.29_37cd5a1a.jpg","articleSection":["Barretos","Esporte"],"inLanguage":"pt-BR","potentialAction":[{"@type":"CommentAction","name":"Comment","target":["https:\/\/regiaonews.net.br\/2022\/2024\/11\/26\/apab-e-vice-campea-estadual-de-basquete-feminino\/#respond"]}]},{"@type":"WebPage","@id":"https:\/\/regiaonews.net.br\/2022\/2024\/11\/26\/apab-e-vice-campea-estadual-de-basquete-feminino\/","url":"https:\/\/regiaonews.net.br\/2022\/2024\/11\/26\/apab-e-vice-campea-estadual-de-basquete-feminino\/","name":"APAB \u00e9 vice-campe\u00e3 estadual de Basquete\u00a0Feminino - Regi\u00e3o News","isPartOf":{"@id":"https:\/\/regiaonews.net.br\/2022\/#website"},"primaryImageOfPage":{"@id":"https:\/\/regiaonews.net.br\/2022\/2024\/11\/26\/apab-e-vice-campea-estadual-de-basquete-feminino\/#primaryimage"},"image":{"@id":"https:\/\/regiaonews.net.br\/2022\/2024\/11\/26\/apab-e-vice-campea-estadual-de-basquete-feminino\/#primaryimage"},"thumbnailUrl":"https:\/\/regiaonews.net.br\/2022\/wp-content\/uploads\/2024\/11\/Imagem-do-WhatsApp-de-2024-11-26-as-09.31.29_37cd5a1a.jpg","datePublished":"2024-11-26T14:08:03+00:00","breadcrumb":{"@id":"https:\/\/regiaonews.net.br\/2022\/2024\/11\/26\/apab-e-vice-campea-estadual-de-basquete-feminino\/#breadcrumb"},"inLanguage":"pt-BR","potentialAction":[{"@type":"ReadAction","target":["https:\/\/regiaonews.net.br\/2022\/2024\/11\/26\/apab-e-vice-campea-estadual-de-basquete-feminino\/"]}]},{"@type":"ImageObject","inLanguage":"pt-BR","@id":"https:\/\/regiaonews.net.br\/2022\/2024\/11\/26\/apab-e-vice-campea-estadual-de-basquete-feminino\/#primaryimage","url":"https:\/\/regiaonews.net.br\/2022\/wp-content\/uploads\/2024\/11\/Imagem-do-WhatsApp-de-2024-11-26-as-09.31.29_37cd5a1a.jpg","contentUrl":"https:\/\/regiaonews.net.br\/2022\/wp-content\/uploads\/2024\/11\/Imagem-do-WhatsApp-de-2024-11-26-as-09.31.29_37cd5a1a.jpg","width":1280,"height":908},{"@type":"BreadcrumbList","@id":"https:\/\/regiaonews.net.br\/2022\/2024\/11\/26\/apab-e-vice-campea-estadual-de-basquete-feminino\/#breadcrumb","itemListElement":[{"@type":"ListItem","position":1,"name":"In\u00edcio","item":"https:\/\/regiaonews.net.br\/2022\/"},{"@type":"ListItem","position":2,"name":"APAB \u00e9 vice-campe\u00e3 estadual de Basquete\u00a0Feminino"}]},{"@type":"WebSite","@id":"https:\/\/regiaonews.net.br\/2022\/#website","url":"https:\/\/regiaonews.net.br\/2022\/","name":"Regi\u00e3o News","description":"Site de Not\u00edcias de Barretos e regi\u00e3o","publisher":{"@id":"https:\/\/regiaonews.net.br\/2022\/#organization"},"potentialAction":[{"@type":"SearchAction","target":{"@type":"EntryPoint","urlTemplate":"https:\/\/regiaonews.net.br\/2022\/?s={search_term_string}"},"query-input":{"@type":"PropertyValueSpecification","valueRequired":true,"valueName":"search_term_string"}}],"inLanguage":"pt-BR"},{"@type":"Organization","@id":"https:\/\/regiaonews.net.br\/2022\/#organization","name":"Regi\u00e3o News","url":"https:\/\/regiaonews.net.br\/2022\/","logo":{"@type":"ImageObject","inLanguage":"pt-BR","@id":"https:\/\/regiaonews.net.br\/2022\/#\/schema\/logo\/image\/","url":"https:\/\/regiaonews.net.br\/2022\/wp-content\/uploads\/2026\/03\/regiao-13-anos-scaled.jpg","contentUrl":"https:\/\/regiaonews.net.br\/2022\/wp-content\/uploads\/2026\/03\/regiao-13-anos-scaled.jpg","width":2560,"height":635,"caption":"Regi\u00e3o News"},"image":{"@id":"https:\/\/regiaonews.net.br\/2022\/#\/schema\/logo\/image\/"}},{"@type":"Person","@id":"https:\/\/regiaonews.net.br\/2022\/#\/schema\/person\/2d205a608a5aa97ac279d7a5e6d89ad8","name":"Roberto","image":{"@type":"ImageObject","inLanguage":"pt-BR","@id":"https:\/\/secure.gravatar.com\/avatar\/42749d8b712ff9d59ca93dc150494e5b55a44134482993f5baeb97e61b7ecc89?s=96&d=mm&r=g","url":"https:\/\/secure.gravatar.com\/avatar\/42749d8b712ff9d59ca93dc150494e5b55a44134482993f5baeb97e61b7ecc89?s=96&d=mm&r=g","contentUrl":"https:\/\/secure.gravatar.com\/avatar\/42749d8b712ff9d59ca93dc150494e5b55a44134482993f5baeb97e61b7ecc89?s=96&d=mm&r=g","caption":"Roberto"},"url":"https:\/\/regiaonews.net.br\/2022\/author\/roberto\/"}]}},"publishpress_future_action":{"enabled":false,"date":"2026-05-02 03:46:03","action":"change-status","newStatus":"draft","terms":[],"taxonomy":"category","extraData":[]},"publishpress_future_workflow_manual_trigger":{"enabledWorkflows":[]},"_links":{"self":[{"href":"https:\/\/regiaonews.net.br\/2022\/wp-json\/wp\/v2\/posts\/112388","targetHints":{"allow":["GET"]}}],"collection":[{"href":"https:\/\/regiaonews.net.br\/2022\/wp-json\/wp\/v2\/posts"}],"about":[{"href":"https:\/\/regiaonews.net.br\/2022\/wp-json\/wp\/v2\/types\/post"}],"author":[{"embeddable":true,"href":"https:\/\/regiaonews.net.br\/2022\/wp-json\/wp\/v2\/users\/2"}],"replies":[{"embeddable":true,"href":"https:\/\/regiaonews.net.br\/2022\/wp-json\/wp\/v2\/comments?post=112388"}],"version-history":[{"count":1,"href":"https:\/\/regiaonews.net.br\/2022\/wp-json\/wp\/v2\/posts\/112388\/revisions"}],"predecessor-version":[{"id":112390,"href":"https:\/\/regiaonews.net.br\/2022\/wp-json\/wp\/v2\/posts\/112388\/revisions\/112390"}],"wp:featuredmedia":[{"embeddable":true,"href":"https:\/\/regiaonews.net.br\/2022\/wp-json\/wp\/v2\/media\/112389"}],"wp:attachment":[{"href":"https:\/\/regiaonews.net.br\/2022\/wp-json\/wp\/v2\/media?parent=112388"}],"wp:term":[{"taxonomy":"category","embeddable":true,"href":"https:\/\/regiaonews.net.br\/2022\/wp-json\/wp\/v2\/categories?post=112388"},{"taxonomy":"post_tag","embeddable":true,"href":"https:\/\/regiaonews.net.br\/2022\/wp-json\/wp\/v2\/tags?post=112388"}],"curies":[{"name":"wp","href":"https:\/\/api.w.org\/{rel}","templated":true}]}}