{"id":112376,"date":"2024-11-25T22:05:47","date_gmt":"2024-11-26T01:05:47","guid":{"rendered":"https:\/\/regiaonews.net.br\/2022\/?p=112376"},"modified":"2024-11-25T22:05:47","modified_gmt":"2024-11-26T01:05:47","slug":"solenidade-de-entrega-da-medalha-tio-toninho-de-esportes-sera-nesta-quinta-feira","status":"publish","type":"post","link":"https:\/\/regiaonews.net.br\/2022\/2024\/11\/25\/solenidade-de-entrega-da-medalha-tio-toninho-de-esportes-sera-nesta-quinta-feira\/","title":{"rendered":"Solenidade de entrega da Medalha Tio Toninho de Esportes ser\u00e1 nesta quinta-feira"},"content":{"rendered":"<p>&nbsp;<\/p>\n<p>Em cumprimento ao Decreto Legislativo n\u00ba 679, de 4 de novembro de 2024, a C\u00e2mara Municipal de Bebedouro promover\u00e1 sess\u00e3o solene nesta quinta-feira (28), \u00e0s 20h, para a entrega da Medalha Tio Toninho de Esportes.<\/p>\n<p>Neste ano, 25 esportistas de Bebedouro ser\u00e3o condecorados. A medalha foi criada pela vereadora Eliana Merchan (PP) com o objetivo de reconhecer o empenho e a performance dos atletas bebedourenses em competi\u00e7\u00f5es amadoras e profissionais por todo o Brasil, ao mesmo tempo em que os incentiva a continuarem se dedicando ao esporte e \u00e0 busca por qualidade de vida.<br \/>\nPara a vereadora Eliana Merchan, todos servem como exemplos para que mais pessoas possam se iniciar no esporte.<\/p>\n<p>A medalha tem como patrono Antonio Alves dos Santos, o Tio Toninho, fundador da Associa\u00e7\u00e3o Bebedourense de Atletismo (ABA), educador f\u00edsico e maratonista falecido em 2021.<\/p>\n<p>OS HOMENAGEADOS<\/p>\n<p>Ademilson Rogel Costa<br \/>\nAlessandra Andr\u00e9ia de Oliveira Cezar<br \/>\nAndreza Aparecida Fagundes dos Santos<br \/>\nAnt\u00f4nio da Silva<br \/>\nBruno Eduardo Tadei Gamboni<br \/>\nCarlos Alberto Nascimento J\u00fanior<br \/>\nCarlos Chaves<br \/>\nClarice Aparecida Godoy Lima<br \/>\nCristiane Santos<br \/>\nEduardo Gabriel Vicente Santos<br \/>\nFelipe Lucr\u00e9cio<br \/>\nGisele Godoy Lima<br \/>\nJ\u00e9ssica Fernanda Guioto<br \/>\nJos\u00e9 Edneide Braz Sales<br \/>\nJudite Leite Ribeiro<br \/>\nLeandro Cunha<br \/>\nLucas Buzzini<br \/>\nLuciano Andr\u00e9 de Oliveira<br \/>\nMarcelo Augusto Fagundes<br \/>\nRegina Castro Cardoso<br \/>\nRian Gomes Taha<br \/>\nRoberto Maruoka<br \/>\nRog\u00e9rio Watanabe<br \/>\nS\u00e9rgio Donizete Barbosa<br \/>\nZilda dos Santos Monteiro<\/p>\n","protected":false},"excerpt":{"rendered":"<p>&nbsp; Em cumprimento ao Decreto Legislativo n\u00ba 679, de 4<\/p>\n","protected":false},"author":2,"featured_media":112377,"comment_status":"open","ping_status":"open","sticky":false,"template":"","format":"standard","meta":{"footnotes":""},"categories":[4,21],"tags":[],"class_list":["post-112376","post","type-post","status-publish","format-standard","has-post-thumbnail","hentry","category-bebedouro","category-esporte"],"yoast_head":"<!-- This site is optimized with the Yoast SEO plugin v27.4 - https:\/\/yoast.com\/product\/yoast-seo-wordpress\/ -->\n<title>Solenidade de entrega da Medalha Tio Toninho de Esportes ser\u00e1 nesta quinta-feira - Regi\u00e3o News<\/title>\n<meta name=\"robots\" content=\"index, follow, max-snippet:-1, max-image-preview:large, max-video-preview:-1\" \/>\n<link rel=\"canonical\" href=\"https:\/\/regiaonews.net.br\/2022\/2024\/11\/25\/solenidade-de-entrega-da-medalha-tio-toninho-de-esportes-sera-nesta-quinta-feira\/\" \/>\n<meta property=\"og:locale\" content=\"pt_BR\" \/>\n<meta property=\"og:type\" content=\"article\" \/>\n<meta property=\"og:title\" content=\"Solenidade de entrega da Medalha Tio Toninho de Esportes ser\u00e1 nesta quinta-feira - Regi\u00e3o News\" \/>\n<meta property=\"og:description\" content=\"&nbsp; Em cumprimento ao Decreto Legislativo n\u00ba 679, de 4\" \/>\n<meta property=\"og:url\" content=\"https:\/\/regiaonews.net.br\/2022\/2024\/11\/25\/solenidade-de-entrega-da-medalha-tio-toninho-de-esportes-sera-nesta-quinta-feira\/\" \/>\n<meta property=\"og:site_name\" content=\"Regi\u00e3o News\" \/>\n<meta property=\"article:published_time\" content=\"2024-11-26T01:05:47+00:00\" \/>\n<meta property=\"og:image\" content=\"https:\/\/regiaonews.net.br\/2022\/wp-content\/uploads\/2024\/11\/WhatsApp-Image-2024-11-25-at-19.59.10.jpeg\" \/>\n\t<meta property=\"og:image:width\" content=\"2560\" \/>\n\t<meta property=\"og:image:height\" content=\"2133\" \/>\n\t<meta property=\"og:image:type\" content=\"image\/jpeg\" \/>\n<meta name=\"author\" content=\"Roberto\" \/>\n<meta name=\"twitter:card\" content=\"summary_large_image\" \/>\n<meta name=\"twitter:label1\" content=\"Escrito por\" \/>\n\t<meta name=\"twitter:data1\" content=\"Roberto\" \/>\n\t<meta name=\"twitter:label2\" content=\"Est. tempo de leitura\" \/>\n\t<meta name=\"twitter:data2\" content=\"2 minutos\" \/>\n<script type=\"application\/ld+json\" class=\"yoast-schema-graph\">{\"@context\":\"https:\\\/\\\/schema.org\",\"@graph\":[{\"@type\":\"Article\",\"@id\":\"https:\\\/\\\/regiaonews.net.br\\\/2022\\\/2024\\\/11\\\/25\\\/solenidade-de-entrega-da-medalha-tio-toninho-de-esportes-sera-nesta-quinta-feira\\\/#article\",\"isPartOf\":{\"@id\":\"https:\\\/\\\/regiaonews.net.br\\\/2022\\\/2024\\\/11\\\/25\\\/solenidade-de-entrega-da-medalha-tio-toninho-de-esportes-sera-nesta-quinta-feira\\\/\"},\"author\":{\"name\":\"Roberto\",\"@id\":\"https:\\\/\\\/regiaonews.net.br\\\/2022\\\/#\\\/schema\\\/person\\\/2d205a608a5aa97ac279d7a5e6d89ad8\"},\"headline\":\"Solenidade de entrega da Medalha Tio Toninho de Esportes ser\u00e1 nesta quinta-feira\",\"datePublished\":\"2024-11-26T01:05:47+00:00\",\"mainEntityOfPage\":{\"@id\":\"https:\\\/\\\/regiaonews.net.br\\\/2022\\\/2024\\\/11\\\/25\\\/solenidade-de-entrega-da-medalha-tio-toninho-de-esportes-sera-nesta-quinta-feira\\\/\"},\"wordCount\":238,\"commentCount\":0,\"publisher\":{\"@id\":\"https:\\\/\\\/regiaonews.net.br\\\/2022\\\/#organization\"},\"image\":{\"@id\":\"https:\\\/\\\/regiaonews.net.br\\\/2022\\\/2024\\\/11\\\/25\\\/solenidade-de-entrega-da-medalha-tio-toninho-de-esportes-sera-nesta-quinta-feira\\\/#primaryimage\"},\"thumbnailUrl\":\"https:\\\/\\\/regiaonews.net.br\\\/2022\\\/wp-content\\\/uploads\\\/2024\\\/11\\\/WhatsApp-Image-2024-11-25-at-19.59.10.jpeg\",\"articleSection\":[\"Bebedouro\",\"Esporte\"],\"inLanguage\":\"pt-BR\",\"potentialAction\":[{\"@type\":\"CommentAction\",\"name\":\"Comment\",\"target\":[\"https:\\\/\\\/regiaonews.net.br\\\/2022\\\/2024\\\/11\\\/25\\\/solenidade-de-entrega-da-medalha-tio-toninho-de-esportes-sera-nesta-quinta-feira\\\/#respond\"]}]},{\"@type\":\"WebPage\",\"@id\":\"https:\\\/\\\/regiaonews.net.br\\\/2022\\\/2024\\\/11\\\/25\\\/solenidade-de-entrega-da-medalha-tio-toninho-de-esportes-sera-nesta-quinta-feira\\\/\",\"url\":\"https:\\\/\\\/regiaonews.net.br\\\/2022\\\/2024\\\/11\\\/25\\\/solenidade-de-entrega-da-medalha-tio-toninho-de-esportes-sera-nesta-quinta-feira\\\/\",\"name\":\"Solenidade de entrega da Medalha Tio Toninho de Esportes ser\u00e1 nesta quinta-feira - Regi\u00e3o News\",\"isPartOf\":{\"@id\":\"https:\\\/\\\/regiaonews.net.br\\\/2022\\\/#website\"},\"primaryImageOfPage\":{\"@id\":\"https:\\\/\\\/regiaonews.net.br\\\/2022\\\/2024\\\/11\\\/25\\\/solenidade-de-entrega-da-medalha-tio-toninho-de-esportes-sera-nesta-quinta-feira\\\/#primaryimage\"},\"image\":{\"@id\":\"https:\\\/\\\/regiaonews.net.br\\\/2022\\\/2024\\\/11\\\/25\\\/solenidade-de-entrega-da-medalha-tio-toninho-de-esportes-sera-nesta-quinta-feira\\\/#primaryimage\"},\"thumbnailUrl\":\"https:\\\/\\\/regiaonews.net.br\\\/2022\\\/wp-content\\\/uploads\\\/2024\\\/11\\\/WhatsApp-Image-2024-11-25-at-19.59.10.jpeg\",\"datePublished\":\"2024-11-26T01:05:47+00:00\",\"breadcrumb\":{\"@id\":\"https:\\\/\\\/regiaonews.net.br\\\/2022\\\/2024\\\/11\\\/25\\\/solenidade-de-entrega-da-medalha-tio-toninho-de-esportes-sera-nesta-quinta-feira\\\/#breadcrumb\"},\"inLanguage\":\"pt-BR\",\"potentialAction\":[{\"@type\":\"ReadAction\",\"target\":[\"https:\\\/\\\/regiaonews.net.br\\\/2022\\\/2024\\\/11\\\/25\\\/solenidade-de-entrega-da-medalha-tio-toninho-de-esportes-sera-nesta-quinta-feira\\\/\"]}]},{\"@type\":\"ImageObject\",\"inLanguage\":\"pt-BR\",\"@id\":\"https:\\\/\\\/regiaonews.net.br\\\/2022\\\/2024\\\/11\\\/25\\\/solenidade-de-entrega-da-medalha-tio-toninho-de-esportes-sera-nesta-quinta-feira\\\/#primaryimage\",\"url\":\"https:\\\/\\\/regiaonews.net.br\\\/2022\\\/wp-content\\\/uploads\\\/2024\\\/11\\\/WhatsApp-Image-2024-11-25-at-19.59.10.jpeg\",\"contentUrl\":\"https:\\\/\\\/regiaonews.net.br\\\/2022\\\/wp-content\\\/uploads\\\/2024\\\/11\\\/WhatsApp-Image-2024-11-25-at-19.59.10.jpeg\",\"width\":2560,\"height\":2133},{\"@type\":\"BreadcrumbList\",\"@id\":\"https:\\\/\\\/regiaonews.net.br\\\/2022\\\/2024\\\/11\\\/25\\\/solenidade-de-entrega-da-medalha-tio-toninho-de-esportes-sera-nesta-quinta-feira\\\/#breadcrumb\",\"itemListElement\":[{\"@type\":\"ListItem\",\"position\":1,\"name\":\"In\u00edcio\",\"item\":\"https:\\\/\\\/regiaonews.net.br\\\/2022\\\/\"},{\"@type\":\"ListItem\",\"position\":2,\"name\":\"Solenidade de entrega da Medalha Tio Toninho de Esportes ser\u00e1 nesta quinta-feira\"}]},{\"@type\":\"WebSite\",\"@id\":\"https:\\\/\\\/regiaonews.net.br\\\/2022\\\/#website\",\"url\":\"https:\\\/\\\/regiaonews.net.br\\\/2022\\\/\",\"name\":\"Regi\u00e3o News\",\"description\":\"Site de Not\u00edcias de Barretos e regi\u00e3o\",\"publisher\":{\"@id\":\"https:\\\/\\\/regiaonews.net.br\\\/2022\\\/#organization\"},\"potentialAction\":[{\"@type\":\"SearchAction\",\"target\":{\"@type\":\"EntryPoint\",\"urlTemplate\":\"https:\\\/\\\/regiaonews.net.br\\\/2022\\\/?s={search_term_string}\"},\"query-input\":{\"@type\":\"PropertyValueSpecification\",\"valueRequired\":true,\"valueName\":\"search_term_string\"}}],\"inLanguage\":\"pt-BR\"},{\"@type\":\"Organization\",\"@id\":\"https:\\\/\\\/regiaonews.net.br\\\/2022\\\/#organization\",\"name\":\"Regi\u00e3o News\",\"url\":\"https:\\\/\\\/regiaonews.net.br\\\/2022\\\/\",\"logo\":{\"@type\":\"ImageObject\",\"inLanguage\":\"pt-BR\",\"@id\":\"https:\\\/\\\/regiaonews.net.br\\\/2022\\\/#\\\/schema\\\/logo\\\/image\\\/\",\"url\":\"https:\\\/\\\/regiaonews.net.br\\\/2022\\\/wp-content\\\/uploads\\\/2026\\\/03\\\/regiao-13-anos-scaled.jpg\",\"contentUrl\":\"https:\\\/\\\/regiaonews.net.br\\\/2022\\\/wp-content\\\/uploads\\\/2026\\\/03\\\/regiao-13-anos-scaled.jpg\",\"width\":2560,\"height\":635,\"caption\":\"Regi\u00e3o News\"},\"image\":{\"@id\":\"https:\\\/\\\/regiaonews.net.br\\\/2022\\\/#\\\/schema\\\/logo\\\/image\\\/\"}},{\"@type\":\"Person\",\"@id\":\"https:\\\/\\\/regiaonews.net.br\\\/2022\\\/#\\\/schema\\\/person\\\/2d205a608a5aa97ac279d7a5e6d89ad8\",\"name\":\"Roberto\",\"image\":{\"@type\":\"ImageObject\",\"inLanguage\":\"pt-BR\",\"@id\":\"https:\\\/\\\/secure.gravatar.com\\\/avatar\\\/42749d8b712ff9d59ca93dc150494e5b55a44134482993f5baeb97e61b7ecc89?s=96&d=mm&r=g\",\"url\":\"https:\\\/\\\/secure.gravatar.com\\\/avatar\\\/42749d8b712ff9d59ca93dc150494e5b55a44134482993f5baeb97e61b7ecc89?s=96&d=mm&r=g\",\"contentUrl\":\"https:\\\/\\\/secure.gravatar.com\\\/avatar\\\/42749d8b712ff9d59ca93dc150494e5b55a44134482993f5baeb97e61b7ecc89?s=96&d=mm&r=g\",\"caption\":\"Roberto\"},\"url\":\"https:\\\/\\\/regiaonews.net.br\\\/2022\\\/author\\\/roberto\\\/\"}]}<\/script>\n<!-- \/ Yoast SEO plugin. -->","yoast_head_json":{"title":"Solenidade de entrega da Medalha Tio Toninho de Esportes ser\u00e1 nesta quinta-feira - Regi\u00e3o News","robots":{"index":"index","follow":"follow","max-snippet":"max-snippet:-1","max-image-preview":"max-image-preview:large","max-video-preview":"max-video-preview:-1"},"canonical":"https:\/\/regiaonews.net.br\/2022\/2024\/11\/25\/solenidade-de-entrega-da-medalha-tio-toninho-de-esportes-sera-nesta-quinta-feira\/","og_locale":"pt_BR","og_type":"article","og_title":"Solenidade de entrega da Medalha Tio Toninho de Esportes ser\u00e1 nesta quinta-feira - Regi\u00e3o News","og_description":"&nbsp; Em cumprimento ao Decreto Legislativo n\u00ba 679, de 4","og_url":"https:\/\/regiaonews.net.br\/2022\/2024\/11\/25\/solenidade-de-entrega-da-medalha-tio-toninho-de-esportes-sera-nesta-quinta-feira\/","og_site_name":"Regi\u00e3o News","article_published_time":"2024-11-26T01:05:47+00:00","og_image":[{"width":2560,"height":2133,"url":"https:\/\/regiaonews.net.br\/2022\/wp-content\/uploads\/2024\/11\/WhatsApp-Image-2024-11-25-at-19.59.10.jpeg","type":"image\/jpeg"}],"author":"Roberto","twitter_card":"summary_large_image","twitter_misc":{"Escrito por":"Roberto","Est. tempo de leitura":"2 minutos"},"schema":{"@context":"https:\/\/schema.org","@graph":[{"@type":"Article","@id":"https:\/\/regiaonews.net.br\/2022\/2024\/11\/25\/solenidade-de-entrega-da-medalha-tio-toninho-de-esportes-sera-nesta-quinta-feira\/#article","isPartOf":{"@id":"https:\/\/regiaonews.net.br\/2022\/2024\/11\/25\/solenidade-de-entrega-da-medalha-tio-toninho-de-esportes-sera-nesta-quinta-feira\/"},"author":{"name":"Roberto","@id":"https:\/\/regiaonews.net.br\/2022\/#\/schema\/person\/2d205a608a5aa97ac279d7a5e6d89ad8"},"headline":"Solenidade de entrega da Medalha Tio Toninho de Esportes ser\u00e1 nesta quinta-feira","datePublished":"2024-11-26T01:05:47+00:00","mainEntityOfPage":{"@id":"https:\/\/regiaonews.net.br\/2022\/2024\/11\/25\/solenidade-de-entrega-da-medalha-tio-toninho-de-esportes-sera-nesta-quinta-feira\/"},"wordCount":238,"commentCount":0,"publisher":{"@id":"https:\/\/regiaonews.net.br\/2022\/#organization"},"image":{"@id":"https:\/\/regiaonews.net.br\/2022\/2024\/11\/25\/solenidade-de-entrega-da-medalha-tio-toninho-de-esportes-sera-nesta-quinta-feira\/#primaryimage"},"thumbnailUrl":"https:\/\/regiaonews.net.br\/2022\/wp-content\/uploads\/2024\/11\/WhatsApp-Image-2024-11-25-at-19.59.10.jpeg","articleSection":["Bebedouro","Esporte"],"inLanguage":"pt-BR","potentialAction":[{"@type":"CommentAction","name":"Comment","target":["https:\/\/regiaonews.net.br\/2022\/2024\/11\/25\/solenidade-de-entrega-da-medalha-tio-toninho-de-esportes-sera-nesta-quinta-feira\/#respond"]}]},{"@type":"WebPage","@id":"https:\/\/regiaonews.net.br\/2022\/2024\/11\/25\/solenidade-de-entrega-da-medalha-tio-toninho-de-esportes-sera-nesta-quinta-feira\/","url":"https:\/\/regiaonews.net.br\/2022\/2024\/11\/25\/solenidade-de-entrega-da-medalha-tio-toninho-de-esportes-sera-nesta-quinta-feira\/","name":"Solenidade de entrega da Medalha Tio Toninho de Esportes ser\u00e1 nesta quinta-feira - Regi\u00e3o News","isPartOf":{"@id":"https:\/\/regiaonews.net.br\/2022\/#website"},"primaryImageOfPage":{"@id":"https:\/\/regiaonews.net.br\/2022\/2024\/11\/25\/solenidade-de-entrega-da-medalha-tio-toninho-de-esportes-sera-nesta-quinta-feira\/#primaryimage"},"image":{"@id":"https:\/\/regiaonews.net.br\/2022\/2024\/11\/25\/solenidade-de-entrega-da-medalha-tio-toninho-de-esportes-sera-nesta-quinta-feira\/#primaryimage"},"thumbnailUrl":"https:\/\/regiaonews.net.br\/2022\/wp-content\/uploads\/2024\/11\/WhatsApp-Image-2024-11-25-at-19.59.10.jpeg","datePublished":"2024-11-26T01:05:47+00:00","breadcrumb":{"@id":"https:\/\/regiaonews.net.br\/2022\/2024\/11\/25\/solenidade-de-entrega-da-medalha-tio-toninho-de-esportes-sera-nesta-quinta-feira\/#breadcrumb"},"inLanguage":"pt-BR","potentialAction":[{"@type":"ReadAction","target":["https:\/\/regiaonews.net.br\/2022\/2024\/11\/25\/solenidade-de-entrega-da-medalha-tio-toninho-de-esportes-sera-nesta-quinta-feira\/"]}]},{"@type":"ImageObject","inLanguage":"pt-BR","@id":"https:\/\/regiaonews.net.br\/2022\/2024\/11\/25\/solenidade-de-entrega-da-medalha-tio-toninho-de-esportes-sera-nesta-quinta-feira\/#primaryimage","url":"https:\/\/regiaonews.net.br\/2022\/wp-content\/uploads\/2024\/11\/WhatsApp-Image-2024-11-25-at-19.59.10.jpeg","contentUrl":"https:\/\/regiaonews.net.br\/2022\/wp-content\/uploads\/2024\/11\/WhatsApp-Image-2024-11-25-at-19.59.10.jpeg","width":2560,"height":2133},{"@type":"BreadcrumbList","@id":"https:\/\/regiaonews.net.br\/2022\/2024\/11\/25\/solenidade-de-entrega-da-medalha-tio-toninho-de-esportes-sera-nesta-quinta-feira\/#breadcrumb","itemListElement":[{"@type":"ListItem","position":1,"name":"In\u00edcio","item":"https:\/\/regiaonews.net.br\/2022\/"},{"@type":"ListItem","position":2,"name":"Solenidade de entrega da Medalha Tio Toninho de Esportes ser\u00e1 nesta quinta-feira"}]},{"@type":"WebSite","@id":"https:\/\/regiaonews.net.br\/2022\/#website","url":"https:\/\/regiaonews.net.br\/2022\/","name":"Regi\u00e3o News","description":"Site de Not\u00edcias de Barretos e regi\u00e3o","publisher":{"@id":"https:\/\/regiaonews.net.br\/2022\/#organization"},"potentialAction":[{"@type":"SearchAction","target":{"@type":"EntryPoint","urlTemplate":"https:\/\/regiaonews.net.br\/2022\/?s={search_term_string}"},"query-input":{"@type":"PropertyValueSpecification","valueRequired":true,"valueName":"search_term_string"}}],"inLanguage":"pt-BR"},{"@type":"Organization","@id":"https:\/\/regiaonews.net.br\/2022\/#organization","name":"Regi\u00e3o News","url":"https:\/\/regiaonews.net.br\/2022\/","logo":{"@type":"ImageObject","inLanguage":"pt-BR","@id":"https:\/\/regiaonews.net.br\/2022\/#\/schema\/logo\/image\/","url":"https:\/\/regiaonews.net.br\/2022\/wp-content\/uploads\/2026\/03\/regiao-13-anos-scaled.jpg","contentUrl":"https:\/\/regiaonews.net.br\/2022\/wp-content\/uploads\/2026\/03\/regiao-13-anos-scaled.jpg","width":2560,"height":635,"caption":"Regi\u00e3o News"},"image":{"@id":"https:\/\/regiaonews.net.br\/2022\/#\/schema\/logo\/image\/"}},{"@type":"Person","@id":"https:\/\/regiaonews.net.br\/2022\/#\/schema\/person\/2d205a608a5aa97ac279d7a5e6d89ad8","name":"Roberto","image":{"@type":"ImageObject","inLanguage":"pt-BR","@id":"https:\/\/secure.gravatar.com\/avatar\/42749d8b712ff9d59ca93dc150494e5b55a44134482993f5baeb97e61b7ecc89?s=96&d=mm&r=g","url":"https:\/\/secure.gravatar.com\/avatar\/42749d8b712ff9d59ca93dc150494e5b55a44134482993f5baeb97e61b7ecc89?s=96&d=mm&r=g","contentUrl":"https:\/\/secure.gravatar.com\/avatar\/42749d8b712ff9d59ca93dc150494e5b55a44134482993f5baeb97e61b7ecc89?s=96&d=mm&r=g","caption":"Roberto"},"url":"https:\/\/regiaonews.net.br\/2022\/author\/roberto\/"}]}},"publishpress_future_action":{"enabled":false,"date":"2026-05-02 03:44:32","action":"change-status","newStatus":"draft","terms":[],"taxonomy":"category","extraData":[]},"publishpress_future_workflow_manual_trigger":{"enabledWorkflows":[]},"_links":{"self":[{"href":"https:\/\/regiaonews.net.br\/2022\/wp-json\/wp\/v2\/posts\/112376","targetHints":{"allow":["GET"]}}],"collection":[{"href":"https:\/\/regiaonews.net.br\/2022\/wp-json\/wp\/v2\/posts"}],"about":[{"href":"https:\/\/regiaonews.net.br\/2022\/wp-json\/wp\/v2\/types\/post"}],"author":[{"embeddable":true,"href":"https:\/\/regiaonews.net.br\/2022\/wp-json\/wp\/v2\/users\/2"}],"replies":[{"embeddable":true,"href":"https:\/\/regiaonews.net.br\/2022\/wp-json\/wp\/v2\/comments?post=112376"}],"version-history":[{"count":1,"href":"https:\/\/regiaonews.net.br\/2022\/wp-json\/wp\/v2\/posts\/112376\/revisions"}],"predecessor-version":[{"id":112378,"href":"https:\/\/regiaonews.net.br\/2022\/wp-json\/wp\/v2\/posts\/112376\/revisions\/112378"}],"wp:featuredmedia":[{"embeddable":true,"href":"https:\/\/regiaonews.net.br\/2022\/wp-json\/wp\/v2\/media\/112377"}],"wp:attachment":[{"href":"https:\/\/regiaonews.net.br\/2022\/wp-json\/wp\/v2\/media?parent=112376"}],"wp:term":[{"taxonomy":"category","embeddable":true,"href":"https:\/\/regiaonews.net.br\/2022\/wp-json\/wp\/v2\/categories?post=112376"},{"taxonomy":"post_tag","embeddable":true,"href":"https:\/\/regiaonews.net.br\/2022\/wp-json\/wp\/v2\/tags?post=112376"}],"curies":[{"name":"wp","href":"https:\/\/api.w.org\/{rel}","templated":true}]}}