{"id":112330,"date":"2024-11-23T19:39:45","date_gmt":"2024-11-23T22:39:45","guid":{"rendered":"https:\/\/regiaonews.net.br\/2022\/?p=112330"},"modified":"2024-11-23T19:39:59","modified_gmt":"2024-11-23T22:39:59","slug":"policia-civil-prende-coautor-de-homicidio-em-barretos","status":"publish","type":"post","link":"https:\/\/regiaonews.net.br\/2022\/2024\/11\/23\/policia-civil-prende-coautor-de-homicidio-em-barretos\/","title":{"rendered":"Pol\u00edcia Civil prende coautor de homic\u00eddio em Barretos"},"content":{"rendered":"<p>&nbsp;<\/p>\n<p>A Pol\u00edcia Civil de Barretos, atrav\u00e9s de uma a\u00e7\u00e3o conjunta entre a CPJ (Central de Pol\u00edcia Judici\u00e1ria), DIG (Delegacia de Investiga\u00e7\u00f5es Gerais) e DISE (Delegacia de Investiga\u00e7\u00f5es sobre Entorpecentes), prendeu em flagrante, na tarde deste s\u00e1bado (23), um homem de 39 anos, motorista de aplicativo, pela coautoria em um homic\u00eddio ocorrido na madrugada.<\/p>\n<p>A pris\u00e3o foi efetuada na resid\u00eancia do investigado, localizada no bairro Baroni, ap\u00f3s intenso trabalho investigativo que possibilitou a identifica\u00e7\u00e3o dos autores e do ve\u00edculo utilizado no crime. Segundo as investiga\u00e7\u00f5es, ap\u00f3s uma discuss\u00e3o em uma casa de shows onde inicialmente a v\u00edtima havia se envolvido em uma briga e esfaqueado outras duas pessoas, o indiciado utilizou seu ve\u00edculo para perseguir, atropelar e encurralar a v\u00edtima, viabilizando que um segundo autor desferisse os golpes fatais. Ap\u00f3s o crime, o motorista ainda deu carona ao autor das facadas, auxiliando em sua fuga do local.<\/p>\n<p>O esclarecimento do crime foi resultado de um exemplar trabalho integrado entre as for\u00e7as policiais. Logo ap\u00f3s os fatos, a Pol\u00edcia Militar realizou os primeiros levantamentos e providenciou a preserva\u00e7\u00e3o dos locais de crime, tendo inclusive localizado e apreendido a faca utilizada, que foi encontrada cravada em uma \u00e1rvore, auxiliando, ainda, na identifica\u00e7\u00e3o do ve\u00edculo utilizado no crime. As imagens do sistema de monitoramento inteligente da Prefeitura Municipal de Barretos foram fundamentais para que os investigadores pudessem reconstituir detalhadamente a sequ\u00eancia do crime.<\/p>\n<p>Os policiais civis tamb\u00e9m apreenderam o ve\u00edculo utilizado na a\u00e7\u00e3o, um Chevrolet Cobalt prata, que apresentava marcas de sangue. A autoridade policial representou pela convers\u00e3o da pris\u00e3o em flagrante em pris\u00e3o preventiva, considerando a gravidade concreta do delito e a necessidade de garantir a efetividade das investiga\u00e7\u00f5es, especialmente para identifica\u00e7\u00e3o e pris\u00e3o do segundo autor.<\/p>\n<p>As investiga\u00e7\u00f5es prosseguem de forma intensa para localizar e prender o segundo envolvido, que desferiu as facadas fatais na v\u00edtima. A Pol\u00edcia Civil solicita que informa\u00e7\u00f5es sobre o paradeiro do segundo autor sejam repassadas atrav\u00e9s dos canais de den\u00fancia, sendo garantido o total sigilo.<\/p>\n<p>O caso exemplifica como a integra\u00e7\u00e3o entre as for\u00e7as de seguran\u00e7a e o apoio dos \u00f3rg\u00e3os municipais s\u00e3o fundamentais para o r\u00e1pido esclarecimento de crimes e pris\u00e3o dos autores, demonstrando a import\u00e2ncia do trabalho conjunto para garantir a seguran\u00e7a da popula\u00e7\u00e3o.<\/p>\n","protected":false},"excerpt":{"rendered":"<p>&nbsp; A Pol\u00edcia Civil de Barretos, atrav\u00e9s de uma a\u00e7\u00e3o<\/p>\n","protected":false},"author":2,"featured_media":112331,"comment_status":"open","ping_status":"open","sticky":false,"template":"","format":"standard","meta":{"footnotes":""},"categories":[14,23],"tags":[],"class_list":["post-112330","post","type-post","status-publish","format-standard","has-post-thumbnail","hentry","category-barretos","category-policia"],"yoast_head":"<!-- This site is optimized with the Yoast SEO plugin v27.4 - https:\/\/yoast.com\/product\/yoast-seo-wordpress\/ -->\n<title>Pol\u00edcia Civil prende coautor de homic\u00eddio em Barretos - Regi\u00e3o News<\/title>\n<meta name=\"robots\" content=\"index, follow, max-snippet:-1, max-image-preview:large, max-video-preview:-1\" \/>\n<link rel=\"canonical\" href=\"https:\/\/regiaonews.net.br\/2022\/2024\/11\/23\/policia-civil-prende-coautor-de-homicidio-em-barretos\/\" \/>\n<meta property=\"og:locale\" content=\"pt_BR\" \/>\n<meta property=\"og:type\" content=\"article\" \/>\n<meta property=\"og:title\" content=\"Pol\u00edcia Civil prende coautor de homic\u00eddio em Barretos - Regi\u00e3o News\" \/>\n<meta property=\"og:description\" content=\"&nbsp; A Pol\u00edcia Civil de Barretos, atrav\u00e9s de uma a\u00e7\u00e3o\" \/>\n<meta property=\"og:url\" content=\"https:\/\/regiaonews.net.br\/2022\/2024\/11\/23\/policia-civil-prende-coautor-de-homicidio-em-barretos\/\" \/>\n<meta property=\"og:site_name\" content=\"Regi\u00e3o News\" \/>\n<meta property=\"article:published_time\" content=\"2024-11-23T22:39:45+00:00\" \/>\n<meta property=\"article:modified_time\" content=\"2024-11-23T22:39:59+00:00\" \/>\n<meta property=\"og:image\" content=\"https:\/\/regiaonews.net.br\/2022\/wp-content\/uploads\/2024\/11\/Screenshot_20241123-193510_WhatsApp.jpg\" \/>\n\t<meta property=\"og:image:width\" content=\"790\" \/>\n\t<meta property=\"og:image:height\" content=\"451\" \/>\n\t<meta property=\"og:image:type\" content=\"image\/jpeg\" \/>\n<meta name=\"author\" content=\"Roberto\" \/>\n<meta name=\"twitter:card\" content=\"summary_large_image\" \/>\n<meta name=\"twitter:label1\" content=\"Escrito por\" \/>\n\t<meta name=\"twitter:data1\" content=\"Roberto\" \/>\n\t<meta name=\"twitter:label2\" content=\"Est. tempo de leitura\" \/>\n\t<meta name=\"twitter:data2\" content=\"3 minutos\" \/>\n<script type=\"application\/ld+json\" class=\"yoast-schema-graph\">{\"@context\":\"https:\\\/\\\/schema.org\",\"@graph\":[{\"@type\":\"Article\",\"@id\":\"https:\\\/\\\/regiaonews.net.br\\\/2022\\\/2024\\\/11\\\/23\\\/policia-civil-prende-coautor-de-homicidio-em-barretos\\\/#article\",\"isPartOf\":{\"@id\":\"https:\\\/\\\/regiaonews.net.br\\\/2022\\\/2024\\\/11\\\/23\\\/policia-civil-prende-coautor-de-homicidio-em-barretos\\\/\"},\"author\":{\"name\":\"Roberto\",\"@id\":\"https:\\\/\\\/regiaonews.net.br\\\/2022\\\/#\\\/schema\\\/person\\\/2d205a608a5aa97ac279d7a5e6d89ad8\"},\"headline\":\"Pol\u00edcia Civil prende coautor de homic\u00eddio em Barretos\",\"datePublished\":\"2024-11-23T22:39:45+00:00\",\"dateModified\":\"2024-11-23T22:39:59+00:00\",\"mainEntityOfPage\":{\"@id\":\"https:\\\/\\\/regiaonews.net.br\\\/2022\\\/2024\\\/11\\\/23\\\/policia-civil-prende-coautor-de-homicidio-em-barretos\\\/\"},\"wordCount\":431,\"commentCount\":0,\"publisher\":{\"@id\":\"https:\\\/\\\/regiaonews.net.br\\\/2022\\\/#organization\"},\"image\":{\"@id\":\"https:\\\/\\\/regiaonews.net.br\\\/2022\\\/2024\\\/11\\\/23\\\/policia-civil-prende-coautor-de-homicidio-em-barretos\\\/#primaryimage\"},\"thumbnailUrl\":\"https:\\\/\\\/regiaonews.net.br\\\/2022\\\/wp-content\\\/uploads\\\/2024\\\/11\\\/Screenshot_20241123-193510_WhatsApp.jpg\",\"articleSection\":[\"Barretos\",\"Policia\"],\"inLanguage\":\"pt-BR\",\"potentialAction\":[{\"@type\":\"CommentAction\",\"name\":\"Comment\",\"target\":[\"https:\\\/\\\/regiaonews.net.br\\\/2022\\\/2024\\\/11\\\/23\\\/policia-civil-prende-coautor-de-homicidio-em-barretos\\\/#respond\"]}]},{\"@type\":\"WebPage\",\"@id\":\"https:\\\/\\\/regiaonews.net.br\\\/2022\\\/2024\\\/11\\\/23\\\/policia-civil-prende-coautor-de-homicidio-em-barretos\\\/\",\"url\":\"https:\\\/\\\/regiaonews.net.br\\\/2022\\\/2024\\\/11\\\/23\\\/policia-civil-prende-coautor-de-homicidio-em-barretos\\\/\",\"name\":\"Pol\u00edcia Civil prende coautor de homic\u00eddio em Barretos - Regi\u00e3o News\",\"isPartOf\":{\"@id\":\"https:\\\/\\\/regiaonews.net.br\\\/2022\\\/#website\"},\"primaryImageOfPage\":{\"@id\":\"https:\\\/\\\/regiaonews.net.br\\\/2022\\\/2024\\\/11\\\/23\\\/policia-civil-prende-coautor-de-homicidio-em-barretos\\\/#primaryimage\"},\"image\":{\"@id\":\"https:\\\/\\\/regiaonews.net.br\\\/2022\\\/2024\\\/11\\\/23\\\/policia-civil-prende-coautor-de-homicidio-em-barretos\\\/#primaryimage\"},\"thumbnailUrl\":\"https:\\\/\\\/regiaonews.net.br\\\/2022\\\/wp-content\\\/uploads\\\/2024\\\/11\\\/Screenshot_20241123-193510_WhatsApp.jpg\",\"datePublished\":\"2024-11-23T22:39:45+00:00\",\"dateModified\":\"2024-11-23T22:39:59+00:00\",\"breadcrumb\":{\"@id\":\"https:\\\/\\\/regiaonews.net.br\\\/2022\\\/2024\\\/11\\\/23\\\/policia-civil-prende-coautor-de-homicidio-em-barretos\\\/#breadcrumb\"},\"inLanguage\":\"pt-BR\",\"potentialAction\":[{\"@type\":\"ReadAction\",\"target\":[\"https:\\\/\\\/regiaonews.net.br\\\/2022\\\/2024\\\/11\\\/23\\\/policia-civil-prende-coautor-de-homicidio-em-barretos\\\/\"]}]},{\"@type\":\"ImageObject\",\"inLanguage\":\"pt-BR\",\"@id\":\"https:\\\/\\\/regiaonews.net.br\\\/2022\\\/2024\\\/11\\\/23\\\/policia-civil-prende-coautor-de-homicidio-em-barretos\\\/#primaryimage\",\"url\":\"https:\\\/\\\/regiaonews.net.br\\\/2022\\\/wp-content\\\/uploads\\\/2024\\\/11\\\/Screenshot_20241123-193510_WhatsApp.jpg\",\"contentUrl\":\"https:\\\/\\\/regiaonews.net.br\\\/2022\\\/wp-content\\\/uploads\\\/2024\\\/11\\\/Screenshot_20241123-193510_WhatsApp.jpg\",\"width\":790,\"height\":451},{\"@type\":\"BreadcrumbList\",\"@id\":\"https:\\\/\\\/regiaonews.net.br\\\/2022\\\/2024\\\/11\\\/23\\\/policia-civil-prende-coautor-de-homicidio-em-barretos\\\/#breadcrumb\",\"itemListElement\":[{\"@type\":\"ListItem\",\"position\":1,\"name\":\"In\u00edcio\",\"item\":\"https:\\\/\\\/regiaonews.net.br\\\/2022\\\/\"},{\"@type\":\"ListItem\",\"position\":2,\"name\":\"Pol\u00edcia Civil prende coautor de homic\u00eddio em Barretos\"}]},{\"@type\":\"WebSite\",\"@id\":\"https:\\\/\\\/regiaonews.net.br\\\/2022\\\/#website\",\"url\":\"https:\\\/\\\/regiaonews.net.br\\\/2022\\\/\",\"name\":\"Regi\u00e3o News\",\"description\":\"Site de Not\u00edcias de Barretos e regi\u00e3o\",\"publisher\":{\"@id\":\"https:\\\/\\\/regiaonews.net.br\\\/2022\\\/#organization\"},\"potentialAction\":[{\"@type\":\"SearchAction\",\"target\":{\"@type\":\"EntryPoint\",\"urlTemplate\":\"https:\\\/\\\/regiaonews.net.br\\\/2022\\\/?s={search_term_string}\"},\"query-input\":{\"@type\":\"PropertyValueSpecification\",\"valueRequired\":true,\"valueName\":\"search_term_string\"}}],\"inLanguage\":\"pt-BR\"},{\"@type\":\"Organization\",\"@id\":\"https:\\\/\\\/regiaonews.net.br\\\/2022\\\/#organization\",\"name\":\"Regi\u00e3o News\",\"url\":\"https:\\\/\\\/regiaonews.net.br\\\/2022\\\/\",\"logo\":{\"@type\":\"ImageObject\",\"inLanguage\":\"pt-BR\",\"@id\":\"https:\\\/\\\/regiaonews.net.br\\\/2022\\\/#\\\/schema\\\/logo\\\/image\\\/\",\"url\":\"https:\\\/\\\/regiaonews.net.br\\\/2022\\\/wp-content\\\/uploads\\\/2026\\\/03\\\/regiao-13-anos-scaled.jpg\",\"contentUrl\":\"https:\\\/\\\/regiaonews.net.br\\\/2022\\\/wp-content\\\/uploads\\\/2026\\\/03\\\/regiao-13-anos-scaled.jpg\",\"width\":2560,\"height\":635,\"caption\":\"Regi\u00e3o News\"},\"image\":{\"@id\":\"https:\\\/\\\/regiaonews.net.br\\\/2022\\\/#\\\/schema\\\/logo\\\/image\\\/\"}},{\"@type\":\"Person\",\"@id\":\"https:\\\/\\\/regiaonews.net.br\\\/2022\\\/#\\\/schema\\\/person\\\/2d205a608a5aa97ac279d7a5e6d89ad8\",\"name\":\"Roberto\",\"image\":{\"@type\":\"ImageObject\",\"inLanguage\":\"pt-BR\",\"@id\":\"https:\\\/\\\/secure.gravatar.com\\\/avatar\\\/42749d8b712ff9d59ca93dc150494e5b55a44134482993f5baeb97e61b7ecc89?s=96&d=mm&r=g\",\"url\":\"https:\\\/\\\/secure.gravatar.com\\\/avatar\\\/42749d8b712ff9d59ca93dc150494e5b55a44134482993f5baeb97e61b7ecc89?s=96&d=mm&r=g\",\"contentUrl\":\"https:\\\/\\\/secure.gravatar.com\\\/avatar\\\/42749d8b712ff9d59ca93dc150494e5b55a44134482993f5baeb97e61b7ecc89?s=96&d=mm&r=g\",\"caption\":\"Roberto\"},\"url\":\"https:\\\/\\\/regiaonews.net.br\\\/2022\\\/author\\\/roberto\\\/\"}]}<\/script>\n<!-- \/ Yoast SEO plugin. -->","yoast_head_json":{"title":"Pol\u00edcia Civil prende coautor de homic\u00eddio em Barretos - Regi\u00e3o News","robots":{"index":"index","follow":"follow","max-snippet":"max-snippet:-1","max-image-preview":"max-image-preview:large","max-video-preview":"max-video-preview:-1"},"canonical":"https:\/\/regiaonews.net.br\/2022\/2024\/11\/23\/policia-civil-prende-coautor-de-homicidio-em-barretos\/","og_locale":"pt_BR","og_type":"article","og_title":"Pol\u00edcia Civil prende coautor de homic\u00eddio em Barretos - Regi\u00e3o News","og_description":"&nbsp; A Pol\u00edcia Civil de Barretos, atrav\u00e9s de uma a\u00e7\u00e3o","og_url":"https:\/\/regiaonews.net.br\/2022\/2024\/11\/23\/policia-civil-prende-coautor-de-homicidio-em-barretos\/","og_site_name":"Regi\u00e3o News","article_published_time":"2024-11-23T22:39:45+00:00","article_modified_time":"2024-11-23T22:39:59+00:00","og_image":[{"width":790,"height":451,"url":"https:\/\/regiaonews.net.br\/2022\/wp-content\/uploads\/2024\/11\/Screenshot_20241123-193510_WhatsApp.jpg","type":"image\/jpeg"}],"author":"Roberto","twitter_card":"summary_large_image","twitter_misc":{"Escrito por":"Roberto","Est. tempo de leitura":"3 minutos"},"schema":{"@context":"https:\/\/schema.org","@graph":[{"@type":"Article","@id":"https:\/\/regiaonews.net.br\/2022\/2024\/11\/23\/policia-civil-prende-coautor-de-homicidio-em-barretos\/#article","isPartOf":{"@id":"https:\/\/regiaonews.net.br\/2022\/2024\/11\/23\/policia-civil-prende-coautor-de-homicidio-em-barretos\/"},"author":{"name":"Roberto","@id":"https:\/\/regiaonews.net.br\/2022\/#\/schema\/person\/2d205a608a5aa97ac279d7a5e6d89ad8"},"headline":"Pol\u00edcia Civil prende coautor de homic\u00eddio em Barretos","datePublished":"2024-11-23T22:39:45+00:00","dateModified":"2024-11-23T22:39:59+00:00","mainEntityOfPage":{"@id":"https:\/\/regiaonews.net.br\/2022\/2024\/11\/23\/policia-civil-prende-coautor-de-homicidio-em-barretos\/"},"wordCount":431,"commentCount":0,"publisher":{"@id":"https:\/\/regiaonews.net.br\/2022\/#organization"},"image":{"@id":"https:\/\/regiaonews.net.br\/2022\/2024\/11\/23\/policia-civil-prende-coautor-de-homicidio-em-barretos\/#primaryimage"},"thumbnailUrl":"https:\/\/regiaonews.net.br\/2022\/wp-content\/uploads\/2024\/11\/Screenshot_20241123-193510_WhatsApp.jpg","articleSection":["Barretos","Policia"],"inLanguage":"pt-BR","potentialAction":[{"@type":"CommentAction","name":"Comment","target":["https:\/\/regiaonews.net.br\/2022\/2024\/11\/23\/policia-civil-prende-coautor-de-homicidio-em-barretos\/#respond"]}]},{"@type":"WebPage","@id":"https:\/\/regiaonews.net.br\/2022\/2024\/11\/23\/policia-civil-prende-coautor-de-homicidio-em-barretos\/","url":"https:\/\/regiaonews.net.br\/2022\/2024\/11\/23\/policia-civil-prende-coautor-de-homicidio-em-barretos\/","name":"Pol\u00edcia Civil prende coautor de homic\u00eddio em Barretos - Regi\u00e3o News","isPartOf":{"@id":"https:\/\/regiaonews.net.br\/2022\/#website"},"primaryImageOfPage":{"@id":"https:\/\/regiaonews.net.br\/2022\/2024\/11\/23\/policia-civil-prende-coautor-de-homicidio-em-barretos\/#primaryimage"},"image":{"@id":"https:\/\/regiaonews.net.br\/2022\/2024\/11\/23\/policia-civil-prende-coautor-de-homicidio-em-barretos\/#primaryimage"},"thumbnailUrl":"https:\/\/regiaonews.net.br\/2022\/wp-content\/uploads\/2024\/11\/Screenshot_20241123-193510_WhatsApp.jpg","datePublished":"2024-11-23T22:39:45+00:00","dateModified":"2024-11-23T22:39:59+00:00","breadcrumb":{"@id":"https:\/\/regiaonews.net.br\/2022\/2024\/11\/23\/policia-civil-prende-coautor-de-homicidio-em-barretos\/#breadcrumb"},"inLanguage":"pt-BR","potentialAction":[{"@type":"ReadAction","target":["https:\/\/regiaonews.net.br\/2022\/2024\/11\/23\/policia-civil-prende-coautor-de-homicidio-em-barretos\/"]}]},{"@type":"ImageObject","inLanguage":"pt-BR","@id":"https:\/\/regiaonews.net.br\/2022\/2024\/11\/23\/policia-civil-prende-coautor-de-homicidio-em-barretos\/#primaryimage","url":"https:\/\/regiaonews.net.br\/2022\/wp-content\/uploads\/2024\/11\/Screenshot_20241123-193510_WhatsApp.jpg","contentUrl":"https:\/\/regiaonews.net.br\/2022\/wp-content\/uploads\/2024\/11\/Screenshot_20241123-193510_WhatsApp.jpg","width":790,"height":451},{"@type":"BreadcrumbList","@id":"https:\/\/regiaonews.net.br\/2022\/2024\/11\/23\/policia-civil-prende-coautor-de-homicidio-em-barretos\/#breadcrumb","itemListElement":[{"@type":"ListItem","position":1,"name":"In\u00edcio","item":"https:\/\/regiaonews.net.br\/2022\/"},{"@type":"ListItem","position":2,"name":"Pol\u00edcia Civil prende coautor de homic\u00eddio em Barretos"}]},{"@type":"WebSite","@id":"https:\/\/regiaonews.net.br\/2022\/#website","url":"https:\/\/regiaonews.net.br\/2022\/","name":"Regi\u00e3o News","description":"Site de Not\u00edcias de Barretos e regi\u00e3o","publisher":{"@id":"https:\/\/regiaonews.net.br\/2022\/#organization"},"potentialAction":[{"@type":"SearchAction","target":{"@type":"EntryPoint","urlTemplate":"https:\/\/regiaonews.net.br\/2022\/?s={search_term_string}"},"query-input":{"@type":"PropertyValueSpecification","valueRequired":true,"valueName":"search_term_string"}}],"inLanguage":"pt-BR"},{"@type":"Organization","@id":"https:\/\/regiaonews.net.br\/2022\/#organization","name":"Regi\u00e3o News","url":"https:\/\/regiaonews.net.br\/2022\/","logo":{"@type":"ImageObject","inLanguage":"pt-BR","@id":"https:\/\/regiaonews.net.br\/2022\/#\/schema\/logo\/image\/","url":"https:\/\/regiaonews.net.br\/2022\/wp-content\/uploads\/2026\/03\/regiao-13-anos-scaled.jpg","contentUrl":"https:\/\/regiaonews.net.br\/2022\/wp-content\/uploads\/2026\/03\/regiao-13-anos-scaled.jpg","width":2560,"height":635,"caption":"Regi\u00e3o News"},"image":{"@id":"https:\/\/regiaonews.net.br\/2022\/#\/schema\/logo\/image\/"}},{"@type":"Person","@id":"https:\/\/regiaonews.net.br\/2022\/#\/schema\/person\/2d205a608a5aa97ac279d7a5e6d89ad8","name":"Roberto","image":{"@type":"ImageObject","inLanguage":"pt-BR","@id":"https:\/\/secure.gravatar.com\/avatar\/42749d8b712ff9d59ca93dc150494e5b55a44134482993f5baeb97e61b7ecc89?s=96&d=mm&r=g","url":"https:\/\/secure.gravatar.com\/avatar\/42749d8b712ff9d59ca93dc150494e5b55a44134482993f5baeb97e61b7ecc89?s=96&d=mm&r=g","contentUrl":"https:\/\/secure.gravatar.com\/avatar\/42749d8b712ff9d59ca93dc150494e5b55a44134482993f5baeb97e61b7ecc89?s=96&d=mm&r=g","caption":"Roberto"},"url":"https:\/\/regiaonews.net.br\/2022\/author\/roberto\/"}]}},"publishpress_future_action":{"enabled":false,"date":"2026-05-02 05:08:58","action":"change-status","newStatus":"draft","terms":[],"taxonomy":"category","extraData":[]},"publishpress_future_workflow_manual_trigger":{"enabledWorkflows":[]},"_links":{"self":[{"href":"https:\/\/regiaonews.net.br\/2022\/wp-json\/wp\/v2\/posts\/112330","targetHints":{"allow":["GET"]}}],"collection":[{"href":"https:\/\/regiaonews.net.br\/2022\/wp-json\/wp\/v2\/posts"}],"about":[{"href":"https:\/\/regiaonews.net.br\/2022\/wp-json\/wp\/v2\/types\/post"}],"author":[{"embeddable":true,"href":"https:\/\/regiaonews.net.br\/2022\/wp-json\/wp\/v2\/users\/2"}],"replies":[{"embeddable":true,"href":"https:\/\/regiaonews.net.br\/2022\/wp-json\/wp\/v2\/comments?post=112330"}],"version-history":[{"count":1,"href":"https:\/\/regiaonews.net.br\/2022\/wp-json\/wp\/v2\/posts\/112330\/revisions"}],"predecessor-version":[{"id":112332,"href":"https:\/\/regiaonews.net.br\/2022\/wp-json\/wp\/v2\/posts\/112330\/revisions\/112332"}],"wp:featuredmedia":[{"embeddable":true,"href":"https:\/\/regiaonews.net.br\/2022\/wp-json\/wp\/v2\/media\/112331"}],"wp:attachment":[{"href":"https:\/\/regiaonews.net.br\/2022\/wp-json\/wp\/v2\/media?parent=112330"}],"wp:term":[{"taxonomy":"category","embeddable":true,"href":"https:\/\/regiaonews.net.br\/2022\/wp-json\/wp\/v2\/categories?post=112330"},{"taxonomy":"post_tag","embeddable":true,"href":"https:\/\/regiaonews.net.br\/2022\/wp-json\/wp\/v2\/tags?post=112330"}],"curies":[{"name":"wp","href":"https:\/\/api.w.org\/{rel}","templated":true}]}}